{"id":209182,"date":"2023-10-08T15:23:00","date_gmt":"2023-10-08T15:23:00","guid":{"rendered":"https:\/\/www.webdo.tn\/fr\/blog\/seisme-en-afghanistan-plus-de-2000-morts\/209182\/"},"modified":"2025-05-20T22:56:47","modified_gmt":"2025-05-20T22:56:47","slug":"seisme-en-afghanistan-plus-de-2000-morts","status":"publish","type":"post","link":"https:\/\/www.webdo.tn\/fr\/actualite\/international\/seisme-en-afghanistan-plus-de-2000-morts\/209182\/","title":{"rendered":"S\u00e9isme en Afghanistan : plus de 2000 morts"},"content":{"rendered":"<p>Un puissant s\u00e9isme, de magnitude 6,3 sur l\u2019\u00e9chelle de Richter, a frapp\u00e9 samedi l&rsquo;ouest de l&rsquo;Afghanistan faisant plus de 2000 morts et provoquant d&rsquo;\u00e9normes d\u00e9g\u00e2ts, selon un nouveau bilan officiel communiqu\u00e9 aujourd\u2019hui dimanche 8 octobre 2023.<\/p>\n<p>\t\t\t\t\t\t\t\t\tLe s\u00e9isme qui a frapp\u00e9, hier samedi, les r\u00e9gions situ\u00e9es \u00e0 30 kilom\u00e8tres au nord-ouest de la ville de H\u00e9rat, a \u00e9t\u00e9 suivi par huit fortes r\u00e9pliques.\u00a0<\/p>\n<p>\u00ab 2 053 martyrs sont morts dans 13 villages. 1 240 personnes ont \u00e9t\u00e9 bless\u00e9es et 1 320 maisons ont \u00e9t\u00e9 compl\u00e8tement d\u00e9truites \u00bb, a \u00e9crit le porte-parole du gouvernement taliban, Zabihullah Mujahid, sur X (anciennement Twitter), citant l&rsquo;Agence de gestion des catastrophes.<\/p>\n<p>Dans le village de Sarboland du district de Zinda Jan, des dizaines de maisons ont \u00e9t\u00e9 an\u00e9anties. Des hommes d\u00e9gageaient des gravats tandis que des femmes et des enfants patientaient \u00e0 l&rsquo;ext\u00e9rieur, au milieu des d\u00e9bris.\u00a0<\/p>\n<p>\u00ab D\u00e8s la premi\u00e8re secousse, toutes les maisons se sont effondr\u00e9es\u2026 Ceux qui se trouvaient \u00e0 l&rsquo;int\u00e9rieur des maisons ont \u00e9t\u00e9 ensevelis. Il y a des familles dont nous n&rsquo;avons aucune nouvelle \u00bb, a d\u00e9clar\u00e9 un t\u00e9moin sur place.<\/p>\n","protected":false},"excerpt":{"rendered":"<p>Un puissant s\u00e9isme, de magnitude 6,3 sur l\u2019\u00e9chelle de Richter, a frapp\u00e9 samedi l&rsquo;ouest de l&rsquo;Afghanistan faisant plus de 2000 morts et provoquant d&rsquo;\u00e9normes d\u00e9g\u00e2t&#8230;<\/p>\n","protected":false},"author":3185,"featured_media":249116,"comment_status":"open","ping_status":"closed","sticky":false,"template":"","format":"standard","meta":{"footnotes":""},"categories":[2598],"tags":[7777,5941,7271],"class_list":["post-209182","post","type-post","status-publish","format-standard","has-post-thumbnail","hentry","category-international","tag-afghanistan","tag-bilan","tag-seisme"],"yoast_head":"<!-- This site is optimized with the Yoast SEO Premium plugin v27.4 (Yoast SEO v27.5) - https:\/\/yoast.com\/product\/yoast-seo-premium-wordpress\/ -->\n<title>S\u00e9isme en Afghanistan : plus de 2000 morts<\/title>\n<meta name=\"description\" content=\"Un puissant s\u00e9isme, de magnitude 6,3 sur l\u2019\u00e9chelle de Richter, a frapp\u00e9 samedi l&#039;ouest de l&#039;Afghanistan faisant plus de 2000 morts et provoquant d&#039;\u00e9normes d\u00e9g\u00e2t...\" \/>\n<link rel=\"canonical\" href=\"https:\/\/www.webdo.tn\/fr\/actualite\/international\/seisme-en-afghanistan-plus-de-2000-morts\/209182\/\" \/>\n<meta property=\"og:locale\" content=\"fr_FR\" \/>\n<meta property=\"og:type\" content=\"article\" \/>\n<meta property=\"og:title\" content=\"S\u00e9isme en Afghanistan : plus de 2000 morts\" \/>\n<meta property=\"og:description\" content=\"Un puissant s\u00e9isme, de magnitude 6,3 sur l\u2019\u00e9chelle de Richter, a frapp\u00e9 samedi l&#039;ouest de l&#039;Afghanistan faisant plus de 2000 morts et provoquant d&#039;\u00e9normes d\u00e9g\u00e2t...\" \/>\n<meta property=\"og:url\" content=\"https:\/\/www.webdo.tn\/fr\/actualite\/international\/seisme-en-afghanistan-plus-de-2000-morts\/209182\/\" \/>\n<meta property=\"og:site_name\" content=\"webdo\" \/>\n<meta property=\"article:publisher\" content=\"https:\/\/www.facebook.com\/webdotn\" \/>\n<meta property=\"article:published_time\" content=\"2023-10-08T15:23:00+00:00\" \/>\n<meta property=\"article:modified_time\" content=\"2025-05-20T22:56:47+00:00\" \/>\n<meta property=\"og:image\" content=\"https:\/\/www.webdo.tn\/fr\/wp-content\/uploads\/2023\/10\/8688f112d64bc1e216b9e7192b0afa8e.jpg\" \/>\n\t<meta property=\"og:image:width\" content=\"750\" \/>\n\t<meta property=\"og:image:height\" content=\"400\" \/>\n\t<meta property=\"og:image:type\" content=\"image\/jpeg\" \/>\n<meta name=\"author\" content=\"WDA\" \/>\n<meta name=\"twitter:card\" content=\"summary_large_image\" \/>\n<meta name=\"twitter:creator\" content=\"@webdo_tn\" \/>\n<meta name=\"twitter:site\" content=\"@webdo_tn\" \/>\n<meta name=\"twitter:label1\" content=\"\u00c9crit par\" \/>\n\t<meta name=\"twitter:data1\" content=\"WDA\" \/>\n\t<meta name=\"twitter:label2\" content=\"Dur\u00e9e de lecture estim\u00e9e\" \/>\n\t<meta name=\"twitter:data2\" content=\"1 minute\" \/>\n<script type=\"application\/ld+json\" class=\"yoast-schema-graph\">{\"@context\":\"https:\\\/\\\/schema.org\",\"@graph\":[{\"@type\":\"NewsArticle\",\"@id\":\"https:\\\/\\\/www.webdo.tn\\\/fr\\\/actualite\\\/international\\\/seisme-en-afghanistan-plus-de-2000-morts\\\/209182\\\/#article\",\"isPartOf\":{\"@id\":\"https:\\\/\\\/www.webdo.tn\\\/fr\\\/actualite\\\/international\\\/seisme-en-afghanistan-plus-de-2000-morts\\\/209182\\\/\"},\"author\":{\"name\":\"WDA\",\"@id\":\"https:\\\/\\\/www.webdo.tn\\\/fr\\\/#\\\/schema\\\/person\\\/ae999f6cc68c323955dd7bb23b41f2dd\"},\"headline\":\"S\u00e9isme en Afghanistan : plus de 2000 morts\",\"datePublished\":\"2023-10-08T15:23:00+00:00\",\"dateModified\":\"2025-05-20T22:56:47+00:00\",\"mainEntityOfPage\":{\"@id\":\"https:\\\/\\\/www.webdo.tn\\\/fr\\\/actualite\\\/international\\\/seisme-en-afghanistan-plus-de-2000-morts\\\/209182\\\/\"},\"wordCount\":200,\"commentCount\":0,\"publisher\":{\"@id\":\"https:\\\/\\\/www.webdo.tn\\\/fr\\\/#organization\"},\"image\":{\"@id\":\"https:\\\/\\\/www.webdo.tn\\\/fr\\\/actualite\\\/international\\\/seisme-en-afghanistan-plus-de-2000-morts\\\/209182\\\/#primaryimage\"},\"thumbnailUrl\":\"https:\\\/\\\/www.webdo.tn\\\/fr\\\/wp-content\\\/uploads\\\/2023\\\/10\\\/8688f112d64bc1e216b9e7192b0afa8e.jpg\",\"keywords\":[\"Afghanistan\",\"bilan\",\"s\u00e9isme\"],\"articleSection\":[\"International\"],\"inLanguage\":\"fr-FR\"},{\"@type\":\"WebPage\",\"@id\":\"https:\\\/\\\/www.webdo.tn\\\/fr\\\/actualite\\\/international\\\/seisme-en-afghanistan-plus-de-2000-morts\\\/209182\\\/\",\"url\":\"https:\\\/\\\/www.webdo.tn\\\/fr\\\/actualite\\\/international\\\/seisme-en-afghanistan-plus-de-2000-morts\\\/209182\\\/\",\"name\":\"S\u00e9isme en Afghanistan : plus de 2000 morts\",\"isPartOf\":{\"@id\":\"https:\\\/\\\/www.webdo.tn\\\/fr\\\/#website\"},\"primaryImageOfPage\":{\"@id\":\"https:\\\/\\\/www.webdo.tn\\\/fr\\\/actualite\\\/international\\\/seisme-en-afghanistan-plus-de-2000-morts\\\/209182\\\/#primaryimage\"},\"image\":{\"@id\":\"https:\\\/\\\/www.webdo.tn\\\/fr\\\/actualite\\\/international\\\/seisme-en-afghanistan-plus-de-2000-morts\\\/209182\\\/#primaryimage\"},\"thumbnailUrl\":\"https:\\\/\\\/www.webdo.tn\\\/fr\\\/wp-content\\\/uploads\\\/2023\\\/10\\\/8688f112d64bc1e216b9e7192b0afa8e.jpg\",\"datePublished\":\"2023-10-08T15:23:00+00:00\",\"dateModified\":\"2025-05-20T22:56:47+00:00\",\"description\":\"Un puissant s\u00e9isme, de magnitude 6,3 sur l\u2019\u00e9chelle de Richter, a frapp\u00e9 samedi l'ouest de l'Afghanistan faisant plus de 2000 morts et provoquant d'\u00e9normes d\u00e9g\u00e2t...\",\"breadcrumb\":{\"@id\":\"https:\\\/\\\/www.webdo.tn\\\/fr\\\/actualite\\\/international\\\/seisme-en-afghanistan-plus-de-2000-morts\\\/209182\\\/#breadcrumb\"},\"inLanguage\":\"fr-FR\",\"potentialAction\":[{\"@type\":\"ReadAction\",\"target\":[\"https:\\\/\\\/www.webdo.tn\\\/fr\\\/actualite\\\/international\\\/seisme-en-afghanistan-plus-de-2000-morts\\\/209182\\\/\"]}]},{\"@type\":\"ImageObject\",\"inLanguage\":\"fr-FR\",\"@id\":\"https:\\\/\\\/www.webdo.tn\\\/fr\\\/actualite\\\/international\\\/seisme-en-afghanistan-plus-de-2000-morts\\\/209182\\\/#primaryimage\",\"url\":\"https:\\\/\\\/www.webdo.tn\\\/fr\\\/wp-content\\\/uploads\\\/2023\\\/10\\\/8688f112d64bc1e216b9e7192b0afa8e.jpg\",\"contentUrl\":\"https:\\\/\\\/www.webdo.tn\\\/fr\\\/wp-content\\\/uploads\\\/2023\\\/10\\\/8688f112d64bc1e216b9e7192b0afa8e.jpg\",\"width\":750,\"height\":400,\"caption\":\"S\u00e9isme en Afghanistan : plus de 2000 morts\"},{\"@type\":\"BreadcrumbList\",\"@id\":\"https:\\\/\\\/www.webdo.tn\\\/fr\\\/actualite\\\/international\\\/seisme-en-afghanistan-plus-de-2000-morts\\\/209182\\\/#breadcrumb\",\"itemListElement\":[{\"@type\":\"ListItem\",\"position\":1,\"name\":\"Accueil\",\"item\":\"https:\\\/\\\/www.webdo.tn\\\/fr\\\/\"},{\"@type\":\"ListItem\",\"position\":2,\"name\":\"S\u00e9isme en Afghanistan : plus de 2000 morts\"}]},{\"@type\":\"WebSite\",\"@id\":\"https:\\\/\\\/www.webdo.tn\\\/fr\\\/#website\",\"url\":\"https:\\\/\\\/www.webdo.tn\\\/fr\\\/\",\"name\":\"webdo\",\"description\":\"Tunisie - News en Tunisie et \u00e0 l&#039;international sur Webdo.tn\",\"publisher\":{\"@id\":\"https:\\\/\\\/www.webdo.tn\\\/fr\\\/#organization\"},\"potentialAction\":[{\"@type\":\"SearchAction\",\"target\":{\"@type\":\"EntryPoint\",\"urlTemplate\":\"https:\\\/\\\/www.webdo.tn\\\/fr\\\/?s={search_term_string}\"},\"query-input\":{\"@type\":\"PropertyValueSpecification\",\"valueRequired\":true,\"valueName\":\"search_term_string\"}}],\"inLanguage\":\"fr-FR\"},{\"@type\":\"Organization\",\"@id\":\"https:\\\/\\\/www.webdo.tn\\\/fr\\\/#organization\",\"name\":\"Webdo\",\"alternateName\":\"Webdo.tn\",\"url\":\"https:\\\/\\\/www.webdo.tn\\\/fr\\\/\",\"logo\":{\"@type\":\"ImageObject\",\"inLanguage\":\"fr-FR\",\"@id\":\"https:\\\/\\\/www.webdo.tn\\\/fr\\\/#\\\/schema\\\/logo\\\/image\\\/\",\"url\":\"https:\\\/\\\/www.webdo.tn\\\/fr\\\/wp-content\\\/uploads\\\/2025\\\/06\\\/Webdo-Tunisie_168377.jpg\",\"contentUrl\":\"https:\\\/\\\/www.webdo.tn\\\/fr\\\/wp-content\\\/uploads\\\/2025\\\/06\\\/Webdo-Tunisie_168377.jpg\",\"width\":301,\"height\":301,\"caption\":\"Webdo\"},\"image\":{\"@id\":\"https:\\\/\\\/www.webdo.tn\\\/fr\\\/#\\\/schema\\\/logo\\\/image\\\/\"},\"sameAs\":[\"https:\\\/\\\/www.facebook.com\\\/webdotn\",\"https:\\\/\\\/x.com\\\/webdo_tn\"],\"description\":\"Webdo est un m\u00e9dia num\u00e9rique tunisien fond\u00e9 en 2010, sp\u00e9cialis\u00e9 dans l\u2019actualit\u00e9 nationale et internationale, l\u2019\u00e9conomie, la soci\u00e9t\u00e9 et les analyses politiques. Le site s\u2019adresse \u00e0 un large public francophone et couvre l\u2019information tunisienne en temps r\u00e9el.\",\"email\":\"redac@webdo.tn\",\"legalName\":\"YNJ SARL\",\"foundingDate\":\"2010-09-06\",\"numberOfEmployees\":{\"@type\":\"QuantitativeValue\",\"minValue\":\"11\",\"maxValue\":\"50\"}},{\"@type\":\"Person\",\"@id\":\"https:\\\/\\\/www.webdo.tn\\\/fr\\\/#\\\/schema\\\/person\\\/ae999f6cc68c323955dd7bb23b41f2dd\",\"name\":\"WDA\",\"image\":{\"@type\":\"ImageObject\",\"inLanguage\":\"fr-FR\",\"@id\":\"https:\\\/\\\/secure.gravatar.com\\\/avatar\\\/008e9c4da3bbf467e76fbd05ea8a140d6f047be3ff32b495e3a42ecd99d95622?s=96&d=mm&r=g\",\"url\":\"https:\\\/\\\/secure.gravatar.com\\\/avatar\\\/008e9c4da3bbf467e76fbd05ea8a140d6f047be3ff32b495e3a42ecd99d95622?s=96&d=mm&r=g\",\"contentUrl\":\"https:\\\/\\\/secure.gravatar.com\\\/avatar\\\/008e9c4da3bbf467e76fbd05ea8a140d6f047be3ff32b495e3a42ecd99d95622?s=96&d=mm&r=g\",\"caption\":\"WDA\"},\"url\":\"https:\\\/\\\/www.webdo.tn\\\/fr\\\/actualite\\\/author\\\/wda\\\/\"}]}<\/script>\n<!-- \/ Yoast SEO Premium plugin. -->","yoast_head_json":{"title":"S\u00e9isme en Afghanistan : plus de 2000 morts","description":"Un puissant s\u00e9isme, de magnitude 6,3 sur l\u2019\u00e9chelle de Richter, a frapp\u00e9 samedi l'ouest de l'Afghanistan faisant plus de 2000 morts et provoquant d'\u00e9normes d\u00e9g\u00e2t...","canonical":"https:\/\/www.webdo.tn\/fr\/actualite\/international\/seisme-en-afghanistan-plus-de-2000-morts\/209182\/","og_locale":"fr_FR","og_type":"article","og_title":"S\u00e9isme en Afghanistan : plus de 2000 morts","og_description":"Un puissant s\u00e9isme, de magnitude 6,3 sur l\u2019\u00e9chelle de Richter, a frapp\u00e9 samedi l'ouest de l'Afghanistan faisant plus de 2000 morts et provoquant d'\u00e9normes d\u00e9g\u00e2t...","og_url":"https:\/\/www.webdo.tn\/fr\/actualite\/international\/seisme-en-afghanistan-plus-de-2000-morts\/209182\/","og_site_name":"webdo","article_publisher":"https:\/\/www.facebook.com\/webdotn","article_published_time":"2023-10-08T15:23:00+00:00","article_modified_time":"2025-05-20T22:56:47+00:00","og_image":[{"width":750,"height":400,"url":"https:\/\/www.webdo.tn\/fr\/wp-content\/uploads\/2023\/10\/8688f112d64bc1e216b9e7192b0afa8e.jpg","type":"image\/jpeg"}],"author":"WDA","twitter_card":"summary_large_image","twitter_creator":"@webdo_tn","twitter_site":"@webdo_tn","twitter_misc":{"\u00c9crit par":"WDA","Dur\u00e9e de lecture estim\u00e9e":"1 minute"},"schema":{"@context":"https:\/\/schema.org","@graph":[{"@type":"NewsArticle","@id":"https:\/\/www.webdo.tn\/fr\/actualite\/international\/seisme-en-afghanistan-plus-de-2000-morts\/209182\/#article","isPartOf":{"@id":"https:\/\/www.webdo.tn\/fr\/actualite\/international\/seisme-en-afghanistan-plus-de-2000-morts\/209182\/"},"author":{"name":"WDA","@id":"https:\/\/www.webdo.tn\/fr\/#\/schema\/person\/ae999f6cc68c323955dd7bb23b41f2dd"},"headline":"S\u00e9isme en Afghanistan : plus de 2000 morts","datePublished":"2023-10-08T15:23:00+00:00","dateModified":"2025-05-20T22:56:47+00:00","mainEntityOfPage":{"@id":"https:\/\/www.webdo.tn\/fr\/actualite\/international\/seisme-en-afghanistan-plus-de-2000-morts\/209182\/"},"wordCount":200,"commentCount":0,"publisher":{"@id":"https:\/\/www.webdo.tn\/fr\/#organization"},"image":{"@id":"https:\/\/www.webdo.tn\/fr\/actualite\/international\/seisme-en-afghanistan-plus-de-2000-morts\/209182\/#primaryimage"},"thumbnailUrl":"https:\/\/www.webdo.tn\/fr\/wp-content\/uploads\/2023\/10\/8688f112d64bc1e216b9e7192b0afa8e.jpg","keywords":["Afghanistan","bilan","s\u00e9isme"],"articleSection":["International"],"inLanguage":"fr-FR"},{"@type":"WebPage","@id":"https:\/\/www.webdo.tn\/fr\/actualite\/international\/seisme-en-afghanistan-plus-de-2000-morts\/209182\/","url":"https:\/\/www.webdo.tn\/fr\/actualite\/international\/seisme-en-afghanistan-plus-de-2000-morts\/209182\/","name":"S\u00e9isme en Afghanistan : plus de 2000 morts","isPartOf":{"@id":"https:\/\/www.webdo.tn\/fr\/#website"},"primaryImageOfPage":{"@id":"https:\/\/www.webdo.tn\/fr\/actualite\/international\/seisme-en-afghanistan-plus-de-2000-morts\/209182\/#primaryimage"},"image":{"@id":"https:\/\/www.webdo.tn\/fr\/actualite\/international\/seisme-en-afghanistan-plus-de-2000-morts\/209182\/#primaryimage"},"thumbnailUrl":"https:\/\/www.webdo.tn\/fr\/wp-content\/uploads\/2023\/10\/8688f112d64bc1e216b9e7192b0afa8e.jpg","datePublished":"2023-10-08T15:23:00+00:00","dateModified":"2025-05-20T22:56:47+00:00","description":"Un puissant s\u00e9isme, de magnitude 6,3 sur l\u2019\u00e9chelle de Richter, a frapp\u00e9 samedi l'ouest de l'Afghanistan faisant plus de 2000 morts et provoquant d'\u00e9normes d\u00e9g\u00e2t...","breadcrumb":{"@id":"https:\/\/www.webdo.tn\/fr\/actualite\/international\/seisme-en-afghanistan-plus-de-2000-morts\/209182\/#breadcrumb"},"inLanguage":"fr-FR","potentialAction":[{"@type":"ReadAction","target":["https:\/\/www.webdo.tn\/fr\/actualite\/international\/seisme-en-afghanistan-plus-de-2000-morts\/209182\/"]}]},{"@type":"ImageObject","inLanguage":"fr-FR","@id":"https:\/\/www.webdo.tn\/fr\/actualite\/international\/seisme-en-afghanistan-plus-de-2000-morts\/209182\/#primaryimage","url":"https:\/\/www.webdo.tn\/fr\/wp-content\/uploads\/2023\/10\/8688f112d64bc1e216b9e7192b0afa8e.jpg","contentUrl":"https:\/\/www.webdo.tn\/fr\/wp-content\/uploads\/2023\/10\/8688f112d64bc1e216b9e7192b0afa8e.jpg","width":750,"height":400,"caption":"S\u00e9isme en Afghanistan : plus de 2000 morts"},{"@type":"BreadcrumbList","@id":"https:\/\/www.webdo.tn\/fr\/actualite\/international\/seisme-en-afghanistan-plus-de-2000-morts\/209182\/#breadcrumb","itemListElement":[{"@type":"ListItem","position":1,"name":"Accueil","item":"https:\/\/www.webdo.tn\/fr\/"},{"@type":"ListItem","position":2,"name":"S\u00e9isme en Afghanistan : plus de 2000 morts"}]},{"@type":"WebSite","@id":"https:\/\/www.webdo.tn\/fr\/#website","url":"https:\/\/www.webdo.tn\/fr\/","name":"webdo","description":"Tunisie - News en Tunisie et \u00e0 l&#039;international sur Webdo.tn","publisher":{"@id":"https:\/\/www.webdo.tn\/fr\/#organization"},"potentialAction":[{"@type":"SearchAction","target":{"@type":"EntryPoint","urlTemplate":"https:\/\/www.webdo.tn\/fr\/?s={search_term_string}"},"query-input":{"@type":"PropertyValueSpecification","valueRequired":true,"valueName":"search_term_string"}}],"inLanguage":"fr-FR"},{"@type":"Organization","@id":"https:\/\/www.webdo.tn\/fr\/#organization","name":"Webdo","alternateName":"Webdo.tn","url":"https:\/\/www.webdo.tn\/fr\/","logo":{"@type":"ImageObject","inLanguage":"fr-FR","@id":"https:\/\/www.webdo.tn\/fr\/#\/schema\/logo\/image\/","url":"https:\/\/www.webdo.tn\/fr\/wp-content\/uploads\/2025\/06\/Webdo-Tunisie_168377.jpg","contentUrl":"https:\/\/www.webdo.tn\/fr\/wp-content\/uploads\/2025\/06\/Webdo-Tunisie_168377.jpg","width":301,"height":301,"caption":"Webdo"},"image":{"@id":"https:\/\/www.webdo.tn\/fr\/#\/schema\/logo\/image\/"},"sameAs":["https:\/\/www.facebook.com\/webdotn","https:\/\/x.com\/webdo_tn"],"description":"Webdo est un m\u00e9dia num\u00e9rique tunisien fond\u00e9 en 2010, sp\u00e9cialis\u00e9 dans l\u2019actualit\u00e9 nationale et internationale, l\u2019\u00e9conomie, la soci\u00e9t\u00e9 et les analyses politiques. Le site s\u2019adresse \u00e0 un large public francophone et couvre l\u2019information tunisienne en temps r\u00e9el.","email":"redac@webdo.tn","legalName":"YNJ SARL","foundingDate":"2010-09-06","numberOfEmployees":{"@type":"QuantitativeValue","minValue":"11","maxValue":"50"}},{"@type":"Person","@id":"https:\/\/www.webdo.tn\/fr\/#\/schema\/person\/ae999f6cc68c323955dd7bb23b41f2dd","name":"WDA","image":{"@type":"ImageObject","inLanguage":"fr-FR","@id":"https:\/\/secure.gravatar.com\/avatar\/008e9c4da3bbf467e76fbd05ea8a140d6f047be3ff32b495e3a42ecd99d95622?s=96&d=mm&r=g","url":"https:\/\/secure.gravatar.com\/avatar\/008e9c4da3bbf467e76fbd05ea8a140d6f047be3ff32b495e3a42ecd99d95622?s=96&d=mm&r=g","contentUrl":"https:\/\/secure.gravatar.com\/avatar\/008e9c4da3bbf467e76fbd05ea8a140d6f047be3ff32b495e3a42ecd99d95622?s=96&d=mm&r=g","caption":"WDA"},"url":"https:\/\/www.webdo.tn\/fr\/actualite\/author\/wda\/"}]}},"_links":{"self":[{"href":"https:\/\/www.webdo.tn\/fr\/wp-json\/wp\/v2\/posts\/209182","targetHints":{"allow":["GET"]}}],"collection":[{"href":"https:\/\/www.webdo.tn\/fr\/wp-json\/wp\/v2\/posts"}],"about":[{"href":"https:\/\/www.webdo.tn\/fr\/wp-json\/wp\/v2\/types\/post"}],"author":[{"embeddable":true,"href":"https:\/\/www.webdo.tn\/fr\/wp-json\/wp\/v2\/users\/3185"}],"replies":[{"embeddable":true,"href":"https:\/\/www.webdo.tn\/fr\/wp-json\/wp\/v2\/comments?post=209182"}],"version-history":[{"count":0,"href":"https:\/\/www.webdo.tn\/fr\/wp-json\/wp\/v2\/posts\/209182\/revisions"}],"wp:featuredmedia":[{"embeddable":true,"href":"https:\/\/www.webdo.tn\/fr\/wp-json\/wp\/v2\/media\/249116"}],"wp:attachment":[{"href":"https:\/\/www.webdo.tn\/fr\/wp-json\/wp\/v2\/media?parent=209182"}],"wp:term":[{"taxonomy":"category","embeddable":true,"href":"https:\/\/www.webdo.tn\/fr\/wp-json\/wp\/v2\/categories?post=209182"},{"taxonomy":"post_tag","embeddable":true,"href":"https:\/\/www.webdo.tn\/fr\/wp-json\/wp\/v2\/tags?post=209182"}],"curies":[{"name":"wp","href":"https:\/\/api.w.org\/{rel}","templated":true}]}}