{"id":209176,"date":"2023-10-07T12:02:00","date_gmt":"2023-10-07T12:02:00","guid":{"rendered":"https:\/\/www.webdo.tn\/fr\/blog\/le-hamas-entre-en-guerre-contre-israel\/209176\/"},"modified":"2025-05-20T21:56:56","modified_gmt":"2025-05-20T21:56:56","slug":"le-hamas-entre-en-guerre-contre-israel","status":"publish","type":"post","link":"https:\/\/www.webdo.tn\/fr\/actualite\/international\/le-hamas-entre-en-guerre-contre-israel\/209176\/","title":{"rendered":"Le Hamas entre en guerre contre Isra\u00ebl"},"content":{"rendered":"<p>Des hommes arm\u00e9s palestiniens ont p\u00e9n\u00e9tr\u00e9 dans le Sud d&rsquo;Isra\u00ebl et un feu nourri de roquettes a \u00e9t\u00e9 tir\u00e9 depuis la bande de Gaza dans le cadre d&rsquo;une attaque surprise revendiqu\u00e9e par le mouvement islamiste Hamas, la plus grande offensive contre Isra\u00ebl depuis plusieurs ann\u00e9es.<\/p>\n<p>\t\t\t\t\t\t\t\t\tSelon les m\u00e9dias isra\u00e9liens, au moins 22 Isra\u00e9liens sont morts et 300 autres ont \u00e9t\u00e9 bless\u00e9s dans l\u2019op\u00e9ration lanc\u00e9e par Hamas, dans la matin\u00e9e de ce samedi 7 octobre 2023.<\/p>\n<p>Les \u00e9v\u00e8nements de ce samedi marquent une infiltration sans pr\u00e9c\u00e9dent du Hamas depuis Gaza et la plus grave escalade depuis qu&rsquo;Isra\u00ebl et le Hamas se sont livr\u00e9 une guerre pendant dix jours en 2021.<\/p>\n<p>Le Hamas a annonc\u00e9 avoir d\u00e9clench\u00e9 l&rsquo;op\u00e9ration \u00ab\u00a0d\u00e9luge d&rsquo;Al-Aqsa\u00a0\u00bb contre Isra\u00ebl et lanc\u00e9 plus de 5000 roquettes depuis la bande de Gaza vers Isra\u00ebl ce matin. Cette op\u00e9ration met fin \u00e0 une tr\u00eave globalement respect\u00e9e depuis la fin d&rsquo;une guerre de cinq jours en mai dernier.<\/p>\n<p>L&rsquo;arm\u00e9e isra\u00e9lienne a d\u00e9clar\u00e9, de son c\u00f4t\u00e9 que le Hamas \u00e9tait \u00e0 l&rsquo;origine d&rsquo;une \u00ab\u00a0attaque combin\u00e9e, comprenant des tirs de roquettes et des infiltrations de terroristes en territoire isra\u00e9lien depuis la bande de Gaza\u00a0\u00bb.<\/p>\n<p>L&rsquo;arm\u00e9e isra\u00e9lienne a annonc\u00e9 se placer sur le pied de guerre tandis que le Premier ministre isra\u00e9lien Benjamin Netanyahu a appel\u00e9 une r\u00e9union d&rsquo;urgence de responsables de la s\u00e9curit\u00e9 du pays.<\/p>\n<p>Mohammed Deif, haut commandant militaire du Hamas, a annonc\u00e9 le lancement de l&rsquo;op\u00e9ration dans un message retransmis sur les ondes, appelant les Palestiniens au combat o\u00f9 qu&rsquo;ils se trouvent.<\/p>\n<p>\u00ab\u00a0Voici le jour de la plus grande des batailles pour mettre fin \u00e0 la derni\u00e8re occupation sur Terre\u00a0\u00bb, a-t-il dit, ajoutant que 5.000 roquettes avaient \u00e9t\u00e9 tir\u00e9es.<\/p>\n<p>Le Hamas a, par ailleurs annonc\u00e9 le contr\u00f4le d&rsquo;au moins trois colonies dans la bande de Gaza alors que la radio de l\u2019arm\u00e9e isra\u00e9lienne, a annonc\u00e9 que 35 isra\u00e9liens entre civils et soldats ont \u00e9t\u00e9 pris en otages par des Palestiniens.<\/p>\n<p>Des m\u00e9dias isra\u00e9liens ont rapport\u00e9 que des hommes arm\u00e9s avaient ouvert le feu sur des passants dans la ville de Sderot, dans le Sud du Pays et fait \u00e9tat de batailles de rues entre des groupes de combattants palestiniens et les forces de s\u00e9curit\u00e9 dans plusieurs villes du Sud d&rsquo;Isra\u00ebl.<\/p>\n<p>Le ministre isra\u00e9lien de la D\u00e9fense Yoav Gallant a d\u00e9clar\u00e9 pour sa part que le Hamas avait \u00ab\u00a0lanc\u00e9 une guerre contre l&rsquo;Etat d&rsquo;Isra\u00ebl\u00a0\u00bb et que les \u00ab\u00a0troupes isra\u00e9liennes \u00e9taient en train de combattre l&rsquo;ennemi \u00e0 tous les endroits\u00a0\u00bb. L&rsquo;arm\u00e9e a indiqu\u00e9 que les militaires op\u00e9raient aussi \u00e0 Gaza, sans plus de pr\u00e9cision.<\/p>\n","protected":false},"excerpt":{"rendered":"<p>Le Hamas a annonc\u00e9 avoir d\u00e9clench\u00e9 l&rsquo;op\u00e9ration  d\u00e9luge d&rsquo;Al-Aqsa  contre Isra\u00ebl.<\/p>\n","protected":false},"author":3162,"featured_media":249112,"comment_status":"open","ping_status":"closed","sticky":false,"template":"","format":"standard","meta":{"footnotes":""},"categories":[2598],"tags":[2600,3349,2636,2688,5335],"class_list":["post-209176","post","type-post","status-publish","format-standard","has-post-thumbnail","hentry","category-international","tag-guerre","tag-hamas","tag-israel","tag-palestine","tag-roquesttes"],"yoast_head":"<!-- This site is optimized with the Yoast SEO Premium plugin v27.5 (Yoast SEO v27.5) - https:\/\/yoast.com\/product\/yoast-seo-premium-wordpress\/ -->\n<title>Le Hamas entre en guerre contre Isra\u00ebl<\/title>\n<meta name=\"description\" content=\"Le Hamas a annonc\u00e9 avoir d\u00e9clench\u00e9 l&#039;op\u00e9ration d\u00e9luge d&#039;Al-Aqsa contre Isra\u00ebl.\" \/>\n<link rel=\"canonical\" href=\"https:\/\/www.webdo.tn\/fr\/actualite\/international\/le-hamas-entre-en-guerre-contre-israel\/209176\/\" \/>\n<meta property=\"og:locale\" content=\"fr_FR\" \/>\n<meta property=\"og:type\" content=\"article\" \/>\n<meta property=\"og:title\" content=\"Le Hamas entre en guerre contre Isra\u00ebl\" \/>\n<meta property=\"og:description\" content=\"Le Hamas a annonc\u00e9 avoir d\u00e9clench\u00e9 l&#039;op\u00e9ration d\u00e9luge d&#039;Al-Aqsa contre Isra\u00ebl.\" \/>\n<meta property=\"og:url\" content=\"https:\/\/www.webdo.tn\/fr\/actualite\/international\/le-hamas-entre-en-guerre-contre-israel\/209176\/\" \/>\n<meta property=\"og:site_name\" content=\"webdo\" \/>\n<meta property=\"article:publisher\" content=\"https:\/\/www.facebook.com\/webdotn\" \/>\n<meta property=\"article:published_time\" content=\"2023-10-07T12:02:00+00:00\" \/>\n<meta property=\"article:modified_time\" content=\"2025-05-20T21:56:56+00:00\" \/>\n<meta property=\"og:image\" content=\"https:\/\/www.webdo.tn\/fr\/wp-content\/uploads\/2023\/10\/b6c82bf36b2a370917ca1ccc1ddc899c.jpg\" \/>\n\t<meta property=\"og:image:width\" content=\"750\" \/>\n\t<meta property=\"og:image:height\" content=\"400\" \/>\n\t<meta property=\"og:image:type\" content=\"image\/jpeg\" \/>\n<meta name=\"author\" content=\"MC\" \/>\n<meta name=\"twitter:card\" content=\"summary_large_image\" \/>\n<meta name=\"twitter:creator\" content=\"@webdo_tn\" \/>\n<meta name=\"twitter:site\" content=\"@webdo_tn\" \/>\n<meta name=\"twitter:label1\" content=\"\u00c9crit par\" \/>\n\t<meta name=\"twitter:data1\" content=\"MC\" \/>\n\t<meta name=\"twitter:label2\" content=\"Dur\u00e9e de lecture estim\u00e9e\" \/>\n\t<meta name=\"twitter:data2\" content=\"2 minutes\" \/>\n<script type=\"application\/ld+json\" class=\"yoast-schema-graph\">{\"@context\":\"https:\\\/\\\/schema.org\",\"@graph\":[{\"@type\":\"NewsArticle\",\"@id\":\"https:\\\/\\\/www.webdo.tn\\\/fr\\\/actualite\\\/international\\\/le-hamas-entre-en-guerre-contre-israel\\\/209176\\\/#article\",\"isPartOf\":{\"@id\":\"https:\\\/\\\/www.webdo.tn\\\/fr\\\/actualite\\\/international\\\/le-hamas-entre-en-guerre-contre-israel\\\/209176\\\/\"},\"author\":{\"name\":\"MC\",\"@id\":\"https:\\\/\\\/www.webdo.tn\\\/fr\\\/#\\\/schema\\\/person\\\/2c4929cbf5a809e3bd38617c6ce150f6\"},\"headline\":\"Le Hamas entre en guerre contre Isra\u00ebl\",\"datePublished\":\"2023-10-07T12:02:00+00:00\",\"dateModified\":\"2025-05-20T21:56:56+00:00\",\"mainEntityOfPage\":{\"@id\":\"https:\\\/\\\/www.webdo.tn\\\/fr\\\/actualite\\\/international\\\/le-hamas-entre-en-guerre-contre-israel\\\/209176\\\/\"},\"wordCount\":492,\"commentCount\":0,\"publisher\":{\"@id\":\"https:\\\/\\\/www.webdo.tn\\\/fr\\\/#organization\"},\"image\":{\"@id\":\"https:\\\/\\\/www.webdo.tn\\\/fr\\\/actualite\\\/international\\\/le-hamas-entre-en-guerre-contre-israel\\\/209176\\\/#primaryimage\"},\"thumbnailUrl\":\"https:\\\/\\\/www.webdo.tn\\\/fr\\\/wp-content\\\/uploads\\\/2023\\\/10\\\/b6c82bf36b2a370917ca1ccc1ddc899c.jpg\",\"keywords\":[\"guerre\",\"hamas\",\"isra\u00ebl\",\"Palestine\",\"roquesttes\"],\"articleSection\":[\"International\"],\"inLanguage\":\"fr-FR\"},{\"@type\":\"WebPage\",\"@id\":\"https:\\\/\\\/www.webdo.tn\\\/fr\\\/actualite\\\/international\\\/le-hamas-entre-en-guerre-contre-israel\\\/209176\\\/\",\"url\":\"https:\\\/\\\/www.webdo.tn\\\/fr\\\/actualite\\\/international\\\/le-hamas-entre-en-guerre-contre-israel\\\/209176\\\/\",\"name\":\"Le Hamas entre en guerre contre Isra\u00ebl\",\"isPartOf\":{\"@id\":\"https:\\\/\\\/www.webdo.tn\\\/fr\\\/#website\"},\"primaryImageOfPage\":{\"@id\":\"https:\\\/\\\/www.webdo.tn\\\/fr\\\/actualite\\\/international\\\/le-hamas-entre-en-guerre-contre-israel\\\/209176\\\/#primaryimage\"},\"image\":{\"@id\":\"https:\\\/\\\/www.webdo.tn\\\/fr\\\/actualite\\\/international\\\/le-hamas-entre-en-guerre-contre-israel\\\/209176\\\/#primaryimage\"},\"thumbnailUrl\":\"https:\\\/\\\/www.webdo.tn\\\/fr\\\/wp-content\\\/uploads\\\/2023\\\/10\\\/b6c82bf36b2a370917ca1ccc1ddc899c.jpg\",\"datePublished\":\"2023-10-07T12:02:00+00:00\",\"dateModified\":\"2025-05-20T21:56:56+00:00\",\"description\":\"Le Hamas a annonc\u00e9 avoir d\u00e9clench\u00e9 l'op\u00e9ration d\u00e9luge d'Al-Aqsa contre Isra\u00ebl.\",\"breadcrumb\":{\"@id\":\"https:\\\/\\\/www.webdo.tn\\\/fr\\\/actualite\\\/international\\\/le-hamas-entre-en-guerre-contre-israel\\\/209176\\\/#breadcrumb\"},\"inLanguage\":\"fr-FR\",\"potentialAction\":[{\"@type\":\"ReadAction\",\"target\":[\"https:\\\/\\\/www.webdo.tn\\\/fr\\\/actualite\\\/international\\\/le-hamas-entre-en-guerre-contre-israel\\\/209176\\\/\"]}]},{\"@type\":\"ImageObject\",\"inLanguage\":\"fr-FR\",\"@id\":\"https:\\\/\\\/www.webdo.tn\\\/fr\\\/actualite\\\/international\\\/le-hamas-entre-en-guerre-contre-israel\\\/209176\\\/#primaryimage\",\"url\":\"https:\\\/\\\/www.webdo.tn\\\/fr\\\/wp-content\\\/uploads\\\/2023\\\/10\\\/b6c82bf36b2a370917ca1ccc1ddc899c.jpg\",\"contentUrl\":\"https:\\\/\\\/www.webdo.tn\\\/fr\\\/wp-content\\\/uploads\\\/2023\\\/10\\\/b6c82bf36b2a370917ca1ccc1ddc899c.jpg\",\"width\":750,\"height\":400,\"caption\":\"Hamas - Reurters\"},{\"@type\":\"BreadcrumbList\",\"@id\":\"https:\\\/\\\/www.webdo.tn\\\/fr\\\/actualite\\\/international\\\/le-hamas-entre-en-guerre-contre-israel\\\/209176\\\/#breadcrumb\",\"itemListElement\":[{\"@type\":\"ListItem\",\"position\":1,\"name\":\"Accueil\",\"item\":\"https:\\\/\\\/www.webdo.tn\\\/fr\\\/\"},{\"@type\":\"ListItem\",\"position\":2,\"name\":\"Le Hamas entre en guerre contre Isra\u00ebl\"}]},{\"@type\":\"WebSite\",\"@id\":\"https:\\\/\\\/www.webdo.tn\\\/fr\\\/#website\",\"url\":\"https:\\\/\\\/www.webdo.tn\\\/fr\\\/\",\"name\":\"webdo\",\"description\":\"Tunisie - News en Tunisie et \u00e0 l&#039;international sur Webdo.tn\",\"publisher\":{\"@id\":\"https:\\\/\\\/www.webdo.tn\\\/fr\\\/#organization\"},\"potentialAction\":[{\"@type\":\"SearchAction\",\"target\":{\"@type\":\"EntryPoint\",\"urlTemplate\":\"https:\\\/\\\/www.webdo.tn\\\/fr\\\/?s={search_term_string}\"},\"query-input\":{\"@type\":\"PropertyValueSpecification\",\"valueRequired\":true,\"valueName\":\"search_term_string\"}}],\"inLanguage\":\"fr-FR\"},{\"@type\":\"Organization\",\"@id\":\"https:\\\/\\\/www.webdo.tn\\\/fr\\\/#organization\",\"name\":\"Webdo\",\"alternateName\":\"Webdo.tn\",\"url\":\"https:\\\/\\\/www.webdo.tn\\\/fr\\\/\",\"logo\":{\"@type\":\"ImageObject\",\"inLanguage\":\"fr-FR\",\"@id\":\"https:\\\/\\\/www.webdo.tn\\\/fr\\\/#\\\/schema\\\/logo\\\/image\\\/\",\"url\":\"https:\\\/\\\/www.webdo.tn\\\/fr\\\/wp-content\\\/uploads\\\/2025\\\/06\\\/Webdo-Tunisie_168377.jpg\",\"contentUrl\":\"https:\\\/\\\/www.webdo.tn\\\/fr\\\/wp-content\\\/uploads\\\/2025\\\/06\\\/Webdo-Tunisie_168377.jpg\",\"width\":301,\"height\":301,\"caption\":\"Webdo\"},\"image\":{\"@id\":\"https:\\\/\\\/www.webdo.tn\\\/fr\\\/#\\\/schema\\\/logo\\\/image\\\/\"},\"sameAs\":[\"https:\\\/\\\/www.facebook.com\\\/webdotn\",\"https:\\\/\\\/x.com\\\/webdo_tn\"],\"description\":\"Webdo est un m\u00e9dia num\u00e9rique tunisien fond\u00e9 en 2010, sp\u00e9cialis\u00e9 dans l\u2019actualit\u00e9 nationale et internationale, l\u2019\u00e9conomie, la soci\u00e9t\u00e9 et les analyses politiques. Le site s\u2019adresse \u00e0 un large public francophone et couvre l\u2019information tunisienne en temps r\u00e9el.\",\"email\":\"redac@webdo.tn\",\"legalName\":\"YNJ SARL\",\"foundingDate\":\"2010-09-06\",\"numberOfEmployees\":{\"@type\":\"QuantitativeValue\",\"minValue\":\"11\",\"maxValue\":\"50\"}},{\"@type\":\"Person\",\"@id\":\"https:\\\/\\\/www.webdo.tn\\\/fr\\\/#\\\/schema\\\/person\\\/2c4929cbf5a809e3bd38617c6ce150f6\",\"name\":\"MC\",\"image\":{\"@type\":\"ImageObject\",\"inLanguage\":\"fr-FR\",\"@id\":\"https:\\\/\\\/secure.gravatar.com\\\/avatar\\\/a545bbb6f84efdd5553dbbc2895e3ca8f1d12c5215e00a041c9670b54aa9b18a?s=96&d=mm&r=g\",\"url\":\"https:\\\/\\\/secure.gravatar.com\\\/avatar\\\/a545bbb6f84efdd5553dbbc2895e3ca8f1d12c5215e00a041c9670b54aa9b18a?s=96&d=mm&r=g\",\"contentUrl\":\"https:\\\/\\\/secure.gravatar.com\\\/avatar\\\/a545bbb6f84efdd5553dbbc2895e3ca8f1d12c5215e00a041c9670b54aa9b18a?s=96&d=mm&r=g\",\"caption\":\"MC\"},\"url\":\"https:\\\/\\\/www.webdo.tn\\\/fr\\\/actualite\\\/author\\\/mc\\\/\"}]}<\/script>\n<!-- \/ Yoast SEO Premium plugin. -->","yoast_head_json":{"title":"Le Hamas entre en guerre contre Isra\u00ebl","description":"Le Hamas a annonc\u00e9 avoir d\u00e9clench\u00e9 l'op\u00e9ration d\u00e9luge d'Al-Aqsa contre Isra\u00ebl.","canonical":"https:\/\/www.webdo.tn\/fr\/actualite\/international\/le-hamas-entre-en-guerre-contre-israel\/209176\/","og_locale":"fr_FR","og_type":"article","og_title":"Le Hamas entre en guerre contre Isra\u00ebl","og_description":"Le Hamas a annonc\u00e9 avoir d\u00e9clench\u00e9 l'op\u00e9ration d\u00e9luge d'Al-Aqsa contre Isra\u00ebl.","og_url":"https:\/\/www.webdo.tn\/fr\/actualite\/international\/le-hamas-entre-en-guerre-contre-israel\/209176\/","og_site_name":"webdo","article_publisher":"https:\/\/www.facebook.com\/webdotn","article_published_time":"2023-10-07T12:02:00+00:00","article_modified_time":"2025-05-20T21:56:56+00:00","og_image":[{"width":750,"height":400,"url":"https:\/\/www.webdo.tn\/fr\/wp-content\/uploads\/2023\/10\/b6c82bf36b2a370917ca1ccc1ddc899c.jpg","type":"image\/jpeg"}],"author":"MC","twitter_card":"summary_large_image","twitter_creator":"@webdo_tn","twitter_site":"@webdo_tn","twitter_misc":{"\u00c9crit par":"MC","Dur\u00e9e de lecture estim\u00e9e":"2 minutes"},"schema":{"@context":"https:\/\/schema.org","@graph":[{"@type":"NewsArticle","@id":"https:\/\/www.webdo.tn\/fr\/actualite\/international\/le-hamas-entre-en-guerre-contre-israel\/209176\/#article","isPartOf":{"@id":"https:\/\/www.webdo.tn\/fr\/actualite\/international\/le-hamas-entre-en-guerre-contre-israel\/209176\/"},"author":{"name":"MC","@id":"https:\/\/www.webdo.tn\/fr\/#\/schema\/person\/2c4929cbf5a809e3bd38617c6ce150f6"},"headline":"Le Hamas entre en guerre contre Isra\u00ebl","datePublished":"2023-10-07T12:02:00+00:00","dateModified":"2025-05-20T21:56:56+00:00","mainEntityOfPage":{"@id":"https:\/\/www.webdo.tn\/fr\/actualite\/international\/le-hamas-entre-en-guerre-contre-israel\/209176\/"},"wordCount":492,"commentCount":0,"publisher":{"@id":"https:\/\/www.webdo.tn\/fr\/#organization"},"image":{"@id":"https:\/\/www.webdo.tn\/fr\/actualite\/international\/le-hamas-entre-en-guerre-contre-israel\/209176\/#primaryimage"},"thumbnailUrl":"https:\/\/www.webdo.tn\/fr\/wp-content\/uploads\/2023\/10\/b6c82bf36b2a370917ca1ccc1ddc899c.jpg","keywords":["guerre","hamas","isra\u00ebl","Palestine","roquesttes"],"articleSection":["International"],"inLanguage":"fr-FR"},{"@type":"WebPage","@id":"https:\/\/www.webdo.tn\/fr\/actualite\/international\/le-hamas-entre-en-guerre-contre-israel\/209176\/","url":"https:\/\/www.webdo.tn\/fr\/actualite\/international\/le-hamas-entre-en-guerre-contre-israel\/209176\/","name":"Le Hamas entre en guerre contre Isra\u00ebl","isPartOf":{"@id":"https:\/\/www.webdo.tn\/fr\/#website"},"primaryImageOfPage":{"@id":"https:\/\/www.webdo.tn\/fr\/actualite\/international\/le-hamas-entre-en-guerre-contre-israel\/209176\/#primaryimage"},"image":{"@id":"https:\/\/www.webdo.tn\/fr\/actualite\/international\/le-hamas-entre-en-guerre-contre-israel\/209176\/#primaryimage"},"thumbnailUrl":"https:\/\/www.webdo.tn\/fr\/wp-content\/uploads\/2023\/10\/b6c82bf36b2a370917ca1ccc1ddc899c.jpg","datePublished":"2023-10-07T12:02:00+00:00","dateModified":"2025-05-20T21:56:56+00:00","description":"Le Hamas a annonc\u00e9 avoir d\u00e9clench\u00e9 l'op\u00e9ration d\u00e9luge d'Al-Aqsa contre Isra\u00ebl.","breadcrumb":{"@id":"https:\/\/www.webdo.tn\/fr\/actualite\/international\/le-hamas-entre-en-guerre-contre-israel\/209176\/#breadcrumb"},"inLanguage":"fr-FR","potentialAction":[{"@type":"ReadAction","target":["https:\/\/www.webdo.tn\/fr\/actualite\/international\/le-hamas-entre-en-guerre-contre-israel\/209176\/"]}]},{"@type":"ImageObject","inLanguage":"fr-FR","@id":"https:\/\/www.webdo.tn\/fr\/actualite\/international\/le-hamas-entre-en-guerre-contre-israel\/209176\/#primaryimage","url":"https:\/\/www.webdo.tn\/fr\/wp-content\/uploads\/2023\/10\/b6c82bf36b2a370917ca1ccc1ddc899c.jpg","contentUrl":"https:\/\/www.webdo.tn\/fr\/wp-content\/uploads\/2023\/10\/b6c82bf36b2a370917ca1ccc1ddc899c.jpg","width":750,"height":400,"caption":"Hamas - Reurters"},{"@type":"BreadcrumbList","@id":"https:\/\/www.webdo.tn\/fr\/actualite\/international\/le-hamas-entre-en-guerre-contre-israel\/209176\/#breadcrumb","itemListElement":[{"@type":"ListItem","position":1,"name":"Accueil","item":"https:\/\/www.webdo.tn\/fr\/"},{"@type":"ListItem","position":2,"name":"Le Hamas entre en guerre contre Isra\u00ebl"}]},{"@type":"WebSite","@id":"https:\/\/www.webdo.tn\/fr\/#website","url":"https:\/\/www.webdo.tn\/fr\/","name":"webdo","description":"Tunisie - News en Tunisie et \u00e0 l&#039;international sur Webdo.tn","publisher":{"@id":"https:\/\/www.webdo.tn\/fr\/#organization"},"potentialAction":[{"@type":"SearchAction","target":{"@type":"EntryPoint","urlTemplate":"https:\/\/www.webdo.tn\/fr\/?s={search_term_string}"},"query-input":{"@type":"PropertyValueSpecification","valueRequired":true,"valueName":"search_term_string"}}],"inLanguage":"fr-FR"},{"@type":"Organization","@id":"https:\/\/www.webdo.tn\/fr\/#organization","name":"Webdo","alternateName":"Webdo.tn","url":"https:\/\/www.webdo.tn\/fr\/","logo":{"@type":"ImageObject","inLanguage":"fr-FR","@id":"https:\/\/www.webdo.tn\/fr\/#\/schema\/logo\/image\/","url":"https:\/\/www.webdo.tn\/fr\/wp-content\/uploads\/2025\/06\/Webdo-Tunisie_168377.jpg","contentUrl":"https:\/\/www.webdo.tn\/fr\/wp-content\/uploads\/2025\/06\/Webdo-Tunisie_168377.jpg","width":301,"height":301,"caption":"Webdo"},"image":{"@id":"https:\/\/www.webdo.tn\/fr\/#\/schema\/logo\/image\/"},"sameAs":["https:\/\/www.facebook.com\/webdotn","https:\/\/x.com\/webdo_tn"],"description":"Webdo est un m\u00e9dia num\u00e9rique tunisien fond\u00e9 en 2010, sp\u00e9cialis\u00e9 dans l\u2019actualit\u00e9 nationale et internationale, l\u2019\u00e9conomie, la soci\u00e9t\u00e9 et les analyses politiques. Le site s\u2019adresse \u00e0 un large public francophone et couvre l\u2019information tunisienne en temps r\u00e9el.","email":"redac@webdo.tn","legalName":"YNJ SARL","foundingDate":"2010-09-06","numberOfEmployees":{"@type":"QuantitativeValue","minValue":"11","maxValue":"50"}},{"@type":"Person","@id":"https:\/\/www.webdo.tn\/fr\/#\/schema\/person\/2c4929cbf5a809e3bd38617c6ce150f6","name":"MC","image":{"@type":"ImageObject","inLanguage":"fr-FR","@id":"https:\/\/secure.gravatar.com\/avatar\/a545bbb6f84efdd5553dbbc2895e3ca8f1d12c5215e00a041c9670b54aa9b18a?s=96&d=mm&r=g","url":"https:\/\/secure.gravatar.com\/avatar\/a545bbb6f84efdd5553dbbc2895e3ca8f1d12c5215e00a041c9670b54aa9b18a?s=96&d=mm&r=g","contentUrl":"https:\/\/secure.gravatar.com\/avatar\/a545bbb6f84efdd5553dbbc2895e3ca8f1d12c5215e00a041c9670b54aa9b18a?s=96&d=mm&r=g","caption":"MC"},"url":"https:\/\/www.webdo.tn\/fr\/actualite\/author\/mc\/"}]}},"_links":{"self":[{"href":"https:\/\/www.webdo.tn\/fr\/wp-json\/wp\/v2\/posts\/209176","targetHints":{"allow":["GET"]}}],"collection":[{"href":"https:\/\/www.webdo.tn\/fr\/wp-json\/wp\/v2\/posts"}],"about":[{"href":"https:\/\/www.webdo.tn\/fr\/wp-json\/wp\/v2\/types\/post"}],"author":[{"embeddable":true,"href":"https:\/\/www.webdo.tn\/fr\/wp-json\/wp\/v2\/users\/3162"}],"replies":[{"embeddable":true,"href":"https:\/\/www.webdo.tn\/fr\/wp-json\/wp\/v2\/comments?post=209176"}],"version-history":[{"count":0,"href":"https:\/\/www.webdo.tn\/fr\/wp-json\/wp\/v2\/posts\/209176\/revisions"}],"wp:featuredmedia":[{"embeddable":true,"href":"https:\/\/www.webdo.tn\/fr\/wp-json\/wp\/v2\/media\/249112"}],"wp:attachment":[{"href":"https:\/\/www.webdo.tn\/fr\/wp-json\/wp\/v2\/media?parent=209176"}],"wp:term":[{"taxonomy":"category","embeddable":true,"href":"https:\/\/www.webdo.tn\/fr\/wp-json\/wp\/v2\/categories?post=209176"},{"taxonomy":"post_tag","embeddable":true,"href":"https:\/\/www.webdo.tn\/fr\/wp-json\/wp\/v2\/tags?post=209176"}],"curies":[{"name":"wp","href":"https:\/\/api.w.org\/{rel}","templated":true}]}}