{"id":209160,"date":"2023-10-06T18:41:00","date_gmt":"2023-10-06T18:41:00","guid":{"rendered":"https:\/\/www.webdo.tn\/fr\/blog\/arp-la-commission-des-finances-adopte-un-projet-de-loi-concernant-un-pret-de-381-md-a-l-onas\/209160\/"},"modified":"2025-05-17T21:14:05","modified_gmt":"2025-05-17T21:14:05","slug":"arp-la-commission-des-finances-adopte-un-projet-de-loi-concernant-un-pret-de-381-md-a-l-onas","status":"publish","type":"post","link":"https:\/\/www.webdo.tn\/fr\/actualite\/national\/arp-la-commission-des-finances-adopte-un-projet-de-loi-concernant-un-pret-de-381-md-a-l-onas\/209160\/","title":{"rendered":"ARP : La Commission des Finances adopte un projet de loi concernant un pr\u00eat de 381 MD \u00e0 l&rsquo;ONAS"},"content":{"rendered":"<p>La Commission des Finances et du Budget \u00e0 l\u2019ARP a adopt\u00e9, \u00e0 la majorit\u00e9, un projet de loi concernant un pr\u00eat qui sera accord\u00e9 \u00e0 l\u2019Office National de l\u2019Assainissement (ONAS), d&rsquo;un montant de 381,6 millions de dinars.<\/p>\n<p>\t\t\t\t\t\t\t\t\tCe pr\u00eat est une contribution au financement du projet d&rsquo;appui aux services d\u2019assainissement en Tunisie, dans le cadre d\u2019un partenariat public-priv\u00e9, et\u00a0dont le co\u00fbt s\u2019\u00e9l\u00e8ve \u00e0 1812 MD. Il sera financ\u00e9 par l\u2019Etat, la BIRD, et l\u2019ONAS et permettra la cr\u00e9ation de 150 postes d\u2019emploi, dans sa premi\u00e8re phase, et 233 postes d\u2019emploi dans sa 2\u00e8me phase.<\/p>\n<p>Ce projet, qui se basera sur la technique du traitement tertiaire des eaux us\u00e9es, permettra de fournir 60 millions de m3 d\u2019eau annnuellement.<\/p>\n","protected":false},"excerpt":{"rendered":"<p>La Commission des Finances et du Budget \u00e0 l\u2019ARP a adopt\u00e9, \u00e0 la majorit\u00e9, un projet de loi concernant un pr\u00eat qui sera accord\u00e9 \u00e0 l\u2019Office National de l\u2019Assainiss&#8230;<\/p>\n","protected":false},"author":3169,"featured_media":278807,"comment_status":"open","ping_status":"closed","sticky":false,"template":"","format":"standard","meta":{"footnotes":""},"categories":[44],"tags":[2813,3856,5009,9744,3432,2608],"class_list":["post-209160","post","type-post","status-publish","format-standard","has-post-thumbnail","hentry","category-national","tag-arp","tag-berd","tag-commission-des-finances","tag-onas","tag-projet-de-loi","tag-tunisie"],"yoast_head":"<!-- This site is optimized with the Yoast SEO Premium plugin v27.4 (Yoast SEO v27.5) - https:\/\/yoast.com\/product\/yoast-seo-premium-wordpress\/ -->\n<title>ARP : La Commission des Finances adopte un projet de loi concernant un pr\u00eat de 381 MD \u00e0 l&#039;ONAS<\/title>\n<meta name=\"description\" content=\"La Commission des Finances et du Budget \u00e0 l\u2019ARP a adopt\u00e9, \u00e0 la majorit\u00e9, un projet de loi concernant un pr\u00eat qui sera accord\u00e9 \u00e0 l\u2019Office National de l\u2019Assainiss...\" \/>\n<link rel=\"canonical\" href=\"https:\/\/www.webdo.tn\/fr\/actualite\/national\/arp-la-commission-des-finances-adopte-un-projet-de-loi-concernant-un-pret-de-381-md-a-l-onas\/209160\/\" \/>\n<meta property=\"og:locale\" content=\"fr_FR\" \/>\n<meta property=\"og:type\" content=\"article\" \/>\n<meta property=\"og:title\" content=\"ARP : La Commission des Finances adopte un projet de loi concernant un pr\u00eat de 381 MD \u00e0 l&#039;ONAS\" \/>\n<meta property=\"og:description\" content=\"La Commission des Finances et du Budget \u00e0 l\u2019ARP a adopt\u00e9, \u00e0 la majorit\u00e9, un projet de loi concernant un pr\u00eat qui sera accord\u00e9 \u00e0 l\u2019Office National de l\u2019Assainiss...\" \/>\n<meta property=\"og:url\" content=\"https:\/\/www.webdo.tn\/fr\/actualite\/national\/arp-la-commission-des-finances-adopte-un-projet-de-loi-concernant-un-pret-de-381-md-a-l-onas\/209160\/\" \/>\n<meta property=\"og:site_name\" content=\"webdo\" \/>\n<meta property=\"article:publisher\" content=\"https:\/\/www.facebook.com\/webdotn\" \/>\n<meta property=\"article:published_time\" content=\"2023-10-06T18:41:00+00:00\" \/>\n<meta property=\"article:modified_time\" content=\"2025-05-17T21:14:05+00:00\" \/>\n<meta property=\"og:image\" content=\"https:\/\/www.webdo.tn\/fr\/wp-content\/uploads\/2023\/10\/aea5da1f9b33981f454e9f4b2695702c.jpg\" \/>\n\t<meta property=\"og:image:width\" content=\"750\" \/>\n\t<meta property=\"og:image:height\" content=\"400\" \/>\n\t<meta property=\"og:image:type\" content=\"image\/jpeg\" \/>\n<meta name=\"author\" content=\"Webdo\" \/>\n<meta name=\"twitter:card\" content=\"summary_large_image\" \/>\n<meta name=\"twitter:creator\" content=\"@webdo_tn\" \/>\n<meta name=\"twitter:site\" content=\"@webdo_tn\" \/>\n<meta name=\"twitter:label1\" content=\"\u00c9crit par\" \/>\n\t<meta name=\"twitter:data1\" content=\"Webdo\" \/>\n\t<meta name=\"twitter:label2\" content=\"Dur\u00e9e de lecture estim\u00e9e\" \/>\n\t<meta name=\"twitter:data2\" content=\"1 minute\" \/>\n<script type=\"application\/ld+json\" class=\"yoast-schema-graph\">{\"@context\":\"https:\\\/\\\/schema.org\",\"@graph\":[{\"@type\":\"NewsArticle\",\"@id\":\"https:\\\/\\\/www.webdo.tn\\\/fr\\\/actualite\\\/national\\\/arp-la-commission-des-finances-adopte-un-projet-de-loi-concernant-un-pret-de-381-md-a-l-onas\\\/209160\\\/#article\",\"isPartOf\":{\"@id\":\"https:\\\/\\\/www.webdo.tn\\\/fr\\\/actualite\\\/national\\\/arp-la-commission-des-finances-adopte-un-projet-de-loi-concernant-un-pret-de-381-md-a-l-onas\\\/209160\\\/\"},\"author\":{\"name\":\"Webdo\",\"@id\":\"https:\\\/\\\/www.webdo.tn\\\/fr\\\/#\\\/schema\\\/person\\\/1f4e491e0907b413d61089e8eb573acc\"},\"headline\":\"ARP : La Commission des Finances adopte un projet de loi concernant un pr\u00eat de 381 MD \u00e0 l&rsquo;ONAS\",\"datePublished\":\"2023-10-06T18:41:00+00:00\",\"dateModified\":\"2025-05-17T21:14:05+00:00\",\"mainEntityOfPage\":{\"@id\":\"https:\\\/\\\/www.webdo.tn\\\/fr\\\/actualite\\\/national\\\/arp-la-commission-des-finances-adopte-un-projet-de-loi-concernant-un-pret-de-381-md-a-l-onas\\\/209160\\\/\"},\"wordCount\":147,\"commentCount\":0,\"publisher\":{\"@id\":\"https:\\\/\\\/www.webdo.tn\\\/fr\\\/#organization\"},\"image\":{\"@id\":\"https:\\\/\\\/www.webdo.tn\\\/fr\\\/actualite\\\/national\\\/arp-la-commission-des-finances-adopte-un-projet-de-loi-concernant-un-pret-de-381-md-a-l-onas\\\/209160\\\/#primaryimage\"},\"thumbnailUrl\":\"https:\\\/\\\/www.webdo.tn\\\/fr\\\/wp-content\\\/uploads\\\/2023\\\/10\\\/aea5da1f9b33981f454e9f4b2695702c.jpg\",\"keywords\":[\"ARP\",\"BERD\",\"commission des finances\",\"onas\",\"projet de loi\",\"Tunisie\"],\"articleSection\":[\"National\"],\"inLanguage\":\"fr-FR\"},{\"@type\":\"WebPage\",\"@id\":\"https:\\\/\\\/www.webdo.tn\\\/fr\\\/actualite\\\/national\\\/arp-la-commission-des-finances-adopte-un-projet-de-loi-concernant-un-pret-de-381-md-a-l-onas\\\/209160\\\/\",\"url\":\"https:\\\/\\\/www.webdo.tn\\\/fr\\\/actualite\\\/national\\\/arp-la-commission-des-finances-adopte-un-projet-de-loi-concernant-un-pret-de-381-md-a-l-onas\\\/209160\\\/\",\"name\":\"ARP : La Commission des Finances adopte un projet de loi concernant un pr\u00eat de 381 MD \u00e0 l'ONAS\",\"isPartOf\":{\"@id\":\"https:\\\/\\\/www.webdo.tn\\\/fr\\\/#website\"},\"primaryImageOfPage\":{\"@id\":\"https:\\\/\\\/www.webdo.tn\\\/fr\\\/actualite\\\/national\\\/arp-la-commission-des-finances-adopte-un-projet-de-loi-concernant-un-pret-de-381-md-a-l-onas\\\/209160\\\/#primaryimage\"},\"image\":{\"@id\":\"https:\\\/\\\/www.webdo.tn\\\/fr\\\/actualite\\\/national\\\/arp-la-commission-des-finances-adopte-un-projet-de-loi-concernant-un-pret-de-381-md-a-l-onas\\\/209160\\\/#primaryimage\"},\"thumbnailUrl\":\"https:\\\/\\\/www.webdo.tn\\\/fr\\\/wp-content\\\/uploads\\\/2023\\\/10\\\/aea5da1f9b33981f454e9f4b2695702c.jpg\",\"datePublished\":\"2023-10-06T18:41:00+00:00\",\"dateModified\":\"2025-05-17T21:14:05+00:00\",\"description\":\"La Commission des Finances et du Budget \u00e0 l\u2019ARP a adopt\u00e9, \u00e0 la majorit\u00e9, un projet de loi concernant un pr\u00eat qui sera accord\u00e9 \u00e0 l\u2019Office National de l\u2019Assainiss...\",\"breadcrumb\":{\"@id\":\"https:\\\/\\\/www.webdo.tn\\\/fr\\\/actualite\\\/national\\\/arp-la-commission-des-finances-adopte-un-projet-de-loi-concernant-un-pret-de-381-md-a-l-onas\\\/209160\\\/#breadcrumb\"},\"inLanguage\":\"fr-FR\",\"potentialAction\":[{\"@type\":\"ReadAction\",\"target\":[\"https:\\\/\\\/www.webdo.tn\\\/fr\\\/actualite\\\/national\\\/arp-la-commission-des-finances-adopte-un-projet-de-loi-concernant-un-pret-de-381-md-a-l-onas\\\/209160\\\/\"]}]},{\"@type\":\"ImageObject\",\"inLanguage\":\"fr-FR\",\"@id\":\"https:\\\/\\\/www.webdo.tn\\\/fr\\\/actualite\\\/national\\\/arp-la-commission-des-finances-adopte-un-projet-de-loi-concernant-un-pret-de-381-md-a-l-onas\\\/209160\\\/#primaryimage\",\"url\":\"https:\\\/\\\/www.webdo.tn\\\/fr\\\/wp-content\\\/uploads\\\/2023\\\/10\\\/aea5da1f9b33981f454e9f4b2695702c.jpg\",\"contentUrl\":\"https:\\\/\\\/www.webdo.tn\\\/fr\\\/wp-content\\\/uploads\\\/2023\\\/10\\\/aea5da1f9b33981f454e9f4b2695702c.jpg\",\"width\":750,\"height\":400,\"caption\":\"ARP : La Commission des Finances adopte un projet de loi concernant un pr\u00eat de 381 MD \u00e0 l'ONAS\"},{\"@type\":\"BreadcrumbList\",\"@id\":\"https:\\\/\\\/www.webdo.tn\\\/fr\\\/actualite\\\/national\\\/arp-la-commission-des-finances-adopte-un-projet-de-loi-concernant-un-pret-de-381-md-a-l-onas\\\/209160\\\/#breadcrumb\",\"itemListElement\":[{\"@type\":\"ListItem\",\"position\":1,\"name\":\"Accueil\",\"item\":\"https:\\\/\\\/www.webdo.tn\\\/fr\\\/\"},{\"@type\":\"ListItem\",\"position\":2,\"name\":\"ARP : La Commission des Finances adopte un projet de loi concernant un pr\u00eat de 381 MD \u00e0 l&rsquo;ONAS\"}]},{\"@type\":\"WebSite\",\"@id\":\"https:\\\/\\\/www.webdo.tn\\\/fr\\\/#website\",\"url\":\"https:\\\/\\\/www.webdo.tn\\\/fr\\\/\",\"name\":\"webdo\",\"description\":\"Tunisie - News en Tunisie et \u00e0 l&#039;international sur Webdo.tn\",\"publisher\":{\"@id\":\"https:\\\/\\\/www.webdo.tn\\\/fr\\\/#organization\"},\"potentialAction\":[{\"@type\":\"SearchAction\",\"target\":{\"@type\":\"EntryPoint\",\"urlTemplate\":\"https:\\\/\\\/www.webdo.tn\\\/fr\\\/?s={search_term_string}\"},\"query-input\":{\"@type\":\"PropertyValueSpecification\",\"valueRequired\":true,\"valueName\":\"search_term_string\"}}],\"inLanguage\":\"fr-FR\"},{\"@type\":\"Organization\",\"@id\":\"https:\\\/\\\/www.webdo.tn\\\/fr\\\/#organization\",\"name\":\"Webdo\",\"alternateName\":\"Webdo.tn\",\"url\":\"https:\\\/\\\/www.webdo.tn\\\/fr\\\/\",\"logo\":{\"@type\":\"ImageObject\",\"inLanguage\":\"fr-FR\",\"@id\":\"https:\\\/\\\/www.webdo.tn\\\/fr\\\/#\\\/schema\\\/logo\\\/image\\\/\",\"url\":\"https:\\\/\\\/www.webdo.tn\\\/fr\\\/wp-content\\\/uploads\\\/2025\\\/06\\\/Webdo-Tunisie_168377.jpg\",\"contentUrl\":\"https:\\\/\\\/www.webdo.tn\\\/fr\\\/wp-content\\\/uploads\\\/2025\\\/06\\\/Webdo-Tunisie_168377.jpg\",\"width\":301,\"height\":301,\"caption\":\"Webdo\"},\"image\":{\"@id\":\"https:\\\/\\\/www.webdo.tn\\\/fr\\\/#\\\/schema\\\/logo\\\/image\\\/\"},\"sameAs\":[\"https:\\\/\\\/www.facebook.com\\\/webdotn\",\"https:\\\/\\\/x.com\\\/webdo_tn\"],\"description\":\"Webdo est un m\u00e9dia num\u00e9rique tunisien fond\u00e9 en 2010, sp\u00e9cialis\u00e9 dans l\u2019actualit\u00e9 nationale et internationale, l\u2019\u00e9conomie, la soci\u00e9t\u00e9 et les analyses politiques. Le site s\u2019adresse \u00e0 un large public francophone et couvre l\u2019information tunisienne en temps r\u00e9el.\",\"email\":\"redac@webdo.tn\",\"legalName\":\"YNJ SARL\",\"foundingDate\":\"2010-09-06\",\"numberOfEmployees\":{\"@type\":\"QuantitativeValue\",\"minValue\":\"11\",\"maxValue\":\"50\"}},{\"@type\":\"Person\",\"@id\":\"https:\\\/\\\/www.webdo.tn\\\/fr\\\/#\\\/schema\\\/person\\\/1f4e491e0907b413d61089e8eb573acc\",\"name\":\"Webdo\",\"image\":{\"@type\":\"ImageObject\",\"inLanguage\":\"fr-FR\",\"@id\":\"https:\\\/\\\/secure.gravatar.com\\\/avatar\\\/de97aeec1bb80978a9dbb127e47dfc88aaacb2f3c29aac907d8d3222e3495d49?s=96&d=mm&r=g\",\"url\":\"https:\\\/\\\/secure.gravatar.com\\\/avatar\\\/de97aeec1bb80978a9dbb127e47dfc88aaacb2f3c29aac907d8d3222e3495d49?s=96&d=mm&r=g\",\"contentUrl\":\"https:\\\/\\\/secure.gravatar.com\\\/avatar\\\/de97aeec1bb80978a9dbb127e47dfc88aaacb2f3c29aac907d8d3222e3495d49?s=96&d=mm&r=g\",\"caption\":\"Webdo\"},\"url\":\"https:\\\/\\\/www.webdo.tn\\\/fr\\\/actualite\\\/author\\\/webdo\\\/\"}]}<\/script>\n<!-- \/ Yoast SEO Premium plugin. -->","yoast_head_json":{"title":"ARP : La Commission des Finances adopte un projet de loi concernant un pr\u00eat de 381 MD \u00e0 l'ONAS","description":"La Commission des Finances et du Budget \u00e0 l\u2019ARP a adopt\u00e9, \u00e0 la majorit\u00e9, un projet de loi concernant un pr\u00eat qui sera accord\u00e9 \u00e0 l\u2019Office National de l\u2019Assainiss...","canonical":"https:\/\/www.webdo.tn\/fr\/actualite\/national\/arp-la-commission-des-finances-adopte-un-projet-de-loi-concernant-un-pret-de-381-md-a-l-onas\/209160\/","og_locale":"fr_FR","og_type":"article","og_title":"ARP : La Commission des Finances adopte un projet de loi concernant un pr\u00eat de 381 MD \u00e0 l'ONAS","og_description":"La Commission des Finances et du Budget \u00e0 l\u2019ARP a adopt\u00e9, \u00e0 la majorit\u00e9, un projet de loi concernant un pr\u00eat qui sera accord\u00e9 \u00e0 l\u2019Office National de l\u2019Assainiss...","og_url":"https:\/\/www.webdo.tn\/fr\/actualite\/national\/arp-la-commission-des-finances-adopte-un-projet-de-loi-concernant-un-pret-de-381-md-a-l-onas\/209160\/","og_site_name":"webdo","article_publisher":"https:\/\/www.facebook.com\/webdotn","article_published_time":"2023-10-06T18:41:00+00:00","article_modified_time":"2025-05-17T21:14:05+00:00","og_image":[{"width":750,"height":400,"url":"https:\/\/www.webdo.tn\/fr\/wp-content\/uploads\/2023\/10\/aea5da1f9b33981f454e9f4b2695702c.jpg","type":"image\/jpeg"}],"author":"Webdo","twitter_card":"summary_large_image","twitter_creator":"@webdo_tn","twitter_site":"@webdo_tn","twitter_misc":{"\u00c9crit par":"Webdo","Dur\u00e9e de lecture estim\u00e9e":"1 minute"},"schema":{"@context":"https:\/\/schema.org","@graph":[{"@type":"NewsArticle","@id":"https:\/\/www.webdo.tn\/fr\/actualite\/national\/arp-la-commission-des-finances-adopte-un-projet-de-loi-concernant-un-pret-de-381-md-a-l-onas\/209160\/#article","isPartOf":{"@id":"https:\/\/www.webdo.tn\/fr\/actualite\/national\/arp-la-commission-des-finances-adopte-un-projet-de-loi-concernant-un-pret-de-381-md-a-l-onas\/209160\/"},"author":{"name":"Webdo","@id":"https:\/\/www.webdo.tn\/fr\/#\/schema\/person\/1f4e491e0907b413d61089e8eb573acc"},"headline":"ARP : La Commission des Finances adopte un projet de loi concernant un pr\u00eat de 381 MD \u00e0 l&rsquo;ONAS","datePublished":"2023-10-06T18:41:00+00:00","dateModified":"2025-05-17T21:14:05+00:00","mainEntityOfPage":{"@id":"https:\/\/www.webdo.tn\/fr\/actualite\/national\/arp-la-commission-des-finances-adopte-un-projet-de-loi-concernant-un-pret-de-381-md-a-l-onas\/209160\/"},"wordCount":147,"commentCount":0,"publisher":{"@id":"https:\/\/www.webdo.tn\/fr\/#organization"},"image":{"@id":"https:\/\/www.webdo.tn\/fr\/actualite\/national\/arp-la-commission-des-finances-adopte-un-projet-de-loi-concernant-un-pret-de-381-md-a-l-onas\/209160\/#primaryimage"},"thumbnailUrl":"https:\/\/www.webdo.tn\/fr\/wp-content\/uploads\/2023\/10\/aea5da1f9b33981f454e9f4b2695702c.jpg","keywords":["ARP","BERD","commission des finances","onas","projet de loi","Tunisie"],"articleSection":["National"],"inLanguage":"fr-FR"},{"@type":"WebPage","@id":"https:\/\/www.webdo.tn\/fr\/actualite\/national\/arp-la-commission-des-finances-adopte-un-projet-de-loi-concernant-un-pret-de-381-md-a-l-onas\/209160\/","url":"https:\/\/www.webdo.tn\/fr\/actualite\/national\/arp-la-commission-des-finances-adopte-un-projet-de-loi-concernant-un-pret-de-381-md-a-l-onas\/209160\/","name":"ARP : La Commission des Finances adopte un projet de loi concernant un pr\u00eat de 381 MD \u00e0 l'ONAS","isPartOf":{"@id":"https:\/\/www.webdo.tn\/fr\/#website"},"primaryImageOfPage":{"@id":"https:\/\/www.webdo.tn\/fr\/actualite\/national\/arp-la-commission-des-finances-adopte-un-projet-de-loi-concernant-un-pret-de-381-md-a-l-onas\/209160\/#primaryimage"},"image":{"@id":"https:\/\/www.webdo.tn\/fr\/actualite\/national\/arp-la-commission-des-finances-adopte-un-projet-de-loi-concernant-un-pret-de-381-md-a-l-onas\/209160\/#primaryimage"},"thumbnailUrl":"https:\/\/www.webdo.tn\/fr\/wp-content\/uploads\/2023\/10\/aea5da1f9b33981f454e9f4b2695702c.jpg","datePublished":"2023-10-06T18:41:00+00:00","dateModified":"2025-05-17T21:14:05+00:00","description":"La Commission des Finances et du Budget \u00e0 l\u2019ARP a adopt\u00e9, \u00e0 la majorit\u00e9, un projet de loi concernant un pr\u00eat qui sera accord\u00e9 \u00e0 l\u2019Office National de l\u2019Assainiss...","breadcrumb":{"@id":"https:\/\/www.webdo.tn\/fr\/actualite\/national\/arp-la-commission-des-finances-adopte-un-projet-de-loi-concernant-un-pret-de-381-md-a-l-onas\/209160\/#breadcrumb"},"inLanguage":"fr-FR","potentialAction":[{"@type":"ReadAction","target":["https:\/\/www.webdo.tn\/fr\/actualite\/national\/arp-la-commission-des-finances-adopte-un-projet-de-loi-concernant-un-pret-de-381-md-a-l-onas\/209160\/"]}]},{"@type":"ImageObject","inLanguage":"fr-FR","@id":"https:\/\/www.webdo.tn\/fr\/actualite\/national\/arp-la-commission-des-finances-adopte-un-projet-de-loi-concernant-un-pret-de-381-md-a-l-onas\/209160\/#primaryimage","url":"https:\/\/www.webdo.tn\/fr\/wp-content\/uploads\/2023\/10\/aea5da1f9b33981f454e9f4b2695702c.jpg","contentUrl":"https:\/\/www.webdo.tn\/fr\/wp-content\/uploads\/2023\/10\/aea5da1f9b33981f454e9f4b2695702c.jpg","width":750,"height":400,"caption":"ARP : La Commission des Finances adopte un projet de loi concernant un pr\u00eat de 381 MD \u00e0 l'ONAS"},{"@type":"BreadcrumbList","@id":"https:\/\/www.webdo.tn\/fr\/actualite\/national\/arp-la-commission-des-finances-adopte-un-projet-de-loi-concernant-un-pret-de-381-md-a-l-onas\/209160\/#breadcrumb","itemListElement":[{"@type":"ListItem","position":1,"name":"Accueil","item":"https:\/\/www.webdo.tn\/fr\/"},{"@type":"ListItem","position":2,"name":"ARP : La Commission des Finances adopte un projet de loi concernant un pr\u00eat de 381 MD \u00e0 l&rsquo;ONAS"}]},{"@type":"WebSite","@id":"https:\/\/www.webdo.tn\/fr\/#website","url":"https:\/\/www.webdo.tn\/fr\/","name":"webdo","description":"Tunisie - News en Tunisie et \u00e0 l&#039;international sur Webdo.tn","publisher":{"@id":"https:\/\/www.webdo.tn\/fr\/#organization"},"potentialAction":[{"@type":"SearchAction","target":{"@type":"EntryPoint","urlTemplate":"https:\/\/www.webdo.tn\/fr\/?s={search_term_string}"},"query-input":{"@type":"PropertyValueSpecification","valueRequired":true,"valueName":"search_term_string"}}],"inLanguage":"fr-FR"},{"@type":"Organization","@id":"https:\/\/www.webdo.tn\/fr\/#organization","name":"Webdo","alternateName":"Webdo.tn","url":"https:\/\/www.webdo.tn\/fr\/","logo":{"@type":"ImageObject","inLanguage":"fr-FR","@id":"https:\/\/www.webdo.tn\/fr\/#\/schema\/logo\/image\/","url":"https:\/\/www.webdo.tn\/fr\/wp-content\/uploads\/2025\/06\/Webdo-Tunisie_168377.jpg","contentUrl":"https:\/\/www.webdo.tn\/fr\/wp-content\/uploads\/2025\/06\/Webdo-Tunisie_168377.jpg","width":301,"height":301,"caption":"Webdo"},"image":{"@id":"https:\/\/www.webdo.tn\/fr\/#\/schema\/logo\/image\/"},"sameAs":["https:\/\/www.facebook.com\/webdotn","https:\/\/x.com\/webdo_tn"],"description":"Webdo est un m\u00e9dia num\u00e9rique tunisien fond\u00e9 en 2010, sp\u00e9cialis\u00e9 dans l\u2019actualit\u00e9 nationale et internationale, l\u2019\u00e9conomie, la soci\u00e9t\u00e9 et les analyses politiques. Le site s\u2019adresse \u00e0 un large public francophone et couvre l\u2019information tunisienne en temps r\u00e9el.","email":"redac@webdo.tn","legalName":"YNJ SARL","foundingDate":"2010-09-06","numberOfEmployees":{"@type":"QuantitativeValue","minValue":"11","maxValue":"50"}},{"@type":"Person","@id":"https:\/\/www.webdo.tn\/fr\/#\/schema\/person\/1f4e491e0907b413d61089e8eb573acc","name":"Webdo","image":{"@type":"ImageObject","inLanguage":"fr-FR","@id":"https:\/\/secure.gravatar.com\/avatar\/de97aeec1bb80978a9dbb127e47dfc88aaacb2f3c29aac907d8d3222e3495d49?s=96&d=mm&r=g","url":"https:\/\/secure.gravatar.com\/avatar\/de97aeec1bb80978a9dbb127e47dfc88aaacb2f3c29aac907d8d3222e3495d49?s=96&d=mm&r=g","contentUrl":"https:\/\/secure.gravatar.com\/avatar\/de97aeec1bb80978a9dbb127e47dfc88aaacb2f3c29aac907d8d3222e3495d49?s=96&d=mm&r=g","caption":"Webdo"},"url":"https:\/\/www.webdo.tn\/fr\/actualite\/author\/webdo\/"}]}},"_links":{"self":[{"href":"https:\/\/www.webdo.tn\/fr\/wp-json\/wp\/v2\/posts\/209160","targetHints":{"allow":["GET"]}}],"collection":[{"href":"https:\/\/www.webdo.tn\/fr\/wp-json\/wp\/v2\/posts"}],"about":[{"href":"https:\/\/www.webdo.tn\/fr\/wp-json\/wp\/v2\/types\/post"}],"author":[{"embeddable":true,"href":"https:\/\/www.webdo.tn\/fr\/wp-json\/wp\/v2\/users\/3169"}],"replies":[{"embeddable":true,"href":"https:\/\/www.webdo.tn\/fr\/wp-json\/wp\/v2\/comments?post=209160"}],"version-history":[{"count":0,"href":"https:\/\/www.webdo.tn\/fr\/wp-json\/wp\/v2\/posts\/209160\/revisions"}],"wp:featuredmedia":[{"embeddable":true,"href":"https:\/\/www.webdo.tn\/fr\/wp-json\/wp\/v2\/media\/278807"}],"wp:attachment":[{"href":"https:\/\/www.webdo.tn\/fr\/wp-json\/wp\/v2\/media?parent=209160"}],"wp:term":[{"taxonomy":"category","embeddable":true,"href":"https:\/\/www.webdo.tn\/fr\/wp-json\/wp\/v2\/categories?post=209160"},{"taxonomy":"post_tag","embeddable":true,"href":"https:\/\/www.webdo.tn\/fr\/wp-json\/wp\/v2\/tags?post=209160"}],"curies":[{"name":"wp","href":"https:\/\/api.w.org\/{rel}","templated":true}]}}