{"id":209158,"date":"2023-10-06T14:47:00","date_gmt":"2023-10-06T14:47:00","guid":{"rendered":"https:\/\/www.webdo.tn\/fr\/blog\/ligue-des-champions-l-es-tunis-et-l-es-sahel-dans-le-meme-groupe\/209158\/"},"modified":"2025-05-20T22:51:59","modified_gmt":"2025-05-20T22:51:59","slug":"ligue-des-champions-l-es-tunis-et-l-es-sahel-dans-le-meme-groupe","status":"publish","type":"post","link":"https:\/\/www.webdo.tn\/fr\/actualite\/sport\/ligue-des-champions-l-es-tunis-et-l-es-sahel-dans-le-meme-groupe\/209158\/","title":{"rendered":"Ligue des Champions : L&rsquo;ES Tunis et l&rsquo;ES Sahel dans le m\u00eame groupe"},"content":{"rendered":"<p>Les deux repr\u00e9sentants tunisiens en Ligue des champions d&rsquo;Afrique de football, \u00e0 savoir, l&rsquo;Esp\u00e9rance Sportive de Tunis et l&rsquo;Etoile Sportive du Sahel ont \u00e9t\u00e9 vers\u00e9s dans le m\u00eame groupe (groupe C), \u00e0 l&rsquo;issue du tirage au sort de la comp\u00e9tition effectu\u00e9 ce vendredi.<\/p>\n<p>L&rsquo;Esp\u00e9rance ST et l&rsquo;ES Sahel \u00e9volueront aux c\u00f4t\u00e9s se retrouveront encore une fois cette ann\u00e9e en Ligue des Champions des angolais de Petro Atletico et des soudanais d&rsquo;Al Hilal Omdurman.<\/p>\n<p>Voici la composition des groupes :<\/p>\n<p>\tGroupe A : Mamelodi Sundowns (Afrique du Sud), Pyramids FC (Egypte), TP Mazembe (RD Congo), Nouadhibou FC (Mauritanie)<br \/>\n\tGroupe B : Wydad Casablanca (Maroc), Simba FC (Tanzanie), ASEC Mimosas (C\u00f4te d&rsquo;Ivoire), Jwaneng Galaxy (Botswana)<br \/>\n\tGroupe C : ES de Tunis (Tunisie), Petro Atletico (Angola), Al Hilal Omdurman (Soudan), ES Sahel (Tunisie)<br \/>\n\tGroupe D : Al Ahly (Egypte), CR Belouizdad (Alg\u00e9rie), Young Africans (Tanzanie), Medeama DC (Ghana)<\/p>\n","protected":false},"excerpt":{"rendered":"<p>Les deux repr\u00e9sentants tunisiens en Ligue des champions d&rsquo;Afrique de football, \u00e0 savoir, l&rsquo;Esp\u00e9rance Sportive de Tunis et l&rsquo;Etoile Sportive du Sahel ont \u00e9t\u00e9 ver&#8230;<\/p>\n","protected":false},"author":3175,"featured_media":278802,"comment_status":"open","ping_status":"closed","sticky":false,"template":"","format":"standard","meta":{"footnotes":""},"categories":[2593],"tags":[4505,3436,2622,3136,2608],"class_list":["post-209158","post","type-post","status-publish","format-standard","has-post-thumbnail","hentry","category-sport","tag-ess","tag-est","tag-football","tag-ligue-des-champions","tag-tunisie"],"yoast_head":"<!-- This site is optimized with the Yoast SEO Premium plugin v27.4 (Yoast SEO v27.5) - https:\/\/yoast.com\/product\/yoast-seo-premium-wordpress\/ -->\n<title>Ligue des Champions : L&#039;ES Tunis et l&#039;ES Sahel dans le m\u00eame groupe<\/title>\n<meta name=\"description\" content=\"Les deux repr\u00e9sentants tunisiens en Ligue des champions d&#039;Afrique de football, \u00e0 savoir, l&#039;Esp\u00e9rance Sportive de Tunis et l&#039;Etoile Sportive du Sahel ont \u00e9t\u00e9 ver...\" \/>\n<link rel=\"canonical\" href=\"https:\/\/www.webdo.tn\/fr\/actualite\/sport\/ligue-des-champions-l-es-tunis-et-l-es-sahel-dans-le-meme-groupe\/209158\/\" \/>\n<meta property=\"og:locale\" content=\"fr_FR\" \/>\n<meta property=\"og:type\" content=\"article\" \/>\n<meta property=\"og:title\" content=\"Ligue des Champions : L&#039;ES Tunis et l&#039;ES Sahel dans le m\u00eame groupe\" \/>\n<meta property=\"og:description\" content=\"Les deux repr\u00e9sentants tunisiens en Ligue des champions d&#039;Afrique de football, \u00e0 savoir, l&#039;Esp\u00e9rance Sportive de Tunis et l&#039;Etoile Sportive du Sahel ont \u00e9t\u00e9 ver...\" \/>\n<meta property=\"og:url\" content=\"https:\/\/www.webdo.tn\/fr\/actualite\/sport\/ligue-des-champions-l-es-tunis-et-l-es-sahel-dans-le-meme-groupe\/209158\/\" \/>\n<meta property=\"og:site_name\" content=\"webdo\" \/>\n<meta property=\"article:publisher\" content=\"https:\/\/www.facebook.com\/webdotn\" \/>\n<meta property=\"article:published_time\" content=\"2023-10-06T14:47:00+00:00\" \/>\n<meta property=\"article:modified_time\" content=\"2025-05-20T22:51:59+00:00\" \/>\n<meta property=\"og:image\" content=\"https:\/\/www.webdo.tn\/fr\/wp-content\/uploads\/2023\/10\/fb92a19a813dcea52d71d75996c2a824.jpg\" \/>\n\t<meta property=\"og:image:width\" content=\"750\" \/>\n\t<meta property=\"og:image:height\" content=\"400\" \/>\n\t<meta property=\"og:image:type\" content=\"image\/jpeg\" \/>\n<meta name=\"author\" content=\"CL\" \/>\n<meta name=\"twitter:card\" content=\"summary_large_image\" \/>\n<meta name=\"twitter:creator\" content=\"@webdo_tn\" \/>\n<meta name=\"twitter:site\" content=\"@webdo_tn\" \/>\n<meta name=\"twitter:label1\" content=\"\u00c9crit par\" \/>\n\t<meta name=\"twitter:data1\" content=\"CL\" \/>\n\t<meta name=\"twitter:label2\" content=\"Dur\u00e9e de lecture estim\u00e9e\" \/>\n\t<meta name=\"twitter:data2\" content=\"1 minute\" \/>\n<script type=\"application\/ld+json\" class=\"yoast-schema-graph\">{\"@context\":\"https:\\\/\\\/schema.org\",\"@graph\":[{\"@type\":\"NewsArticle\",\"@id\":\"https:\\\/\\\/www.webdo.tn\\\/fr\\\/actualite\\\/sport\\\/ligue-des-champions-l-es-tunis-et-l-es-sahel-dans-le-meme-groupe\\\/209158\\\/#article\",\"isPartOf\":{\"@id\":\"https:\\\/\\\/www.webdo.tn\\\/fr\\\/actualite\\\/sport\\\/ligue-des-champions-l-es-tunis-et-l-es-sahel-dans-le-meme-groupe\\\/209158\\\/\"},\"author\":{\"name\":\"CL\",\"@id\":\"https:\\\/\\\/www.webdo.tn\\\/fr\\\/#\\\/schema\\\/person\\\/f35b42a42c5e2511bbd282959d6385cc\"},\"headline\":\"Ligue des Champions : L&rsquo;ES Tunis et l&rsquo;ES Sahel dans le m\u00eame groupe\",\"datePublished\":\"2023-10-06T14:47:00+00:00\",\"dateModified\":\"2025-05-20T22:51:59+00:00\",\"mainEntityOfPage\":{\"@id\":\"https:\\\/\\\/www.webdo.tn\\\/fr\\\/actualite\\\/sport\\\/ligue-des-champions-l-es-tunis-et-l-es-sahel-dans-le-meme-groupe\\\/209158\\\/\"},\"wordCount\":172,\"commentCount\":0,\"publisher\":{\"@id\":\"https:\\\/\\\/www.webdo.tn\\\/fr\\\/#organization\"},\"image\":{\"@id\":\"https:\\\/\\\/www.webdo.tn\\\/fr\\\/actualite\\\/sport\\\/ligue-des-champions-l-es-tunis-et-l-es-sahel-dans-le-meme-groupe\\\/209158\\\/#primaryimage\"},\"thumbnailUrl\":\"https:\\\/\\\/www.webdo.tn\\\/fr\\\/wp-content\\\/uploads\\\/2023\\\/10\\\/fb92a19a813dcea52d71d75996c2a824.jpg\",\"keywords\":[\"ESS\",\"EST\",\"football\",\"ligue des champions\",\"Tunisie\"],\"articleSection\":[\"Sport\"],\"inLanguage\":\"fr-FR\"},{\"@type\":\"WebPage\",\"@id\":\"https:\\\/\\\/www.webdo.tn\\\/fr\\\/actualite\\\/sport\\\/ligue-des-champions-l-es-tunis-et-l-es-sahel-dans-le-meme-groupe\\\/209158\\\/\",\"url\":\"https:\\\/\\\/www.webdo.tn\\\/fr\\\/actualite\\\/sport\\\/ligue-des-champions-l-es-tunis-et-l-es-sahel-dans-le-meme-groupe\\\/209158\\\/\",\"name\":\"Ligue des Champions : L'ES Tunis et l'ES Sahel dans le m\u00eame groupe\",\"isPartOf\":{\"@id\":\"https:\\\/\\\/www.webdo.tn\\\/fr\\\/#website\"},\"primaryImageOfPage\":{\"@id\":\"https:\\\/\\\/www.webdo.tn\\\/fr\\\/actualite\\\/sport\\\/ligue-des-champions-l-es-tunis-et-l-es-sahel-dans-le-meme-groupe\\\/209158\\\/#primaryimage\"},\"image\":{\"@id\":\"https:\\\/\\\/www.webdo.tn\\\/fr\\\/actualite\\\/sport\\\/ligue-des-champions-l-es-tunis-et-l-es-sahel-dans-le-meme-groupe\\\/209158\\\/#primaryimage\"},\"thumbnailUrl\":\"https:\\\/\\\/www.webdo.tn\\\/fr\\\/wp-content\\\/uploads\\\/2023\\\/10\\\/fb92a19a813dcea52d71d75996c2a824.jpg\",\"datePublished\":\"2023-10-06T14:47:00+00:00\",\"dateModified\":\"2025-05-20T22:51:59+00:00\",\"description\":\"Les deux repr\u00e9sentants tunisiens en Ligue des champions d'Afrique de football, \u00e0 savoir, l'Esp\u00e9rance Sportive de Tunis et l'Etoile Sportive du Sahel ont \u00e9t\u00e9 ver...\",\"breadcrumb\":{\"@id\":\"https:\\\/\\\/www.webdo.tn\\\/fr\\\/actualite\\\/sport\\\/ligue-des-champions-l-es-tunis-et-l-es-sahel-dans-le-meme-groupe\\\/209158\\\/#breadcrumb\"},\"inLanguage\":\"fr-FR\",\"potentialAction\":[{\"@type\":\"ReadAction\",\"target\":[\"https:\\\/\\\/www.webdo.tn\\\/fr\\\/actualite\\\/sport\\\/ligue-des-champions-l-es-tunis-et-l-es-sahel-dans-le-meme-groupe\\\/209158\\\/\"]}]},{\"@type\":\"ImageObject\",\"inLanguage\":\"fr-FR\",\"@id\":\"https:\\\/\\\/www.webdo.tn\\\/fr\\\/actualite\\\/sport\\\/ligue-des-champions-l-es-tunis-et-l-es-sahel-dans-le-meme-groupe\\\/209158\\\/#primaryimage\",\"url\":\"https:\\\/\\\/www.webdo.tn\\\/fr\\\/wp-content\\\/uploads\\\/2023\\\/10\\\/fb92a19a813dcea52d71d75996c2a824.jpg\",\"contentUrl\":\"https:\\\/\\\/www.webdo.tn\\\/fr\\\/wp-content\\\/uploads\\\/2023\\\/10\\\/fb92a19a813dcea52d71d75996c2a824.jpg\",\"width\":750,\"height\":400,\"caption\":\"Ligue des Champions : L'ES Tunis et l'ES Sahel dans le m\u00eame groupe\"},{\"@type\":\"BreadcrumbList\",\"@id\":\"https:\\\/\\\/www.webdo.tn\\\/fr\\\/actualite\\\/sport\\\/ligue-des-champions-l-es-tunis-et-l-es-sahel-dans-le-meme-groupe\\\/209158\\\/#breadcrumb\",\"itemListElement\":[{\"@type\":\"ListItem\",\"position\":1,\"name\":\"Accueil\",\"item\":\"https:\\\/\\\/www.webdo.tn\\\/fr\\\/\"},{\"@type\":\"ListItem\",\"position\":2,\"name\":\"Ligue des Champions : L&rsquo;ES Tunis et l&rsquo;ES Sahel dans le m\u00eame groupe\"}]},{\"@type\":\"WebSite\",\"@id\":\"https:\\\/\\\/www.webdo.tn\\\/fr\\\/#website\",\"url\":\"https:\\\/\\\/www.webdo.tn\\\/fr\\\/\",\"name\":\"webdo\",\"description\":\"Tunisie - News en Tunisie et \u00e0 l&#039;international sur Webdo.tn\",\"publisher\":{\"@id\":\"https:\\\/\\\/www.webdo.tn\\\/fr\\\/#organization\"},\"potentialAction\":[{\"@type\":\"SearchAction\",\"target\":{\"@type\":\"EntryPoint\",\"urlTemplate\":\"https:\\\/\\\/www.webdo.tn\\\/fr\\\/?s={search_term_string}\"},\"query-input\":{\"@type\":\"PropertyValueSpecification\",\"valueRequired\":true,\"valueName\":\"search_term_string\"}}],\"inLanguage\":\"fr-FR\"},{\"@type\":\"Organization\",\"@id\":\"https:\\\/\\\/www.webdo.tn\\\/fr\\\/#organization\",\"name\":\"Webdo\",\"alternateName\":\"Webdo.tn\",\"url\":\"https:\\\/\\\/www.webdo.tn\\\/fr\\\/\",\"logo\":{\"@type\":\"ImageObject\",\"inLanguage\":\"fr-FR\",\"@id\":\"https:\\\/\\\/www.webdo.tn\\\/fr\\\/#\\\/schema\\\/logo\\\/image\\\/\",\"url\":\"https:\\\/\\\/www.webdo.tn\\\/fr\\\/wp-content\\\/uploads\\\/2025\\\/06\\\/Webdo-Tunisie_168377.jpg\",\"contentUrl\":\"https:\\\/\\\/www.webdo.tn\\\/fr\\\/wp-content\\\/uploads\\\/2025\\\/06\\\/Webdo-Tunisie_168377.jpg\",\"width\":301,\"height\":301,\"caption\":\"Webdo\"},\"image\":{\"@id\":\"https:\\\/\\\/www.webdo.tn\\\/fr\\\/#\\\/schema\\\/logo\\\/image\\\/\"},\"sameAs\":[\"https:\\\/\\\/www.facebook.com\\\/webdotn\",\"https:\\\/\\\/x.com\\\/webdo_tn\"],\"description\":\"Webdo est un m\u00e9dia num\u00e9rique tunisien fond\u00e9 en 2010, sp\u00e9cialis\u00e9 dans l\u2019actualit\u00e9 nationale et internationale, l\u2019\u00e9conomie, la soci\u00e9t\u00e9 et les analyses politiques. Le site s\u2019adresse \u00e0 un large public francophone et couvre l\u2019information tunisienne en temps r\u00e9el.\",\"email\":\"redac@webdo.tn\",\"legalName\":\"YNJ SARL\",\"foundingDate\":\"2010-09-06\",\"numberOfEmployees\":{\"@type\":\"QuantitativeValue\",\"minValue\":\"11\",\"maxValue\":\"50\"}},{\"@type\":\"Person\",\"@id\":\"https:\\\/\\\/www.webdo.tn\\\/fr\\\/#\\\/schema\\\/person\\\/f35b42a42c5e2511bbd282959d6385cc\",\"name\":\"CL\",\"image\":{\"@type\":\"ImageObject\",\"inLanguage\":\"fr-FR\",\"@id\":\"https:\\\/\\\/secure.gravatar.com\\\/avatar\\\/1447a49909b67aa657c488aec6512e1dd6143a480c1ecfee9b5b5cd74eb3b59e?s=96&d=mm&r=g\",\"url\":\"https:\\\/\\\/secure.gravatar.com\\\/avatar\\\/1447a49909b67aa657c488aec6512e1dd6143a480c1ecfee9b5b5cd74eb3b59e?s=96&d=mm&r=g\",\"contentUrl\":\"https:\\\/\\\/secure.gravatar.com\\\/avatar\\\/1447a49909b67aa657c488aec6512e1dd6143a480c1ecfee9b5b5cd74eb3b59e?s=96&d=mm&r=g\",\"caption\":\"CL\"},\"url\":\"https:\\\/\\\/www.webdo.tn\\\/fr\\\/actualite\\\/author\\\/cl\\\/\"}]}<\/script>\n<!-- \/ Yoast SEO Premium plugin. -->","yoast_head_json":{"title":"Ligue des Champions : L'ES Tunis et l'ES Sahel dans le m\u00eame groupe","description":"Les deux repr\u00e9sentants tunisiens en Ligue des champions d'Afrique de football, \u00e0 savoir, l'Esp\u00e9rance Sportive de Tunis et l'Etoile Sportive du Sahel ont \u00e9t\u00e9 ver...","canonical":"https:\/\/www.webdo.tn\/fr\/actualite\/sport\/ligue-des-champions-l-es-tunis-et-l-es-sahel-dans-le-meme-groupe\/209158\/","og_locale":"fr_FR","og_type":"article","og_title":"Ligue des Champions : L'ES Tunis et l'ES Sahel dans le m\u00eame groupe","og_description":"Les deux repr\u00e9sentants tunisiens en Ligue des champions d'Afrique de football, \u00e0 savoir, l'Esp\u00e9rance Sportive de Tunis et l'Etoile Sportive du Sahel ont \u00e9t\u00e9 ver...","og_url":"https:\/\/www.webdo.tn\/fr\/actualite\/sport\/ligue-des-champions-l-es-tunis-et-l-es-sahel-dans-le-meme-groupe\/209158\/","og_site_name":"webdo","article_publisher":"https:\/\/www.facebook.com\/webdotn","article_published_time":"2023-10-06T14:47:00+00:00","article_modified_time":"2025-05-20T22:51:59+00:00","og_image":[{"width":750,"height":400,"url":"https:\/\/www.webdo.tn\/fr\/wp-content\/uploads\/2023\/10\/fb92a19a813dcea52d71d75996c2a824.jpg","type":"image\/jpeg"}],"author":"CL","twitter_card":"summary_large_image","twitter_creator":"@webdo_tn","twitter_site":"@webdo_tn","twitter_misc":{"\u00c9crit par":"CL","Dur\u00e9e de lecture estim\u00e9e":"1 minute"},"schema":{"@context":"https:\/\/schema.org","@graph":[{"@type":"NewsArticle","@id":"https:\/\/www.webdo.tn\/fr\/actualite\/sport\/ligue-des-champions-l-es-tunis-et-l-es-sahel-dans-le-meme-groupe\/209158\/#article","isPartOf":{"@id":"https:\/\/www.webdo.tn\/fr\/actualite\/sport\/ligue-des-champions-l-es-tunis-et-l-es-sahel-dans-le-meme-groupe\/209158\/"},"author":{"name":"CL","@id":"https:\/\/www.webdo.tn\/fr\/#\/schema\/person\/f35b42a42c5e2511bbd282959d6385cc"},"headline":"Ligue des Champions : L&rsquo;ES Tunis et l&rsquo;ES Sahel dans le m\u00eame groupe","datePublished":"2023-10-06T14:47:00+00:00","dateModified":"2025-05-20T22:51:59+00:00","mainEntityOfPage":{"@id":"https:\/\/www.webdo.tn\/fr\/actualite\/sport\/ligue-des-champions-l-es-tunis-et-l-es-sahel-dans-le-meme-groupe\/209158\/"},"wordCount":172,"commentCount":0,"publisher":{"@id":"https:\/\/www.webdo.tn\/fr\/#organization"},"image":{"@id":"https:\/\/www.webdo.tn\/fr\/actualite\/sport\/ligue-des-champions-l-es-tunis-et-l-es-sahel-dans-le-meme-groupe\/209158\/#primaryimage"},"thumbnailUrl":"https:\/\/www.webdo.tn\/fr\/wp-content\/uploads\/2023\/10\/fb92a19a813dcea52d71d75996c2a824.jpg","keywords":["ESS","EST","football","ligue des champions","Tunisie"],"articleSection":["Sport"],"inLanguage":"fr-FR"},{"@type":"WebPage","@id":"https:\/\/www.webdo.tn\/fr\/actualite\/sport\/ligue-des-champions-l-es-tunis-et-l-es-sahel-dans-le-meme-groupe\/209158\/","url":"https:\/\/www.webdo.tn\/fr\/actualite\/sport\/ligue-des-champions-l-es-tunis-et-l-es-sahel-dans-le-meme-groupe\/209158\/","name":"Ligue des Champions : L'ES Tunis et l'ES Sahel dans le m\u00eame groupe","isPartOf":{"@id":"https:\/\/www.webdo.tn\/fr\/#website"},"primaryImageOfPage":{"@id":"https:\/\/www.webdo.tn\/fr\/actualite\/sport\/ligue-des-champions-l-es-tunis-et-l-es-sahel-dans-le-meme-groupe\/209158\/#primaryimage"},"image":{"@id":"https:\/\/www.webdo.tn\/fr\/actualite\/sport\/ligue-des-champions-l-es-tunis-et-l-es-sahel-dans-le-meme-groupe\/209158\/#primaryimage"},"thumbnailUrl":"https:\/\/www.webdo.tn\/fr\/wp-content\/uploads\/2023\/10\/fb92a19a813dcea52d71d75996c2a824.jpg","datePublished":"2023-10-06T14:47:00+00:00","dateModified":"2025-05-20T22:51:59+00:00","description":"Les deux repr\u00e9sentants tunisiens en Ligue des champions d'Afrique de football, \u00e0 savoir, l'Esp\u00e9rance Sportive de Tunis et l'Etoile Sportive du Sahel ont \u00e9t\u00e9 ver...","breadcrumb":{"@id":"https:\/\/www.webdo.tn\/fr\/actualite\/sport\/ligue-des-champions-l-es-tunis-et-l-es-sahel-dans-le-meme-groupe\/209158\/#breadcrumb"},"inLanguage":"fr-FR","potentialAction":[{"@type":"ReadAction","target":["https:\/\/www.webdo.tn\/fr\/actualite\/sport\/ligue-des-champions-l-es-tunis-et-l-es-sahel-dans-le-meme-groupe\/209158\/"]}]},{"@type":"ImageObject","inLanguage":"fr-FR","@id":"https:\/\/www.webdo.tn\/fr\/actualite\/sport\/ligue-des-champions-l-es-tunis-et-l-es-sahel-dans-le-meme-groupe\/209158\/#primaryimage","url":"https:\/\/www.webdo.tn\/fr\/wp-content\/uploads\/2023\/10\/fb92a19a813dcea52d71d75996c2a824.jpg","contentUrl":"https:\/\/www.webdo.tn\/fr\/wp-content\/uploads\/2023\/10\/fb92a19a813dcea52d71d75996c2a824.jpg","width":750,"height":400,"caption":"Ligue des Champions : L'ES Tunis et l'ES Sahel dans le m\u00eame groupe"},{"@type":"BreadcrumbList","@id":"https:\/\/www.webdo.tn\/fr\/actualite\/sport\/ligue-des-champions-l-es-tunis-et-l-es-sahel-dans-le-meme-groupe\/209158\/#breadcrumb","itemListElement":[{"@type":"ListItem","position":1,"name":"Accueil","item":"https:\/\/www.webdo.tn\/fr\/"},{"@type":"ListItem","position":2,"name":"Ligue des Champions : L&rsquo;ES Tunis et l&rsquo;ES Sahel dans le m\u00eame groupe"}]},{"@type":"WebSite","@id":"https:\/\/www.webdo.tn\/fr\/#website","url":"https:\/\/www.webdo.tn\/fr\/","name":"webdo","description":"Tunisie - News en Tunisie et \u00e0 l&#039;international sur Webdo.tn","publisher":{"@id":"https:\/\/www.webdo.tn\/fr\/#organization"},"potentialAction":[{"@type":"SearchAction","target":{"@type":"EntryPoint","urlTemplate":"https:\/\/www.webdo.tn\/fr\/?s={search_term_string}"},"query-input":{"@type":"PropertyValueSpecification","valueRequired":true,"valueName":"search_term_string"}}],"inLanguage":"fr-FR"},{"@type":"Organization","@id":"https:\/\/www.webdo.tn\/fr\/#organization","name":"Webdo","alternateName":"Webdo.tn","url":"https:\/\/www.webdo.tn\/fr\/","logo":{"@type":"ImageObject","inLanguage":"fr-FR","@id":"https:\/\/www.webdo.tn\/fr\/#\/schema\/logo\/image\/","url":"https:\/\/www.webdo.tn\/fr\/wp-content\/uploads\/2025\/06\/Webdo-Tunisie_168377.jpg","contentUrl":"https:\/\/www.webdo.tn\/fr\/wp-content\/uploads\/2025\/06\/Webdo-Tunisie_168377.jpg","width":301,"height":301,"caption":"Webdo"},"image":{"@id":"https:\/\/www.webdo.tn\/fr\/#\/schema\/logo\/image\/"},"sameAs":["https:\/\/www.facebook.com\/webdotn","https:\/\/x.com\/webdo_tn"],"description":"Webdo est un m\u00e9dia num\u00e9rique tunisien fond\u00e9 en 2010, sp\u00e9cialis\u00e9 dans l\u2019actualit\u00e9 nationale et internationale, l\u2019\u00e9conomie, la soci\u00e9t\u00e9 et les analyses politiques. Le site s\u2019adresse \u00e0 un large public francophone et couvre l\u2019information tunisienne en temps r\u00e9el.","email":"redac@webdo.tn","legalName":"YNJ SARL","foundingDate":"2010-09-06","numberOfEmployees":{"@type":"QuantitativeValue","minValue":"11","maxValue":"50"}},{"@type":"Person","@id":"https:\/\/www.webdo.tn\/fr\/#\/schema\/person\/f35b42a42c5e2511bbd282959d6385cc","name":"CL","image":{"@type":"ImageObject","inLanguage":"fr-FR","@id":"https:\/\/secure.gravatar.com\/avatar\/1447a49909b67aa657c488aec6512e1dd6143a480c1ecfee9b5b5cd74eb3b59e?s=96&d=mm&r=g","url":"https:\/\/secure.gravatar.com\/avatar\/1447a49909b67aa657c488aec6512e1dd6143a480c1ecfee9b5b5cd74eb3b59e?s=96&d=mm&r=g","contentUrl":"https:\/\/secure.gravatar.com\/avatar\/1447a49909b67aa657c488aec6512e1dd6143a480c1ecfee9b5b5cd74eb3b59e?s=96&d=mm&r=g","caption":"CL"},"url":"https:\/\/www.webdo.tn\/fr\/actualite\/author\/cl\/"}]}},"_links":{"self":[{"href":"https:\/\/www.webdo.tn\/fr\/wp-json\/wp\/v2\/posts\/209158","targetHints":{"allow":["GET"]}}],"collection":[{"href":"https:\/\/www.webdo.tn\/fr\/wp-json\/wp\/v2\/posts"}],"about":[{"href":"https:\/\/www.webdo.tn\/fr\/wp-json\/wp\/v2\/types\/post"}],"author":[{"embeddable":true,"href":"https:\/\/www.webdo.tn\/fr\/wp-json\/wp\/v2\/users\/3175"}],"replies":[{"embeddable":true,"href":"https:\/\/www.webdo.tn\/fr\/wp-json\/wp\/v2\/comments?post=209158"}],"version-history":[{"count":0,"href":"https:\/\/www.webdo.tn\/fr\/wp-json\/wp\/v2\/posts\/209158\/revisions"}],"wp:featuredmedia":[{"embeddable":true,"href":"https:\/\/www.webdo.tn\/fr\/wp-json\/wp\/v2\/media\/278802"}],"wp:attachment":[{"href":"https:\/\/www.webdo.tn\/fr\/wp-json\/wp\/v2\/media?parent=209158"}],"wp:term":[{"taxonomy":"category","embeddable":true,"href":"https:\/\/www.webdo.tn\/fr\/wp-json\/wp\/v2\/categories?post=209158"},{"taxonomy":"post_tag","embeddable":true,"href":"https:\/\/www.webdo.tn\/fr\/wp-json\/wp\/v2\/tags?post=209158"}],"curies":[{"name":"wp","href":"https:\/\/api.w.org\/{rel}","templated":true}]}}