{"id":209155,"date":"2023-10-06T11:32:00","date_gmt":"2023-10-06T11:32:00","guid":{"rendered":"https:\/\/www.webdo.tn\/fr\/blog\/l-ue-envisage-une-operation-militaire-aux-frontieres-maritimes-tunisiennes\/209155\/"},"modified":"2025-05-20T22:51:58","modified_gmt":"2025-05-20T22:51:58","slug":"l-ue-envisage-une-operation-militaire-aux-frontieres-maritimes-tunisiennes","status":"publish","type":"post","link":"https:\/\/www.webdo.tn\/fr\/actualite\/national\/l-ue-envisage-une-operation-militaire-aux-frontieres-maritimes-tunisiennes\/209155\/","title":{"rendered":"L\u2019UE envisage une op\u00e9ration militaire aux fronti\u00e8res maritimes tunisiennes !"},"content":{"rendered":"<p>Lanc\u00e9e le 31 mars 2020, l\u2019op\u00e9ration militaire EUNAVFORMED IRINI vise \u00e0 faire respecter l\u2019embargo des Nations unies sur le transport d&rsquo;armes \u00e0 destination de la Libye que ce soit par des moyens a\u00e9riens, spatiaux ou maritimes.<\/p>\n<p>\t\t\t\t\t\t\t\t\tEn parall\u00e8le, elle contribue \u00e0 faire appliquer les mesures des Nations unies rendant illicite l&rsquo;export de p\u00e9trole de Libye. L\u2019Union europ\u00e9enne veut appliquer cette op\u00e9ration aux fronti\u00e8res maritimes tunisiennes pour contrer la migration.\u00a0<\/p>\n<p>Le Haut Repr\u00e9sentant de l&rsquo;Union europ\u00e9enne, Josep Borrell, a d\u00e9clar\u00e9 hier jeudi 5 octobre que l\u2019UE envisage en effet de d\u00e9ployer cette op\u00e9ration au large de la Tunisie pour faire face aux flux migratoires de plus en plus croissant.<\/p>\n<p>Cit\u00e9 par l\u2019agence italienne Aki, il a expliqu\u00e9 cette mesure doit \u00eatre prise en coordination avec la Tunisie, pour une meilleure efficacit\u00e9. Et d\u2019ajouter qu\u2019une importante r\u00e9union non-officielle de l\u2019UE est pr\u00e9vue ce vendredi 6 octobre 2023 pour revenir sur cette question.\u00a0<\/p>\n<p>Deja, l\u2019Italie \u0153uvre \u00e9galement mettre en place un blocus naval arm\u00e9 aux fronti\u00e8res tunisiennes. Une d\u00e9cision consid\u00e9r\u00e9e comme un acte de guerre par certains d\u00e9fenseurs des droits humains en Europe.\u00a0<\/p>\n<p>Actuellement, le torchon brule entre la Tunisie et l\u2019Union europ\u00e9enne, alors que Tunis a refus\u00e9 une premi\u00e8re assistance financi\u00e8re, la partie europ\u00e9enne veut tout mobiliser pour contrer la migration.<\/p>\n","protected":false},"excerpt":{"rendered":"<p>Lanc\u00e9e le 31 mars 2020, l\u2019op\u00e9ration militaire EUNAVFORMED IRINI vise \u00e0 faire respecter l\u2019embargo des Nations unies sur le transport d&rsquo;armes \u00e0 destination de la&#8230;<\/p>\n","protected":false},"author":3175,"featured_media":278797,"comment_status":"open","ping_status":"closed","sticky":false,"template":"","format":"standard","meta":{"footnotes":""},"categories":[44],"tags":[2615,9742,2608,2897],"class_list":["post-209155","post","type-post","status-publish","format-standard","has-post-thumbnail","hentry","category-national","tag-migration","tag-operation-militaire","tag-tunisie","tag-ue"],"yoast_head":"<!-- This site is optimized with the Yoast SEO Premium plugin v27.4 (Yoast SEO v27.4) - https:\/\/yoast.com\/product\/yoast-seo-premium-wordpress\/ -->\n<title>L\u2019UE envisage une op\u00e9ration militaire aux fronti\u00e8res maritimes tunisiennes !<\/title>\n<meta name=\"description\" content=\"Lanc\u00e9e le 31 mars 2020, l\u2019op\u00e9ration militaire EUNAVFORMED IRINI vise \u00e0 faire respecter l\u2019embargo des Nations unies sur le transport d&#039;armes \u00e0 destination de la...\" \/>\n<link rel=\"canonical\" href=\"https:\/\/www.webdo.tn\/fr\/actualite\/national\/l-ue-envisage-une-operation-militaire-aux-frontieres-maritimes-tunisiennes\/209155\/\" \/>\n<meta property=\"og:locale\" content=\"fr_FR\" \/>\n<meta property=\"og:type\" content=\"article\" \/>\n<meta property=\"og:title\" content=\"L\u2019UE envisage une op\u00e9ration militaire aux fronti\u00e8res maritimes tunisiennes !\" \/>\n<meta property=\"og:description\" content=\"Lanc\u00e9e le 31 mars 2020, l\u2019op\u00e9ration militaire EUNAVFORMED IRINI vise \u00e0 faire respecter l\u2019embargo des Nations unies sur le transport d&#039;armes \u00e0 destination de la...\" \/>\n<meta property=\"og:url\" content=\"https:\/\/www.webdo.tn\/fr\/actualite\/national\/l-ue-envisage-une-operation-militaire-aux-frontieres-maritimes-tunisiennes\/209155\/\" \/>\n<meta property=\"og:site_name\" content=\"webdo\" \/>\n<meta property=\"article:publisher\" content=\"https:\/\/www.facebook.com\/webdotn\" \/>\n<meta property=\"article:published_time\" content=\"2023-10-06T11:32:00+00:00\" \/>\n<meta property=\"article:modified_time\" content=\"2025-05-20T22:51:58+00:00\" \/>\n<meta property=\"og:image\" content=\"https:\/\/www.webdo.tn\/fr\/wp-content\/uploads\/2023\/10\/9cc1883bf849d3d042bf45a8ebf8b592.jpeg\" \/>\n\t<meta property=\"og:image:width\" content=\"678\" \/>\n\t<meta property=\"og:image:height\" content=\"362\" \/>\n\t<meta property=\"og:image:type\" content=\"image\/jpeg\" \/>\n<meta name=\"author\" content=\"CL\" \/>\n<meta name=\"twitter:card\" content=\"summary_large_image\" \/>\n<meta name=\"twitter:creator\" content=\"@webdo_tn\" \/>\n<meta name=\"twitter:site\" content=\"@webdo_tn\" \/>\n<meta name=\"twitter:label1\" content=\"\u00c9crit par\" \/>\n\t<meta name=\"twitter:data1\" content=\"CL\" \/>\n\t<meta name=\"twitter:label2\" content=\"Dur\u00e9e de lecture estim\u00e9e\" \/>\n\t<meta name=\"twitter:data2\" content=\"1 minute\" \/>\n<script type=\"application\/ld+json\" class=\"yoast-schema-graph\">{\"@context\":\"https:\\\/\\\/schema.org\",\"@graph\":[{\"@type\":\"NewsArticle\",\"@id\":\"https:\\\/\\\/www.webdo.tn\\\/fr\\\/actualite\\\/national\\\/l-ue-envisage-une-operation-militaire-aux-frontieres-maritimes-tunisiennes\\\/209155\\\/#article\",\"isPartOf\":{\"@id\":\"https:\\\/\\\/www.webdo.tn\\\/fr\\\/actualite\\\/national\\\/l-ue-envisage-une-operation-militaire-aux-frontieres-maritimes-tunisiennes\\\/209155\\\/\"},\"author\":{\"name\":\"CL\",\"@id\":\"https:\\\/\\\/www.webdo.tn\\\/fr\\\/#\\\/schema\\\/person\\\/f35b42a42c5e2511bbd282959d6385cc\"},\"headline\":\"L\u2019UE envisage une op\u00e9ration militaire aux fronti\u00e8res maritimes tunisiennes !\",\"datePublished\":\"2023-10-06T11:32:00+00:00\",\"dateModified\":\"2025-05-20T22:51:58+00:00\",\"mainEntityOfPage\":{\"@id\":\"https:\\\/\\\/www.webdo.tn\\\/fr\\\/actualite\\\/national\\\/l-ue-envisage-une-operation-militaire-aux-frontieres-maritimes-tunisiennes\\\/209155\\\/\"},\"wordCount\":250,\"commentCount\":0,\"publisher\":{\"@id\":\"https:\\\/\\\/www.webdo.tn\\\/fr\\\/#organization\"},\"image\":{\"@id\":\"https:\\\/\\\/www.webdo.tn\\\/fr\\\/actualite\\\/national\\\/l-ue-envisage-une-operation-militaire-aux-frontieres-maritimes-tunisiennes\\\/209155\\\/#primaryimage\"},\"thumbnailUrl\":\"https:\\\/\\\/www.webdo.tn\\\/fr\\\/wp-content\\\/uploads\\\/2023\\\/10\\\/9cc1883bf849d3d042bf45a8ebf8b592.jpeg\",\"keywords\":[\"Migration\",\"op\u00e9ration militaire\",\"Tunisie\",\"UE\"],\"articleSection\":[\"National\"],\"inLanguage\":\"fr-FR\"},{\"@type\":\"WebPage\",\"@id\":\"https:\\\/\\\/www.webdo.tn\\\/fr\\\/actualite\\\/national\\\/l-ue-envisage-une-operation-militaire-aux-frontieres-maritimes-tunisiennes\\\/209155\\\/\",\"url\":\"https:\\\/\\\/www.webdo.tn\\\/fr\\\/actualite\\\/national\\\/l-ue-envisage-une-operation-militaire-aux-frontieres-maritimes-tunisiennes\\\/209155\\\/\",\"name\":\"L\u2019UE envisage une op\u00e9ration militaire aux fronti\u00e8res maritimes tunisiennes !\",\"isPartOf\":{\"@id\":\"https:\\\/\\\/www.webdo.tn\\\/fr\\\/#website\"},\"primaryImageOfPage\":{\"@id\":\"https:\\\/\\\/www.webdo.tn\\\/fr\\\/actualite\\\/national\\\/l-ue-envisage-une-operation-militaire-aux-frontieres-maritimes-tunisiennes\\\/209155\\\/#primaryimage\"},\"image\":{\"@id\":\"https:\\\/\\\/www.webdo.tn\\\/fr\\\/actualite\\\/national\\\/l-ue-envisage-une-operation-militaire-aux-frontieres-maritimes-tunisiennes\\\/209155\\\/#primaryimage\"},\"thumbnailUrl\":\"https:\\\/\\\/www.webdo.tn\\\/fr\\\/wp-content\\\/uploads\\\/2023\\\/10\\\/9cc1883bf849d3d042bf45a8ebf8b592.jpeg\",\"datePublished\":\"2023-10-06T11:32:00+00:00\",\"dateModified\":\"2025-05-20T22:51:58+00:00\",\"description\":\"Lanc\u00e9e le 31 mars 2020, l\u2019op\u00e9ration militaire EUNAVFORMED IRINI vise \u00e0 faire respecter l\u2019embargo des Nations unies sur le transport d'armes \u00e0 destination de la...\",\"breadcrumb\":{\"@id\":\"https:\\\/\\\/www.webdo.tn\\\/fr\\\/actualite\\\/national\\\/l-ue-envisage-une-operation-militaire-aux-frontieres-maritimes-tunisiennes\\\/209155\\\/#breadcrumb\"},\"inLanguage\":\"fr-FR\",\"potentialAction\":[{\"@type\":\"ReadAction\",\"target\":[\"https:\\\/\\\/www.webdo.tn\\\/fr\\\/actualite\\\/national\\\/l-ue-envisage-une-operation-militaire-aux-frontieres-maritimes-tunisiennes\\\/209155\\\/\"]}]},{\"@type\":\"ImageObject\",\"inLanguage\":\"fr-FR\",\"@id\":\"https:\\\/\\\/www.webdo.tn\\\/fr\\\/actualite\\\/national\\\/l-ue-envisage-une-operation-militaire-aux-frontieres-maritimes-tunisiennes\\\/209155\\\/#primaryimage\",\"url\":\"https:\\\/\\\/www.webdo.tn\\\/fr\\\/wp-content\\\/uploads\\\/2023\\\/10\\\/9cc1883bf849d3d042bf45a8ebf8b592.jpeg\",\"contentUrl\":\"https:\\\/\\\/www.webdo.tn\\\/fr\\\/wp-content\\\/uploads\\\/2023\\\/10\\\/9cc1883bf849d3d042bf45a8ebf8b592.jpeg\",\"width\":678,\"height\":362,\"caption\":\"L\u2019UE envisage une op\u00e9ration militaire aux fronti\u00e8res maritimes tunisiennes !\"},{\"@type\":\"BreadcrumbList\",\"@id\":\"https:\\\/\\\/www.webdo.tn\\\/fr\\\/actualite\\\/national\\\/l-ue-envisage-une-operation-militaire-aux-frontieres-maritimes-tunisiennes\\\/209155\\\/#breadcrumb\",\"itemListElement\":[{\"@type\":\"ListItem\",\"position\":1,\"name\":\"Accueil\",\"item\":\"https:\\\/\\\/www.webdo.tn\\\/fr\\\/\"},{\"@type\":\"ListItem\",\"position\":2,\"name\":\"L\u2019UE envisage une op\u00e9ration militaire aux fronti\u00e8res maritimes tunisiennes !\"}]},{\"@type\":\"WebSite\",\"@id\":\"https:\\\/\\\/www.webdo.tn\\\/fr\\\/#website\",\"url\":\"https:\\\/\\\/www.webdo.tn\\\/fr\\\/\",\"name\":\"webdo\",\"description\":\"Tunisie - News en Tunisie et \u00e0 l&#039;international sur Webdo.tn\",\"publisher\":{\"@id\":\"https:\\\/\\\/www.webdo.tn\\\/fr\\\/#organization\"},\"potentialAction\":[{\"@type\":\"SearchAction\",\"target\":{\"@type\":\"EntryPoint\",\"urlTemplate\":\"https:\\\/\\\/www.webdo.tn\\\/fr\\\/?s={search_term_string}\"},\"query-input\":{\"@type\":\"PropertyValueSpecification\",\"valueRequired\":true,\"valueName\":\"search_term_string\"}}],\"inLanguage\":\"fr-FR\"},{\"@type\":\"Organization\",\"@id\":\"https:\\\/\\\/www.webdo.tn\\\/fr\\\/#organization\",\"name\":\"Webdo\",\"alternateName\":\"Webdo.tn\",\"url\":\"https:\\\/\\\/www.webdo.tn\\\/fr\\\/\",\"logo\":{\"@type\":\"ImageObject\",\"inLanguage\":\"fr-FR\",\"@id\":\"https:\\\/\\\/www.webdo.tn\\\/fr\\\/#\\\/schema\\\/logo\\\/image\\\/\",\"url\":\"https:\\\/\\\/www.webdo.tn\\\/fr\\\/wp-content\\\/uploads\\\/2025\\\/06\\\/Webdo-Tunisie_168377.jpg\",\"contentUrl\":\"https:\\\/\\\/www.webdo.tn\\\/fr\\\/wp-content\\\/uploads\\\/2025\\\/06\\\/Webdo-Tunisie_168377.jpg\",\"width\":301,\"height\":301,\"caption\":\"Webdo\"},\"image\":{\"@id\":\"https:\\\/\\\/www.webdo.tn\\\/fr\\\/#\\\/schema\\\/logo\\\/image\\\/\"},\"sameAs\":[\"https:\\\/\\\/www.facebook.com\\\/webdotn\",\"https:\\\/\\\/x.com\\\/webdo_tn\"],\"description\":\"Webdo est un m\u00e9dia num\u00e9rique tunisien fond\u00e9 en 2010, sp\u00e9cialis\u00e9 dans l\u2019actualit\u00e9 nationale et internationale, l\u2019\u00e9conomie, la soci\u00e9t\u00e9 et les analyses politiques. Le site s\u2019adresse \u00e0 un large public francophone et couvre l\u2019information tunisienne en temps r\u00e9el.\",\"email\":\"redac@webdo.tn\",\"legalName\":\"YNJ SARL\",\"foundingDate\":\"2010-09-06\",\"numberOfEmployees\":{\"@type\":\"QuantitativeValue\",\"minValue\":\"11\",\"maxValue\":\"50\"}},{\"@type\":\"Person\",\"@id\":\"https:\\\/\\\/www.webdo.tn\\\/fr\\\/#\\\/schema\\\/person\\\/f35b42a42c5e2511bbd282959d6385cc\",\"name\":\"CL\",\"image\":{\"@type\":\"ImageObject\",\"inLanguage\":\"fr-FR\",\"@id\":\"https:\\\/\\\/secure.gravatar.com\\\/avatar\\\/1447a49909b67aa657c488aec6512e1dd6143a480c1ecfee9b5b5cd74eb3b59e?s=96&d=mm&r=g\",\"url\":\"https:\\\/\\\/secure.gravatar.com\\\/avatar\\\/1447a49909b67aa657c488aec6512e1dd6143a480c1ecfee9b5b5cd74eb3b59e?s=96&d=mm&r=g\",\"contentUrl\":\"https:\\\/\\\/secure.gravatar.com\\\/avatar\\\/1447a49909b67aa657c488aec6512e1dd6143a480c1ecfee9b5b5cd74eb3b59e?s=96&d=mm&r=g\",\"caption\":\"CL\"},\"url\":\"https:\\\/\\\/www.webdo.tn\\\/fr\\\/actualite\\\/author\\\/cl\\\/\"}]}<\/script>\n<!-- \/ Yoast SEO Premium plugin. -->","yoast_head_json":{"title":"L\u2019UE envisage une op\u00e9ration militaire aux fronti\u00e8res maritimes tunisiennes !","description":"Lanc\u00e9e le 31 mars 2020, l\u2019op\u00e9ration militaire EUNAVFORMED IRINI vise \u00e0 faire respecter l\u2019embargo des Nations unies sur le transport d'armes \u00e0 destination de la...","canonical":"https:\/\/www.webdo.tn\/fr\/actualite\/national\/l-ue-envisage-une-operation-militaire-aux-frontieres-maritimes-tunisiennes\/209155\/","og_locale":"fr_FR","og_type":"article","og_title":"L\u2019UE envisage une op\u00e9ration militaire aux fronti\u00e8res maritimes tunisiennes !","og_description":"Lanc\u00e9e le 31 mars 2020, l\u2019op\u00e9ration militaire EUNAVFORMED IRINI vise \u00e0 faire respecter l\u2019embargo des Nations unies sur le transport d'armes \u00e0 destination de la...","og_url":"https:\/\/www.webdo.tn\/fr\/actualite\/national\/l-ue-envisage-une-operation-militaire-aux-frontieres-maritimes-tunisiennes\/209155\/","og_site_name":"webdo","article_publisher":"https:\/\/www.facebook.com\/webdotn","article_published_time":"2023-10-06T11:32:00+00:00","article_modified_time":"2025-05-20T22:51:58+00:00","og_image":[{"width":678,"height":362,"url":"https:\/\/www.webdo.tn\/fr\/wp-content\/uploads\/2023\/10\/9cc1883bf849d3d042bf45a8ebf8b592.jpeg","type":"image\/jpeg"}],"author":"CL","twitter_card":"summary_large_image","twitter_creator":"@webdo_tn","twitter_site":"@webdo_tn","twitter_misc":{"\u00c9crit par":"CL","Dur\u00e9e de lecture estim\u00e9e":"1 minute"},"schema":{"@context":"https:\/\/schema.org","@graph":[{"@type":"NewsArticle","@id":"https:\/\/www.webdo.tn\/fr\/actualite\/national\/l-ue-envisage-une-operation-militaire-aux-frontieres-maritimes-tunisiennes\/209155\/#article","isPartOf":{"@id":"https:\/\/www.webdo.tn\/fr\/actualite\/national\/l-ue-envisage-une-operation-militaire-aux-frontieres-maritimes-tunisiennes\/209155\/"},"author":{"name":"CL","@id":"https:\/\/www.webdo.tn\/fr\/#\/schema\/person\/f35b42a42c5e2511bbd282959d6385cc"},"headline":"L\u2019UE envisage une op\u00e9ration militaire aux fronti\u00e8res maritimes tunisiennes !","datePublished":"2023-10-06T11:32:00+00:00","dateModified":"2025-05-20T22:51:58+00:00","mainEntityOfPage":{"@id":"https:\/\/www.webdo.tn\/fr\/actualite\/national\/l-ue-envisage-une-operation-militaire-aux-frontieres-maritimes-tunisiennes\/209155\/"},"wordCount":250,"commentCount":0,"publisher":{"@id":"https:\/\/www.webdo.tn\/fr\/#organization"},"image":{"@id":"https:\/\/www.webdo.tn\/fr\/actualite\/national\/l-ue-envisage-une-operation-militaire-aux-frontieres-maritimes-tunisiennes\/209155\/#primaryimage"},"thumbnailUrl":"https:\/\/www.webdo.tn\/fr\/wp-content\/uploads\/2023\/10\/9cc1883bf849d3d042bf45a8ebf8b592.jpeg","keywords":["Migration","op\u00e9ration militaire","Tunisie","UE"],"articleSection":["National"],"inLanguage":"fr-FR"},{"@type":"WebPage","@id":"https:\/\/www.webdo.tn\/fr\/actualite\/national\/l-ue-envisage-une-operation-militaire-aux-frontieres-maritimes-tunisiennes\/209155\/","url":"https:\/\/www.webdo.tn\/fr\/actualite\/national\/l-ue-envisage-une-operation-militaire-aux-frontieres-maritimes-tunisiennes\/209155\/","name":"L\u2019UE envisage une op\u00e9ration militaire aux fronti\u00e8res maritimes tunisiennes !","isPartOf":{"@id":"https:\/\/www.webdo.tn\/fr\/#website"},"primaryImageOfPage":{"@id":"https:\/\/www.webdo.tn\/fr\/actualite\/national\/l-ue-envisage-une-operation-militaire-aux-frontieres-maritimes-tunisiennes\/209155\/#primaryimage"},"image":{"@id":"https:\/\/www.webdo.tn\/fr\/actualite\/national\/l-ue-envisage-une-operation-militaire-aux-frontieres-maritimes-tunisiennes\/209155\/#primaryimage"},"thumbnailUrl":"https:\/\/www.webdo.tn\/fr\/wp-content\/uploads\/2023\/10\/9cc1883bf849d3d042bf45a8ebf8b592.jpeg","datePublished":"2023-10-06T11:32:00+00:00","dateModified":"2025-05-20T22:51:58+00:00","description":"Lanc\u00e9e le 31 mars 2020, l\u2019op\u00e9ration militaire EUNAVFORMED IRINI vise \u00e0 faire respecter l\u2019embargo des Nations unies sur le transport d'armes \u00e0 destination de la...","breadcrumb":{"@id":"https:\/\/www.webdo.tn\/fr\/actualite\/national\/l-ue-envisage-une-operation-militaire-aux-frontieres-maritimes-tunisiennes\/209155\/#breadcrumb"},"inLanguage":"fr-FR","potentialAction":[{"@type":"ReadAction","target":["https:\/\/www.webdo.tn\/fr\/actualite\/national\/l-ue-envisage-une-operation-militaire-aux-frontieres-maritimes-tunisiennes\/209155\/"]}]},{"@type":"ImageObject","inLanguage":"fr-FR","@id":"https:\/\/www.webdo.tn\/fr\/actualite\/national\/l-ue-envisage-une-operation-militaire-aux-frontieres-maritimes-tunisiennes\/209155\/#primaryimage","url":"https:\/\/www.webdo.tn\/fr\/wp-content\/uploads\/2023\/10\/9cc1883bf849d3d042bf45a8ebf8b592.jpeg","contentUrl":"https:\/\/www.webdo.tn\/fr\/wp-content\/uploads\/2023\/10\/9cc1883bf849d3d042bf45a8ebf8b592.jpeg","width":678,"height":362,"caption":"L\u2019UE envisage une op\u00e9ration militaire aux fronti\u00e8res maritimes tunisiennes !"},{"@type":"BreadcrumbList","@id":"https:\/\/www.webdo.tn\/fr\/actualite\/national\/l-ue-envisage-une-operation-militaire-aux-frontieres-maritimes-tunisiennes\/209155\/#breadcrumb","itemListElement":[{"@type":"ListItem","position":1,"name":"Accueil","item":"https:\/\/www.webdo.tn\/fr\/"},{"@type":"ListItem","position":2,"name":"L\u2019UE envisage une op\u00e9ration militaire aux fronti\u00e8res maritimes tunisiennes !"}]},{"@type":"WebSite","@id":"https:\/\/www.webdo.tn\/fr\/#website","url":"https:\/\/www.webdo.tn\/fr\/","name":"webdo","description":"Tunisie - News en Tunisie et \u00e0 l&#039;international sur Webdo.tn","publisher":{"@id":"https:\/\/www.webdo.tn\/fr\/#organization"},"potentialAction":[{"@type":"SearchAction","target":{"@type":"EntryPoint","urlTemplate":"https:\/\/www.webdo.tn\/fr\/?s={search_term_string}"},"query-input":{"@type":"PropertyValueSpecification","valueRequired":true,"valueName":"search_term_string"}}],"inLanguage":"fr-FR"},{"@type":"Organization","@id":"https:\/\/www.webdo.tn\/fr\/#organization","name":"Webdo","alternateName":"Webdo.tn","url":"https:\/\/www.webdo.tn\/fr\/","logo":{"@type":"ImageObject","inLanguage":"fr-FR","@id":"https:\/\/www.webdo.tn\/fr\/#\/schema\/logo\/image\/","url":"https:\/\/www.webdo.tn\/fr\/wp-content\/uploads\/2025\/06\/Webdo-Tunisie_168377.jpg","contentUrl":"https:\/\/www.webdo.tn\/fr\/wp-content\/uploads\/2025\/06\/Webdo-Tunisie_168377.jpg","width":301,"height":301,"caption":"Webdo"},"image":{"@id":"https:\/\/www.webdo.tn\/fr\/#\/schema\/logo\/image\/"},"sameAs":["https:\/\/www.facebook.com\/webdotn","https:\/\/x.com\/webdo_tn"],"description":"Webdo est un m\u00e9dia num\u00e9rique tunisien fond\u00e9 en 2010, sp\u00e9cialis\u00e9 dans l\u2019actualit\u00e9 nationale et internationale, l\u2019\u00e9conomie, la soci\u00e9t\u00e9 et les analyses politiques. Le site s\u2019adresse \u00e0 un large public francophone et couvre l\u2019information tunisienne en temps r\u00e9el.","email":"redac@webdo.tn","legalName":"YNJ SARL","foundingDate":"2010-09-06","numberOfEmployees":{"@type":"QuantitativeValue","minValue":"11","maxValue":"50"}},{"@type":"Person","@id":"https:\/\/www.webdo.tn\/fr\/#\/schema\/person\/f35b42a42c5e2511bbd282959d6385cc","name":"CL","image":{"@type":"ImageObject","inLanguage":"fr-FR","@id":"https:\/\/secure.gravatar.com\/avatar\/1447a49909b67aa657c488aec6512e1dd6143a480c1ecfee9b5b5cd74eb3b59e?s=96&d=mm&r=g","url":"https:\/\/secure.gravatar.com\/avatar\/1447a49909b67aa657c488aec6512e1dd6143a480c1ecfee9b5b5cd74eb3b59e?s=96&d=mm&r=g","contentUrl":"https:\/\/secure.gravatar.com\/avatar\/1447a49909b67aa657c488aec6512e1dd6143a480c1ecfee9b5b5cd74eb3b59e?s=96&d=mm&r=g","caption":"CL"},"url":"https:\/\/www.webdo.tn\/fr\/actualite\/author\/cl\/"}]}},"_links":{"self":[{"href":"https:\/\/www.webdo.tn\/fr\/wp-json\/wp\/v2\/posts\/209155","targetHints":{"allow":["GET"]}}],"collection":[{"href":"https:\/\/www.webdo.tn\/fr\/wp-json\/wp\/v2\/posts"}],"about":[{"href":"https:\/\/www.webdo.tn\/fr\/wp-json\/wp\/v2\/types\/post"}],"author":[{"embeddable":true,"href":"https:\/\/www.webdo.tn\/fr\/wp-json\/wp\/v2\/users\/3175"}],"replies":[{"embeddable":true,"href":"https:\/\/www.webdo.tn\/fr\/wp-json\/wp\/v2\/comments?post=209155"}],"version-history":[{"count":0,"href":"https:\/\/www.webdo.tn\/fr\/wp-json\/wp\/v2\/posts\/209155\/revisions"}],"wp:featuredmedia":[{"embeddable":true,"href":"https:\/\/www.webdo.tn\/fr\/wp-json\/wp\/v2\/media\/278797"}],"wp:attachment":[{"href":"https:\/\/www.webdo.tn\/fr\/wp-json\/wp\/v2\/media?parent=209155"}],"wp:term":[{"taxonomy":"category","embeddable":true,"href":"https:\/\/www.webdo.tn\/fr\/wp-json\/wp\/v2\/categories?post=209155"},{"taxonomy":"post_tag","embeddable":true,"href":"https:\/\/www.webdo.tn\/fr\/wp-json\/wp\/v2\/tags?post=209155"}],"curies":[{"name":"wp","href":"https:\/\/api.w.org\/{rel}","templated":true}]}}