{"id":209150,"date":"2023-10-06T10:42:00","date_gmt":"2023-10-06T10:42:00","guid":{"rendered":"https:\/\/www.webdo.tn\/fr\/blog\/le-nobel-de-la-paix-decerne-a-la-militante-iranienne-narges-mohammadi\/209150\/"},"modified":"2025-05-20T21:57:01","modified_gmt":"2025-05-20T21:57:01","slug":"le-nobel-de-la-paix-decerne-a-la-militante-iranienne-narges-mohammadi","status":"publish","type":"post","link":"https:\/\/www.webdo.tn\/fr\/actualite\/international\/le-nobel-de-la-paix-decerne-a-la-militante-iranienne-narges-mohammadi\/209150\/","title":{"rendered":"Le Nobel de la paix d\u00e9cern\u00e9 \u00e0 la militante iranienne Narges Mohammadi"},"content":{"rendered":"<p>Le prix Nobel de la paix 2023 a \u00e9t\u00e9 d\u00e9cern\u00e9, aujourd\u2019hui \u00e0 Narges Mohammadi, journaliste et militante iranienne des droits de l&rsquo;homme emprisonn\u00e9e \u00e0 T\u00e9h\u00e9ran.<\/p>\n<p>\t\t\t\t\t\t\t\t\tLa militante et journaliste de 51 ans est r\u00e9compens\u00e9e \u00ab\u00a0pour son combat contre l\u2019oppression des femmes en Iran et sa lutte pour la promotion des droits humains et la libert\u00e9 pour tous\u00a0\u00bb, a d\u00e9clar\u00e9 la pr\u00e9sidente du comit\u00e9 Nobel norv\u00e9gien, Berit Reiss-Andersen, \u00e0 Oslo.<\/p>\n<p>Vice-pr\u00e9sidente du Centre des d\u00e9fenseurs des droits de l&rsquo;Homme fond\u00e9 par Shirin Ebadi, elle aussi prix Nobel en 2003, Narges Mohammadi a \u00e9t\u00e9 maintes fois condamn\u00e9e et emprisonn\u00e9e depuis 25 ans pour son engagement contre le voile obligatoire pour les femmes, et la peine de mort.<\/p>\n","protected":false},"excerpt":{"rendered":"<p>Le prix Nobel de la paix 2023 a \u00e9t\u00e9 d\u00e9cern\u00e9 \u00e0 Narges Mohammadi, emprisonn\u00e9e \u00e0 T\u00e9h\u00e9ran.<\/p>\n","protected":false},"author":3162,"featured_media":249135,"comment_status":"open","ping_status":"closed","sticky":false,"template":"","format":"standard","meta":{"footnotes":""},"categories":[2598],"tags":[7793,7791,7792],"class_list":["post-209150","post","type-post","status-publish","format-standard","has-post-thumbnail","hentry","category-international","tag-narges-mohammadi","tag-nobel","tag-paix"],"yoast_head":"<!-- This site is optimized with the Yoast SEO Premium plugin v27.5 (Yoast SEO v27.5) - https:\/\/yoast.com\/product\/yoast-seo-premium-wordpress\/ -->\n<title>Le Nobel de la paix d\u00e9cern\u00e9 \u00e0 la militante iranienne Narges Mohammadi<\/title>\n<meta name=\"description\" content=\"Le prix Nobel de la paix 2023 a \u00e9t\u00e9 d\u00e9cern\u00e9 \u00e0 Narges Mohammadi, emprisonn\u00e9e \u00e0 T\u00e9h\u00e9ran.\" \/>\n<link rel=\"canonical\" href=\"https:\/\/www.webdo.tn\/fr\/actualite\/international\/le-nobel-de-la-paix-decerne-a-la-militante-iranienne-narges-mohammadi\/209150\/\" \/>\n<meta property=\"og:locale\" content=\"fr_FR\" \/>\n<meta property=\"og:type\" content=\"article\" \/>\n<meta property=\"og:title\" content=\"Le Nobel de la paix d\u00e9cern\u00e9 \u00e0 la militante iranienne Narges Mohammadi\" \/>\n<meta property=\"og:description\" content=\"Le prix Nobel de la paix 2023 a \u00e9t\u00e9 d\u00e9cern\u00e9 \u00e0 Narges Mohammadi, emprisonn\u00e9e \u00e0 T\u00e9h\u00e9ran.\" \/>\n<meta property=\"og:url\" content=\"https:\/\/www.webdo.tn\/fr\/actualite\/international\/le-nobel-de-la-paix-decerne-a-la-militante-iranienne-narges-mohammadi\/209150\/\" \/>\n<meta property=\"og:site_name\" content=\"webdo\" \/>\n<meta property=\"article:publisher\" content=\"https:\/\/www.facebook.com\/webdotn\" \/>\n<meta property=\"article:published_time\" content=\"2023-10-06T10:42:00+00:00\" \/>\n<meta property=\"article:modified_time\" content=\"2025-05-20T21:57:01+00:00\" \/>\n<meta property=\"og:image\" content=\"https:\/\/www.webdo.tn\/fr\/wp-content\/uploads\/2023\/10\/818ffee8f2efd6bb051a3dda3667b85c.jpg\" \/>\n\t<meta property=\"og:image:width\" content=\"750\" \/>\n\t<meta property=\"og:image:height\" content=\"400\" \/>\n\t<meta property=\"og:image:type\" content=\"image\/jpeg\" \/>\n<meta name=\"author\" content=\"MC\" \/>\n<meta name=\"twitter:card\" content=\"summary_large_image\" \/>\n<meta name=\"twitter:creator\" content=\"@webdo_tn\" \/>\n<meta name=\"twitter:site\" content=\"@webdo_tn\" \/>\n<meta name=\"twitter:label1\" content=\"\u00c9crit par\" \/>\n\t<meta name=\"twitter:data1\" content=\"MC\" \/>\n\t<meta name=\"twitter:label2\" content=\"Dur\u00e9e de lecture estim\u00e9e\" \/>\n\t<meta name=\"twitter:data2\" content=\"1 minute\" \/>\n<script type=\"application\/ld+json\" class=\"yoast-schema-graph\">{\"@context\":\"https:\\\/\\\/schema.org\",\"@graph\":[{\"@type\":\"NewsArticle\",\"@id\":\"https:\\\/\\\/www.webdo.tn\\\/fr\\\/actualite\\\/international\\\/le-nobel-de-la-paix-decerne-a-la-militante-iranienne-narges-mohammadi\\\/209150\\\/#article\",\"isPartOf\":{\"@id\":\"https:\\\/\\\/www.webdo.tn\\\/fr\\\/actualite\\\/international\\\/le-nobel-de-la-paix-decerne-a-la-militante-iranienne-narges-mohammadi\\\/209150\\\/\"},\"author\":{\"name\":\"MC\",\"@id\":\"https:\\\/\\\/www.webdo.tn\\\/fr\\\/#\\\/schema\\\/person\\\/2c4929cbf5a809e3bd38617c6ce150f6\"},\"headline\":\"Le Nobel de la paix d\u00e9cern\u00e9 \u00e0 la militante iranienne Narges Mohammadi\",\"datePublished\":\"2023-10-06T10:42:00+00:00\",\"dateModified\":\"2025-05-20T21:57:01+00:00\",\"mainEntityOfPage\":{\"@id\":\"https:\\\/\\\/www.webdo.tn\\\/fr\\\/actualite\\\/international\\\/le-nobel-de-la-paix-decerne-a-la-militante-iranienne-narges-mohammadi\\\/209150\\\/\"},\"wordCount\":137,\"commentCount\":0,\"publisher\":{\"@id\":\"https:\\\/\\\/www.webdo.tn\\\/fr\\\/#organization\"},\"image\":{\"@id\":\"https:\\\/\\\/www.webdo.tn\\\/fr\\\/actualite\\\/international\\\/le-nobel-de-la-paix-decerne-a-la-militante-iranienne-narges-mohammadi\\\/209150\\\/#primaryimage\"},\"thumbnailUrl\":\"https:\\\/\\\/www.webdo.tn\\\/fr\\\/wp-content\\\/uploads\\\/2023\\\/10\\\/818ffee8f2efd6bb051a3dda3667b85c.jpg\",\"keywords\":[\"Narges Mohammadi\",\"nobel\",\"paix\"],\"articleSection\":[\"International\"],\"inLanguage\":\"fr-FR\"},{\"@type\":\"WebPage\",\"@id\":\"https:\\\/\\\/www.webdo.tn\\\/fr\\\/actualite\\\/international\\\/le-nobel-de-la-paix-decerne-a-la-militante-iranienne-narges-mohammadi\\\/209150\\\/\",\"url\":\"https:\\\/\\\/www.webdo.tn\\\/fr\\\/actualite\\\/international\\\/le-nobel-de-la-paix-decerne-a-la-militante-iranienne-narges-mohammadi\\\/209150\\\/\",\"name\":\"Le Nobel de la paix d\u00e9cern\u00e9 \u00e0 la militante iranienne Narges Mohammadi\",\"isPartOf\":{\"@id\":\"https:\\\/\\\/www.webdo.tn\\\/fr\\\/#website\"},\"primaryImageOfPage\":{\"@id\":\"https:\\\/\\\/www.webdo.tn\\\/fr\\\/actualite\\\/international\\\/le-nobel-de-la-paix-decerne-a-la-militante-iranienne-narges-mohammadi\\\/209150\\\/#primaryimage\"},\"image\":{\"@id\":\"https:\\\/\\\/www.webdo.tn\\\/fr\\\/actualite\\\/international\\\/le-nobel-de-la-paix-decerne-a-la-militante-iranienne-narges-mohammadi\\\/209150\\\/#primaryimage\"},\"thumbnailUrl\":\"https:\\\/\\\/www.webdo.tn\\\/fr\\\/wp-content\\\/uploads\\\/2023\\\/10\\\/818ffee8f2efd6bb051a3dda3667b85c.jpg\",\"datePublished\":\"2023-10-06T10:42:00+00:00\",\"dateModified\":\"2025-05-20T21:57:01+00:00\",\"description\":\"Le prix Nobel de la paix 2023 a \u00e9t\u00e9 d\u00e9cern\u00e9 \u00e0 Narges Mohammadi, emprisonn\u00e9e \u00e0 T\u00e9h\u00e9ran.\",\"breadcrumb\":{\"@id\":\"https:\\\/\\\/www.webdo.tn\\\/fr\\\/actualite\\\/international\\\/le-nobel-de-la-paix-decerne-a-la-militante-iranienne-narges-mohammadi\\\/209150\\\/#breadcrumb\"},\"inLanguage\":\"fr-FR\",\"potentialAction\":[{\"@type\":\"ReadAction\",\"target\":[\"https:\\\/\\\/www.webdo.tn\\\/fr\\\/actualite\\\/international\\\/le-nobel-de-la-paix-decerne-a-la-militante-iranienne-narges-mohammadi\\\/209150\\\/\"]}]},{\"@type\":\"ImageObject\",\"inLanguage\":\"fr-FR\",\"@id\":\"https:\\\/\\\/www.webdo.tn\\\/fr\\\/actualite\\\/international\\\/le-nobel-de-la-paix-decerne-a-la-militante-iranienne-narges-mohammadi\\\/209150\\\/#primaryimage\",\"url\":\"https:\\\/\\\/www.webdo.tn\\\/fr\\\/wp-content\\\/uploads\\\/2023\\\/10\\\/818ffee8f2efd6bb051a3dda3667b85c.jpg\",\"contentUrl\":\"https:\\\/\\\/www.webdo.tn\\\/fr\\\/wp-content\\\/uploads\\\/2023\\\/10\\\/818ffee8f2efd6bb051a3dda3667b85c.jpg\",\"width\":750,\"height\":400,\"caption\":\"Le Nobel de la paix d\u00e9cern\u00e9 \u00e0 la militante iranienne Narges Mohammadi\"},{\"@type\":\"BreadcrumbList\",\"@id\":\"https:\\\/\\\/www.webdo.tn\\\/fr\\\/actualite\\\/international\\\/le-nobel-de-la-paix-decerne-a-la-militante-iranienne-narges-mohammadi\\\/209150\\\/#breadcrumb\",\"itemListElement\":[{\"@type\":\"ListItem\",\"position\":1,\"name\":\"Accueil\",\"item\":\"https:\\\/\\\/www.webdo.tn\\\/fr\\\/\"},{\"@type\":\"ListItem\",\"position\":2,\"name\":\"Le Nobel de la paix d\u00e9cern\u00e9 \u00e0 la militante iranienne Narges Mohammadi\"}]},{\"@type\":\"WebSite\",\"@id\":\"https:\\\/\\\/www.webdo.tn\\\/fr\\\/#website\",\"url\":\"https:\\\/\\\/www.webdo.tn\\\/fr\\\/\",\"name\":\"webdo\",\"description\":\"Tunisie - News en Tunisie et \u00e0 l&#039;international sur Webdo.tn\",\"publisher\":{\"@id\":\"https:\\\/\\\/www.webdo.tn\\\/fr\\\/#organization\"},\"potentialAction\":[{\"@type\":\"SearchAction\",\"target\":{\"@type\":\"EntryPoint\",\"urlTemplate\":\"https:\\\/\\\/www.webdo.tn\\\/fr\\\/?s={search_term_string}\"},\"query-input\":{\"@type\":\"PropertyValueSpecification\",\"valueRequired\":true,\"valueName\":\"search_term_string\"}}],\"inLanguage\":\"fr-FR\"},{\"@type\":\"Organization\",\"@id\":\"https:\\\/\\\/www.webdo.tn\\\/fr\\\/#organization\",\"name\":\"Webdo\",\"alternateName\":\"Webdo.tn\",\"url\":\"https:\\\/\\\/www.webdo.tn\\\/fr\\\/\",\"logo\":{\"@type\":\"ImageObject\",\"inLanguage\":\"fr-FR\",\"@id\":\"https:\\\/\\\/www.webdo.tn\\\/fr\\\/#\\\/schema\\\/logo\\\/image\\\/\",\"url\":\"https:\\\/\\\/www.webdo.tn\\\/fr\\\/wp-content\\\/uploads\\\/2025\\\/06\\\/Webdo-Tunisie_168377.jpg\",\"contentUrl\":\"https:\\\/\\\/www.webdo.tn\\\/fr\\\/wp-content\\\/uploads\\\/2025\\\/06\\\/Webdo-Tunisie_168377.jpg\",\"width\":301,\"height\":301,\"caption\":\"Webdo\"},\"image\":{\"@id\":\"https:\\\/\\\/www.webdo.tn\\\/fr\\\/#\\\/schema\\\/logo\\\/image\\\/\"},\"sameAs\":[\"https:\\\/\\\/www.facebook.com\\\/webdotn\",\"https:\\\/\\\/x.com\\\/webdo_tn\"],\"description\":\"Webdo est un m\u00e9dia num\u00e9rique tunisien fond\u00e9 en 2010, sp\u00e9cialis\u00e9 dans l\u2019actualit\u00e9 nationale et internationale, l\u2019\u00e9conomie, la soci\u00e9t\u00e9 et les analyses politiques. Le site s\u2019adresse \u00e0 un large public francophone et couvre l\u2019information tunisienne en temps r\u00e9el.\",\"email\":\"redac@webdo.tn\",\"legalName\":\"YNJ SARL\",\"foundingDate\":\"2010-09-06\",\"numberOfEmployees\":{\"@type\":\"QuantitativeValue\",\"minValue\":\"11\",\"maxValue\":\"50\"}},{\"@type\":\"Person\",\"@id\":\"https:\\\/\\\/www.webdo.tn\\\/fr\\\/#\\\/schema\\\/person\\\/2c4929cbf5a809e3bd38617c6ce150f6\",\"name\":\"MC\",\"image\":{\"@type\":\"ImageObject\",\"inLanguage\":\"fr-FR\",\"@id\":\"https:\\\/\\\/secure.gravatar.com\\\/avatar\\\/a545bbb6f84efdd5553dbbc2895e3ca8f1d12c5215e00a041c9670b54aa9b18a?s=96&d=mm&r=g\",\"url\":\"https:\\\/\\\/secure.gravatar.com\\\/avatar\\\/a545bbb6f84efdd5553dbbc2895e3ca8f1d12c5215e00a041c9670b54aa9b18a?s=96&d=mm&r=g\",\"contentUrl\":\"https:\\\/\\\/secure.gravatar.com\\\/avatar\\\/a545bbb6f84efdd5553dbbc2895e3ca8f1d12c5215e00a041c9670b54aa9b18a?s=96&d=mm&r=g\",\"caption\":\"MC\"},\"url\":\"https:\\\/\\\/www.webdo.tn\\\/fr\\\/actualite\\\/author\\\/mc\\\/\"}]}<\/script>\n<!-- \/ Yoast SEO Premium plugin. -->","yoast_head_json":{"title":"Le Nobel de la paix d\u00e9cern\u00e9 \u00e0 la militante iranienne Narges Mohammadi","description":"Le prix Nobel de la paix 2023 a \u00e9t\u00e9 d\u00e9cern\u00e9 \u00e0 Narges Mohammadi, emprisonn\u00e9e \u00e0 T\u00e9h\u00e9ran.","canonical":"https:\/\/www.webdo.tn\/fr\/actualite\/international\/le-nobel-de-la-paix-decerne-a-la-militante-iranienne-narges-mohammadi\/209150\/","og_locale":"fr_FR","og_type":"article","og_title":"Le Nobel de la paix d\u00e9cern\u00e9 \u00e0 la militante iranienne Narges Mohammadi","og_description":"Le prix Nobel de la paix 2023 a \u00e9t\u00e9 d\u00e9cern\u00e9 \u00e0 Narges Mohammadi, emprisonn\u00e9e \u00e0 T\u00e9h\u00e9ran.","og_url":"https:\/\/www.webdo.tn\/fr\/actualite\/international\/le-nobel-de-la-paix-decerne-a-la-militante-iranienne-narges-mohammadi\/209150\/","og_site_name":"webdo","article_publisher":"https:\/\/www.facebook.com\/webdotn","article_published_time":"2023-10-06T10:42:00+00:00","article_modified_time":"2025-05-20T21:57:01+00:00","og_image":[{"width":750,"height":400,"url":"https:\/\/www.webdo.tn\/fr\/wp-content\/uploads\/2023\/10\/818ffee8f2efd6bb051a3dda3667b85c.jpg","type":"image\/jpeg"}],"author":"MC","twitter_card":"summary_large_image","twitter_creator":"@webdo_tn","twitter_site":"@webdo_tn","twitter_misc":{"\u00c9crit par":"MC","Dur\u00e9e de lecture estim\u00e9e":"1 minute"},"schema":{"@context":"https:\/\/schema.org","@graph":[{"@type":"NewsArticle","@id":"https:\/\/www.webdo.tn\/fr\/actualite\/international\/le-nobel-de-la-paix-decerne-a-la-militante-iranienne-narges-mohammadi\/209150\/#article","isPartOf":{"@id":"https:\/\/www.webdo.tn\/fr\/actualite\/international\/le-nobel-de-la-paix-decerne-a-la-militante-iranienne-narges-mohammadi\/209150\/"},"author":{"name":"MC","@id":"https:\/\/www.webdo.tn\/fr\/#\/schema\/person\/2c4929cbf5a809e3bd38617c6ce150f6"},"headline":"Le Nobel de la paix d\u00e9cern\u00e9 \u00e0 la militante iranienne Narges Mohammadi","datePublished":"2023-10-06T10:42:00+00:00","dateModified":"2025-05-20T21:57:01+00:00","mainEntityOfPage":{"@id":"https:\/\/www.webdo.tn\/fr\/actualite\/international\/le-nobel-de-la-paix-decerne-a-la-militante-iranienne-narges-mohammadi\/209150\/"},"wordCount":137,"commentCount":0,"publisher":{"@id":"https:\/\/www.webdo.tn\/fr\/#organization"},"image":{"@id":"https:\/\/www.webdo.tn\/fr\/actualite\/international\/le-nobel-de-la-paix-decerne-a-la-militante-iranienne-narges-mohammadi\/209150\/#primaryimage"},"thumbnailUrl":"https:\/\/www.webdo.tn\/fr\/wp-content\/uploads\/2023\/10\/818ffee8f2efd6bb051a3dda3667b85c.jpg","keywords":["Narges Mohammadi","nobel","paix"],"articleSection":["International"],"inLanguage":"fr-FR"},{"@type":"WebPage","@id":"https:\/\/www.webdo.tn\/fr\/actualite\/international\/le-nobel-de-la-paix-decerne-a-la-militante-iranienne-narges-mohammadi\/209150\/","url":"https:\/\/www.webdo.tn\/fr\/actualite\/international\/le-nobel-de-la-paix-decerne-a-la-militante-iranienne-narges-mohammadi\/209150\/","name":"Le Nobel de la paix d\u00e9cern\u00e9 \u00e0 la militante iranienne Narges Mohammadi","isPartOf":{"@id":"https:\/\/www.webdo.tn\/fr\/#website"},"primaryImageOfPage":{"@id":"https:\/\/www.webdo.tn\/fr\/actualite\/international\/le-nobel-de-la-paix-decerne-a-la-militante-iranienne-narges-mohammadi\/209150\/#primaryimage"},"image":{"@id":"https:\/\/www.webdo.tn\/fr\/actualite\/international\/le-nobel-de-la-paix-decerne-a-la-militante-iranienne-narges-mohammadi\/209150\/#primaryimage"},"thumbnailUrl":"https:\/\/www.webdo.tn\/fr\/wp-content\/uploads\/2023\/10\/818ffee8f2efd6bb051a3dda3667b85c.jpg","datePublished":"2023-10-06T10:42:00+00:00","dateModified":"2025-05-20T21:57:01+00:00","description":"Le prix Nobel de la paix 2023 a \u00e9t\u00e9 d\u00e9cern\u00e9 \u00e0 Narges Mohammadi, emprisonn\u00e9e \u00e0 T\u00e9h\u00e9ran.","breadcrumb":{"@id":"https:\/\/www.webdo.tn\/fr\/actualite\/international\/le-nobel-de-la-paix-decerne-a-la-militante-iranienne-narges-mohammadi\/209150\/#breadcrumb"},"inLanguage":"fr-FR","potentialAction":[{"@type":"ReadAction","target":["https:\/\/www.webdo.tn\/fr\/actualite\/international\/le-nobel-de-la-paix-decerne-a-la-militante-iranienne-narges-mohammadi\/209150\/"]}]},{"@type":"ImageObject","inLanguage":"fr-FR","@id":"https:\/\/www.webdo.tn\/fr\/actualite\/international\/le-nobel-de-la-paix-decerne-a-la-militante-iranienne-narges-mohammadi\/209150\/#primaryimage","url":"https:\/\/www.webdo.tn\/fr\/wp-content\/uploads\/2023\/10\/818ffee8f2efd6bb051a3dda3667b85c.jpg","contentUrl":"https:\/\/www.webdo.tn\/fr\/wp-content\/uploads\/2023\/10\/818ffee8f2efd6bb051a3dda3667b85c.jpg","width":750,"height":400,"caption":"Le Nobel de la paix d\u00e9cern\u00e9 \u00e0 la militante iranienne Narges Mohammadi"},{"@type":"BreadcrumbList","@id":"https:\/\/www.webdo.tn\/fr\/actualite\/international\/le-nobel-de-la-paix-decerne-a-la-militante-iranienne-narges-mohammadi\/209150\/#breadcrumb","itemListElement":[{"@type":"ListItem","position":1,"name":"Accueil","item":"https:\/\/www.webdo.tn\/fr\/"},{"@type":"ListItem","position":2,"name":"Le Nobel de la paix d\u00e9cern\u00e9 \u00e0 la militante iranienne Narges Mohammadi"}]},{"@type":"WebSite","@id":"https:\/\/www.webdo.tn\/fr\/#website","url":"https:\/\/www.webdo.tn\/fr\/","name":"webdo","description":"Tunisie - News en Tunisie et \u00e0 l&#039;international sur Webdo.tn","publisher":{"@id":"https:\/\/www.webdo.tn\/fr\/#organization"},"potentialAction":[{"@type":"SearchAction","target":{"@type":"EntryPoint","urlTemplate":"https:\/\/www.webdo.tn\/fr\/?s={search_term_string}"},"query-input":{"@type":"PropertyValueSpecification","valueRequired":true,"valueName":"search_term_string"}}],"inLanguage":"fr-FR"},{"@type":"Organization","@id":"https:\/\/www.webdo.tn\/fr\/#organization","name":"Webdo","alternateName":"Webdo.tn","url":"https:\/\/www.webdo.tn\/fr\/","logo":{"@type":"ImageObject","inLanguage":"fr-FR","@id":"https:\/\/www.webdo.tn\/fr\/#\/schema\/logo\/image\/","url":"https:\/\/www.webdo.tn\/fr\/wp-content\/uploads\/2025\/06\/Webdo-Tunisie_168377.jpg","contentUrl":"https:\/\/www.webdo.tn\/fr\/wp-content\/uploads\/2025\/06\/Webdo-Tunisie_168377.jpg","width":301,"height":301,"caption":"Webdo"},"image":{"@id":"https:\/\/www.webdo.tn\/fr\/#\/schema\/logo\/image\/"},"sameAs":["https:\/\/www.facebook.com\/webdotn","https:\/\/x.com\/webdo_tn"],"description":"Webdo est un m\u00e9dia num\u00e9rique tunisien fond\u00e9 en 2010, sp\u00e9cialis\u00e9 dans l\u2019actualit\u00e9 nationale et internationale, l\u2019\u00e9conomie, la soci\u00e9t\u00e9 et les analyses politiques. Le site s\u2019adresse \u00e0 un large public francophone et couvre l\u2019information tunisienne en temps r\u00e9el.","email":"redac@webdo.tn","legalName":"YNJ SARL","foundingDate":"2010-09-06","numberOfEmployees":{"@type":"QuantitativeValue","minValue":"11","maxValue":"50"}},{"@type":"Person","@id":"https:\/\/www.webdo.tn\/fr\/#\/schema\/person\/2c4929cbf5a809e3bd38617c6ce150f6","name":"MC","image":{"@type":"ImageObject","inLanguage":"fr-FR","@id":"https:\/\/secure.gravatar.com\/avatar\/a545bbb6f84efdd5553dbbc2895e3ca8f1d12c5215e00a041c9670b54aa9b18a?s=96&d=mm&r=g","url":"https:\/\/secure.gravatar.com\/avatar\/a545bbb6f84efdd5553dbbc2895e3ca8f1d12c5215e00a041c9670b54aa9b18a?s=96&d=mm&r=g","contentUrl":"https:\/\/secure.gravatar.com\/avatar\/a545bbb6f84efdd5553dbbc2895e3ca8f1d12c5215e00a041c9670b54aa9b18a?s=96&d=mm&r=g","caption":"MC"},"url":"https:\/\/www.webdo.tn\/fr\/actualite\/author\/mc\/"}]}},"_links":{"self":[{"href":"https:\/\/www.webdo.tn\/fr\/wp-json\/wp\/v2\/posts\/209150","targetHints":{"allow":["GET"]}}],"collection":[{"href":"https:\/\/www.webdo.tn\/fr\/wp-json\/wp\/v2\/posts"}],"about":[{"href":"https:\/\/www.webdo.tn\/fr\/wp-json\/wp\/v2\/types\/post"}],"author":[{"embeddable":true,"href":"https:\/\/www.webdo.tn\/fr\/wp-json\/wp\/v2\/users\/3162"}],"replies":[{"embeddable":true,"href":"https:\/\/www.webdo.tn\/fr\/wp-json\/wp\/v2\/comments?post=209150"}],"version-history":[{"count":0,"href":"https:\/\/www.webdo.tn\/fr\/wp-json\/wp\/v2\/posts\/209150\/revisions"}],"wp:featuredmedia":[{"embeddable":true,"href":"https:\/\/www.webdo.tn\/fr\/wp-json\/wp\/v2\/media\/249135"}],"wp:attachment":[{"href":"https:\/\/www.webdo.tn\/fr\/wp-json\/wp\/v2\/media?parent=209150"}],"wp:term":[{"taxonomy":"category","embeddable":true,"href":"https:\/\/www.webdo.tn\/fr\/wp-json\/wp\/v2\/categories?post=209150"},{"taxonomy":"post_tag","embeddable":true,"href":"https:\/\/www.webdo.tn\/fr\/wp-json\/wp\/v2\/tags?post=209150"}],"curies":[{"name":"wp","href":"https:\/\/api.w.org\/{rel}","templated":true}]}}