{"id":209146,"date":"2023-10-06T09:18:00","date_gmt":"2023-10-06T09:18:00","guid":{"rendered":"https:\/\/www.webdo.tn\/fr\/blog\/tajani-bientot-en-tunisie-au-sujet-d-une-importante-convention\/209146\/"},"modified":"2025-05-20T22:40:32","modified_gmt":"2025-05-20T22:40:32","slug":"tajani-bientot-en-tunisie-au-sujet-d-une-importante-convention","status":"publish","type":"post","link":"https:\/\/www.webdo.tn\/fr\/actualite\/national\/tajani-bientot-en-tunisie-au-sujet-d-une-importante-convention\/209146\/","title":{"rendered":"Tajani bient\u00f4t en Tunisie pour signer une importante convention"},"content":{"rendered":"<p>Sans donner une date pr\u00e9cise, le chef de la diplomatie italienne, Antonio Tajani a annonc\u00e9 qu\u2019il effectuera bient\u00f4t une visite en Tunisie.<\/p>\n<p>\t\t\t\t\t\t\t\t\tS\u2019exprimant dans des d\u00e9clarations m\u00e9diatiques, hier jeudi 5 octobre, le haut responsable italien pr\u00e9cise que cette visite aura pour objectif la signature d\u2019une convention avec la Tunisie pour hausser le nombre des migrants tunisiens r\u00e9guliers.\u00a0<\/p>\n<p>Tajani a expliqu\u00e9 \u00e9galement qu\u2019il \u00e9tait en visite en Arabie Saoudite, et que Ryad a approuv\u00e9 des aides destin\u00e9s \u00e0 soutenir la Tunisie et l\u2019Afrique.\u00a0<\/p>\n<p>Dans le cadre de l\u2019application d\u2019une convention de partenariat avec la Tunisie dont la signature est pr\u00e9vue prochainement, l\u2019Italie envisage d\u2019accueillir des milliers de travailleurs tunisiens dans diff\u00e9rents secteurs d\u2019activit\u00e9s.<\/p>\n","protected":false},"excerpt":{"rendered":"<p>Le chef de la diplomatie italienne, Antonio Tajani a annonc\u00e9 qu\u2019il effectuera bient\u00f4t une visite en Tunisie.<\/p>\n","protected":false},"author":3175,"featured_media":249133,"comment_status":"open","ping_status":"closed","sticky":false,"template":"","format":"standard","meta":{"footnotes":""},"categories":[44],"tags":[7790,4590,2660,2608],"class_list":["post-209146","post","type-post","status-publish","format-standard","has-post-thumbnail","hentry","category-national","tag-antonion-tajani","tag-convention","tag-italie","tag-tunisie"],"yoast_head":"<!-- This site is optimized with the Yoast SEO Premium plugin v27.5 (Yoast SEO v27.5) - https:\/\/yoast.com\/product\/yoast-seo-premium-wordpress\/ -->\n<title>Tajani bient\u00f4t en Tunisie pour signer une importante convention<\/title>\n<meta name=\"description\" content=\"Le chef de la diplomatie italienne, Antonio Tajani a annonc\u00e9 qu\u2019il effectuera bient\u00f4t une visite en Tunisie.\" \/>\n<link rel=\"canonical\" href=\"https:\/\/www.webdo.tn\/fr\/actualite\/national\/tajani-bientot-en-tunisie-au-sujet-d-une-importante-convention\/209146\/\" \/>\n<meta property=\"og:locale\" content=\"fr_FR\" \/>\n<meta property=\"og:type\" content=\"article\" \/>\n<meta property=\"og:title\" content=\"Tajani bient\u00f4t en Tunisie pour signer une importante convention\" \/>\n<meta property=\"og:description\" content=\"Le chef de la diplomatie italienne, Antonio Tajani a annonc\u00e9 qu\u2019il effectuera bient\u00f4t une visite en Tunisie.\" \/>\n<meta property=\"og:url\" content=\"https:\/\/www.webdo.tn\/fr\/actualite\/national\/tajani-bientot-en-tunisie-au-sujet-d-une-importante-convention\/209146\/\" \/>\n<meta property=\"og:site_name\" content=\"webdo\" \/>\n<meta property=\"article:publisher\" content=\"https:\/\/www.facebook.com\/webdotn\" \/>\n<meta property=\"article:published_time\" content=\"2023-10-06T09:18:00+00:00\" \/>\n<meta property=\"article:modified_time\" content=\"2025-05-20T22:40:32+00:00\" \/>\n<meta property=\"og:image\" content=\"https:\/\/www.webdo.tn\/fr\/wp-content\/uploads\/2023\/10\/f15301f36ab1fa7ef4636f23c8e255f7.png\" \/>\n\t<meta property=\"og:image:width\" content=\"750\" \/>\n\t<meta property=\"og:image:height\" content=\"400\" \/>\n\t<meta property=\"og:image:type\" content=\"image\/png\" \/>\n<meta name=\"author\" content=\"CL\" \/>\n<meta name=\"twitter:card\" content=\"summary_large_image\" \/>\n<meta name=\"twitter:creator\" content=\"@webdo_tn\" \/>\n<meta name=\"twitter:site\" content=\"@webdo_tn\" \/>\n<meta name=\"twitter:label1\" content=\"\u00c9crit par\" \/>\n\t<meta name=\"twitter:data1\" content=\"CL\" \/>\n\t<meta name=\"twitter:label2\" content=\"Dur\u00e9e de lecture estim\u00e9e\" \/>\n\t<meta name=\"twitter:data2\" content=\"1 minute\" \/>\n<script type=\"application\/ld+json\" class=\"yoast-schema-graph\">{\"@context\":\"https:\\\/\\\/schema.org\",\"@graph\":[{\"@type\":\"NewsArticle\",\"@id\":\"https:\\\/\\\/www.webdo.tn\\\/fr\\\/actualite\\\/national\\\/tajani-bientot-en-tunisie-au-sujet-d-une-importante-convention\\\/209146\\\/#article\",\"isPartOf\":{\"@id\":\"https:\\\/\\\/www.webdo.tn\\\/fr\\\/actualite\\\/national\\\/tajani-bientot-en-tunisie-au-sujet-d-une-importante-convention\\\/209146\\\/\"},\"author\":{\"name\":\"CL\",\"@id\":\"https:\\\/\\\/www.webdo.tn\\\/fr\\\/#\\\/schema\\\/person\\\/f35b42a42c5e2511bbd282959d6385cc\"},\"headline\":\"Tajani bient\u00f4t en Tunisie pour signer une importante convention\",\"datePublished\":\"2023-10-06T09:18:00+00:00\",\"dateModified\":\"2025-05-20T22:40:32+00:00\",\"mainEntityOfPage\":{\"@id\":\"https:\\\/\\\/www.webdo.tn\\\/fr\\\/actualite\\\/national\\\/tajani-bientot-en-tunisie-au-sujet-d-une-importante-convention\\\/209146\\\/\"},\"wordCount\":140,\"commentCount\":0,\"publisher\":{\"@id\":\"https:\\\/\\\/www.webdo.tn\\\/fr\\\/#organization\"},\"image\":{\"@id\":\"https:\\\/\\\/www.webdo.tn\\\/fr\\\/actualite\\\/national\\\/tajani-bientot-en-tunisie-au-sujet-d-une-importante-convention\\\/209146\\\/#primaryimage\"},\"thumbnailUrl\":\"https:\\\/\\\/www.webdo.tn\\\/fr\\\/wp-content\\\/uploads\\\/2023\\\/10\\\/f15301f36ab1fa7ef4636f23c8e255f7.png\",\"keywords\":[\"Antonion Tajani\",\"convention\",\"Italie\",\"Tunisie\"],\"articleSection\":[\"National\"],\"inLanguage\":\"fr-FR\"},{\"@type\":\"WebPage\",\"@id\":\"https:\\\/\\\/www.webdo.tn\\\/fr\\\/actualite\\\/national\\\/tajani-bientot-en-tunisie-au-sujet-d-une-importante-convention\\\/209146\\\/\",\"url\":\"https:\\\/\\\/www.webdo.tn\\\/fr\\\/actualite\\\/national\\\/tajani-bientot-en-tunisie-au-sujet-d-une-importante-convention\\\/209146\\\/\",\"name\":\"Tajani bient\u00f4t en Tunisie pour signer une importante convention\",\"isPartOf\":{\"@id\":\"https:\\\/\\\/www.webdo.tn\\\/fr\\\/#website\"},\"primaryImageOfPage\":{\"@id\":\"https:\\\/\\\/www.webdo.tn\\\/fr\\\/actualite\\\/national\\\/tajani-bientot-en-tunisie-au-sujet-d-une-importante-convention\\\/209146\\\/#primaryimage\"},\"image\":{\"@id\":\"https:\\\/\\\/www.webdo.tn\\\/fr\\\/actualite\\\/national\\\/tajani-bientot-en-tunisie-au-sujet-d-une-importante-convention\\\/209146\\\/#primaryimage\"},\"thumbnailUrl\":\"https:\\\/\\\/www.webdo.tn\\\/fr\\\/wp-content\\\/uploads\\\/2023\\\/10\\\/f15301f36ab1fa7ef4636f23c8e255f7.png\",\"datePublished\":\"2023-10-06T09:18:00+00:00\",\"dateModified\":\"2025-05-20T22:40:32+00:00\",\"description\":\"Le chef de la diplomatie italienne, Antonio Tajani a annonc\u00e9 qu\u2019il effectuera bient\u00f4t une visite en Tunisie.\",\"breadcrumb\":{\"@id\":\"https:\\\/\\\/www.webdo.tn\\\/fr\\\/actualite\\\/national\\\/tajani-bientot-en-tunisie-au-sujet-d-une-importante-convention\\\/209146\\\/#breadcrumb\"},\"inLanguage\":\"fr-FR\",\"potentialAction\":[{\"@type\":\"ReadAction\",\"target\":[\"https:\\\/\\\/www.webdo.tn\\\/fr\\\/actualite\\\/national\\\/tajani-bientot-en-tunisie-au-sujet-d-une-importante-convention\\\/209146\\\/\"]}]},{\"@type\":\"ImageObject\",\"inLanguage\":\"fr-FR\",\"@id\":\"https:\\\/\\\/www.webdo.tn\\\/fr\\\/actualite\\\/national\\\/tajani-bientot-en-tunisie-au-sujet-d-une-importante-convention\\\/209146\\\/#primaryimage\",\"url\":\"https:\\\/\\\/www.webdo.tn\\\/fr\\\/wp-content\\\/uploads\\\/2023\\\/10\\\/f15301f36ab1fa7ef4636f23c8e255f7.png\",\"contentUrl\":\"https:\\\/\\\/www.webdo.tn\\\/fr\\\/wp-content\\\/uploads\\\/2023\\\/10\\\/f15301f36ab1fa7ef4636f23c8e255f7.png\",\"width\":750,\"height\":400,\"caption\":\"Tajani bient\u00f4t en Tunisie pour signer une importante convention\"},{\"@type\":\"BreadcrumbList\",\"@id\":\"https:\\\/\\\/www.webdo.tn\\\/fr\\\/actualite\\\/national\\\/tajani-bientot-en-tunisie-au-sujet-d-une-importante-convention\\\/209146\\\/#breadcrumb\",\"itemListElement\":[{\"@type\":\"ListItem\",\"position\":1,\"name\":\"Accueil\",\"item\":\"https:\\\/\\\/www.webdo.tn\\\/fr\\\/\"},{\"@type\":\"ListItem\",\"position\":2,\"name\":\"Tajani bient\u00f4t en Tunisie pour signer une importante convention\"}]},{\"@type\":\"WebSite\",\"@id\":\"https:\\\/\\\/www.webdo.tn\\\/fr\\\/#website\",\"url\":\"https:\\\/\\\/www.webdo.tn\\\/fr\\\/\",\"name\":\"webdo\",\"description\":\"Tunisie - News en Tunisie et \u00e0 l&#039;international sur Webdo.tn\",\"publisher\":{\"@id\":\"https:\\\/\\\/www.webdo.tn\\\/fr\\\/#organization\"},\"potentialAction\":[{\"@type\":\"SearchAction\",\"target\":{\"@type\":\"EntryPoint\",\"urlTemplate\":\"https:\\\/\\\/www.webdo.tn\\\/fr\\\/?s={search_term_string}\"},\"query-input\":{\"@type\":\"PropertyValueSpecification\",\"valueRequired\":true,\"valueName\":\"search_term_string\"}}],\"inLanguage\":\"fr-FR\"},{\"@type\":\"Organization\",\"@id\":\"https:\\\/\\\/www.webdo.tn\\\/fr\\\/#organization\",\"name\":\"Webdo\",\"alternateName\":\"Webdo.tn\",\"url\":\"https:\\\/\\\/www.webdo.tn\\\/fr\\\/\",\"logo\":{\"@type\":\"ImageObject\",\"inLanguage\":\"fr-FR\",\"@id\":\"https:\\\/\\\/www.webdo.tn\\\/fr\\\/#\\\/schema\\\/logo\\\/image\\\/\",\"url\":\"https:\\\/\\\/www.webdo.tn\\\/fr\\\/wp-content\\\/uploads\\\/2025\\\/06\\\/Webdo-Tunisie_168377.jpg\",\"contentUrl\":\"https:\\\/\\\/www.webdo.tn\\\/fr\\\/wp-content\\\/uploads\\\/2025\\\/06\\\/Webdo-Tunisie_168377.jpg\",\"width\":301,\"height\":301,\"caption\":\"Webdo\"},\"image\":{\"@id\":\"https:\\\/\\\/www.webdo.tn\\\/fr\\\/#\\\/schema\\\/logo\\\/image\\\/\"},\"sameAs\":[\"https:\\\/\\\/www.facebook.com\\\/webdotn\",\"https:\\\/\\\/x.com\\\/webdo_tn\"],\"description\":\"Webdo est un m\u00e9dia num\u00e9rique tunisien fond\u00e9 en 2010, sp\u00e9cialis\u00e9 dans l\u2019actualit\u00e9 nationale et internationale, l\u2019\u00e9conomie, la soci\u00e9t\u00e9 et les analyses politiques. Le site s\u2019adresse \u00e0 un large public francophone et couvre l\u2019information tunisienne en temps r\u00e9el.\",\"email\":\"redac@webdo.tn\",\"legalName\":\"YNJ SARL\",\"foundingDate\":\"2010-09-06\",\"numberOfEmployees\":{\"@type\":\"QuantitativeValue\",\"minValue\":\"11\",\"maxValue\":\"50\"}},{\"@type\":\"Person\",\"@id\":\"https:\\\/\\\/www.webdo.tn\\\/fr\\\/#\\\/schema\\\/person\\\/f35b42a42c5e2511bbd282959d6385cc\",\"name\":\"CL\",\"image\":{\"@type\":\"ImageObject\",\"inLanguage\":\"fr-FR\",\"@id\":\"https:\\\/\\\/secure.gravatar.com\\\/avatar\\\/1447a49909b67aa657c488aec6512e1dd6143a480c1ecfee9b5b5cd74eb3b59e?s=96&d=mm&r=g\",\"url\":\"https:\\\/\\\/secure.gravatar.com\\\/avatar\\\/1447a49909b67aa657c488aec6512e1dd6143a480c1ecfee9b5b5cd74eb3b59e?s=96&d=mm&r=g\",\"contentUrl\":\"https:\\\/\\\/secure.gravatar.com\\\/avatar\\\/1447a49909b67aa657c488aec6512e1dd6143a480c1ecfee9b5b5cd74eb3b59e?s=96&d=mm&r=g\",\"caption\":\"CL\"},\"url\":\"https:\\\/\\\/www.webdo.tn\\\/fr\\\/actualite\\\/author\\\/cl\\\/\"}]}<\/script>\n<!-- \/ Yoast SEO Premium plugin. -->","yoast_head_json":{"title":"Tajani bient\u00f4t en Tunisie pour signer une importante convention","description":"Le chef de la diplomatie italienne, Antonio Tajani a annonc\u00e9 qu\u2019il effectuera bient\u00f4t une visite en Tunisie.","canonical":"https:\/\/www.webdo.tn\/fr\/actualite\/national\/tajani-bientot-en-tunisie-au-sujet-d-une-importante-convention\/209146\/","og_locale":"fr_FR","og_type":"article","og_title":"Tajani bient\u00f4t en Tunisie pour signer une importante convention","og_description":"Le chef de la diplomatie italienne, Antonio Tajani a annonc\u00e9 qu\u2019il effectuera bient\u00f4t une visite en Tunisie.","og_url":"https:\/\/www.webdo.tn\/fr\/actualite\/national\/tajani-bientot-en-tunisie-au-sujet-d-une-importante-convention\/209146\/","og_site_name":"webdo","article_publisher":"https:\/\/www.facebook.com\/webdotn","article_published_time":"2023-10-06T09:18:00+00:00","article_modified_time":"2025-05-20T22:40:32+00:00","og_image":[{"width":750,"height":400,"url":"https:\/\/www.webdo.tn\/fr\/wp-content\/uploads\/2023\/10\/f15301f36ab1fa7ef4636f23c8e255f7.png","type":"image\/png"}],"author":"CL","twitter_card":"summary_large_image","twitter_creator":"@webdo_tn","twitter_site":"@webdo_tn","twitter_misc":{"\u00c9crit par":"CL","Dur\u00e9e de lecture estim\u00e9e":"1 minute"},"schema":{"@context":"https:\/\/schema.org","@graph":[{"@type":"NewsArticle","@id":"https:\/\/www.webdo.tn\/fr\/actualite\/national\/tajani-bientot-en-tunisie-au-sujet-d-une-importante-convention\/209146\/#article","isPartOf":{"@id":"https:\/\/www.webdo.tn\/fr\/actualite\/national\/tajani-bientot-en-tunisie-au-sujet-d-une-importante-convention\/209146\/"},"author":{"name":"CL","@id":"https:\/\/www.webdo.tn\/fr\/#\/schema\/person\/f35b42a42c5e2511bbd282959d6385cc"},"headline":"Tajani bient\u00f4t en Tunisie pour signer une importante convention","datePublished":"2023-10-06T09:18:00+00:00","dateModified":"2025-05-20T22:40:32+00:00","mainEntityOfPage":{"@id":"https:\/\/www.webdo.tn\/fr\/actualite\/national\/tajani-bientot-en-tunisie-au-sujet-d-une-importante-convention\/209146\/"},"wordCount":140,"commentCount":0,"publisher":{"@id":"https:\/\/www.webdo.tn\/fr\/#organization"},"image":{"@id":"https:\/\/www.webdo.tn\/fr\/actualite\/national\/tajani-bientot-en-tunisie-au-sujet-d-une-importante-convention\/209146\/#primaryimage"},"thumbnailUrl":"https:\/\/www.webdo.tn\/fr\/wp-content\/uploads\/2023\/10\/f15301f36ab1fa7ef4636f23c8e255f7.png","keywords":["Antonion Tajani","convention","Italie","Tunisie"],"articleSection":["National"],"inLanguage":"fr-FR"},{"@type":"WebPage","@id":"https:\/\/www.webdo.tn\/fr\/actualite\/national\/tajani-bientot-en-tunisie-au-sujet-d-une-importante-convention\/209146\/","url":"https:\/\/www.webdo.tn\/fr\/actualite\/national\/tajani-bientot-en-tunisie-au-sujet-d-une-importante-convention\/209146\/","name":"Tajani bient\u00f4t en Tunisie pour signer une importante convention","isPartOf":{"@id":"https:\/\/www.webdo.tn\/fr\/#website"},"primaryImageOfPage":{"@id":"https:\/\/www.webdo.tn\/fr\/actualite\/national\/tajani-bientot-en-tunisie-au-sujet-d-une-importante-convention\/209146\/#primaryimage"},"image":{"@id":"https:\/\/www.webdo.tn\/fr\/actualite\/national\/tajani-bientot-en-tunisie-au-sujet-d-une-importante-convention\/209146\/#primaryimage"},"thumbnailUrl":"https:\/\/www.webdo.tn\/fr\/wp-content\/uploads\/2023\/10\/f15301f36ab1fa7ef4636f23c8e255f7.png","datePublished":"2023-10-06T09:18:00+00:00","dateModified":"2025-05-20T22:40:32+00:00","description":"Le chef de la diplomatie italienne, Antonio Tajani a annonc\u00e9 qu\u2019il effectuera bient\u00f4t une visite en Tunisie.","breadcrumb":{"@id":"https:\/\/www.webdo.tn\/fr\/actualite\/national\/tajani-bientot-en-tunisie-au-sujet-d-une-importante-convention\/209146\/#breadcrumb"},"inLanguage":"fr-FR","potentialAction":[{"@type":"ReadAction","target":["https:\/\/www.webdo.tn\/fr\/actualite\/national\/tajani-bientot-en-tunisie-au-sujet-d-une-importante-convention\/209146\/"]}]},{"@type":"ImageObject","inLanguage":"fr-FR","@id":"https:\/\/www.webdo.tn\/fr\/actualite\/national\/tajani-bientot-en-tunisie-au-sujet-d-une-importante-convention\/209146\/#primaryimage","url":"https:\/\/www.webdo.tn\/fr\/wp-content\/uploads\/2023\/10\/f15301f36ab1fa7ef4636f23c8e255f7.png","contentUrl":"https:\/\/www.webdo.tn\/fr\/wp-content\/uploads\/2023\/10\/f15301f36ab1fa7ef4636f23c8e255f7.png","width":750,"height":400,"caption":"Tajani bient\u00f4t en Tunisie pour signer une importante convention"},{"@type":"BreadcrumbList","@id":"https:\/\/www.webdo.tn\/fr\/actualite\/national\/tajani-bientot-en-tunisie-au-sujet-d-une-importante-convention\/209146\/#breadcrumb","itemListElement":[{"@type":"ListItem","position":1,"name":"Accueil","item":"https:\/\/www.webdo.tn\/fr\/"},{"@type":"ListItem","position":2,"name":"Tajani bient\u00f4t en Tunisie pour signer une importante convention"}]},{"@type":"WebSite","@id":"https:\/\/www.webdo.tn\/fr\/#website","url":"https:\/\/www.webdo.tn\/fr\/","name":"webdo","description":"Tunisie - News en Tunisie et \u00e0 l&#039;international sur Webdo.tn","publisher":{"@id":"https:\/\/www.webdo.tn\/fr\/#organization"},"potentialAction":[{"@type":"SearchAction","target":{"@type":"EntryPoint","urlTemplate":"https:\/\/www.webdo.tn\/fr\/?s={search_term_string}"},"query-input":{"@type":"PropertyValueSpecification","valueRequired":true,"valueName":"search_term_string"}}],"inLanguage":"fr-FR"},{"@type":"Organization","@id":"https:\/\/www.webdo.tn\/fr\/#organization","name":"Webdo","alternateName":"Webdo.tn","url":"https:\/\/www.webdo.tn\/fr\/","logo":{"@type":"ImageObject","inLanguage":"fr-FR","@id":"https:\/\/www.webdo.tn\/fr\/#\/schema\/logo\/image\/","url":"https:\/\/www.webdo.tn\/fr\/wp-content\/uploads\/2025\/06\/Webdo-Tunisie_168377.jpg","contentUrl":"https:\/\/www.webdo.tn\/fr\/wp-content\/uploads\/2025\/06\/Webdo-Tunisie_168377.jpg","width":301,"height":301,"caption":"Webdo"},"image":{"@id":"https:\/\/www.webdo.tn\/fr\/#\/schema\/logo\/image\/"},"sameAs":["https:\/\/www.facebook.com\/webdotn","https:\/\/x.com\/webdo_tn"],"description":"Webdo est un m\u00e9dia num\u00e9rique tunisien fond\u00e9 en 2010, sp\u00e9cialis\u00e9 dans l\u2019actualit\u00e9 nationale et internationale, l\u2019\u00e9conomie, la soci\u00e9t\u00e9 et les analyses politiques. Le site s\u2019adresse \u00e0 un large public francophone et couvre l\u2019information tunisienne en temps r\u00e9el.","email":"redac@webdo.tn","legalName":"YNJ SARL","foundingDate":"2010-09-06","numberOfEmployees":{"@type":"QuantitativeValue","minValue":"11","maxValue":"50"}},{"@type":"Person","@id":"https:\/\/www.webdo.tn\/fr\/#\/schema\/person\/f35b42a42c5e2511bbd282959d6385cc","name":"CL","image":{"@type":"ImageObject","inLanguage":"fr-FR","@id":"https:\/\/secure.gravatar.com\/avatar\/1447a49909b67aa657c488aec6512e1dd6143a480c1ecfee9b5b5cd74eb3b59e?s=96&d=mm&r=g","url":"https:\/\/secure.gravatar.com\/avatar\/1447a49909b67aa657c488aec6512e1dd6143a480c1ecfee9b5b5cd74eb3b59e?s=96&d=mm&r=g","contentUrl":"https:\/\/secure.gravatar.com\/avatar\/1447a49909b67aa657c488aec6512e1dd6143a480c1ecfee9b5b5cd74eb3b59e?s=96&d=mm&r=g","caption":"CL"},"url":"https:\/\/www.webdo.tn\/fr\/actualite\/author\/cl\/"}]}},"_links":{"self":[{"href":"https:\/\/www.webdo.tn\/fr\/wp-json\/wp\/v2\/posts\/209146","targetHints":{"allow":["GET"]}}],"collection":[{"href":"https:\/\/www.webdo.tn\/fr\/wp-json\/wp\/v2\/posts"}],"about":[{"href":"https:\/\/www.webdo.tn\/fr\/wp-json\/wp\/v2\/types\/post"}],"author":[{"embeddable":true,"href":"https:\/\/www.webdo.tn\/fr\/wp-json\/wp\/v2\/users\/3175"}],"replies":[{"embeddable":true,"href":"https:\/\/www.webdo.tn\/fr\/wp-json\/wp\/v2\/comments?post=209146"}],"version-history":[{"count":0,"href":"https:\/\/www.webdo.tn\/fr\/wp-json\/wp\/v2\/posts\/209146\/revisions"}],"wp:featuredmedia":[{"embeddable":true,"href":"https:\/\/www.webdo.tn\/fr\/wp-json\/wp\/v2\/media\/249133"}],"wp:attachment":[{"href":"https:\/\/www.webdo.tn\/fr\/wp-json\/wp\/v2\/media?parent=209146"}],"wp:term":[{"taxonomy":"category","embeddable":true,"href":"https:\/\/www.webdo.tn\/fr\/wp-json\/wp\/v2\/categories?post=209146"},{"taxonomy":"post_tag","embeddable":true,"href":"https:\/\/www.webdo.tn\/fr\/wp-json\/wp\/v2\/tags?post=209146"}],"curies":[{"name":"wp","href":"https:\/\/api.w.org\/{rel}","templated":true}]}}