{"id":209143,"date":"2023-10-06T09:03:00","date_gmt":"2023-10-06T09:03:00","guid":{"rendered":"https:\/\/www.webdo.tn\/fr\/blog\/112-morts-dans-une-attaque-contre-l-armee-en-syrie\/209143\/"},"modified":"2025-05-20T21:57:00","modified_gmt":"2025-05-20T21:57:00","slug":"112-morts-dans-une-attaque-contre-l-armee-en-syrie","status":"publish","type":"post","link":"https:\/\/www.webdo.tn\/fr\/actualite\/international\/112-morts-dans-une-attaque-contre-l-armee-en-syrie\/209143\/","title":{"rendered":"112 morts dans une attaque contre l&rsquo;arm\u00e9e en Syrie"},"content":{"rendered":"<p>Plus de 110 personnes ont \u00e9t\u00e9 tu\u00e9es, jeudi 5 octobre 2023, dans une attaque contre une acad\u00e9mie militaire en Syrie.<\/p>\n<p>\t\t\t\t\t\t\t\t\tL&rsquo;attaque contre une c\u00e9r\u00e9monie de promotion d&rsquo;officiers du r\u00e9gime \u00e0 Homs a \u00e9t\u00e9 imput\u00e9e \u00e0 \u00ab\u00a0des organisations terroristes\u00a0\u00bb par l&rsquo;arm\u00e9e syrienne. Elle a \u00e9t\u00e9 men\u00e9e \u00ab\u00a0\u00e0 l&rsquo;aide de drones charg\u00e9s d&rsquo;explosifs\u00a0\u00bb, selon l&rsquo;arm\u00e9e.<\/p>\n<p>L&rsquo;attaque a fait 112 morts dont 21 civils et au moins 120 bless\u00e9s, selon un bilan de l&rsquo;Observatoire syrien des droits de l&rsquo;homme (OSDH).<\/p>\n<p>L&rsquo;attaque n&rsquo;a pas \u00e9t\u00e9 revendiqu\u00e9e.<\/p>\n","protected":false},"excerpt":{"rendered":"<p>Plus de 110 personnes ont \u00e9t\u00e9 tu\u00e9es dans une attaque terroriste contre une acad\u00e9mie militaire en Syrie.<\/p>\n","protected":false},"author":3162,"featured_media":249131,"comment_status":"open","ping_status":"closed","sticky":false,"template":"","format":"standard","meta":{"footnotes":""},"categories":[2598],"tags":[4479,3918,3504],"class_list":["post-209143","post","type-post","status-publish","format-standard","has-post-thumbnail","hentry","category-international","tag-armee","tag-attaque","tag-syrie"],"yoast_head":"<!-- This site is optimized with the Yoast SEO Premium plugin v27.5 (Yoast SEO v27.5) - https:\/\/yoast.com\/product\/yoast-seo-premium-wordpress\/ -->\n<title>112 morts dans une attaque contre l&#039;arm\u00e9e en Syrie<\/title>\n<meta name=\"description\" content=\"Plus de 110 personnes ont \u00e9t\u00e9 tu\u00e9es dans une attaque terroriste contre une acad\u00e9mie militaire en Syrie.\" \/>\n<link rel=\"canonical\" href=\"https:\/\/www.webdo.tn\/fr\/actualite\/international\/112-morts-dans-une-attaque-contre-l-armee-en-syrie\/209143\/\" \/>\n<meta property=\"og:locale\" content=\"fr_FR\" \/>\n<meta property=\"og:type\" content=\"article\" \/>\n<meta property=\"og:title\" content=\"112 morts dans une attaque contre l&#039;arm\u00e9e en Syrie\" \/>\n<meta property=\"og:description\" content=\"Plus de 110 personnes ont \u00e9t\u00e9 tu\u00e9es dans une attaque terroriste contre une acad\u00e9mie militaire en Syrie.\" \/>\n<meta property=\"og:url\" content=\"https:\/\/www.webdo.tn\/fr\/actualite\/international\/112-morts-dans-une-attaque-contre-l-armee-en-syrie\/209143\/\" \/>\n<meta property=\"og:site_name\" content=\"webdo\" \/>\n<meta property=\"article:publisher\" content=\"https:\/\/www.facebook.com\/webdotn\" \/>\n<meta property=\"article:published_time\" content=\"2023-10-06T09:03:00+00:00\" \/>\n<meta property=\"article:modified_time\" content=\"2025-05-20T21:57:00+00:00\" \/>\n<meta property=\"og:image\" content=\"https:\/\/www.webdo.tn\/fr\/wp-content\/uploads\/2023\/10\/7a44feb93a1296b3df5773f8d2a60b24.jpg\" \/>\n\t<meta property=\"og:image:width\" content=\"650\" \/>\n\t<meta property=\"og:image:height\" content=\"347\" \/>\n\t<meta property=\"og:image:type\" content=\"image\/jpeg\" \/>\n<meta name=\"author\" content=\"MC\" \/>\n<meta name=\"twitter:card\" content=\"summary_large_image\" \/>\n<meta name=\"twitter:creator\" content=\"@webdo_tn\" \/>\n<meta name=\"twitter:site\" content=\"@webdo_tn\" \/>\n<meta name=\"twitter:label1\" content=\"\u00c9crit par\" \/>\n\t<meta name=\"twitter:data1\" content=\"MC\" \/>\n<script type=\"application\/ld+json\" class=\"yoast-schema-graph\">{\"@context\":\"https:\\\/\\\/schema.org\",\"@graph\":[{\"@type\":\"NewsArticle\",\"@id\":\"https:\\\/\\\/www.webdo.tn\\\/fr\\\/actualite\\\/international\\\/112-morts-dans-une-attaque-contre-l-armee-en-syrie\\\/209143\\\/#article\",\"isPartOf\":{\"@id\":\"https:\\\/\\\/www.webdo.tn\\\/fr\\\/actualite\\\/international\\\/112-morts-dans-une-attaque-contre-l-armee-en-syrie\\\/209143\\\/\"},\"author\":{\"name\":\"MC\",\"@id\":\"https:\\\/\\\/www.webdo.tn\\\/fr\\\/#\\\/schema\\\/person\\\/2c4929cbf5a809e3bd38617c6ce150f6\"},\"headline\":\"112 morts dans une attaque contre l&rsquo;arm\u00e9e en Syrie\",\"datePublished\":\"2023-10-06T09:03:00+00:00\",\"dateModified\":\"2025-05-20T21:57:00+00:00\",\"mainEntityOfPage\":{\"@id\":\"https:\\\/\\\/www.webdo.tn\\\/fr\\\/actualite\\\/international\\\/112-morts-dans-une-attaque-contre-l-armee-en-syrie\\\/209143\\\/\"},\"wordCount\":106,\"commentCount\":0,\"publisher\":{\"@id\":\"https:\\\/\\\/www.webdo.tn\\\/fr\\\/#organization\"},\"image\":{\"@id\":\"https:\\\/\\\/www.webdo.tn\\\/fr\\\/actualite\\\/international\\\/112-morts-dans-une-attaque-contre-l-armee-en-syrie\\\/209143\\\/#primaryimage\"},\"thumbnailUrl\":\"https:\\\/\\\/www.webdo.tn\\\/fr\\\/wp-content\\\/uploads\\\/2023\\\/10\\\/7a44feb93a1296b3df5773f8d2a60b24.jpg\",\"keywords\":[\"arm\u00e9e\",\"attaque\",\"syrie\"],\"articleSection\":[\"International\"],\"inLanguage\":\"fr-FR\"},{\"@type\":\"WebPage\",\"@id\":\"https:\\\/\\\/www.webdo.tn\\\/fr\\\/actualite\\\/international\\\/112-morts-dans-une-attaque-contre-l-armee-en-syrie\\\/209143\\\/\",\"url\":\"https:\\\/\\\/www.webdo.tn\\\/fr\\\/actualite\\\/international\\\/112-morts-dans-une-attaque-contre-l-armee-en-syrie\\\/209143\\\/\",\"name\":\"112 morts dans une attaque contre l'arm\u00e9e en Syrie\",\"isPartOf\":{\"@id\":\"https:\\\/\\\/www.webdo.tn\\\/fr\\\/#website\"},\"primaryImageOfPage\":{\"@id\":\"https:\\\/\\\/www.webdo.tn\\\/fr\\\/actualite\\\/international\\\/112-morts-dans-une-attaque-contre-l-armee-en-syrie\\\/209143\\\/#primaryimage\"},\"image\":{\"@id\":\"https:\\\/\\\/www.webdo.tn\\\/fr\\\/actualite\\\/international\\\/112-morts-dans-une-attaque-contre-l-armee-en-syrie\\\/209143\\\/#primaryimage\"},\"thumbnailUrl\":\"https:\\\/\\\/www.webdo.tn\\\/fr\\\/wp-content\\\/uploads\\\/2023\\\/10\\\/7a44feb93a1296b3df5773f8d2a60b24.jpg\",\"datePublished\":\"2023-10-06T09:03:00+00:00\",\"dateModified\":\"2025-05-20T21:57:00+00:00\",\"description\":\"Plus de 110 personnes ont \u00e9t\u00e9 tu\u00e9es dans une attaque terroriste contre une acad\u00e9mie militaire en Syrie.\",\"breadcrumb\":{\"@id\":\"https:\\\/\\\/www.webdo.tn\\\/fr\\\/actualite\\\/international\\\/112-morts-dans-une-attaque-contre-l-armee-en-syrie\\\/209143\\\/#breadcrumb\"},\"inLanguage\":\"fr-FR\",\"potentialAction\":[{\"@type\":\"ReadAction\",\"target\":[\"https:\\\/\\\/www.webdo.tn\\\/fr\\\/actualite\\\/international\\\/112-morts-dans-une-attaque-contre-l-armee-en-syrie\\\/209143\\\/\"]}]},{\"@type\":\"ImageObject\",\"inLanguage\":\"fr-FR\",\"@id\":\"https:\\\/\\\/www.webdo.tn\\\/fr\\\/actualite\\\/international\\\/112-morts-dans-une-attaque-contre-l-armee-en-syrie\\\/209143\\\/#primaryimage\",\"url\":\"https:\\\/\\\/www.webdo.tn\\\/fr\\\/wp-content\\\/uploads\\\/2023\\\/10\\\/7a44feb93a1296b3df5773f8d2a60b24.jpg\",\"contentUrl\":\"https:\\\/\\\/www.webdo.tn\\\/fr\\\/wp-content\\\/uploads\\\/2023\\\/10\\\/7a44feb93a1296b3df5773f8d2a60b24.jpg\",\"width\":650,\"height\":347,\"caption\":\"112 morts dans une attaque contre l'arm\u00e9e en Syrie\"},{\"@type\":\"BreadcrumbList\",\"@id\":\"https:\\\/\\\/www.webdo.tn\\\/fr\\\/actualite\\\/international\\\/112-morts-dans-une-attaque-contre-l-armee-en-syrie\\\/209143\\\/#breadcrumb\",\"itemListElement\":[{\"@type\":\"ListItem\",\"position\":1,\"name\":\"Accueil\",\"item\":\"https:\\\/\\\/www.webdo.tn\\\/fr\\\/\"},{\"@type\":\"ListItem\",\"position\":2,\"name\":\"112 morts dans une attaque contre l&rsquo;arm\u00e9e en Syrie\"}]},{\"@type\":\"WebSite\",\"@id\":\"https:\\\/\\\/www.webdo.tn\\\/fr\\\/#website\",\"url\":\"https:\\\/\\\/www.webdo.tn\\\/fr\\\/\",\"name\":\"webdo\",\"description\":\"Tunisie - News en Tunisie et \u00e0 l&#039;international sur Webdo.tn\",\"publisher\":{\"@id\":\"https:\\\/\\\/www.webdo.tn\\\/fr\\\/#organization\"},\"potentialAction\":[{\"@type\":\"SearchAction\",\"target\":{\"@type\":\"EntryPoint\",\"urlTemplate\":\"https:\\\/\\\/www.webdo.tn\\\/fr\\\/?s={search_term_string}\"},\"query-input\":{\"@type\":\"PropertyValueSpecification\",\"valueRequired\":true,\"valueName\":\"search_term_string\"}}],\"inLanguage\":\"fr-FR\"},{\"@type\":\"Organization\",\"@id\":\"https:\\\/\\\/www.webdo.tn\\\/fr\\\/#organization\",\"name\":\"Webdo\",\"alternateName\":\"Webdo.tn\",\"url\":\"https:\\\/\\\/www.webdo.tn\\\/fr\\\/\",\"logo\":{\"@type\":\"ImageObject\",\"inLanguage\":\"fr-FR\",\"@id\":\"https:\\\/\\\/www.webdo.tn\\\/fr\\\/#\\\/schema\\\/logo\\\/image\\\/\",\"url\":\"https:\\\/\\\/www.webdo.tn\\\/fr\\\/wp-content\\\/uploads\\\/2025\\\/06\\\/Webdo-Tunisie_168377.jpg\",\"contentUrl\":\"https:\\\/\\\/www.webdo.tn\\\/fr\\\/wp-content\\\/uploads\\\/2025\\\/06\\\/Webdo-Tunisie_168377.jpg\",\"width\":301,\"height\":301,\"caption\":\"Webdo\"},\"image\":{\"@id\":\"https:\\\/\\\/www.webdo.tn\\\/fr\\\/#\\\/schema\\\/logo\\\/image\\\/\"},\"sameAs\":[\"https:\\\/\\\/www.facebook.com\\\/webdotn\",\"https:\\\/\\\/x.com\\\/webdo_tn\"],\"description\":\"Webdo est un m\u00e9dia num\u00e9rique tunisien fond\u00e9 en 2010, sp\u00e9cialis\u00e9 dans l\u2019actualit\u00e9 nationale et internationale, l\u2019\u00e9conomie, la soci\u00e9t\u00e9 et les analyses politiques. Le site s\u2019adresse \u00e0 un large public francophone et couvre l\u2019information tunisienne en temps r\u00e9el.\",\"email\":\"redac@webdo.tn\",\"legalName\":\"YNJ SARL\",\"foundingDate\":\"2010-09-06\",\"numberOfEmployees\":{\"@type\":\"QuantitativeValue\",\"minValue\":\"11\",\"maxValue\":\"50\"}},{\"@type\":\"Person\",\"@id\":\"https:\\\/\\\/www.webdo.tn\\\/fr\\\/#\\\/schema\\\/person\\\/2c4929cbf5a809e3bd38617c6ce150f6\",\"name\":\"MC\",\"image\":{\"@type\":\"ImageObject\",\"inLanguage\":\"fr-FR\",\"@id\":\"https:\\\/\\\/secure.gravatar.com\\\/avatar\\\/a545bbb6f84efdd5553dbbc2895e3ca8f1d12c5215e00a041c9670b54aa9b18a?s=96&d=mm&r=g\",\"url\":\"https:\\\/\\\/secure.gravatar.com\\\/avatar\\\/a545bbb6f84efdd5553dbbc2895e3ca8f1d12c5215e00a041c9670b54aa9b18a?s=96&d=mm&r=g\",\"contentUrl\":\"https:\\\/\\\/secure.gravatar.com\\\/avatar\\\/a545bbb6f84efdd5553dbbc2895e3ca8f1d12c5215e00a041c9670b54aa9b18a?s=96&d=mm&r=g\",\"caption\":\"MC\"},\"url\":\"https:\\\/\\\/www.webdo.tn\\\/fr\\\/actualite\\\/author\\\/mc\\\/\"}]}<\/script>\n<!-- \/ Yoast SEO Premium plugin. -->","yoast_head_json":{"title":"112 morts dans une attaque contre l'arm\u00e9e en Syrie","description":"Plus de 110 personnes ont \u00e9t\u00e9 tu\u00e9es dans une attaque terroriste contre une acad\u00e9mie militaire en Syrie.","canonical":"https:\/\/www.webdo.tn\/fr\/actualite\/international\/112-morts-dans-une-attaque-contre-l-armee-en-syrie\/209143\/","og_locale":"fr_FR","og_type":"article","og_title":"112 morts dans une attaque contre l'arm\u00e9e en Syrie","og_description":"Plus de 110 personnes ont \u00e9t\u00e9 tu\u00e9es dans une attaque terroriste contre une acad\u00e9mie militaire en Syrie.","og_url":"https:\/\/www.webdo.tn\/fr\/actualite\/international\/112-morts-dans-une-attaque-contre-l-armee-en-syrie\/209143\/","og_site_name":"webdo","article_publisher":"https:\/\/www.facebook.com\/webdotn","article_published_time":"2023-10-06T09:03:00+00:00","article_modified_time":"2025-05-20T21:57:00+00:00","og_image":[{"width":650,"height":347,"url":"https:\/\/www.webdo.tn\/fr\/wp-content\/uploads\/2023\/10\/7a44feb93a1296b3df5773f8d2a60b24.jpg","type":"image\/jpeg"}],"author":"MC","twitter_card":"summary_large_image","twitter_creator":"@webdo_tn","twitter_site":"@webdo_tn","twitter_misc":{"\u00c9crit par":"MC"},"schema":{"@context":"https:\/\/schema.org","@graph":[{"@type":"NewsArticle","@id":"https:\/\/www.webdo.tn\/fr\/actualite\/international\/112-morts-dans-une-attaque-contre-l-armee-en-syrie\/209143\/#article","isPartOf":{"@id":"https:\/\/www.webdo.tn\/fr\/actualite\/international\/112-morts-dans-une-attaque-contre-l-armee-en-syrie\/209143\/"},"author":{"name":"MC","@id":"https:\/\/www.webdo.tn\/fr\/#\/schema\/person\/2c4929cbf5a809e3bd38617c6ce150f6"},"headline":"112 morts dans une attaque contre l&rsquo;arm\u00e9e en Syrie","datePublished":"2023-10-06T09:03:00+00:00","dateModified":"2025-05-20T21:57:00+00:00","mainEntityOfPage":{"@id":"https:\/\/www.webdo.tn\/fr\/actualite\/international\/112-morts-dans-une-attaque-contre-l-armee-en-syrie\/209143\/"},"wordCount":106,"commentCount":0,"publisher":{"@id":"https:\/\/www.webdo.tn\/fr\/#organization"},"image":{"@id":"https:\/\/www.webdo.tn\/fr\/actualite\/international\/112-morts-dans-une-attaque-contre-l-armee-en-syrie\/209143\/#primaryimage"},"thumbnailUrl":"https:\/\/www.webdo.tn\/fr\/wp-content\/uploads\/2023\/10\/7a44feb93a1296b3df5773f8d2a60b24.jpg","keywords":["arm\u00e9e","attaque","syrie"],"articleSection":["International"],"inLanguage":"fr-FR"},{"@type":"WebPage","@id":"https:\/\/www.webdo.tn\/fr\/actualite\/international\/112-morts-dans-une-attaque-contre-l-armee-en-syrie\/209143\/","url":"https:\/\/www.webdo.tn\/fr\/actualite\/international\/112-morts-dans-une-attaque-contre-l-armee-en-syrie\/209143\/","name":"112 morts dans une attaque contre l'arm\u00e9e en Syrie","isPartOf":{"@id":"https:\/\/www.webdo.tn\/fr\/#website"},"primaryImageOfPage":{"@id":"https:\/\/www.webdo.tn\/fr\/actualite\/international\/112-morts-dans-une-attaque-contre-l-armee-en-syrie\/209143\/#primaryimage"},"image":{"@id":"https:\/\/www.webdo.tn\/fr\/actualite\/international\/112-morts-dans-une-attaque-contre-l-armee-en-syrie\/209143\/#primaryimage"},"thumbnailUrl":"https:\/\/www.webdo.tn\/fr\/wp-content\/uploads\/2023\/10\/7a44feb93a1296b3df5773f8d2a60b24.jpg","datePublished":"2023-10-06T09:03:00+00:00","dateModified":"2025-05-20T21:57:00+00:00","description":"Plus de 110 personnes ont \u00e9t\u00e9 tu\u00e9es dans une attaque terroriste contre une acad\u00e9mie militaire en Syrie.","breadcrumb":{"@id":"https:\/\/www.webdo.tn\/fr\/actualite\/international\/112-morts-dans-une-attaque-contre-l-armee-en-syrie\/209143\/#breadcrumb"},"inLanguage":"fr-FR","potentialAction":[{"@type":"ReadAction","target":["https:\/\/www.webdo.tn\/fr\/actualite\/international\/112-morts-dans-une-attaque-contre-l-armee-en-syrie\/209143\/"]}]},{"@type":"ImageObject","inLanguage":"fr-FR","@id":"https:\/\/www.webdo.tn\/fr\/actualite\/international\/112-morts-dans-une-attaque-contre-l-armee-en-syrie\/209143\/#primaryimage","url":"https:\/\/www.webdo.tn\/fr\/wp-content\/uploads\/2023\/10\/7a44feb93a1296b3df5773f8d2a60b24.jpg","contentUrl":"https:\/\/www.webdo.tn\/fr\/wp-content\/uploads\/2023\/10\/7a44feb93a1296b3df5773f8d2a60b24.jpg","width":650,"height":347,"caption":"112 morts dans une attaque contre l'arm\u00e9e en Syrie"},{"@type":"BreadcrumbList","@id":"https:\/\/www.webdo.tn\/fr\/actualite\/international\/112-morts-dans-une-attaque-contre-l-armee-en-syrie\/209143\/#breadcrumb","itemListElement":[{"@type":"ListItem","position":1,"name":"Accueil","item":"https:\/\/www.webdo.tn\/fr\/"},{"@type":"ListItem","position":2,"name":"112 morts dans une attaque contre l&rsquo;arm\u00e9e en Syrie"}]},{"@type":"WebSite","@id":"https:\/\/www.webdo.tn\/fr\/#website","url":"https:\/\/www.webdo.tn\/fr\/","name":"webdo","description":"Tunisie - News en Tunisie et \u00e0 l&#039;international sur Webdo.tn","publisher":{"@id":"https:\/\/www.webdo.tn\/fr\/#organization"},"potentialAction":[{"@type":"SearchAction","target":{"@type":"EntryPoint","urlTemplate":"https:\/\/www.webdo.tn\/fr\/?s={search_term_string}"},"query-input":{"@type":"PropertyValueSpecification","valueRequired":true,"valueName":"search_term_string"}}],"inLanguage":"fr-FR"},{"@type":"Organization","@id":"https:\/\/www.webdo.tn\/fr\/#organization","name":"Webdo","alternateName":"Webdo.tn","url":"https:\/\/www.webdo.tn\/fr\/","logo":{"@type":"ImageObject","inLanguage":"fr-FR","@id":"https:\/\/www.webdo.tn\/fr\/#\/schema\/logo\/image\/","url":"https:\/\/www.webdo.tn\/fr\/wp-content\/uploads\/2025\/06\/Webdo-Tunisie_168377.jpg","contentUrl":"https:\/\/www.webdo.tn\/fr\/wp-content\/uploads\/2025\/06\/Webdo-Tunisie_168377.jpg","width":301,"height":301,"caption":"Webdo"},"image":{"@id":"https:\/\/www.webdo.tn\/fr\/#\/schema\/logo\/image\/"},"sameAs":["https:\/\/www.facebook.com\/webdotn","https:\/\/x.com\/webdo_tn"],"description":"Webdo est un m\u00e9dia num\u00e9rique tunisien fond\u00e9 en 2010, sp\u00e9cialis\u00e9 dans l\u2019actualit\u00e9 nationale et internationale, l\u2019\u00e9conomie, la soci\u00e9t\u00e9 et les analyses politiques. Le site s\u2019adresse \u00e0 un large public francophone et couvre l\u2019information tunisienne en temps r\u00e9el.","email":"redac@webdo.tn","legalName":"YNJ SARL","foundingDate":"2010-09-06","numberOfEmployees":{"@type":"QuantitativeValue","minValue":"11","maxValue":"50"}},{"@type":"Person","@id":"https:\/\/www.webdo.tn\/fr\/#\/schema\/person\/2c4929cbf5a809e3bd38617c6ce150f6","name":"MC","image":{"@type":"ImageObject","inLanguage":"fr-FR","@id":"https:\/\/secure.gravatar.com\/avatar\/a545bbb6f84efdd5553dbbc2895e3ca8f1d12c5215e00a041c9670b54aa9b18a?s=96&d=mm&r=g","url":"https:\/\/secure.gravatar.com\/avatar\/a545bbb6f84efdd5553dbbc2895e3ca8f1d12c5215e00a041c9670b54aa9b18a?s=96&d=mm&r=g","contentUrl":"https:\/\/secure.gravatar.com\/avatar\/a545bbb6f84efdd5553dbbc2895e3ca8f1d12c5215e00a041c9670b54aa9b18a?s=96&d=mm&r=g","caption":"MC"},"url":"https:\/\/www.webdo.tn\/fr\/actualite\/author\/mc\/"}]}},"_links":{"self":[{"href":"https:\/\/www.webdo.tn\/fr\/wp-json\/wp\/v2\/posts\/209143","targetHints":{"allow":["GET"]}}],"collection":[{"href":"https:\/\/www.webdo.tn\/fr\/wp-json\/wp\/v2\/posts"}],"about":[{"href":"https:\/\/www.webdo.tn\/fr\/wp-json\/wp\/v2\/types\/post"}],"author":[{"embeddable":true,"href":"https:\/\/www.webdo.tn\/fr\/wp-json\/wp\/v2\/users\/3162"}],"replies":[{"embeddable":true,"href":"https:\/\/www.webdo.tn\/fr\/wp-json\/wp\/v2\/comments?post=209143"}],"version-history":[{"count":0,"href":"https:\/\/www.webdo.tn\/fr\/wp-json\/wp\/v2\/posts\/209143\/revisions"}],"wp:featuredmedia":[{"embeddable":true,"href":"https:\/\/www.webdo.tn\/fr\/wp-json\/wp\/v2\/media\/249131"}],"wp:attachment":[{"href":"https:\/\/www.webdo.tn\/fr\/wp-json\/wp\/v2\/media?parent=209143"}],"wp:term":[{"taxonomy":"category","embeddable":true,"href":"https:\/\/www.webdo.tn\/fr\/wp-json\/wp\/v2\/categories?post=209143"},{"taxonomy":"post_tag","embeddable":true,"href":"https:\/\/www.webdo.tn\/fr\/wp-json\/wp\/v2\/tags?post=209143"}],"curies":[{"name":"wp","href":"https:\/\/api.w.org\/{rel}","templated":true}]}}