{"id":209140,"date":"2023-10-06T08:06:00","date_gmt":"2023-10-06T08:06:00","guid":{"rendered":"https:\/\/www.webdo.tn\/fr\/blog\/la-tension-monte-d-un-cran-entre-la-tunisie-et-l-ue\/209140\/"},"modified":"2025-05-20T22:40:31","modified_gmt":"2025-05-20T22:40:31","slug":"la-tension-monte-d-un-cran-entre-la-tunisie-et-l-ue","status":"publish","type":"post","link":"https:\/\/www.webdo.tn\/fr\/actualite\/national\/la-tension-monte-d-un-cran-entre-la-tunisie-et-l-ue\/209140\/","title":{"rendered":"La tension monte d\u2019un cran entre la Tunisie et l\u2019UE"},"content":{"rendered":"<p>A la suite de la publication par la partie europ\u00e9enne, pour la deuxi\u00e8me fois et contrairement aux usages, de documents officiels tunisiens relatifs au versement de 60 millions d&rsquo;euros en faveur de la partie tunisienne, le minist\u00e8re des Affaires \u00e9trang\u00e8res, de la Migration et des Tunisiens \u00e0 l&rsquo;\u00e9tranger tient \u00e0 pr\u00e9ciser ce qui suit :<\/p>\n<p>\t\t\t\t\t\t\t\t\tLe montant en question concerne le programme d&rsquo;appui aux mesures d&rsquo;att\u00e9nuation du Covid-19 et de relance \u00e9conomique au titre de 2021, et n&rsquo;a pas de lien avec le M\u00e9morandum d&rsquo;entente (MoU) sur le partenariat strat\u00e9gique et global sign\u00e9 \u00e0 Carthage le 16 juillet 2023.<\/p>\n<p>\u00ab\u00a0Les messages officiels publi\u00e9s \u00e0 ce sujet par des sources europ\u00e9ennes sont contradictoires, pr\u00eatent \u00e0 confusion et ont pu ainsi induire en erreur l&rsquo;opinion publique\u00a0\u00bb, ajoute le minist\u00e8re des Affaires \u00e9trang\u00e8res.<\/p>\n<p>La Tunisie demeure attach\u00e9e \u00e0 ses engagements dans le cadre du partenariat strat\u00e9gique avec l&rsquo;UE, ainsi qu&rsquo;\u00e0 l&rsquo;esprit de partenariat gagnant-gagnant et d&rsquo;\u00e9gal \u00e0 \u00e9gal, dans le respect mutuel qui a pr\u00e9sid\u00e9 \u00e0 la conclusion du MoU du 16 juillet 2023.\u00a0<\/p>\n<p>Hier le chef de l&rsquo;Etat a r\u00e9it\u00e9r\u00e9 son attachement au respect de la souverainet\u00e9 de la Tunisie, soulignant que \u00ab\u00a0la Tunisie ne c\u00e8dera jamais aux pressions\u00a0\u00bb.<\/p>\n<p>\u00ab\u00a0La souverainet\u00e9 de l&rsquo;Etat est au-del\u00e0 de toute autre consid\u00e9ration, a-t-il d\u00e9clar\u00e9, ajoutant que la Tunisie n&rsquo;accepte de traiter avec ses partenaires que dans un esprit \u00ab\u00a0d&rsquo;\u00e9gal \u00e0 \u00e9gal\u00a0\u00bb et dans le cadre du \u00ab\u00a0respect mutuel\u00a0\u00bb, selon la m\u00eame source.<\/p>\n<p>Rappelons que le chef de l\u2019Etat avait annonc\u00e9 le refus de la Tunisie de recevoir la premi\u00e8re tranche des aides europ\u00e9ennes.<\/p>\n","protected":false},"excerpt":{"rendered":"<p>A la suite de la publication par la partie europ\u00e9enne, pour la deuxi\u00e8me fois et contrairement aux usages, de documents officiels tunisiens relatifs au versement&#8230;<\/p>\n","protected":false},"author":3175,"featured_media":249128,"comment_status":"open","ping_status":"closed","sticky":false,"template":"","format":"standard","meta":{"footnotes":""},"categories":[44],"tags":[3860,2608,2897],"class_list":["post-209140","post","type-post","status-publish","format-standard","has-post-thumbnail","hentry","category-national","tag-tension","tag-tunisie","tag-ue"],"yoast_head":"<!-- This site is optimized with the Yoast SEO Premium plugin v27.4 (Yoast SEO v27.5) - https:\/\/yoast.com\/product\/yoast-seo-premium-wordpress\/ -->\n<title>La tension monte d\u2019un cran entre la Tunisie et l\u2019UE<\/title>\n<meta name=\"description\" content=\"A la suite de la publication par la partie europ\u00e9enne, pour la deuxi\u00e8me fois et contrairement aux usages, de documents officiels tunisiens relatifs au versement...\" \/>\n<link rel=\"canonical\" href=\"https:\/\/www.webdo.tn\/fr\/actualite\/national\/la-tension-monte-d-un-cran-entre-la-tunisie-et-l-ue\/209140\/\" \/>\n<meta property=\"og:locale\" content=\"fr_FR\" \/>\n<meta property=\"og:type\" content=\"article\" \/>\n<meta property=\"og:title\" content=\"La tension monte d\u2019un cran entre la Tunisie et l\u2019UE\" \/>\n<meta property=\"og:description\" content=\"A la suite de la publication par la partie europ\u00e9enne, pour la deuxi\u00e8me fois et contrairement aux usages, de documents officiels tunisiens relatifs au versement...\" \/>\n<meta property=\"og:url\" content=\"https:\/\/www.webdo.tn\/fr\/actualite\/national\/la-tension-monte-d-un-cran-entre-la-tunisie-et-l-ue\/209140\/\" \/>\n<meta property=\"og:site_name\" content=\"webdo\" \/>\n<meta property=\"article:publisher\" content=\"https:\/\/www.facebook.com\/webdotn\" \/>\n<meta property=\"article:published_time\" content=\"2023-10-06T08:06:00+00:00\" \/>\n<meta property=\"article:modified_time\" content=\"2025-05-20T22:40:31+00:00\" \/>\n<meta property=\"og:image\" content=\"https:\/\/www.webdo.tn\/fr\/wp-content\/uploads\/2023\/10\/52f09180222e75ce79b8fb01ad7ffd64.jpg\" \/>\n\t<meta property=\"og:image:width\" content=\"480\" \/>\n\t<meta property=\"og:image:height\" content=\"256\" \/>\n\t<meta property=\"og:image:type\" content=\"image\/jpeg\" \/>\n<meta name=\"author\" content=\"CL\" \/>\n<meta name=\"twitter:card\" content=\"summary_large_image\" \/>\n<meta name=\"twitter:creator\" content=\"@webdo_tn\" \/>\n<meta name=\"twitter:site\" content=\"@webdo_tn\" \/>\n<meta name=\"twitter:label1\" content=\"\u00c9crit par\" \/>\n\t<meta name=\"twitter:data1\" content=\"CL\" \/>\n\t<meta name=\"twitter:label2\" content=\"Dur\u00e9e de lecture estim\u00e9e\" \/>\n\t<meta name=\"twitter:data2\" content=\"1 minute\" \/>\n<script type=\"application\/ld+json\" class=\"yoast-schema-graph\">{\"@context\":\"https:\\\/\\\/schema.org\",\"@graph\":[{\"@type\":\"NewsArticle\",\"@id\":\"https:\\\/\\\/www.webdo.tn\\\/fr\\\/actualite\\\/national\\\/la-tension-monte-d-un-cran-entre-la-tunisie-et-l-ue\\\/209140\\\/#article\",\"isPartOf\":{\"@id\":\"https:\\\/\\\/www.webdo.tn\\\/fr\\\/actualite\\\/national\\\/la-tension-monte-d-un-cran-entre-la-tunisie-et-l-ue\\\/209140\\\/\"},\"author\":{\"name\":\"CL\",\"@id\":\"https:\\\/\\\/www.webdo.tn\\\/fr\\\/#\\\/schema\\\/person\\\/f35b42a42c5e2511bbd282959d6385cc\"},\"headline\":\"La tension monte d\u2019un cran entre la Tunisie et l\u2019UE\",\"datePublished\":\"2023-10-06T08:06:00+00:00\",\"dateModified\":\"2025-05-20T22:40:31+00:00\",\"mainEntityOfPage\":{\"@id\":\"https:\\\/\\\/www.webdo.tn\\\/fr\\\/actualite\\\/national\\\/la-tension-monte-d-un-cran-entre-la-tunisie-et-l-ue\\\/209140\\\/\"},\"wordCount\":293,\"commentCount\":0,\"publisher\":{\"@id\":\"https:\\\/\\\/www.webdo.tn\\\/fr\\\/#organization\"},\"image\":{\"@id\":\"https:\\\/\\\/www.webdo.tn\\\/fr\\\/actualite\\\/national\\\/la-tension-monte-d-un-cran-entre-la-tunisie-et-l-ue\\\/209140\\\/#primaryimage\"},\"thumbnailUrl\":\"https:\\\/\\\/www.webdo.tn\\\/fr\\\/wp-content\\\/uploads\\\/2023\\\/10\\\/52f09180222e75ce79b8fb01ad7ffd64.jpg\",\"keywords\":[\"tension\",\"Tunisie\",\"UE\"],\"articleSection\":[\"National\"],\"inLanguage\":\"fr-FR\"},{\"@type\":\"WebPage\",\"@id\":\"https:\\\/\\\/www.webdo.tn\\\/fr\\\/actualite\\\/national\\\/la-tension-monte-d-un-cran-entre-la-tunisie-et-l-ue\\\/209140\\\/\",\"url\":\"https:\\\/\\\/www.webdo.tn\\\/fr\\\/actualite\\\/national\\\/la-tension-monte-d-un-cran-entre-la-tunisie-et-l-ue\\\/209140\\\/\",\"name\":\"La tension monte d\u2019un cran entre la Tunisie et l\u2019UE\",\"isPartOf\":{\"@id\":\"https:\\\/\\\/www.webdo.tn\\\/fr\\\/#website\"},\"primaryImageOfPage\":{\"@id\":\"https:\\\/\\\/www.webdo.tn\\\/fr\\\/actualite\\\/national\\\/la-tension-monte-d-un-cran-entre-la-tunisie-et-l-ue\\\/209140\\\/#primaryimage\"},\"image\":{\"@id\":\"https:\\\/\\\/www.webdo.tn\\\/fr\\\/actualite\\\/national\\\/la-tension-monte-d-un-cran-entre-la-tunisie-et-l-ue\\\/209140\\\/#primaryimage\"},\"thumbnailUrl\":\"https:\\\/\\\/www.webdo.tn\\\/fr\\\/wp-content\\\/uploads\\\/2023\\\/10\\\/52f09180222e75ce79b8fb01ad7ffd64.jpg\",\"datePublished\":\"2023-10-06T08:06:00+00:00\",\"dateModified\":\"2025-05-20T22:40:31+00:00\",\"description\":\"A la suite de la publication par la partie europ\u00e9enne, pour la deuxi\u00e8me fois et contrairement aux usages, de documents officiels tunisiens relatifs au versement...\",\"breadcrumb\":{\"@id\":\"https:\\\/\\\/www.webdo.tn\\\/fr\\\/actualite\\\/national\\\/la-tension-monte-d-un-cran-entre-la-tunisie-et-l-ue\\\/209140\\\/#breadcrumb\"},\"inLanguage\":\"fr-FR\",\"potentialAction\":[{\"@type\":\"ReadAction\",\"target\":[\"https:\\\/\\\/www.webdo.tn\\\/fr\\\/actualite\\\/national\\\/la-tension-monte-d-un-cran-entre-la-tunisie-et-l-ue\\\/209140\\\/\"]}]},{\"@type\":\"ImageObject\",\"inLanguage\":\"fr-FR\",\"@id\":\"https:\\\/\\\/www.webdo.tn\\\/fr\\\/actualite\\\/national\\\/la-tension-monte-d-un-cran-entre-la-tunisie-et-l-ue\\\/209140\\\/#primaryimage\",\"url\":\"https:\\\/\\\/www.webdo.tn\\\/fr\\\/wp-content\\\/uploads\\\/2023\\\/10\\\/52f09180222e75ce79b8fb01ad7ffd64.jpg\",\"contentUrl\":\"https:\\\/\\\/www.webdo.tn\\\/fr\\\/wp-content\\\/uploads\\\/2023\\\/10\\\/52f09180222e75ce79b8fb01ad7ffd64.jpg\",\"width\":480,\"height\":256,\"caption\":\"La tension monte d\u2019un cran entre la Tunisie et l\u2019UE\"},{\"@type\":\"BreadcrumbList\",\"@id\":\"https:\\\/\\\/www.webdo.tn\\\/fr\\\/actualite\\\/national\\\/la-tension-monte-d-un-cran-entre-la-tunisie-et-l-ue\\\/209140\\\/#breadcrumb\",\"itemListElement\":[{\"@type\":\"ListItem\",\"position\":1,\"name\":\"Accueil\",\"item\":\"https:\\\/\\\/www.webdo.tn\\\/fr\\\/\"},{\"@type\":\"ListItem\",\"position\":2,\"name\":\"La tension monte d\u2019un cran entre la Tunisie et l\u2019UE\"}]},{\"@type\":\"WebSite\",\"@id\":\"https:\\\/\\\/www.webdo.tn\\\/fr\\\/#website\",\"url\":\"https:\\\/\\\/www.webdo.tn\\\/fr\\\/\",\"name\":\"webdo\",\"description\":\"Tunisie - News en Tunisie et \u00e0 l&#039;international sur Webdo.tn\",\"publisher\":{\"@id\":\"https:\\\/\\\/www.webdo.tn\\\/fr\\\/#organization\"},\"potentialAction\":[{\"@type\":\"SearchAction\",\"target\":{\"@type\":\"EntryPoint\",\"urlTemplate\":\"https:\\\/\\\/www.webdo.tn\\\/fr\\\/?s={search_term_string}\"},\"query-input\":{\"@type\":\"PropertyValueSpecification\",\"valueRequired\":true,\"valueName\":\"search_term_string\"}}],\"inLanguage\":\"fr-FR\"},{\"@type\":\"Organization\",\"@id\":\"https:\\\/\\\/www.webdo.tn\\\/fr\\\/#organization\",\"name\":\"Webdo\",\"alternateName\":\"Webdo.tn\",\"url\":\"https:\\\/\\\/www.webdo.tn\\\/fr\\\/\",\"logo\":{\"@type\":\"ImageObject\",\"inLanguage\":\"fr-FR\",\"@id\":\"https:\\\/\\\/www.webdo.tn\\\/fr\\\/#\\\/schema\\\/logo\\\/image\\\/\",\"url\":\"https:\\\/\\\/www.webdo.tn\\\/fr\\\/wp-content\\\/uploads\\\/2025\\\/06\\\/Webdo-Tunisie_168377.jpg\",\"contentUrl\":\"https:\\\/\\\/www.webdo.tn\\\/fr\\\/wp-content\\\/uploads\\\/2025\\\/06\\\/Webdo-Tunisie_168377.jpg\",\"width\":301,\"height\":301,\"caption\":\"Webdo\"},\"image\":{\"@id\":\"https:\\\/\\\/www.webdo.tn\\\/fr\\\/#\\\/schema\\\/logo\\\/image\\\/\"},\"sameAs\":[\"https:\\\/\\\/www.facebook.com\\\/webdotn\",\"https:\\\/\\\/x.com\\\/webdo_tn\"],\"description\":\"Webdo est un m\u00e9dia num\u00e9rique tunisien fond\u00e9 en 2010, sp\u00e9cialis\u00e9 dans l\u2019actualit\u00e9 nationale et internationale, l\u2019\u00e9conomie, la soci\u00e9t\u00e9 et les analyses politiques. Le site s\u2019adresse \u00e0 un large public francophone et couvre l\u2019information tunisienne en temps r\u00e9el.\",\"email\":\"redac@webdo.tn\",\"legalName\":\"YNJ SARL\",\"foundingDate\":\"2010-09-06\",\"numberOfEmployees\":{\"@type\":\"QuantitativeValue\",\"minValue\":\"11\",\"maxValue\":\"50\"}},{\"@type\":\"Person\",\"@id\":\"https:\\\/\\\/www.webdo.tn\\\/fr\\\/#\\\/schema\\\/person\\\/f35b42a42c5e2511bbd282959d6385cc\",\"name\":\"CL\",\"image\":{\"@type\":\"ImageObject\",\"inLanguage\":\"fr-FR\",\"@id\":\"https:\\\/\\\/secure.gravatar.com\\\/avatar\\\/1447a49909b67aa657c488aec6512e1dd6143a480c1ecfee9b5b5cd74eb3b59e?s=96&d=mm&r=g\",\"url\":\"https:\\\/\\\/secure.gravatar.com\\\/avatar\\\/1447a49909b67aa657c488aec6512e1dd6143a480c1ecfee9b5b5cd74eb3b59e?s=96&d=mm&r=g\",\"contentUrl\":\"https:\\\/\\\/secure.gravatar.com\\\/avatar\\\/1447a49909b67aa657c488aec6512e1dd6143a480c1ecfee9b5b5cd74eb3b59e?s=96&d=mm&r=g\",\"caption\":\"CL\"},\"url\":\"https:\\\/\\\/www.webdo.tn\\\/fr\\\/actualite\\\/author\\\/cl\\\/\"}]}<\/script>\n<!-- \/ Yoast SEO Premium plugin. -->","yoast_head_json":{"title":"La tension monte d\u2019un cran entre la Tunisie et l\u2019UE","description":"A la suite de la publication par la partie europ\u00e9enne, pour la deuxi\u00e8me fois et contrairement aux usages, de documents officiels tunisiens relatifs au versement...","canonical":"https:\/\/www.webdo.tn\/fr\/actualite\/national\/la-tension-monte-d-un-cran-entre-la-tunisie-et-l-ue\/209140\/","og_locale":"fr_FR","og_type":"article","og_title":"La tension monte d\u2019un cran entre la Tunisie et l\u2019UE","og_description":"A la suite de la publication par la partie europ\u00e9enne, pour la deuxi\u00e8me fois et contrairement aux usages, de documents officiels tunisiens relatifs au versement...","og_url":"https:\/\/www.webdo.tn\/fr\/actualite\/national\/la-tension-monte-d-un-cran-entre-la-tunisie-et-l-ue\/209140\/","og_site_name":"webdo","article_publisher":"https:\/\/www.facebook.com\/webdotn","article_published_time":"2023-10-06T08:06:00+00:00","article_modified_time":"2025-05-20T22:40:31+00:00","og_image":[{"width":480,"height":256,"url":"https:\/\/www.webdo.tn\/fr\/wp-content\/uploads\/2023\/10\/52f09180222e75ce79b8fb01ad7ffd64.jpg","type":"image\/jpeg"}],"author":"CL","twitter_card":"summary_large_image","twitter_creator":"@webdo_tn","twitter_site":"@webdo_tn","twitter_misc":{"\u00c9crit par":"CL","Dur\u00e9e de lecture estim\u00e9e":"1 minute"},"schema":{"@context":"https:\/\/schema.org","@graph":[{"@type":"NewsArticle","@id":"https:\/\/www.webdo.tn\/fr\/actualite\/national\/la-tension-monte-d-un-cran-entre-la-tunisie-et-l-ue\/209140\/#article","isPartOf":{"@id":"https:\/\/www.webdo.tn\/fr\/actualite\/national\/la-tension-monte-d-un-cran-entre-la-tunisie-et-l-ue\/209140\/"},"author":{"name":"CL","@id":"https:\/\/www.webdo.tn\/fr\/#\/schema\/person\/f35b42a42c5e2511bbd282959d6385cc"},"headline":"La tension monte d\u2019un cran entre la Tunisie et l\u2019UE","datePublished":"2023-10-06T08:06:00+00:00","dateModified":"2025-05-20T22:40:31+00:00","mainEntityOfPage":{"@id":"https:\/\/www.webdo.tn\/fr\/actualite\/national\/la-tension-monte-d-un-cran-entre-la-tunisie-et-l-ue\/209140\/"},"wordCount":293,"commentCount":0,"publisher":{"@id":"https:\/\/www.webdo.tn\/fr\/#organization"},"image":{"@id":"https:\/\/www.webdo.tn\/fr\/actualite\/national\/la-tension-monte-d-un-cran-entre-la-tunisie-et-l-ue\/209140\/#primaryimage"},"thumbnailUrl":"https:\/\/www.webdo.tn\/fr\/wp-content\/uploads\/2023\/10\/52f09180222e75ce79b8fb01ad7ffd64.jpg","keywords":["tension","Tunisie","UE"],"articleSection":["National"],"inLanguage":"fr-FR"},{"@type":"WebPage","@id":"https:\/\/www.webdo.tn\/fr\/actualite\/national\/la-tension-monte-d-un-cran-entre-la-tunisie-et-l-ue\/209140\/","url":"https:\/\/www.webdo.tn\/fr\/actualite\/national\/la-tension-monte-d-un-cran-entre-la-tunisie-et-l-ue\/209140\/","name":"La tension monte d\u2019un cran entre la Tunisie et l\u2019UE","isPartOf":{"@id":"https:\/\/www.webdo.tn\/fr\/#website"},"primaryImageOfPage":{"@id":"https:\/\/www.webdo.tn\/fr\/actualite\/national\/la-tension-monte-d-un-cran-entre-la-tunisie-et-l-ue\/209140\/#primaryimage"},"image":{"@id":"https:\/\/www.webdo.tn\/fr\/actualite\/national\/la-tension-monte-d-un-cran-entre-la-tunisie-et-l-ue\/209140\/#primaryimage"},"thumbnailUrl":"https:\/\/www.webdo.tn\/fr\/wp-content\/uploads\/2023\/10\/52f09180222e75ce79b8fb01ad7ffd64.jpg","datePublished":"2023-10-06T08:06:00+00:00","dateModified":"2025-05-20T22:40:31+00:00","description":"A la suite de la publication par la partie europ\u00e9enne, pour la deuxi\u00e8me fois et contrairement aux usages, de documents officiels tunisiens relatifs au versement...","breadcrumb":{"@id":"https:\/\/www.webdo.tn\/fr\/actualite\/national\/la-tension-monte-d-un-cran-entre-la-tunisie-et-l-ue\/209140\/#breadcrumb"},"inLanguage":"fr-FR","potentialAction":[{"@type":"ReadAction","target":["https:\/\/www.webdo.tn\/fr\/actualite\/national\/la-tension-monte-d-un-cran-entre-la-tunisie-et-l-ue\/209140\/"]}]},{"@type":"ImageObject","inLanguage":"fr-FR","@id":"https:\/\/www.webdo.tn\/fr\/actualite\/national\/la-tension-monte-d-un-cran-entre-la-tunisie-et-l-ue\/209140\/#primaryimage","url":"https:\/\/www.webdo.tn\/fr\/wp-content\/uploads\/2023\/10\/52f09180222e75ce79b8fb01ad7ffd64.jpg","contentUrl":"https:\/\/www.webdo.tn\/fr\/wp-content\/uploads\/2023\/10\/52f09180222e75ce79b8fb01ad7ffd64.jpg","width":480,"height":256,"caption":"La tension monte d\u2019un cran entre la Tunisie et l\u2019UE"},{"@type":"BreadcrumbList","@id":"https:\/\/www.webdo.tn\/fr\/actualite\/national\/la-tension-monte-d-un-cran-entre-la-tunisie-et-l-ue\/209140\/#breadcrumb","itemListElement":[{"@type":"ListItem","position":1,"name":"Accueil","item":"https:\/\/www.webdo.tn\/fr\/"},{"@type":"ListItem","position":2,"name":"La tension monte d\u2019un cran entre la Tunisie et l\u2019UE"}]},{"@type":"WebSite","@id":"https:\/\/www.webdo.tn\/fr\/#website","url":"https:\/\/www.webdo.tn\/fr\/","name":"webdo","description":"Tunisie - News en Tunisie et \u00e0 l&#039;international sur Webdo.tn","publisher":{"@id":"https:\/\/www.webdo.tn\/fr\/#organization"},"potentialAction":[{"@type":"SearchAction","target":{"@type":"EntryPoint","urlTemplate":"https:\/\/www.webdo.tn\/fr\/?s={search_term_string}"},"query-input":{"@type":"PropertyValueSpecification","valueRequired":true,"valueName":"search_term_string"}}],"inLanguage":"fr-FR"},{"@type":"Organization","@id":"https:\/\/www.webdo.tn\/fr\/#organization","name":"Webdo","alternateName":"Webdo.tn","url":"https:\/\/www.webdo.tn\/fr\/","logo":{"@type":"ImageObject","inLanguage":"fr-FR","@id":"https:\/\/www.webdo.tn\/fr\/#\/schema\/logo\/image\/","url":"https:\/\/www.webdo.tn\/fr\/wp-content\/uploads\/2025\/06\/Webdo-Tunisie_168377.jpg","contentUrl":"https:\/\/www.webdo.tn\/fr\/wp-content\/uploads\/2025\/06\/Webdo-Tunisie_168377.jpg","width":301,"height":301,"caption":"Webdo"},"image":{"@id":"https:\/\/www.webdo.tn\/fr\/#\/schema\/logo\/image\/"},"sameAs":["https:\/\/www.facebook.com\/webdotn","https:\/\/x.com\/webdo_tn"],"description":"Webdo est un m\u00e9dia num\u00e9rique tunisien fond\u00e9 en 2010, sp\u00e9cialis\u00e9 dans l\u2019actualit\u00e9 nationale et internationale, l\u2019\u00e9conomie, la soci\u00e9t\u00e9 et les analyses politiques. Le site s\u2019adresse \u00e0 un large public francophone et couvre l\u2019information tunisienne en temps r\u00e9el.","email":"redac@webdo.tn","legalName":"YNJ SARL","foundingDate":"2010-09-06","numberOfEmployees":{"@type":"QuantitativeValue","minValue":"11","maxValue":"50"}},{"@type":"Person","@id":"https:\/\/www.webdo.tn\/fr\/#\/schema\/person\/f35b42a42c5e2511bbd282959d6385cc","name":"CL","image":{"@type":"ImageObject","inLanguage":"fr-FR","@id":"https:\/\/secure.gravatar.com\/avatar\/1447a49909b67aa657c488aec6512e1dd6143a480c1ecfee9b5b5cd74eb3b59e?s=96&d=mm&r=g","url":"https:\/\/secure.gravatar.com\/avatar\/1447a49909b67aa657c488aec6512e1dd6143a480c1ecfee9b5b5cd74eb3b59e?s=96&d=mm&r=g","contentUrl":"https:\/\/secure.gravatar.com\/avatar\/1447a49909b67aa657c488aec6512e1dd6143a480c1ecfee9b5b5cd74eb3b59e?s=96&d=mm&r=g","caption":"CL"},"url":"https:\/\/www.webdo.tn\/fr\/actualite\/author\/cl\/"}]}},"_links":{"self":[{"href":"https:\/\/www.webdo.tn\/fr\/wp-json\/wp\/v2\/posts\/209140","targetHints":{"allow":["GET"]}}],"collection":[{"href":"https:\/\/www.webdo.tn\/fr\/wp-json\/wp\/v2\/posts"}],"about":[{"href":"https:\/\/www.webdo.tn\/fr\/wp-json\/wp\/v2\/types\/post"}],"author":[{"embeddable":true,"href":"https:\/\/www.webdo.tn\/fr\/wp-json\/wp\/v2\/users\/3175"}],"replies":[{"embeddable":true,"href":"https:\/\/www.webdo.tn\/fr\/wp-json\/wp\/v2\/comments?post=209140"}],"version-history":[{"count":0,"href":"https:\/\/www.webdo.tn\/fr\/wp-json\/wp\/v2\/posts\/209140\/revisions"}],"wp:featuredmedia":[{"embeddable":true,"href":"https:\/\/www.webdo.tn\/fr\/wp-json\/wp\/v2\/media\/249128"}],"wp:attachment":[{"href":"https:\/\/www.webdo.tn\/fr\/wp-json\/wp\/v2\/media?parent=209140"}],"wp:term":[{"taxonomy":"category","embeddable":true,"href":"https:\/\/www.webdo.tn\/fr\/wp-json\/wp\/v2\/categories?post=209140"},{"taxonomy":"post_tag","embeddable":true,"href":"https:\/\/www.webdo.tn\/fr\/wp-json\/wp\/v2\/tags?post=209140"}],"curies":[{"name":"wp","href":"https:\/\/api.w.org\/{rel}","templated":true}]}}