{"id":209137,"date":"2023-10-05T19:13:00","date_gmt":"2023-10-05T19:13:00","guid":{"rendered":"https:\/\/www.webdo.tn\/fr\/blog\/mandat-de-depot-contre-abir-moussi\/209137\/"},"modified":"2025-05-20T22:40:31","modified_gmt":"2025-05-20T22:40:31","slug":"mandat-de-depot-contre-abir-moussi","status":"publish","type":"post","link":"https:\/\/www.webdo.tn\/fr\/actualite\/national\/mandat-de-depot-contre-abir-moussi\/209137\/","title":{"rendered":"Mandat de d\u00e9p\u00f4t contre Abir Moussi"},"content":{"rendered":"<p>Le juge d&rsquo;instruction a \u00e9mis aujourd&rsquo;hui, jeudi 5 octobre 2023, un mandat de d\u00e9p\u00f4t \u00e0 l&rsquo;encontre de la pr\u00e9sidente du parti destourien Libre, Abir Moussi.<\/p>\n<p>\t\t\t\t\t\t\t\t\tLa pr\u00e9sidente du PDL, Abir Moussi, a \u00e9t\u00e9 plac\u00e9e en garde \u00e0 vue en marge de son arrestation, mardi dernier\u00a0\u00a0devant le bureau d&rsquo;ordre de la pr\u00e9sidence de la R\u00e9publique.<\/p>\n<p>Abir Moussi, qui a \u00e9t\u00e9 arr\u00eat\u00e9e\u00a0au Bureau d\u2019ordre de la pr\u00e9sidence de la R\u00e9publique, a \u00e9t\u00e9 conduite au centre de d\u00e9tention de Bouchoucha, rapporte son avocat Nafa\u00e2 Laaribi. Sur ordre du minist\u00e8re public, elle a \u00e9t\u00e9 plac\u00e9e en garde \u00e0 vue pour une dur\u00e9e de 48 heures.<\/p>\n<p>La pr\u00e9sidente du Parti destourien libre avait \u00e9t\u00e9 interpell\u00e9e et transf\u00e9r\u00e9e du Bureau d\u2019ordre de la pr\u00e9sidence de la R\u00e9publique au poste de s\u00e9curit\u00e9 nationale de la Goulette, devant lequel se sont rassembl\u00e9s des sympathisants demandant \u00e0 ce qu\u2019on la rel\u00e2che.<\/p>\n","protected":false},"excerpt":{"rendered":"<p>Le juge d&rsquo;instruction a \u00e9mis aujourd&rsquo;hui, jeudi 5 octobre 2023, un mandat de d\u00e9p\u00f4t \u00e0 l&rsquo;encontre de la pr\u00e9sidente du parti destourien Libre, Abir Moussi.<\/p>\n","protected":false},"author":3175,"featured_media":249129,"comment_status":"open","ping_status":"closed","sticky":false,"template":"","format":"standard","meta":{"footnotes":""},"categories":[44],"tags":[2926,4028,2608],"class_list":["post-209137","post","type-post","status-publish","format-standard","has-post-thumbnail","hentry","category-national","tag-abir-moussi","tag-pdl","tag-tunisie"],"yoast_head":"<!-- This site is optimized with the Yoast SEO Premium plugin v27.5 (Yoast SEO v27.5) - https:\/\/yoast.com\/product\/yoast-seo-premium-wordpress\/ -->\n<title>Mandat de d\u00e9p\u00f4t contre Abir Moussi<\/title>\n<meta name=\"description\" content=\"Le juge d&#039;instruction a \u00e9mis aujourd&#039;hui, jeudi 5 octobre 2023, un mandat de d\u00e9p\u00f4t \u00e0 l&#039;encontre de la pr\u00e9sidente du parti destourien Libre, Abir Moussi.\" \/>\n<link rel=\"canonical\" href=\"https:\/\/www.webdo.tn\/fr\/actualite\/national\/mandat-de-depot-contre-abir-moussi\/209137\/\" \/>\n<meta property=\"og:locale\" content=\"fr_FR\" \/>\n<meta property=\"og:type\" content=\"article\" \/>\n<meta property=\"og:title\" content=\"Mandat de d\u00e9p\u00f4t contre Abir Moussi\" \/>\n<meta property=\"og:description\" content=\"Le juge d&#039;instruction a \u00e9mis aujourd&#039;hui, jeudi 5 octobre 2023, un mandat de d\u00e9p\u00f4t \u00e0 l&#039;encontre de la pr\u00e9sidente du parti destourien Libre, Abir Moussi.\" \/>\n<meta property=\"og:url\" content=\"https:\/\/www.webdo.tn\/fr\/actualite\/national\/mandat-de-depot-contre-abir-moussi\/209137\/\" \/>\n<meta property=\"og:site_name\" content=\"webdo\" \/>\n<meta property=\"article:publisher\" content=\"https:\/\/www.facebook.com\/webdotn\" \/>\n<meta property=\"article:published_time\" content=\"2023-10-05T19:13:00+00:00\" \/>\n<meta property=\"article:modified_time\" content=\"2025-05-20T22:40:31+00:00\" \/>\n<meta property=\"og:image\" content=\"https:\/\/www.webdo.tn\/fr\/wp-content\/uploads\/2023\/10\/ef3d025cefb6042f8a83c2eb222c229f.jpg\" \/>\n\t<meta property=\"og:image:width\" content=\"750\" \/>\n\t<meta property=\"og:image:height\" content=\"400\" \/>\n\t<meta property=\"og:image:type\" content=\"image\/jpeg\" \/>\n<meta name=\"author\" content=\"CL\" \/>\n<meta name=\"twitter:card\" content=\"summary_large_image\" \/>\n<meta name=\"twitter:creator\" content=\"@webdo_tn\" \/>\n<meta name=\"twitter:site\" content=\"@webdo_tn\" \/>\n<meta name=\"twitter:label1\" content=\"\u00c9crit par\" \/>\n\t<meta name=\"twitter:data1\" content=\"CL\" \/>\n\t<meta name=\"twitter:label2\" content=\"Dur\u00e9e de lecture estim\u00e9e\" \/>\n\t<meta name=\"twitter:data2\" content=\"1 minute\" \/>\n<script type=\"application\/ld+json\" class=\"yoast-schema-graph\">{\"@context\":\"https:\\\/\\\/schema.org\",\"@graph\":[{\"@type\":\"NewsArticle\",\"@id\":\"https:\\\/\\\/www.webdo.tn\\\/fr\\\/actualite\\\/national\\\/mandat-de-depot-contre-abir-moussi\\\/209137\\\/#article\",\"isPartOf\":{\"@id\":\"https:\\\/\\\/www.webdo.tn\\\/fr\\\/actualite\\\/national\\\/mandat-de-depot-contre-abir-moussi\\\/209137\\\/\"},\"author\":{\"name\":\"CL\",\"@id\":\"https:\\\/\\\/www.webdo.tn\\\/fr\\\/#\\\/schema\\\/person\\\/f35b42a42c5e2511bbd282959d6385cc\"},\"headline\":\"Mandat de d\u00e9p\u00f4t contre Abir Moussi\",\"datePublished\":\"2023-10-05T19:13:00+00:00\",\"dateModified\":\"2025-05-20T22:40:31+00:00\",\"mainEntityOfPage\":{\"@id\":\"https:\\\/\\\/www.webdo.tn\\\/fr\\\/actualite\\\/national\\\/mandat-de-depot-contre-abir-moussi\\\/209137\\\/\"},\"wordCount\":176,\"commentCount\":0,\"publisher\":{\"@id\":\"https:\\\/\\\/www.webdo.tn\\\/fr\\\/#organization\"},\"image\":{\"@id\":\"https:\\\/\\\/www.webdo.tn\\\/fr\\\/actualite\\\/national\\\/mandat-de-depot-contre-abir-moussi\\\/209137\\\/#primaryimage\"},\"thumbnailUrl\":\"https:\\\/\\\/www.webdo.tn\\\/fr\\\/wp-content\\\/uploads\\\/2023\\\/10\\\/ef3d025cefb6042f8a83c2eb222c229f.jpg\",\"keywords\":[\"Abir Moussi\",\"PDL\",\"Tunisie\"],\"articleSection\":[\"National\"],\"inLanguage\":\"fr-FR\"},{\"@type\":\"WebPage\",\"@id\":\"https:\\\/\\\/www.webdo.tn\\\/fr\\\/actualite\\\/national\\\/mandat-de-depot-contre-abir-moussi\\\/209137\\\/\",\"url\":\"https:\\\/\\\/www.webdo.tn\\\/fr\\\/actualite\\\/national\\\/mandat-de-depot-contre-abir-moussi\\\/209137\\\/\",\"name\":\"Mandat de d\u00e9p\u00f4t contre Abir Moussi\",\"isPartOf\":{\"@id\":\"https:\\\/\\\/www.webdo.tn\\\/fr\\\/#website\"},\"primaryImageOfPage\":{\"@id\":\"https:\\\/\\\/www.webdo.tn\\\/fr\\\/actualite\\\/national\\\/mandat-de-depot-contre-abir-moussi\\\/209137\\\/#primaryimage\"},\"image\":{\"@id\":\"https:\\\/\\\/www.webdo.tn\\\/fr\\\/actualite\\\/national\\\/mandat-de-depot-contre-abir-moussi\\\/209137\\\/#primaryimage\"},\"thumbnailUrl\":\"https:\\\/\\\/www.webdo.tn\\\/fr\\\/wp-content\\\/uploads\\\/2023\\\/10\\\/ef3d025cefb6042f8a83c2eb222c229f.jpg\",\"datePublished\":\"2023-10-05T19:13:00+00:00\",\"dateModified\":\"2025-05-20T22:40:31+00:00\",\"description\":\"Le juge d'instruction a \u00e9mis aujourd'hui, jeudi 5 octobre 2023, un mandat de d\u00e9p\u00f4t \u00e0 l'encontre de la pr\u00e9sidente du parti destourien Libre, Abir Moussi.\",\"breadcrumb\":{\"@id\":\"https:\\\/\\\/www.webdo.tn\\\/fr\\\/actualite\\\/national\\\/mandat-de-depot-contre-abir-moussi\\\/209137\\\/#breadcrumb\"},\"inLanguage\":\"fr-FR\",\"potentialAction\":[{\"@type\":\"ReadAction\",\"target\":[\"https:\\\/\\\/www.webdo.tn\\\/fr\\\/actualite\\\/national\\\/mandat-de-depot-contre-abir-moussi\\\/209137\\\/\"]}]},{\"@type\":\"ImageObject\",\"inLanguage\":\"fr-FR\",\"@id\":\"https:\\\/\\\/www.webdo.tn\\\/fr\\\/actualite\\\/national\\\/mandat-de-depot-contre-abir-moussi\\\/209137\\\/#primaryimage\",\"url\":\"https:\\\/\\\/www.webdo.tn\\\/fr\\\/wp-content\\\/uploads\\\/2023\\\/10\\\/ef3d025cefb6042f8a83c2eb222c229f.jpg\",\"contentUrl\":\"https:\\\/\\\/www.webdo.tn\\\/fr\\\/wp-content\\\/uploads\\\/2023\\\/10\\\/ef3d025cefb6042f8a83c2eb222c229f.jpg\",\"width\":750,\"height\":400,\"caption\":\"Mandat de d\u00e9p\u00f4t contre Abir Moussi\"},{\"@type\":\"BreadcrumbList\",\"@id\":\"https:\\\/\\\/www.webdo.tn\\\/fr\\\/actualite\\\/national\\\/mandat-de-depot-contre-abir-moussi\\\/209137\\\/#breadcrumb\",\"itemListElement\":[{\"@type\":\"ListItem\",\"position\":1,\"name\":\"Accueil\",\"item\":\"https:\\\/\\\/www.webdo.tn\\\/fr\\\/\"},{\"@type\":\"ListItem\",\"position\":2,\"name\":\"Mandat de d\u00e9p\u00f4t contre Abir Moussi\"}]},{\"@type\":\"WebSite\",\"@id\":\"https:\\\/\\\/www.webdo.tn\\\/fr\\\/#website\",\"url\":\"https:\\\/\\\/www.webdo.tn\\\/fr\\\/\",\"name\":\"webdo\",\"description\":\"Tunisie - News en Tunisie et \u00e0 l&#039;international sur Webdo.tn\",\"publisher\":{\"@id\":\"https:\\\/\\\/www.webdo.tn\\\/fr\\\/#organization\"},\"potentialAction\":[{\"@type\":\"SearchAction\",\"target\":{\"@type\":\"EntryPoint\",\"urlTemplate\":\"https:\\\/\\\/www.webdo.tn\\\/fr\\\/?s={search_term_string}\"},\"query-input\":{\"@type\":\"PropertyValueSpecification\",\"valueRequired\":true,\"valueName\":\"search_term_string\"}}],\"inLanguage\":\"fr-FR\"},{\"@type\":\"Organization\",\"@id\":\"https:\\\/\\\/www.webdo.tn\\\/fr\\\/#organization\",\"name\":\"Webdo\",\"alternateName\":\"Webdo.tn\",\"url\":\"https:\\\/\\\/www.webdo.tn\\\/fr\\\/\",\"logo\":{\"@type\":\"ImageObject\",\"inLanguage\":\"fr-FR\",\"@id\":\"https:\\\/\\\/www.webdo.tn\\\/fr\\\/#\\\/schema\\\/logo\\\/image\\\/\",\"url\":\"https:\\\/\\\/www.webdo.tn\\\/fr\\\/wp-content\\\/uploads\\\/2025\\\/06\\\/Webdo-Tunisie_168377.jpg\",\"contentUrl\":\"https:\\\/\\\/www.webdo.tn\\\/fr\\\/wp-content\\\/uploads\\\/2025\\\/06\\\/Webdo-Tunisie_168377.jpg\",\"width\":301,\"height\":301,\"caption\":\"Webdo\"},\"image\":{\"@id\":\"https:\\\/\\\/www.webdo.tn\\\/fr\\\/#\\\/schema\\\/logo\\\/image\\\/\"},\"sameAs\":[\"https:\\\/\\\/www.facebook.com\\\/webdotn\",\"https:\\\/\\\/x.com\\\/webdo_tn\"],\"description\":\"Webdo est un m\u00e9dia num\u00e9rique tunisien fond\u00e9 en 2010, sp\u00e9cialis\u00e9 dans l\u2019actualit\u00e9 nationale et internationale, l\u2019\u00e9conomie, la soci\u00e9t\u00e9 et les analyses politiques. Le site s\u2019adresse \u00e0 un large public francophone et couvre l\u2019information tunisienne en temps r\u00e9el.\",\"email\":\"redac@webdo.tn\",\"legalName\":\"YNJ SARL\",\"foundingDate\":\"2010-09-06\",\"numberOfEmployees\":{\"@type\":\"QuantitativeValue\",\"minValue\":\"11\",\"maxValue\":\"50\"}},{\"@type\":\"Person\",\"@id\":\"https:\\\/\\\/www.webdo.tn\\\/fr\\\/#\\\/schema\\\/person\\\/f35b42a42c5e2511bbd282959d6385cc\",\"name\":\"CL\",\"image\":{\"@type\":\"ImageObject\",\"inLanguage\":\"fr-FR\",\"@id\":\"https:\\\/\\\/secure.gravatar.com\\\/avatar\\\/1447a49909b67aa657c488aec6512e1dd6143a480c1ecfee9b5b5cd74eb3b59e?s=96&d=mm&r=g\",\"url\":\"https:\\\/\\\/secure.gravatar.com\\\/avatar\\\/1447a49909b67aa657c488aec6512e1dd6143a480c1ecfee9b5b5cd74eb3b59e?s=96&d=mm&r=g\",\"contentUrl\":\"https:\\\/\\\/secure.gravatar.com\\\/avatar\\\/1447a49909b67aa657c488aec6512e1dd6143a480c1ecfee9b5b5cd74eb3b59e?s=96&d=mm&r=g\",\"caption\":\"CL\"},\"url\":\"https:\\\/\\\/www.webdo.tn\\\/fr\\\/actualite\\\/author\\\/cl\\\/\"}]}<\/script>\n<!-- \/ Yoast SEO Premium plugin. -->","yoast_head_json":{"title":"Mandat de d\u00e9p\u00f4t contre Abir Moussi","description":"Le juge d'instruction a \u00e9mis aujourd'hui, jeudi 5 octobre 2023, un mandat de d\u00e9p\u00f4t \u00e0 l'encontre de la pr\u00e9sidente du parti destourien Libre, Abir Moussi.","canonical":"https:\/\/www.webdo.tn\/fr\/actualite\/national\/mandat-de-depot-contre-abir-moussi\/209137\/","og_locale":"fr_FR","og_type":"article","og_title":"Mandat de d\u00e9p\u00f4t contre Abir Moussi","og_description":"Le juge d'instruction a \u00e9mis aujourd'hui, jeudi 5 octobre 2023, un mandat de d\u00e9p\u00f4t \u00e0 l'encontre de la pr\u00e9sidente du parti destourien Libre, Abir Moussi.","og_url":"https:\/\/www.webdo.tn\/fr\/actualite\/national\/mandat-de-depot-contre-abir-moussi\/209137\/","og_site_name":"webdo","article_publisher":"https:\/\/www.facebook.com\/webdotn","article_published_time":"2023-10-05T19:13:00+00:00","article_modified_time":"2025-05-20T22:40:31+00:00","og_image":[{"width":750,"height":400,"url":"https:\/\/www.webdo.tn\/fr\/wp-content\/uploads\/2023\/10\/ef3d025cefb6042f8a83c2eb222c229f.jpg","type":"image\/jpeg"}],"author":"CL","twitter_card":"summary_large_image","twitter_creator":"@webdo_tn","twitter_site":"@webdo_tn","twitter_misc":{"\u00c9crit par":"CL","Dur\u00e9e de lecture estim\u00e9e":"1 minute"},"schema":{"@context":"https:\/\/schema.org","@graph":[{"@type":"NewsArticle","@id":"https:\/\/www.webdo.tn\/fr\/actualite\/national\/mandat-de-depot-contre-abir-moussi\/209137\/#article","isPartOf":{"@id":"https:\/\/www.webdo.tn\/fr\/actualite\/national\/mandat-de-depot-contre-abir-moussi\/209137\/"},"author":{"name":"CL","@id":"https:\/\/www.webdo.tn\/fr\/#\/schema\/person\/f35b42a42c5e2511bbd282959d6385cc"},"headline":"Mandat de d\u00e9p\u00f4t contre Abir Moussi","datePublished":"2023-10-05T19:13:00+00:00","dateModified":"2025-05-20T22:40:31+00:00","mainEntityOfPage":{"@id":"https:\/\/www.webdo.tn\/fr\/actualite\/national\/mandat-de-depot-contre-abir-moussi\/209137\/"},"wordCount":176,"commentCount":0,"publisher":{"@id":"https:\/\/www.webdo.tn\/fr\/#organization"},"image":{"@id":"https:\/\/www.webdo.tn\/fr\/actualite\/national\/mandat-de-depot-contre-abir-moussi\/209137\/#primaryimage"},"thumbnailUrl":"https:\/\/www.webdo.tn\/fr\/wp-content\/uploads\/2023\/10\/ef3d025cefb6042f8a83c2eb222c229f.jpg","keywords":["Abir Moussi","PDL","Tunisie"],"articleSection":["National"],"inLanguage":"fr-FR"},{"@type":"WebPage","@id":"https:\/\/www.webdo.tn\/fr\/actualite\/national\/mandat-de-depot-contre-abir-moussi\/209137\/","url":"https:\/\/www.webdo.tn\/fr\/actualite\/national\/mandat-de-depot-contre-abir-moussi\/209137\/","name":"Mandat de d\u00e9p\u00f4t contre Abir Moussi","isPartOf":{"@id":"https:\/\/www.webdo.tn\/fr\/#website"},"primaryImageOfPage":{"@id":"https:\/\/www.webdo.tn\/fr\/actualite\/national\/mandat-de-depot-contre-abir-moussi\/209137\/#primaryimage"},"image":{"@id":"https:\/\/www.webdo.tn\/fr\/actualite\/national\/mandat-de-depot-contre-abir-moussi\/209137\/#primaryimage"},"thumbnailUrl":"https:\/\/www.webdo.tn\/fr\/wp-content\/uploads\/2023\/10\/ef3d025cefb6042f8a83c2eb222c229f.jpg","datePublished":"2023-10-05T19:13:00+00:00","dateModified":"2025-05-20T22:40:31+00:00","description":"Le juge d'instruction a \u00e9mis aujourd'hui, jeudi 5 octobre 2023, un mandat de d\u00e9p\u00f4t \u00e0 l'encontre de la pr\u00e9sidente du parti destourien Libre, Abir Moussi.","breadcrumb":{"@id":"https:\/\/www.webdo.tn\/fr\/actualite\/national\/mandat-de-depot-contre-abir-moussi\/209137\/#breadcrumb"},"inLanguage":"fr-FR","potentialAction":[{"@type":"ReadAction","target":["https:\/\/www.webdo.tn\/fr\/actualite\/national\/mandat-de-depot-contre-abir-moussi\/209137\/"]}]},{"@type":"ImageObject","inLanguage":"fr-FR","@id":"https:\/\/www.webdo.tn\/fr\/actualite\/national\/mandat-de-depot-contre-abir-moussi\/209137\/#primaryimage","url":"https:\/\/www.webdo.tn\/fr\/wp-content\/uploads\/2023\/10\/ef3d025cefb6042f8a83c2eb222c229f.jpg","contentUrl":"https:\/\/www.webdo.tn\/fr\/wp-content\/uploads\/2023\/10\/ef3d025cefb6042f8a83c2eb222c229f.jpg","width":750,"height":400,"caption":"Mandat de d\u00e9p\u00f4t contre Abir Moussi"},{"@type":"BreadcrumbList","@id":"https:\/\/www.webdo.tn\/fr\/actualite\/national\/mandat-de-depot-contre-abir-moussi\/209137\/#breadcrumb","itemListElement":[{"@type":"ListItem","position":1,"name":"Accueil","item":"https:\/\/www.webdo.tn\/fr\/"},{"@type":"ListItem","position":2,"name":"Mandat de d\u00e9p\u00f4t contre Abir Moussi"}]},{"@type":"WebSite","@id":"https:\/\/www.webdo.tn\/fr\/#website","url":"https:\/\/www.webdo.tn\/fr\/","name":"webdo","description":"Tunisie - News en Tunisie et \u00e0 l&#039;international sur Webdo.tn","publisher":{"@id":"https:\/\/www.webdo.tn\/fr\/#organization"},"potentialAction":[{"@type":"SearchAction","target":{"@type":"EntryPoint","urlTemplate":"https:\/\/www.webdo.tn\/fr\/?s={search_term_string}"},"query-input":{"@type":"PropertyValueSpecification","valueRequired":true,"valueName":"search_term_string"}}],"inLanguage":"fr-FR"},{"@type":"Organization","@id":"https:\/\/www.webdo.tn\/fr\/#organization","name":"Webdo","alternateName":"Webdo.tn","url":"https:\/\/www.webdo.tn\/fr\/","logo":{"@type":"ImageObject","inLanguage":"fr-FR","@id":"https:\/\/www.webdo.tn\/fr\/#\/schema\/logo\/image\/","url":"https:\/\/www.webdo.tn\/fr\/wp-content\/uploads\/2025\/06\/Webdo-Tunisie_168377.jpg","contentUrl":"https:\/\/www.webdo.tn\/fr\/wp-content\/uploads\/2025\/06\/Webdo-Tunisie_168377.jpg","width":301,"height":301,"caption":"Webdo"},"image":{"@id":"https:\/\/www.webdo.tn\/fr\/#\/schema\/logo\/image\/"},"sameAs":["https:\/\/www.facebook.com\/webdotn","https:\/\/x.com\/webdo_tn"],"description":"Webdo est un m\u00e9dia num\u00e9rique tunisien fond\u00e9 en 2010, sp\u00e9cialis\u00e9 dans l\u2019actualit\u00e9 nationale et internationale, l\u2019\u00e9conomie, la soci\u00e9t\u00e9 et les analyses politiques. Le site s\u2019adresse \u00e0 un large public francophone et couvre l\u2019information tunisienne en temps r\u00e9el.","email":"redac@webdo.tn","legalName":"YNJ SARL","foundingDate":"2010-09-06","numberOfEmployees":{"@type":"QuantitativeValue","minValue":"11","maxValue":"50"}},{"@type":"Person","@id":"https:\/\/www.webdo.tn\/fr\/#\/schema\/person\/f35b42a42c5e2511bbd282959d6385cc","name":"CL","image":{"@type":"ImageObject","inLanguage":"fr-FR","@id":"https:\/\/secure.gravatar.com\/avatar\/1447a49909b67aa657c488aec6512e1dd6143a480c1ecfee9b5b5cd74eb3b59e?s=96&d=mm&r=g","url":"https:\/\/secure.gravatar.com\/avatar\/1447a49909b67aa657c488aec6512e1dd6143a480c1ecfee9b5b5cd74eb3b59e?s=96&d=mm&r=g","contentUrl":"https:\/\/secure.gravatar.com\/avatar\/1447a49909b67aa657c488aec6512e1dd6143a480c1ecfee9b5b5cd74eb3b59e?s=96&d=mm&r=g","caption":"CL"},"url":"https:\/\/www.webdo.tn\/fr\/actualite\/author\/cl\/"}]}},"_links":{"self":[{"href":"https:\/\/www.webdo.tn\/fr\/wp-json\/wp\/v2\/posts\/209137","targetHints":{"allow":["GET"]}}],"collection":[{"href":"https:\/\/www.webdo.tn\/fr\/wp-json\/wp\/v2\/posts"}],"about":[{"href":"https:\/\/www.webdo.tn\/fr\/wp-json\/wp\/v2\/types\/post"}],"author":[{"embeddable":true,"href":"https:\/\/www.webdo.tn\/fr\/wp-json\/wp\/v2\/users\/3175"}],"replies":[{"embeddable":true,"href":"https:\/\/www.webdo.tn\/fr\/wp-json\/wp\/v2\/comments?post=209137"}],"version-history":[{"count":0,"href":"https:\/\/www.webdo.tn\/fr\/wp-json\/wp\/v2\/posts\/209137\/revisions"}],"wp:featuredmedia":[{"embeddable":true,"href":"https:\/\/www.webdo.tn\/fr\/wp-json\/wp\/v2\/media\/249129"}],"wp:attachment":[{"href":"https:\/\/www.webdo.tn\/fr\/wp-json\/wp\/v2\/media?parent=209137"}],"wp:term":[{"taxonomy":"category","embeddable":true,"href":"https:\/\/www.webdo.tn\/fr\/wp-json\/wp\/v2\/categories?post=209137"},{"taxonomy":"post_tag","embeddable":true,"href":"https:\/\/www.webdo.tn\/fr\/wp-json\/wp\/v2\/tags?post=209137"}],"curies":[{"name":"wp","href":"https:\/\/api.w.org\/{rel}","templated":true}]}}