{"id":209136,"date":"2023-10-05T19:04:00","date_gmt":"2023-10-05T19:04:00","guid":{"rendered":"https:\/\/www.webdo.tn\/fr\/blog\/la-bm-revoit-a-la-baisse-la-croissance-de-l-economie-tunisienne\/209136\/"},"modified":"2025-05-20T22:40:30","modified_gmt":"2025-05-20T22:40:30","slug":"la-bm-revoit-a-la-baisse-la-croissance-de-l-economie-tunisienne","status":"publish","type":"post","link":"https:\/\/www.webdo.tn\/fr\/actualite\/national\/la-bm-revoit-a-la-baisse-la-croissance-de-l-economie-tunisienne\/209136\/","title":{"rendered":"La BM revoit \u00e0 la baisse la croissance de l&rsquo;\u00e9conomie tunisienne"},"content":{"rendered":"<p>La Banque mondiale (BM) a revu \u00e0 la baisse ses pr\u00e9visions de croissance \u00e9conomique pour la Tunisie, \u00e0 1,2% en 2023, contre 2,3%, au mois de juin 2023 (pr\u00e9visions anticip\u00e9es), \u00e9voquant des perspectives \u00ab\u00a0tr\u00e8s incertaines\u00a0\u00bb.<\/p>\n<p>\t\t\t\t\t\t\t\t\tDans son rapport intitul\u00e9 \u00ab\u00a0Trouver le juste \u00e9quilibre : Emplois et salaires en temps de crise dans la r\u00e9gion Moyen-Orient et Afrique du Nord \u00a0\u00bb publi\u00e9, jeudi, la BM a indiqu\u00e9 que l\u2019\u00e9conomie tunisienne semble ralentir \u00ab\u00a0de mani\u00e8re significative\u00a0\u00bb par rapport \u00e0 la tendance de 2021 et 2022.<br \/>\nSelon l\u2019institution financi\u00e8re internationale, cela refl\u00e8te \u00ab\u00a0les conditions difficiles li\u00e9es \u00e0 la s\u00e9cheresse particuli\u00e8rement pour le secteur agricole, aux incertitudes entourant le financement de la dette et la faible dynamique des r\u00e9formes structurelles\u00a0\u00bb.<\/p>\n<p>En l\u2019absence d\u2019un accord de financement avec le Fonds Mon\u00e9taire International (FMI) et de financements ext\u00e9rieurs, conjugu\u00e9e \u00e0 une conjoncture mondiale incertaine, les finances publiques et le compte ext\u00e9rieur de la Tunisie resteront \u00a0\u00bb pr\u00e9caires \u00ab\u00a0, estime encore la BM.<\/p>\n<p>Toutefois, le d\u00e9ficit budg\u00e9taire devrait diminuer \u00e0 5,6% du PIB en 2023, contre 6,6 % du PIB en 2022. Cela s\u2019explique principalement, par la baisse des subventions \u00e9nerg\u00e9tiques, une masse salariale inf\u00e9rieure en termes r\u00e9els, et une augmentation des recettes fiscales, d\u2019apr\u00e8s elle.<\/p>\n<p>Les besoins bruts de financement devraient encore augmenter \u00e0 16% du PIB en 2023, contre 12,6% en 2022, en raison d&rsquo;un amortissement important de la dette ext\u00e9rieure.<\/p>\n<p>Le d\u00e9ficit du compte courant devrait baisser \u00e0 4% du PIB en 2023, (contre 8,6% en 2022), gr\u00e2ce au tourisme et aux termes de l\u2019\u00e9change.<\/p>\n","protected":false},"excerpt":{"rendered":"<p>La Banque mondiale (BM) a revu \u00e0 la baisse ses pr\u00e9visions de croissance \u00e9conomique pour la Tunisie, \u00e0 1,2% en 2023, contre 2,3%, au mois de juin 2023 (pr\u00e9vision&#8230;<\/p>\n","protected":false},"author":3175,"featured_media":249127,"comment_status":"open","ping_status":"closed","sticky":false,"template":"","format":"standard","meta":{"footnotes":""},"categories":[44],"tags":[2941,3854,3154,2608],"class_list":["post-209136","post","type-post","status-publish","format-standard","has-post-thumbnail","hentry","category-national","tag-bm","tag-croissance","tag-economie","tag-tunisie"],"yoast_head":"<!-- This site is optimized with the Yoast SEO Premium plugin v27.4 (Yoast SEO v27.5) - https:\/\/yoast.com\/product\/yoast-seo-premium-wordpress\/ -->\n<title>La BM revoit \u00e0 la baisse la croissance de l&#039;\u00e9conomie tunisienne<\/title>\n<meta name=\"description\" content=\"La Banque mondiale (BM) a revu \u00e0 la baisse ses pr\u00e9visions de croissance \u00e9conomique pour la Tunisie, \u00e0 1,2% en 2023, contre 2,3%, au mois de juin 2023 (pr\u00e9vision...\" \/>\n<link rel=\"canonical\" href=\"https:\/\/www.webdo.tn\/fr\/actualite\/national\/la-bm-revoit-a-la-baisse-la-croissance-de-l-economie-tunisienne\/209136\/\" \/>\n<meta property=\"og:locale\" content=\"fr_FR\" \/>\n<meta property=\"og:type\" content=\"article\" \/>\n<meta property=\"og:title\" content=\"La BM revoit \u00e0 la baisse la croissance de l&#039;\u00e9conomie tunisienne\" \/>\n<meta property=\"og:description\" content=\"La Banque mondiale (BM) a revu \u00e0 la baisse ses pr\u00e9visions de croissance \u00e9conomique pour la Tunisie, \u00e0 1,2% en 2023, contre 2,3%, au mois de juin 2023 (pr\u00e9vision...\" \/>\n<meta property=\"og:url\" content=\"https:\/\/www.webdo.tn\/fr\/actualite\/national\/la-bm-revoit-a-la-baisse-la-croissance-de-l-economie-tunisienne\/209136\/\" \/>\n<meta property=\"og:site_name\" content=\"webdo\" \/>\n<meta property=\"article:publisher\" content=\"https:\/\/www.facebook.com\/webdotn\" \/>\n<meta property=\"article:published_time\" content=\"2023-10-05T19:04:00+00:00\" \/>\n<meta property=\"article:modified_time\" content=\"2025-05-20T22:40:30+00:00\" \/>\n<meta property=\"og:image\" content=\"https:\/\/www.webdo.tn\/fr\/wp-content\/uploads\/2023\/10\/1b6ee8e65d0a44e1e1fffc89c227c181.jpg\" \/>\n\t<meta property=\"og:image:width\" content=\"750\" \/>\n\t<meta property=\"og:image:height\" content=\"400\" \/>\n\t<meta property=\"og:image:type\" content=\"image\/jpeg\" \/>\n<meta name=\"author\" content=\"CL\" \/>\n<meta name=\"twitter:card\" content=\"summary_large_image\" \/>\n<meta name=\"twitter:creator\" content=\"@webdo_tn\" \/>\n<meta name=\"twitter:site\" content=\"@webdo_tn\" \/>\n<meta name=\"twitter:label1\" content=\"\u00c9crit par\" \/>\n\t<meta name=\"twitter:data1\" content=\"CL\" \/>\n\t<meta name=\"twitter:label2\" content=\"Dur\u00e9e de lecture estim\u00e9e\" \/>\n\t<meta name=\"twitter:data2\" content=\"1 minute\" \/>\n<script type=\"application\/ld+json\" class=\"yoast-schema-graph\">{\"@context\":\"https:\\\/\\\/schema.org\",\"@graph\":[{\"@type\":\"NewsArticle\",\"@id\":\"https:\\\/\\\/www.webdo.tn\\\/fr\\\/actualite\\\/national\\\/la-bm-revoit-a-la-baisse-la-croissance-de-l-economie-tunisienne\\\/209136\\\/#article\",\"isPartOf\":{\"@id\":\"https:\\\/\\\/www.webdo.tn\\\/fr\\\/actualite\\\/national\\\/la-bm-revoit-a-la-baisse-la-croissance-de-l-economie-tunisienne\\\/209136\\\/\"},\"author\":{\"name\":\"CL\",\"@id\":\"https:\\\/\\\/www.webdo.tn\\\/fr\\\/#\\\/schema\\\/person\\\/f35b42a42c5e2511bbd282959d6385cc\"},\"headline\":\"La BM revoit \u00e0 la baisse la croissance de l&rsquo;\u00e9conomie tunisienne\",\"datePublished\":\"2023-10-05T19:04:00+00:00\",\"dateModified\":\"2025-05-20T22:40:30+00:00\",\"mainEntityOfPage\":{\"@id\":\"https:\\\/\\\/www.webdo.tn\\\/fr\\\/actualite\\\/national\\\/la-bm-revoit-a-la-baisse-la-croissance-de-l-economie-tunisienne\\\/209136\\\/\"},\"wordCount\":265,\"commentCount\":0,\"publisher\":{\"@id\":\"https:\\\/\\\/www.webdo.tn\\\/fr\\\/#organization\"},\"image\":{\"@id\":\"https:\\\/\\\/www.webdo.tn\\\/fr\\\/actualite\\\/national\\\/la-bm-revoit-a-la-baisse-la-croissance-de-l-economie-tunisienne\\\/209136\\\/#primaryimage\"},\"thumbnailUrl\":\"https:\\\/\\\/www.webdo.tn\\\/fr\\\/wp-content\\\/uploads\\\/2023\\\/10\\\/1b6ee8e65d0a44e1e1fffc89c227c181.jpg\",\"keywords\":[\"BM\",\"Croissance\",\"\u00e9conomie\",\"Tunisie\"],\"articleSection\":[\"National\"],\"inLanguage\":\"fr-FR\"},{\"@type\":\"WebPage\",\"@id\":\"https:\\\/\\\/www.webdo.tn\\\/fr\\\/actualite\\\/national\\\/la-bm-revoit-a-la-baisse-la-croissance-de-l-economie-tunisienne\\\/209136\\\/\",\"url\":\"https:\\\/\\\/www.webdo.tn\\\/fr\\\/actualite\\\/national\\\/la-bm-revoit-a-la-baisse-la-croissance-de-l-economie-tunisienne\\\/209136\\\/\",\"name\":\"La BM revoit \u00e0 la baisse la croissance de l'\u00e9conomie tunisienne\",\"isPartOf\":{\"@id\":\"https:\\\/\\\/www.webdo.tn\\\/fr\\\/#website\"},\"primaryImageOfPage\":{\"@id\":\"https:\\\/\\\/www.webdo.tn\\\/fr\\\/actualite\\\/national\\\/la-bm-revoit-a-la-baisse-la-croissance-de-l-economie-tunisienne\\\/209136\\\/#primaryimage\"},\"image\":{\"@id\":\"https:\\\/\\\/www.webdo.tn\\\/fr\\\/actualite\\\/national\\\/la-bm-revoit-a-la-baisse-la-croissance-de-l-economie-tunisienne\\\/209136\\\/#primaryimage\"},\"thumbnailUrl\":\"https:\\\/\\\/www.webdo.tn\\\/fr\\\/wp-content\\\/uploads\\\/2023\\\/10\\\/1b6ee8e65d0a44e1e1fffc89c227c181.jpg\",\"datePublished\":\"2023-10-05T19:04:00+00:00\",\"dateModified\":\"2025-05-20T22:40:30+00:00\",\"description\":\"La Banque mondiale (BM) a revu \u00e0 la baisse ses pr\u00e9visions de croissance \u00e9conomique pour la Tunisie, \u00e0 1,2% en 2023, contre 2,3%, au mois de juin 2023 (pr\u00e9vision...\",\"breadcrumb\":{\"@id\":\"https:\\\/\\\/www.webdo.tn\\\/fr\\\/actualite\\\/national\\\/la-bm-revoit-a-la-baisse-la-croissance-de-l-economie-tunisienne\\\/209136\\\/#breadcrumb\"},\"inLanguage\":\"fr-FR\",\"potentialAction\":[{\"@type\":\"ReadAction\",\"target\":[\"https:\\\/\\\/www.webdo.tn\\\/fr\\\/actualite\\\/national\\\/la-bm-revoit-a-la-baisse-la-croissance-de-l-economie-tunisienne\\\/209136\\\/\"]}]},{\"@type\":\"ImageObject\",\"inLanguage\":\"fr-FR\",\"@id\":\"https:\\\/\\\/www.webdo.tn\\\/fr\\\/actualite\\\/national\\\/la-bm-revoit-a-la-baisse-la-croissance-de-l-economie-tunisienne\\\/209136\\\/#primaryimage\",\"url\":\"https:\\\/\\\/www.webdo.tn\\\/fr\\\/wp-content\\\/uploads\\\/2023\\\/10\\\/1b6ee8e65d0a44e1e1fffc89c227c181.jpg\",\"contentUrl\":\"https:\\\/\\\/www.webdo.tn\\\/fr\\\/wp-content\\\/uploads\\\/2023\\\/10\\\/1b6ee8e65d0a44e1e1fffc89c227c181.jpg\",\"width\":750,\"height\":400,\"caption\":\"La BM revoit \u00e0 la baisse la croissance de l'\u00e9conomie tunisienne\"},{\"@type\":\"BreadcrumbList\",\"@id\":\"https:\\\/\\\/www.webdo.tn\\\/fr\\\/actualite\\\/national\\\/la-bm-revoit-a-la-baisse-la-croissance-de-l-economie-tunisienne\\\/209136\\\/#breadcrumb\",\"itemListElement\":[{\"@type\":\"ListItem\",\"position\":1,\"name\":\"Accueil\",\"item\":\"https:\\\/\\\/www.webdo.tn\\\/fr\\\/\"},{\"@type\":\"ListItem\",\"position\":2,\"name\":\"La BM revoit \u00e0 la baisse la croissance de l&#8217;\u00e9conomie tunisienne\"}]},{\"@type\":\"WebSite\",\"@id\":\"https:\\\/\\\/www.webdo.tn\\\/fr\\\/#website\",\"url\":\"https:\\\/\\\/www.webdo.tn\\\/fr\\\/\",\"name\":\"webdo\",\"description\":\"Tunisie - News en Tunisie et \u00e0 l&#039;international sur Webdo.tn\",\"publisher\":{\"@id\":\"https:\\\/\\\/www.webdo.tn\\\/fr\\\/#organization\"},\"potentialAction\":[{\"@type\":\"SearchAction\",\"target\":{\"@type\":\"EntryPoint\",\"urlTemplate\":\"https:\\\/\\\/www.webdo.tn\\\/fr\\\/?s={search_term_string}\"},\"query-input\":{\"@type\":\"PropertyValueSpecification\",\"valueRequired\":true,\"valueName\":\"search_term_string\"}}],\"inLanguage\":\"fr-FR\"},{\"@type\":\"Organization\",\"@id\":\"https:\\\/\\\/www.webdo.tn\\\/fr\\\/#organization\",\"name\":\"Webdo\",\"alternateName\":\"Webdo.tn\",\"url\":\"https:\\\/\\\/www.webdo.tn\\\/fr\\\/\",\"logo\":{\"@type\":\"ImageObject\",\"inLanguage\":\"fr-FR\",\"@id\":\"https:\\\/\\\/www.webdo.tn\\\/fr\\\/#\\\/schema\\\/logo\\\/image\\\/\",\"url\":\"https:\\\/\\\/www.webdo.tn\\\/fr\\\/wp-content\\\/uploads\\\/2025\\\/06\\\/Webdo-Tunisie_168377.jpg\",\"contentUrl\":\"https:\\\/\\\/www.webdo.tn\\\/fr\\\/wp-content\\\/uploads\\\/2025\\\/06\\\/Webdo-Tunisie_168377.jpg\",\"width\":301,\"height\":301,\"caption\":\"Webdo\"},\"image\":{\"@id\":\"https:\\\/\\\/www.webdo.tn\\\/fr\\\/#\\\/schema\\\/logo\\\/image\\\/\"},\"sameAs\":[\"https:\\\/\\\/www.facebook.com\\\/webdotn\",\"https:\\\/\\\/x.com\\\/webdo_tn\"],\"description\":\"Webdo est un m\u00e9dia num\u00e9rique tunisien fond\u00e9 en 2010, sp\u00e9cialis\u00e9 dans l\u2019actualit\u00e9 nationale et internationale, l\u2019\u00e9conomie, la soci\u00e9t\u00e9 et les analyses politiques. Le site s\u2019adresse \u00e0 un large public francophone et couvre l\u2019information tunisienne en temps r\u00e9el.\",\"email\":\"redac@webdo.tn\",\"legalName\":\"YNJ SARL\",\"foundingDate\":\"2010-09-06\",\"numberOfEmployees\":{\"@type\":\"QuantitativeValue\",\"minValue\":\"11\",\"maxValue\":\"50\"}},{\"@type\":\"Person\",\"@id\":\"https:\\\/\\\/www.webdo.tn\\\/fr\\\/#\\\/schema\\\/person\\\/f35b42a42c5e2511bbd282959d6385cc\",\"name\":\"CL\",\"image\":{\"@type\":\"ImageObject\",\"inLanguage\":\"fr-FR\",\"@id\":\"https:\\\/\\\/secure.gravatar.com\\\/avatar\\\/1447a49909b67aa657c488aec6512e1dd6143a480c1ecfee9b5b5cd74eb3b59e?s=96&d=mm&r=g\",\"url\":\"https:\\\/\\\/secure.gravatar.com\\\/avatar\\\/1447a49909b67aa657c488aec6512e1dd6143a480c1ecfee9b5b5cd74eb3b59e?s=96&d=mm&r=g\",\"contentUrl\":\"https:\\\/\\\/secure.gravatar.com\\\/avatar\\\/1447a49909b67aa657c488aec6512e1dd6143a480c1ecfee9b5b5cd74eb3b59e?s=96&d=mm&r=g\",\"caption\":\"CL\"},\"url\":\"https:\\\/\\\/www.webdo.tn\\\/fr\\\/actualite\\\/author\\\/cl\\\/\"}]}<\/script>\n<!-- \/ Yoast SEO Premium plugin. -->","yoast_head_json":{"title":"La BM revoit \u00e0 la baisse la croissance de l'\u00e9conomie tunisienne","description":"La Banque mondiale (BM) a revu \u00e0 la baisse ses pr\u00e9visions de croissance \u00e9conomique pour la Tunisie, \u00e0 1,2% en 2023, contre 2,3%, au mois de juin 2023 (pr\u00e9vision...","canonical":"https:\/\/www.webdo.tn\/fr\/actualite\/national\/la-bm-revoit-a-la-baisse-la-croissance-de-l-economie-tunisienne\/209136\/","og_locale":"fr_FR","og_type":"article","og_title":"La BM revoit \u00e0 la baisse la croissance de l'\u00e9conomie tunisienne","og_description":"La Banque mondiale (BM) a revu \u00e0 la baisse ses pr\u00e9visions de croissance \u00e9conomique pour la Tunisie, \u00e0 1,2% en 2023, contre 2,3%, au mois de juin 2023 (pr\u00e9vision...","og_url":"https:\/\/www.webdo.tn\/fr\/actualite\/national\/la-bm-revoit-a-la-baisse-la-croissance-de-l-economie-tunisienne\/209136\/","og_site_name":"webdo","article_publisher":"https:\/\/www.facebook.com\/webdotn","article_published_time":"2023-10-05T19:04:00+00:00","article_modified_time":"2025-05-20T22:40:30+00:00","og_image":[{"width":750,"height":400,"url":"https:\/\/www.webdo.tn\/fr\/wp-content\/uploads\/2023\/10\/1b6ee8e65d0a44e1e1fffc89c227c181.jpg","type":"image\/jpeg"}],"author":"CL","twitter_card":"summary_large_image","twitter_creator":"@webdo_tn","twitter_site":"@webdo_tn","twitter_misc":{"\u00c9crit par":"CL","Dur\u00e9e de lecture estim\u00e9e":"1 minute"},"schema":{"@context":"https:\/\/schema.org","@graph":[{"@type":"NewsArticle","@id":"https:\/\/www.webdo.tn\/fr\/actualite\/national\/la-bm-revoit-a-la-baisse-la-croissance-de-l-economie-tunisienne\/209136\/#article","isPartOf":{"@id":"https:\/\/www.webdo.tn\/fr\/actualite\/national\/la-bm-revoit-a-la-baisse-la-croissance-de-l-economie-tunisienne\/209136\/"},"author":{"name":"CL","@id":"https:\/\/www.webdo.tn\/fr\/#\/schema\/person\/f35b42a42c5e2511bbd282959d6385cc"},"headline":"La BM revoit \u00e0 la baisse la croissance de l&rsquo;\u00e9conomie tunisienne","datePublished":"2023-10-05T19:04:00+00:00","dateModified":"2025-05-20T22:40:30+00:00","mainEntityOfPage":{"@id":"https:\/\/www.webdo.tn\/fr\/actualite\/national\/la-bm-revoit-a-la-baisse-la-croissance-de-l-economie-tunisienne\/209136\/"},"wordCount":265,"commentCount":0,"publisher":{"@id":"https:\/\/www.webdo.tn\/fr\/#organization"},"image":{"@id":"https:\/\/www.webdo.tn\/fr\/actualite\/national\/la-bm-revoit-a-la-baisse-la-croissance-de-l-economie-tunisienne\/209136\/#primaryimage"},"thumbnailUrl":"https:\/\/www.webdo.tn\/fr\/wp-content\/uploads\/2023\/10\/1b6ee8e65d0a44e1e1fffc89c227c181.jpg","keywords":["BM","Croissance","\u00e9conomie","Tunisie"],"articleSection":["National"],"inLanguage":"fr-FR"},{"@type":"WebPage","@id":"https:\/\/www.webdo.tn\/fr\/actualite\/national\/la-bm-revoit-a-la-baisse-la-croissance-de-l-economie-tunisienne\/209136\/","url":"https:\/\/www.webdo.tn\/fr\/actualite\/national\/la-bm-revoit-a-la-baisse-la-croissance-de-l-economie-tunisienne\/209136\/","name":"La BM revoit \u00e0 la baisse la croissance de l'\u00e9conomie tunisienne","isPartOf":{"@id":"https:\/\/www.webdo.tn\/fr\/#website"},"primaryImageOfPage":{"@id":"https:\/\/www.webdo.tn\/fr\/actualite\/national\/la-bm-revoit-a-la-baisse-la-croissance-de-l-economie-tunisienne\/209136\/#primaryimage"},"image":{"@id":"https:\/\/www.webdo.tn\/fr\/actualite\/national\/la-bm-revoit-a-la-baisse-la-croissance-de-l-economie-tunisienne\/209136\/#primaryimage"},"thumbnailUrl":"https:\/\/www.webdo.tn\/fr\/wp-content\/uploads\/2023\/10\/1b6ee8e65d0a44e1e1fffc89c227c181.jpg","datePublished":"2023-10-05T19:04:00+00:00","dateModified":"2025-05-20T22:40:30+00:00","description":"La Banque mondiale (BM) a revu \u00e0 la baisse ses pr\u00e9visions de croissance \u00e9conomique pour la Tunisie, \u00e0 1,2% en 2023, contre 2,3%, au mois de juin 2023 (pr\u00e9vision...","breadcrumb":{"@id":"https:\/\/www.webdo.tn\/fr\/actualite\/national\/la-bm-revoit-a-la-baisse-la-croissance-de-l-economie-tunisienne\/209136\/#breadcrumb"},"inLanguage":"fr-FR","potentialAction":[{"@type":"ReadAction","target":["https:\/\/www.webdo.tn\/fr\/actualite\/national\/la-bm-revoit-a-la-baisse-la-croissance-de-l-economie-tunisienne\/209136\/"]}]},{"@type":"ImageObject","inLanguage":"fr-FR","@id":"https:\/\/www.webdo.tn\/fr\/actualite\/national\/la-bm-revoit-a-la-baisse-la-croissance-de-l-economie-tunisienne\/209136\/#primaryimage","url":"https:\/\/www.webdo.tn\/fr\/wp-content\/uploads\/2023\/10\/1b6ee8e65d0a44e1e1fffc89c227c181.jpg","contentUrl":"https:\/\/www.webdo.tn\/fr\/wp-content\/uploads\/2023\/10\/1b6ee8e65d0a44e1e1fffc89c227c181.jpg","width":750,"height":400,"caption":"La BM revoit \u00e0 la baisse la croissance de l'\u00e9conomie tunisienne"},{"@type":"BreadcrumbList","@id":"https:\/\/www.webdo.tn\/fr\/actualite\/national\/la-bm-revoit-a-la-baisse-la-croissance-de-l-economie-tunisienne\/209136\/#breadcrumb","itemListElement":[{"@type":"ListItem","position":1,"name":"Accueil","item":"https:\/\/www.webdo.tn\/fr\/"},{"@type":"ListItem","position":2,"name":"La BM revoit \u00e0 la baisse la croissance de l&#8217;\u00e9conomie tunisienne"}]},{"@type":"WebSite","@id":"https:\/\/www.webdo.tn\/fr\/#website","url":"https:\/\/www.webdo.tn\/fr\/","name":"webdo","description":"Tunisie - News en Tunisie et \u00e0 l&#039;international sur Webdo.tn","publisher":{"@id":"https:\/\/www.webdo.tn\/fr\/#organization"},"potentialAction":[{"@type":"SearchAction","target":{"@type":"EntryPoint","urlTemplate":"https:\/\/www.webdo.tn\/fr\/?s={search_term_string}"},"query-input":{"@type":"PropertyValueSpecification","valueRequired":true,"valueName":"search_term_string"}}],"inLanguage":"fr-FR"},{"@type":"Organization","@id":"https:\/\/www.webdo.tn\/fr\/#organization","name":"Webdo","alternateName":"Webdo.tn","url":"https:\/\/www.webdo.tn\/fr\/","logo":{"@type":"ImageObject","inLanguage":"fr-FR","@id":"https:\/\/www.webdo.tn\/fr\/#\/schema\/logo\/image\/","url":"https:\/\/www.webdo.tn\/fr\/wp-content\/uploads\/2025\/06\/Webdo-Tunisie_168377.jpg","contentUrl":"https:\/\/www.webdo.tn\/fr\/wp-content\/uploads\/2025\/06\/Webdo-Tunisie_168377.jpg","width":301,"height":301,"caption":"Webdo"},"image":{"@id":"https:\/\/www.webdo.tn\/fr\/#\/schema\/logo\/image\/"},"sameAs":["https:\/\/www.facebook.com\/webdotn","https:\/\/x.com\/webdo_tn"],"description":"Webdo est un m\u00e9dia num\u00e9rique tunisien fond\u00e9 en 2010, sp\u00e9cialis\u00e9 dans l\u2019actualit\u00e9 nationale et internationale, l\u2019\u00e9conomie, la soci\u00e9t\u00e9 et les analyses politiques. Le site s\u2019adresse \u00e0 un large public francophone et couvre l\u2019information tunisienne en temps r\u00e9el.","email":"redac@webdo.tn","legalName":"YNJ SARL","foundingDate":"2010-09-06","numberOfEmployees":{"@type":"QuantitativeValue","minValue":"11","maxValue":"50"}},{"@type":"Person","@id":"https:\/\/www.webdo.tn\/fr\/#\/schema\/person\/f35b42a42c5e2511bbd282959d6385cc","name":"CL","image":{"@type":"ImageObject","inLanguage":"fr-FR","@id":"https:\/\/secure.gravatar.com\/avatar\/1447a49909b67aa657c488aec6512e1dd6143a480c1ecfee9b5b5cd74eb3b59e?s=96&d=mm&r=g","url":"https:\/\/secure.gravatar.com\/avatar\/1447a49909b67aa657c488aec6512e1dd6143a480c1ecfee9b5b5cd74eb3b59e?s=96&d=mm&r=g","contentUrl":"https:\/\/secure.gravatar.com\/avatar\/1447a49909b67aa657c488aec6512e1dd6143a480c1ecfee9b5b5cd74eb3b59e?s=96&d=mm&r=g","caption":"CL"},"url":"https:\/\/www.webdo.tn\/fr\/actualite\/author\/cl\/"}]}},"_links":{"self":[{"href":"https:\/\/www.webdo.tn\/fr\/wp-json\/wp\/v2\/posts\/209136","targetHints":{"allow":["GET"]}}],"collection":[{"href":"https:\/\/www.webdo.tn\/fr\/wp-json\/wp\/v2\/posts"}],"about":[{"href":"https:\/\/www.webdo.tn\/fr\/wp-json\/wp\/v2\/types\/post"}],"author":[{"embeddable":true,"href":"https:\/\/www.webdo.tn\/fr\/wp-json\/wp\/v2\/users\/3175"}],"replies":[{"embeddable":true,"href":"https:\/\/www.webdo.tn\/fr\/wp-json\/wp\/v2\/comments?post=209136"}],"version-history":[{"count":0,"href":"https:\/\/www.webdo.tn\/fr\/wp-json\/wp\/v2\/posts\/209136\/revisions"}],"wp:featuredmedia":[{"embeddable":true,"href":"https:\/\/www.webdo.tn\/fr\/wp-json\/wp\/v2\/media\/249127"}],"wp:attachment":[{"href":"https:\/\/www.webdo.tn\/fr\/wp-json\/wp\/v2\/media?parent=209136"}],"wp:term":[{"taxonomy":"category","embeddable":true,"href":"https:\/\/www.webdo.tn\/fr\/wp-json\/wp\/v2\/categories?post=209136"},{"taxonomy":"post_tag","embeddable":true,"href":"https:\/\/www.webdo.tn\/fr\/wp-json\/wp\/v2\/tags?post=209136"}],"curies":[{"name":"wp","href":"https:\/\/api.w.org\/{rel}","templated":true}]}}