{"id":209125,"date":"2023-10-05T12:02:00","date_gmt":"2023-10-05T12:02:00","guid":{"rendered":"https:\/\/www.webdo.tn\/fr\/blog\/les-recettes-touristiques-sous-la-loupe-de-l-arp\/209125\/"},"modified":"2025-05-20T22:10:09","modified_gmt":"2025-05-20T22:10:09","slug":"les-recettes-touristiques-sous-la-loupe-de-l-arp","status":"publish","type":"post","link":"https:\/\/www.webdo.tn\/fr\/actualite\/national\/les-recettes-touristiques-sous-la-loupe-de-l-arp\/209125\/","title":{"rendered":"Les recettes touristiques sous la loupe de l\u2019ARP"},"content":{"rendered":"<p>La commission du Tourisme \u00e0 l&rsquo;Assembl\u00e9e de repr\u00e9sentants du peuple doit prochainement auditionner le ministre du Tourisme et le gouverneur de la BCT \u00e0 propos des recettes touristiques.<\/p>\n<p>\t\t\t\t\t\t\t\t\tEn effet, ladite commission a d\u00e9cid\u00e9 d&rsquo;auditionner, le 11 octobre 2023, le ministre du Tourisme Mohamed Moez Belhassine, et le gouverneur de la Banque centrale de Tunisie (BCT), Marouane Abassi.<\/p>\n<p>Une r\u00e9union a \u00e9t\u00e9 tenue mercredi, 4 octobre 2023, par la commission du Tourisme avec les repr\u00e9sentants du minist\u00e8re du Transport et de la F\u00e9d\u00e9ration tunisienne des agences de voyage (FTAV), ainsi que et la F\u00e9d\u00e9ration tunisienne des restaurants touristiques.<\/p>\n<p>Cette s\u00e9ance s&rsquo;inscrit dans le cadre de l&rsquo;examen approfondi du dossier des recettes touristiques, \u00e0 la lumi\u00e8re du d\u00e9calage constat\u00e9 entre les chiffres pr\u00e9sent\u00e9s par le minist\u00e8re et la BCT.<\/p>\n<p>Depuis le d\u00e9but de l&rsquo;ann\u00e9e jusqu&rsquo;\u00e0 31 ao\u00fbt 2023, le nombre total des entr\u00e9es non-r\u00e9sidents est estim\u00e9 par le minist\u00e8re du Tourisme, \u00e0 6 millions 232 mille visiteurs, soit une hausse de 62,4% par rapport \u00e0 la m\u00eame p\u00e9riode de 2022.<\/p>\n<p>Selon les donn\u00e9es de la BCT, les recettes du secteur ont atteint pour la m\u00eame p\u00e9riode, pr\u00e8s de 5,1 milliards de dinars, soit une hausse de 47,2% par rapport \u00e0 2022.<\/p>\n","protected":false},"excerpt":{"rendered":"<p>L&rsquo;ARP va examiner le d\u00e9calage constat\u00e9 entre les chiffres pr\u00e9sent\u00e9s par le minist\u00e8re du Tourisme et la BCT \u00e0 propos des recettes touristiques.<\/p>\n","protected":false},"author":3162,"featured_media":278789,"comment_status":"open","ping_status":"closed","sticky":false,"template":"","format":"standard","meta":{"footnotes":""},"categories":[44],"tags":[2807,4297,2798],"class_list":["post-209125","post","type-post","status-publish","format-standard","has-post-thumbnail","hentry","category-national","tag-bct","tag-recettes","tag-tourisme"],"yoast_head":"<!-- This site is optimized with the Yoast SEO Premium plugin v27.5 (Yoast SEO v27.5) - https:\/\/yoast.com\/product\/yoast-seo-premium-wordpress\/ -->\n<title>Les recettes touristiques sous la loupe de l\u2019ARP<\/title>\n<meta name=\"description\" content=\"L&#039;ARP va examiner le d\u00e9calage constat\u00e9 entre les chiffres pr\u00e9sent\u00e9s par le minist\u00e8re du Tourisme et la BCT \u00e0 propos des recettes touristiques.\" \/>\n<link rel=\"canonical\" href=\"https:\/\/www.webdo.tn\/fr\/actualite\/national\/les-recettes-touristiques-sous-la-loupe-de-l-arp\/209125\/\" \/>\n<meta property=\"og:locale\" content=\"fr_FR\" \/>\n<meta property=\"og:type\" content=\"article\" \/>\n<meta property=\"og:title\" content=\"Les recettes touristiques sous la loupe de l\u2019ARP\" \/>\n<meta property=\"og:description\" content=\"L&#039;ARP va examiner le d\u00e9calage constat\u00e9 entre les chiffres pr\u00e9sent\u00e9s par le minist\u00e8re du Tourisme et la BCT \u00e0 propos des recettes touristiques.\" \/>\n<meta property=\"og:url\" content=\"https:\/\/www.webdo.tn\/fr\/actualite\/national\/les-recettes-touristiques-sous-la-loupe-de-l-arp\/209125\/\" \/>\n<meta property=\"og:site_name\" content=\"webdo\" \/>\n<meta property=\"article:publisher\" content=\"https:\/\/www.facebook.com\/webdotn\" \/>\n<meta property=\"article:published_time\" content=\"2023-10-05T12:02:00+00:00\" \/>\n<meta property=\"article:modified_time\" content=\"2025-05-20T22:10:09+00:00\" \/>\n<meta property=\"og:image\" content=\"https:\/\/www.webdo.tn\/fr\/wp-content\/uploads\/2023\/10\/6512ec4969695f1bc47208c955b8fe87-1.jpg\" \/>\n\t<meta property=\"og:image:width\" content=\"594\" \/>\n\t<meta property=\"og:image:height\" content=\"317\" \/>\n\t<meta property=\"og:image:type\" content=\"image\/jpeg\" \/>\n<meta name=\"author\" content=\"MC\" \/>\n<meta name=\"twitter:card\" content=\"summary_large_image\" \/>\n<meta name=\"twitter:creator\" content=\"@webdo_tn\" \/>\n<meta name=\"twitter:site\" content=\"@webdo_tn\" \/>\n<meta name=\"twitter:label1\" content=\"\u00c9crit par\" \/>\n\t<meta name=\"twitter:data1\" content=\"MC\" \/>\n\t<meta name=\"twitter:label2\" content=\"Dur\u00e9e de lecture estim\u00e9e\" \/>\n\t<meta name=\"twitter:data2\" content=\"1 minute\" \/>\n<script type=\"application\/ld+json\" class=\"yoast-schema-graph\">{\"@context\":\"https:\\\/\\\/schema.org\",\"@graph\":[{\"@type\":\"NewsArticle\",\"@id\":\"https:\\\/\\\/www.webdo.tn\\\/fr\\\/actualite\\\/national\\\/les-recettes-touristiques-sous-la-loupe-de-l-arp\\\/209125\\\/#article\",\"isPartOf\":{\"@id\":\"https:\\\/\\\/www.webdo.tn\\\/fr\\\/actualite\\\/national\\\/les-recettes-touristiques-sous-la-loupe-de-l-arp\\\/209125\\\/\"},\"author\":{\"name\":\"MC\",\"@id\":\"https:\\\/\\\/www.webdo.tn\\\/fr\\\/#\\\/schema\\\/person\\\/2c4929cbf5a809e3bd38617c6ce150f6\"},\"headline\":\"Les recettes touristiques sous la loupe de l\u2019ARP\",\"datePublished\":\"2023-10-05T12:02:00+00:00\",\"dateModified\":\"2025-05-20T22:10:09+00:00\",\"mainEntityOfPage\":{\"@id\":\"https:\\\/\\\/www.webdo.tn\\\/fr\\\/actualite\\\/national\\\/les-recettes-touristiques-sous-la-loupe-de-l-arp\\\/209125\\\/\"},\"wordCount\":223,\"commentCount\":0,\"publisher\":{\"@id\":\"https:\\\/\\\/www.webdo.tn\\\/fr\\\/#organization\"},\"image\":{\"@id\":\"https:\\\/\\\/www.webdo.tn\\\/fr\\\/actualite\\\/national\\\/les-recettes-touristiques-sous-la-loupe-de-l-arp\\\/209125\\\/#primaryimage\"},\"thumbnailUrl\":\"https:\\\/\\\/www.webdo.tn\\\/fr\\\/wp-content\\\/uploads\\\/2023\\\/10\\\/6512ec4969695f1bc47208c955b8fe87-1.jpg\",\"keywords\":[\"BCT\",\"recettes\",\"Tourisme\"],\"articleSection\":[\"National\"],\"inLanguage\":\"fr-FR\"},{\"@type\":\"WebPage\",\"@id\":\"https:\\\/\\\/www.webdo.tn\\\/fr\\\/actualite\\\/national\\\/les-recettes-touristiques-sous-la-loupe-de-l-arp\\\/209125\\\/\",\"url\":\"https:\\\/\\\/www.webdo.tn\\\/fr\\\/actualite\\\/national\\\/les-recettes-touristiques-sous-la-loupe-de-l-arp\\\/209125\\\/\",\"name\":\"Les recettes touristiques sous la loupe de l\u2019ARP\",\"isPartOf\":{\"@id\":\"https:\\\/\\\/www.webdo.tn\\\/fr\\\/#website\"},\"primaryImageOfPage\":{\"@id\":\"https:\\\/\\\/www.webdo.tn\\\/fr\\\/actualite\\\/national\\\/les-recettes-touristiques-sous-la-loupe-de-l-arp\\\/209125\\\/#primaryimage\"},\"image\":{\"@id\":\"https:\\\/\\\/www.webdo.tn\\\/fr\\\/actualite\\\/national\\\/les-recettes-touristiques-sous-la-loupe-de-l-arp\\\/209125\\\/#primaryimage\"},\"thumbnailUrl\":\"https:\\\/\\\/www.webdo.tn\\\/fr\\\/wp-content\\\/uploads\\\/2023\\\/10\\\/6512ec4969695f1bc47208c955b8fe87-1.jpg\",\"datePublished\":\"2023-10-05T12:02:00+00:00\",\"dateModified\":\"2025-05-20T22:10:09+00:00\",\"description\":\"L'ARP va examiner le d\u00e9calage constat\u00e9 entre les chiffres pr\u00e9sent\u00e9s par le minist\u00e8re du Tourisme et la BCT \u00e0 propos des recettes touristiques.\",\"breadcrumb\":{\"@id\":\"https:\\\/\\\/www.webdo.tn\\\/fr\\\/actualite\\\/national\\\/les-recettes-touristiques-sous-la-loupe-de-l-arp\\\/209125\\\/#breadcrumb\"},\"inLanguage\":\"fr-FR\",\"potentialAction\":[{\"@type\":\"ReadAction\",\"target\":[\"https:\\\/\\\/www.webdo.tn\\\/fr\\\/actualite\\\/national\\\/les-recettes-touristiques-sous-la-loupe-de-l-arp\\\/209125\\\/\"]}]},{\"@type\":\"ImageObject\",\"inLanguage\":\"fr-FR\",\"@id\":\"https:\\\/\\\/www.webdo.tn\\\/fr\\\/actualite\\\/national\\\/les-recettes-touristiques-sous-la-loupe-de-l-arp\\\/209125\\\/#primaryimage\",\"url\":\"https:\\\/\\\/www.webdo.tn\\\/fr\\\/wp-content\\\/uploads\\\/2023\\\/10\\\/6512ec4969695f1bc47208c955b8fe87-1.jpg\",\"contentUrl\":\"https:\\\/\\\/www.webdo.tn\\\/fr\\\/wp-content\\\/uploads\\\/2023\\\/10\\\/6512ec4969695f1bc47208c955b8fe87-1.jpg\",\"width\":594,\"height\":317,\"caption\":\"Les recettes touristiques sous la loupe de l\u2019ARP\"},{\"@type\":\"BreadcrumbList\",\"@id\":\"https:\\\/\\\/www.webdo.tn\\\/fr\\\/actualite\\\/national\\\/les-recettes-touristiques-sous-la-loupe-de-l-arp\\\/209125\\\/#breadcrumb\",\"itemListElement\":[{\"@type\":\"ListItem\",\"position\":1,\"name\":\"Accueil\",\"item\":\"https:\\\/\\\/www.webdo.tn\\\/fr\\\/\"},{\"@type\":\"ListItem\",\"position\":2,\"name\":\"Les recettes touristiques sous la loupe de l\u2019ARP\"}]},{\"@type\":\"WebSite\",\"@id\":\"https:\\\/\\\/www.webdo.tn\\\/fr\\\/#website\",\"url\":\"https:\\\/\\\/www.webdo.tn\\\/fr\\\/\",\"name\":\"webdo\",\"description\":\"Tunisie - News en Tunisie et \u00e0 l&#039;international sur Webdo.tn\",\"publisher\":{\"@id\":\"https:\\\/\\\/www.webdo.tn\\\/fr\\\/#organization\"},\"potentialAction\":[{\"@type\":\"SearchAction\",\"target\":{\"@type\":\"EntryPoint\",\"urlTemplate\":\"https:\\\/\\\/www.webdo.tn\\\/fr\\\/?s={search_term_string}\"},\"query-input\":{\"@type\":\"PropertyValueSpecification\",\"valueRequired\":true,\"valueName\":\"search_term_string\"}}],\"inLanguage\":\"fr-FR\"},{\"@type\":\"Organization\",\"@id\":\"https:\\\/\\\/www.webdo.tn\\\/fr\\\/#organization\",\"name\":\"Webdo\",\"alternateName\":\"Webdo.tn\",\"url\":\"https:\\\/\\\/www.webdo.tn\\\/fr\\\/\",\"logo\":{\"@type\":\"ImageObject\",\"inLanguage\":\"fr-FR\",\"@id\":\"https:\\\/\\\/www.webdo.tn\\\/fr\\\/#\\\/schema\\\/logo\\\/image\\\/\",\"url\":\"https:\\\/\\\/www.webdo.tn\\\/fr\\\/wp-content\\\/uploads\\\/2025\\\/06\\\/Webdo-Tunisie_168377.jpg\",\"contentUrl\":\"https:\\\/\\\/www.webdo.tn\\\/fr\\\/wp-content\\\/uploads\\\/2025\\\/06\\\/Webdo-Tunisie_168377.jpg\",\"width\":301,\"height\":301,\"caption\":\"Webdo\"},\"image\":{\"@id\":\"https:\\\/\\\/www.webdo.tn\\\/fr\\\/#\\\/schema\\\/logo\\\/image\\\/\"},\"sameAs\":[\"https:\\\/\\\/www.facebook.com\\\/webdotn\",\"https:\\\/\\\/x.com\\\/webdo_tn\"],\"description\":\"Webdo est un m\u00e9dia num\u00e9rique tunisien fond\u00e9 en 2010, sp\u00e9cialis\u00e9 dans l\u2019actualit\u00e9 nationale et internationale, l\u2019\u00e9conomie, la soci\u00e9t\u00e9 et les analyses politiques. Le site s\u2019adresse \u00e0 un large public francophone et couvre l\u2019information tunisienne en temps r\u00e9el.\",\"email\":\"redac@webdo.tn\",\"legalName\":\"YNJ SARL\",\"foundingDate\":\"2010-09-06\",\"numberOfEmployees\":{\"@type\":\"QuantitativeValue\",\"minValue\":\"11\",\"maxValue\":\"50\"}},{\"@type\":\"Person\",\"@id\":\"https:\\\/\\\/www.webdo.tn\\\/fr\\\/#\\\/schema\\\/person\\\/2c4929cbf5a809e3bd38617c6ce150f6\",\"name\":\"MC\",\"image\":{\"@type\":\"ImageObject\",\"inLanguage\":\"fr-FR\",\"@id\":\"https:\\\/\\\/secure.gravatar.com\\\/avatar\\\/a545bbb6f84efdd5553dbbc2895e3ca8f1d12c5215e00a041c9670b54aa9b18a?s=96&d=mm&r=g\",\"url\":\"https:\\\/\\\/secure.gravatar.com\\\/avatar\\\/a545bbb6f84efdd5553dbbc2895e3ca8f1d12c5215e00a041c9670b54aa9b18a?s=96&d=mm&r=g\",\"contentUrl\":\"https:\\\/\\\/secure.gravatar.com\\\/avatar\\\/a545bbb6f84efdd5553dbbc2895e3ca8f1d12c5215e00a041c9670b54aa9b18a?s=96&d=mm&r=g\",\"caption\":\"MC\"},\"url\":\"https:\\\/\\\/www.webdo.tn\\\/fr\\\/actualite\\\/author\\\/mc\\\/\"}]}<\/script>\n<!-- \/ Yoast SEO Premium plugin. -->","yoast_head_json":{"title":"Les recettes touristiques sous la loupe de l\u2019ARP","description":"L'ARP va examiner le d\u00e9calage constat\u00e9 entre les chiffres pr\u00e9sent\u00e9s par le minist\u00e8re du Tourisme et la BCT \u00e0 propos des recettes touristiques.","canonical":"https:\/\/www.webdo.tn\/fr\/actualite\/national\/les-recettes-touristiques-sous-la-loupe-de-l-arp\/209125\/","og_locale":"fr_FR","og_type":"article","og_title":"Les recettes touristiques sous la loupe de l\u2019ARP","og_description":"L'ARP va examiner le d\u00e9calage constat\u00e9 entre les chiffres pr\u00e9sent\u00e9s par le minist\u00e8re du Tourisme et la BCT \u00e0 propos des recettes touristiques.","og_url":"https:\/\/www.webdo.tn\/fr\/actualite\/national\/les-recettes-touristiques-sous-la-loupe-de-l-arp\/209125\/","og_site_name":"webdo","article_publisher":"https:\/\/www.facebook.com\/webdotn","article_published_time":"2023-10-05T12:02:00+00:00","article_modified_time":"2025-05-20T22:10:09+00:00","og_image":[{"width":594,"height":317,"url":"https:\/\/www.webdo.tn\/fr\/wp-content\/uploads\/2023\/10\/6512ec4969695f1bc47208c955b8fe87-1.jpg","type":"image\/jpeg"}],"author":"MC","twitter_card":"summary_large_image","twitter_creator":"@webdo_tn","twitter_site":"@webdo_tn","twitter_misc":{"\u00c9crit par":"MC","Dur\u00e9e de lecture estim\u00e9e":"1 minute"},"schema":{"@context":"https:\/\/schema.org","@graph":[{"@type":"NewsArticle","@id":"https:\/\/www.webdo.tn\/fr\/actualite\/national\/les-recettes-touristiques-sous-la-loupe-de-l-arp\/209125\/#article","isPartOf":{"@id":"https:\/\/www.webdo.tn\/fr\/actualite\/national\/les-recettes-touristiques-sous-la-loupe-de-l-arp\/209125\/"},"author":{"name":"MC","@id":"https:\/\/www.webdo.tn\/fr\/#\/schema\/person\/2c4929cbf5a809e3bd38617c6ce150f6"},"headline":"Les recettes touristiques sous la loupe de l\u2019ARP","datePublished":"2023-10-05T12:02:00+00:00","dateModified":"2025-05-20T22:10:09+00:00","mainEntityOfPage":{"@id":"https:\/\/www.webdo.tn\/fr\/actualite\/national\/les-recettes-touristiques-sous-la-loupe-de-l-arp\/209125\/"},"wordCount":223,"commentCount":0,"publisher":{"@id":"https:\/\/www.webdo.tn\/fr\/#organization"},"image":{"@id":"https:\/\/www.webdo.tn\/fr\/actualite\/national\/les-recettes-touristiques-sous-la-loupe-de-l-arp\/209125\/#primaryimage"},"thumbnailUrl":"https:\/\/www.webdo.tn\/fr\/wp-content\/uploads\/2023\/10\/6512ec4969695f1bc47208c955b8fe87-1.jpg","keywords":["BCT","recettes","Tourisme"],"articleSection":["National"],"inLanguage":"fr-FR"},{"@type":"WebPage","@id":"https:\/\/www.webdo.tn\/fr\/actualite\/national\/les-recettes-touristiques-sous-la-loupe-de-l-arp\/209125\/","url":"https:\/\/www.webdo.tn\/fr\/actualite\/national\/les-recettes-touristiques-sous-la-loupe-de-l-arp\/209125\/","name":"Les recettes touristiques sous la loupe de l\u2019ARP","isPartOf":{"@id":"https:\/\/www.webdo.tn\/fr\/#website"},"primaryImageOfPage":{"@id":"https:\/\/www.webdo.tn\/fr\/actualite\/national\/les-recettes-touristiques-sous-la-loupe-de-l-arp\/209125\/#primaryimage"},"image":{"@id":"https:\/\/www.webdo.tn\/fr\/actualite\/national\/les-recettes-touristiques-sous-la-loupe-de-l-arp\/209125\/#primaryimage"},"thumbnailUrl":"https:\/\/www.webdo.tn\/fr\/wp-content\/uploads\/2023\/10\/6512ec4969695f1bc47208c955b8fe87-1.jpg","datePublished":"2023-10-05T12:02:00+00:00","dateModified":"2025-05-20T22:10:09+00:00","description":"L'ARP va examiner le d\u00e9calage constat\u00e9 entre les chiffres pr\u00e9sent\u00e9s par le minist\u00e8re du Tourisme et la BCT \u00e0 propos des recettes touristiques.","breadcrumb":{"@id":"https:\/\/www.webdo.tn\/fr\/actualite\/national\/les-recettes-touristiques-sous-la-loupe-de-l-arp\/209125\/#breadcrumb"},"inLanguage":"fr-FR","potentialAction":[{"@type":"ReadAction","target":["https:\/\/www.webdo.tn\/fr\/actualite\/national\/les-recettes-touristiques-sous-la-loupe-de-l-arp\/209125\/"]}]},{"@type":"ImageObject","inLanguage":"fr-FR","@id":"https:\/\/www.webdo.tn\/fr\/actualite\/national\/les-recettes-touristiques-sous-la-loupe-de-l-arp\/209125\/#primaryimage","url":"https:\/\/www.webdo.tn\/fr\/wp-content\/uploads\/2023\/10\/6512ec4969695f1bc47208c955b8fe87-1.jpg","contentUrl":"https:\/\/www.webdo.tn\/fr\/wp-content\/uploads\/2023\/10\/6512ec4969695f1bc47208c955b8fe87-1.jpg","width":594,"height":317,"caption":"Les recettes touristiques sous la loupe de l\u2019ARP"},{"@type":"BreadcrumbList","@id":"https:\/\/www.webdo.tn\/fr\/actualite\/national\/les-recettes-touristiques-sous-la-loupe-de-l-arp\/209125\/#breadcrumb","itemListElement":[{"@type":"ListItem","position":1,"name":"Accueil","item":"https:\/\/www.webdo.tn\/fr\/"},{"@type":"ListItem","position":2,"name":"Les recettes touristiques sous la loupe de l\u2019ARP"}]},{"@type":"WebSite","@id":"https:\/\/www.webdo.tn\/fr\/#website","url":"https:\/\/www.webdo.tn\/fr\/","name":"webdo","description":"Tunisie - News en Tunisie et \u00e0 l&#039;international sur Webdo.tn","publisher":{"@id":"https:\/\/www.webdo.tn\/fr\/#organization"},"potentialAction":[{"@type":"SearchAction","target":{"@type":"EntryPoint","urlTemplate":"https:\/\/www.webdo.tn\/fr\/?s={search_term_string}"},"query-input":{"@type":"PropertyValueSpecification","valueRequired":true,"valueName":"search_term_string"}}],"inLanguage":"fr-FR"},{"@type":"Organization","@id":"https:\/\/www.webdo.tn\/fr\/#organization","name":"Webdo","alternateName":"Webdo.tn","url":"https:\/\/www.webdo.tn\/fr\/","logo":{"@type":"ImageObject","inLanguage":"fr-FR","@id":"https:\/\/www.webdo.tn\/fr\/#\/schema\/logo\/image\/","url":"https:\/\/www.webdo.tn\/fr\/wp-content\/uploads\/2025\/06\/Webdo-Tunisie_168377.jpg","contentUrl":"https:\/\/www.webdo.tn\/fr\/wp-content\/uploads\/2025\/06\/Webdo-Tunisie_168377.jpg","width":301,"height":301,"caption":"Webdo"},"image":{"@id":"https:\/\/www.webdo.tn\/fr\/#\/schema\/logo\/image\/"},"sameAs":["https:\/\/www.facebook.com\/webdotn","https:\/\/x.com\/webdo_tn"],"description":"Webdo est un m\u00e9dia num\u00e9rique tunisien fond\u00e9 en 2010, sp\u00e9cialis\u00e9 dans l\u2019actualit\u00e9 nationale et internationale, l\u2019\u00e9conomie, la soci\u00e9t\u00e9 et les analyses politiques. Le site s\u2019adresse \u00e0 un large public francophone et couvre l\u2019information tunisienne en temps r\u00e9el.","email":"redac@webdo.tn","legalName":"YNJ SARL","foundingDate":"2010-09-06","numberOfEmployees":{"@type":"QuantitativeValue","minValue":"11","maxValue":"50"}},{"@type":"Person","@id":"https:\/\/www.webdo.tn\/fr\/#\/schema\/person\/2c4929cbf5a809e3bd38617c6ce150f6","name":"MC","image":{"@type":"ImageObject","inLanguage":"fr-FR","@id":"https:\/\/secure.gravatar.com\/avatar\/a545bbb6f84efdd5553dbbc2895e3ca8f1d12c5215e00a041c9670b54aa9b18a?s=96&d=mm&r=g","url":"https:\/\/secure.gravatar.com\/avatar\/a545bbb6f84efdd5553dbbc2895e3ca8f1d12c5215e00a041c9670b54aa9b18a?s=96&d=mm&r=g","contentUrl":"https:\/\/secure.gravatar.com\/avatar\/a545bbb6f84efdd5553dbbc2895e3ca8f1d12c5215e00a041c9670b54aa9b18a?s=96&d=mm&r=g","caption":"MC"},"url":"https:\/\/www.webdo.tn\/fr\/actualite\/author\/mc\/"}]}},"_links":{"self":[{"href":"https:\/\/www.webdo.tn\/fr\/wp-json\/wp\/v2\/posts\/209125","targetHints":{"allow":["GET"]}}],"collection":[{"href":"https:\/\/www.webdo.tn\/fr\/wp-json\/wp\/v2\/posts"}],"about":[{"href":"https:\/\/www.webdo.tn\/fr\/wp-json\/wp\/v2\/types\/post"}],"author":[{"embeddable":true,"href":"https:\/\/www.webdo.tn\/fr\/wp-json\/wp\/v2\/users\/3162"}],"replies":[{"embeddable":true,"href":"https:\/\/www.webdo.tn\/fr\/wp-json\/wp\/v2\/comments?post=209125"}],"version-history":[{"count":0,"href":"https:\/\/www.webdo.tn\/fr\/wp-json\/wp\/v2\/posts\/209125\/revisions"}],"wp:featuredmedia":[{"embeddable":true,"href":"https:\/\/www.webdo.tn\/fr\/wp-json\/wp\/v2\/media\/278789"}],"wp:attachment":[{"href":"https:\/\/www.webdo.tn\/fr\/wp-json\/wp\/v2\/media?parent=209125"}],"wp:term":[{"taxonomy":"category","embeddable":true,"href":"https:\/\/www.webdo.tn\/fr\/wp-json\/wp\/v2\/categories?post=209125"},{"taxonomy":"post_tag","embeddable":true,"href":"https:\/\/www.webdo.tn\/fr\/wp-json\/wp\/v2\/tags?post=209125"}],"curies":[{"name":"wp","href":"https:\/\/api.w.org\/{rel}","templated":true}]}}