{"id":209116,"date":"2023-10-05T09:18:00","date_gmt":"2023-10-05T09:18:00","guid":{"rendered":"https:\/\/www.webdo.tn\/fr\/blog\/octobre-musical-de-carthage-bientot-le-concert-al-andalus-avec-emilio-villalaba-et-sarra-borrego\/209116\/"},"modified":"2023-10-05T09:18:00","modified_gmt":"2023-10-05T09:18:00","slug":"octobre-musical-de-carthage-bientot-le-concert-al-andalus-avec-emilio-villalaba-et-sarra-borrego","status":"publish","type":"post","link":"https:\/\/www.webdo.tn\/fr\/actualite\/culture\/octobre-musical-de-carthage-bientot-le-concert-al-andalus-avec-emilio-villalaba-et-sarra-borrego\/209116\/","title":{"rendered":"Octobre musical de Carthage : Bient\u00f4t le concert \u00ab\u00a0Al-Andalus\u00a0\u00bb avec Emilio Villalaba et Sarra Borrego"},"content":{"rendered":"<p>Ce sera l&rsquo;un des temps forts de l&rsquo;\u00e9dition 2023 de l&rsquo;Octobre musical de Carthage qui d\u00e9marre le 10 octobre en la cath\u00e9drale de Tunis.<\/p>\n<p>\t\t\t\t\t\t\t\t\tTr\u00e8s attendu, le concert \u00ab\u00a0Al-Andalus\u00a0\u00bb du duo espagnol Emilio Villalaba et Sarra Borrego, aura lieu le 18 octobre en l&rsquo;\u00e9glise de la Goulette.<\/p>\n<p>Cette soir\u00e9e musicale est organis\u00e9e avec le soutien de l&rsquo;ambassade d&rsquo;Espagne en Tunisie et de l&rsquo;Institut Cervant\u00e8s.<\/p>\n<p>Apr\u00e8s la fermeture de l&rsquo;Acropolium, l&rsquo;Octobre musical de Carthage n&rsquo;a pas connu d&rsquo;interruption et se d\u00e9roule d\u00e9sormais dans des \u00e9glises consacr\u00e9es et d&rsquo;autres espaces culturels.<\/p>\n<p>L&rsquo;\u00e9dition 2023 organis\u00e9e avec l&rsquo;appui de l&rsquo;Archev\u00each\u00e9 de Tunis aura pour cadre la cath\u00e9drale de Tunis, l&rsquo;\u00e9glise Sainte Jeanne d&rsquo;Arc et l&rsquo;\u00e9glise de la Goulette.<\/p>\n","protected":false},"excerpt":{"rendered":"<p>L&rsquo;\u00e9dition 2023 de l&rsquo;Octobre musical de Carthage d\u00e9marre le 10 octobre en la cath\u00e9drale de Tunis.<\/p>\n","protected":false},"author":3229,"featured_media":249149,"comment_status":"open","ping_status":"closed","sticky":false,"template":"","format":"standard","meta":{"footnotes":""},"categories":[2594],"tags":[7810,3223,7720],"class_list":["post-209116","post","type-post","status-publish","format-standard","has-post-thumbnail","hentry","category-culture","tag-al-andalus","tag-carthage","tag-octobre-musical"],"yoast_head":"<!-- This site is optimized with the Yoast SEO Premium plugin v27.5 (Yoast SEO v27.5) - https:\/\/yoast.com\/product\/yoast-seo-premium-wordpress\/ -->\n<title>Octobre musical de Carthage : Bient\u00f4t le concert Al-Andalus avec Emilio Villalaba et Sarra Borrego<\/title>\n<meta name=\"description\" content=\"L&#039;\u00e9dition 2023 de l&#039;Octobre musical de Carthage d\u00e9marre le 10 octobre en la cath\u00e9drale de Tunis.\" \/>\n<link rel=\"canonical\" href=\"https:\/\/www.webdo.tn\/fr\/actualite\/culture\/octobre-musical-de-carthage-bientot-le-concert-al-andalus-avec-emilio-villalaba-et-sarra-borrego\/209116\/\" \/>\n<meta property=\"og:locale\" content=\"fr_FR\" \/>\n<meta property=\"og:type\" content=\"article\" \/>\n<meta property=\"og:title\" content=\"Octobre musical de Carthage : Bient\u00f4t le concert &quot;Al-Andalus&quot; avec Emilio Villalaba et Sarra Borrego\" \/>\n<meta property=\"og:description\" content=\"L&#039;\u00e9dition 2023 de l&#039;Octobre musical de Carthage d\u00e9marre le 10 octobre en la cath\u00e9drale de Tunis.\" \/>\n<meta property=\"og:url\" content=\"https:\/\/www.webdo.tn\/fr\/actualite\/culture\/octobre-musical-de-carthage-bientot-le-concert-al-andalus-avec-emilio-villalaba-et-sarra-borrego\/209116\/\" \/>\n<meta property=\"og:site_name\" content=\"webdo\" \/>\n<meta property=\"article:publisher\" content=\"https:\/\/www.facebook.com\/webdotn\" \/>\n<meta property=\"article:author\" content=\"https:\/\/www.facebook.com\/hatem.bourial.2025\" \/>\n<meta property=\"article:published_time\" content=\"2023-10-05T09:18:00+00:00\" \/>\n<meta property=\"og:image\" content=\"https:\/\/www.webdo.tn\/fr\/wp-content\/uploads\/2023\/10\/f8d8452c1d3bc0888dc62c431e4f7da6.jpg\" \/>\n\t<meta property=\"og:image:width\" content=\"750\" \/>\n\t<meta property=\"og:image:height\" content=\"400\" \/>\n\t<meta property=\"og:image:type\" content=\"image\/jpeg\" \/>\n<meta name=\"author\" content=\"Hatem Bourial\" \/>\n<meta name=\"twitter:card\" content=\"summary_large_image\" \/>\n<meta name=\"twitter:creator\" content=\"@webdo_tn\" \/>\n<meta name=\"twitter:site\" content=\"@webdo_tn\" \/>\n<meta name=\"twitter:label1\" content=\"\u00c9crit par\" \/>\n\t<meta name=\"twitter:data1\" content=\"Hatem Bourial\" \/>\n\t<meta name=\"twitter:label2\" content=\"Dur\u00e9e de lecture estim\u00e9e\" \/>\n\t<meta name=\"twitter:data2\" content=\"1 minute\" \/>\n<script type=\"application\/ld+json\" class=\"yoast-schema-graph\">{\"@context\":\"https:\\\/\\\/schema.org\",\"@graph\":[{\"@type\":\"NewsArticle\",\"@id\":\"https:\\\/\\\/www.webdo.tn\\\/fr\\\/actualite\\\/culture\\\/octobre-musical-de-carthage-bientot-le-concert-al-andalus-avec-emilio-villalaba-et-sarra-borrego\\\/209116\\\/#article\",\"isPartOf\":{\"@id\":\"https:\\\/\\\/www.webdo.tn\\\/fr\\\/actualite\\\/culture\\\/octobre-musical-de-carthage-bientot-le-concert-al-andalus-avec-emilio-villalaba-et-sarra-borrego\\\/209116\\\/\"},\"author\":{\"name\":\"Hatem Bourial\",\"@id\":\"https:\\\/\\\/www.webdo.tn\\\/fr\\\/#\\\/schema\\\/person\\\/6bc0beba2cd23aec27cb5df85ca2554f\"},\"headline\":\"Octobre musical de Carthage : Bient\u00f4t le concert \u00ab\u00a0Al-Andalus\u00a0\u00bb avec Emilio Villalaba et Sarra Borrego\",\"datePublished\":\"2023-10-05T09:18:00+00:00\",\"mainEntityOfPage\":{\"@id\":\"https:\\\/\\\/www.webdo.tn\\\/fr\\\/actualite\\\/culture\\\/octobre-musical-de-carthage-bientot-le-concert-al-andalus-avec-emilio-villalaba-et-sarra-borrego\\\/209116\\\/\"},\"wordCount\":156,\"commentCount\":0,\"publisher\":{\"@id\":\"https:\\\/\\\/www.webdo.tn\\\/fr\\\/#organization\"},\"image\":{\"@id\":\"https:\\\/\\\/www.webdo.tn\\\/fr\\\/actualite\\\/culture\\\/octobre-musical-de-carthage-bientot-le-concert-al-andalus-avec-emilio-villalaba-et-sarra-borrego\\\/209116\\\/#primaryimage\"},\"thumbnailUrl\":\"https:\\\/\\\/www.webdo.tn\\\/fr\\\/wp-content\\\/uploads\\\/2023\\\/10\\\/f8d8452c1d3bc0888dc62c431e4f7da6.jpg\",\"keywords\":[\"Al-Andalus\",\"Carthage\",\"Octobre musical\"],\"articleSection\":[\"Culture\"],\"inLanguage\":\"fr-FR\"},{\"@type\":\"WebPage\",\"@id\":\"https:\\\/\\\/www.webdo.tn\\\/fr\\\/actualite\\\/culture\\\/octobre-musical-de-carthage-bientot-le-concert-al-andalus-avec-emilio-villalaba-et-sarra-borrego\\\/209116\\\/\",\"url\":\"https:\\\/\\\/www.webdo.tn\\\/fr\\\/actualite\\\/culture\\\/octobre-musical-de-carthage-bientot-le-concert-al-andalus-avec-emilio-villalaba-et-sarra-borrego\\\/209116\\\/\",\"name\":\"Octobre musical de Carthage : Bient\u00f4t le concert Al-Andalus avec Emilio Villalaba et Sarra Borrego\",\"isPartOf\":{\"@id\":\"https:\\\/\\\/www.webdo.tn\\\/fr\\\/#website\"},\"primaryImageOfPage\":{\"@id\":\"https:\\\/\\\/www.webdo.tn\\\/fr\\\/actualite\\\/culture\\\/octobre-musical-de-carthage-bientot-le-concert-al-andalus-avec-emilio-villalaba-et-sarra-borrego\\\/209116\\\/#primaryimage\"},\"image\":{\"@id\":\"https:\\\/\\\/www.webdo.tn\\\/fr\\\/actualite\\\/culture\\\/octobre-musical-de-carthage-bientot-le-concert-al-andalus-avec-emilio-villalaba-et-sarra-borrego\\\/209116\\\/#primaryimage\"},\"thumbnailUrl\":\"https:\\\/\\\/www.webdo.tn\\\/fr\\\/wp-content\\\/uploads\\\/2023\\\/10\\\/f8d8452c1d3bc0888dc62c431e4f7da6.jpg\",\"datePublished\":\"2023-10-05T09:18:00+00:00\",\"description\":\"L'\u00e9dition 2023 de l'Octobre musical de Carthage d\u00e9marre le 10 octobre en la cath\u00e9drale de Tunis.\",\"breadcrumb\":{\"@id\":\"https:\\\/\\\/www.webdo.tn\\\/fr\\\/actualite\\\/culture\\\/octobre-musical-de-carthage-bientot-le-concert-al-andalus-avec-emilio-villalaba-et-sarra-borrego\\\/209116\\\/#breadcrumb\"},\"inLanguage\":\"fr-FR\",\"potentialAction\":[{\"@type\":\"ReadAction\",\"target\":[\"https:\\\/\\\/www.webdo.tn\\\/fr\\\/actualite\\\/culture\\\/octobre-musical-de-carthage-bientot-le-concert-al-andalus-avec-emilio-villalaba-et-sarra-borrego\\\/209116\\\/\"]}]},{\"@type\":\"ImageObject\",\"inLanguage\":\"fr-FR\",\"@id\":\"https:\\\/\\\/www.webdo.tn\\\/fr\\\/actualite\\\/culture\\\/octobre-musical-de-carthage-bientot-le-concert-al-andalus-avec-emilio-villalaba-et-sarra-borrego\\\/209116\\\/#primaryimage\",\"url\":\"https:\\\/\\\/www.webdo.tn\\\/fr\\\/wp-content\\\/uploads\\\/2023\\\/10\\\/f8d8452c1d3bc0888dc62c431e4f7da6.jpg\",\"contentUrl\":\"https:\\\/\\\/www.webdo.tn\\\/fr\\\/wp-content\\\/uploads\\\/2023\\\/10\\\/f8d8452c1d3bc0888dc62c431e4f7da6.jpg\",\"width\":750,\"height\":400,\"caption\":\"Octobre musical de Carthage : Bient\u00f4t le concert \\\"Al-Andalus\\\" avec Emilio Villalaba et Sarra Borrego\"},{\"@type\":\"BreadcrumbList\",\"@id\":\"https:\\\/\\\/www.webdo.tn\\\/fr\\\/actualite\\\/culture\\\/octobre-musical-de-carthage-bientot-le-concert-al-andalus-avec-emilio-villalaba-et-sarra-borrego\\\/209116\\\/#breadcrumb\",\"itemListElement\":[{\"@type\":\"ListItem\",\"position\":1,\"name\":\"Accueil\",\"item\":\"https:\\\/\\\/www.webdo.tn\\\/fr\\\/\"},{\"@type\":\"ListItem\",\"position\":2,\"name\":\"Octobre musical de Carthage : Bient\u00f4t le concert \u00ab\u00a0Al-Andalus\u00a0\u00bb avec Emilio Villalaba et Sarra Borrego\"}]},{\"@type\":\"WebSite\",\"@id\":\"https:\\\/\\\/www.webdo.tn\\\/fr\\\/#website\",\"url\":\"https:\\\/\\\/www.webdo.tn\\\/fr\\\/\",\"name\":\"webdo\",\"description\":\"Tunisie - News en Tunisie et \u00e0 l&#039;international sur Webdo.tn\",\"publisher\":{\"@id\":\"https:\\\/\\\/www.webdo.tn\\\/fr\\\/#organization\"},\"potentialAction\":[{\"@type\":\"SearchAction\",\"target\":{\"@type\":\"EntryPoint\",\"urlTemplate\":\"https:\\\/\\\/www.webdo.tn\\\/fr\\\/?s={search_term_string}\"},\"query-input\":{\"@type\":\"PropertyValueSpecification\",\"valueRequired\":true,\"valueName\":\"search_term_string\"}}],\"inLanguage\":\"fr-FR\"},{\"@type\":\"Organization\",\"@id\":\"https:\\\/\\\/www.webdo.tn\\\/fr\\\/#organization\",\"name\":\"Webdo\",\"alternateName\":\"Webdo.tn\",\"url\":\"https:\\\/\\\/www.webdo.tn\\\/fr\\\/\",\"logo\":{\"@type\":\"ImageObject\",\"inLanguage\":\"fr-FR\",\"@id\":\"https:\\\/\\\/www.webdo.tn\\\/fr\\\/#\\\/schema\\\/logo\\\/image\\\/\",\"url\":\"https:\\\/\\\/www.webdo.tn\\\/fr\\\/wp-content\\\/uploads\\\/2025\\\/06\\\/Webdo-Tunisie_168377.jpg\",\"contentUrl\":\"https:\\\/\\\/www.webdo.tn\\\/fr\\\/wp-content\\\/uploads\\\/2025\\\/06\\\/Webdo-Tunisie_168377.jpg\",\"width\":301,\"height\":301,\"caption\":\"Webdo\"},\"image\":{\"@id\":\"https:\\\/\\\/www.webdo.tn\\\/fr\\\/#\\\/schema\\\/logo\\\/image\\\/\"},\"sameAs\":[\"https:\\\/\\\/www.facebook.com\\\/webdotn\",\"https:\\\/\\\/x.com\\\/webdo_tn\"],\"description\":\"Webdo est un m\u00e9dia num\u00e9rique tunisien fond\u00e9 en 2010, sp\u00e9cialis\u00e9 dans l\u2019actualit\u00e9 nationale et internationale, l\u2019\u00e9conomie, la soci\u00e9t\u00e9 et les analyses politiques. Le site s\u2019adresse \u00e0 un large public francophone et couvre l\u2019information tunisienne en temps r\u00e9el.\",\"email\":\"redac@webdo.tn\",\"legalName\":\"YNJ SARL\",\"foundingDate\":\"2010-09-06\",\"numberOfEmployees\":{\"@type\":\"QuantitativeValue\",\"minValue\":\"11\",\"maxValue\":\"50\"}},{\"@type\":\"Person\",\"@id\":\"https:\\\/\\\/www.webdo.tn\\\/fr\\\/#\\\/schema\\\/person\\\/6bc0beba2cd23aec27cb5df85ca2554f\",\"name\":\"Hatem Bourial\",\"image\":{\"@type\":\"ImageObject\",\"inLanguage\":\"fr-FR\",\"@id\":\"https:\\\/\\\/www.webdo.tn\\\/fr\\\/wp-content\\\/uploads\\\/2026\\\/04\\\/hatem-bourial_avatar-96x96.jpg\",\"url\":\"https:\\\/\\\/www.webdo.tn\\\/fr\\\/wp-content\\\/uploads\\\/2026\\\/04\\\/hatem-bourial_avatar-96x96.jpg\",\"contentUrl\":\"https:\\\/\\\/www.webdo.tn\\\/fr\\\/wp-content\\\/uploads\\\/2026\\\/04\\\/hatem-bourial_avatar-96x96.jpg\",\"caption\":\"Hatem Bourial\"},\"description\":\"Hatem Bourial est journaliste, \u00e9crivain et chroniqueur tunisien. Actif depuis plusieurs d\u00e9cennies, il s\u2019est impos\u00e9 comme un observateur attentif de la soci\u00e9t\u00e9 tunisienne, m\u00ealant dans ses \u00e9crits m\u00e9moire, culture et analyse du quotidien. Auteur de nombreux ouvrages, il d\u00e9veloppe une \u0153uvre \u00e0 la crois\u00e9e du r\u00e9cit, de la po\u00e9sie et de l\u2019observation sociologique. Parall\u00e8lement \u00e0 ses contributions dans la presse, il intervient r\u00e9guli\u00e8rement \u00e0 la radio et dans des espaces culturels, o\u00f9 il explore les enjeux li\u00e9s au patrimoine, \u00e0 l\u2019identit\u00e9 et aux transformations du monde contemporain. \u00c0 travers ses chroniques, Hatem Bourial propose une lecture sensible et approfondie de l\u2019actualit\u00e9, nourrie par une exp\u00e9rience journalistique et litt\u00e9raire reconnue. \ud83d\udd17 Facebook : https:\\\/\\\/www.facebook.com\\\/hatem.bourial.2025\",\"sameAs\":[\"https:\\\/\\\/www.facebook.com\\\/hatem.bourial.2025\",\"https:\\\/\\\/fr.wikipedia.org\\\/wiki\\\/Fichier:Hatem_Bourial.jpg\"],\"knowsAbout\":[\"Culture & patrimoine tunisien\",\"Chronique soci\u00e9tale\",\"Litt\u00e9rature & m\u00e9moire\",\"Cin\u00e9ma & critique culturelle\",\"Identit\u00e9 & mutations sociales\"],\"knowsLanguage\":[\"Arabe\",\"Fran\u00e7ais\",\"Anglais\",\"Italien\",\"Polonais\"],\"jobTitle\":\"Journaliste, \u00e9crivain et chroniqueur culturel\",\"worksFor\":\"Webdo\",\"url\":\"https:\\\/\\\/www.webdo.tn\\\/fr\\\/actualite\\\/author\\\/hatem-bourial-2\\\/\"}]}<\/script>\n<!-- \/ Yoast SEO Premium plugin. -->","yoast_head_json":{"title":"Octobre musical de Carthage : Bient\u00f4t le concert Al-Andalus avec Emilio Villalaba et Sarra Borrego","description":"L'\u00e9dition 2023 de l'Octobre musical de Carthage d\u00e9marre le 10 octobre en la cath\u00e9drale de Tunis.","canonical":"https:\/\/www.webdo.tn\/fr\/actualite\/culture\/octobre-musical-de-carthage-bientot-le-concert-al-andalus-avec-emilio-villalaba-et-sarra-borrego\/209116\/","og_locale":"fr_FR","og_type":"article","og_title":"Octobre musical de Carthage : Bient\u00f4t le concert \"Al-Andalus\" avec Emilio Villalaba et Sarra Borrego","og_description":"L'\u00e9dition 2023 de l'Octobre musical de Carthage d\u00e9marre le 10 octobre en la cath\u00e9drale de Tunis.","og_url":"https:\/\/www.webdo.tn\/fr\/actualite\/culture\/octobre-musical-de-carthage-bientot-le-concert-al-andalus-avec-emilio-villalaba-et-sarra-borrego\/209116\/","og_site_name":"webdo","article_publisher":"https:\/\/www.facebook.com\/webdotn","article_author":"https:\/\/www.facebook.com\/hatem.bourial.2025","article_published_time":"2023-10-05T09:18:00+00:00","og_image":[{"width":750,"height":400,"url":"https:\/\/www.webdo.tn\/fr\/wp-content\/uploads\/2023\/10\/f8d8452c1d3bc0888dc62c431e4f7da6.jpg","type":"image\/jpeg"}],"author":"Hatem Bourial","twitter_card":"summary_large_image","twitter_creator":"@webdo_tn","twitter_site":"@webdo_tn","twitter_misc":{"\u00c9crit par":"Hatem Bourial","Dur\u00e9e de lecture estim\u00e9e":"1 minute"},"schema":{"@context":"https:\/\/schema.org","@graph":[{"@type":"NewsArticle","@id":"https:\/\/www.webdo.tn\/fr\/actualite\/culture\/octobre-musical-de-carthage-bientot-le-concert-al-andalus-avec-emilio-villalaba-et-sarra-borrego\/209116\/#article","isPartOf":{"@id":"https:\/\/www.webdo.tn\/fr\/actualite\/culture\/octobre-musical-de-carthage-bientot-le-concert-al-andalus-avec-emilio-villalaba-et-sarra-borrego\/209116\/"},"author":{"name":"Hatem Bourial","@id":"https:\/\/www.webdo.tn\/fr\/#\/schema\/person\/6bc0beba2cd23aec27cb5df85ca2554f"},"headline":"Octobre musical de Carthage : Bient\u00f4t le concert \u00ab\u00a0Al-Andalus\u00a0\u00bb avec Emilio Villalaba et Sarra Borrego","datePublished":"2023-10-05T09:18:00+00:00","mainEntityOfPage":{"@id":"https:\/\/www.webdo.tn\/fr\/actualite\/culture\/octobre-musical-de-carthage-bientot-le-concert-al-andalus-avec-emilio-villalaba-et-sarra-borrego\/209116\/"},"wordCount":156,"commentCount":0,"publisher":{"@id":"https:\/\/www.webdo.tn\/fr\/#organization"},"image":{"@id":"https:\/\/www.webdo.tn\/fr\/actualite\/culture\/octobre-musical-de-carthage-bientot-le-concert-al-andalus-avec-emilio-villalaba-et-sarra-borrego\/209116\/#primaryimage"},"thumbnailUrl":"https:\/\/www.webdo.tn\/fr\/wp-content\/uploads\/2023\/10\/f8d8452c1d3bc0888dc62c431e4f7da6.jpg","keywords":["Al-Andalus","Carthage","Octobre musical"],"articleSection":["Culture"],"inLanguage":"fr-FR"},{"@type":"WebPage","@id":"https:\/\/www.webdo.tn\/fr\/actualite\/culture\/octobre-musical-de-carthage-bientot-le-concert-al-andalus-avec-emilio-villalaba-et-sarra-borrego\/209116\/","url":"https:\/\/www.webdo.tn\/fr\/actualite\/culture\/octobre-musical-de-carthage-bientot-le-concert-al-andalus-avec-emilio-villalaba-et-sarra-borrego\/209116\/","name":"Octobre musical de Carthage : Bient\u00f4t le concert Al-Andalus avec Emilio Villalaba et Sarra Borrego","isPartOf":{"@id":"https:\/\/www.webdo.tn\/fr\/#website"},"primaryImageOfPage":{"@id":"https:\/\/www.webdo.tn\/fr\/actualite\/culture\/octobre-musical-de-carthage-bientot-le-concert-al-andalus-avec-emilio-villalaba-et-sarra-borrego\/209116\/#primaryimage"},"image":{"@id":"https:\/\/www.webdo.tn\/fr\/actualite\/culture\/octobre-musical-de-carthage-bientot-le-concert-al-andalus-avec-emilio-villalaba-et-sarra-borrego\/209116\/#primaryimage"},"thumbnailUrl":"https:\/\/www.webdo.tn\/fr\/wp-content\/uploads\/2023\/10\/f8d8452c1d3bc0888dc62c431e4f7da6.jpg","datePublished":"2023-10-05T09:18:00+00:00","description":"L'\u00e9dition 2023 de l'Octobre musical de Carthage d\u00e9marre le 10 octobre en la cath\u00e9drale de Tunis.","breadcrumb":{"@id":"https:\/\/www.webdo.tn\/fr\/actualite\/culture\/octobre-musical-de-carthage-bientot-le-concert-al-andalus-avec-emilio-villalaba-et-sarra-borrego\/209116\/#breadcrumb"},"inLanguage":"fr-FR","potentialAction":[{"@type":"ReadAction","target":["https:\/\/www.webdo.tn\/fr\/actualite\/culture\/octobre-musical-de-carthage-bientot-le-concert-al-andalus-avec-emilio-villalaba-et-sarra-borrego\/209116\/"]}]},{"@type":"ImageObject","inLanguage":"fr-FR","@id":"https:\/\/www.webdo.tn\/fr\/actualite\/culture\/octobre-musical-de-carthage-bientot-le-concert-al-andalus-avec-emilio-villalaba-et-sarra-borrego\/209116\/#primaryimage","url":"https:\/\/www.webdo.tn\/fr\/wp-content\/uploads\/2023\/10\/f8d8452c1d3bc0888dc62c431e4f7da6.jpg","contentUrl":"https:\/\/www.webdo.tn\/fr\/wp-content\/uploads\/2023\/10\/f8d8452c1d3bc0888dc62c431e4f7da6.jpg","width":750,"height":400,"caption":"Octobre musical de Carthage : Bient\u00f4t le concert \"Al-Andalus\" avec Emilio Villalaba et Sarra Borrego"},{"@type":"BreadcrumbList","@id":"https:\/\/www.webdo.tn\/fr\/actualite\/culture\/octobre-musical-de-carthage-bientot-le-concert-al-andalus-avec-emilio-villalaba-et-sarra-borrego\/209116\/#breadcrumb","itemListElement":[{"@type":"ListItem","position":1,"name":"Accueil","item":"https:\/\/www.webdo.tn\/fr\/"},{"@type":"ListItem","position":2,"name":"Octobre musical de Carthage : Bient\u00f4t le concert \u00ab\u00a0Al-Andalus\u00a0\u00bb avec Emilio Villalaba et Sarra Borrego"}]},{"@type":"WebSite","@id":"https:\/\/www.webdo.tn\/fr\/#website","url":"https:\/\/www.webdo.tn\/fr\/","name":"webdo","description":"Tunisie - News en Tunisie et \u00e0 l&#039;international sur Webdo.tn","publisher":{"@id":"https:\/\/www.webdo.tn\/fr\/#organization"},"potentialAction":[{"@type":"SearchAction","target":{"@type":"EntryPoint","urlTemplate":"https:\/\/www.webdo.tn\/fr\/?s={search_term_string}"},"query-input":{"@type":"PropertyValueSpecification","valueRequired":true,"valueName":"search_term_string"}}],"inLanguage":"fr-FR"},{"@type":"Organization","@id":"https:\/\/www.webdo.tn\/fr\/#organization","name":"Webdo","alternateName":"Webdo.tn","url":"https:\/\/www.webdo.tn\/fr\/","logo":{"@type":"ImageObject","inLanguage":"fr-FR","@id":"https:\/\/www.webdo.tn\/fr\/#\/schema\/logo\/image\/","url":"https:\/\/www.webdo.tn\/fr\/wp-content\/uploads\/2025\/06\/Webdo-Tunisie_168377.jpg","contentUrl":"https:\/\/www.webdo.tn\/fr\/wp-content\/uploads\/2025\/06\/Webdo-Tunisie_168377.jpg","width":301,"height":301,"caption":"Webdo"},"image":{"@id":"https:\/\/www.webdo.tn\/fr\/#\/schema\/logo\/image\/"},"sameAs":["https:\/\/www.facebook.com\/webdotn","https:\/\/x.com\/webdo_tn"],"description":"Webdo est un m\u00e9dia num\u00e9rique tunisien fond\u00e9 en 2010, sp\u00e9cialis\u00e9 dans l\u2019actualit\u00e9 nationale et internationale, l\u2019\u00e9conomie, la soci\u00e9t\u00e9 et les analyses politiques. Le site s\u2019adresse \u00e0 un large public francophone et couvre l\u2019information tunisienne en temps r\u00e9el.","email":"redac@webdo.tn","legalName":"YNJ SARL","foundingDate":"2010-09-06","numberOfEmployees":{"@type":"QuantitativeValue","minValue":"11","maxValue":"50"}},{"@type":"Person","@id":"https:\/\/www.webdo.tn\/fr\/#\/schema\/person\/6bc0beba2cd23aec27cb5df85ca2554f","name":"Hatem Bourial","image":{"@type":"ImageObject","inLanguage":"fr-FR","@id":"https:\/\/www.webdo.tn\/fr\/wp-content\/uploads\/2026\/04\/hatem-bourial_avatar-96x96.jpg","url":"https:\/\/www.webdo.tn\/fr\/wp-content\/uploads\/2026\/04\/hatem-bourial_avatar-96x96.jpg","contentUrl":"https:\/\/www.webdo.tn\/fr\/wp-content\/uploads\/2026\/04\/hatem-bourial_avatar-96x96.jpg","caption":"Hatem Bourial"},"description":"Hatem Bourial est journaliste, \u00e9crivain et chroniqueur tunisien. Actif depuis plusieurs d\u00e9cennies, il s\u2019est impos\u00e9 comme un observateur attentif de la soci\u00e9t\u00e9 tunisienne, m\u00ealant dans ses \u00e9crits m\u00e9moire, culture et analyse du quotidien. Auteur de nombreux ouvrages, il d\u00e9veloppe une \u0153uvre \u00e0 la crois\u00e9e du r\u00e9cit, de la po\u00e9sie et de l\u2019observation sociologique. Parall\u00e8lement \u00e0 ses contributions dans la presse, il intervient r\u00e9guli\u00e8rement \u00e0 la radio et dans des espaces culturels, o\u00f9 il explore les enjeux li\u00e9s au patrimoine, \u00e0 l\u2019identit\u00e9 et aux transformations du monde contemporain. \u00c0 travers ses chroniques, Hatem Bourial propose une lecture sensible et approfondie de l\u2019actualit\u00e9, nourrie par une exp\u00e9rience journalistique et litt\u00e9raire reconnue. \ud83d\udd17 Facebook : https:\/\/www.facebook.com\/hatem.bourial.2025","sameAs":["https:\/\/www.facebook.com\/hatem.bourial.2025","https:\/\/fr.wikipedia.org\/wiki\/Fichier:Hatem_Bourial.jpg"],"knowsAbout":["Culture & patrimoine tunisien","Chronique soci\u00e9tale","Litt\u00e9rature & m\u00e9moire","Cin\u00e9ma & critique culturelle","Identit\u00e9 & mutations sociales"],"knowsLanguage":["Arabe","Fran\u00e7ais","Anglais","Italien","Polonais"],"jobTitle":"Journaliste, \u00e9crivain et chroniqueur culturel","worksFor":"Webdo","url":"https:\/\/www.webdo.tn\/fr\/actualite\/author\/hatem-bourial-2\/"}]}},"_links":{"self":[{"href":"https:\/\/www.webdo.tn\/fr\/wp-json\/wp\/v2\/posts\/209116","targetHints":{"allow":["GET"]}}],"collection":[{"href":"https:\/\/www.webdo.tn\/fr\/wp-json\/wp\/v2\/posts"}],"about":[{"href":"https:\/\/www.webdo.tn\/fr\/wp-json\/wp\/v2\/types\/post"}],"author":[{"embeddable":true,"href":"https:\/\/www.webdo.tn\/fr\/wp-json\/wp\/v2\/users\/3229"}],"replies":[{"embeddable":true,"href":"https:\/\/www.webdo.tn\/fr\/wp-json\/wp\/v2\/comments?post=209116"}],"version-history":[{"count":0,"href":"https:\/\/www.webdo.tn\/fr\/wp-json\/wp\/v2\/posts\/209116\/revisions"}],"wp:featuredmedia":[{"embeddable":true,"href":"https:\/\/www.webdo.tn\/fr\/wp-json\/wp\/v2\/media\/249149"}],"wp:attachment":[{"href":"https:\/\/www.webdo.tn\/fr\/wp-json\/wp\/v2\/media?parent=209116"}],"wp:term":[{"taxonomy":"category","embeddable":true,"href":"https:\/\/www.webdo.tn\/fr\/wp-json\/wp\/v2\/categories?post=209116"},{"taxonomy":"post_tag","embeddable":true,"href":"https:\/\/www.webdo.tn\/fr\/wp-json\/wp\/v2\/tags?post=209116"}],"curies":[{"name":"wp","href":"https:\/\/api.w.org\/{rel}","templated":true}]}}