{"id":209108,"date":"2023-10-04T18:13:00","date_gmt":"2023-10-04T18:13:00","guid":{"rendered":"https:\/\/www.webdo.tn\/fr\/blog\/fifa-le-maroc-l-espagne-et-le-portugal-organiseront-la-coupe-du-monde-2030\/209108\/"},"modified":"2023-10-04T18:13:00","modified_gmt":"2023-10-04T18:13:00","slug":"fifa-le-maroc-l-espagne-et-le-portugal-organiseront-la-coupe-du-monde-2030","status":"publish","type":"post","link":"https:\/\/www.webdo.tn\/fr\/actualite\/national\/fifa-le-maroc-l-espagne-et-le-portugal-organiseront-la-coupe-du-monde-2030\/209108\/","title":{"rendered":"FIFA : Le Maroc, l&rsquo;Espagne et le Portugal organiseront la Coupe du monde 2030"},"content":{"rendered":"<p>Pour la premi\u00e8re fois de son histoire, la Coupe du monde 2030 de football se d\u00e9roulera sur trois continents diff\u00e9rents apr\u00e8s que la Fifa ait retenu la candidature commune du Maroc, de l&rsquo;Espagne et du Portugal. Cependant, trois matches auront \u00e9galement lieu en Am\u00e9rique du Sud : l&rsquo;Uruguay, l\u2019Argentine et le Paraguay accueilleront chacun un match.<\/p>\n<p>\t\t\t\t\t\t\t\t\tCes trois rencontres auront lieu en Argentine (Buenos Aires), en Uruguay (Montevideo) et au Paraguay (Asuncion).<\/p>\n<p>Ainsi, pour le centenaire de sa premi\u00e8re \u00e9dition en Uruguay, la Coupe du monde masculine \u00ab\u00a0unira trois continents et six pays\u00a0\u00bb, promet l&rsquo;instance du football, qui doit encore valider les crit\u00e8res techniques et n&rsquo;attribuera officiellement la comp\u00e9tition que fin 2024.<\/p>\n<p>Il y a un an, avec l&rsquo;appui de l&rsquo;UEFA, l&rsquo;Espagne et le Portugal avaient int\u00e9gr\u00e9 l&rsquo;Ukraine \u00e0 leur dossier, assurant vouloir lancer \u00ab\u00a0un message de solidarit\u00e9 et d&rsquo;espoir\u00a0\u00bb mais\u00a0depuis et le Maroc, quintuple candidat malheureux \u00e0 l&rsquo;accueil du tournoi, \u00e9tait entr\u00e9 dans la danse mi-mars..<\/p>\n","protected":false},"excerpt":{"rendered":"<p>Pour la premi\u00e8re fois de son histoire, la Coupe du monde 2030 de football se d\u00e9roulera sur trois continents diff\u00e9rents apr\u00e8s que la Fifa ait retenu la candidatu&#8230;<\/p>\n","protected":false},"author":3169,"featured_media":249144,"comment_status":"open","ping_status":"closed","sticky":false,"template":"","format":"standard","meta":{"footnotes":""},"categories":[44],"tags":[7806,4066,3487,2622,3464,7805],"class_list":["post-209108","post","type-post","status-publish","format-standard","has-post-thumbnail","hentry","category-national","tag-7806","tag-coupe-du-monde","tag-fifa","tag-football","tag-maroc","tag-organisation"],"yoast_head":"<!-- This site is optimized with the Yoast SEO Premium plugin v27.4 (Yoast SEO v27.5) - https:\/\/yoast.com\/product\/yoast-seo-premium-wordpress\/ -->\n<title>FIFA : Le Maroc, l&#039;Espagne et le Portugal organiseront la Coupe du monde 2030<\/title>\n<meta name=\"description\" content=\"Pour la premi\u00e8re fois de son histoire, la Coupe du monde 2030 de football se d\u00e9roulera sur trois continents diff\u00e9rents apr\u00e8s que la Fifa ait retenu la candidatu...\" \/>\n<link rel=\"canonical\" href=\"https:\/\/www.webdo.tn\/fr\/actualite\/national\/fifa-le-maroc-l-espagne-et-le-portugal-organiseront-la-coupe-du-monde-2030\/209108\/\" \/>\n<meta property=\"og:locale\" content=\"fr_FR\" \/>\n<meta property=\"og:type\" content=\"article\" \/>\n<meta property=\"og:title\" content=\"FIFA : Le Maroc, l&#039;Espagne et le Portugal organiseront la Coupe du monde 2030\" \/>\n<meta property=\"og:description\" content=\"Pour la premi\u00e8re fois de son histoire, la Coupe du monde 2030 de football se d\u00e9roulera sur trois continents diff\u00e9rents apr\u00e8s que la Fifa ait retenu la candidatu...\" \/>\n<meta property=\"og:url\" content=\"https:\/\/www.webdo.tn\/fr\/actualite\/national\/fifa-le-maroc-l-espagne-et-le-portugal-organiseront-la-coupe-du-monde-2030\/209108\/\" \/>\n<meta property=\"og:site_name\" content=\"webdo\" \/>\n<meta property=\"article:publisher\" content=\"https:\/\/www.facebook.com\/webdotn\" \/>\n<meta property=\"article:published_time\" content=\"2023-10-04T18:13:00+00:00\" \/>\n<meta property=\"og:image\" content=\"https:\/\/www.webdo.tn\/fr\/wp-content\/uploads\/2023\/10\/214df890b16553f86b8b721944814364.webp\" \/>\n\t<meta property=\"og:image:width\" content=\"750\" \/>\n\t<meta property=\"og:image:height\" content=\"400\" \/>\n\t<meta property=\"og:image:type\" content=\"image\/webp\" \/>\n<meta name=\"author\" content=\"Webdo\" \/>\n<meta name=\"twitter:card\" content=\"summary_large_image\" \/>\n<meta name=\"twitter:creator\" content=\"@webdo_tn\" \/>\n<meta name=\"twitter:site\" content=\"@webdo_tn\" \/>\n<meta name=\"twitter:label1\" content=\"\u00c9crit par\" \/>\n\t<meta name=\"twitter:data1\" content=\"Webdo\" \/>\n\t<meta name=\"twitter:label2\" content=\"Dur\u00e9e de lecture estim\u00e9e\" \/>\n\t<meta name=\"twitter:data2\" content=\"1 minute\" \/>\n<script type=\"application\/ld+json\" class=\"yoast-schema-graph\">{\"@context\":\"https:\\\/\\\/schema.org\",\"@graph\":[{\"@type\":\"NewsArticle\",\"@id\":\"https:\\\/\\\/www.webdo.tn\\\/fr\\\/actualite\\\/national\\\/fifa-le-maroc-l-espagne-et-le-portugal-organiseront-la-coupe-du-monde-2030\\\/209108\\\/#article\",\"isPartOf\":{\"@id\":\"https:\\\/\\\/www.webdo.tn\\\/fr\\\/actualite\\\/national\\\/fifa-le-maroc-l-espagne-et-le-portugal-organiseront-la-coupe-du-monde-2030\\\/209108\\\/\"},\"author\":{\"name\":\"Webdo\",\"@id\":\"https:\\\/\\\/www.webdo.tn\\\/fr\\\/#\\\/schema\\\/person\\\/1f4e491e0907b413d61089e8eb573acc\"},\"headline\":\"FIFA : Le Maroc, l&rsquo;Espagne et le Portugal organiseront la Coupe du monde 2030\",\"datePublished\":\"2023-10-04T18:13:00+00:00\",\"mainEntityOfPage\":{\"@id\":\"https:\\\/\\\/www.webdo.tn\\\/fr\\\/actualite\\\/national\\\/fifa-le-maroc-l-espagne-et-le-portugal-organiseront-la-coupe-du-monde-2030\\\/209108\\\/\"},\"wordCount\":186,\"commentCount\":0,\"publisher\":{\"@id\":\"https:\\\/\\\/www.webdo.tn\\\/fr\\\/#organization\"},\"image\":{\"@id\":\"https:\\\/\\\/www.webdo.tn\\\/fr\\\/actualite\\\/national\\\/fifa-le-maroc-l-espagne-et-le-portugal-organiseront-la-coupe-du-monde-2030\\\/209108\\\/#primaryimage\"},\"thumbnailUrl\":\"https:\\\/\\\/www.webdo.tn\\\/fr\\\/wp-content\\\/uploads\\\/2023\\\/10\\\/214df890b16553f86b8b721944814364.webp\",\"keywords\":[\"2030\",\"Coupe du Monde\",\"FIFA\",\"football\",\"maroc\",\"organisation\"],\"articleSection\":[\"National\"],\"inLanguage\":\"fr-FR\"},{\"@type\":\"WebPage\",\"@id\":\"https:\\\/\\\/www.webdo.tn\\\/fr\\\/actualite\\\/national\\\/fifa-le-maroc-l-espagne-et-le-portugal-organiseront-la-coupe-du-monde-2030\\\/209108\\\/\",\"url\":\"https:\\\/\\\/www.webdo.tn\\\/fr\\\/actualite\\\/national\\\/fifa-le-maroc-l-espagne-et-le-portugal-organiseront-la-coupe-du-monde-2030\\\/209108\\\/\",\"name\":\"FIFA : Le Maroc, l'Espagne et le Portugal organiseront la Coupe du monde 2030\",\"isPartOf\":{\"@id\":\"https:\\\/\\\/www.webdo.tn\\\/fr\\\/#website\"},\"primaryImageOfPage\":{\"@id\":\"https:\\\/\\\/www.webdo.tn\\\/fr\\\/actualite\\\/national\\\/fifa-le-maroc-l-espagne-et-le-portugal-organiseront-la-coupe-du-monde-2030\\\/209108\\\/#primaryimage\"},\"image\":{\"@id\":\"https:\\\/\\\/www.webdo.tn\\\/fr\\\/actualite\\\/national\\\/fifa-le-maroc-l-espagne-et-le-portugal-organiseront-la-coupe-du-monde-2030\\\/209108\\\/#primaryimage\"},\"thumbnailUrl\":\"https:\\\/\\\/www.webdo.tn\\\/fr\\\/wp-content\\\/uploads\\\/2023\\\/10\\\/214df890b16553f86b8b721944814364.webp\",\"datePublished\":\"2023-10-04T18:13:00+00:00\",\"description\":\"Pour la premi\u00e8re fois de son histoire, la Coupe du monde 2030 de football se d\u00e9roulera sur trois continents diff\u00e9rents apr\u00e8s que la Fifa ait retenu la candidatu...\",\"breadcrumb\":{\"@id\":\"https:\\\/\\\/www.webdo.tn\\\/fr\\\/actualite\\\/national\\\/fifa-le-maroc-l-espagne-et-le-portugal-organiseront-la-coupe-du-monde-2030\\\/209108\\\/#breadcrumb\"},\"inLanguage\":\"fr-FR\",\"potentialAction\":[{\"@type\":\"ReadAction\",\"target\":[\"https:\\\/\\\/www.webdo.tn\\\/fr\\\/actualite\\\/national\\\/fifa-le-maroc-l-espagne-et-le-portugal-organiseront-la-coupe-du-monde-2030\\\/209108\\\/\"]}]},{\"@type\":\"ImageObject\",\"inLanguage\":\"fr-FR\",\"@id\":\"https:\\\/\\\/www.webdo.tn\\\/fr\\\/actualite\\\/national\\\/fifa-le-maroc-l-espagne-et-le-portugal-organiseront-la-coupe-du-monde-2030\\\/209108\\\/#primaryimage\",\"url\":\"https:\\\/\\\/www.webdo.tn\\\/fr\\\/wp-content\\\/uploads\\\/2023\\\/10\\\/214df890b16553f86b8b721944814364.webp\",\"contentUrl\":\"https:\\\/\\\/www.webdo.tn\\\/fr\\\/wp-content\\\/uploads\\\/2023\\\/10\\\/214df890b16553f86b8b721944814364.webp\",\"width\":750,\"height\":400,\"caption\":\"FIFA : Le Maroc, l'Espagne et le Portugal organiseront la Coupe du monde 2030\"},{\"@type\":\"BreadcrumbList\",\"@id\":\"https:\\\/\\\/www.webdo.tn\\\/fr\\\/actualite\\\/national\\\/fifa-le-maroc-l-espagne-et-le-portugal-organiseront-la-coupe-du-monde-2030\\\/209108\\\/#breadcrumb\",\"itemListElement\":[{\"@type\":\"ListItem\",\"position\":1,\"name\":\"Accueil\",\"item\":\"https:\\\/\\\/www.webdo.tn\\\/fr\\\/\"},{\"@type\":\"ListItem\",\"position\":2,\"name\":\"FIFA : Le Maroc, l&#8217;Espagne et le Portugal organiseront la Coupe du monde 2030\"}]},{\"@type\":\"WebSite\",\"@id\":\"https:\\\/\\\/www.webdo.tn\\\/fr\\\/#website\",\"url\":\"https:\\\/\\\/www.webdo.tn\\\/fr\\\/\",\"name\":\"webdo\",\"description\":\"Tunisie - News en Tunisie et \u00e0 l&#039;international sur Webdo.tn\",\"publisher\":{\"@id\":\"https:\\\/\\\/www.webdo.tn\\\/fr\\\/#organization\"},\"potentialAction\":[{\"@type\":\"SearchAction\",\"target\":{\"@type\":\"EntryPoint\",\"urlTemplate\":\"https:\\\/\\\/www.webdo.tn\\\/fr\\\/?s={search_term_string}\"},\"query-input\":{\"@type\":\"PropertyValueSpecification\",\"valueRequired\":true,\"valueName\":\"search_term_string\"}}],\"inLanguage\":\"fr-FR\"},{\"@type\":\"Organization\",\"@id\":\"https:\\\/\\\/www.webdo.tn\\\/fr\\\/#organization\",\"name\":\"Webdo\",\"alternateName\":\"Webdo.tn\",\"url\":\"https:\\\/\\\/www.webdo.tn\\\/fr\\\/\",\"logo\":{\"@type\":\"ImageObject\",\"inLanguage\":\"fr-FR\",\"@id\":\"https:\\\/\\\/www.webdo.tn\\\/fr\\\/#\\\/schema\\\/logo\\\/image\\\/\",\"url\":\"https:\\\/\\\/www.webdo.tn\\\/fr\\\/wp-content\\\/uploads\\\/2025\\\/06\\\/Webdo-Tunisie_168377.jpg\",\"contentUrl\":\"https:\\\/\\\/www.webdo.tn\\\/fr\\\/wp-content\\\/uploads\\\/2025\\\/06\\\/Webdo-Tunisie_168377.jpg\",\"width\":301,\"height\":301,\"caption\":\"Webdo\"},\"image\":{\"@id\":\"https:\\\/\\\/www.webdo.tn\\\/fr\\\/#\\\/schema\\\/logo\\\/image\\\/\"},\"sameAs\":[\"https:\\\/\\\/www.facebook.com\\\/webdotn\",\"https:\\\/\\\/x.com\\\/webdo_tn\"],\"description\":\"Webdo est un m\u00e9dia num\u00e9rique tunisien fond\u00e9 en 2010, sp\u00e9cialis\u00e9 dans l\u2019actualit\u00e9 nationale et internationale, l\u2019\u00e9conomie, la soci\u00e9t\u00e9 et les analyses politiques. Le site s\u2019adresse \u00e0 un large public francophone et couvre l\u2019information tunisienne en temps r\u00e9el.\",\"email\":\"redac@webdo.tn\",\"legalName\":\"YNJ SARL\",\"foundingDate\":\"2010-09-06\",\"numberOfEmployees\":{\"@type\":\"QuantitativeValue\",\"minValue\":\"11\",\"maxValue\":\"50\"}},{\"@type\":\"Person\",\"@id\":\"https:\\\/\\\/www.webdo.tn\\\/fr\\\/#\\\/schema\\\/person\\\/1f4e491e0907b413d61089e8eb573acc\",\"name\":\"Webdo\",\"image\":{\"@type\":\"ImageObject\",\"inLanguage\":\"fr-FR\",\"@id\":\"https:\\\/\\\/secure.gravatar.com\\\/avatar\\\/de97aeec1bb80978a9dbb127e47dfc88aaacb2f3c29aac907d8d3222e3495d49?s=96&d=mm&r=g\",\"url\":\"https:\\\/\\\/secure.gravatar.com\\\/avatar\\\/de97aeec1bb80978a9dbb127e47dfc88aaacb2f3c29aac907d8d3222e3495d49?s=96&d=mm&r=g\",\"contentUrl\":\"https:\\\/\\\/secure.gravatar.com\\\/avatar\\\/de97aeec1bb80978a9dbb127e47dfc88aaacb2f3c29aac907d8d3222e3495d49?s=96&d=mm&r=g\",\"caption\":\"Webdo\"},\"url\":\"https:\\\/\\\/www.webdo.tn\\\/fr\\\/actualite\\\/author\\\/webdo\\\/\"}]}<\/script>\n<!-- \/ Yoast SEO Premium plugin. -->","yoast_head_json":{"title":"FIFA : Le Maroc, l'Espagne et le Portugal organiseront la Coupe du monde 2030","description":"Pour la premi\u00e8re fois de son histoire, la Coupe du monde 2030 de football se d\u00e9roulera sur trois continents diff\u00e9rents apr\u00e8s que la Fifa ait retenu la candidatu...","canonical":"https:\/\/www.webdo.tn\/fr\/actualite\/national\/fifa-le-maroc-l-espagne-et-le-portugal-organiseront-la-coupe-du-monde-2030\/209108\/","og_locale":"fr_FR","og_type":"article","og_title":"FIFA : Le Maroc, l'Espagne et le Portugal organiseront la Coupe du monde 2030","og_description":"Pour la premi\u00e8re fois de son histoire, la Coupe du monde 2030 de football se d\u00e9roulera sur trois continents diff\u00e9rents apr\u00e8s que la Fifa ait retenu la candidatu...","og_url":"https:\/\/www.webdo.tn\/fr\/actualite\/national\/fifa-le-maroc-l-espagne-et-le-portugal-organiseront-la-coupe-du-monde-2030\/209108\/","og_site_name":"webdo","article_publisher":"https:\/\/www.facebook.com\/webdotn","article_published_time":"2023-10-04T18:13:00+00:00","og_image":[{"width":750,"height":400,"url":"https:\/\/www.webdo.tn\/fr\/wp-content\/uploads\/2023\/10\/214df890b16553f86b8b721944814364.webp","type":"image\/webp"}],"author":"Webdo","twitter_card":"summary_large_image","twitter_creator":"@webdo_tn","twitter_site":"@webdo_tn","twitter_misc":{"\u00c9crit par":"Webdo","Dur\u00e9e de lecture estim\u00e9e":"1 minute"},"schema":{"@context":"https:\/\/schema.org","@graph":[{"@type":"NewsArticle","@id":"https:\/\/www.webdo.tn\/fr\/actualite\/national\/fifa-le-maroc-l-espagne-et-le-portugal-organiseront-la-coupe-du-monde-2030\/209108\/#article","isPartOf":{"@id":"https:\/\/www.webdo.tn\/fr\/actualite\/national\/fifa-le-maroc-l-espagne-et-le-portugal-organiseront-la-coupe-du-monde-2030\/209108\/"},"author":{"name":"Webdo","@id":"https:\/\/www.webdo.tn\/fr\/#\/schema\/person\/1f4e491e0907b413d61089e8eb573acc"},"headline":"FIFA : Le Maroc, l&rsquo;Espagne et le Portugal organiseront la Coupe du monde 2030","datePublished":"2023-10-04T18:13:00+00:00","mainEntityOfPage":{"@id":"https:\/\/www.webdo.tn\/fr\/actualite\/national\/fifa-le-maroc-l-espagne-et-le-portugal-organiseront-la-coupe-du-monde-2030\/209108\/"},"wordCount":186,"commentCount":0,"publisher":{"@id":"https:\/\/www.webdo.tn\/fr\/#organization"},"image":{"@id":"https:\/\/www.webdo.tn\/fr\/actualite\/national\/fifa-le-maroc-l-espagne-et-le-portugal-organiseront-la-coupe-du-monde-2030\/209108\/#primaryimage"},"thumbnailUrl":"https:\/\/www.webdo.tn\/fr\/wp-content\/uploads\/2023\/10\/214df890b16553f86b8b721944814364.webp","keywords":["2030","Coupe du Monde","FIFA","football","maroc","organisation"],"articleSection":["National"],"inLanguage":"fr-FR"},{"@type":"WebPage","@id":"https:\/\/www.webdo.tn\/fr\/actualite\/national\/fifa-le-maroc-l-espagne-et-le-portugal-organiseront-la-coupe-du-monde-2030\/209108\/","url":"https:\/\/www.webdo.tn\/fr\/actualite\/national\/fifa-le-maroc-l-espagne-et-le-portugal-organiseront-la-coupe-du-monde-2030\/209108\/","name":"FIFA : Le Maroc, l'Espagne et le Portugal organiseront la Coupe du monde 2030","isPartOf":{"@id":"https:\/\/www.webdo.tn\/fr\/#website"},"primaryImageOfPage":{"@id":"https:\/\/www.webdo.tn\/fr\/actualite\/national\/fifa-le-maroc-l-espagne-et-le-portugal-organiseront-la-coupe-du-monde-2030\/209108\/#primaryimage"},"image":{"@id":"https:\/\/www.webdo.tn\/fr\/actualite\/national\/fifa-le-maroc-l-espagne-et-le-portugal-organiseront-la-coupe-du-monde-2030\/209108\/#primaryimage"},"thumbnailUrl":"https:\/\/www.webdo.tn\/fr\/wp-content\/uploads\/2023\/10\/214df890b16553f86b8b721944814364.webp","datePublished":"2023-10-04T18:13:00+00:00","description":"Pour la premi\u00e8re fois de son histoire, la Coupe du monde 2030 de football se d\u00e9roulera sur trois continents diff\u00e9rents apr\u00e8s que la Fifa ait retenu la candidatu...","breadcrumb":{"@id":"https:\/\/www.webdo.tn\/fr\/actualite\/national\/fifa-le-maroc-l-espagne-et-le-portugal-organiseront-la-coupe-du-monde-2030\/209108\/#breadcrumb"},"inLanguage":"fr-FR","potentialAction":[{"@type":"ReadAction","target":["https:\/\/www.webdo.tn\/fr\/actualite\/national\/fifa-le-maroc-l-espagne-et-le-portugal-organiseront-la-coupe-du-monde-2030\/209108\/"]}]},{"@type":"ImageObject","inLanguage":"fr-FR","@id":"https:\/\/www.webdo.tn\/fr\/actualite\/national\/fifa-le-maroc-l-espagne-et-le-portugal-organiseront-la-coupe-du-monde-2030\/209108\/#primaryimage","url":"https:\/\/www.webdo.tn\/fr\/wp-content\/uploads\/2023\/10\/214df890b16553f86b8b721944814364.webp","contentUrl":"https:\/\/www.webdo.tn\/fr\/wp-content\/uploads\/2023\/10\/214df890b16553f86b8b721944814364.webp","width":750,"height":400,"caption":"FIFA : Le Maroc, l'Espagne et le Portugal organiseront la Coupe du monde 2030"},{"@type":"BreadcrumbList","@id":"https:\/\/www.webdo.tn\/fr\/actualite\/national\/fifa-le-maroc-l-espagne-et-le-portugal-organiseront-la-coupe-du-monde-2030\/209108\/#breadcrumb","itemListElement":[{"@type":"ListItem","position":1,"name":"Accueil","item":"https:\/\/www.webdo.tn\/fr\/"},{"@type":"ListItem","position":2,"name":"FIFA : Le Maroc, l&#8217;Espagne et le Portugal organiseront la Coupe du monde 2030"}]},{"@type":"WebSite","@id":"https:\/\/www.webdo.tn\/fr\/#website","url":"https:\/\/www.webdo.tn\/fr\/","name":"webdo","description":"Tunisie - News en Tunisie et \u00e0 l&#039;international sur Webdo.tn","publisher":{"@id":"https:\/\/www.webdo.tn\/fr\/#organization"},"potentialAction":[{"@type":"SearchAction","target":{"@type":"EntryPoint","urlTemplate":"https:\/\/www.webdo.tn\/fr\/?s={search_term_string}"},"query-input":{"@type":"PropertyValueSpecification","valueRequired":true,"valueName":"search_term_string"}}],"inLanguage":"fr-FR"},{"@type":"Organization","@id":"https:\/\/www.webdo.tn\/fr\/#organization","name":"Webdo","alternateName":"Webdo.tn","url":"https:\/\/www.webdo.tn\/fr\/","logo":{"@type":"ImageObject","inLanguage":"fr-FR","@id":"https:\/\/www.webdo.tn\/fr\/#\/schema\/logo\/image\/","url":"https:\/\/www.webdo.tn\/fr\/wp-content\/uploads\/2025\/06\/Webdo-Tunisie_168377.jpg","contentUrl":"https:\/\/www.webdo.tn\/fr\/wp-content\/uploads\/2025\/06\/Webdo-Tunisie_168377.jpg","width":301,"height":301,"caption":"Webdo"},"image":{"@id":"https:\/\/www.webdo.tn\/fr\/#\/schema\/logo\/image\/"},"sameAs":["https:\/\/www.facebook.com\/webdotn","https:\/\/x.com\/webdo_tn"],"description":"Webdo est un m\u00e9dia num\u00e9rique tunisien fond\u00e9 en 2010, sp\u00e9cialis\u00e9 dans l\u2019actualit\u00e9 nationale et internationale, l\u2019\u00e9conomie, la soci\u00e9t\u00e9 et les analyses politiques. Le site s\u2019adresse \u00e0 un large public francophone et couvre l\u2019information tunisienne en temps r\u00e9el.","email":"redac@webdo.tn","legalName":"YNJ SARL","foundingDate":"2010-09-06","numberOfEmployees":{"@type":"QuantitativeValue","minValue":"11","maxValue":"50"}},{"@type":"Person","@id":"https:\/\/www.webdo.tn\/fr\/#\/schema\/person\/1f4e491e0907b413d61089e8eb573acc","name":"Webdo","image":{"@type":"ImageObject","inLanguage":"fr-FR","@id":"https:\/\/secure.gravatar.com\/avatar\/de97aeec1bb80978a9dbb127e47dfc88aaacb2f3c29aac907d8d3222e3495d49?s=96&d=mm&r=g","url":"https:\/\/secure.gravatar.com\/avatar\/de97aeec1bb80978a9dbb127e47dfc88aaacb2f3c29aac907d8d3222e3495d49?s=96&d=mm&r=g","contentUrl":"https:\/\/secure.gravatar.com\/avatar\/de97aeec1bb80978a9dbb127e47dfc88aaacb2f3c29aac907d8d3222e3495d49?s=96&d=mm&r=g","caption":"Webdo"},"url":"https:\/\/www.webdo.tn\/fr\/actualite\/author\/webdo\/"}]}},"_links":{"self":[{"href":"https:\/\/www.webdo.tn\/fr\/wp-json\/wp\/v2\/posts\/209108","targetHints":{"allow":["GET"]}}],"collection":[{"href":"https:\/\/www.webdo.tn\/fr\/wp-json\/wp\/v2\/posts"}],"about":[{"href":"https:\/\/www.webdo.tn\/fr\/wp-json\/wp\/v2\/types\/post"}],"author":[{"embeddable":true,"href":"https:\/\/www.webdo.tn\/fr\/wp-json\/wp\/v2\/users\/3169"}],"replies":[{"embeddable":true,"href":"https:\/\/www.webdo.tn\/fr\/wp-json\/wp\/v2\/comments?post=209108"}],"version-history":[{"count":0,"href":"https:\/\/www.webdo.tn\/fr\/wp-json\/wp\/v2\/posts\/209108\/revisions"}],"wp:featuredmedia":[{"embeddable":true,"href":"https:\/\/www.webdo.tn\/fr\/wp-json\/wp\/v2\/media\/249144"}],"wp:attachment":[{"href":"https:\/\/www.webdo.tn\/fr\/wp-json\/wp\/v2\/media?parent=209108"}],"wp:term":[{"taxonomy":"category","embeddable":true,"href":"https:\/\/www.webdo.tn\/fr\/wp-json\/wp\/v2\/categories?post=209108"},{"taxonomy":"post_tag","embeddable":true,"href":"https:\/\/www.webdo.tn\/fr\/wp-json\/wp\/v2\/tags?post=209108"}],"curies":[{"name":"wp","href":"https:\/\/api.w.org\/{rel}","templated":true}]}}