{"id":209101,"date":"2023-10-04T14:44:00","date_gmt":"2023-10-04T14:44:00","guid":{"rendered":"https:\/\/www.webdo.tn\/fr\/blog\/l-ambassadeur-et-le-consul-de-tunisie-en-france-remercies\/209101\/"},"modified":"2025-05-20T22:40:36","modified_gmt":"2025-05-20T22:40:36","slug":"l-ambassadeur-et-le-consul-de-tunisie-en-france-remercies","status":"publish","type":"post","link":"https:\/\/www.webdo.tn\/fr\/actualite\/national\/l-ambassadeur-et-le-consul-de-tunisie-en-france-remercies\/209101\/","title":{"rendered":"L\u2019ambassadeur et le consul de Tunisie en France remerci\u00e9s"},"content":{"rendered":"<p>Plusieurs sources concordantes font croire ce mercredi 4 octobre 2023 que l&rsquo;ambassadeur de Tunisie en France, Karim Jamoussi et le consul g\u00e9n\u00e9ral, Ridha Gharsellaoui ont \u00e9t\u00e9 limog\u00e9s.<\/p>\n<p>Mosa\u00efque FM a confirm\u00e9 cette information ajoutant que les causes de cette d\u00e9cision n&rsquo;ont pas \u00e9t\u00e9 encore r\u00e9v\u00e9l\u00e9es.<\/p>\n<p>Mohamed Karim Jamoussi a \u00e9t\u00e9 nomm\u00e9 ambassadeur de Tunisie \u00e0 Paris le 12 septembre 2020, tandis que Ridha Gharsallaoui a \u00e9t\u00e9 d\u00e9sign\u00e9, le 5 d\u00e9cembre 2021, par d\u00e9cret pr\u00e9sidentiel, en tant que consul de Tunisie \u00e0 Paris.<\/p>\n","protected":false},"excerpt":{"rendered":"<p>Plusieurs sources concordantes font croire ce mercredi 4 octobre 2023 que l&rsquo;ambassadeur de Tunisie en France, Karim Jamoussi et le consul g\u00e9n\u00e9ral, Ridha Gharsel&#8230;<\/p>\n","protected":false},"author":3175,"featured_media":249143,"comment_status":"open","ping_status":"closed","sticky":false,"template":"","format":"standard","meta":{"footnotes":""},"categories":[44],"tags":[3999,4397,2998,2608],"class_list":["post-209101","post","type-post","status-publish","format-standard","has-post-thumbnail","hentry","category-national","tag-ambassadeur","tag-consul","tag-france","tag-tunisie"],"yoast_head":"<!-- This site is optimized with the Yoast SEO Premium plugin v27.5 (Yoast SEO v27.5) - https:\/\/yoast.com\/product\/yoast-seo-premium-wordpress\/ -->\n<title>L\u2019ambassadeur et le consul de Tunisie en France remerci\u00e9s<\/title>\n<meta name=\"description\" content=\"Plusieurs sources concordantes font croire ce mercredi 4 octobre 2023 que l&#039;ambassadeur de Tunisie en France, Karim Jamoussi et le consul g\u00e9n\u00e9ral, Ridha Gharsel...\" \/>\n<link rel=\"canonical\" href=\"https:\/\/www.webdo.tn\/fr\/actualite\/national\/l-ambassadeur-et-le-consul-de-tunisie-en-france-remercies\/209101\/\" \/>\n<meta property=\"og:locale\" content=\"fr_FR\" \/>\n<meta property=\"og:type\" content=\"article\" \/>\n<meta property=\"og:title\" content=\"L\u2019ambassadeur et le consul de Tunisie en France remerci\u00e9s\" \/>\n<meta property=\"og:description\" content=\"Plusieurs sources concordantes font croire ce mercredi 4 octobre 2023 que l&#039;ambassadeur de Tunisie en France, Karim Jamoussi et le consul g\u00e9n\u00e9ral, Ridha Gharsel...\" \/>\n<meta property=\"og:url\" content=\"https:\/\/www.webdo.tn\/fr\/actualite\/national\/l-ambassadeur-et-le-consul-de-tunisie-en-france-remercies\/209101\/\" \/>\n<meta property=\"og:site_name\" content=\"webdo\" \/>\n<meta property=\"article:publisher\" content=\"https:\/\/www.facebook.com\/webdotn\" \/>\n<meta property=\"article:published_time\" content=\"2023-10-04T14:44:00+00:00\" \/>\n<meta property=\"article:modified_time\" content=\"2025-05-20T22:40:36+00:00\" \/>\n<meta property=\"og:image\" content=\"https:\/\/www.webdo.tn\/fr\/wp-content\/uploads\/2023\/10\/b31b4f04a93dc4ae68e03558a01870b2.png\" \/>\n\t<meta property=\"og:image:width\" content=\"750\" \/>\n\t<meta property=\"og:image:height\" content=\"400\" \/>\n\t<meta property=\"og:image:type\" content=\"image\/png\" \/>\n<meta name=\"author\" content=\"CL\" \/>\n<meta name=\"twitter:card\" content=\"summary_large_image\" \/>\n<meta name=\"twitter:creator\" content=\"@webdo_tn\" \/>\n<meta name=\"twitter:site\" content=\"@webdo_tn\" \/>\n<meta name=\"twitter:label1\" content=\"\u00c9crit par\" \/>\n\t<meta name=\"twitter:data1\" content=\"CL\" \/>\n<script type=\"application\/ld+json\" class=\"yoast-schema-graph\">{\"@context\":\"https:\\\/\\\/schema.org\",\"@graph\":[{\"@type\":\"NewsArticle\",\"@id\":\"https:\\\/\\\/www.webdo.tn\\\/fr\\\/actualite\\\/national\\\/l-ambassadeur-et-le-consul-de-tunisie-en-france-remercies\\\/209101\\\/#article\",\"isPartOf\":{\"@id\":\"https:\\\/\\\/www.webdo.tn\\\/fr\\\/actualite\\\/national\\\/l-ambassadeur-et-le-consul-de-tunisie-en-france-remercies\\\/209101\\\/\"},\"author\":{\"name\":\"CL\",\"@id\":\"https:\\\/\\\/www.webdo.tn\\\/fr\\\/#\\\/schema\\\/person\\\/f35b42a42c5e2511bbd282959d6385cc\"},\"headline\":\"L\u2019ambassadeur et le consul de Tunisie en France remerci\u00e9s\",\"datePublished\":\"2023-10-04T14:44:00+00:00\",\"dateModified\":\"2025-05-20T22:40:36+00:00\",\"mainEntityOfPage\":{\"@id\":\"https:\\\/\\\/www.webdo.tn\\\/fr\\\/actualite\\\/national\\\/l-ambassadeur-et-le-consul-de-tunisie-en-france-remercies\\\/209101\\\/\"},\"wordCount\":99,\"commentCount\":0,\"publisher\":{\"@id\":\"https:\\\/\\\/www.webdo.tn\\\/fr\\\/#organization\"},\"image\":{\"@id\":\"https:\\\/\\\/www.webdo.tn\\\/fr\\\/actualite\\\/national\\\/l-ambassadeur-et-le-consul-de-tunisie-en-france-remercies\\\/209101\\\/#primaryimage\"},\"thumbnailUrl\":\"https:\\\/\\\/www.webdo.tn\\\/fr\\\/wp-content\\\/uploads\\\/2023\\\/10\\\/b31b4f04a93dc4ae68e03558a01870b2.png\",\"keywords\":[\"Ambassadeur\",\"Consul\",\"france\",\"Tunisie\"],\"articleSection\":[\"National\"],\"inLanguage\":\"fr-FR\"},{\"@type\":\"WebPage\",\"@id\":\"https:\\\/\\\/www.webdo.tn\\\/fr\\\/actualite\\\/national\\\/l-ambassadeur-et-le-consul-de-tunisie-en-france-remercies\\\/209101\\\/\",\"url\":\"https:\\\/\\\/www.webdo.tn\\\/fr\\\/actualite\\\/national\\\/l-ambassadeur-et-le-consul-de-tunisie-en-france-remercies\\\/209101\\\/\",\"name\":\"L\u2019ambassadeur et le consul de Tunisie en France remerci\u00e9s\",\"isPartOf\":{\"@id\":\"https:\\\/\\\/www.webdo.tn\\\/fr\\\/#website\"},\"primaryImageOfPage\":{\"@id\":\"https:\\\/\\\/www.webdo.tn\\\/fr\\\/actualite\\\/national\\\/l-ambassadeur-et-le-consul-de-tunisie-en-france-remercies\\\/209101\\\/#primaryimage\"},\"image\":{\"@id\":\"https:\\\/\\\/www.webdo.tn\\\/fr\\\/actualite\\\/national\\\/l-ambassadeur-et-le-consul-de-tunisie-en-france-remercies\\\/209101\\\/#primaryimage\"},\"thumbnailUrl\":\"https:\\\/\\\/www.webdo.tn\\\/fr\\\/wp-content\\\/uploads\\\/2023\\\/10\\\/b31b4f04a93dc4ae68e03558a01870b2.png\",\"datePublished\":\"2023-10-04T14:44:00+00:00\",\"dateModified\":\"2025-05-20T22:40:36+00:00\",\"description\":\"Plusieurs sources concordantes font croire ce mercredi 4 octobre 2023 que l'ambassadeur de Tunisie en France, Karim Jamoussi et le consul g\u00e9n\u00e9ral, Ridha Gharsel...\",\"breadcrumb\":{\"@id\":\"https:\\\/\\\/www.webdo.tn\\\/fr\\\/actualite\\\/national\\\/l-ambassadeur-et-le-consul-de-tunisie-en-france-remercies\\\/209101\\\/#breadcrumb\"},\"inLanguage\":\"fr-FR\",\"potentialAction\":[{\"@type\":\"ReadAction\",\"target\":[\"https:\\\/\\\/www.webdo.tn\\\/fr\\\/actualite\\\/national\\\/l-ambassadeur-et-le-consul-de-tunisie-en-france-remercies\\\/209101\\\/\"]}]},{\"@type\":\"ImageObject\",\"inLanguage\":\"fr-FR\",\"@id\":\"https:\\\/\\\/www.webdo.tn\\\/fr\\\/actualite\\\/national\\\/l-ambassadeur-et-le-consul-de-tunisie-en-france-remercies\\\/209101\\\/#primaryimage\",\"url\":\"https:\\\/\\\/www.webdo.tn\\\/fr\\\/wp-content\\\/uploads\\\/2023\\\/10\\\/b31b4f04a93dc4ae68e03558a01870b2.png\",\"contentUrl\":\"https:\\\/\\\/www.webdo.tn\\\/fr\\\/wp-content\\\/uploads\\\/2023\\\/10\\\/b31b4f04a93dc4ae68e03558a01870b2.png\",\"width\":750,\"height\":400,\"caption\":\"L\u2019ambassadeur et le consul de Tunisie en France remerci\u00e9s\"},{\"@type\":\"BreadcrumbList\",\"@id\":\"https:\\\/\\\/www.webdo.tn\\\/fr\\\/actualite\\\/national\\\/l-ambassadeur-et-le-consul-de-tunisie-en-france-remercies\\\/209101\\\/#breadcrumb\",\"itemListElement\":[{\"@type\":\"ListItem\",\"position\":1,\"name\":\"Accueil\",\"item\":\"https:\\\/\\\/www.webdo.tn\\\/fr\\\/\"},{\"@type\":\"ListItem\",\"position\":2,\"name\":\"L\u2019ambassadeur et le consul de Tunisie en France remerci\u00e9s\"}]},{\"@type\":\"WebSite\",\"@id\":\"https:\\\/\\\/www.webdo.tn\\\/fr\\\/#website\",\"url\":\"https:\\\/\\\/www.webdo.tn\\\/fr\\\/\",\"name\":\"webdo\",\"description\":\"Tunisie - News en Tunisie et \u00e0 l&#039;international sur Webdo.tn\",\"publisher\":{\"@id\":\"https:\\\/\\\/www.webdo.tn\\\/fr\\\/#organization\"},\"potentialAction\":[{\"@type\":\"SearchAction\",\"target\":{\"@type\":\"EntryPoint\",\"urlTemplate\":\"https:\\\/\\\/www.webdo.tn\\\/fr\\\/?s={search_term_string}\"},\"query-input\":{\"@type\":\"PropertyValueSpecification\",\"valueRequired\":true,\"valueName\":\"search_term_string\"}}],\"inLanguage\":\"fr-FR\"},{\"@type\":\"Organization\",\"@id\":\"https:\\\/\\\/www.webdo.tn\\\/fr\\\/#organization\",\"name\":\"Webdo\",\"alternateName\":\"Webdo.tn\",\"url\":\"https:\\\/\\\/www.webdo.tn\\\/fr\\\/\",\"logo\":{\"@type\":\"ImageObject\",\"inLanguage\":\"fr-FR\",\"@id\":\"https:\\\/\\\/www.webdo.tn\\\/fr\\\/#\\\/schema\\\/logo\\\/image\\\/\",\"url\":\"https:\\\/\\\/www.webdo.tn\\\/fr\\\/wp-content\\\/uploads\\\/2025\\\/06\\\/Webdo-Tunisie_168377.jpg\",\"contentUrl\":\"https:\\\/\\\/www.webdo.tn\\\/fr\\\/wp-content\\\/uploads\\\/2025\\\/06\\\/Webdo-Tunisie_168377.jpg\",\"width\":301,\"height\":301,\"caption\":\"Webdo\"},\"image\":{\"@id\":\"https:\\\/\\\/www.webdo.tn\\\/fr\\\/#\\\/schema\\\/logo\\\/image\\\/\"},\"sameAs\":[\"https:\\\/\\\/www.facebook.com\\\/webdotn\",\"https:\\\/\\\/x.com\\\/webdo_tn\"],\"description\":\"Webdo est un m\u00e9dia num\u00e9rique tunisien fond\u00e9 en 2010, sp\u00e9cialis\u00e9 dans l\u2019actualit\u00e9 nationale et internationale, l\u2019\u00e9conomie, la soci\u00e9t\u00e9 et les analyses politiques. Le site s\u2019adresse \u00e0 un large public francophone et couvre l\u2019information tunisienne en temps r\u00e9el.\",\"email\":\"redac@webdo.tn\",\"legalName\":\"YNJ SARL\",\"foundingDate\":\"2010-09-06\",\"numberOfEmployees\":{\"@type\":\"QuantitativeValue\",\"minValue\":\"11\",\"maxValue\":\"50\"}},{\"@type\":\"Person\",\"@id\":\"https:\\\/\\\/www.webdo.tn\\\/fr\\\/#\\\/schema\\\/person\\\/f35b42a42c5e2511bbd282959d6385cc\",\"name\":\"CL\",\"image\":{\"@type\":\"ImageObject\",\"inLanguage\":\"fr-FR\",\"@id\":\"https:\\\/\\\/secure.gravatar.com\\\/avatar\\\/1447a49909b67aa657c488aec6512e1dd6143a480c1ecfee9b5b5cd74eb3b59e?s=96&d=mm&r=g\",\"url\":\"https:\\\/\\\/secure.gravatar.com\\\/avatar\\\/1447a49909b67aa657c488aec6512e1dd6143a480c1ecfee9b5b5cd74eb3b59e?s=96&d=mm&r=g\",\"contentUrl\":\"https:\\\/\\\/secure.gravatar.com\\\/avatar\\\/1447a49909b67aa657c488aec6512e1dd6143a480c1ecfee9b5b5cd74eb3b59e?s=96&d=mm&r=g\",\"caption\":\"CL\"},\"url\":\"https:\\\/\\\/www.webdo.tn\\\/fr\\\/actualite\\\/author\\\/cl\\\/\"}]}<\/script>\n<!-- \/ Yoast SEO Premium plugin. -->","yoast_head_json":{"title":"L\u2019ambassadeur et le consul de Tunisie en France remerci\u00e9s","description":"Plusieurs sources concordantes font croire ce mercredi 4 octobre 2023 que l'ambassadeur de Tunisie en France, Karim Jamoussi et le consul g\u00e9n\u00e9ral, Ridha Gharsel...","canonical":"https:\/\/www.webdo.tn\/fr\/actualite\/national\/l-ambassadeur-et-le-consul-de-tunisie-en-france-remercies\/209101\/","og_locale":"fr_FR","og_type":"article","og_title":"L\u2019ambassadeur et le consul de Tunisie en France remerci\u00e9s","og_description":"Plusieurs sources concordantes font croire ce mercredi 4 octobre 2023 que l'ambassadeur de Tunisie en France, Karim Jamoussi et le consul g\u00e9n\u00e9ral, Ridha Gharsel...","og_url":"https:\/\/www.webdo.tn\/fr\/actualite\/national\/l-ambassadeur-et-le-consul-de-tunisie-en-france-remercies\/209101\/","og_site_name":"webdo","article_publisher":"https:\/\/www.facebook.com\/webdotn","article_published_time":"2023-10-04T14:44:00+00:00","article_modified_time":"2025-05-20T22:40:36+00:00","og_image":[{"width":750,"height":400,"url":"https:\/\/www.webdo.tn\/fr\/wp-content\/uploads\/2023\/10\/b31b4f04a93dc4ae68e03558a01870b2.png","type":"image\/png"}],"author":"CL","twitter_card":"summary_large_image","twitter_creator":"@webdo_tn","twitter_site":"@webdo_tn","twitter_misc":{"\u00c9crit par":"CL"},"schema":{"@context":"https:\/\/schema.org","@graph":[{"@type":"NewsArticle","@id":"https:\/\/www.webdo.tn\/fr\/actualite\/national\/l-ambassadeur-et-le-consul-de-tunisie-en-france-remercies\/209101\/#article","isPartOf":{"@id":"https:\/\/www.webdo.tn\/fr\/actualite\/national\/l-ambassadeur-et-le-consul-de-tunisie-en-france-remercies\/209101\/"},"author":{"name":"CL","@id":"https:\/\/www.webdo.tn\/fr\/#\/schema\/person\/f35b42a42c5e2511bbd282959d6385cc"},"headline":"L\u2019ambassadeur et le consul de Tunisie en France remerci\u00e9s","datePublished":"2023-10-04T14:44:00+00:00","dateModified":"2025-05-20T22:40:36+00:00","mainEntityOfPage":{"@id":"https:\/\/www.webdo.tn\/fr\/actualite\/national\/l-ambassadeur-et-le-consul-de-tunisie-en-france-remercies\/209101\/"},"wordCount":99,"commentCount":0,"publisher":{"@id":"https:\/\/www.webdo.tn\/fr\/#organization"},"image":{"@id":"https:\/\/www.webdo.tn\/fr\/actualite\/national\/l-ambassadeur-et-le-consul-de-tunisie-en-france-remercies\/209101\/#primaryimage"},"thumbnailUrl":"https:\/\/www.webdo.tn\/fr\/wp-content\/uploads\/2023\/10\/b31b4f04a93dc4ae68e03558a01870b2.png","keywords":["Ambassadeur","Consul","france","Tunisie"],"articleSection":["National"],"inLanguage":"fr-FR"},{"@type":"WebPage","@id":"https:\/\/www.webdo.tn\/fr\/actualite\/national\/l-ambassadeur-et-le-consul-de-tunisie-en-france-remercies\/209101\/","url":"https:\/\/www.webdo.tn\/fr\/actualite\/national\/l-ambassadeur-et-le-consul-de-tunisie-en-france-remercies\/209101\/","name":"L\u2019ambassadeur et le consul de Tunisie en France remerci\u00e9s","isPartOf":{"@id":"https:\/\/www.webdo.tn\/fr\/#website"},"primaryImageOfPage":{"@id":"https:\/\/www.webdo.tn\/fr\/actualite\/national\/l-ambassadeur-et-le-consul-de-tunisie-en-france-remercies\/209101\/#primaryimage"},"image":{"@id":"https:\/\/www.webdo.tn\/fr\/actualite\/national\/l-ambassadeur-et-le-consul-de-tunisie-en-france-remercies\/209101\/#primaryimage"},"thumbnailUrl":"https:\/\/www.webdo.tn\/fr\/wp-content\/uploads\/2023\/10\/b31b4f04a93dc4ae68e03558a01870b2.png","datePublished":"2023-10-04T14:44:00+00:00","dateModified":"2025-05-20T22:40:36+00:00","description":"Plusieurs sources concordantes font croire ce mercredi 4 octobre 2023 que l'ambassadeur de Tunisie en France, Karim Jamoussi et le consul g\u00e9n\u00e9ral, Ridha Gharsel...","breadcrumb":{"@id":"https:\/\/www.webdo.tn\/fr\/actualite\/national\/l-ambassadeur-et-le-consul-de-tunisie-en-france-remercies\/209101\/#breadcrumb"},"inLanguage":"fr-FR","potentialAction":[{"@type":"ReadAction","target":["https:\/\/www.webdo.tn\/fr\/actualite\/national\/l-ambassadeur-et-le-consul-de-tunisie-en-france-remercies\/209101\/"]}]},{"@type":"ImageObject","inLanguage":"fr-FR","@id":"https:\/\/www.webdo.tn\/fr\/actualite\/national\/l-ambassadeur-et-le-consul-de-tunisie-en-france-remercies\/209101\/#primaryimage","url":"https:\/\/www.webdo.tn\/fr\/wp-content\/uploads\/2023\/10\/b31b4f04a93dc4ae68e03558a01870b2.png","contentUrl":"https:\/\/www.webdo.tn\/fr\/wp-content\/uploads\/2023\/10\/b31b4f04a93dc4ae68e03558a01870b2.png","width":750,"height":400,"caption":"L\u2019ambassadeur et le consul de Tunisie en France remerci\u00e9s"},{"@type":"BreadcrumbList","@id":"https:\/\/www.webdo.tn\/fr\/actualite\/national\/l-ambassadeur-et-le-consul-de-tunisie-en-france-remercies\/209101\/#breadcrumb","itemListElement":[{"@type":"ListItem","position":1,"name":"Accueil","item":"https:\/\/www.webdo.tn\/fr\/"},{"@type":"ListItem","position":2,"name":"L\u2019ambassadeur et le consul de Tunisie en France remerci\u00e9s"}]},{"@type":"WebSite","@id":"https:\/\/www.webdo.tn\/fr\/#website","url":"https:\/\/www.webdo.tn\/fr\/","name":"webdo","description":"Tunisie - News en Tunisie et \u00e0 l&#039;international sur Webdo.tn","publisher":{"@id":"https:\/\/www.webdo.tn\/fr\/#organization"},"potentialAction":[{"@type":"SearchAction","target":{"@type":"EntryPoint","urlTemplate":"https:\/\/www.webdo.tn\/fr\/?s={search_term_string}"},"query-input":{"@type":"PropertyValueSpecification","valueRequired":true,"valueName":"search_term_string"}}],"inLanguage":"fr-FR"},{"@type":"Organization","@id":"https:\/\/www.webdo.tn\/fr\/#organization","name":"Webdo","alternateName":"Webdo.tn","url":"https:\/\/www.webdo.tn\/fr\/","logo":{"@type":"ImageObject","inLanguage":"fr-FR","@id":"https:\/\/www.webdo.tn\/fr\/#\/schema\/logo\/image\/","url":"https:\/\/www.webdo.tn\/fr\/wp-content\/uploads\/2025\/06\/Webdo-Tunisie_168377.jpg","contentUrl":"https:\/\/www.webdo.tn\/fr\/wp-content\/uploads\/2025\/06\/Webdo-Tunisie_168377.jpg","width":301,"height":301,"caption":"Webdo"},"image":{"@id":"https:\/\/www.webdo.tn\/fr\/#\/schema\/logo\/image\/"},"sameAs":["https:\/\/www.facebook.com\/webdotn","https:\/\/x.com\/webdo_tn"],"description":"Webdo est un m\u00e9dia num\u00e9rique tunisien fond\u00e9 en 2010, sp\u00e9cialis\u00e9 dans l\u2019actualit\u00e9 nationale et internationale, l\u2019\u00e9conomie, la soci\u00e9t\u00e9 et les analyses politiques. Le site s\u2019adresse \u00e0 un large public francophone et couvre l\u2019information tunisienne en temps r\u00e9el.","email":"redac@webdo.tn","legalName":"YNJ SARL","foundingDate":"2010-09-06","numberOfEmployees":{"@type":"QuantitativeValue","minValue":"11","maxValue":"50"}},{"@type":"Person","@id":"https:\/\/www.webdo.tn\/fr\/#\/schema\/person\/f35b42a42c5e2511bbd282959d6385cc","name":"CL","image":{"@type":"ImageObject","inLanguage":"fr-FR","@id":"https:\/\/secure.gravatar.com\/avatar\/1447a49909b67aa657c488aec6512e1dd6143a480c1ecfee9b5b5cd74eb3b59e?s=96&d=mm&r=g","url":"https:\/\/secure.gravatar.com\/avatar\/1447a49909b67aa657c488aec6512e1dd6143a480c1ecfee9b5b5cd74eb3b59e?s=96&d=mm&r=g","contentUrl":"https:\/\/secure.gravatar.com\/avatar\/1447a49909b67aa657c488aec6512e1dd6143a480c1ecfee9b5b5cd74eb3b59e?s=96&d=mm&r=g","caption":"CL"},"url":"https:\/\/www.webdo.tn\/fr\/actualite\/author\/cl\/"}]}},"_links":{"self":[{"href":"https:\/\/www.webdo.tn\/fr\/wp-json\/wp\/v2\/posts\/209101","targetHints":{"allow":["GET"]}}],"collection":[{"href":"https:\/\/www.webdo.tn\/fr\/wp-json\/wp\/v2\/posts"}],"about":[{"href":"https:\/\/www.webdo.tn\/fr\/wp-json\/wp\/v2\/types\/post"}],"author":[{"embeddable":true,"href":"https:\/\/www.webdo.tn\/fr\/wp-json\/wp\/v2\/users\/3175"}],"replies":[{"embeddable":true,"href":"https:\/\/www.webdo.tn\/fr\/wp-json\/wp\/v2\/comments?post=209101"}],"version-history":[{"count":0,"href":"https:\/\/www.webdo.tn\/fr\/wp-json\/wp\/v2\/posts\/209101\/revisions"}],"wp:featuredmedia":[{"embeddable":true,"href":"https:\/\/www.webdo.tn\/fr\/wp-json\/wp\/v2\/media\/249143"}],"wp:attachment":[{"href":"https:\/\/www.webdo.tn\/fr\/wp-json\/wp\/v2\/media?parent=209101"}],"wp:term":[{"taxonomy":"category","embeddable":true,"href":"https:\/\/www.webdo.tn\/fr\/wp-json\/wp\/v2\/categories?post=209101"},{"taxonomy":"post_tag","embeddable":true,"href":"https:\/\/www.webdo.tn\/fr\/wp-json\/wp\/v2\/tags?post=209101"}],"curies":[{"name":"wp","href":"https:\/\/api.w.org\/{rel}","templated":true}]}}