{"id":209068,"date":"2023-10-03T12:18:00","date_gmt":"2023-10-03T12:18:00","guid":{"rendered":"https:\/\/www.webdo.tn\/fr\/blog\/report-de-l-examen-de-l-affaire-chaima-issa\/209068\/"},"modified":"2025-05-20T21:57:03","modified_gmt":"2025-05-20T21:57:03","slug":"report-de-l-examen-de-l-affaire-chaima-issa","status":"publish","type":"post","link":"https:\/\/www.webdo.tn\/fr\/actualite\/national\/report-de-l-examen-de-l-affaire-chaima-issa\/209068\/","title":{"rendered":"Report de l\u2019examen de l&rsquo;affaire Cha\u00efma Issa"},"content":{"rendered":"<p>La chambre d&rsquo;accusation aupr\u00e8s du tribunal militaire permanent de premi\u00e8re instance de Tunis a d\u00e9cid\u00e9 de reporter l\u2019examen de l&rsquo;affaire de la membre du Front de salut national, Chaima Issa, au 14 novembre prochain.<\/p>\n<p>\t\t\t\t\t\t\t\t\tChaima Issa a comparu, ce mardi 3 octobre 2023, devant le tribunal militaire en \u00e9tat de libert\u00e9, suite \u00e0 des d\u00e9clarations m\u00e9diatiques.<\/p>\n<p>Chaima Issa avait \u00e9t\u00e9 arr\u00eat\u00e9e, le 22 f\u00e9vrier dernier, en ex\u00e9cution d\u2019un mandat \u00e9mis par le Parquet aupr\u00e8s du P\u00f4le judiciaire antiterroriste. Son interpellation a eu lieu le m\u00eame jour que celle du secr\u00e9taire g\u00e9n\u00e9ral d\u2019Al Joumhouri, Issam Chebbi, \u00e9galement arr\u00eat\u00e9 pour des suspicions de son implication pr\u00e9sum\u00e9e dans \u00ab\u00a0un complot contre la s\u00e9curit\u00e9 de l&rsquo;Etat.<\/p>\n<p>Le juge d\u2019instruction aupr\u00e8s du p\u00f4le antiterroriste a \u00e9mis, le 25 f\u00e9vrier 2023, un mandat de d\u00e9p\u00f4t contre elle en raison de ses d\u00e9clarations, lors d&rsquo;une manifestation organis\u00e9e par le Front national \u00e0 Mnihla.<\/p>\n<p>Chaima Issa avait \u00e9galement comparu, les 19 et 27 janvier dernier, devant la brigade criminelle de la garde nationale de Ben Arous o\u00f9 elle avait \u00e9t\u00e9 interrog\u00e9e pour suspicions de propagation de fausses informations.<\/p>\n","protected":false},"excerpt":{"rendered":"<p>L\u2019examen de l&rsquo;affaire de la membre du Front de salut national, Chaima Issa, est report\u00e9 au 14 novembre prochain<\/p>\n","protected":false},"author":3162,"featured_media":249157,"comment_status":"open","ping_status":"closed","sticky":false,"template":"","format":"standard","meta":{"footnotes":""},"categories":[44],"tags":[6357,3859],"class_list":["post-209068","post","type-post","status-publish","format-standard","has-post-thumbnail","hentry","category-national","tag-chaima-issa","tag-justice-militaire"],"yoast_head":"<!-- This site is optimized with the Yoast SEO Premium plugin v27.5 (Yoast SEO v27.5) - https:\/\/yoast.com\/product\/yoast-seo-premium-wordpress\/ -->\n<title>Report de l\u2019examen de l&#039;affaire Cha\u00efma Issa<\/title>\n<meta name=\"description\" content=\"L\u2019examen de l&#039;affaire de la membre du Front de salut national, Chaima Issa, est report\u00e9 au 14 novembre prochain\" \/>\n<link rel=\"canonical\" href=\"https:\/\/www.webdo.tn\/fr\/actualite\/national\/report-de-l-examen-de-l-affaire-chaima-issa\/209068\/\" \/>\n<meta property=\"og:locale\" content=\"fr_FR\" \/>\n<meta property=\"og:type\" content=\"article\" \/>\n<meta property=\"og:title\" content=\"Report de l\u2019examen de l&#039;affaire Cha\u00efma Issa\" \/>\n<meta property=\"og:description\" content=\"L\u2019examen de l&#039;affaire de la membre du Front de salut national, Chaima Issa, est report\u00e9 au 14 novembre prochain\" \/>\n<meta property=\"og:url\" content=\"https:\/\/www.webdo.tn\/fr\/actualite\/national\/report-de-l-examen-de-l-affaire-chaima-issa\/209068\/\" \/>\n<meta property=\"og:site_name\" content=\"webdo\" \/>\n<meta property=\"article:publisher\" content=\"https:\/\/www.facebook.com\/webdotn\" \/>\n<meta property=\"article:published_time\" content=\"2023-10-03T12:18:00+00:00\" \/>\n<meta property=\"article:modified_time\" content=\"2025-05-20T21:57:03+00:00\" \/>\n<meta property=\"og:image\" content=\"https:\/\/www.webdo.tn\/fr\/wp-content\/uploads\/2023\/10\/ba1327a98e8b6da55e7fb1d47001969b.jpg\" \/>\n\t<meta property=\"og:image:width\" content=\"650\" \/>\n\t<meta property=\"og:image:height\" content=\"347\" \/>\n\t<meta property=\"og:image:type\" content=\"image\/jpeg\" \/>\n<meta name=\"author\" content=\"MC\" \/>\n<meta name=\"twitter:card\" content=\"summary_large_image\" \/>\n<meta name=\"twitter:creator\" content=\"@webdo_tn\" \/>\n<meta name=\"twitter:site\" content=\"@webdo_tn\" \/>\n<meta name=\"twitter:label1\" content=\"\u00c9crit par\" \/>\n\t<meta name=\"twitter:data1\" content=\"MC\" \/>\n\t<meta name=\"twitter:label2\" content=\"Dur\u00e9e de lecture estim\u00e9e\" \/>\n\t<meta name=\"twitter:data2\" content=\"1 minute\" \/>\n<script type=\"application\/ld+json\" class=\"yoast-schema-graph\">{\"@context\":\"https:\\\/\\\/schema.org\",\"@graph\":[{\"@type\":\"NewsArticle\",\"@id\":\"https:\\\/\\\/www.webdo.tn\\\/fr\\\/actualite\\\/national\\\/report-de-l-examen-de-l-affaire-chaima-issa\\\/209068\\\/#article\",\"isPartOf\":{\"@id\":\"https:\\\/\\\/www.webdo.tn\\\/fr\\\/actualite\\\/national\\\/report-de-l-examen-de-l-affaire-chaima-issa\\\/209068\\\/\"},\"author\":{\"name\":\"MC\",\"@id\":\"https:\\\/\\\/www.webdo.tn\\\/fr\\\/#\\\/schema\\\/person\\\/2c4929cbf5a809e3bd38617c6ce150f6\"},\"headline\":\"Report de l\u2019examen de l&rsquo;affaire Cha\u00efma Issa\",\"datePublished\":\"2023-10-03T12:18:00+00:00\",\"dateModified\":\"2025-05-20T21:57:03+00:00\",\"mainEntityOfPage\":{\"@id\":\"https:\\\/\\\/www.webdo.tn\\\/fr\\\/actualite\\\/national\\\/report-de-l-examen-de-l-affaire-chaima-issa\\\/209068\\\/\"},\"wordCount\":215,\"commentCount\":0,\"publisher\":{\"@id\":\"https:\\\/\\\/www.webdo.tn\\\/fr\\\/#organization\"},\"image\":{\"@id\":\"https:\\\/\\\/www.webdo.tn\\\/fr\\\/actualite\\\/national\\\/report-de-l-examen-de-l-affaire-chaima-issa\\\/209068\\\/#primaryimage\"},\"thumbnailUrl\":\"https:\\\/\\\/www.webdo.tn\\\/fr\\\/wp-content\\\/uploads\\\/2023\\\/10\\\/ba1327a98e8b6da55e7fb1d47001969b.jpg\",\"keywords\":[\"Chaima Issa\",\"justice militaire\"],\"articleSection\":[\"National\"],\"inLanguage\":\"fr-FR\"},{\"@type\":\"WebPage\",\"@id\":\"https:\\\/\\\/www.webdo.tn\\\/fr\\\/actualite\\\/national\\\/report-de-l-examen-de-l-affaire-chaima-issa\\\/209068\\\/\",\"url\":\"https:\\\/\\\/www.webdo.tn\\\/fr\\\/actualite\\\/national\\\/report-de-l-examen-de-l-affaire-chaima-issa\\\/209068\\\/\",\"name\":\"Report de l\u2019examen de l'affaire Cha\u00efma Issa\",\"isPartOf\":{\"@id\":\"https:\\\/\\\/www.webdo.tn\\\/fr\\\/#website\"},\"primaryImageOfPage\":{\"@id\":\"https:\\\/\\\/www.webdo.tn\\\/fr\\\/actualite\\\/national\\\/report-de-l-examen-de-l-affaire-chaima-issa\\\/209068\\\/#primaryimage\"},\"image\":{\"@id\":\"https:\\\/\\\/www.webdo.tn\\\/fr\\\/actualite\\\/national\\\/report-de-l-examen-de-l-affaire-chaima-issa\\\/209068\\\/#primaryimage\"},\"thumbnailUrl\":\"https:\\\/\\\/www.webdo.tn\\\/fr\\\/wp-content\\\/uploads\\\/2023\\\/10\\\/ba1327a98e8b6da55e7fb1d47001969b.jpg\",\"datePublished\":\"2023-10-03T12:18:00+00:00\",\"dateModified\":\"2025-05-20T21:57:03+00:00\",\"description\":\"L\u2019examen de l'affaire de la membre du Front de salut national, Chaima Issa, est report\u00e9 au 14 novembre prochain\",\"breadcrumb\":{\"@id\":\"https:\\\/\\\/www.webdo.tn\\\/fr\\\/actualite\\\/national\\\/report-de-l-examen-de-l-affaire-chaima-issa\\\/209068\\\/#breadcrumb\"},\"inLanguage\":\"fr-FR\",\"potentialAction\":[{\"@type\":\"ReadAction\",\"target\":[\"https:\\\/\\\/www.webdo.tn\\\/fr\\\/actualite\\\/national\\\/report-de-l-examen-de-l-affaire-chaima-issa\\\/209068\\\/\"]}]},{\"@type\":\"ImageObject\",\"inLanguage\":\"fr-FR\",\"@id\":\"https:\\\/\\\/www.webdo.tn\\\/fr\\\/actualite\\\/national\\\/report-de-l-examen-de-l-affaire-chaima-issa\\\/209068\\\/#primaryimage\",\"url\":\"https:\\\/\\\/www.webdo.tn\\\/fr\\\/wp-content\\\/uploads\\\/2023\\\/10\\\/ba1327a98e8b6da55e7fb1d47001969b.jpg\",\"contentUrl\":\"https:\\\/\\\/www.webdo.tn\\\/fr\\\/wp-content\\\/uploads\\\/2023\\\/10\\\/ba1327a98e8b6da55e7fb1d47001969b.jpg\",\"width\":650,\"height\":347,\"caption\":\"Report de l\u2019examen de l'affaire Cha\u00efma Issa\"},{\"@type\":\"BreadcrumbList\",\"@id\":\"https:\\\/\\\/www.webdo.tn\\\/fr\\\/actualite\\\/national\\\/report-de-l-examen-de-l-affaire-chaima-issa\\\/209068\\\/#breadcrumb\",\"itemListElement\":[{\"@type\":\"ListItem\",\"position\":1,\"name\":\"Accueil\",\"item\":\"https:\\\/\\\/www.webdo.tn\\\/fr\\\/\"},{\"@type\":\"ListItem\",\"position\":2,\"name\":\"Report de l\u2019examen de l&#8217;affaire Cha\u00efma Issa\"}]},{\"@type\":\"WebSite\",\"@id\":\"https:\\\/\\\/www.webdo.tn\\\/fr\\\/#website\",\"url\":\"https:\\\/\\\/www.webdo.tn\\\/fr\\\/\",\"name\":\"webdo\",\"description\":\"Tunisie - News en Tunisie et \u00e0 l&#039;international sur Webdo.tn\",\"publisher\":{\"@id\":\"https:\\\/\\\/www.webdo.tn\\\/fr\\\/#organization\"},\"potentialAction\":[{\"@type\":\"SearchAction\",\"target\":{\"@type\":\"EntryPoint\",\"urlTemplate\":\"https:\\\/\\\/www.webdo.tn\\\/fr\\\/?s={search_term_string}\"},\"query-input\":{\"@type\":\"PropertyValueSpecification\",\"valueRequired\":true,\"valueName\":\"search_term_string\"}}],\"inLanguage\":\"fr-FR\"},{\"@type\":\"Organization\",\"@id\":\"https:\\\/\\\/www.webdo.tn\\\/fr\\\/#organization\",\"name\":\"Webdo\",\"alternateName\":\"Webdo.tn\",\"url\":\"https:\\\/\\\/www.webdo.tn\\\/fr\\\/\",\"logo\":{\"@type\":\"ImageObject\",\"inLanguage\":\"fr-FR\",\"@id\":\"https:\\\/\\\/www.webdo.tn\\\/fr\\\/#\\\/schema\\\/logo\\\/image\\\/\",\"url\":\"https:\\\/\\\/www.webdo.tn\\\/fr\\\/wp-content\\\/uploads\\\/2025\\\/06\\\/Webdo-Tunisie_168377.jpg\",\"contentUrl\":\"https:\\\/\\\/www.webdo.tn\\\/fr\\\/wp-content\\\/uploads\\\/2025\\\/06\\\/Webdo-Tunisie_168377.jpg\",\"width\":301,\"height\":301,\"caption\":\"Webdo\"},\"image\":{\"@id\":\"https:\\\/\\\/www.webdo.tn\\\/fr\\\/#\\\/schema\\\/logo\\\/image\\\/\"},\"sameAs\":[\"https:\\\/\\\/www.facebook.com\\\/webdotn\",\"https:\\\/\\\/x.com\\\/webdo_tn\"],\"description\":\"Webdo est un m\u00e9dia num\u00e9rique tunisien fond\u00e9 en 2010, sp\u00e9cialis\u00e9 dans l\u2019actualit\u00e9 nationale et internationale, l\u2019\u00e9conomie, la soci\u00e9t\u00e9 et les analyses politiques. Le site s\u2019adresse \u00e0 un large public francophone et couvre l\u2019information tunisienne en temps r\u00e9el.\",\"email\":\"redac@webdo.tn\",\"legalName\":\"YNJ SARL\",\"foundingDate\":\"2010-09-06\",\"numberOfEmployees\":{\"@type\":\"QuantitativeValue\",\"minValue\":\"11\",\"maxValue\":\"50\"}},{\"@type\":\"Person\",\"@id\":\"https:\\\/\\\/www.webdo.tn\\\/fr\\\/#\\\/schema\\\/person\\\/2c4929cbf5a809e3bd38617c6ce150f6\",\"name\":\"MC\",\"image\":{\"@type\":\"ImageObject\",\"inLanguage\":\"fr-FR\",\"@id\":\"https:\\\/\\\/secure.gravatar.com\\\/avatar\\\/a545bbb6f84efdd5553dbbc2895e3ca8f1d12c5215e00a041c9670b54aa9b18a?s=96&d=mm&r=g\",\"url\":\"https:\\\/\\\/secure.gravatar.com\\\/avatar\\\/a545bbb6f84efdd5553dbbc2895e3ca8f1d12c5215e00a041c9670b54aa9b18a?s=96&d=mm&r=g\",\"contentUrl\":\"https:\\\/\\\/secure.gravatar.com\\\/avatar\\\/a545bbb6f84efdd5553dbbc2895e3ca8f1d12c5215e00a041c9670b54aa9b18a?s=96&d=mm&r=g\",\"caption\":\"MC\"},\"url\":\"https:\\\/\\\/www.webdo.tn\\\/fr\\\/actualite\\\/author\\\/mc\\\/\"}]}<\/script>\n<!-- \/ Yoast SEO Premium plugin. -->","yoast_head_json":{"title":"Report de l\u2019examen de l'affaire Cha\u00efma Issa","description":"L\u2019examen de l'affaire de la membre du Front de salut national, Chaima Issa, est report\u00e9 au 14 novembre prochain","canonical":"https:\/\/www.webdo.tn\/fr\/actualite\/national\/report-de-l-examen-de-l-affaire-chaima-issa\/209068\/","og_locale":"fr_FR","og_type":"article","og_title":"Report de l\u2019examen de l'affaire Cha\u00efma Issa","og_description":"L\u2019examen de l'affaire de la membre du Front de salut national, Chaima Issa, est report\u00e9 au 14 novembre prochain","og_url":"https:\/\/www.webdo.tn\/fr\/actualite\/national\/report-de-l-examen-de-l-affaire-chaima-issa\/209068\/","og_site_name":"webdo","article_publisher":"https:\/\/www.facebook.com\/webdotn","article_published_time":"2023-10-03T12:18:00+00:00","article_modified_time":"2025-05-20T21:57:03+00:00","og_image":[{"width":650,"height":347,"url":"https:\/\/www.webdo.tn\/fr\/wp-content\/uploads\/2023\/10\/ba1327a98e8b6da55e7fb1d47001969b.jpg","type":"image\/jpeg"}],"author":"MC","twitter_card":"summary_large_image","twitter_creator":"@webdo_tn","twitter_site":"@webdo_tn","twitter_misc":{"\u00c9crit par":"MC","Dur\u00e9e de lecture estim\u00e9e":"1 minute"},"schema":{"@context":"https:\/\/schema.org","@graph":[{"@type":"NewsArticle","@id":"https:\/\/www.webdo.tn\/fr\/actualite\/national\/report-de-l-examen-de-l-affaire-chaima-issa\/209068\/#article","isPartOf":{"@id":"https:\/\/www.webdo.tn\/fr\/actualite\/national\/report-de-l-examen-de-l-affaire-chaima-issa\/209068\/"},"author":{"name":"MC","@id":"https:\/\/www.webdo.tn\/fr\/#\/schema\/person\/2c4929cbf5a809e3bd38617c6ce150f6"},"headline":"Report de l\u2019examen de l&rsquo;affaire Cha\u00efma Issa","datePublished":"2023-10-03T12:18:00+00:00","dateModified":"2025-05-20T21:57:03+00:00","mainEntityOfPage":{"@id":"https:\/\/www.webdo.tn\/fr\/actualite\/national\/report-de-l-examen-de-l-affaire-chaima-issa\/209068\/"},"wordCount":215,"commentCount":0,"publisher":{"@id":"https:\/\/www.webdo.tn\/fr\/#organization"},"image":{"@id":"https:\/\/www.webdo.tn\/fr\/actualite\/national\/report-de-l-examen-de-l-affaire-chaima-issa\/209068\/#primaryimage"},"thumbnailUrl":"https:\/\/www.webdo.tn\/fr\/wp-content\/uploads\/2023\/10\/ba1327a98e8b6da55e7fb1d47001969b.jpg","keywords":["Chaima Issa","justice militaire"],"articleSection":["National"],"inLanguage":"fr-FR"},{"@type":"WebPage","@id":"https:\/\/www.webdo.tn\/fr\/actualite\/national\/report-de-l-examen-de-l-affaire-chaima-issa\/209068\/","url":"https:\/\/www.webdo.tn\/fr\/actualite\/national\/report-de-l-examen-de-l-affaire-chaima-issa\/209068\/","name":"Report de l\u2019examen de l'affaire Cha\u00efma Issa","isPartOf":{"@id":"https:\/\/www.webdo.tn\/fr\/#website"},"primaryImageOfPage":{"@id":"https:\/\/www.webdo.tn\/fr\/actualite\/national\/report-de-l-examen-de-l-affaire-chaima-issa\/209068\/#primaryimage"},"image":{"@id":"https:\/\/www.webdo.tn\/fr\/actualite\/national\/report-de-l-examen-de-l-affaire-chaima-issa\/209068\/#primaryimage"},"thumbnailUrl":"https:\/\/www.webdo.tn\/fr\/wp-content\/uploads\/2023\/10\/ba1327a98e8b6da55e7fb1d47001969b.jpg","datePublished":"2023-10-03T12:18:00+00:00","dateModified":"2025-05-20T21:57:03+00:00","description":"L\u2019examen de l'affaire de la membre du Front de salut national, Chaima Issa, est report\u00e9 au 14 novembre prochain","breadcrumb":{"@id":"https:\/\/www.webdo.tn\/fr\/actualite\/national\/report-de-l-examen-de-l-affaire-chaima-issa\/209068\/#breadcrumb"},"inLanguage":"fr-FR","potentialAction":[{"@type":"ReadAction","target":["https:\/\/www.webdo.tn\/fr\/actualite\/national\/report-de-l-examen-de-l-affaire-chaima-issa\/209068\/"]}]},{"@type":"ImageObject","inLanguage":"fr-FR","@id":"https:\/\/www.webdo.tn\/fr\/actualite\/national\/report-de-l-examen-de-l-affaire-chaima-issa\/209068\/#primaryimage","url":"https:\/\/www.webdo.tn\/fr\/wp-content\/uploads\/2023\/10\/ba1327a98e8b6da55e7fb1d47001969b.jpg","contentUrl":"https:\/\/www.webdo.tn\/fr\/wp-content\/uploads\/2023\/10\/ba1327a98e8b6da55e7fb1d47001969b.jpg","width":650,"height":347,"caption":"Report de l\u2019examen de l'affaire Cha\u00efma Issa"},{"@type":"BreadcrumbList","@id":"https:\/\/www.webdo.tn\/fr\/actualite\/national\/report-de-l-examen-de-l-affaire-chaima-issa\/209068\/#breadcrumb","itemListElement":[{"@type":"ListItem","position":1,"name":"Accueil","item":"https:\/\/www.webdo.tn\/fr\/"},{"@type":"ListItem","position":2,"name":"Report de l\u2019examen de l&#8217;affaire Cha\u00efma Issa"}]},{"@type":"WebSite","@id":"https:\/\/www.webdo.tn\/fr\/#website","url":"https:\/\/www.webdo.tn\/fr\/","name":"webdo","description":"Tunisie - News en Tunisie et \u00e0 l&#039;international sur Webdo.tn","publisher":{"@id":"https:\/\/www.webdo.tn\/fr\/#organization"},"potentialAction":[{"@type":"SearchAction","target":{"@type":"EntryPoint","urlTemplate":"https:\/\/www.webdo.tn\/fr\/?s={search_term_string}"},"query-input":{"@type":"PropertyValueSpecification","valueRequired":true,"valueName":"search_term_string"}}],"inLanguage":"fr-FR"},{"@type":"Organization","@id":"https:\/\/www.webdo.tn\/fr\/#organization","name":"Webdo","alternateName":"Webdo.tn","url":"https:\/\/www.webdo.tn\/fr\/","logo":{"@type":"ImageObject","inLanguage":"fr-FR","@id":"https:\/\/www.webdo.tn\/fr\/#\/schema\/logo\/image\/","url":"https:\/\/www.webdo.tn\/fr\/wp-content\/uploads\/2025\/06\/Webdo-Tunisie_168377.jpg","contentUrl":"https:\/\/www.webdo.tn\/fr\/wp-content\/uploads\/2025\/06\/Webdo-Tunisie_168377.jpg","width":301,"height":301,"caption":"Webdo"},"image":{"@id":"https:\/\/www.webdo.tn\/fr\/#\/schema\/logo\/image\/"},"sameAs":["https:\/\/www.facebook.com\/webdotn","https:\/\/x.com\/webdo_tn"],"description":"Webdo est un m\u00e9dia num\u00e9rique tunisien fond\u00e9 en 2010, sp\u00e9cialis\u00e9 dans l\u2019actualit\u00e9 nationale et internationale, l\u2019\u00e9conomie, la soci\u00e9t\u00e9 et les analyses politiques. Le site s\u2019adresse \u00e0 un large public francophone et couvre l\u2019information tunisienne en temps r\u00e9el.","email":"redac@webdo.tn","legalName":"YNJ SARL","foundingDate":"2010-09-06","numberOfEmployees":{"@type":"QuantitativeValue","minValue":"11","maxValue":"50"}},{"@type":"Person","@id":"https:\/\/www.webdo.tn\/fr\/#\/schema\/person\/2c4929cbf5a809e3bd38617c6ce150f6","name":"MC","image":{"@type":"ImageObject","inLanguage":"fr-FR","@id":"https:\/\/secure.gravatar.com\/avatar\/a545bbb6f84efdd5553dbbc2895e3ca8f1d12c5215e00a041c9670b54aa9b18a?s=96&d=mm&r=g","url":"https:\/\/secure.gravatar.com\/avatar\/a545bbb6f84efdd5553dbbc2895e3ca8f1d12c5215e00a041c9670b54aa9b18a?s=96&d=mm&r=g","contentUrl":"https:\/\/secure.gravatar.com\/avatar\/a545bbb6f84efdd5553dbbc2895e3ca8f1d12c5215e00a041c9670b54aa9b18a?s=96&d=mm&r=g","caption":"MC"},"url":"https:\/\/www.webdo.tn\/fr\/actualite\/author\/mc\/"}]}},"_links":{"self":[{"href":"https:\/\/www.webdo.tn\/fr\/wp-json\/wp\/v2\/posts\/209068","targetHints":{"allow":["GET"]}}],"collection":[{"href":"https:\/\/www.webdo.tn\/fr\/wp-json\/wp\/v2\/posts"}],"about":[{"href":"https:\/\/www.webdo.tn\/fr\/wp-json\/wp\/v2\/types\/post"}],"author":[{"embeddable":true,"href":"https:\/\/www.webdo.tn\/fr\/wp-json\/wp\/v2\/users\/3162"}],"replies":[{"embeddable":true,"href":"https:\/\/www.webdo.tn\/fr\/wp-json\/wp\/v2\/comments?post=209068"}],"version-history":[{"count":0,"href":"https:\/\/www.webdo.tn\/fr\/wp-json\/wp\/v2\/posts\/209068\/revisions"}],"wp:featuredmedia":[{"embeddable":true,"href":"https:\/\/www.webdo.tn\/fr\/wp-json\/wp\/v2\/media\/249157"}],"wp:attachment":[{"href":"https:\/\/www.webdo.tn\/fr\/wp-json\/wp\/v2\/media?parent=209068"}],"wp:term":[{"taxonomy":"category","embeddable":true,"href":"https:\/\/www.webdo.tn\/fr\/wp-json\/wp\/v2\/categories?post=209068"},{"taxonomy":"post_tag","embeddable":true,"href":"https:\/\/www.webdo.tn\/fr\/wp-json\/wp\/v2\/tags?post=209068"}],"curies":[{"name":"wp","href":"https:\/\/api.w.org\/{rel}","templated":true}]}}