{"id":209049,"date":"2023-10-02T18:08:00","date_gmt":"2023-10-02T18:08:00","guid":{"rendered":"https:\/\/www.webdo.tn\/fr\/blog\/migration-clandestine-a-sfax-un-omda-arrete\/209049\/"},"modified":"2025-05-20T22:51:55","modified_gmt":"2025-05-20T22:51:55","slug":"migration-clandestine-a-sfax-un-omda-arrete","status":"publish","type":"post","link":"https:\/\/www.webdo.tn\/fr\/actualite\/national\/migration-clandestine-a-sfax-un-omda-arrete\/209049\/","title":{"rendered":"Migration clandestine \u00e0 Sfax : Un omda arr\u00eat\u00e9 !"},"content":{"rendered":"<p>Un omda \u00e0 Sfax a \u00e9t\u00e9 arr\u00eat\u00e9 pour soup\u00e7on d&rsquo;implication dans des activit\u00e9s de traite d&rsquo;\u00eatres humains, d&rsquo;aide au passage clandestin de la fronti\u00e8re et soup\u00e7ons de blanchiment d\u2019argent, rapporte Mosa\u00efque FM.<\/p>\n<p>\t\t\t\t\t\t\t\t\tC\u2019est le parquet du Tribunal de premi\u00e8re instance de Sfax 1 qui a autoris\u00e9 les agents de la premi\u00e8re brigade centrale de recherches de la garde nationale \u00e0 El Aouina \u00e0 placer en garde \u00e0 vue ce responsable.\u00a0<\/p>\n<p>Toujours selon la m\u00eame source, le suspect a \u00e9t\u00e9 arr\u00eat\u00e9 lors de la campagne lanc\u00e9e par les unit\u00e9s de s\u00e9curit\u00e9 et les unit\u00e9s de la Garde nationale dans le gouvernorat de Sfax pour contrer la migration clandestine.<\/p>\n","protected":false},"excerpt":{"rendered":"<p>Un omda \u00e0 Sfax a \u00e9t\u00e9 arr\u00eat\u00e9 pour soup\u00e7on d&rsquo;implication dans des activit\u00e9s de traite d&rsquo;\u00eatres humains, d&rsquo;aide au passage clandestin de la fronti\u00e8re et soup\u00e7ons de&#8230;<\/p>\n","protected":false},"author":3175,"featured_media":278751,"comment_status":"open","ping_status":"closed","sticky":false,"template":"","format":"standard","meta":{"footnotes":""},"categories":[44],"tags":[2966,2615,6083,2675],"class_list":["post-209049","post","type-post","status-publish","format-standard","has-post-thumbnail","hentry","category-national","tag-arrestation","tag-migration","tag-omda","tag-sfax"],"yoast_head":"<!-- This site is optimized with the Yoast SEO Premium plugin v27.4 (Yoast SEO v27.4) - https:\/\/yoast.com\/product\/yoast-seo-premium-wordpress\/ -->\n<title>Migration clandestine \u00e0 Sfax : Un omda arr\u00eat\u00e9 !<\/title>\n<meta name=\"description\" content=\"Un omda \u00e0 Sfax a \u00e9t\u00e9 arr\u00eat\u00e9 pour soup\u00e7on d&#039;implication dans des activit\u00e9s de traite d&#039;\u00eatres humains, d&#039;aide au passage clandestin de la fronti\u00e8re et soup\u00e7ons de...\" \/>\n<link rel=\"canonical\" href=\"https:\/\/www.webdo.tn\/fr\/actualite\/national\/migration-clandestine-a-sfax-un-omda-arrete\/209049\/\" \/>\n<meta property=\"og:locale\" content=\"fr_FR\" \/>\n<meta property=\"og:type\" content=\"article\" \/>\n<meta property=\"og:title\" content=\"Migration clandestine \u00e0 Sfax : Un omda arr\u00eat\u00e9 !\" \/>\n<meta property=\"og:description\" content=\"Un omda \u00e0 Sfax a \u00e9t\u00e9 arr\u00eat\u00e9 pour soup\u00e7on d&#039;implication dans des activit\u00e9s de traite d&#039;\u00eatres humains, d&#039;aide au passage clandestin de la fronti\u00e8re et soup\u00e7ons de...\" \/>\n<meta property=\"og:url\" content=\"https:\/\/www.webdo.tn\/fr\/actualite\/national\/migration-clandestine-a-sfax-un-omda-arrete\/209049\/\" \/>\n<meta property=\"og:site_name\" content=\"webdo\" \/>\n<meta property=\"article:publisher\" content=\"https:\/\/www.facebook.com\/webdotn\" \/>\n<meta property=\"article:published_time\" content=\"2023-10-02T18:08:00+00:00\" \/>\n<meta property=\"article:modified_time\" content=\"2025-05-20T22:51:55+00:00\" \/>\n<meta property=\"og:image\" content=\"https:\/\/www.webdo.tn\/fr\/wp-content\/uploads\/2023\/10\/844d7460a16d68ee9424f9322176eeb1.jpg\" \/>\n\t<meta property=\"og:image:width\" content=\"750\" \/>\n\t<meta property=\"og:image:height\" content=\"400\" \/>\n\t<meta property=\"og:image:type\" content=\"image\/jpeg\" \/>\n<meta name=\"author\" content=\"CL\" \/>\n<meta name=\"twitter:card\" content=\"summary_large_image\" \/>\n<meta name=\"twitter:creator\" content=\"@webdo_tn\" \/>\n<meta name=\"twitter:site\" content=\"@webdo_tn\" \/>\n<meta name=\"twitter:label1\" content=\"\u00c9crit par\" \/>\n\t<meta name=\"twitter:data1\" content=\"CL\" \/>\n\t<meta name=\"twitter:label2\" content=\"Dur\u00e9e de lecture estim\u00e9e\" \/>\n\t<meta name=\"twitter:data2\" content=\"1 minute\" \/>\n<script type=\"application\/ld+json\" class=\"yoast-schema-graph\">{\"@context\":\"https:\\\/\\\/schema.org\",\"@graph\":[{\"@type\":\"NewsArticle\",\"@id\":\"https:\\\/\\\/www.webdo.tn\\\/fr\\\/actualite\\\/national\\\/migration-clandestine-a-sfax-un-omda-arrete\\\/209049\\\/#article\",\"isPartOf\":{\"@id\":\"https:\\\/\\\/www.webdo.tn\\\/fr\\\/actualite\\\/national\\\/migration-clandestine-a-sfax-un-omda-arrete\\\/209049\\\/\"},\"author\":{\"name\":\"CL\",\"@id\":\"https:\\\/\\\/www.webdo.tn\\\/fr\\\/#\\\/schema\\\/person\\\/f35b42a42c5e2511bbd282959d6385cc\"},\"headline\":\"Migration clandestine \u00e0 Sfax : Un omda arr\u00eat\u00e9 !\",\"datePublished\":\"2023-10-02T18:08:00+00:00\",\"dateModified\":\"2025-05-20T22:51:55+00:00\",\"mainEntityOfPage\":{\"@id\":\"https:\\\/\\\/www.webdo.tn\\\/fr\\\/actualite\\\/national\\\/migration-clandestine-a-sfax-un-omda-arrete\\\/209049\\\/\"},\"wordCount\":128,\"commentCount\":0,\"publisher\":{\"@id\":\"https:\\\/\\\/www.webdo.tn\\\/fr\\\/#organization\"},\"image\":{\"@id\":\"https:\\\/\\\/www.webdo.tn\\\/fr\\\/actualite\\\/national\\\/migration-clandestine-a-sfax-un-omda-arrete\\\/209049\\\/#primaryimage\"},\"thumbnailUrl\":\"https:\\\/\\\/www.webdo.tn\\\/fr\\\/wp-content\\\/uploads\\\/2023\\\/10\\\/844d7460a16d68ee9424f9322176eeb1.jpg\",\"keywords\":[\"arrestation\",\"Migration\",\"Omda\",\"Sfax\"],\"articleSection\":[\"National\"],\"inLanguage\":\"fr-FR\"},{\"@type\":\"WebPage\",\"@id\":\"https:\\\/\\\/www.webdo.tn\\\/fr\\\/actualite\\\/national\\\/migration-clandestine-a-sfax-un-omda-arrete\\\/209049\\\/\",\"url\":\"https:\\\/\\\/www.webdo.tn\\\/fr\\\/actualite\\\/national\\\/migration-clandestine-a-sfax-un-omda-arrete\\\/209049\\\/\",\"name\":\"Migration clandestine \u00e0 Sfax : Un omda arr\u00eat\u00e9 !\",\"isPartOf\":{\"@id\":\"https:\\\/\\\/www.webdo.tn\\\/fr\\\/#website\"},\"primaryImageOfPage\":{\"@id\":\"https:\\\/\\\/www.webdo.tn\\\/fr\\\/actualite\\\/national\\\/migration-clandestine-a-sfax-un-omda-arrete\\\/209049\\\/#primaryimage\"},\"image\":{\"@id\":\"https:\\\/\\\/www.webdo.tn\\\/fr\\\/actualite\\\/national\\\/migration-clandestine-a-sfax-un-omda-arrete\\\/209049\\\/#primaryimage\"},\"thumbnailUrl\":\"https:\\\/\\\/www.webdo.tn\\\/fr\\\/wp-content\\\/uploads\\\/2023\\\/10\\\/844d7460a16d68ee9424f9322176eeb1.jpg\",\"datePublished\":\"2023-10-02T18:08:00+00:00\",\"dateModified\":\"2025-05-20T22:51:55+00:00\",\"description\":\"Un omda \u00e0 Sfax a \u00e9t\u00e9 arr\u00eat\u00e9 pour soup\u00e7on d'implication dans des activit\u00e9s de traite d'\u00eatres humains, d'aide au passage clandestin de la fronti\u00e8re et soup\u00e7ons de...\",\"breadcrumb\":{\"@id\":\"https:\\\/\\\/www.webdo.tn\\\/fr\\\/actualite\\\/national\\\/migration-clandestine-a-sfax-un-omda-arrete\\\/209049\\\/#breadcrumb\"},\"inLanguage\":\"fr-FR\",\"potentialAction\":[{\"@type\":\"ReadAction\",\"target\":[\"https:\\\/\\\/www.webdo.tn\\\/fr\\\/actualite\\\/national\\\/migration-clandestine-a-sfax-un-omda-arrete\\\/209049\\\/\"]}]},{\"@type\":\"ImageObject\",\"inLanguage\":\"fr-FR\",\"@id\":\"https:\\\/\\\/www.webdo.tn\\\/fr\\\/actualite\\\/national\\\/migration-clandestine-a-sfax-un-omda-arrete\\\/209049\\\/#primaryimage\",\"url\":\"https:\\\/\\\/www.webdo.tn\\\/fr\\\/wp-content\\\/uploads\\\/2023\\\/10\\\/844d7460a16d68ee9424f9322176eeb1.jpg\",\"contentUrl\":\"https:\\\/\\\/www.webdo.tn\\\/fr\\\/wp-content\\\/uploads\\\/2023\\\/10\\\/844d7460a16d68ee9424f9322176eeb1.jpg\",\"width\":750,\"height\":400,\"caption\":\"Migration clandestine \u00e0 Sfax : Un omda arr\u00eat\u00e9 !\"},{\"@type\":\"BreadcrumbList\",\"@id\":\"https:\\\/\\\/www.webdo.tn\\\/fr\\\/actualite\\\/national\\\/migration-clandestine-a-sfax-un-omda-arrete\\\/209049\\\/#breadcrumb\",\"itemListElement\":[{\"@type\":\"ListItem\",\"position\":1,\"name\":\"Accueil\",\"item\":\"https:\\\/\\\/www.webdo.tn\\\/fr\\\/\"},{\"@type\":\"ListItem\",\"position\":2,\"name\":\"Migration clandestine \u00e0 Sfax : Un omda arr\u00eat\u00e9 !\"}]},{\"@type\":\"WebSite\",\"@id\":\"https:\\\/\\\/www.webdo.tn\\\/fr\\\/#website\",\"url\":\"https:\\\/\\\/www.webdo.tn\\\/fr\\\/\",\"name\":\"webdo\",\"description\":\"Tunisie - News en Tunisie et \u00e0 l&#039;international sur Webdo.tn\",\"publisher\":{\"@id\":\"https:\\\/\\\/www.webdo.tn\\\/fr\\\/#organization\"},\"potentialAction\":[{\"@type\":\"SearchAction\",\"target\":{\"@type\":\"EntryPoint\",\"urlTemplate\":\"https:\\\/\\\/www.webdo.tn\\\/fr\\\/?s={search_term_string}\"},\"query-input\":{\"@type\":\"PropertyValueSpecification\",\"valueRequired\":true,\"valueName\":\"search_term_string\"}}],\"inLanguage\":\"fr-FR\"},{\"@type\":\"Organization\",\"@id\":\"https:\\\/\\\/www.webdo.tn\\\/fr\\\/#organization\",\"name\":\"Webdo\",\"alternateName\":\"Webdo.tn\",\"url\":\"https:\\\/\\\/www.webdo.tn\\\/fr\\\/\",\"logo\":{\"@type\":\"ImageObject\",\"inLanguage\":\"fr-FR\",\"@id\":\"https:\\\/\\\/www.webdo.tn\\\/fr\\\/#\\\/schema\\\/logo\\\/image\\\/\",\"url\":\"https:\\\/\\\/www.webdo.tn\\\/fr\\\/wp-content\\\/uploads\\\/2025\\\/06\\\/Webdo-Tunisie_168377.jpg\",\"contentUrl\":\"https:\\\/\\\/www.webdo.tn\\\/fr\\\/wp-content\\\/uploads\\\/2025\\\/06\\\/Webdo-Tunisie_168377.jpg\",\"width\":301,\"height\":301,\"caption\":\"Webdo\"},\"image\":{\"@id\":\"https:\\\/\\\/www.webdo.tn\\\/fr\\\/#\\\/schema\\\/logo\\\/image\\\/\"},\"sameAs\":[\"https:\\\/\\\/www.facebook.com\\\/webdotn\",\"https:\\\/\\\/x.com\\\/webdo_tn\"],\"description\":\"Webdo est un m\u00e9dia num\u00e9rique tunisien fond\u00e9 en 2010, sp\u00e9cialis\u00e9 dans l\u2019actualit\u00e9 nationale et internationale, l\u2019\u00e9conomie, la soci\u00e9t\u00e9 et les analyses politiques. Le site s\u2019adresse \u00e0 un large public francophone et couvre l\u2019information tunisienne en temps r\u00e9el.\",\"email\":\"redac@webdo.tn\",\"legalName\":\"YNJ SARL\",\"foundingDate\":\"2010-09-06\",\"numberOfEmployees\":{\"@type\":\"QuantitativeValue\",\"minValue\":\"11\",\"maxValue\":\"50\"}},{\"@type\":\"Person\",\"@id\":\"https:\\\/\\\/www.webdo.tn\\\/fr\\\/#\\\/schema\\\/person\\\/f35b42a42c5e2511bbd282959d6385cc\",\"name\":\"CL\",\"image\":{\"@type\":\"ImageObject\",\"inLanguage\":\"fr-FR\",\"@id\":\"https:\\\/\\\/secure.gravatar.com\\\/avatar\\\/1447a49909b67aa657c488aec6512e1dd6143a480c1ecfee9b5b5cd74eb3b59e?s=96&d=mm&r=g\",\"url\":\"https:\\\/\\\/secure.gravatar.com\\\/avatar\\\/1447a49909b67aa657c488aec6512e1dd6143a480c1ecfee9b5b5cd74eb3b59e?s=96&d=mm&r=g\",\"contentUrl\":\"https:\\\/\\\/secure.gravatar.com\\\/avatar\\\/1447a49909b67aa657c488aec6512e1dd6143a480c1ecfee9b5b5cd74eb3b59e?s=96&d=mm&r=g\",\"caption\":\"CL\"},\"url\":\"https:\\\/\\\/www.webdo.tn\\\/fr\\\/actualite\\\/author\\\/cl\\\/\"}]}<\/script>\n<!-- \/ Yoast SEO Premium plugin. -->","yoast_head_json":{"title":"Migration clandestine \u00e0 Sfax : Un omda arr\u00eat\u00e9 !","description":"Un omda \u00e0 Sfax a \u00e9t\u00e9 arr\u00eat\u00e9 pour soup\u00e7on d'implication dans des activit\u00e9s de traite d'\u00eatres humains, d'aide au passage clandestin de la fronti\u00e8re et soup\u00e7ons de...","canonical":"https:\/\/www.webdo.tn\/fr\/actualite\/national\/migration-clandestine-a-sfax-un-omda-arrete\/209049\/","og_locale":"fr_FR","og_type":"article","og_title":"Migration clandestine \u00e0 Sfax : Un omda arr\u00eat\u00e9 !","og_description":"Un omda \u00e0 Sfax a \u00e9t\u00e9 arr\u00eat\u00e9 pour soup\u00e7on d'implication dans des activit\u00e9s de traite d'\u00eatres humains, d'aide au passage clandestin de la fronti\u00e8re et soup\u00e7ons de...","og_url":"https:\/\/www.webdo.tn\/fr\/actualite\/national\/migration-clandestine-a-sfax-un-omda-arrete\/209049\/","og_site_name":"webdo","article_publisher":"https:\/\/www.facebook.com\/webdotn","article_published_time":"2023-10-02T18:08:00+00:00","article_modified_time":"2025-05-20T22:51:55+00:00","og_image":[{"width":750,"height":400,"url":"https:\/\/www.webdo.tn\/fr\/wp-content\/uploads\/2023\/10\/844d7460a16d68ee9424f9322176eeb1.jpg","type":"image\/jpeg"}],"author":"CL","twitter_card":"summary_large_image","twitter_creator":"@webdo_tn","twitter_site":"@webdo_tn","twitter_misc":{"\u00c9crit par":"CL","Dur\u00e9e de lecture estim\u00e9e":"1 minute"},"schema":{"@context":"https:\/\/schema.org","@graph":[{"@type":"NewsArticle","@id":"https:\/\/www.webdo.tn\/fr\/actualite\/national\/migration-clandestine-a-sfax-un-omda-arrete\/209049\/#article","isPartOf":{"@id":"https:\/\/www.webdo.tn\/fr\/actualite\/national\/migration-clandestine-a-sfax-un-omda-arrete\/209049\/"},"author":{"name":"CL","@id":"https:\/\/www.webdo.tn\/fr\/#\/schema\/person\/f35b42a42c5e2511bbd282959d6385cc"},"headline":"Migration clandestine \u00e0 Sfax : Un omda arr\u00eat\u00e9 !","datePublished":"2023-10-02T18:08:00+00:00","dateModified":"2025-05-20T22:51:55+00:00","mainEntityOfPage":{"@id":"https:\/\/www.webdo.tn\/fr\/actualite\/national\/migration-clandestine-a-sfax-un-omda-arrete\/209049\/"},"wordCount":128,"commentCount":0,"publisher":{"@id":"https:\/\/www.webdo.tn\/fr\/#organization"},"image":{"@id":"https:\/\/www.webdo.tn\/fr\/actualite\/national\/migration-clandestine-a-sfax-un-omda-arrete\/209049\/#primaryimage"},"thumbnailUrl":"https:\/\/www.webdo.tn\/fr\/wp-content\/uploads\/2023\/10\/844d7460a16d68ee9424f9322176eeb1.jpg","keywords":["arrestation","Migration","Omda","Sfax"],"articleSection":["National"],"inLanguage":"fr-FR"},{"@type":"WebPage","@id":"https:\/\/www.webdo.tn\/fr\/actualite\/national\/migration-clandestine-a-sfax-un-omda-arrete\/209049\/","url":"https:\/\/www.webdo.tn\/fr\/actualite\/national\/migration-clandestine-a-sfax-un-omda-arrete\/209049\/","name":"Migration clandestine \u00e0 Sfax : Un omda arr\u00eat\u00e9 !","isPartOf":{"@id":"https:\/\/www.webdo.tn\/fr\/#website"},"primaryImageOfPage":{"@id":"https:\/\/www.webdo.tn\/fr\/actualite\/national\/migration-clandestine-a-sfax-un-omda-arrete\/209049\/#primaryimage"},"image":{"@id":"https:\/\/www.webdo.tn\/fr\/actualite\/national\/migration-clandestine-a-sfax-un-omda-arrete\/209049\/#primaryimage"},"thumbnailUrl":"https:\/\/www.webdo.tn\/fr\/wp-content\/uploads\/2023\/10\/844d7460a16d68ee9424f9322176eeb1.jpg","datePublished":"2023-10-02T18:08:00+00:00","dateModified":"2025-05-20T22:51:55+00:00","description":"Un omda \u00e0 Sfax a \u00e9t\u00e9 arr\u00eat\u00e9 pour soup\u00e7on d'implication dans des activit\u00e9s de traite d'\u00eatres humains, d'aide au passage clandestin de la fronti\u00e8re et soup\u00e7ons de...","breadcrumb":{"@id":"https:\/\/www.webdo.tn\/fr\/actualite\/national\/migration-clandestine-a-sfax-un-omda-arrete\/209049\/#breadcrumb"},"inLanguage":"fr-FR","potentialAction":[{"@type":"ReadAction","target":["https:\/\/www.webdo.tn\/fr\/actualite\/national\/migration-clandestine-a-sfax-un-omda-arrete\/209049\/"]}]},{"@type":"ImageObject","inLanguage":"fr-FR","@id":"https:\/\/www.webdo.tn\/fr\/actualite\/national\/migration-clandestine-a-sfax-un-omda-arrete\/209049\/#primaryimage","url":"https:\/\/www.webdo.tn\/fr\/wp-content\/uploads\/2023\/10\/844d7460a16d68ee9424f9322176eeb1.jpg","contentUrl":"https:\/\/www.webdo.tn\/fr\/wp-content\/uploads\/2023\/10\/844d7460a16d68ee9424f9322176eeb1.jpg","width":750,"height":400,"caption":"Migration clandestine \u00e0 Sfax : Un omda arr\u00eat\u00e9 !"},{"@type":"BreadcrumbList","@id":"https:\/\/www.webdo.tn\/fr\/actualite\/national\/migration-clandestine-a-sfax-un-omda-arrete\/209049\/#breadcrumb","itemListElement":[{"@type":"ListItem","position":1,"name":"Accueil","item":"https:\/\/www.webdo.tn\/fr\/"},{"@type":"ListItem","position":2,"name":"Migration clandestine \u00e0 Sfax : Un omda arr\u00eat\u00e9 !"}]},{"@type":"WebSite","@id":"https:\/\/www.webdo.tn\/fr\/#website","url":"https:\/\/www.webdo.tn\/fr\/","name":"webdo","description":"Tunisie - News en Tunisie et \u00e0 l&#039;international sur Webdo.tn","publisher":{"@id":"https:\/\/www.webdo.tn\/fr\/#organization"},"potentialAction":[{"@type":"SearchAction","target":{"@type":"EntryPoint","urlTemplate":"https:\/\/www.webdo.tn\/fr\/?s={search_term_string}"},"query-input":{"@type":"PropertyValueSpecification","valueRequired":true,"valueName":"search_term_string"}}],"inLanguage":"fr-FR"},{"@type":"Organization","@id":"https:\/\/www.webdo.tn\/fr\/#organization","name":"Webdo","alternateName":"Webdo.tn","url":"https:\/\/www.webdo.tn\/fr\/","logo":{"@type":"ImageObject","inLanguage":"fr-FR","@id":"https:\/\/www.webdo.tn\/fr\/#\/schema\/logo\/image\/","url":"https:\/\/www.webdo.tn\/fr\/wp-content\/uploads\/2025\/06\/Webdo-Tunisie_168377.jpg","contentUrl":"https:\/\/www.webdo.tn\/fr\/wp-content\/uploads\/2025\/06\/Webdo-Tunisie_168377.jpg","width":301,"height":301,"caption":"Webdo"},"image":{"@id":"https:\/\/www.webdo.tn\/fr\/#\/schema\/logo\/image\/"},"sameAs":["https:\/\/www.facebook.com\/webdotn","https:\/\/x.com\/webdo_tn"],"description":"Webdo est un m\u00e9dia num\u00e9rique tunisien fond\u00e9 en 2010, sp\u00e9cialis\u00e9 dans l\u2019actualit\u00e9 nationale et internationale, l\u2019\u00e9conomie, la soci\u00e9t\u00e9 et les analyses politiques. Le site s\u2019adresse \u00e0 un large public francophone et couvre l\u2019information tunisienne en temps r\u00e9el.","email":"redac@webdo.tn","legalName":"YNJ SARL","foundingDate":"2010-09-06","numberOfEmployees":{"@type":"QuantitativeValue","minValue":"11","maxValue":"50"}},{"@type":"Person","@id":"https:\/\/www.webdo.tn\/fr\/#\/schema\/person\/f35b42a42c5e2511bbd282959d6385cc","name":"CL","image":{"@type":"ImageObject","inLanguage":"fr-FR","@id":"https:\/\/secure.gravatar.com\/avatar\/1447a49909b67aa657c488aec6512e1dd6143a480c1ecfee9b5b5cd74eb3b59e?s=96&d=mm&r=g","url":"https:\/\/secure.gravatar.com\/avatar\/1447a49909b67aa657c488aec6512e1dd6143a480c1ecfee9b5b5cd74eb3b59e?s=96&d=mm&r=g","contentUrl":"https:\/\/secure.gravatar.com\/avatar\/1447a49909b67aa657c488aec6512e1dd6143a480c1ecfee9b5b5cd74eb3b59e?s=96&d=mm&r=g","caption":"CL"},"url":"https:\/\/www.webdo.tn\/fr\/actualite\/author\/cl\/"}]}},"_links":{"self":[{"href":"https:\/\/www.webdo.tn\/fr\/wp-json\/wp\/v2\/posts\/209049","targetHints":{"allow":["GET"]}}],"collection":[{"href":"https:\/\/www.webdo.tn\/fr\/wp-json\/wp\/v2\/posts"}],"about":[{"href":"https:\/\/www.webdo.tn\/fr\/wp-json\/wp\/v2\/types\/post"}],"author":[{"embeddable":true,"href":"https:\/\/www.webdo.tn\/fr\/wp-json\/wp\/v2\/users\/3175"}],"replies":[{"embeddable":true,"href":"https:\/\/www.webdo.tn\/fr\/wp-json\/wp\/v2\/comments?post=209049"}],"version-history":[{"count":0,"href":"https:\/\/www.webdo.tn\/fr\/wp-json\/wp\/v2\/posts\/209049\/revisions"}],"wp:featuredmedia":[{"embeddable":true,"href":"https:\/\/www.webdo.tn\/fr\/wp-json\/wp\/v2\/media\/278751"}],"wp:attachment":[{"href":"https:\/\/www.webdo.tn\/fr\/wp-json\/wp\/v2\/media?parent=209049"}],"wp:term":[{"taxonomy":"category","embeddable":true,"href":"https:\/\/www.webdo.tn\/fr\/wp-json\/wp\/v2\/categories?post=209049"},{"taxonomy":"post_tag","embeddable":true,"href":"https:\/\/www.webdo.tn\/fr\/wp-json\/wp\/v2\/tags?post=209049"}],"curies":[{"name":"wp","href":"https:\/\/api.w.org\/{rel}","templated":true}]}}