{"id":209031,"date":"2023-10-01T12:39:00","date_gmt":"2023-10-01T12:39:00","guid":{"rendered":"https:\/\/www.webdo.tn\/fr\/blog\/ahmed-hachani-en-visite-officielle-en-algerie\/209031\/"},"modified":"2025-05-20T22:40:40","modified_gmt":"2025-05-20T22:40:40","slug":"ahmed-hachani-en-visite-officielle-en-algerie","status":"publish","type":"post","link":"https:\/\/www.webdo.tn\/fr\/actualite\/national\/ahmed-hachani-en-visite-officielle-en-algerie\/209031\/","title":{"rendered":"Ahmed Hachani en visite officielle en Alg\u00e9rie"},"content":{"rendered":"<p>Le chef du gouvernement Ahmed Hachani effectuera une visite officielle en Alg\u00e9rie le mercredi 4 octobre prochain, marquant ainsi sa premi\u00e8re visite officielle \u00e0 l&rsquo;\u00e9tranger depuis sa nomination en ao\u00fbt dernier par le pr\u00e9sident de la R\u00e9publique, Ka\u00efs Sa\u00efed.<\/p>\n<p>\t\t\t\t\t\t\t\t\tLors de cette visite, le chef du gouvernement pr\u00e9sidera la 22e session de la Commission mixte tuniso-alg\u00e9rienne, qui s&rsquo;\u00e9tend sur deux jours, aux c\u00f4t\u00e9s de son homologue alg\u00e9rien, Aymen Abdelrahman.<\/p>\n<p>Il est pr\u00e9vu \u00e9galement\u00a0que des projets d&rsquo;investissement communs soient annonc\u00e9s \u00e0 l&rsquo;issue de cette commission, ainsi que la signature d&rsquo;accords bilat\u00e9raux dans divers domaines, notamment le commerce, les douanes, l&rsquo;industrie, l&rsquo;\u00e9nergie, le tourisme, les affaires sociales, et \u00e9galement dans le domaine de la coop\u00e9ration s\u00e9curitaire et militaire, ainsi que dans les domaines du transport, de l&rsquo;infrastructure, de l&rsquo;\u00e9quipement, de la formation, et de l&rsquo;enseignement sup\u00e9rieur.<\/p>\n","protected":false},"excerpt":{"rendered":"<p>Le chef du gouvernement Ahmed Hachani effectuera une visite officielle en Alg\u00e9rie le mercredi 4 octobre prochain, marquant ainsi sa premi\u00e8re visite officielle \u00e0&#8230;<\/p>\n","protected":false},"author":3175,"featured_media":249168,"comment_status":"open","ping_status":"closed","sticky":false,"template":"","format":"standard","meta":{"footnotes":""},"categories":[44],"tags":[5951,2907,2608,4154],"class_list":["post-209031","post","type-post","status-publish","format-standard","has-post-thumbnail","hentry","category-national","tag-ahmed-hachani","tag-algerie","tag-tunisie","tag-visite"],"yoast_head":"<!-- This site is optimized with the Yoast SEO Premium plugin v27.5 (Yoast SEO v27.5) - https:\/\/yoast.com\/product\/yoast-seo-premium-wordpress\/ -->\n<title>Ahmed Hachani en visite officielle en Alg\u00e9rie<\/title>\n<meta name=\"description\" content=\"Le chef du gouvernement Ahmed Hachani effectuera une visite officielle en Alg\u00e9rie le mercredi 4 octobre prochain, marquant ainsi sa premi\u00e8re visite officielle \u00e0...\" \/>\n<link rel=\"canonical\" href=\"https:\/\/www.webdo.tn\/fr\/actualite\/national\/ahmed-hachani-en-visite-officielle-en-algerie\/209031\/\" \/>\n<meta property=\"og:locale\" content=\"fr_FR\" \/>\n<meta property=\"og:type\" content=\"article\" \/>\n<meta property=\"og:title\" content=\"Ahmed Hachani en visite officielle en Alg\u00e9rie\" \/>\n<meta property=\"og:description\" content=\"Le chef du gouvernement Ahmed Hachani effectuera une visite officielle en Alg\u00e9rie le mercredi 4 octobre prochain, marquant ainsi sa premi\u00e8re visite officielle \u00e0...\" \/>\n<meta property=\"og:url\" content=\"https:\/\/www.webdo.tn\/fr\/actualite\/national\/ahmed-hachani-en-visite-officielle-en-algerie\/209031\/\" \/>\n<meta property=\"og:site_name\" content=\"webdo\" \/>\n<meta property=\"article:publisher\" content=\"https:\/\/www.facebook.com\/webdotn\" \/>\n<meta property=\"article:published_time\" content=\"2023-10-01T12:39:00+00:00\" \/>\n<meta property=\"article:modified_time\" content=\"2025-05-20T22:40:40+00:00\" \/>\n<meta property=\"og:image\" content=\"https:\/\/www.webdo.tn\/fr\/wp-content\/uploads\/2023\/10\/c2066742ff2361e70c02f4fbdc3aa898.jpg\" \/>\n\t<meta property=\"og:image:width\" content=\"750\" \/>\n\t<meta property=\"og:image:height\" content=\"400\" \/>\n\t<meta property=\"og:image:type\" content=\"image\/jpeg\" \/>\n<meta name=\"author\" content=\"CL\" \/>\n<meta name=\"twitter:card\" content=\"summary_large_image\" \/>\n<meta name=\"twitter:creator\" content=\"@webdo_tn\" \/>\n<meta name=\"twitter:site\" content=\"@webdo_tn\" \/>\n<meta name=\"twitter:label1\" content=\"\u00c9crit par\" \/>\n\t<meta name=\"twitter:data1\" content=\"CL\" \/>\n\t<meta name=\"twitter:label2\" content=\"Dur\u00e9e de lecture estim\u00e9e\" \/>\n\t<meta name=\"twitter:data2\" content=\"1 minute\" \/>\n<script type=\"application\/ld+json\" class=\"yoast-schema-graph\">{\"@context\":\"https:\\\/\\\/schema.org\",\"@graph\":[{\"@type\":\"NewsArticle\",\"@id\":\"https:\\\/\\\/www.webdo.tn\\\/fr\\\/actualite\\\/national\\\/ahmed-hachani-en-visite-officielle-en-algerie\\\/209031\\\/#article\",\"isPartOf\":{\"@id\":\"https:\\\/\\\/www.webdo.tn\\\/fr\\\/actualite\\\/national\\\/ahmed-hachani-en-visite-officielle-en-algerie\\\/209031\\\/\"},\"author\":{\"name\":\"CL\",\"@id\":\"https:\\\/\\\/www.webdo.tn\\\/fr\\\/#\\\/schema\\\/person\\\/f35b42a42c5e2511bbd282959d6385cc\"},\"headline\":\"Ahmed Hachani en visite officielle en Alg\u00e9rie\",\"datePublished\":\"2023-10-01T12:39:00+00:00\",\"dateModified\":\"2025-05-20T22:40:40+00:00\",\"mainEntityOfPage\":{\"@id\":\"https:\\\/\\\/www.webdo.tn\\\/fr\\\/actualite\\\/national\\\/ahmed-hachani-en-visite-officielle-en-algerie\\\/209031\\\/\"},\"wordCount\":168,\"commentCount\":0,\"publisher\":{\"@id\":\"https:\\\/\\\/www.webdo.tn\\\/fr\\\/#organization\"},\"image\":{\"@id\":\"https:\\\/\\\/www.webdo.tn\\\/fr\\\/actualite\\\/national\\\/ahmed-hachani-en-visite-officielle-en-algerie\\\/209031\\\/#primaryimage\"},\"thumbnailUrl\":\"https:\\\/\\\/www.webdo.tn\\\/fr\\\/wp-content\\\/uploads\\\/2023\\\/10\\\/c2066742ff2361e70c02f4fbdc3aa898.jpg\",\"keywords\":[\"ahmed hachani\",\"Alg\u00e9rie\",\"Tunisie\",\"visite\"],\"articleSection\":[\"National\"],\"inLanguage\":\"fr-FR\"},{\"@type\":\"WebPage\",\"@id\":\"https:\\\/\\\/www.webdo.tn\\\/fr\\\/actualite\\\/national\\\/ahmed-hachani-en-visite-officielle-en-algerie\\\/209031\\\/\",\"url\":\"https:\\\/\\\/www.webdo.tn\\\/fr\\\/actualite\\\/national\\\/ahmed-hachani-en-visite-officielle-en-algerie\\\/209031\\\/\",\"name\":\"Ahmed Hachani en visite officielle en Alg\u00e9rie\",\"isPartOf\":{\"@id\":\"https:\\\/\\\/www.webdo.tn\\\/fr\\\/#website\"},\"primaryImageOfPage\":{\"@id\":\"https:\\\/\\\/www.webdo.tn\\\/fr\\\/actualite\\\/national\\\/ahmed-hachani-en-visite-officielle-en-algerie\\\/209031\\\/#primaryimage\"},\"image\":{\"@id\":\"https:\\\/\\\/www.webdo.tn\\\/fr\\\/actualite\\\/national\\\/ahmed-hachani-en-visite-officielle-en-algerie\\\/209031\\\/#primaryimage\"},\"thumbnailUrl\":\"https:\\\/\\\/www.webdo.tn\\\/fr\\\/wp-content\\\/uploads\\\/2023\\\/10\\\/c2066742ff2361e70c02f4fbdc3aa898.jpg\",\"datePublished\":\"2023-10-01T12:39:00+00:00\",\"dateModified\":\"2025-05-20T22:40:40+00:00\",\"description\":\"Le chef du gouvernement Ahmed Hachani effectuera une visite officielle en Alg\u00e9rie le mercredi 4 octobre prochain, marquant ainsi sa premi\u00e8re visite officielle \u00e0...\",\"breadcrumb\":{\"@id\":\"https:\\\/\\\/www.webdo.tn\\\/fr\\\/actualite\\\/national\\\/ahmed-hachani-en-visite-officielle-en-algerie\\\/209031\\\/#breadcrumb\"},\"inLanguage\":\"fr-FR\",\"potentialAction\":[{\"@type\":\"ReadAction\",\"target\":[\"https:\\\/\\\/www.webdo.tn\\\/fr\\\/actualite\\\/national\\\/ahmed-hachani-en-visite-officielle-en-algerie\\\/209031\\\/\"]}]},{\"@type\":\"ImageObject\",\"inLanguage\":\"fr-FR\",\"@id\":\"https:\\\/\\\/www.webdo.tn\\\/fr\\\/actualite\\\/national\\\/ahmed-hachani-en-visite-officielle-en-algerie\\\/209031\\\/#primaryimage\",\"url\":\"https:\\\/\\\/www.webdo.tn\\\/fr\\\/wp-content\\\/uploads\\\/2023\\\/10\\\/c2066742ff2361e70c02f4fbdc3aa898.jpg\",\"contentUrl\":\"https:\\\/\\\/www.webdo.tn\\\/fr\\\/wp-content\\\/uploads\\\/2023\\\/10\\\/c2066742ff2361e70c02f4fbdc3aa898.jpg\",\"width\":750,\"height\":400,\"caption\":\"Ahmed Hachani en visite officielle en Alg\u00e9rie\"},{\"@type\":\"BreadcrumbList\",\"@id\":\"https:\\\/\\\/www.webdo.tn\\\/fr\\\/actualite\\\/national\\\/ahmed-hachani-en-visite-officielle-en-algerie\\\/209031\\\/#breadcrumb\",\"itemListElement\":[{\"@type\":\"ListItem\",\"position\":1,\"name\":\"Accueil\",\"item\":\"https:\\\/\\\/www.webdo.tn\\\/fr\\\/\"},{\"@type\":\"ListItem\",\"position\":2,\"name\":\"Ahmed Hachani en visite officielle en Alg\u00e9rie\"}]},{\"@type\":\"WebSite\",\"@id\":\"https:\\\/\\\/www.webdo.tn\\\/fr\\\/#website\",\"url\":\"https:\\\/\\\/www.webdo.tn\\\/fr\\\/\",\"name\":\"webdo\",\"description\":\"Tunisie - News en Tunisie et \u00e0 l&#039;international sur Webdo.tn\",\"publisher\":{\"@id\":\"https:\\\/\\\/www.webdo.tn\\\/fr\\\/#organization\"},\"potentialAction\":[{\"@type\":\"SearchAction\",\"target\":{\"@type\":\"EntryPoint\",\"urlTemplate\":\"https:\\\/\\\/www.webdo.tn\\\/fr\\\/?s={search_term_string}\"},\"query-input\":{\"@type\":\"PropertyValueSpecification\",\"valueRequired\":true,\"valueName\":\"search_term_string\"}}],\"inLanguage\":\"fr-FR\"},{\"@type\":\"Organization\",\"@id\":\"https:\\\/\\\/www.webdo.tn\\\/fr\\\/#organization\",\"name\":\"Webdo\",\"alternateName\":\"Webdo.tn\",\"url\":\"https:\\\/\\\/www.webdo.tn\\\/fr\\\/\",\"logo\":{\"@type\":\"ImageObject\",\"inLanguage\":\"fr-FR\",\"@id\":\"https:\\\/\\\/www.webdo.tn\\\/fr\\\/#\\\/schema\\\/logo\\\/image\\\/\",\"url\":\"https:\\\/\\\/www.webdo.tn\\\/fr\\\/wp-content\\\/uploads\\\/2025\\\/06\\\/Webdo-Tunisie_168377.jpg\",\"contentUrl\":\"https:\\\/\\\/www.webdo.tn\\\/fr\\\/wp-content\\\/uploads\\\/2025\\\/06\\\/Webdo-Tunisie_168377.jpg\",\"width\":301,\"height\":301,\"caption\":\"Webdo\"},\"image\":{\"@id\":\"https:\\\/\\\/www.webdo.tn\\\/fr\\\/#\\\/schema\\\/logo\\\/image\\\/\"},\"sameAs\":[\"https:\\\/\\\/www.facebook.com\\\/webdotn\",\"https:\\\/\\\/x.com\\\/webdo_tn\"],\"description\":\"Webdo est un m\u00e9dia num\u00e9rique tunisien fond\u00e9 en 2010, sp\u00e9cialis\u00e9 dans l\u2019actualit\u00e9 nationale et internationale, l\u2019\u00e9conomie, la soci\u00e9t\u00e9 et les analyses politiques. Le site s\u2019adresse \u00e0 un large public francophone et couvre l\u2019information tunisienne en temps r\u00e9el.\",\"email\":\"redac@webdo.tn\",\"legalName\":\"YNJ SARL\",\"foundingDate\":\"2010-09-06\",\"numberOfEmployees\":{\"@type\":\"QuantitativeValue\",\"minValue\":\"11\",\"maxValue\":\"50\"}},{\"@type\":\"Person\",\"@id\":\"https:\\\/\\\/www.webdo.tn\\\/fr\\\/#\\\/schema\\\/person\\\/f35b42a42c5e2511bbd282959d6385cc\",\"name\":\"CL\",\"image\":{\"@type\":\"ImageObject\",\"inLanguage\":\"fr-FR\",\"@id\":\"https:\\\/\\\/secure.gravatar.com\\\/avatar\\\/1447a49909b67aa657c488aec6512e1dd6143a480c1ecfee9b5b5cd74eb3b59e?s=96&d=mm&r=g\",\"url\":\"https:\\\/\\\/secure.gravatar.com\\\/avatar\\\/1447a49909b67aa657c488aec6512e1dd6143a480c1ecfee9b5b5cd74eb3b59e?s=96&d=mm&r=g\",\"contentUrl\":\"https:\\\/\\\/secure.gravatar.com\\\/avatar\\\/1447a49909b67aa657c488aec6512e1dd6143a480c1ecfee9b5b5cd74eb3b59e?s=96&d=mm&r=g\",\"caption\":\"CL\"},\"url\":\"https:\\\/\\\/www.webdo.tn\\\/fr\\\/actualite\\\/author\\\/cl\\\/\"}]}<\/script>\n<!-- \/ Yoast SEO Premium plugin. -->","yoast_head_json":{"title":"Ahmed Hachani en visite officielle en Alg\u00e9rie","description":"Le chef du gouvernement Ahmed Hachani effectuera une visite officielle en Alg\u00e9rie le mercredi 4 octobre prochain, marquant ainsi sa premi\u00e8re visite officielle \u00e0...","canonical":"https:\/\/www.webdo.tn\/fr\/actualite\/national\/ahmed-hachani-en-visite-officielle-en-algerie\/209031\/","og_locale":"fr_FR","og_type":"article","og_title":"Ahmed Hachani en visite officielle en Alg\u00e9rie","og_description":"Le chef du gouvernement Ahmed Hachani effectuera une visite officielle en Alg\u00e9rie le mercredi 4 octobre prochain, marquant ainsi sa premi\u00e8re visite officielle \u00e0...","og_url":"https:\/\/www.webdo.tn\/fr\/actualite\/national\/ahmed-hachani-en-visite-officielle-en-algerie\/209031\/","og_site_name":"webdo","article_publisher":"https:\/\/www.facebook.com\/webdotn","article_published_time":"2023-10-01T12:39:00+00:00","article_modified_time":"2025-05-20T22:40:40+00:00","og_image":[{"width":750,"height":400,"url":"https:\/\/www.webdo.tn\/fr\/wp-content\/uploads\/2023\/10\/c2066742ff2361e70c02f4fbdc3aa898.jpg","type":"image\/jpeg"}],"author":"CL","twitter_card":"summary_large_image","twitter_creator":"@webdo_tn","twitter_site":"@webdo_tn","twitter_misc":{"\u00c9crit par":"CL","Dur\u00e9e de lecture estim\u00e9e":"1 minute"},"schema":{"@context":"https:\/\/schema.org","@graph":[{"@type":"NewsArticle","@id":"https:\/\/www.webdo.tn\/fr\/actualite\/national\/ahmed-hachani-en-visite-officielle-en-algerie\/209031\/#article","isPartOf":{"@id":"https:\/\/www.webdo.tn\/fr\/actualite\/national\/ahmed-hachani-en-visite-officielle-en-algerie\/209031\/"},"author":{"name":"CL","@id":"https:\/\/www.webdo.tn\/fr\/#\/schema\/person\/f35b42a42c5e2511bbd282959d6385cc"},"headline":"Ahmed Hachani en visite officielle en Alg\u00e9rie","datePublished":"2023-10-01T12:39:00+00:00","dateModified":"2025-05-20T22:40:40+00:00","mainEntityOfPage":{"@id":"https:\/\/www.webdo.tn\/fr\/actualite\/national\/ahmed-hachani-en-visite-officielle-en-algerie\/209031\/"},"wordCount":168,"commentCount":0,"publisher":{"@id":"https:\/\/www.webdo.tn\/fr\/#organization"},"image":{"@id":"https:\/\/www.webdo.tn\/fr\/actualite\/national\/ahmed-hachani-en-visite-officielle-en-algerie\/209031\/#primaryimage"},"thumbnailUrl":"https:\/\/www.webdo.tn\/fr\/wp-content\/uploads\/2023\/10\/c2066742ff2361e70c02f4fbdc3aa898.jpg","keywords":["ahmed hachani","Alg\u00e9rie","Tunisie","visite"],"articleSection":["National"],"inLanguage":"fr-FR"},{"@type":"WebPage","@id":"https:\/\/www.webdo.tn\/fr\/actualite\/national\/ahmed-hachani-en-visite-officielle-en-algerie\/209031\/","url":"https:\/\/www.webdo.tn\/fr\/actualite\/national\/ahmed-hachani-en-visite-officielle-en-algerie\/209031\/","name":"Ahmed Hachani en visite officielle en Alg\u00e9rie","isPartOf":{"@id":"https:\/\/www.webdo.tn\/fr\/#website"},"primaryImageOfPage":{"@id":"https:\/\/www.webdo.tn\/fr\/actualite\/national\/ahmed-hachani-en-visite-officielle-en-algerie\/209031\/#primaryimage"},"image":{"@id":"https:\/\/www.webdo.tn\/fr\/actualite\/national\/ahmed-hachani-en-visite-officielle-en-algerie\/209031\/#primaryimage"},"thumbnailUrl":"https:\/\/www.webdo.tn\/fr\/wp-content\/uploads\/2023\/10\/c2066742ff2361e70c02f4fbdc3aa898.jpg","datePublished":"2023-10-01T12:39:00+00:00","dateModified":"2025-05-20T22:40:40+00:00","description":"Le chef du gouvernement Ahmed Hachani effectuera une visite officielle en Alg\u00e9rie le mercredi 4 octobre prochain, marquant ainsi sa premi\u00e8re visite officielle \u00e0...","breadcrumb":{"@id":"https:\/\/www.webdo.tn\/fr\/actualite\/national\/ahmed-hachani-en-visite-officielle-en-algerie\/209031\/#breadcrumb"},"inLanguage":"fr-FR","potentialAction":[{"@type":"ReadAction","target":["https:\/\/www.webdo.tn\/fr\/actualite\/national\/ahmed-hachani-en-visite-officielle-en-algerie\/209031\/"]}]},{"@type":"ImageObject","inLanguage":"fr-FR","@id":"https:\/\/www.webdo.tn\/fr\/actualite\/national\/ahmed-hachani-en-visite-officielle-en-algerie\/209031\/#primaryimage","url":"https:\/\/www.webdo.tn\/fr\/wp-content\/uploads\/2023\/10\/c2066742ff2361e70c02f4fbdc3aa898.jpg","contentUrl":"https:\/\/www.webdo.tn\/fr\/wp-content\/uploads\/2023\/10\/c2066742ff2361e70c02f4fbdc3aa898.jpg","width":750,"height":400,"caption":"Ahmed Hachani en visite officielle en Alg\u00e9rie"},{"@type":"BreadcrumbList","@id":"https:\/\/www.webdo.tn\/fr\/actualite\/national\/ahmed-hachani-en-visite-officielle-en-algerie\/209031\/#breadcrumb","itemListElement":[{"@type":"ListItem","position":1,"name":"Accueil","item":"https:\/\/www.webdo.tn\/fr\/"},{"@type":"ListItem","position":2,"name":"Ahmed Hachani en visite officielle en Alg\u00e9rie"}]},{"@type":"WebSite","@id":"https:\/\/www.webdo.tn\/fr\/#website","url":"https:\/\/www.webdo.tn\/fr\/","name":"webdo","description":"Tunisie - News en Tunisie et \u00e0 l&#039;international sur Webdo.tn","publisher":{"@id":"https:\/\/www.webdo.tn\/fr\/#organization"},"potentialAction":[{"@type":"SearchAction","target":{"@type":"EntryPoint","urlTemplate":"https:\/\/www.webdo.tn\/fr\/?s={search_term_string}"},"query-input":{"@type":"PropertyValueSpecification","valueRequired":true,"valueName":"search_term_string"}}],"inLanguage":"fr-FR"},{"@type":"Organization","@id":"https:\/\/www.webdo.tn\/fr\/#organization","name":"Webdo","alternateName":"Webdo.tn","url":"https:\/\/www.webdo.tn\/fr\/","logo":{"@type":"ImageObject","inLanguage":"fr-FR","@id":"https:\/\/www.webdo.tn\/fr\/#\/schema\/logo\/image\/","url":"https:\/\/www.webdo.tn\/fr\/wp-content\/uploads\/2025\/06\/Webdo-Tunisie_168377.jpg","contentUrl":"https:\/\/www.webdo.tn\/fr\/wp-content\/uploads\/2025\/06\/Webdo-Tunisie_168377.jpg","width":301,"height":301,"caption":"Webdo"},"image":{"@id":"https:\/\/www.webdo.tn\/fr\/#\/schema\/logo\/image\/"},"sameAs":["https:\/\/www.facebook.com\/webdotn","https:\/\/x.com\/webdo_tn"],"description":"Webdo est un m\u00e9dia num\u00e9rique tunisien fond\u00e9 en 2010, sp\u00e9cialis\u00e9 dans l\u2019actualit\u00e9 nationale et internationale, l\u2019\u00e9conomie, la soci\u00e9t\u00e9 et les analyses politiques. Le site s\u2019adresse \u00e0 un large public francophone et couvre l\u2019information tunisienne en temps r\u00e9el.","email":"redac@webdo.tn","legalName":"YNJ SARL","foundingDate":"2010-09-06","numberOfEmployees":{"@type":"QuantitativeValue","minValue":"11","maxValue":"50"}},{"@type":"Person","@id":"https:\/\/www.webdo.tn\/fr\/#\/schema\/person\/f35b42a42c5e2511bbd282959d6385cc","name":"CL","image":{"@type":"ImageObject","inLanguage":"fr-FR","@id":"https:\/\/secure.gravatar.com\/avatar\/1447a49909b67aa657c488aec6512e1dd6143a480c1ecfee9b5b5cd74eb3b59e?s=96&d=mm&r=g","url":"https:\/\/secure.gravatar.com\/avatar\/1447a49909b67aa657c488aec6512e1dd6143a480c1ecfee9b5b5cd74eb3b59e?s=96&d=mm&r=g","contentUrl":"https:\/\/secure.gravatar.com\/avatar\/1447a49909b67aa657c488aec6512e1dd6143a480c1ecfee9b5b5cd74eb3b59e?s=96&d=mm&r=g","caption":"CL"},"url":"https:\/\/www.webdo.tn\/fr\/actualite\/author\/cl\/"}]}},"_links":{"self":[{"href":"https:\/\/www.webdo.tn\/fr\/wp-json\/wp\/v2\/posts\/209031","targetHints":{"allow":["GET"]}}],"collection":[{"href":"https:\/\/www.webdo.tn\/fr\/wp-json\/wp\/v2\/posts"}],"about":[{"href":"https:\/\/www.webdo.tn\/fr\/wp-json\/wp\/v2\/types\/post"}],"author":[{"embeddable":true,"href":"https:\/\/www.webdo.tn\/fr\/wp-json\/wp\/v2\/users\/3175"}],"replies":[{"embeddable":true,"href":"https:\/\/www.webdo.tn\/fr\/wp-json\/wp\/v2\/comments?post=209031"}],"version-history":[{"count":0,"href":"https:\/\/www.webdo.tn\/fr\/wp-json\/wp\/v2\/posts\/209031\/revisions"}],"wp:featuredmedia":[{"embeddable":true,"href":"https:\/\/www.webdo.tn\/fr\/wp-json\/wp\/v2\/media\/249168"}],"wp:attachment":[{"href":"https:\/\/www.webdo.tn\/fr\/wp-json\/wp\/v2\/media?parent=209031"}],"wp:term":[{"taxonomy":"category","embeddable":true,"href":"https:\/\/www.webdo.tn\/fr\/wp-json\/wp\/v2\/categories?post=209031"},{"taxonomy":"post_tag","embeddable":true,"href":"https:\/\/www.webdo.tn\/fr\/wp-json\/wp\/v2\/tags?post=209031"}],"curies":[{"name":"wp","href":"https:\/\/api.w.org\/{rel}","templated":true}]}}