{"id":209012,"date":"2023-09-29T22:43:00","date_gmt":"2023-09-29T22:43:00","guid":{"rendered":"https:\/\/www.webdo.tn\/fr\/blog\/el-rentree-tt-tenja7-le-nouveau-clip-de-tunisie-telecom-fait-le-buzz\/209012\/"},"modified":"2025-05-20T21:57:06","modified_gmt":"2025-05-20T21:57:06","slug":"el-rentree-tt-tenja7-le-nouveau-clip-de-tunisie-telecom-fait-le-buzz","status":"publish","type":"post","link":"https:\/\/www.webdo.tn\/fr\/actualite\/national\/el-rentree-tt-tenja7-le-nouveau-clip-de-tunisie-telecom-fait-le-buzz\/209012\/","title":{"rendered":"\u00ab\u00a0El rentr\u00e9e TT Tenja7\u00a0\u00bb, le nouveau clip de Tunisie Telecom fait le buzz"},"content":{"rendered":"<p>\u00ab\u00a0El rentr\u00e9e TT Tenja7\u00a0\u00bb, une vid\u00e9o envo\u00fbtante qui donne du rythme \u00e0 la rentr\u00e9e scolaire et universitaire<\/p>\n<p>\t\t\t\t\t\t\t\t\tA l\u2019occasion de la rentr\u00e9e scolaire et universitaire, Tunisie Telecom a lanc\u00e9 un clip. \u00ab\u00a0El rentr\u00e9e TT Tenja7\u00a0\u00bb, destin\u00e9 sp\u00e9cialement aux jeunes de par son caract\u00e8re a tout de suite enflamm\u00e9 la toile.<\/p>\n<p>Un clip envo\u00fbtant et entra\u00eenant, qui conna\u00eet un succ\u00e8s \u00e9norme sur les r\u00e9seaux sociaux. Rythme, musique rap et un refrain qui vous colle \u00e0 l\u2019oreille, et raconte tout ce que Tunisie Telecom a \u00e0 offrir aux jeunes : packs rentr\u00e9e, abonnement internet illimit\u00e9s 100% bonus, Rafi9ni TT, num\u00e9ro Gold 98, la netbox, la portabilit\u00e9 etc\u2026<\/p>\n","protected":false},"excerpt":{"rendered":"<p> El rentr\u00e9e TT Tenja7 , une vid\u00e9o envo\u00fbtante qui donne du rythme \u00e0 la rentr\u00e9e scolaire et universitaire<\/p>\n","protected":false},"author":3162,"featured_media":249187,"comment_status":"open","ping_status":"closed","sticky":false,"template":"","format":"standard","meta":{"footnotes":""},"categories":[44],"tags":[7845,7846,2931],"class_list":["post-209012","post","type-post","status-publish","format-standard","has-post-thumbnail","hentry","category-national","tag-clip","tag-el-rentree-tt-tenja7","tag-tunisie-telecom"],"yoast_head":"<!-- This site is optimized with the Yoast SEO Premium plugin v27.4 (Yoast SEO v27.5) - https:\/\/yoast.com\/product\/yoast-seo-premium-wordpress\/ -->\n<title>El rentr\u00e9e TT Tenja7 , le nouveau clip de Tunisie Telecom fait le buzz<\/title>\n<meta name=\"description\" content=\"El rentr\u00e9e TT Tenja7 , une vid\u00e9o envo\u00fbtante qui donne du rythme \u00e0 la rentr\u00e9e scolaire et universitaire\" \/>\n<link rel=\"canonical\" href=\"https:\/\/www.webdo.tn\/fr\/actualite\/national\/el-rentree-tt-tenja7-le-nouveau-clip-de-tunisie-telecom-fait-le-buzz\/209012\/\" \/>\n<meta property=\"og:locale\" content=\"fr_FR\" \/>\n<meta property=\"og:type\" content=\"article\" \/>\n<meta property=\"og:title\" content=\"&quot;El rentr\u00e9e TT Tenja7&quot;, le nouveau clip de Tunisie Telecom fait le buzz\" \/>\n<meta property=\"og:description\" content=\"El rentr\u00e9e TT Tenja7 , une vid\u00e9o envo\u00fbtante qui donne du rythme \u00e0 la rentr\u00e9e scolaire et universitaire\" \/>\n<meta property=\"og:url\" content=\"https:\/\/www.webdo.tn\/fr\/actualite\/national\/el-rentree-tt-tenja7-le-nouveau-clip-de-tunisie-telecom-fait-le-buzz\/209012\/\" \/>\n<meta property=\"og:site_name\" content=\"webdo\" \/>\n<meta property=\"article:publisher\" content=\"https:\/\/www.facebook.com\/webdotn\" \/>\n<meta property=\"article:published_time\" content=\"2023-09-29T22:43:00+00:00\" \/>\n<meta property=\"article:modified_time\" content=\"2025-05-20T21:57:06+00:00\" \/>\n<meta property=\"og:image\" content=\"https:\/\/www.webdo.tn\/fr\/wp-content\/uploads\/2023\/09\/090d689b99b080c8d5028799fdafb5ba.jpeg\" \/>\n\t<meta property=\"og:image:width\" content=\"750\" \/>\n\t<meta property=\"og:image:height\" content=\"400\" \/>\n\t<meta property=\"og:image:type\" content=\"image\/jpeg\" \/>\n<meta name=\"author\" content=\"MC\" \/>\n<meta name=\"twitter:card\" content=\"summary_large_image\" \/>\n<meta name=\"twitter:creator\" content=\"@webdo_tn\" \/>\n<meta name=\"twitter:site\" content=\"@webdo_tn\" \/>\n<meta name=\"twitter:label1\" content=\"\u00c9crit par\" \/>\n\t<meta name=\"twitter:data1\" content=\"MC\" \/>\n\t<meta name=\"twitter:label2\" content=\"Dur\u00e9e de lecture estim\u00e9e\" \/>\n\t<meta name=\"twitter:data2\" content=\"1 minute\" \/>\n<script type=\"application\/ld+json\" class=\"yoast-schema-graph\">{\"@context\":\"https:\\\/\\\/schema.org\",\"@graph\":[{\"@type\":\"NewsArticle\",\"@id\":\"https:\\\/\\\/www.webdo.tn\\\/fr\\\/actualite\\\/national\\\/el-rentree-tt-tenja7-le-nouveau-clip-de-tunisie-telecom-fait-le-buzz\\\/209012\\\/#article\",\"isPartOf\":{\"@id\":\"https:\\\/\\\/www.webdo.tn\\\/fr\\\/actualite\\\/national\\\/el-rentree-tt-tenja7-le-nouveau-clip-de-tunisie-telecom-fait-le-buzz\\\/209012\\\/\"},\"author\":{\"name\":\"MC\",\"@id\":\"https:\\\/\\\/www.webdo.tn\\\/fr\\\/#\\\/schema\\\/person\\\/2c4929cbf5a809e3bd38617c6ce150f6\"},\"headline\":\"\u00ab\u00a0El rentr\u00e9e TT Tenja7\u00a0\u00bb, le nouveau clip de Tunisie Telecom fait le buzz\",\"datePublished\":\"2023-09-29T22:43:00+00:00\",\"dateModified\":\"2025-05-20T21:57:06+00:00\",\"mainEntityOfPage\":{\"@id\":\"https:\\\/\\\/www.webdo.tn\\\/fr\\\/actualite\\\/national\\\/el-rentree-tt-tenja7-le-nouveau-clip-de-tunisie-telecom-fait-le-buzz\\\/209012\\\/\"},\"wordCount\":132,\"commentCount\":0,\"publisher\":{\"@id\":\"https:\\\/\\\/www.webdo.tn\\\/fr\\\/#organization\"},\"image\":{\"@id\":\"https:\\\/\\\/www.webdo.tn\\\/fr\\\/actualite\\\/national\\\/el-rentree-tt-tenja7-le-nouveau-clip-de-tunisie-telecom-fait-le-buzz\\\/209012\\\/#primaryimage\"},\"thumbnailUrl\":\"https:\\\/\\\/www.webdo.tn\\\/fr\\\/wp-content\\\/uploads\\\/2023\\\/09\\\/090d689b99b080c8d5028799fdafb5ba.jpeg\",\"keywords\":[\"clip\",\"El rentr\u00e9e TT Tenja7\",\"Tunisie Telecom\"],\"articleSection\":[\"National\"],\"inLanguage\":\"fr-FR\"},{\"@type\":\"WebPage\",\"@id\":\"https:\\\/\\\/www.webdo.tn\\\/fr\\\/actualite\\\/national\\\/el-rentree-tt-tenja7-le-nouveau-clip-de-tunisie-telecom-fait-le-buzz\\\/209012\\\/\",\"url\":\"https:\\\/\\\/www.webdo.tn\\\/fr\\\/actualite\\\/national\\\/el-rentree-tt-tenja7-le-nouveau-clip-de-tunisie-telecom-fait-le-buzz\\\/209012\\\/\",\"name\":\"El rentr\u00e9e TT Tenja7 , le nouveau clip de Tunisie Telecom fait le buzz\",\"isPartOf\":{\"@id\":\"https:\\\/\\\/www.webdo.tn\\\/fr\\\/#website\"},\"primaryImageOfPage\":{\"@id\":\"https:\\\/\\\/www.webdo.tn\\\/fr\\\/actualite\\\/national\\\/el-rentree-tt-tenja7-le-nouveau-clip-de-tunisie-telecom-fait-le-buzz\\\/209012\\\/#primaryimage\"},\"image\":{\"@id\":\"https:\\\/\\\/www.webdo.tn\\\/fr\\\/actualite\\\/national\\\/el-rentree-tt-tenja7-le-nouveau-clip-de-tunisie-telecom-fait-le-buzz\\\/209012\\\/#primaryimage\"},\"thumbnailUrl\":\"https:\\\/\\\/www.webdo.tn\\\/fr\\\/wp-content\\\/uploads\\\/2023\\\/09\\\/090d689b99b080c8d5028799fdafb5ba.jpeg\",\"datePublished\":\"2023-09-29T22:43:00+00:00\",\"dateModified\":\"2025-05-20T21:57:06+00:00\",\"description\":\"El rentr\u00e9e TT Tenja7 , une vid\u00e9o envo\u00fbtante qui donne du rythme \u00e0 la rentr\u00e9e scolaire et universitaire\",\"breadcrumb\":{\"@id\":\"https:\\\/\\\/www.webdo.tn\\\/fr\\\/actualite\\\/national\\\/el-rentree-tt-tenja7-le-nouveau-clip-de-tunisie-telecom-fait-le-buzz\\\/209012\\\/#breadcrumb\"},\"inLanguage\":\"fr-FR\",\"potentialAction\":[{\"@type\":\"ReadAction\",\"target\":[\"https:\\\/\\\/www.webdo.tn\\\/fr\\\/actualite\\\/national\\\/el-rentree-tt-tenja7-le-nouveau-clip-de-tunisie-telecom-fait-le-buzz\\\/209012\\\/\"]}]},{\"@type\":\"ImageObject\",\"inLanguage\":\"fr-FR\",\"@id\":\"https:\\\/\\\/www.webdo.tn\\\/fr\\\/actualite\\\/national\\\/el-rentree-tt-tenja7-le-nouveau-clip-de-tunisie-telecom-fait-le-buzz\\\/209012\\\/#primaryimage\",\"url\":\"https:\\\/\\\/www.webdo.tn\\\/fr\\\/wp-content\\\/uploads\\\/2023\\\/09\\\/090d689b99b080c8d5028799fdafb5ba.jpeg\",\"contentUrl\":\"https:\\\/\\\/www.webdo.tn\\\/fr\\\/wp-content\\\/uploads\\\/2023\\\/09\\\/090d689b99b080c8d5028799fdafb5ba.jpeg\",\"width\":750,\"height\":400,\"caption\":\"\\\"El rentr\u00e9e TT Tenja7\\\", le nouveau clip de Tunisie Telecom fait le buzz\"},{\"@type\":\"BreadcrumbList\",\"@id\":\"https:\\\/\\\/www.webdo.tn\\\/fr\\\/actualite\\\/national\\\/el-rentree-tt-tenja7-le-nouveau-clip-de-tunisie-telecom-fait-le-buzz\\\/209012\\\/#breadcrumb\",\"itemListElement\":[{\"@type\":\"ListItem\",\"position\":1,\"name\":\"Accueil\",\"item\":\"https:\\\/\\\/www.webdo.tn\\\/fr\\\/\"},{\"@type\":\"ListItem\",\"position\":2,\"name\":\"&#8220;El rentr\u00e9e TT Tenja7&#8221;, le nouveau clip de Tunisie Telecom fait le buzz\"}]},{\"@type\":\"WebSite\",\"@id\":\"https:\\\/\\\/www.webdo.tn\\\/fr\\\/#website\",\"url\":\"https:\\\/\\\/www.webdo.tn\\\/fr\\\/\",\"name\":\"webdo\",\"description\":\"Tunisie - News en Tunisie et \u00e0 l&#039;international sur Webdo.tn\",\"publisher\":{\"@id\":\"https:\\\/\\\/www.webdo.tn\\\/fr\\\/#organization\"},\"potentialAction\":[{\"@type\":\"SearchAction\",\"target\":{\"@type\":\"EntryPoint\",\"urlTemplate\":\"https:\\\/\\\/www.webdo.tn\\\/fr\\\/?s={search_term_string}\"},\"query-input\":{\"@type\":\"PropertyValueSpecification\",\"valueRequired\":true,\"valueName\":\"search_term_string\"}}],\"inLanguage\":\"fr-FR\"},{\"@type\":\"Organization\",\"@id\":\"https:\\\/\\\/www.webdo.tn\\\/fr\\\/#organization\",\"name\":\"Webdo\",\"alternateName\":\"Webdo.tn\",\"url\":\"https:\\\/\\\/www.webdo.tn\\\/fr\\\/\",\"logo\":{\"@type\":\"ImageObject\",\"inLanguage\":\"fr-FR\",\"@id\":\"https:\\\/\\\/www.webdo.tn\\\/fr\\\/#\\\/schema\\\/logo\\\/image\\\/\",\"url\":\"https:\\\/\\\/www.webdo.tn\\\/fr\\\/wp-content\\\/uploads\\\/2025\\\/06\\\/Webdo-Tunisie_168377.jpg\",\"contentUrl\":\"https:\\\/\\\/www.webdo.tn\\\/fr\\\/wp-content\\\/uploads\\\/2025\\\/06\\\/Webdo-Tunisie_168377.jpg\",\"width\":301,\"height\":301,\"caption\":\"Webdo\"},\"image\":{\"@id\":\"https:\\\/\\\/www.webdo.tn\\\/fr\\\/#\\\/schema\\\/logo\\\/image\\\/\"},\"sameAs\":[\"https:\\\/\\\/www.facebook.com\\\/webdotn\",\"https:\\\/\\\/x.com\\\/webdo_tn\"],\"description\":\"Webdo est un m\u00e9dia num\u00e9rique tunisien fond\u00e9 en 2010, sp\u00e9cialis\u00e9 dans l\u2019actualit\u00e9 nationale et internationale, l\u2019\u00e9conomie, la soci\u00e9t\u00e9 et les analyses politiques. Le site s\u2019adresse \u00e0 un large public francophone et couvre l\u2019information tunisienne en temps r\u00e9el.\",\"email\":\"redac@webdo.tn\",\"legalName\":\"YNJ SARL\",\"foundingDate\":\"2010-09-06\",\"numberOfEmployees\":{\"@type\":\"QuantitativeValue\",\"minValue\":\"11\",\"maxValue\":\"50\"}},{\"@type\":\"Person\",\"@id\":\"https:\\\/\\\/www.webdo.tn\\\/fr\\\/#\\\/schema\\\/person\\\/2c4929cbf5a809e3bd38617c6ce150f6\",\"name\":\"MC\",\"image\":{\"@type\":\"ImageObject\",\"inLanguage\":\"fr-FR\",\"@id\":\"https:\\\/\\\/secure.gravatar.com\\\/avatar\\\/a545bbb6f84efdd5553dbbc2895e3ca8f1d12c5215e00a041c9670b54aa9b18a?s=96&d=mm&r=g\",\"url\":\"https:\\\/\\\/secure.gravatar.com\\\/avatar\\\/a545bbb6f84efdd5553dbbc2895e3ca8f1d12c5215e00a041c9670b54aa9b18a?s=96&d=mm&r=g\",\"contentUrl\":\"https:\\\/\\\/secure.gravatar.com\\\/avatar\\\/a545bbb6f84efdd5553dbbc2895e3ca8f1d12c5215e00a041c9670b54aa9b18a?s=96&d=mm&r=g\",\"caption\":\"MC\"},\"url\":\"https:\\\/\\\/www.webdo.tn\\\/fr\\\/actualite\\\/author\\\/mc\\\/\"}]}<\/script>\n<!-- \/ Yoast SEO Premium plugin. -->","yoast_head_json":{"title":"El rentr\u00e9e TT Tenja7 , le nouveau clip de Tunisie Telecom fait le buzz","description":"El rentr\u00e9e TT Tenja7 , une vid\u00e9o envo\u00fbtante qui donne du rythme \u00e0 la rentr\u00e9e scolaire et universitaire","canonical":"https:\/\/www.webdo.tn\/fr\/actualite\/national\/el-rentree-tt-tenja7-le-nouveau-clip-de-tunisie-telecom-fait-le-buzz\/209012\/","og_locale":"fr_FR","og_type":"article","og_title":"\"El rentr\u00e9e TT Tenja7\", le nouveau clip de Tunisie Telecom fait le buzz","og_description":"El rentr\u00e9e TT Tenja7 , une vid\u00e9o envo\u00fbtante qui donne du rythme \u00e0 la rentr\u00e9e scolaire et universitaire","og_url":"https:\/\/www.webdo.tn\/fr\/actualite\/national\/el-rentree-tt-tenja7-le-nouveau-clip-de-tunisie-telecom-fait-le-buzz\/209012\/","og_site_name":"webdo","article_publisher":"https:\/\/www.facebook.com\/webdotn","article_published_time":"2023-09-29T22:43:00+00:00","article_modified_time":"2025-05-20T21:57:06+00:00","og_image":[{"width":750,"height":400,"url":"https:\/\/www.webdo.tn\/fr\/wp-content\/uploads\/2023\/09\/090d689b99b080c8d5028799fdafb5ba.jpeg","type":"image\/jpeg"}],"author":"MC","twitter_card":"summary_large_image","twitter_creator":"@webdo_tn","twitter_site":"@webdo_tn","twitter_misc":{"\u00c9crit par":"MC","Dur\u00e9e de lecture estim\u00e9e":"1 minute"},"schema":{"@context":"https:\/\/schema.org","@graph":[{"@type":"NewsArticle","@id":"https:\/\/www.webdo.tn\/fr\/actualite\/national\/el-rentree-tt-tenja7-le-nouveau-clip-de-tunisie-telecom-fait-le-buzz\/209012\/#article","isPartOf":{"@id":"https:\/\/www.webdo.tn\/fr\/actualite\/national\/el-rentree-tt-tenja7-le-nouveau-clip-de-tunisie-telecom-fait-le-buzz\/209012\/"},"author":{"name":"MC","@id":"https:\/\/www.webdo.tn\/fr\/#\/schema\/person\/2c4929cbf5a809e3bd38617c6ce150f6"},"headline":"\u00ab\u00a0El rentr\u00e9e TT Tenja7\u00a0\u00bb, le nouveau clip de Tunisie Telecom fait le buzz","datePublished":"2023-09-29T22:43:00+00:00","dateModified":"2025-05-20T21:57:06+00:00","mainEntityOfPage":{"@id":"https:\/\/www.webdo.tn\/fr\/actualite\/national\/el-rentree-tt-tenja7-le-nouveau-clip-de-tunisie-telecom-fait-le-buzz\/209012\/"},"wordCount":132,"commentCount":0,"publisher":{"@id":"https:\/\/www.webdo.tn\/fr\/#organization"},"image":{"@id":"https:\/\/www.webdo.tn\/fr\/actualite\/national\/el-rentree-tt-tenja7-le-nouveau-clip-de-tunisie-telecom-fait-le-buzz\/209012\/#primaryimage"},"thumbnailUrl":"https:\/\/www.webdo.tn\/fr\/wp-content\/uploads\/2023\/09\/090d689b99b080c8d5028799fdafb5ba.jpeg","keywords":["clip","El rentr\u00e9e TT Tenja7","Tunisie Telecom"],"articleSection":["National"],"inLanguage":"fr-FR"},{"@type":"WebPage","@id":"https:\/\/www.webdo.tn\/fr\/actualite\/national\/el-rentree-tt-tenja7-le-nouveau-clip-de-tunisie-telecom-fait-le-buzz\/209012\/","url":"https:\/\/www.webdo.tn\/fr\/actualite\/national\/el-rentree-tt-tenja7-le-nouveau-clip-de-tunisie-telecom-fait-le-buzz\/209012\/","name":"El rentr\u00e9e TT Tenja7 , le nouveau clip de Tunisie Telecom fait le buzz","isPartOf":{"@id":"https:\/\/www.webdo.tn\/fr\/#website"},"primaryImageOfPage":{"@id":"https:\/\/www.webdo.tn\/fr\/actualite\/national\/el-rentree-tt-tenja7-le-nouveau-clip-de-tunisie-telecom-fait-le-buzz\/209012\/#primaryimage"},"image":{"@id":"https:\/\/www.webdo.tn\/fr\/actualite\/national\/el-rentree-tt-tenja7-le-nouveau-clip-de-tunisie-telecom-fait-le-buzz\/209012\/#primaryimage"},"thumbnailUrl":"https:\/\/www.webdo.tn\/fr\/wp-content\/uploads\/2023\/09\/090d689b99b080c8d5028799fdafb5ba.jpeg","datePublished":"2023-09-29T22:43:00+00:00","dateModified":"2025-05-20T21:57:06+00:00","description":"El rentr\u00e9e TT Tenja7 , une vid\u00e9o envo\u00fbtante qui donne du rythme \u00e0 la rentr\u00e9e scolaire et universitaire","breadcrumb":{"@id":"https:\/\/www.webdo.tn\/fr\/actualite\/national\/el-rentree-tt-tenja7-le-nouveau-clip-de-tunisie-telecom-fait-le-buzz\/209012\/#breadcrumb"},"inLanguage":"fr-FR","potentialAction":[{"@type":"ReadAction","target":["https:\/\/www.webdo.tn\/fr\/actualite\/national\/el-rentree-tt-tenja7-le-nouveau-clip-de-tunisie-telecom-fait-le-buzz\/209012\/"]}]},{"@type":"ImageObject","inLanguage":"fr-FR","@id":"https:\/\/www.webdo.tn\/fr\/actualite\/national\/el-rentree-tt-tenja7-le-nouveau-clip-de-tunisie-telecom-fait-le-buzz\/209012\/#primaryimage","url":"https:\/\/www.webdo.tn\/fr\/wp-content\/uploads\/2023\/09\/090d689b99b080c8d5028799fdafb5ba.jpeg","contentUrl":"https:\/\/www.webdo.tn\/fr\/wp-content\/uploads\/2023\/09\/090d689b99b080c8d5028799fdafb5ba.jpeg","width":750,"height":400,"caption":"\"El rentr\u00e9e TT Tenja7\", le nouveau clip de Tunisie Telecom fait le buzz"},{"@type":"BreadcrumbList","@id":"https:\/\/www.webdo.tn\/fr\/actualite\/national\/el-rentree-tt-tenja7-le-nouveau-clip-de-tunisie-telecom-fait-le-buzz\/209012\/#breadcrumb","itemListElement":[{"@type":"ListItem","position":1,"name":"Accueil","item":"https:\/\/www.webdo.tn\/fr\/"},{"@type":"ListItem","position":2,"name":"&#8220;El rentr\u00e9e TT Tenja7&#8221;, le nouveau clip de Tunisie Telecom fait le buzz"}]},{"@type":"WebSite","@id":"https:\/\/www.webdo.tn\/fr\/#website","url":"https:\/\/www.webdo.tn\/fr\/","name":"webdo","description":"Tunisie - News en Tunisie et \u00e0 l&#039;international sur Webdo.tn","publisher":{"@id":"https:\/\/www.webdo.tn\/fr\/#organization"},"potentialAction":[{"@type":"SearchAction","target":{"@type":"EntryPoint","urlTemplate":"https:\/\/www.webdo.tn\/fr\/?s={search_term_string}"},"query-input":{"@type":"PropertyValueSpecification","valueRequired":true,"valueName":"search_term_string"}}],"inLanguage":"fr-FR"},{"@type":"Organization","@id":"https:\/\/www.webdo.tn\/fr\/#organization","name":"Webdo","alternateName":"Webdo.tn","url":"https:\/\/www.webdo.tn\/fr\/","logo":{"@type":"ImageObject","inLanguage":"fr-FR","@id":"https:\/\/www.webdo.tn\/fr\/#\/schema\/logo\/image\/","url":"https:\/\/www.webdo.tn\/fr\/wp-content\/uploads\/2025\/06\/Webdo-Tunisie_168377.jpg","contentUrl":"https:\/\/www.webdo.tn\/fr\/wp-content\/uploads\/2025\/06\/Webdo-Tunisie_168377.jpg","width":301,"height":301,"caption":"Webdo"},"image":{"@id":"https:\/\/www.webdo.tn\/fr\/#\/schema\/logo\/image\/"},"sameAs":["https:\/\/www.facebook.com\/webdotn","https:\/\/x.com\/webdo_tn"],"description":"Webdo est un m\u00e9dia num\u00e9rique tunisien fond\u00e9 en 2010, sp\u00e9cialis\u00e9 dans l\u2019actualit\u00e9 nationale et internationale, l\u2019\u00e9conomie, la soci\u00e9t\u00e9 et les analyses politiques. Le site s\u2019adresse \u00e0 un large public francophone et couvre l\u2019information tunisienne en temps r\u00e9el.","email":"redac@webdo.tn","legalName":"YNJ SARL","foundingDate":"2010-09-06","numberOfEmployees":{"@type":"QuantitativeValue","minValue":"11","maxValue":"50"}},{"@type":"Person","@id":"https:\/\/www.webdo.tn\/fr\/#\/schema\/person\/2c4929cbf5a809e3bd38617c6ce150f6","name":"MC","image":{"@type":"ImageObject","inLanguage":"fr-FR","@id":"https:\/\/secure.gravatar.com\/avatar\/a545bbb6f84efdd5553dbbc2895e3ca8f1d12c5215e00a041c9670b54aa9b18a?s=96&d=mm&r=g","url":"https:\/\/secure.gravatar.com\/avatar\/a545bbb6f84efdd5553dbbc2895e3ca8f1d12c5215e00a041c9670b54aa9b18a?s=96&d=mm&r=g","contentUrl":"https:\/\/secure.gravatar.com\/avatar\/a545bbb6f84efdd5553dbbc2895e3ca8f1d12c5215e00a041c9670b54aa9b18a?s=96&d=mm&r=g","caption":"MC"},"url":"https:\/\/www.webdo.tn\/fr\/actualite\/author\/mc\/"}]}},"_links":{"self":[{"href":"https:\/\/www.webdo.tn\/fr\/wp-json\/wp\/v2\/posts\/209012","targetHints":{"allow":["GET"]}}],"collection":[{"href":"https:\/\/www.webdo.tn\/fr\/wp-json\/wp\/v2\/posts"}],"about":[{"href":"https:\/\/www.webdo.tn\/fr\/wp-json\/wp\/v2\/types\/post"}],"author":[{"embeddable":true,"href":"https:\/\/www.webdo.tn\/fr\/wp-json\/wp\/v2\/users\/3162"}],"replies":[{"embeddable":true,"href":"https:\/\/www.webdo.tn\/fr\/wp-json\/wp\/v2\/comments?post=209012"}],"version-history":[{"count":0,"href":"https:\/\/www.webdo.tn\/fr\/wp-json\/wp\/v2\/posts\/209012\/revisions"}],"wp:featuredmedia":[{"embeddable":true,"href":"https:\/\/www.webdo.tn\/fr\/wp-json\/wp\/v2\/media\/249187"}],"wp:attachment":[{"href":"https:\/\/www.webdo.tn\/fr\/wp-json\/wp\/v2\/media?parent=209012"}],"wp:term":[{"taxonomy":"category","embeddable":true,"href":"https:\/\/www.webdo.tn\/fr\/wp-json\/wp\/v2\/categories?post=209012"},{"taxonomy":"post_tag","embeddable":true,"href":"https:\/\/www.webdo.tn\/fr\/wp-json\/wp\/v2\/tags?post=209012"}],"curies":[{"name":"wp","href":"https:\/\/api.w.org\/{rel}","templated":true}]}}