{"id":209005,"date":"2023-09-29T18:58:00","date_gmt":"2023-09-29T18:58:00","guid":{"rendered":"https:\/\/www.webdo.tn\/fr\/blog\/sanctions-de-la-caf-le-tas-rejette-le-recours-de-l-est\/209005\/"},"modified":"2023-09-29T18:58:00","modified_gmt":"2023-09-29T18:58:00","slug":"sanctions-de-la-caf-le-tas-rejette-le-recours-de-l-est","status":"publish","type":"post","link":"https:\/\/www.webdo.tn\/fr\/actualite\/sport\/sanctions-de-la-caf-le-tas-rejette-le-recours-de-l-est\/209005\/","title":{"rendered":"Sanctions de la CAF : le TAS rejette le recours de l&rsquo;EST"},"content":{"rendered":"<p>Le Tribunal Arbitral du Sport (TAS) a rejet\u00e9, ce vendredi 29 septembre 2023, le recours d\u00e9pos\u00e9 par l\u2019Esp\u00e9rance de Tunis contre les sanctions qui lui ont \u00e9t\u00e9 impos\u00e9es par la Commission de Discipline de la Conf\u00e9d\u00e9ration Africaine de Football (CAF).<\/p>\n<p>\t\t\t\t\t\t\t\t\tLes sanctions concernaient les actes de violence commis par un groupe de ses supporters lors la mi-temps du quart de finale retour de la Ligue africaine des champions 2023 contre la JS Kabylie, disput\u00e9 au stade Hammadi Agrebi de Rad\u00e8s. Toutes les sanctions restent ainsi en vigueur.<\/p>\n<p>La Commission de Discipline de la CAF avait sanctionn\u00e9 les Sang et Or de :\u00a0<\/p>\n<p>\tQuatre matches continentaux \u00e0 huis clos, en raison des d\u00e9faillances de s\u00e9curit\u00e9 qui ont entach\u00e9 le match.<br \/>\n\tReport de l\u2019ex\u00e9cution de cette d\u00e9cision de deux matches seulement, sous r\u00e9serve qu\u2019aucun d\u00e9passement disciplinaire ne soit commis durant les 12 mois suivant la date de la sanction.<br \/>\n\tExclusion automatique de toutes comp\u00e9titions africaines de l\u2019ann\u00e9e suivante en cas de nouveaux actes de vandalisme de toute nature survenant dans les 12 mois \u00e0 compter de la date de la sanction.<br \/>\n\tUne amende de 300 000 dollars.<\/p>\n","protected":false},"excerpt":{"rendered":"<p>Le Tribunal Arbitral du Sport (TAS) a rejet\u00e9, ce vendredi 29 septembre 2023, le recours d\u00e9pos\u00e9 par l\u2019Esp\u00e9rance de Tunis contre les sanctions qui lui ont \u00e9t\u00e9 imp&#8230;<\/p>\n","protected":false},"author":3169,"featured_media":249189,"comment_status":"open","ping_status":"closed","sticky":false,"template":"","format":"standard","meta":{"footnotes":""},"categories":[2593],"tags":[3135,7849,3436,7848,4987,6069,2608],"class_list":["post-209005","post","type-post","status-publish","format-standard","has-post-thumbnail","hentry","category-sport","tag-caf","tag-esperance-sportive","tag-est","tag-sanction","tag-sanctions","tag-tas","tag-tunisie"],"yoast_head":"<!-- This site is optimized with the Yoast SEO Premium plugin v27.5 (Yoast SEO v27.5) - https:\/\/yoast.com\/product\/yoast-seo-premium-wordpress\/ -->\n<title>Sanctions de la CAF : le TAS rejette le recours de l&#039;EST<\/title>\n<meta name=\"description\" content=\"Le Tribunal Arbitral du Sport (TAS) a rejet\u00e9, ce vendredi 29 septembre 2023, le recours d\u00e9pos\u00e9 par l\u2019Esp\u00e9rance de Tunis contre les sanctions qui lui ont \u00e9t\u00e9 imp...\" \/>\n<link rel=\"canonical\" href=\"https:\/\/www.webdo.tn\/fr\/actualite\/sport\/sanctions-de-la-caf-le-tas-rejette-le-recours-de-l-est\/209005\/\" \/>\n<meta property=\"og:locale\" content=\"fr_FR\" \/>\n<meta property=\"og:type\" content=\"article\" \/>\n<meta property=\"og:title\" content=\"Sanctions de la CAF : le TAS rejette le recours de l&#039;EST\" \/>\n<meta property=\"og:description\" content=\"Le Tribunal Arbitral du Sport (TAS) a rejet\u00e9, ce vendredi 29 septembre 2023, le recours d\u00e9pos\u00e9 par l\u2019Esp\u00e9rance de Tunis contre les sanctions qui lui ont \u00e9t\u00e9 imp...\" \/>\n<meta property=\"og:url\" content=\"https:\/\/www.webdo.tn\/fr\/actualite\/sport\/sanctions-de-la-caf-le-tas-rejette-le-recours-de-l-est\/209005\/\" \/>\n<meta property=\"og:site_name\" content=\"webdo\" \/>\n<meta property=\"article:publisher\" content=\"https:\/\/www.facebook.com\/webdotn\" \/>\n<meta property=\"article:published_time\" content=\"2023-09-29T18:58:00+00:00\" \/>\n<meta property=\"og:image\" content=\"https:\/\/www.webdo.tn\/fr\/wp-content\/uploads\/2023\/09\/501d330cac64835d68835ba22aabc9cb.jpg\" \/>\n\t<meta property=\"og:image:width\" content=\"750\" \/>\n\t<meta property=\"og:image:height\" content=\"400\" \/>\n\t<meta property=\"og:image:type\" content=\"image\/jpeg\" \/>\n<meta name=\"author\" content=\"Webdo\" \/>\n<meta name=\"twitter:card\" content=\"summary_large_image\" \/>\n<meta name=\"twitter:creator\" content=\"@webdo_tn\" \/>\n<meta name=\"twitter:site\" content=\"@webdo_tn\" \/>\n<meta name=\"twitter:label1\" content=\"\u00c9crit par\" \/>\n\t<meta name=\"twitter:data1\" content=\"Webdo\" \/>\n\t<meta name=\"twitter:label2\" content=\"Dur\u00e9e de lecture estim\u00e9e\" \/>\n\t<meta name=\"twitter:data2\" content=\"1 minute\" \/>\n<script type=\"application\/ld+json\" class=\"yoast-schema-graph\">{\"@context\":\"https:\\\/\\\/schema.org\",\"@graph\":[{\"@type\":\"NewsArticle\",\"@id\":\"https:\\\/\\\/www.webdo.tn\\\/fr\\\/actualite\\\/sport\\\/sanctions-de-la-caf-le-tas-rejette-le-recours-de-l-est\\\/209005\\\/#article\",\"isPartOf\":{\"@id\":\"https:\\\/\\\/www.webdo.tn\\\/fr\\\/actualite\\\/sport\\\/sanctions-de-la-caf-le-tas-rejette-le-recours-de-l-est\\\/209005\\\/\"},\"author\":{\"name\":\"Webdo\",\"@id\":\"https:\\\/\\\/www.webdo.tn\\\/fr\\\/#\\\/schema\\\/person\\\/1f4e491e0907b413d61089e8eb573acc\"},\"headline\":\"Sanctions de la CAF : le TAS rejette le recours de l&rsquo;EST\",\"datePublished\":\"2023-09-29T18:58:00+00:00\",\"mainEntityOfPage\":{\"@id\":\"https:\\\/\\\/www.webdo.tn\\\/fr\\\/actualite\\\/sport\\\/sanctions-de-la-caf-le-tas-rejette-le-recours-de-l-est\\\/209005\\\/\"},\"wordCount\":205,\"commentCount\":0,\"publisher\":{\"@id\":\"https:\\\/\\\/www.webdo.tn\\\/fr\\\/#organization\"},\"image\":{\"@id\":\"https:\\\/\\\/www.webdo.tn\\\/fr\\\/actualite\\\/sport\\\/sanctions-de-la-caf-le-tas-rejette-le-recours-de-l-est\\\/209005\\\/#primaryimage\"},\"thumbnailUrl\":\"https:\\\/\\\/www.webdo.tn\\\/fr\\\/wp-content\\\/uploads\\\/2023\\\/09\\\/501d330cac64835d68835ba22aabc9cb.jpg\",\"keywords\":[\"CAF\",\"Esp\u00e9rance sportive\",\"EST\",\"Sanction\",\"sanctions\",\"TAS\",\"Tunisie\"],\"articleSection\":[\"Sport\"],\"inLanguage\":\"fr-FR\"},{\"@type\":\"WebPage\",\"@id\":\"https:\\\/\\\/www.webdo.tn\\\/fr\\\/actualite\\\/sport\\\/sanctions-de-la-caf-le-tas-rejette-le-recours-de-l-est\\\/209005\\\/\",\"url\":\"https:\\\/\\\/www.webdo.tn\\\/fr\\\/actualite\\\/sport\\\/sanctions-de-la-caf-le-tas-rejette-le-recours-de-l-est\\\/209005\\\/\",\"name\":\"Sanctions de la CAF : le TAS rejette le recours de l'EST\",\"isPartOf\":{\"@id\":\"https:\\\/\\\/www.webdo.tn\\\/fr\\\/#website\"},\"primaryImageOfPage\":{\"@id\":\"https:\\\/\\\/www.webdo.tn\\\/fr\\\/actualite\\\/sport\\\/sanctions-de-la-caf-le-tas-rejette-le-recours-de-l-est\\\/209005\\\/#primaryimage\"},\"image\":{\"@id\":\"https:\\\/\\\/www.webdo.tn\\\/fr\\\/actualite\\\/sport\\\/sanctions-de-la-caf-le-tas-rejette-le-recours-de-l-est\\\/209005\\\/#primaryimage\"},\"thumbnailUrl\":\"https:\\\/\\\/www.webdo.tn\\\/fr\\\/wp-content\\\/uploads\\\/2023\\\/09\\\/501d330cac64835d68835ba22aabc9cb.jpg\",\"datePublished\":\"2023-09-29T18:58:00+00:00\",\"description\":\"Le Tribunal Arbitral du Sport (TAS) a rejet\u00e9, ce vendredi 29 septembre 2023, le recours d\u00e9pos\u00e9 par l\u2019Esp\u00e9rance de Tunis contre les sanctions qui lui ont \u00e9t\u00e9 imp...\",\"breadcrumb\":{\"@id\":\"https:\\\/\\\/www.webdo.tn\\\/fr\\\/actualite\\\/sport\\\/sanctions-de-la-caf-le-tas-rejette-le-recours-de-l-est\\\/209005\\\/#breadcrumb\"},\"inLanguage\":\"fr-FR\",\"potentialAction\":[{\"@type\":\"ReadAction\",\"target\":[\"https:\\\/\\\/www.webdo.tn\\\/fr\\\/actualite\\\/sport\\\/sanctions-de-la-caf-le-tas-rejette-le-recours-de-l-est\\\/209005\\\/\"]}]},{\"@type\":\"ImageObject\",\"inLanguage\":\"fr-FR\",\"@id\":\"https:\\\/\\\/www.webdo.tn\\\/fr\\\/actualite\\\/sport\\\/sanctions-de-la-caf-le-tas-rejette-le-recours-de-l-est\\\/209005\\\/#primaryimage\",\"url\":\"https:\\\/\\\/www.webdo.tn\\\/fr\\\/wp-content\\\/uploads\\\/2023\\\/09\\\/501d330cac64835d68835ba22aabc9cb.jpg\",\"contentUrl\":\"https:\\\/\\\/www.webdo.tn\\\/fr\\\/wp-content\\\/uploads\\\/2023\\\/09\\\/501d330cac64835d68835ba22aabc9cb.jpg\",\"width\":750,\"height\":400,\"caption\":\"Sanctions de la CAF : le TAS rejette le recours de l'EST\"},{\"@type\":\"BreadcrumbList\",\"@id\":\"https:\\\/\\\/www.webdo.tn\\\/fr\\\/actualite\\\/sport\\\/sanctions-de-la-caf-le-tas-rejette-le-recours-de-l-est\\\/209005\\\/#breadcrumb\",\"itemListElement\":[{\"@type\":\"ListItem\",\"position\":1,\"name\":\"Accueil\",\"item\":\"https:\\\/\\\/www.webdo.tn\\\/fr\\\/\"},{\"@type\":\"ListItem\",\"position\":2,\"name\":\"Sanctions de la CAF : le TAS rejette le recours de l&rsquo;EST\"}]},{\"@type\":\"WebSite\",\"@id\":\"https:\\\/\\\/www.webdo.tn\\\/fr\\\/#website\",\"url\":\"https:\\\/\\\/www.webdo.tn\\\/fr\\\/\",\"name\":\"webdo\",\"description\":\"Tunisie - News en Tunisie et \u00e0 l&#039;international sur Webdo.tn\",\"publisher\":{\"@id\":\"https:\\\/\\\/www.webdo.tn\\\/fr\\\/#organization\"},\"potentialAction\":[{\"@type\":\"SearchAction\",\"target\":{\"@type\":\"EntryPoint\",\"urlTemplate\":\"https:\\\/\\\/www.webdo.tn\\\/fr\\\/?s={search_term_string}\"},\"query-input\":{\"@type\":\"PropertyValueSpecification\",\"valueRequired\":true,\"valueName\":\"search_term_string\"}}],\"inLanguage\":\"fr-FR\"},{\"@type\":\"Organization\",\"@id\":\"https:\\\/\\\/www.webdo.tn\\\/fr\\\/#organization\",\"name\":\"Webdo\",\"alternateName\":\"Webdo.tn\",\"url\":\"https:\\\/\\\/www.webdo.tn\\\/fr\\\/\",\"logo\":{\"@type\":\"ImageObject\",\"inLanguage\":\"fr-FR\",\"@id\":\"https:\\\/\\\/www.webdo.tn\\\/fr\\\/#\\\/schema\\\/logo\\\/image\\\/\",\"url\":\"https:\\\/\\\/www.webdo.tn\\\/fr\\\/wp-content\\\/uploads\\\/2025\\\/06\\\/Webdo-Tunisie_168377.jpg\",\"contentUrl\":\"https:\\\/\\\/www.webdo.tn\\\/fr\\\/wp-content\\\/uploads\\\/2025\\\/06\\\/Webdo-Tunisie_168377.jpg\",\"width\":301,\"height\":301,\"caption\":\"Webdo\"},\"image\":{\"@id\":\"https:\\\/\\\/www.webdo.tn\\\/fr\\\/#\\\/schema\\\/logo\\\/image\\\/\"},\"sameAs\":[\"https:\\\/\\\/www.facebook.com\\\/webdotn\",\"https:\\\/\\\/x.com\\\/webdo_tn\"],\"description\":\"Webdo est un m\u00e9dia num\u00e9rique tunisien fond\u00e9 en 2010, sp\u00e9cialis\u00e9 dans l\u2019actualit\u00e9 nationale et internationale, l\u2019\u00e9conomie, la soci\u00e9t\u00e9 et les analyses politiques. Le site s\u2019adresse \u00e0 un large public francophone et couvre l\u2019information tunisienne en temps r\u00e9el.\",\"email\":\"redac@webdo.tn\",\"legalName\":\"YNJ SARL\",\"foundingDate\":\"2010-09-06\",\"numberOfEmployees\":{\"@type\":\"QuantitativeValue\",\"minValue\":\"11\",\"maxValue\":\"50\"}},{\"@type\":\"Person\",\"@id\":\"https:\\\/\\\/www.webdo.tn\\\/fr\\\/#\\\/schema\\\/person\\\/1f4e491e0907b413d61089e8eb573acc\",\"name\":\"Webdo\",\"image\":{\"@type\":\"ImageObject\",\"inLanguage\":\"fr-FR\",\"@id\":\"https:\\\/\\\/secure.gravatar.com\\\/avatar\\\/de97aeec1bb80978a9dbb127e47dfc88aaacb2f3c29aac907d8d3222e3495d49?s=96&d=mm&r=g\",\"url\":\"https:\\\/\\\/secure.gravatar.com\\\/avatar\\\/de97aeec1bb80978a9dbb127e47dfc88aaacb2f3c29aac907d8d3222e3495d49?s=96&d=mm&r=g\",\"contentUrl\":\"https:\\\/\\\/secure.gravatar.com\\\/avatar\\\/de97aeec1bb80978a9dbb127e47dfc88aaacb2f3c29aac907d8d3222e3495d49?s=96&d=mm&r=g\",\"caption\":\"Webdo\"},\"url\":\"https:\\\/\\\/www.webdo.tn\\\/fr\\\/actualite\\\/author\\\/webdo\\\/\"}]}<\/script>\n<!-- \/ Yoast SEO Premium plugin. -->","yoast_head_json":{"title":"Sanctions de la CAF : le TAS rejette le recours de l'EST","description":"Le Tribunal Arbitral du Sport (TAS) a rejet\u00e9, ce vendredi 29 septembre 2023, le recours d\u00e9pos\u00e9 par l\u2019Esp\u00e9rance de Tunis contre les sanctions qui lui ont \u00e9t\u00e9 imp...","canonical":"https:\/\/www.webdo.tn\/fr\/actualite\/sport\/sanctions-de-la-caf-le-tas-rejette-le-recours-de-l-est\/209005\/","og_locale":"fr_FR","og_type":"article","og_title":"Sanctions de la CAF : le TAS rejette le recours de l'EST","og_description":"Le Tribunal Arbitral du Sport (TAS) a rejet\u00e9, ce vendredi 29 septembre 2023, le recours d\u00e9pos\u00e9 par l\u2019Esp\u00e9rance de Tunis contre les sanctions qui lui ont \u00e9t\u00e9 imp...","og_url":"https:\/\/www.webdo.tn\/fr\/actualite\/sport\/sanctions-de-la-caf-le-tas-rejette-le-recours-de-l-est\/209005\/","og_site_name":"webdo","article_publisher":"https:\/\/www.facebook.com\/webdotn","article_published_time":"2023-09-29T18:58:00+00:00","og_image":[{"width":750,"height":400,"url":"https:\/\/www.webdo.tn\/fr\/wp-content\/uploads\/2023\/09\/501d330cac64835d68835ba22aabc9cb.jpg","type":"image\/jpeg"}],"author":"Webdo","twitter_card":"summary_large_image","twitter_creator":"@webdo_tn","twitter_site":"@webdo_tn","twitter_misc":{"\u00c9crit par":"Webdo","Dur\u00e9e de lecture estim\u00e9e":"1 minute"},"schema":{"@context":"https:\/\/schema.org","@graph":[{"@type":"NewsArticle","@id":"https:\/\/www.webdo.tn\/fr\/actualite\/sport\/sanctions-de-la-caf-le-tas-rejette-le-recours-de-l-est\/209005\/#article","isPartOf":{"@id":"https:\/\/www.webdo.tn\/fr\/actualite\/sport\/sanctions-de-la-caf-le-tas-rejette-le-recours-de-l-est\/209005\/"},"author":{"name":"Webdo","@id":"https:\/\/www.webdo.tn\/fr\/#\/schema\/person\/1f4e491e0907b413d61089e8eb573acc"},"headline":"Sanctions de la CAF : le TAS rejette le recours de l&rsquo;EST","datePublished":"2023-09-29T18:58:00+00:00","mainEntityOfPage":{"@id":"https:\/\/www.webdo.tn\/fr\/actualite\/sport\/sanctions-de-la-caf-le-tas-rejette-le-recours-de-l-est\/209005\/"},"wordCount":205,"commentCount":0,"publisher":{"@id":"https:\/\/www.webdo.tn\/fr\/#organization"},"image":{"@id":"https:\/\/www.webdo.tn\/fr\/actualite\/sport\/sanctions-de-la-caf-le-tas-rejette-le-recours-de-l-est\/209005\/#primaryimage"},"thumbnailUrl":"https:\/\/www.webdo.tn\/fr\/wp-content\/uploads\/2023\/09\/501d330cac64835d68835ba22aabc9cb.jpg","keywords":["CAF","Esp\u00e9rance sportive","EST","Sanction","sanctions","TAS","Tunisie"],"articleSection":["Sport"],"inLanguage":"fr-FR"},{"@type":"WebPage","@id":"https:\/\/www.webdo.tn\/fr\/actualite\/sport\/sanctions-de-la-caf-le-tas-rejette-le-recours-de-l-est\/209005\/","url":"https:\/\/www.webdo.tn\/fr\/actualite\/sport\/sanctions-de-la-caf-le-tas-rejette-le-recours-de-l-est\/209005\/","name":"Sanctions de la CAF : le TAS rejette le recours de l'EST","isPartOf":{"@id":"https:\/\/www.webdo.tn\/fr\/#website"},"primaryImageOfPage":{"@id":"https:\/\/www.webdo.tn\/fr\/actualite\/sport\/sanctions-de-la-caf-le-tas-rejette-le-recours-de-l-est\/209005\/#primaryimage"},"image":{"@id":"https:\/\/www.webdo.tn\/fr\/actualite\/sport\/sanctions-de-la-caf-le-tas-rejette-le-recours-de-l-est\/209005\/#primaryimage"},"thumbnailUrl":"https:\/\/www.webdo.tn\/fr\/wp-content\/uploads\/2023\/09\/501d330cac64835d68835ba22aabc9cb.jpg","datePublished":"2023-09-29T18:58:00+00:00","description":"Le Tribunal Arbitral du Sport (TAS) a rejet\u00e9, ce vendredi 29 septembre 2023, le recours d\u00e9pos\u00e9 par l\u2019Esp\u00e9rance de Tunis contre les sanctions qui lui ont \u00e9t\u00e9 imp...","breadcrumb":{"@id":"https:\/\/www.webdo.tn\/fr\/actualite\/sport\/sanctions-de-la-caf-le-tas-rejette-le-recours-de-l-est\/209005\/#breadcrumb"},"inLanguage":"fr-FR","potentialAction":[{"@type":"ReadAction","target":["https:\/\/www.webdo.tn\/fr\/actualite\/sport\/sanctions-de-la-caf-le-tas-rejette-le-recours-de-l-est\/209005\/"]}]},{"@type":"ImageObject","inLanguage":"fr-FR","@id":"https:\/\/www.webdo.tn\/fr\/actualite\/sport\/sanctions-de-la-caf-le-tas-rejette-le-recours-de-l-est\/209005\/#primaryimage","url":"https:\/\/www.webdo.tn\/fr\/wp-content\/uploads\/2023\/09\/501d330cac64835d68835ba22aabc9cb.jpg","contentUrl":"https:\/\/www.webdo.tn\/fr\/wp-content\/uploads\/2023\/09\/501d330cac64835d68835ba22aabc9cb.jpg","width":750,"height":400,"caption":"Sanctions de la CAF : le TAS rejette le recours de l'EST"},{"@type":"BreadcrumbList","@id":"https:\/\/www.webdo.tn\/fr\/actualite\/sport\/sanctions-de-la-caf-le-tas-rejette-le-recours-de-l-est\/209005\/#breadcrumb","itemListElement":[{"@type":"ListItem","position":1,"name":"Accueil","item":"https:\/\/www.webdo.tn\/fr\/"},{"@type":"ListItem","position":2,"name":"Sanctions de la CAF : le TAS rejette le recours de l&rsquo;EST"}]},{"@type":"WebSite","@id":"https:\/\/www.webdo.tn\/fr\/#website","url":"https:\/\/www.webdo.tn\/fr\/","name":"webdo","description":"Tunisie - News en Tunisie et \u00e0 l&#039;international sur Webdo.tn","publisher":{"@id":"https:\/\/www.webdo.tn\/fr\/#organization"},"potentialAction":[{"@type":"SearchAction","target":{"@type":"EntryPoint","urlTemplate":"https:\/\/www.webdo.tn\/fr\/?s={search_term_string}"},"query-input":{"@type":"PropertyValueSpecification","valueRequired":true,"valueName":"search_term_string"}}],"inLanguage":"fr-FR"},{"@type":"Organization","@id":"https:\/\/www.webdo.tn\/fr\/#organization","name":"Webdo","alternateName":"Webdo.tn","url":"https:\/\/www.webdo.tn\/fr\/","logo":{"@type":"ImageObject","inLanguage":"fr-FR","@id":"https:\/\/www.webdo.tn\/fr\/#\/schema\/logo\/image\/","url":"https:\/\/www.webdo.tn\/fr\/wp-content\/uploads\/2025\/06\/Webdo-Tunisie_168377.jpg","contentUrl":"https:\/\/www.webdo.tn\/fr\/wp-content\/uploads\/2025\/06\/Webdo-Tunisie_168377.jpg","width":301,"height":301,"caption":"Webdo"},"image":{"@id":"https:\/\/www.webdo.tn\/fr\/#\/schema\/logo\/image\/"},"sameAs":["https:\/\/www.facebook.com\/webdotn","https:\/\/x.com\/webdo_tn"],"description":"Webdo est un m\u00e9dia num\u00e9rique tunisien fond\u00e9 en 2010, sp\u00e9cialis\u00e9 dans l\u2019actualit\u00e9 nationale et internationale, l\u2019\u00e9conomie, la soci\u00e9t\u00e9 et les analyses politiques. Le site s\u2019adresse \u00e0 un large public francophone et couvre l\u2019information tunisienne en temps r\u00e9el.","email":"redac@webdo.tn","legalName":"YNJ SARL","foundingDate":"2010-09-06","numberOfEmployees":{"@type":"QuantitativeValue","minValue":"11","maxValue":"50"}},{"@type":"Person","@id":"https:\/\/www.webdo.tn\/fr\/#\/schema\/person\/1f4e491e0907b413d61089e8eb573acc","name":"Webdo","image":{"@type":"ImageObject","inLanguage":"fr-FR","@id":"https:\/\/secure.gravatar.com\/avatar\/de97aeec1bb80978a9dbb127e47dfc88aaacb2f3c29aac907d8d3222e3495d49?s=96&d=mm&r=g","url":"https:\/\/secure.gravatar.com\/avatar\/de97aeec1bb80978a9dbb127e47dfc88aaacb2f3c29aac907d8d3222e3495d49?s=96&d=mm&r=g","contentUrl":"https:\/\/secure.gravatar.com\/avatar\/de97aeec1bb80978a9dbb127e47dfc88aaacb2f3c29aac907d8d3222e3495d49?s=96&d=mm&r=g","caption":"Webdo"},"url":"https:\/\/www.webdo.tn\/fr\/actualite\/author\/webdo\/"}]}},"_links":{"self":[{"href":"https:\/\/www.webdo.tn\/fr\/wp-json\/wp\/v2\/posts\/209005","targetHints":{"allow":["GET"]}}],"collection":[{"href":"https:\/\/www.webdo.tn\/fr\/wp-json\/wp\/v2\/posts"}],"about":[{"href":"https:\/\/www.webdo.tn\/fr\/wp-json\/wp\/v2\/types\/post"}],"author":[{"embeddable":true,"href":"https:\/\/www.webdo.tn\/fr\/wp-json\/wp\/v2\/users\/3169"}],"replies":[{"embeddable":true,"href":"https:\/\/www.webdo.tn\/fr\/wp-json\/wp\/v2\/comments?post=209005"}],"version-history":[{"count":0,"href":"https:\/\/www.webdo.tn\/fr\/wp-json\/wp\/v2\/posts\/209005\/revisions"}],"wp:featuredmedia":[{"embeddable":true,"href":"https:\/\/www.webdo.tn\/fr\/wp-json\/wp\/v2\/media\/249189"}],"wp:attachment":[{"href":"https:\/\/www.webdo.tn\/fr\/wp-json\/wp\/v2\/media?parent=209005"}],"wp:term":[{"taxonomy":"category","embeddable":true,"href":"https:\/\/www.webdo.tn\/fr\/wp-json\/wp\/v2\/categories?post=209005"},{"taxonomy":"post_tag","embeddable":true,"href":"https:\/\/www.webdo.tn\/fr\/wp-json\/wp\/v2\/tags?post=209005"}],"curies":[{"name":"wp","href":"https:\/\/api.w.org\/{rel}","templated":true}]}}