{"id":208996,"date":"2023-09-29T12:12:00","date_gmt":"2023-09-29T12:12:00","guid":{"rendered":"https:\/\/www.webdo.tn\/fr\/blog\/nos-bambalounis-ont-ils-des-origines-autrichiennes\/208996\/"},"modified":"2023-09-29T12:12:00","modified_gmt":"2023-09-29T12:12:00","slug":"nos-bambalounis-ont-ils-des-origines-autrichiennes","status":"publish","type":"post","link":"https:\/\/www.webdo.tn\/fr\/actualite\/chroniques\/nos-bambalounis-ont-ils-des-origines-autrichiennes\/208996\/","title":{"rendered":"Nos bambalounis ont-ils des origines autrichiennes ?"},"content":{"rendered":"<p>Est-ce que les bambalounis sont des cousins des krapfen autrichiens ? Une belle histoire qui passe par la Toscane, avant d&rsquo;arriver \u00e0 Sidi Bou Said.<\/p>\n<p>\t\t\t\t\t\t\t\t\tTout porte \u00e0 croire que les l\u00e9gendaires bambalounis de Sidi Bou Said auraient des origines italiennes voire autrichiennes.<\/p>\n<p>Comment cela? D&rsquo;abord, le terme \u00ab\u00a0bambalouni\u00a0\u00bb provient directement de l&rsquo;italien \u00ab\u00a0bombolino\u00a0\u00bb (pluriel: \u00ab\u00a0bomboloni\u00a0\u00bb) qui d\u00e9signe des beignets frits de forme arrondie.\u00a0<\/p>\n<p>Il s&rsquo;agit d&rsquo;un terme toscan qui concerne donc des beignets saupoudr\u00e9s de sucre. En fait, ces sucreries toscanes sont elles m\u00eames inspir\u00e9es de beignets autrichiens, les Krapfen, qui sont une p\u00e2tisserie tr\u00e8s populaire dans ce pays.<\/p>\n<p>C\u00e4cilia Krapf, p\u00e2tissi\u00e8re viennoise, a invent\u00e9 ces beignets au dix-huiti\u00e8me si\u00e8cle. Ils se sont ensuite diffus\u00e9s vers l&rsquo;Allemagne et l&rsquo;Italie, vers Berlin, la Bavi\u00e8re ou la Toscane.\u00a0<\/p>\n<p>C&rsquo;est leur p\u00e2te l\u00e9g\u00e8re et a\u00e9r\u00e9e qui fait leur singularit\u00e9. Et si les Krapfen tirent leur nom de leur cr\u00e9atrice, ils se sont vite diversifi\u00e9s au point d&rsquo;avoir plusieurs noms et une d\u00e9clinaison tunisienne qui a \u00e9volu\u00e9 vers notre ftira traditionnelle.<\/p>\n<p>Toutefois, entre krapfen et bombolino, la version tunisienne est l\u00e9g\u00e8rement diff\u00e9rente tout en ayant la m\u00eame base. Notre \u00ab\u00a0bambalouni\u00a0\u00bb est tout aussi l\u00e9ger avec une p\u00e2te bien a\u00e9r\u00e9e. Mais, avec le temps et la pratique, il a perdu la forme arrondie du beignet italien ou autrichien pour se rapprocher du beignet traditionnel tunisien, la \u00ab\u00a0ftira\u00a0\u00bb dont il est en fait l&rsquo;une des d\u00e9clinaisons.\u00a0<\/p>\n<p>Par ailleurs, le mot toscan qui est celui de ce beignet tunisien souligne une relation \u00e0 la communaut\u00e9 livournaise de Tunisie qui a probablement introduit et le mot et le beignet.<\/p>\n<p>Enfin, nous tenons de cette m\u00eame communaut\u00e9 livournaise une autre p\u00e2tisserie fort appr\u00e9ci\u00e9e. Il s&rsquo;agit de la \u00ab\u00a0debla\u00a0\u00bb que nous nommons aussi \u00ab\u00a0oudhnin el cadhi\u00a0\u00bb, autrement dit les oreilles du juge.<\/p>\n<p>De fait, cette sucrerie n&rsquo;est autre que le fameux manicotti, tr\u00e8s appr\u00e9ci\u00e9s dans la communaut\u00e9 juive de Tunisie et dont hier Nathan et aujourd&rsquo;hui Naouri comptent parmi les meilleurs artistes des fourneaux.<\/p>\n<p>Notons que ces manicotti existent aussi chez les Siciliens de Tunisie qui les d\u00e9signent po\u00e9tiquement de \u00ab\u00a0rose\u00a0\u00bb, c&rsquo;est \u00e0 dire de roses.<\/p>\n<p>Comme quoi la cuisine est interculturelle m\u00eame lorsqu&rsquo;il s&rsquo;agit de recettes embl\u00e9matiques comme le bambalouni dont la tradition est d\u00e9sormais ins\u00e9parable de Sidi Bou Said.<\/p>\n","protected":false},"excerpt":{"rendered":"<p>Est-ce que les bambalounis sont des cousins des krapfen autrichiens ? Une belle histoire qui passe par la Toscane, avant d&rsquo;arriver \u00e0 Sidi Bou Said.<\/p>\n","protected":false},"author":3229,"featured_media":249181,"comment_status":"open","ping_status":"closed","sticky":false,"template":"","format":"standard","meta":{"footnotes":""},"categories":[2596],"tags":[7836,3364,7835,2608],"class_list":["post-208996","post","type-post","status-publish","format-standard","has-post-thumbnail","hentry","category-chroniques","tag-bambalouni","tag-histoire","tag-sidi-bousaid","tag-tunisie"],"yoast_head":"<!-- This site is optimized with the Yoast SEO Premium plugin v27.4 (Yoast SEO v27.5) - https:\/\/yoast.com\/product\/yoast-seo-premium-wordpress\/ -->\n<title>Nos bambalounis ont-ils des origines autrichiennes ?<\/title>\n<meta name=\"description\" content=\"Est-ce que les bambalounis sont des cousins des krapfen autrichiens ? Une belle histoire qui passe par la Toscane, avant d&#039;arriver \u00e0 Sidi Bou Said.\" \/>\n<link rel=\"canonical\" href=\"https:\/\/www.webdo.tn\/fr\/actualite\/chroniques\/nos-bambalounis-ont-ils-des-origines-autrichiennes\/208996\/\" \/>\n<meta property=\"og:locale\" content=\"fr_FR\" \/>\n<meta property=\"og:type\" content=\"article\" \/>\n<meta property=\"og:title\" content=\"Nos bambalounis ont-ils des origines autrichiennes ?\" \/>\n<meta property=\"og:description\" content=\"Est-ce que les bambalounis sont des cousins des krapfen autrichiens ? Une belle histoire qui passe par la Toscane, avant d&#039;arriver \u00e0 Sidi Bou Said.\" \/>\n<meta property=\"og:url\" content=\"https:\/\/www.webdo.tn\/fr\/actualite\/chroniques\/nos-bambalounis-ont-ils-des-origines-autrichiennes\/208996\/\" \/>\n<meta property=\"og:site_name\" content=\"webdo\" \/>\n<meta property=\"article:publisher\" content=\"https:\/\/www.facebook.com\/webdotn\" \/>\n<meta property=\"article:author\" content=\"https:\/\/www.facebook.com\/hatem.bourial.2025\" \/>\n<meta property=\"article:published_time\" content=\"2023-09-29T12:12:00+00:00\" \/>\n<meta property=\"og:image\" content=\"https:\/\/www.webdo.tn\/fr\/wp-content\/uploads\/2023\/09\/f7e942a208636f6aaa5c2ca96fb29d3f.jpg\" \/>\n\t<meta property=\"og:image:width\" content=\"640\" \/>\n\t<meta property=\"og:image:height\" content=\"341\" \/>\n\t<meta property=\"og:image:type\" content=\"image\/jpeg\" \/>\n<meta name=\"author\" content=\"Hatem Bourial\" \/>\n<meta name=\"twitter:card\" content=\"summary_large_image\" \/>\n<meta name=\"twitter:creator\" content=\"@webdo_tn\" \/>\n<meta name=\"twitter:site\" content=\"@webdo_tn\" \/>\n<meta name=\"twitter:label1\" content=\"\u00c9crit par\" \/>\n\t<meta name=\"twitter:data1\" content=\"Hatem Bourial\" \/>\n\t<meta name=\"twitter:label2\" content=\"Dur\u00e9e de lecture estim\u00e9e\" \/>\n\t<meta name=\"twitter:data2\" content=\"2 minutes\" \/>\n<script type=\"application\/ld+json\" class=\"yoast-schema-graph\">{\"@context\":\"https:\\\/\\\/schema.org\",\"@graph\":[{\"@type\":\"NewsArticle\",\"@id\":\"https:\\\/\\\/www.webdo.tn\\\/fr\\\/actualite\\\/chroniques\\\/nos-bambalounis-ont-ils-des-origines-autrichiennes\\\/208996\\\/#article\",\"isPartOf\":{\"@id\":\"https:\\\/\\\/www.webdo.tn\\\/fr\\\/actualite\\\/chroniques\\\/nos-bambalounis-ont-ils-des-origines-autrichiennes\\\/208996\\\/\"},\"author\":{\"name\":\"Hatem Bourial\",\"@id\":\"https:\\\/\\\/www.webdo.tn\\\/fr\\\/#\\\/schema\\\/person\\\/6bc0beba2cd23aec27cb5df85ca2554f\"},\"headline\":\"Nos bambalounis ont-ils des origines autrichiennes ?\",\"datePublished\":\"2023-09-29T12:12:00+00:00\",\"mainEntityOfPage\":{\"@id\":\"https:\\\/\\\/www.webdo.tn\\\/fr\\\/actualite\\\/chroniques\\\/nos-bambalounis-ont-ils-des-origines-autrichiennes\\\/208996\\\/\"},\"wordCount\":433,\"commentCount\":0,\"publisher\":{\"@id\":\"https:\\\/\\\/www.webdo.tn\\\/fr\\\/#organization\"},\"image\":{\"@id\":\"https:\\\/\\\/www.webdo.tn\\\/fr\\\/actualite\\\/chroniques\\\/nos-bambalounis-ont-ils-des-origines-autrichiennes\\\/208996\\\/#primaryimage\"},\"thumbnailUrl\":\"https:\\\/\\\/www.webdo.tn\\\/fr\\\/wp-content\\\/uploads\\\/2023\\\/09\\\/f7e942a208636f6aaa5c2ca96fb29d3f.jpg\",\"keywords\":[\"Bambalouni\",\"histoire\",\"Sidi Bousaid\",\"Tunisie\"],\"articleSection\":[\"Chroniques\"],\"inLanguage\":\"fr-FR\"},{\"@type\":\"WebPage\",\"@id\":\"https:\\\/\\\/www.webdo.tn\\\/fr\\\/actualite\\\/chroniques\\\/nos-bambalounis-ont-ils-des-origines-autrichiennes\\\/208996\\\/\",\"url\":\"https:\\\/\\\/www.webdo.tn\\\/fr\\\/actualite\\\/chroniques\\\/nos-bambalounis-ont-ils-des-origines-autrichiennes\\\/208996\\\/\",\"name\":\"Nos bambalounis ont-ils des origines autrichiennes ?\",\"isPartOf\":{\"@id\":\"https:\\\/\\\/www.webdo.tn\\\/fr\\\/#website\"},\"primaryImageOfPage\":{\"@id\":\"https:\\\/\\\/www.webdo.tn\\\/fr\\\/actualite\\\/chroniques\\\/nos-bambalounis-ont-ils-des-origines-autrichiennes\\\/208996\\\/#primaryimage\"},\"image\":{\"@id\":\"https:\\\/\\\/www.webdo.tn\\\/fr\\\/actualite\\\/chroniques\\\/nos-bambalounis-ont-ils-des-origines-autrichiennes\\\/208996\\\/#primaryimage\"},\"thumbnailUrl\":\"https:\\\/\\\/www.webdo.tn\\\/fr\\\/wp-content\\\/uploads\\\/2023\\\/09\\\/f7e942a208636f6aaa5c2ca96fb29d3f.jpg\",\"datePublished\":\"2023-09-29T12:12:00+00:00\",\"description\":\"Est-ce que les bambalounis sont des cousins des krapfen autrichiens ? Une belle histoire qui passe par la Toscane, avant d'arriver \u00e0 Sidi Bou Said.\",\"breadcrumb\":{\"@id\":\"https:\\\/\\\/www.webdo.tn\\\/fr\\\/actualite\\\/chroniques\\\/nos-bambalounis-ont-ils-des-origines-autrichiennes\\\/208996\\\/#breadcrumb\"},\"inLanguage\":\"fr-FR\",\"potentialAction\":[{\"@type\":\"ReadAction\",\"target\":[\"https:\\\/\\\/www.webdo.tn\\\/fr\\\/actualite\\\/chroniques\\\/nos-bambalounis-ont-ils-des-origines-autrichiennes\\\/208996\\\/\"]}]},{\"@type\":\"ImageObject\",\"inLanguage\":\"fr-FR\",\"@id\":\"https:\\\/\\\/www.webdo.tn\\\/fr\\\/actualite\\\/chroniques\\\/nos-bambalounis-ont-ils-des-origines-autrichiennes\\\/208996\\\/#primaryimage\",\"url\":\"https:\\\/\\\/www.webdo.tn\\\/fr\\\/wp-content\\\/uploads\\\/2023\\\/09\\\/f7e942a208636f6aaa5c2ca96fb29d3f.jpg\",\"contentUrl\":\"https:\\\/\\\/www.webdo.tn\\\/fr\\\/wp-content\\\/uploads\\\/2023\\\/09\\\/f7e942a208636f6aaa5c2ca96fb29d3f.jpg\",\"width\":640,\"height\":341,\"caption\":\"Nos bambalounis ont-ils des origines autrichiennes ?\"},{\"@type\":\"BreadcrumbList\",\"@id\":\"https:\\\/\\\/www.webdo.tn\\\/fr\\\/actualite\\\/chroniques\\\/nos-bambalounis-ont-ils-des-origines-autrichiennes\\\/208996\\\/#breadcrumb\",\"itemListElement\":[{\"@type\":\"ListItem\",\"position\":1,\"name\":\"Accueil\",\"item\":\"https:\\\/\\\/www.webdo.tn\\\/fr\\\/\"},{\"@type\":\"ListItem\",\"position\":2,\"name\":\"Nos bambalounis ont-ils des origines autrichiennes ?\"}]},{\"@type\":\"WebSite\",\"@id\":\"https:\\\/\\\/www.webdo.tn\\\/fr\\\/#website\",\"url\":\"https:\\\/\\\/www.webdo.tn\\\/fr\\\/\",\"name\":\"webdo\",\"description\":\"Tunisie - News en Tunisie et \u00e0 l&#039;international sur Webdo.tn\",\"publisher\":{\"@id\":\"https:\\\/\\\/www.webdo.tn\\\/fr\\\/#organization\"},\"potentialAction\":[{\"@type\":\"SearchAction\",\"target\":{\"@type\":\"EntryPoint\",\"urlTemplate\":\"https:\\\/\\\/www.webdo.tn\\\/fr\\\/?s={search_term_string}\"},\"query-input\":{\"@type\":\"PropertyValueSpecification\",\"valueRequired\":true,\"valueName\":\"search_term_string\"}}],\"inLanguage\":\"fr-FR\"},{\"@type\":\"Organization\",\"@id\":\"https:\\\/\\\/www.webdo.tn\\\/fr\\\/#organization\",\"name\":\"Webdo\",\"alternateName\":\"Webdo.tn\",\"url\":\"https:\\\/\\\/www.webdo.tn\\\/fr\\\/\",\"logo\":{\"@type\":\"ImageObject\",\"inLanguage\":\"fr-FR\",\"@id\":\"https:\\\/\\\/www.webdo.tn\\\/fr\\\/#\\\/schema\\\/logo\\\/image\\\/\",\"url\":\"https:\\\/\\\/www.webdo.tn\\\/fr\\\/wp-content\\\/uploads\\\/2025\\\/06\\\/Webdo-Tunisie_168377.jpg\",\"contentUrl\":\"https:\\\/\\\/www.webdo.tn\\\/fr\\\/wp-content\\\/uploads\\\/2025\\\/06\\\/Webdo-Tunisie_168377.jpg\",\"width\":301,\"height\":301,\"caption\":\"Webdo\"},\"image\":{\"@id\":\"https:\\\/\\\/www.webdo.tn\\\/fr\\\/#\\\/schema\\\/logo\\\/image\\\/\"},\"sameAs\":[\"https:\\\/\\\/www.facebook.com\\\/webdotn\",\"https:\\\/\\\/x.com\\\/webdo_tn\"],\"description\":\"Webdo est un m\u00e9dia num\u00e9rique tunisien fond\u00e9 en 2010, sp\u00e9cialis\u00e9 dans l\u2019actualit\u00e9 nationale et internationale, l\u2019\u00e9conomie, la soci\u00e9t\u00e9 et les analyses politiques. Le site s\u2019adresse \u00e0 un large public francophone et couvre l\u2019information tunisienne en temps r\u00e9el.\",\"email\":\"redac@webdo.tn\",\"legalName\":\"YNJ SARL\",\"foundingDate\":\"2010-09-06\",\"numberOfEmployees\":{\"@type\":\"QuantitativeValue\",\"minValue\":\"11\",\"maxValue\":\"50\"}},{\"@type\":\"Person\",\"@id\":\"https:\\\/\\\/www.webdo.tn\\\/fr\\\/#\\\/schema\\\/person\\\/6bc0beba2cd23aec27cb5df85ca2554f\",\"name\":\"Hatem Bourial\",\"image\":{\"@type\":\"ImageObject\",\"inLanguage\":\"fr-FR\",\"@id\":\"https:\\\/\\\/www.webdo.tn\\\/fr\\\/wp-content\\\/uploads\\\/2026\\\/04\\\/hatem-bourial_avatar-96x96.jpg\",\"url\":\"https:\\\/\\\/www.webdo.tn\\\/fr\\\/wp-content\\\/uploads\\\/2026\\\/04\\\/hatem-bourial_avatar-96x96.jpg\",\"contentUrl\":\"https:\\\/\\\/www.webdo.tn\\\/fr\\\/wp-content\\\/uploads\\\/2026\\\/04\\\/hatem-bourial_avatar-96x96.jpg\",\"caption\":\"Hatem Bourial\"},\"description\":\"Hatem Bourial est journaliste, \u00e9crivain et chroniqueur tunisien. Actif depuis plusieurs d\u00e9cennies, il s\u2019est impos\u00e9 comme un observateur attentif de la soci\u00e9t\u00e9 tunisienne, m\u00ealant dans ses \u00e9crits m\u00e9moire, culture et analyse du quotidien. Auteur de nombreux ouvrages, il d\u00e9veloppe une \u0153uvre \u00e0 la crois\u00e9e du r\u00e9cit, de la po\u00e9sie et de l\u2019observation sociologique. Parall\u00e8lement \u00e0 ses contributions dans la presse, il intervient r\u00e9guli\u00e8rement \u00e0 la radio et dans des espaces culturels, o\u00f9 il explore les enjeux li\u00e9s au patrimoine, \u00e0 l\u2019identit\u00e9 et aux transformations du monde contemporain. \u00c0 travers ses chroniques, Hatem Bourial propose une lecture sensible et approfondie de l\u2019actualit\u00e9, nourrie par une exp\u00e9rience journalistique et litt\u00e9raire reconnue. \ud83d\udd17 Facebook : https:\\\/\\\/www.facebook.com\\\/hatem.bourial.2025\",\"sameAs\":[\"https:\\\/\\\/www.facebook.com\\\/hatem.bourial.2025\",\"https:\\\/\\\/fr.wikipedia.org\\\/wiki\\\/Fichier:Hatem_Bourial.jpg\"],\"knowsAbout\":[\"Culture & patrimoine tunisien\",\"Chronique soci\u00e9tale\",\"Litt\u00e9rature & m\u00e9moire\",\"Cin\u00e9ma & critique culturelle\",\"Identit\u00e9 & mutations sociales\"],\"knowsLanguage\":[\"Arabe\",\"Fran\u00e7ais\",\"Anglais\",\"Italien\",\"Polonais\"],\"jobTitle\":\"Journaliste, \u00e9crivain et chroniqueur culturel\",\"worksFor\":\"Webdo\",\"url\":\"https:\\\/\\\/www.webdo.tn\\\/fr\\\/actualite\\\/author\\\/hatem-bourial-2\\\/\"}]}<\/script>\n<!-- \/ Yoast SEO Premium plugin. -->","yoast_head_json":{"title":"Nos bambalounis ont-ils des origines autrichiennes ?","description":"Est-ce que les bambalounis sont des cousins des krapfen autrichiens ? Une belle histoire qui passe par la Toscane, avant d'arriver \u00e0 Sidi Bou Said.","canonical":"https:\/\/www.webdo.tn\/fr\/actualite\/chroniques\/nos-bambalounis-ont-ils-des-origines-autrichiennes\/208996\/","og_locale":"fr_FR","og_type":"article","og_title":"Nos bambalounis ont-ils des origines autrichiennes ?","og_description":"Est-ce que les bambalounis sont des cousins des krapfen autrichiens ? Une belle histoire qui passe par la Toscane, avant d'arriver \u00e0 Sidi Bou Said.","og_url":"https:\/\/www.webdo.tn\/fr\/actualite\/chroniques\/nos-bambalounis-ont-ils-des-origines-autrichiennes\/208996\/","og_site_name":"webdo","article_publisher":"https:\/\/www.facebook.com\/webdotn","article_author":"https:\/\/www.facebook.com\/hatem.bourial.2025","article_published_time":"2023-09-29T12:12:00+00:00","og_image":[{"width":640,"height":341,"url":"https:\/\/www.webdo.tn\/fr\/wp-content\/uploads\/2023\/09\/f7e942a208636f6aaa5c2ca96fb29d3f.jpg","type":"image\/jpeg"}],"author":"Hatem Bourial","twitter_card":"summary_large_image","twitter_creator":"@webdo_tn","twitter_site":"@webdo_tn","twitter_misc":{"\u00c9crit par":"Hatem Bourial","Dur\u00e9e de lecture estim\u00e9e":"2 minutes"},"schema":{"@context":"https:\/\/schema.org","@graph":[{"@type":"NewsArticle","@id":"https:\/\/www.webdo.tn\/fr\/actualite\/chroniques\/nos-bambalounis-ont-ils-des-origines-autrichiennes\/208996\/#article","isPartOf":{"@id":"https:\/\/www.webdo.tn\/fr\/actualite\/chroniques\/nos-bambalounis-ont-ils-des-origines-autrichiennes\/208996\/"},"author":{"name":"Hatem Bourial","@id":"https:\/\/www.webdo.tn\/fr\/#\/schema\/person\/6bc0beba2cd23aec27cb5df85ca2554f"},"headline":"Nos bambalounis ont-ils des origines autrichiennes ?","datePublished":"2023-09-29T12:12:00+00:00","mainEntityOfPage":{"@id":"https:\/\/www.webdo.tn\/fr\/actualite\/chroniques\/nos-bambalounis-ont-ils-des-origines-autrichiennes\/208996\/"},"wordCount":433,"commentCount":0,"publisher":{"@id":"https:\/\/www.webdo.tn\/fr\/#organization"},"image":{"@id":"https:\/\/www.webdo.tn\/fr\/actualite\/chroniques\/nos-bambalounis-ont-ils-des-origines-autrichiennes\/208996\/#primaryimage"},"thumbnailUrl":"https:\/\/www.webdo.tn\/fr\/wp-content\/uploads\/2023\/09\/f7e942a208636f6aaa5c2ca96fb29d3f.jpg","keywords":["Bambalouni","histoire","Sidi Bousaid","Tunisie"],"articleSection":["Chroniques"],"inLanguage":"fr-FR"},{"@type":"WebPage","@id":"https:\/\/www.webdo.tn\/fr\/actualite\/chroniques\/nos-bambalounis-ont-ils-des-origines-autrichiennes\/208996\/","url":"https:\/\/www.webdo.tn\/fr\/actualite\/chroniques\/nos-bambalounis-ont-ils-des-origines-autrichiennes\/208996\/","name":"Nos bambalounis ont-ils des origines autrichiennes ?","isPartOf":{"@id":"https:\/\/www.webdo.tn\/fr\/#website"},"primaryImageOfPage":{"@id":"https:\/\/www.webdo.tn\/fr\/actualite\/chroniques\/nos-bambalounis-ont-ils-des-origines-autrichiennes\/208996\/#primaryimage"},"image":{"@id":"https:\/\/www.webdo.tn\/fr\/actualite\/chroniques\/nos-bambalounis-ont-ils-des-origines-autrichiennes\/208996\/#primaryimage"},"thumbnailUrl":"https:\/\/www.webdo.tn\/fr\/wp-content\/uploads\/2023\/09\/f7e942a208636f6aaa5c2ca96fb29d3f.jpg","datePublished":"2023-09-29T12:12:00+00:00","description":"Est-ce que les bambalounis sont des cousins des krapfen autrichiens ? Une belle histoire qui passe par la Toscane, avant d'arriver \u00e0 Sidi Bou Said.","breadcrumb":{"@id":"https:\/\/www.webdo.tn\/fr\/actualite\/chroniques\/nos-bambalounis-ont-ils-des-origines-autrichiennes\/208996\/#breadcrumb"},"inLanguage":"fr-FR","potentialAction":[{"@type":"ReadAction","target":["https:\/\/www.webdo.tn\/fr\/actualite\/chroniques\/nos-bambalounis-ont-ils-des-origines-autrichiennes\/208996\/"]}]},{"@type":"ImageObject","inLanguage":"fr-FR","@id":"https:\/\/www.webdo.tn\/fr\/actualite\/chroniques\/nos-bambalounis-ont-ils-des-origines-autrichiennes\/208996\/#primaryimage","url":"https:\/\/www.webdo.tn\/fr\/wp-content\/uploads\/2023\/09\/f7e942a208636f6aaa5c2ca96fb29d3f.jpg","contentUrl":"https:\/\/www.webdo.tn\/fr\/wp-content\/uploads\/2023\/09\/f7e942a208636f6aaa5c2ca96fb29d3f.jpg","width":640,"height":341,"caption":"Nos bambalounis ont-ils des origines autrichiennes ?"},{"@type":"BreadcrumbList","@id":"https:\/\/www.webdo.tn\/fr\/actualite\/chroniques\/nos-bambalounis-ont-ils-des-origines-autrichiennes\/208996\/#breadcrumb","itemListElement":[{"@type":"ListItem","position":1,"name":"Accueil","item":"https:\/\/www.webdo.tn\/fr\/"},{"@type":"ListItem","position":2,"name":"Nos bambalounis ont-ils des origines autrichiennes ?"}]},{"@type":"WebSite","@id":"https:\/\/www.webdo.tn\/fr\/#website","url":"https:\/\/www.webdo.tn\/fr\/","name":"webdo","description":"Tunisie - News en Tunisie et \u00e0 l&#039;international sur Webdo.tn","publisher":{"@id":"https:\/\/www.webdo.tn\/fr\/#organization"},"potentialAction":[{"@type":"SearchAction","target":{"@type":"EntryPoint","urlTemplate":"https:\/\/www.webdo.tn\/fr\/?s={search_term_string}"},"query-input":{"@type":"PropertyValueSpecification","valueRequired":true,"valueName":"search_term_string"}}],"inLanguage":"fr-FR"},{"@type":"Organization","@id":"https:\/\/www.webdo.tn\/fr\/#organization","name":"Webdo","alternateName":"Webdo.tn","url":"https:\/\/www.webdo.tn\/fr\/","logo":{"@type":"ImageObject","inLanguage":"fr-FR","@id":"https:\/\/www.webdo.tn\/fr\/#\/schema\/logo\/image\/","url":"https:\/\/www.webdo.tn\/fr\/wp-content\/uploads\/2025\/06\/Webdo-Tunisie_168377.jpg","contentUrl":"https:\/\/www.webdo.tn\/fr\/wp-content\/uploads\/2025\/06\/Webdo-Tunisie_168377.jpg","width":301,"height":301,"caption":"Webdo"},"image":{"@id":"https:\/\/www.webdo.tn\/fr\/#\/schema\/logo\/image\/"},"sameAs":["https:\/\/www.facebook.com\/webdotn","https:\/\/x.com\/webdo_tn"],"description":"Webdo est un m\u00e9dia num\u00e9rique tunisien fond\u00e9 en 2010, sp\u00e9cialis\u00e9 dans l\u2019actualit\u00e9 nationale et internationale, l\u2019\u00e9conomie, la soci\u00e9t\u00e9 et les analyses politiques. Le site s\u2019adresse \u00e0 un large public francophone et couvre l\u2019information tunisienne en temps r\u00e9el.","email":"redac@webdo.tn","legalName":"YNJ SARL","foundingDate":"2010-09-06","numberOfEmployees":{"@type":"QuantitativeValue","minValue":"11","maxValue":"50"}},{"@type":"Person","@id":"https:\/\/www.webdo.tn\/fr\/#\/schema\/person\/6bc0beba2cd23aec27cb5df85ca2554f","name":"Hatem Bourial","image":{"@type":"ImageObject","inLanguage":"fr-FR","@id":"https:\/\/www.webdo.tn\/fr\/wp-content\/uploads\/2026\/04\/hatem-bourial_avatar-96x96.jpg","url":"https:\/\/www.webdo.tn\/fr\/wp-content\/uploads\/2026\/04\/hatem-bourial_avatar-96x96.jpg","contentUrl":"https:\/\/www.webdo.tn\/fr\/wp-content\/uploads\/2026\/04\/hatem-bourial_avatar-96x96.jpg","caption":"Hatem Bourial"},"description":"Hatem Bourial est journaliste, \u00e9crivain et chroniqueur tunisien. Actif depuis plusieurs d\u00e9cennies, il s\u2019est impos\u00e9 comme un observateur attentif de la soci\u00e9t\u00e9 tunisienne, m\u00ealant dans ses \u00e9crits m\u00e9moire, culture et analyse du quotidien. Auteur de nombreux ouvrages, il d\u00e9veloppe une \u0153uvre \u00e0 la crois\u00e9e du r\u00e9cit, de la po\u00e9sie et de l\u2019observation sociologique. Parall\u00e8lement \u00e0 ses contributions dans la presse, il intervient r\u00e9guli\u00e8rement \u00e0 la radio et dans des espaces culturels, o\u00f9 il explore les enjeux li\u00e9s au patrimoine, \u00e0 l\u2019identit\u00e9 et aux transformations du monde contemporain. \u00c0 travers ses chroniques, Hatem Bourial propose une lecture sensible et approfondie de l\u2019actualit\u00e9, nourrie par une exp\u00e9rience journalistique et litt\u00e9raire reconnue. \ud83d\udd17 Facebook : https:\/\/www.facebook.com\/hatem.bourial.2025","sameAs":["https:\/\/www.facebook.com\/hatem.bourial.2025","https:\/\/fr.wikipedia.org\/wiki\/Fichier:Hatem_Bourial.jpg"],"knowsAbout":["Culture & patrimoine tunisien","Chronique soci\u00e9tale","Litt\u00e9rature & m\u00e9moire","Cin\u00e9ma & critique culturelle","Identit\u00e9 & mutations sociales"],"knowsLanguage":["Arabe","Fran\u00e7ais","Anglais","Italien","Polonais"],"jobTitle":"Journaliste, \u00e9crivain et chroniqueur culturel","worksFor":"Webdo","url":"https:\/\/www.webdo.tn\/fr\/actualite\/author\/hatem-bourial-2\/"}]}},"_links":{"self":[{"href":"https:\/\/www.webdo.tn\/fr\/wp-json\/wp\/v2\/posts\/208996","targetHints":{"allow":["GET"]}}],"collection":[{"href":"https:\/\/www.webdo.tn\/fr\/wp-json\/wp\/v2\/posts"}],"about":[{"href":"https:\/\/www.webdo.tn\/fr\/wp-json\/wp\/v2\/types\/post"}],"author":[{"embeddable":true,"href":"https:\/\/www.webdo.tn\/fr\/wp-json\/wp\/v2\/users\/3229"}],"replies":[{"embeddable":true,"href":"https:\/\/www.webdo.tn\/fr\/wp-json\/wp\/v2\/comments?post=208996"}],"version-history":[{"count":0,"href":"https:\/\/www.webdo.tn\/fr\/wp-json\/wp\/v2\/posts\/208996\/revisions"}],"wp:featuredmedia":[{"embeddable":true,"href":"https:\/\/www.webdo.tn\/fr\/wp-json\/wp\/v2\/media\/249181"}],"wp:attachment":[{"href":"https:\/\/www.webdo.tn\/fr\/wp-json\/wp\/v2\/media?parent=208996"}],"wp:term":[{"taxonomy":"category","embeddable":true,"href":"https:\/\/www.webdo.tn\/fr\/wp-json\/wp\/v2\/categories?post=208996"},{"taxonomy":"post_tag","embeddable":true,"href":"https:\/\/www.webdo.tn\/fr\/wp-json\/wp\/v2\/tags?post=208996"}],"curies":[{"name":"wp","href":"https:\/\/api.w.org\/{rel}","templated":true}]}}