{"id":208978,"date":"2023-09-28T15:18:00","date_gmt":"2023-09-28T15:18:00","guid":{"rendered":"https:\/\/www.webdo.tn\/fr\/blog\/report-de-la-greve-des-transporteurs-de-carburant\/208978\/"},"modified":"2025-05-20T22:10:04","modified_gmt":"2025-05-20T22:10:04","slug":"report-de-la-greve-des-transporteurs-de-carburant","status":"publish","type":"post","link":"https:\/\/www.webdo.tn\/fr\/actualite\/national\/report-de-la-greve-des-transporteurs-de-carburant\/208978\/","title":{"rendered":"Report de la gr\u00e8ve des transporteurs de carburant"},"content":{"rendered":"<p>La gr\u00e8ve des transporteurs de carburant, pr\u00e9vue vendredi 29 et samedi 30 septembre 2023, a \u00e9t\u00e9 report\u00e9e aux 19 et 20 octobre, selon un communiqu\u00e9 publi\u00e9, aujourd\u2019hui, par le minist\u00e8re des Affaires sociales.<\/p>\n<p>\t\t\t\t\t\t\t\t\tLa d\u00e9cision de reporter cette gr\u00e8ve a \u00e9t\u00e9 prise lors d&rsquo;une s\u00e9ance de r\u00e9conciliation tenue, ce jeudi 28 septembre au si\u00e8ge du minist\u00e8re des Affaires sociales, et consacr\u00e9e \u00e0 l&rsquo;examen du pr\u00e9avis de gr\u00e8ve dans le secteur du transport de carburant \u00e9mis par la f\u00e9d\u00e9ration g\u00e9n\u00e9rale du p\u00e9trole et des produits chimiques relevant de l&rsquo;Union g\u00e9n\u00e9rale tunisienne du travail (UGTT).<\/p>\n<p>Les transporteurs de carburant avaient pr\u00e9vu une gr\u00e8ve g\u00e9n\u00e9rale de deux jours, demain et apr\u00e8s-demain alors que l\u2019UGTT exige la signature de l&rsquo;avenant n\u00b010 et l&rsquo;attribution d&rsquo;un accord sectoriel au profit des travailleurs du transport de carburant.<\/p>\n<p>C&rsquo;est le ministre des Affaires sociales, Malek Ezzahi, qui a pr\u00e9sid\u00e9 cette s\u00e9ance de r\u00e9conciliation. celle-ci s&rsquo;est d\u00e9roul\u00e9e en pr\u00e9sence du secr\u00e9taire g\u00e9n\u00e9ral adjoint de l&rsquo;UGTT, Taher Barbari, du repr\u00e9sentant de l&rsquo;Union tunisienne de l&rsquo;industrie, du commerce et de l&rsquo;artisanat (UTICA), Sami Selini, du secr\u00e9taire g\u00e9n\u00e9ral de la f\u00e9d\u00e9ration g\u00e9n\u00e9rale du p\u00e9trole et des produit chimiques et des repr\u00e9sentants des chambres syndicales de transport du p\u00e9trole et des mati\u00e8res dangereuses.<\/p>\n<p>Hier, alors que la partie syndicale insistait sur la tenue de cette gr\u00e8ve, le pr\u00e9sident directeur g\u00e9n\u00e9ral de la Soci\u00e9t\u00e9 nationale de distribution des p\u00e9troles (AGIL), Khaled Bettine, avait tenu \u00e0 rassurer les automobilistes en expliquant que le carburant est disponible et que le rythme d&rsquo;approvisionnement se poursuit normalement.<\/p>\n<p>Le PDG\u00a0 avait \u00e9galement expliqu\u00e9 que certaines soci\u00e9t\u00e9s de transport de carburant ne veulent pas prendre part \u00e0 la gr\u00e8ve.<\/p>\n","protected":false},"excerpt":{"rendered":"<p>La gr\u00e8ve des transporteurs de carburant, pr\u00e9vue vendredi 29 et samedi 30 septembre 2023, a \u00e9t\u00e9 report\u00e9e aux 19 et 20 octobre, selon un communiqu\u00e9 publi\u00e9, aujour&#8230;<\/p>\n","protected":false},"author":3162,"featured_media":289652,"comment_status":"open","ping_status":"closed","sticky":false,"template":"","format":"standard","meta":{"footnotes":""},"categories":[44],"tags":[4956,2647,2818,2649],"class_list":["post-208978","post","type-post","status-publish","format-standard","has-post-thumbnail","hentry","category-national","tag-carburant","tag-greve","tag-transport","tag-ugtt"],"yoast_head":"<!-- This site is optimized with the Yoast SEO Premium plugin v27.4 (Yoast SEO v27.5) - https:\/\/yoast.com\/product\/yoast-seo-premium-wordpress\/ -->\n<title>Report de la gr\u00e8ve des transporteurs de carburant<\/title>\n<meta name=\"description\" content=\"La gr\u00e8ve des transporteurs de carburant, pr\u00e9vue vendredi 29 et samedi 30 septembre 2023, a \u00e9t\u00e9 report\u00e9e aux 19 et 20 octobre, selon un communiqu\u00e9 publi\u00e9, aujour...\" \/>\n<link rel=\"canonical\" href=\"https:\/\/www.webdo.tn\/fr\/actualite\/national\/report-de-la-greve-des-transporteurs-de-carburant\/208978\/\" \/>\n<meta property=\"og:locale\" content=\"fr_FR\" \/>\n<meta property=\"og:type\" content=\"article\" \/>\n<meta property=\"og:title\" content=\"Report de la gr\u00e8ve des transporteurs de carburant\" \/>\n<meta property=\"og:description\" content=\"La gr\u00e8ve des transporteurs de carburant, pr\u00e9vue vendredi 29 et samedi 30 septembre 2023, a \u00e9t\u00e9 report\u00e9e aux 19 et 20 octobre, selon un communiqu\u00e9 publi\u00e9, aujour...\" \/>\n<meta property=\"og:url\" content=\"https:\/\/www.webdo.tn\/fr\/actualite\/national\/report-de-la-greve-des-transporteurs-de-carburant\/208978\/\" \/>\n<meta property=\"og:site_name\" content=\"webdo\" \/>\n<meta property=\"article:publisher\" content=\"https:\/\/www.facebook.com\/webdotn\" \/>\n<meta property=\"article:published_time\" content=\"2023-09-28T15:18:00+00:00\" \/>\n<meta property=\"article:modified_time\" content=\"2025-05-20T22:10:04+00:00\" \/>\n<meta property=\"og:image\" content=\"https:\/\/www.webdo.tn\/fr\/wp-content\/uploads\/2023\/09\/f0341352a2ad97c21333065dcefe1eaa.jpg\" \/>\n\t<meta property=\"og:image:width\" content=\"750\" \/>\n\t<meta property=\"og:image:height\" content=\"400\" \/>\n\t<meta property=\"og:image:type\" content=\"image\/jpeg\" \/>\n<meta name=\"author\" content=\"MC\" \/>\n<meta name=\"twitter:card\" content=\"summary_large_image\" \/>\n<meta name=\"twitter:creator\" content=\"@webdo_tn\" \/>\n<meta name=\"twitter:site\" content=\"@webdo_tn\" \/>\n<meta name=\"twitter:label1\" content=\"\u00c9crit par\" \/>\n\t<meta name=\"twitter:data1\" content=\"MC\" \/>\n\t<meta name=\"twitter:label2\" content=\"Dur\u00e9e de lecture estim\u00e9e\" \/>\n\t<meta name=\"twitter:data2\" content=\"2 minutes\" \/>\n<script type=\"application\/ld+json\" class=\"yoast-schema-graph\">{\"@context\":\"https:\\\/\\\/schema.org\",\"@graph\":[{\"@type\":\"NewsArticle\",\"@id\":\"https:\\\/\\\/www.webdo.tn\\\/fr\\\/actualite\\\/national\\\/report-de-la-greve-des-transporteurs-de-carburant\\\/208978\\\/#article\",\"isPartOf\":{\"@id\":\"https:\\\/\\\/www.webdo.tn\\\/fr\\\/actualite\\\/national\\\/report-de-la-greve-des-transporteurs-de-carburant\\\/208978\\\/\"},\"author\":{\"name\":\"MC\",\"@id\":\"https:\\\/\\\/www.webdo.tn\\\/fr\\\/#\\\/schema\\\/person\\\/2c4929cbf5a809e3bd38617c6ce150f6\"},\"headline\":\"Report de la gr\u00e8ve des transporteurs de carburant\",\"datePublished\":\"2023-09-28T15:18:00+00:00\",\"dateModified\":\"2025-05-20T22:10:04+00:00\",\"mainEntityOfPage\":{\"@id\":\"https:\\\/\\\/www.webdo.tn\\\/fr\\\/actualite\\\/national\\\/report-de-la-greve-des-transporteurs-de-carburant\\\/208978\\\/\"},\"wordCount\":339,\"commentCount\":0,\"publisher\":{\"@id\":\"https:\\\/\\\/www.webdo.tn\\\/fr\\\/#organization\"},\"image\":{\"@id\":\"https:\\\/\\\/www.webdo.tn\\\/fr\\\/actualite\\\/national\\\/report-de-la-greve-des-transporteurs-de-carburant\\\/208978\\\/#primaryimage\"},\"thumbnailUrl\":\"https:\\\/\\\/www.webdo.tn\\\/fr\\\/wp-content\\\/uploads\\\/2023\\\/09\\\/f0341352a2ad97c21333065dcefe1eaa.jpg\",\"keywords\":[\"carburant\",\"Gr\u00e8ve\",\"Transport\",\"UGTT\"],\"articleSection\":[\"National\"],\"inLanguage\":\"fr-FR\"},{\"@type\":\"WebPage\",\"@id\":\"https:\\\/\\\/www.webdo.tn\\\/fr\\\/actualite\\\/national\\\/report-de-la-greve-des-transporteurs-de-carburant\\\/208978\\\/\",\"url\":\"https:\\\/\\\/www.webdo.tn\\\/fr\\\/actualite\\\/national\\\/report-de-la-greve-des-transporteurs-de-carburant\\\/208978\\\/\",\"name\":\"Report de la gr\u00e8ve des transporteurs de carburant\",\"isPartOf\":{\"@id\":\"https:\\\/\\\/www.webdo.tn\\\/fr\\\/#website\"},\"primaryImageOfPage\":{\"@id\":\"https:\\\/\\\/www.webdo.tn\\\/fr\\\/actualite\\\/national\\\/report-de-la-greve-des-transporteurs-de-carburant\\\/208978\\\/#primaryimage\"},\"image\":{\"@id\":\"https:\\\/\\\/www.webdo.tn\\\/fr\\\/actualite\\\/national\\\/report-de-la-greve-des-transporteurs-de-carburant\\\/208978\\\/#primaryimage\"},\"thumbnailUrl\":\"https:\\\/\\\/www.webdo.tn\\\/fr\\\/wp-content\\\/uploads\\\/2023\\\/09\\\/f0341352a2ad97c21333065dcefe1eaa.jpg\",\"datePublished\":\"2023-09-28T15:18:00+00:00\",\"dateModified\":\"2025-05-20T22:10:04+00:00\",\"description\":\"La gr\u00e8ve des transporteurs de carburant, pr\u00e9vue vendredi 29 et samedi 30 septembre 2023, a \u00e9t\u00e9 report\u00e9e aux 19 et 20 octobre, selon un communiqu\u00e9 publi\u00e9, aujour...\",\"breadcrumb\":{\"@id\":\"https:\\\/\\\/www.webdo.tn\\\/fr\\\/actualite\\\/national\\\/report-de-la-greve-des-transporteurs-de-carburant\\\/208978\\\/#breadcrumb\"},\"inLanguage\":\"fr-FR\",\"potentialAction\":[{\"@type\":\"ReadAction\",\"target\":[\"https:\\\/\\\/www.webdo.tn\\\/fr\\\/actualite\\\/national\\\/report-de-la-greve-des-transporteurs-de-carburant\\\/208978\\\/\"]}]},{\"@type\":\"ImageObject\",\"inLanguage\":\"fr-FR\",\"@id\":\"https:\\\/\\\/www.webdo.tn\\\/fr\\\/actualite\\\/national\\\/report-de-la-greve-des-transporteurs-de-carburant\\\/208978\\\/#primaryimage\",\"url\":\"https:\\\/\\\/www.webdo.tn\\\/fr\\\/wp-content\\\/uploads\\\/2023\\\/09\\\/f0341352a2ad97c21333065dcefe1eaa.jpg\",\"contentUrl\":\"https:\\\/\\\/www.webdo.tn\\\/fr\\\/wp-content\\\/uploads\\\/2023\\\/09\\\/f0341352a2ad97c21333065dcefe1eaa.jpg\",\"width\":750,\"height\":400,\"caption\":\"Report de la gr\u00e8ve des transporteurs de carburant\"},{\"@type\":\"BreadcrumbList\",\"@id\":\"https:\\\/\\\/www.webdo.tn\\\/fr\\\/actualite\\\/national\\\/report-de-la-greve-des-transporteurs-de-carburant\\\/208978\\\/#breadcrumb\",\"itemListElement\":[{\"@type\":\"ListItem\",\"position\":1,\"name\":\"Accueil\",\"item\":\"https:\\\/\\\/www.webdo.tn\\\/fr\\\/\"},{\"@type\":\"ListItem\",\"position\":2,\"name\":\"Report de la gr\u00e8ve des transporteurs de carburant\"}]},{\"@type\":\"WebSite\",\"@id\":\"https:\\\/\\\/www.webdo.tn\\\/fr\\\/#website\",\"url\":\"https:\\\/\\\/www.webdo.tn\\\/fr\\\/\",\"name\":\"webdo\",\"description\":\"Tunisie - News en Tunisie et \u00e0 l&#039;international sur Webdo.tn\",\"publisher\":{\"@id\":\"https:\\\/\\\/www.webdo.tn\\\/fr\\\/#organization\"},\"potentialAction\":[{\"@type\":\"SearchAction\",\"target\":{\"@type\":\"EntryPoint\",\"urlTemplate\":\"https:\\\/\\\/www.webdo.tn\\\/fr\\\/?s={search_term_string}\"},\"query-input\":{\"@type\":\"PropertyValueSpecification\",\"valueRequired\":true,\"valueName\":\"search_term_string\"}}],\"inLanguage\":\"fr-FR\"},{\"@type\":\"Organization\",\"@id\":\"https:\\\/\\\/www.webdo.tn\\\/fr\\\/#organization\",\"name\":\"Webdo\",\"alternateName\":\"Webdo.tn\",\"url\":\"https:\\\/\\\/www.webdo.tn\\\/fr\\\/\",\"logo\":{\"@type\":\"ImageObject\",\"inLanguage\":\"fr-FR\",\"@id\":\"https:\\\/\\\/www.webdo.tn\\\/fr\\\/#\\\/schema\\\/logo\\\/image\\\/\",\"url\":\"https:\\\/\\\/www.webdo.tn\\\/fr\\\/wp-content\\\/uploads\\\/2025\\\/06\\\/Webdo-Tunisie_168377.jpg\",\"contentUrl\":\"https:\\\/\\\/www.webdo.tn\\\/fr\\\/wp-content\\\/uploads\\\/2025\\\/06\\\/Webdo-Tunisie_168377.jpg\",\"width\":301,\"height\":301,\"caption\":\"Webdo\"},\"image\":{\"@id\":\"https:\\\/\\\/www.webdo.tn\\\/fr\\\/#\\\/schema\\\/logo\\\/image\\\/\"},\"sameAs\":[\"https:\\\/\\\/www.facebook.com\\\/webdotn\",\"https:\\\/\\\/x.com\\\/webdo_tn\"],\"description\":\"Webdo est un m\u00e9dia num\u00e9rique tunisien fond\u00e9 en 2010, sp\u00e9cialis\u00e9 dans l\u2019actualit\u00e9 nationale et internationale, l\u2019\u00e9conomie, la soci\u00e9t\u00e9 et les analyses politiques. Le site s\u2019adresse \u00e0 un large public francophone et couvre l\u2019information tunisienne en temps r\u00e9el.\",\"email\":\"redac@webdo.tn\",\"legalName\":\"YNJ SARL\",\"foundingDate\":\"2010-09-06\",\"numberOfEmployees\":{\"@type\":\"QuantitativeValue\",\"minValue\":\"11\",\"maxValue\":\"50\"}},{\"@type\":\"Person\",\"@id\":\"https:\\\/\\\/www.webdo.tn\\\/fr\\\/#\\\/schema\\\/person\\\/2c4929cbf5a809e3bd38617c6ce150f6\",\"name\":\"MC\",\"image\":{\"@type\":\"ImageObject\",\"inLanguage\":\"fr-FR\",\"@id\":\"https:\\\/\\\/secure.gravatar.com\\\/avatar\\\/a545bbb6f84efdd5553dbbc2895e3ca8f1d12c5215e00a041c9670b54aa9b18a?s=96&d=mm&r=g\",\"url\":\"https:\\\/\\\/secure.gravatar.com\\\/avatar\\\/a545bbb6f84efdd5553dbbc2895e3ca8f1d12c5215e00a041c9670b54aa9b18a?s=96&d=mm&r=g\",\"contentUrl\":\"https:\\\/\\\/secure.gravatar.com\\\/avatar\\\/a545bbb6f84efdd5553dbbc2895e3ca8f1d12c5215e00a041c9670b54aa9b18a?s=96&d=mm&r=g\",\"caption\":\"MC\"},\"url\":\"https:\\\/\\\/www.webdo.tn\\\/fr\\\/actualite\\\/author\\\/mc\\\/\"}]}<\/script>\n<!-- \/ Yoast SEO Premium plugin. -->","yoast_head_json":{"title":"Report de la gr\u00e8ve des transporteurs de carburant","description":"La gr\u00e8ve des transporteurs de carburant, pr\u00e9vue vendredi 29 et samedi 30 septembre 2023, a \u00e9t\u00e9 report\u00e9e aux 19 et 20 octobre, selon un communiqu\u00e9 publi\u00e9, aujour...","canonical":"https:\/\/www.webdo.tn\/fr\/actualite\/national\/report-de-la-greve-des-transporteurs-de-carburant\/208978\/","og_locale":"fr_FR","og_type":"article","og_title":"Report de la gr\u00e8ve des transporteurs de carburant","og_description":"La gr\u00e8ve des transporteurs de carburant, pr\u00e9vue vendredi 29 et samedi 30 septembre 2023, a \u00e9t\u00e9 report\u00e9e aux 19 et 20 octobre, selon un communiqu\u00e9 publi\u00e9, aujour...","og_url":"https:\/\/www.webdo.tn\/fr\/actualite\/national\/report-de-la-greve-des-transporteurs-de-carburant\/208978\/","og_site_name":"webdo","article_publisher":"https:\/\/www.facebook.com\/webdotn","article_published_time":"2023-09-28T15:18:00+00:00","article_modified_time":"2025-05-20T22:10:04+00:00","og_image":[{"width":750,"height":400,"url":"https:\/\/www.webdo.tn\/fr\/wp-content\/uploads\/2023\/09\/f0341352a2ad97c21333065dcefe1eaa.jpg","type":"image\/jpeg"}],"author":"MC","twitter_card":"summary_large_image","twitter_creator":"@webdo_tn","twitter_site":"@webdo_tn","twitter_misc":{"\u00c9crit par":"MC","Dur\u00e9e de lecture estim\u00e9e":"2 minutes"},"schema":{"@context":"https:\/\/schema.org","@graph":[{"@type":"NewsArticle","@id":"https:\/\/www.webdo.tn\/fr\/actualite\/national\/report-de-la-greve-des-transporteurs-de-carburant\/208978\/#article","isPartOf":{"@id":"https:\/\/www.webdo.tn\/fr\/actualite\/national\/report-de-la-greve-des-transporteurs-de-carburant\/208978\/"},"author":{"name":"MC","@id":"https:\/\/www.webdo.tn\/fr\/#\/schema\/person\/2c4929cbf5a809e3bd38617c6ce150f6"},"headline":"Report de la gr\u00e8ve des transporteurs de carburant","datePublished":"2023-09-28T15:18:00+00:00","dateModified":"2025-05-20T22:10:04+00:00","mainEntityOfPage":{"@id":"https:\/\/www.webdo.tn\/fr\/actualite\/national\/report-de-la-greve-des-transporteurs-de-carburant\/208978\/"},"wordCount":339,"commentCount":0,"publisher":{"@id":"https:\/\/www.webdo.tn\/fr\/#organization"},"image":{"@id":"https:\/\/www.webdo.tn\/fr\/actualite\/national\/report-de-la-greve-des-transporteurs-de-carburant\/208978\/#primaryimage"},"thumbnailUrl":"https:\/\/www.webdo.tn\/fr\/wp-content\/uploads\/2023\/09\/f0341352a2ad97c21333065dcefe1eaa.jpg","keywords":["carburant","Gr\u00e8ve","Transport","UGTT"],"articleSection":["National"],"inLanguage":"fr-FR"},{"@type":"WebPage","@id":"https:\/\/www.webdo.tn\/fr\/actualite\/national\/report-de-la-greve-des-transporteurs-de-carburant\/208978\/","url":"https:\/\/www.webdo.tn\/fr\/actualite\/national\/report-de-la-greve-des-transporteurs-de-carburant\/208978\/","name":"Report de la gr\u00e8ve des transporteurs de carburant","isPartOf":{"@id":"https:\/\/www.webdo.tn\/fr\/#website"},"primaryImageOfPage":{"@id":"https:\/\/www.webdo.tn\/fr\/actualite\/national\/report-de-la-greve-des-transporteurs-de-carburant\/208978\/#primaryimage"},"image":{"@id":"https:\/\/www.webdo.tn\/fr\/actualite\/national\/report-de-la-greve-des-transporteurs-de-carburant\/208978\/#primaryimage"},"thumbnailUrl":"https:\/\/www.webdo.tn\/fr\/wp-content\/uploads\/2023\/09\/f0341352a2ad97c21333065dcefe1eaa.jpg","datePublished":"2023-09-28T15:18:00+00:00","dateModified":"2025-05-20T22:10:04+00:00","description":"La gr\u00e8ve des transporteurs de carburant, pr\u00e9vue vendredi 29 et samedi 30 septembre 2023, a \u00e9t\u00e9 report\u00e9e aux 19 et 20 octobre, selon un communiqu\u00e9 publi\u00e9, aujour...","breadcrumb":{"@id":"https:\/\/www.webdo.tn\/fr\/actualite\/national\/report-de-la-greve-des-transporteurs-de-carburant\/208978\/#breadcrumb"},"inLanguage":"fr-FR","potentialAction":[{"@type":"ReadAction","target":["https:\/\/www.webdo.tn\/fr\/actualite\/national\/report-de-la-greve-des-transporteurs-de-carburant\/208978\/"]}]},{"@type":"ImageObject","inLanguage":"fr-FR","@id":"https:\/\/www.webdo.tn\/fr\/actualite\/national\/report-de-la-greve-des-transporteurs-de-carburant\/208978\/#primaryimage","url":"https:\/\/www.webdo.tn\/fr\/wp-content\/uploads\/2023\/09\/f0341352a2ad97c21333065dcefe1eaa.jpg","contentUrl":"https:\/\/www.webdo.tn\/fr\/wp-content\/uploads\/2023\/09\/f0341352a2ad97c21333065dcefe1eaa.jpg","width":750,"height":400,"caption":"Report de la gr\u00e8ve des transporteurs de carburant"},{"@type":"BreadcrumbList","@id":"https:\/\/www.webdo.tn\/fr\/actualite\/national\/report-de-la-greve-des-transporteurs-de-carburant\/208978\/#breadcrumb","itemListElement":[{"@type":"ListItem","position":1,"name":"Accueil","item":"https:\/\/www.webdo.tn\/fr\/"},{"@type":"ListItem","position":2,"name":"Report de la gr\u00e8ve des transporteurs de carburant"}]},{"@type":"WebSite","@id":"https:\/\/www.webdo.tn\/fr\/#website","url":"https:\/\/www.webdo.tn\/fr\/","name":"webdo","description":"Tunisie - News en Tunisie et \u00e0 l&#039;international sur Webdo.tn","publisher":{"@id":"https:\/\/www.webdo.tn\/fr\/#organization"},"potentialAction":[{"@type":"SearchAction","target":{"@type":"EntryPoint","urlTemplate":"https:\/\/www.webdo.tn\/fr\/?s={search_term_string}"},"query-input":{"@type":"PropertyValueSpecification","valueRequired":true,"valueName":"search_term_string"}}],"inLanguage":"fr-FR"},{"@type":"Organization","@id":"https:\/\/www.webdo.tn\/fr\/#organization","name":"Webdo","alternateName":"Webdo.tn","url":"https:\/\/www.webdo.tn\/fr\/","logo":{"@type":"ImageObject","inLanguage":"fr-FR","@id":"https:\/\/www.webdo.tn\/fr\/#\/schema\/logo\/image\/","url":"https:\/\/www.webdo.tn\/fr\/wp-content\/uploads\/2025\/06\/Webdo-Tunisie_168377.jpg","contentUrl":"https:\/\/www.webdo.tn\/fr\/wp-content\/uploads\/2025\/06\/Webdo-Tunisie_168377.jpg","width":301,"height":301,"caption":"Webdo"},"image":{"@id":"https:\/\/www.webdo.tn\/fr\/#\/schema\/logo\/image\/"},"sameAs":["https:\/\/www.facebook.com\/webdotn","https:\/\/x.com\/webdo_tn"],"description":"Webdo est un m\u00e9dia num\u00e9rique tunisien fond\u00e9 en 2010, sp\u00e9cialis\u00e9 dans l\u2019actualit\u00e9 nationale et internationale, l\u2019\u00e9conomie, la soci\u00e9t\u00e9 et les analyses politiques. Le site s\u2019adresse \u00e0 un large public francophone et couvre l\u2019information tunisienne en temps r\u00e9el.","email":"redac@webdo.tn","legalName":"YNJ SARL","foundingDate":"2010-09-06","numberOfEmployees":{"@type":"QuantitativeValue","minValue":"11","maxValue":"50"}},{"@type":"Person","@id":"https:\/\/www.webdo.tn\/fr\/#\/schema\/person\/2c4929cbf5a809e3bd38617c6ce150f6","name":"MC","image":{"@type":"ImageObject","inLanguage":"fr-FR","@id":"https:\/\/secure.gravatar.com\/avatar\/a545bbb6f84efdd5553dbbc2895e3ca8f1d12c5215e00a041c9670b54aa9b18a?s=96&d=mm&r=g","url":"https:\/\/secure.gravatar.com\/avatar\/a545bbb6f84efdd5553dbbc2895e3ca8f1d12c5215e00a041c9670b54aa9b18a?s=96&d=mm&r=g","contentUrl":"https:\/\/secure.gravatar.com\/avatar\/a545bbb6f84efdd5553dbbc2895e3ca8f1d12c5215e00a041c9670b54aa9b18a?s=96&d=mm&r=g","caption":"MC"},"url":"https:\/\/www.webdo.tn\/fr\/actualite\/author\/mc\/"}]}},"_links":{"self":[{"href":"https:\/\/www.webdo.tn\/fr\/wp-json\/wp\/v2\/posts\/208978","targetHints":{"allow":["GET"]}}],"collection":[{"href":"https:\/\/www.webdo.tn\/fr\/wp-json\/wp\/v2\/posts"}],"about":[{"href":"https:\/\/www.webdo.tn\/fr\/wp-json\/wp\/v2\/types\/post"}],"author":[{"embeddable":true,"href":"https:\/\/www.webdo.tn\/fr\/wp-json\/wp\/v2\/users\/3162"}],"replies":[{"embeddable":true,"href":"https:\/\/www.webdo.tn\/fr\/wp-json\/wp\/v2\/comments?post=208978"}],"version-history":[{"count":0,"href":"https:\/\/www.webdo.tn\/fr\/wp-json\/wp\/v2\/posts\/208978\/revisions"}],"wp:featuredmedia":[{"embeddable":true,"href":"https:\/\/www.webdo.tn\/fr\/wp-json\/wp\/v2\/media\/289652"}],"wp:attachment":[{"href":"https:\/\/www.webdo.tn\/fr\/wp-json\/wp\/v2\/media?parent=208978"}],"wp:term":[{"taxonomy":"category","embeddable":true,"href":"https:\/\/www.webdo.tn\/fr\/wp-json\/wp\/v2\/categories?post=208978"},{"taxonomy":"post_tag","embeddable":true,"href":"https:\/\/www.webdo.tn\/fr\/wp-json\/wp\/v2\/tags?post=208978"}],"curies":[{"name":"wp","href":"https:\/\/api.w.org\/{rel}","templated":true}]}}