{"id":208952,"date":"2023-09-27T13:52:00","date_gmt":"2023-09-27T13:52:00","guid":{"rendered":"https:\/\/www.webdo.tn\/fr\/blog\/le-conseil-national-de-la-fiscalite-examine-le-plf-2024\/208952\/"},"modified":"2023-09-27T13:52:00","modified_gmt":"2023-09-27T13:52:00","slug":"le-conseil-national-de-la-fiscalite-examine-le-plf-2024","status":"publish","type":"post","link":"https:\/\/www.webdo.tn\/fr\/actualite\/national\/le-conseil-national-de-la-fiscalite-examine-le-plf-2024\/208952\/","title":{"rendered":"Le Conseil National de la Fiscalit\u00e9 examine le PLF 2024"},"content":{"rendered":"<p>Les travaux du Conseil National de la Fiscalit\u00e9, qui se sont d\u00e9roul\u00e9s au si\u00e8ge du minist\u00e8re des Finances, se sont concentr\u00e9s sur l&rsquo;examen des grandes orientations et les principales mesures du projet de la Loi de Finances 2024 (PLF 2024).<\/p>\n<p>\t\t\t\t\t\t\t\t\tLe Conseil National de la Fiscalit\u00e9 a notamment \u00e9tudi\u00e9 les points concernant la poursuite du soutien \u00e0 l&rsquo;entreprise \u00e9conomique, l\u2019impulsion de l\u2019investissement, l\u2019appui de l&rsquo;\u00e9conomie verte et de d\u00e9veloppement durable, la lutte contre l\u2019\u00e9vasion fiscale, et la mise en place davantage de garanties au profit des contribuables.<\/p>\n<p>Dans ce cadre, la ministre de Finances, Sihem Boughdiri Nemsia, a pr\u00e9sent\u00e9\u00a0un aper\u00e7u sur les principaux indicateurs \u00e9conomiques, \u00e0 l\u2019\u00e9chelle nationale et internationale, faisant \u00e9tat de l\u2019existence, toujours, de pressions sur les finances publiques.<\/p>\n<p>Les membres du Conseil ont pr\u00e9sent\u00e9 des propositions compl\u00e9mentaires au PLF 2024, en relation avec\u00a0l\u2019impulsion de l\u2019investissement, et le soutien d\u2019un nombre de secteurs \u00e9conomiques.<\/p>\n","protected":false},"excerpt":{"rendered":"<p>Les travaux du Conseil National de la Fiscalit\u00e9, qui se sont d\u00e9roul\u00e9s au si\u00e8ge du minist\u00e8re des Finances, se sont concentr\u00e9s sur l&rsquo;examen des grandes orientatio&#8230;<\/p>\n","protected":false},"author":3169,"featured_media":289651,"comment_status":"open","ping_status":"closed","sticky":false,"template":"","format":"standard","meta":{"footnotes":""},"categories":[44],"tags":[9809,7325,7432,7429,2608],"class_list":["post-208952","post","type-post","status-publish","format-standard","has-post-thumbnail","hentry","category-national","tag-loi-des-finances","tag-conseil","tag-fiscalite","tag-plf-2024","tag-tunisie"],"yoast_head":"<!-- This site is optimized with the Yoast SEO Premium plugin v27.5 (Yoast SEO v27.5) - https:\/\/yoast.com\/product\/yoast-seo-premium-wordpress\/ -->\n<title>Le Conseil National de la Fiscalit\u00e9 examine le PLF 2024<\/title>\n<meta name=\"description\" content=\"Les travaux du Conseil National de la Fiscalit\u00e9, qui se sont d\u00e9roul\u00e9s au si\u00e8ge du minist\u00e8re des Finances, se sont concentr\u00e9s sur l&#039;examen des grandes orientatio...\" \/>\n<link rel=\"canonical\" href=\"https:\/\/www.webdo.tn\/fr\/actualite\/national\/le-conseil-national-de-la-fiscalite-examine-le-plf-2024\/208952\/\" \/>\n<meta property=\"og:locale\" content=\"fr_FR\" \/>\n<meta property=\"og:type\" content=\"article\" \/>\n<meta property=\"og:title\" content=\"Le Conseil National de la Fiscalit\u00e9 examine le PLF 2024\" \/>\n<meta property=\"og:description\" content=\"Les travaux du Conseil National de la Fiscalit\u00e9, qui se sont d\u00e9roul\u00e9s au si\u00e8ge du minist\u00e8re des Finances, se sont concentr\u00e9s sur l&#039;examen des grandes orientatio...\" \/>\n<meta property=\"og:url\" content=\"https:\/\/www.webdo.tn\/fr\/actualite\/national\/le-conseil-national-de-la-fiscalite-examine-le-plf-2024\/208952\/\" \/>\n<meta property=\"og:site_name\" content=\"webdo\" \/>\n<meta property=\"article:publisher\" content=\"https:\/\/www.facebook.com\/webdotn\" \/>\n<meta property=\"article:published_time\" content=\"2023-09-27T13:52:00+00:00\" \/>\n<meta property=\"og:image\" content=\"https:\/\/www.webdo.tn\/fr\/wp-content\/uploads\/2023\/09\/84ac16ecc8bf13beeedd17f27c7dfde2.jpg\" \/>\n\t<meta property=\"og:image:width\" content=\"750\" \/>\n\t<meta property=\"og:image:height\" content=\"400\" \/>\n\t<meta property=\"og:image:type\" content=\"image\/jpeg\" \/>\n<meta name=\"author\" content=\"Webdo\" \/>\n<meta name=\"twitter:card\" content=\"summary_large_image\" \/>\n<meta name=\"twitter:creator\" content=\"@webdo_tn\" \/>\n<meta name=\"twitter:site\" content=\"@webdo_tn\" \/>\n<meta name=\"twitter:label1\" content=\"\u00c9crit par\" \/>\n\t<meta name=\"twitter:data1\" content=\"Webdo\" \/>\n\t<meta name=\"twitter:label2\" content=\"Dur\u00e9e de lecture estim\u00e9e\" \/>\n\t<meta name=\"twitter:data2\" content=\"1 minute\" \/>\n<script type=\"application\/ld+json\" class=\"yoast-schema-graph\">{\"@context\":\"https:\\\/\\\/schema.org\",\"@graph\":[{\"@type\":\"NewsArticle\",\"@id\":\"https:\\\/\\\/www.webdo.tn\\\/fr\\\/actualite\\\/national\\\/le-conseil-national-de-la-fiscalite-examine-le-plf-2024\\\/208952\\\/#article\",\"isPartOf\":{\"@id\":\"https:\\\/\\\/www.webdo.tn\\\/fr\\\/actualite\\\/national\\\/le-conseil-national-de-la-fiscalite-examine-le-plf-2024\\\/208952\\\/\"},\"author\":{\"name\":\"Webdo\",\"@id\":\"https:\\\/\\\/www.webdo.tn\\\/fr\\\/#\\\/schema\\\/person\\\/1f4e491e0907b413d61089e8eb573acc\"},\"headline\":\"Le Conseil National de la Fiscalit\u00e9 examine le PLF 2024\",\"datePublished\":\"2023-09-27T13:52:00+00:00\",\"mainEntityOfPage\":{\"@id\":\"https:\\\/\\\/www.webdo.tn\\\/fr\\\/actualite\\\/national\\\/le-conseil-national-de-la-fiscalite-examine-le-plf-2024\\\/208952\\\/\"},\"wordCount\":174,\"commentCount\":0,\"publisher\":{\"@id\":\"https:\\\/\\\/www.webdo.tn\\\/fr\\\/#organization\"},\"image\":{\"@id\":\"https:\\\/\\\/www.webdo.tn\\\/fr\\\/actualite\\\/national\\\/le-conseil-national-de-la-fiscalite-examine-le-plf-2024\\\/208952\\\/#primaryimage\"},\"thumbnailUrl\":\"https:\\\/\\\/www.webdo.tn\\\/fr\\\/wp-content\\\/uploads\\\/2023\\\/09\\\/84ac16ecc8bf13beeedd17f27c7dfde2.jpg\",\"keywords\":[\"'Loi des finances'\",\"conseil\",\"fiscalit\u00e9\",\"PLF 2024\",\"Tunisie\"],\"articleSection\":[\"National\"],\"inLanguage\":\"fr-FR\"},{\"@type\":\"WebPage\",\"@id\":\"https:\\\/\\\/www.webdo.tn\\\/fr\\\/actualite\\\/national\\\/le-conseil-national-de-la-fiscalite-examine-le-plf-2024\\\/208952\\\/\",\"url\":\"https:\\\/\\\/www.webdo.tn\\\/fr\\\/actualite\\\/national\\\/le-conseil-national-de-la-fiscalite-examine-le-plf-2024\\\/208952\\\/\",\"name\":\"Le Conseil National de la Fiscalit\u00e9 examine le PLF 2024\",\"isPartOf\":{\"@id\":\"https:\\\/\\\/www.webdo.tn\\\/fr\\\/#website\"},\"primaryImageOfPage\":{\"@id\":\"https:\\\/\\\/www.webdo.tn\\\/fr\\\/actualite\\\/national\\\/le-conseil-national-de-la-fiscalite-examine-le-plf-2024\\\/208952\\\/#primaryimage\"},\"image\":{\"@id\":\"https:\\\/\\\/www.webdo.tn\\\/fr\\\/actualite\\\/national\\\/le-conseil-national-de-la-fiscalite-examine-le-plf-2024\\\/208952\\\/#primaryimage\"},\"thumbnailUrl\":\"https:\\\/\\\/www.webdo.tn\\\/fr\\\/wp-content\\\/uploads\\\/2023\\\/09\\\/84ac16ecc8bf13beeedd17f27c7dfde2.jpg\",\"datePublished\":\"2023-09-27T13:52:00+00:00\",\"description\":\"Les travaux du Conseil National de la Fiscalit\u00e9, qui se sont d\u00e9roul\u00e9s au si\u00e8ge du minist\u00e8re des Finances, se sont concentr\u00e9s sur l'examen des grandes orientatio...\",\"breadcrumb\":{\"@id\":\"https:\\\/\\\/www.webdo.tn\\\/fr\\\/actualite\\\/national\\\/le-conseil-national-de-la-fiscalite-examine-le-plf-2024\\\/208952\\\/#breadcrumb\"},\"inLanguage\":\"fr-FR\",\"potentialAction\":[{\"@type\":\"ReadAction\",\"target\":[\"https:\\\/\\\/www.webdo.tn\\\/fr\\\/actualite\\\/national\\\/le-conseil-national-de-la-fiscalite-examine-le-plf-2024\\\/208952\\\/\"]}]},{\"@type\":\"ImageObject\",\"inLanguage\":\"fr-FR\",\"@id\":\"https:\\\/\\\/www.webdo.tn\\\/fr\\\/actualite\\\/national\\\/le-conseil-national-de-la-fiscalite-examine-le-plf-2024\\\/208952\\\/#primaryimage\",\"url\":\"https:\\\/\\\/www.webdo.tn\\\/fr\\\/wp-content\\\/uploads\\\/2023\\\/09\\\/84ac16ecc8bf13beeedd17f27c7dfde2.jpg\",\"contentUrl\":\"https:\\\/\\\/www.webdo.tn\\\/fr\\\/wp-content\\\/uploads\\\/2023\\\/09\\\/84ac16ecc8bf13beeedd17f27c7dfde2.jpg\",\"width\":750,\"height\":400,\"caption\":\"Le Conseil National de la Fiscalit\u00e9 examine le PLF 2024\"},{\"@type\":\"BreadcrumbList\",\"@id\":\"https:\\\/\\\/www.webdo.tn\\\/fr\\\/actualite\\\/national\\\/le-conseil-national-de-la-fiscalite-examine-le-plf-2024\\\/208952\\\/#breadcrumb\",\"itemListElement\":[{\"@type\":\"ListItem\",\"position\":1,\"name\":\"Accueil\",\"item\":\"https:\\\/\\\/www.webdo.tn\\\/fr\\\/\"},{\"@type\":\"ListItem\",\"position\":2,\"name\":\"Le Conseil National de la Fiscalit\u00e9 examine le PLF 2024\"}]},{\"@type\":\"WebSite\",\"@id\":\"https:\\\/\\\/www.webdo.tn\\\/fr\\\/#website\",\"url\":\"https:\\\/\\\/www.webdo.tn\\\/fr\\\/\",\"name\":\"webdo\",\"description\":\"Tunisie - News en Tunisie et \u00e0 l&#039;international sur Webdo.tn\",\"publisher\":{\"@id\":\"https:\\\/\\\/www.webdo.tn\\\/fr\\\/#organization\"},\"potentialAction\":[{\"@type\":\"SearchAction\",\"target\":{\"@type\":\"EntryPoint\",\"urlTemplate\":\"https:\\\/\\\/www.webdo.tn\\\/fr\\\/?s={search_term_string}\"},\"query-input\":{\"@type\":\"PropertyValueSpecification\",\"valueRequired\":true,\"valueName\":\"search_term_string\"}}],\"inLanguage\":\"fr-FR\"},{\"@type\":\"Organization\",\"@id\":\"https:\\\/\\\/www.webdo.tn\\\/fr\\\/#organization\",\"name\":\"Webdo\",\"alternateName\":\"Webdo.tn\",\"url\":\"https:\\\/\\\/www.webdo.tn\\\/fr\\\/\",\"logo\":{\"@type\":\"ImageObject\",\"inLanguage\":\"fr-FR\",\"@id\":\"https:\\\/\\\/www.webdo.tn\\\/fr\\\/#\\\/schema\\\/logo\\\/image\\\/\",\"url\":\"https:\\\/\\\/www.webdo.tn\\\/fr\\\/wp-content\\\/uploads\\\/2025\\\/06\\\/Webdo-Tunisie_168377.jpg\",\"contentUrl\":\"https:\\\/\\\/www.webdo.tn\\\/fr\\\/wp-content\\\/uploads\\\/2025\\\/06\\\/Webdo-Tunisie_168377.jpg\",\"width\":301,\"height\":301,\"caption\":\"Webdo\"},\"image\":{\"@id\":\"https:\\\/\\\/www.webdo.tn\\\/fr\\\/#\\\/schema\\\/logo\\\/image\\\/\"},\"sameAs\":[\"https:\\\/\\\/www.facebook.com\\\/webdotn\",\"https:\\\/\\\/x.com\\\/webdo_tn\"],\"description\":\"Webdo est un m\u00e9dia num\u00e9rique tunisien fond\u00e9 en 2010, sp\u00e9cialis\u00e9 dans l\u2019actualit\u00e9 nationale et internationale, l\u2019\u00e9conomie, la soci\u00e9t\u00e9 et les analyses politiques. Le site s\u2019adresse \u00e0 un large public francophone et couvre l\u2019information tunisienne en temps r\u00e9el.\",\"email\":\"redac@webdo.tn\",\"legalName\":\"YNJ SARL\",\"foundingDate\":\"2010-09-06\",\"numberOfEmployees\":{\"@type\":\"QuantitativeValue\",\"minValue\":\"11\",\"maxValue\":\"50\"}},{\"@type\":\"Person\",\"@id\":\"https:\\\/\\\/www.webdo.tn\\\/fr\\\/#\\\/schema\\\/person\\\/1f4e491e0907b413d61089e8eb573acc\",\"name\":\"Webdo\",\"image\":{\"@type\":\"ImageObject\",\"inLanguage\":\"fr-FR\",\"@id\":\"https:\\\/\\\/secure.gravatar.com\\\/avatar\\\/de97aeec1bb80978a9dbb127e47dfc88aaacb2f3c29aac907d8d3222e3495d49?s=96&d=mm&r=g\",\"url\":\"https:\\\/\\\/secure.gravatar.com\\\/avatar\\\/de97aeec1bb80978a9dbb127e47dfc88aaacb2f3c29aac907d8d3222e3495d49?s=96&d=mm&r=g\",\"contentUrl\":\"https:\\\/\\\/secure.gravatar.com\\\/avatar\\\/de97aeec1bb80978a9dbb127e47dfc88aaacb2f3c29aac907d8d3222e3495d49?s=96&d=mm&r=g\",\"caption\":\"Webdo\"},\"url\":\"https:\\\/\\\/www.webdo.tn\\\/fr\\\/actualite\\\/author\\\/webdo\\\/\"}]}<\/script>\n<!-- \/ Yoast SEO Premium plugin. -->","yoast_head_json":{"title":"Le Conseil National de la Fiscalit\u00e9 examine le PLF 2024","description":"Les travaux du Conseil National de la Fiscalit\u00e9, qui se sont d\u00e9roul\u00e9s au si\u00e8ge du minist\u00e8re des Finances, se sont concentr\u00e9s sur l'examen des grandes orientatio...","canonical":"https:\/\/www.webdo.tn\/fr\/actualite\/national\/le-conseil-national-de-la-fiscalite-examine-le-plf-2024\/208952\/","og_locale":"fr_FR","og_type":"article","og_title":"Le Conseil National de la Fiscalit\u00e9 examine le PLF 2024","og_description":"Les travaux du Conseil National de la Fiscalit\u00e9, qui se sont d\u00e9roul\u00e9s au si\u00e8ge du minist\u00e8re des Finances, se sont concentr\u00e9s sur l'examen des grandes orientatio...","og_url":"https:\/\/www.webdo.tn\/fr\/actualite\/national\/le-conseil-national-de-la-fiscalite-examine-le-plf-2024\/208952\/","og_site_name":"webdo","article_publisher":"https:\/\/www.facebook.com\/webdotn","article_published_time":"2023-09-27T13:52:00+00:00","og_image":[{"width":750,"height":400,"url":"https:\/\/www.webdo.tn\/fr\/wp-content\/uploads\/2023\/09\/84ac16ecc8bf13beeedd17f27c7dfde2.jpg","type":"image\/jpeg"}],"author":"Webdo","twitter_card":"summary_large_image","twitter_creator":"@webdo_tn","twitter_site":"@webdo_tn","twitter_misc":{"\u00c9crit par":"Webdo","Dur\u00e9e de lecture estim\u00e9e":"1 minute"},"schema":{"@context":"https:\/\/schema.org","@graph":[{"@type":"NewsArticle","@id":"https:\/\/www.webdo.tn\/fr\/actualite\/national\/le-conseil-national-de-la-fiscalite-examine-le-plf-2024\/208952\/#article","isPartOf":{"@id":"https:\/\/www.webdo.tn\/fr\/actualite\/national\/le-conseil-national-de-la-fiscalite-examine-le-plf-2024\/208952\/"},"author":{"name":"Webdo","@id":"https:\/\/www.webdo.tn\/fr\/#\/schema\/person\/1f4e491e0907b413d61089e8eb573acc"},"headline":"Le Conseil National de la Fiscalit\u00e9 examine le PLF 2024","datePublished":"2023-09-27T13:52:00+00:00","mainEntityOfPage":{"@id":"https:\/\/www.webdo.tn\/fr\/actualite\/national\/le-conseil-national-de-la-fiscalite-examine-le-plf-2024\/208952\/"},"wordCount":174,"commentCount":0,"publisher":{"@id":"https:\/\/www.webdo.tn\/fr\/#organization"},"image":{"@id":"https:\/\/www.webdo.tn\/fr\/actualite\/national\/le-conseil-national-de-la-fiscalite-examine-le-plf-2024\/208952\/#primaryimage"},"thumbnailUrl":"https:\/\/www.webdo.tn\/fr\/wp-content\/uploads\/2023\/09\/84ac16ecc8bf13beeedd17f27c7dfde2.jpg","keywords":["'Loi des finances'","conseil","fiscalit\u00e9","PLF 2024","Tunisie"],"articleSection":["National"],"inLanguage":"fr-FR"},{"@type":"WebPage","@id":"https:\/\/www.webdo.tn\/fr\/actualite\/national\/le-conseil-national-de-la-fiscalite-examine-le-plf-2024\/208952\/","url":"https:\/\/www.webdo.tn\/fr\/actualite\/national\/le-conseil-national-de-la-fiscalite-examine-le-plf-2024\/208952\/","name":"Le Conseil National de la Fiscalit\u00e9 examine le PLF 2024","isPartOf":{"@id":"https:\/\/www.webdo.tn\/fr\/#website"},"primaryImageOfPage":{"@id":"https:\/\/www.webdo.tn\/fr\/actualite\/national\/le-conseil-national-de-la-fiscalite-examine-le-plf-2024\/208952\/#primaryimage"},"image":{"@id":"https:\/\/www.webdo.tn\/fr\/actualite\/national\/le-conseil-national-de-la-fiscalite-examine-le-plf-2024\/208952\/#primaryimage"},"thumbnailUrl":"https:\/\/www.webdo.tn\/fr\/wp-content\/uploads\/2023\/09\/84ac16ecc8bf13beeedd17f27c7dfde2.jpg","datePublished":"2023-09-27T13:52:00+00:00","description":"Les travaux du Conseil National de la Fiscalit\u00e9, qui se sont d\u00e9roul\u00e9s au si\u00e8ge du minist\u00e8re des Finances, se sont concentr\u00e9s sur l'examen des grandes orientatio...","breadcrumb":{"@id":"https:\/\/www.webdo.tn\/fr\/actualite\/national\/le-conseil-national-de-la-fiscalite-examine-le-plf-2024\/208952\/#breadcrumb"},"inLanguage":"fr-FR","potentialAction":[{"@type":"ReadAction","target":["https:\/\/www.webdo.tn\/fr\/actualite\/national\/le-conseil-national-de-la-fiscalite-examine-le-plf-2024\/208952\/"]}]},{"@type":"ImageObject","inLanguage":"fr-FR","@id":"https:\/\/www.webdo.tn\/fr\/actualite\/national\/le-conseil-national-de-la-fiscalite-examine-le-plf-2024\/208952\/#primaryimage","url":"https:\/\/www.webdo.tn\/fr\/wp-content\/uploads\/2023\/09\/84ac16ecc8bf13beeedd17f27c7dfde2.jpg","contentUrl":"https:\/\/www.webdo.tn\/fr\/wp-content\/uploads\/2023\/09\/84ac16ecc8bf13beeedd17f27c7dfde2.jpg","width":750,"height":400,"caption":"Le Conseil National de la Fiscalit\u00e9 examine le PLF 2024"},{"@type":"BreadcrumbList","@id":"https:\/\/www.webdo.tn\/fr\/actualite\/national\/le-conseil-national-de-la-fiscalite-examine-le-plf-2024\/208952\/#breadcrumb","itemListElement":[{"@type":"ListItem","position":1,"name":"Accueil","item":"https:\/\/www.webdo.tn\/fr\/"},{"@type":"ListItem","position":2,"name":"Le Conseil National de la Fiscalit\u00e9 examine le PLF 2024"}]},{"@type":"WebSite","@id":"https:\/\/www.webdo.tn\/fr\/#website","url":"https:\/\/www.webdo.tn\/fr\/","name":"webdo","description":"Tunisie - News en Tunisie et \u00e0 l&#039;international sur Webdo.tn","publisher":{"@id":"https:\/\/www.webdo.tn\/fr\/#organization"},"potentialAction":[{"@type":"SearchAction","target":{"@type":"EntryPoint","urlTemplate":"https:\/\/www.webdo.tn\/fr\/?s={search_term_string}"},"query-input":{"@type":"PropertyValueSpecification","valueRequired":true,"valueName":"search_term_string"}}],"inLanguage":"fr-FR"},{"@type":"Organization","@id":"https:\/\/www.webdo.tn\/fr\/#organization","name":"Webdo","alternateName":"Webdo.tn","url":"https:\/\/www.webdo.tn\/fr\/","logo":{"@type":"ImageObject","inLanguage":"fr-FR","@id":"https:\/\/www.webdo.tn\/fr\/#\/schema\/logo\/image\/","url":"https:\/\/www.webdo.tn\/fr\/wp-content\/uploads\/2025\/06\/Webdo-Tunisie_168377.jpg","contentUrl":"https:\/\/www.webdo.tn\/fr\/wp-content\/uploads\/2025\/06\/Webdo-Tunisie_168377.jpg","width":301,"height":301,"caption":"Webdo"},"image":{"@id":"https:\/\/www.webdo.tn\/fr\/#\/schema\/logo\/image\/"},"sameAs":["https:\/\/www.facebook.com\/webdotn","https:\/\/x.com\/webdo_tn"],"description":"Webdo est un m\u00e9dia num\u00e9rique tunisien fond\u00e9 en 2010, sp\u00e9cialis\u00e9 dans l\u2019actualit\u00e9 nationale et internationale, l\u2019\u00e9conomie, la soci\u00e9t\u00e9 et les analyses politiques. Le site s\u2019adresse \u00e0 un large public francophone et couvre l\u2019information tunisienne en temps r\u00e9el.","email":"redac@webdo.tn","legalName":"YNJ SARL","foundingDate":"2010-09-06","numberOfEmployees":{"@type":"QuantitativeValue","minValue":"11","maxValue":"50"}},{"@type":"Person","@id":"https:\/\/www.webdo.tn\/fr\/#\/schema\/person\/1f4e491e0907b413d61089e8eb573acc","name":"Webdo","image":{"@type":"ImageObject","inLanguage":"fr-FR","@id":"https:\/\/secure.gravatar.com\/avatar\/de97aeec1bb80978a9dbb127e47dfc88aaacb2f3c29aac907d8d3222e3495d49?s=96&d=mm&r=g","url":"https:\/\/secure.gravatar.com\/avatar\/de97aeec1bb80978a9dbb127e47dfc88aaacb2f3c29aac907d8d3222e3495d49?s=96&d=mm&r=g","contentUrl":"https:\/\/secure.gravatar.com\/avatar\/de97aeec1bb80978a9dbb127e47dfc88aaacb2f3c29aac907d8d3222e3495d49?s=96&d=mm&r=g","caption":"Webdo"},"url":"https:\/\/www.webdo.tn\/fr\/actualite\/author\/webdo\/"}]}},"_links":{"self":[{"href":"https:\/\/www.webdo.tn\/fr\/wp-json\/wp\/v2\/posts\/208952","targetHints":{"allow":["GET"]}}],"collection":[{"href":"https:\/\/www.webdo.tn\/fr\/wp-json\/wp\/v2\/posts"}],"about":[{"href":"https:\/\/www.webdo.tn\/fr\/wp-json\/wp\/v2\/types\/post"}],"author":[{"embeddable":true,"href":"https:\/\/www.webdo.tn\/fr\/wp-json\/wp\/v2\/users\/3169"}],"replies":[{"embeddable":true,"href":"https:\/\/www.webdo.tn\/fr\/wp-json\/wp\/v2\/comments?post=208952"}],"version-history":[{"count":0,"href":"https:\/\/www.webdo.tn\/fr\/wp-json\/wp\/v2\/posts\/208952\/revisions"}],"wp:featuredmedia":[{"embeddable":true,"href":"https:\/\/www.webdo.tn\/fr\/wp-json\/wp\/v2\/media\/289651"}],"wp:attachment":[{"href":"https:\/\/www.webdo.tn\/fr\/wp-json\/wp\/v2\/media?parent=208952"}],"wp:term":[{"taxonomy":"category","embeddable":true,"href":"https:\/\/www.webdo.tn\/fr\/wp-json\/wp\/v2\/categories?post=208952"},{"taxonomy":"post_tag","embeddable":true,"href":"https:\/\/www.webdo.tn\/fr\/wp-json\/wp\/v2\/tags?post=208952"}],"curies":[{"name":"wp","href":"https:\/\/api.w.org\/{rel}","templated":true}]}}