{"id":208948,"date":"2023-09-27T11:41:00","date_gmt":"2023-09-27T11:41:00","guid":{"rendered":"https:\/\/www.webdo.tn\/fr\/blog\/la-commission-europeenne-reagit-a-la-decision-de-kais-saied-de-reporter-la-visite-d-une-delegation-de-l-ue\/208948\/"},"modified":"2023-09-27T11:41:00","modified_gmt":"2023-09-27T11:41:00","slug":"la-commission-europeenne-reagit-a-la-decision-de-kais-saied-de-reporter-la-visite-d-une-delegation-de-l-ue","status":"publish","type":"post","link":"https:\/\/www.webdo.tn\/fr\/actualite\/national\/la-commission-europeenne-reagit-a-la-decision-de-kais-saied-de-reporter-la-visite-d-une-delegation-de-l-ue\/208948\/","title":{"rendered":"La Commission europ\u00e9enne r\u00e9agit \u00e0 la d\u00e9cision de Ka\u00efs Sa\u00efed de reporter la visite d&rsquo;une d\u00e9l\u00e9gation de l&rsquo;UE"},"content":{"rendered":"<p>Initialement pr\u00e9vue pour ce week-end,  la visite d&rsquo;une d\u00e9l\u00e9gation de l&rsquo;ex\u00e9cutif de l&rsquo;UE en Tunisie a \u00e9t\u00e9 report\u00e9 \u00e0 une date ult\u00e9rieure sur une d\u00e9cision du pr\u00e9sident de la R\u00e9publique, Kais Saied. Une d\u00e9cision \u00e0 laquelle a r\u00e9agit le porte parole de la Commission europ\u00e9enne  dans une d\u00e9claration  \u00e0 l&rsquo;Agence Nova.<\/p>\n<p>\t\t\t\t\t\t\t\t\tAinsi, le porte-parole de la Commission europ\u00e9enne a affirm\u00e9 que \u00ab L&rsquo;UE a propos\u00e9 d&rsquo;envoyer cette semaine une d\u00e9l\u00e9gation de fonctionnaires de la Commission pour poursuivre les discussions sur la mise en \u0153uvre du m\u00e9morandum, et nous \u00e9valuons actuellement avec les autorit\u00e9s tunisiennes le meilleur moment pour les deux parties\u00a0\u00bb.<\/p>\n<p>Cependant,\u00a0les \u00ab\u00a0contacts restent r\u00e9guliers, entre les deux parties, tant au niveau politique que technique, dans l&rsquo;objectif de poursuivre les travaux sur la mise en \u0153uvre des cinq piliers pr\u00e9vus dans le m\u00e9morandum d&rsquo;entente \u00bb.<\/p>\n","protected":false},"excerpt":{"rendered":"<p>Initialement pr\u00e9vue pour ce week-end,  la visite d&rsquo;une d\u00e9l\u00e9gation de l&rsquo;ex\u00e9cutif de l&rsquo;UE en Tunisie a \u00e9t\u00e9 report\u00e9 \u00e0 une date ult\u00e9rieure sur une d\u00e9cision du pr\u00e9si&#8230;<\/p>\n","protected":false},"author":3169,"featured_media":289648,"comment_status":"open","ping_status":"closed","sticky":false,"template":"","format":"standard","meta":{"footnotes":""},"categories":[44],"tags":[6862,5804,2614,2608,2897,4154],"class_list":["post-208948","post","type-post","status-publish","format-standard","has-post-thumbnail","hentry","category-national","tag-commission","tag-delegation","tag-kais-saied","tag-tunisie","tag-ue","tag-visite"],"yoast_head":"<!-- This site is optimized with the Yoast SEO Premium plugin v27.5 (Yoast SEO v27.5) - https:\/\/yoast.com\/product\/yoast-seo-premium-wordpress\/ -->\n<title>La Commission europ\u00e9enne r\u00e9agit \u00e0 la d\u00e9cision de Ka\u00efs Sa\u00efed de reporter la visite d&#039;une d\u00e9l\u00e9gation de l&#039;UE<\/title>\n<meta name=\"description\" content=\"Initialement pr\u00e9vue pour ce week-end, la visite d&#039;une d\u00e9l\u00e9gation de l&#039;ex\u00e9cutif de l&#039;UE en Tunisie a \u00e9t\u00e9 report\u00e9 \u00e0 une date ult\u00e9rieure sur une d\u00e9cision du pr\u00e9si...\" \/>\n<link rel=\"canonical\" href=\"https:\/\/www.webdo.tn\/fr\/actualite\/national\/la-commission-europeenne-reagit-a-la-decision-de-kais-saied-de-reporter-la-visite-d-une-delegation-de-l-ue\/208948\/\" \/>\n<meta property=\"og:locale\" content=\"fr_FR\" \/>\n<meta property=\"og:type\" content=\"article\" \/>\n<meta property=\"og:title\" content=\"La Commission europ\u00e9enne r\u00e9agit \u00e0 la d\u00e9cision de Ka\u00efs Sa\u00efed de reporter la visite d&#039;une d\u00e9l\u00e9gation de l&#039;UE\" \/>\n<meta property=\"og:description\" content=\"Initialement pr\u00e9vue pour ce week-end, la visite d&#039;une d\u00e9l\u00e9gation de l&#039;ex\u00e9cutif de l&#039;UE en Tunisie a \u00e9t\u00e9 report\u00e9 \u00e0 une date ult\u00e9rieure sur une d\u00e9cision du pr\u00e9si...\" \/>\n<meta property=\"og:url\" content=\"https:\/\/www.webdo.tn\/fr\/actualite\/national\/la-commission-europeenne-reagit-a-la-decision-de-kais-saied-de-reporter-la-visite-d-une-delegation-de-l-ue\/208948\/\" \/>\n<meta property=\"og:site_name\" content=\"webdo\" \/>\n<meta property=\"article:publisher\" content=\"https:\/\/www.facebook.com\/webdotn\" \/>\n<meta property=\"article:published_time\" content=\"2023-09-27T11:41:00+00:00\" \/>\n<meta property=\"og:image\" content=\"https:\/\/www.webdo.tn\/fr\/wp-content\/uploads\/2023\/09\/7ac4754497eabd25c766a151c16c9f09.jpg\" \/>\n\t<meta property=\"og:image:width\" content=\"664\" \/>\n\t<meta property=\"og:image:height\" content=\"354\" \/>\n\t<meta property=\"og:image:type\" content=\"image\/jpeg\" \/>\n<meta name=\"author\" content=\"Webdo\" \/>\n<meta name=\"twitter:card\" content=\"summary_large_image\" \/>\n<meta name=\"twitter:creator\" content=\"@webdo_tn\" \/>\n<meta name=\"twitter:site\" content=\"@webdo_tn\" \/>\n<meta name=\"twitter:label1\" content=\"\u00c9crit par\" \/>\n\t<meta name=\"twitter:data1\" content=\"Webdo\" \/>\n\t<meta name=\"twitter:label2\" content=\"Dur\u00e9e de lecture estim\u00e9e\" \/>\n\t<meta name=\"twitter:data2\" content=\"1 minute\" \/>\n<script type=\"application\/ld+json\" class=\"yoast-schema-graph\">{\"@context\":\"https:\\\/\\\/schema.org\",\"@graph\":[{\"@type\":\"NewsArticle\",\"@id\":\"https:\\\/\\\/www.webdo.tn\\\/fr\\\/actualite\\\/national\\\/la-commission-europeenne-reagit-a-la-decision-de-kais-saied-de-reporter-la-visite-d-une-delegation-de-l-ue\\\/208948\\\/#article\",\"isPartOf\":{\"@id\":\"https:\\\/\\\/www.webdo.tn\\\/fr\\\/actualite\\\/national\\\/la-commission-europeenne-reagit-a-la-decision-de-kais-saied-de-reporter-la-visite-d-une-delegation-de-l-ue\\\/208948\\\/\"},\"author\":{\"name\":\"Webdo\",\"@id\":\"https:\\\/\\\/www.webdo.tn\\\/fr\\\/#\\\/schema\\\/person\\\/1f4e491e0907b413d61089e8eb573acc\"},\"headline\":\"La Commission europ\u00e9enne r\u00e9agit \u00e0 la d\u00e9cision de Ka\u00efs Sa\u00efed de reporter la visite d&rsquo;une d\u00e9l\u00e9gation de l&rsquo;UE\",\"datePublished\":\"2023-09-27T11:41:00+00:00\",\"mainEntityOfPage\":{\"@id\":\"https:\\\/\\\/www.webdo.tn\\\/fr\\\/actualite\\\/national\\\/la-commission-europeenne-reagit-a-la-decision-de-kais-saied-de-reporter-la-visite-d-une-delegation-de-l-ue\\\/208948\\\/\"},\"wordCount\":185,\"commentCount\":0,\"publisher\":{\"@id\":\"https:\\\/\\\/www.webdo.tn\\\/fr\\\/#organization\"},\"image\":{\"@id\":\"https:\\\/\\\/www.webdo.tn\\\/fr\\\/actualite\\\/national\\\/la-commission-europeenne-reagit-a-la-decision-de-kais-saied-de-reporter-la-visite-d-une-delegation-de-l-ue\\\/208948\\\/#primaryimage\"},\"thumbnailUrl\":\"https:\\\/\\\/www.webdo.tn\\\/fr\\\/wp-content\\\/uploads\\\/2023\\\/09\\\/7ac4754497eabd25c766a151c16c9f09.jpg\",\"keywords\":[\"commission\",\"d\u00e9l\u00e9gation\",\"Kais Saied\",\"Tunisie\",\"UE\",\"visite\"],\"articleSection\":[\"National\"],\"inLanguage\":\"fr-FR\"},{\"@type\":\"WebPage\",\"@id\":\"https:\\\/\\\/www.webdo.tn\\\/fr\\\/actualite\\\/national\\\/la-commission-europeenne-reagit-a-la-decision-de-kais-saied-de-reporter-la-visite-d-une-delegation-de-l-ue\\\/208948\\\/\",\"url\":\"https:\\\/\\\/www.webdo.tn\\\/fr\\\/actualite\\\/national\\\/la-commission-europeenne-reagit-a-la-decision-de-kais-saied-de-reporter-la-visite-d-une-delegation-de-l-ue\\\/208948\\\/\",\"name\":\"La Commission europ\u00e9enne r\u00e9agit \u00e0 la d\u00e9cision de Ka\u00efs Sa\u00efed de reporter la visite d'une d\u00e9l\u00e9gation de l'UE\",\"isPartOf\":{\"@id\":\"https:\\\/\\\/www.webdo.tn\\\/fr\\\/#website\"},\"primaryImageOfPage\":{\"@id\":\"https:\\\/\\\/www.webdo.tn\\\/fr\\\/actualite\\\/national\\\/la-commission-europeenne-reagit-a-la-decision-de-kais-saied-de-reporter-la-visite-d-une-delegation-de-l-ue\\\/208948\\\/#primaryimage\"},\"image\":{\"@id\":\"https:\\\/\\\/www.webdo.tn\\\/fr\\\/actualite\\\/national\\\/la-commission-europeenne-reagit-a-la-decision-de-kais-saied-de-reporter-la-visite-d-une-delegation-de-l-ue\\\/208948\\\/#primaryimage\"},\"thumbnailUrl\":\"https:\\\/\\\/www.webdo.tn\\\/fr\\\/wp-content\\\/uploads\\\/2023\\\/09\\\/7ac4754497eabd25c766a151c16c9f09.jpg\",\"datePublished\":\"2023-09-27T11:41:00+00:00\",\"description\":\"Initialement pr\u00e9vue pour ce week-end, la visite d'une d\u00e9l\u00e9gation de l'ex\u00e9cutif de l'UE en Tunisie a \u00e9t\u00e9 report\u00e9 \u00e0 une date ult\u00e9rieure sur une d\u00e9cision du pr\u00e9si...\",\"breadcrumb\":{\"@id\":\"https:\\\/\\\/www.webdo.tn\\\/fr\\\/actualite\\\/national\\\/la-commission-europeenne-reagit-a-la-decision-de-kais-saied-de-reporter-la-visite-d-une-delegation-de-l-ue\\\/208948\\\/#breadcrumb\"},\"inLanguage\":\"fr-FR\",\"potentialAction\":[{\"@type\":\"ReadAction\",\"target\":[\"https:\\\/\\\/www.webdo.tn\\\/fr\\\/actualite\\\/national\\\/la-commission-europeenne-reagit-a-la-decision-de-kais-saied-de-reporter-la-visite-d-une-delegation-de-l-ue\\\/208948\\\/\"]}]},{\"@type\":\"ImageObject\",\"inLanguage\":\"fr-FR\",\"@id\":\"https:\\\/\\\/www.webdo.tn\\\/fr\\\/actualite\\\/national\\\/la-commission-europeenne-reagit-a-la-decision-de-kais-saied-de-reporter-la-visite-d-une-delegation-de-l-ue\\\/208948\\\/#primaryimage\",\"url\":\"https:\\\/\\\/www.webdo.tn\\\/fr\\\/wp-content\\\/uploads\\\/2023\\\/09\\\/7ac4754497eabd25c766a151c16c9f09.jpg\",\"contentUrl\":\"https:\\\/\\\/www.webdo.tn\\\/fr\\\/wp-content\\\/uploads\\\/2023\\\/09\\\/7ac4754497eabd25c766a151c16c9f09.jpg\",\"width\":664,\"height\":354,\"caption\":\"La Commission europ\u00e9enne r\u00e9agit \u00e0 la d\u00e9cision de Ka\u00efs Sa\u00efed de reporter la visite d'une d\u00e9l\u00e9gation de l'UE\"},{\"@type\":\"BreadcrumbList\",\"@id\":\"https:\\\/\\\/www.webdo.tn\\\/fr\\\/actualite\\\/national\\\/la-commission-europeenne-reagit-a-la-decision-de-kais-saied-de-reporter-la-visite-d-une-delegation-de-l-ue\\\/208948\\\/#breadcrumb\",\"itemListElement\":[{\"@type\":\"ListItem\",\"position\":1,\"name\":\"Accueil\",\"item\":\"https:\\\/\\\/www.webdo.tn\\\/fr\\\/\"},{\"@type\":\"ListItem\",\"position\":2,\"name\":\"La Commission europ\u00e9enne r\u00e9agit \u00e0 la d\u00e9cision de Ka\u00efs Sa\u00efed de reporter la visite d&rsquo;une d\u00e9l\u00e9gation de l&rsquo;UE\"}]},{\"@type\":\"WebSite\",\"@id\":\"https:\\\/\\\/www.webdo.tn\\\/fr\\\/#website\",\"url\":\"https:\\\/\\\/www.webdo.tn\\\/fr\\\/\",\"name\":\"webdo\",\"description\":\"Tunisie - News en Tunisie et \u00e0 l&#039;international sur Webdo.tn\",\"publisher\":{\"@id\":\"https:\\\/\\\/www.webdo.tn\\\/fr\\\/#organization\"},\"potentialAction\":[{\"@type\":\"SearchAction\",\"target\":{\"@type\":\"EntryPoint\",\"urlTemplate\":\"https:\\\/\\\/www.webdo.tn\\\/fr\\\/?s={search_term_string}\"},\"query-input\":{\"@type\":\"PropertyValueSpecification\",\"valueRequired\":true,\"valueName\":\"search_term_string\"}}],\"inLanguage\":\"fr-FR\"},{\"@type\":\"Organization\",\"@id\":\"https:\\\/\\\/www.webdo.tn\\\/fr\\\/#organization\",\"name\":\"Webdo\",\"alternateName\":\"Webdo.tn\",\"url\":\"https:\\\/\\\/www.webdo.tn\\\/fr\\\/\",\"logo\":{\"@type\":\"ImageObject\",\"inLanguage\":\"fr-FR\",\"@id\":\"https:\\\/\\\/www.webdo.tn\\\/fr\\\/#\\\/schema\\\/logo\\\/image\\\/\",\"url\":\"https:\\\/\\\/www.webdo.tn\\\/fr\\\/wp-content\\\/uploads\\\/2025\\\/06\\\/Webdo-Tunisie_168377.jpg\",\"contentUrl\":\"https:\\\/\\\/www.webdo.tn\\\/fr\\\/wp-content\\\/uploads\\\/2025\\\/06\\\/Webdo-Tunisie_168377.jpg\",\"width\":301,\"height\":301,\"caption\":\"Webdo\"},\"image\":{\"@id\":\"https:\\\/\\\/www.webdo.tn\\\/fr\\\/#\\\/schema\\\/logo\\\/image\\\/\"},\"sameAs\":[\"https:\\\/\\\/www.facebook.com\\\/webdotn\",\"https:\\\/\\\/x.com\\\/webdo_tn\"],\"description\":\"Webdo est un m\u00e9dia num\u00e9rique tunisien fond\u00e9 en 2010, sp\u00e9cialis\u00e9 dans l\u2019actualit\u00e9 nationale et internationale, l\u2019\u00e9conomie, la soci\u00e9t\u00e9 et les analyses politiques. Le site s\u2019adresse \u00e0 un large public francophone et couvre l\u2019information tunisienne en temps r\u00e9el.\",\"email\":\"redac@webdo.tn\",\"legalName\":\"YNJ SARL\",\"foundingDate\":\"2010-09-06\",\"numberOfEmployees\":{\"@type\":\"QuantitativeValue\",\"minValue\":\"11\",\"maxValue\":\"50\"}},{\"@type\":\"Person\",\"@id\":\"https:\\\/\\\/www.webdo.tn\\\/fr\\\/#\\\/schema\\\/person\\\/1f4e491e0907b413d61089e8eb573acc\",\"name\":\"Webdo\",\"image\":{\"@type\":\"ImageObject\",\"inLanguage\":\"fr-FR\",\"@id\":\"https:\\\/\\\/secure.gravatar.com\\\/avatar\\\/de97aeec1bb80978a9dbb127e47dfc88aaacb2f3c29aac907d8d3222e3495d49?s=96&d=mm&r=g\",\"url\":\"https:\\\/\\\/secure.gravatar.com\\\/avatar\\\/de97aeec1bb80978a9dbb127e47dfc88aaacb2f3c29aac907d8d3222e3495d49?s=96&d=mm&r=g\",\"contentUrl\":\"https:\\\/\\\/secure.gravatar.com\\\/avatar\\\/de97aeec1bb80978a9dbb127e47dfc88aaacb2f3c29aac907d8d3222e3495d49?s=96&d=mm&r=g\",\"caption\":\"Webdo\"},\"url\":\"https:\\\/\\\/www.webdo.tn\\\/fr\\\/actualite\\\/author\\\/webdo\\\/\"}]}<\/script>\n<!-- \/ Yoast SEO Premium plugin. -->","yoast_head_json":{"title":"La Commission europ\u00e9enne r\u00e9agit \u00e0 la d\u00e9cision de Ka\u00efs Sa\u00efed de reporter la visite d'une d\u00e9l\u00e9gation de l'UE","description":"Initialement pr\u00e9vue pour ce week-end, la visite d'une d\u00e9l\u00e9gation de l'ex\u00e9cutif de l'UE en Tunisie a \u00e9t\u00e9 report\u00e9 \u00e0 une date ult\u00e9rieure sur une d\u00e9cision du pr\u00e9si...","canonical":"https:\/\/www.webdo.tn\/fr\/actualite\/national\/la-commission-europeenne-reagit-a-la-decision-de-kais-saied-de-reporter-la-visite-d-une-delegation-de-l-ue\/208948\/","og_locale":"fr_FR","og_type":"article","og_title":"La Commission europ\u00e9enne r\u00e9agit \u00e0 la d\u00e9cision de Ka\u00efs Sa\u00efed de reporter la visite d'une d\u00e9l\u00e9gation de l'UE","og_description":"Initialement pr\u00e9vue pour ce week-end, la visite d'une d\u00e9l\u00e9gation de l'ex\u00e9cutif de l'UE en Tunisie a \u00e9t\u00e9 report\u00e9 \u00e0 une date ult\u00e9rieure sur une d\u00e9cision du pr\u00e9si...","og_url":"https:\/\/www.webdo.tn\/fr\/actualite\/national\/la-commission-europeenne-reagit-a-la-decision-de-kais-saied-de-reporter-la-visite-d-une-delegation-de-l-ue\/208948\/","og_site_name":"webdo","article_publisher":"https:\/\/www.facebook.com\/webdotn","article_published_time":"2023-09-27T11:41:00+00:00","og_image":[{"width":664,"height":354,"url":"https:\/\/www.webdo.tn\/fr\/wp-content\/uploads\/2023\/09\/7ac4754497eabd25c766a151c16c9f09.jpg","type":"image\/jpeg"}],"author":"Webdo","twitter_card":"summary_large_image","twitter_creator":"@webdo_tn","twitter_site":"@webdo_tn","twitter_misc":{"\u00c9crit par":"Webdo","Dur\u00e9e de lecture estim\u00e9e":"1 minute"},"schema":{"@context":"https:\/\/schema.org","@graph":[{"@type":"NewsArticle","@id":"https:\/\/www.webdo.tn\/fr\/actualite\/national\/la-commission-europeenne-reagit-a-la-decision-de-kais-saied-de-reporter-la-visite-d-une-delegation-de-l-ue\/208948\/#article","isPartOf":{"@id":"https:\/\/www.webdo.tn\/fr\/actualite\/national\/la-commission-europeenne-reagit-a-la-decision-de-kais-saied-de-reporter-la-visite-d-une-delegation-de-l-ue\/208948\/"},"author":{"name":"Webdo","@id":"https:\/\/www.webdo.tn\/fr\/#\/schema\/person\/1f4e491e0907b413d61089e8eb573acc"},"headline":"La Commission europ\u00e9enne r\u00e9agit \u00e0 la d\u00e9cision de Ka\u00efs Sa\u00efed de reporter la visite d&rsquo;une d\u00e9l\u00e9gation de l&rsquo;UE","datePublished":"2023-09-27T11:41:00+00:00","mainEntityOfPage":{"@id":"https:\/\/www.webdo.tn\/fr\/actualite\/national\/la-commission-europeenne-reagit-a-la-decision-de-kais-saied-de-reporter-la-visite-d-une-delegation-de-l-ue\/208948\/"},"wordCount":185,"commentCount":0,"publisher":{"@id":"https:\/\/www.webdo.tn\/fr\/#organization"},"image":{"@id":"https:\/\/www.webdo.tn\/fr\/actualite\/national\/la-commission-europeenne-reagit-a-la-decision-de-kais-saied-de-reporter-la-visite-d-une-delegation-de-l-ue\/208948\/#primaryimage"},"thumbnailUrl":"https:\/\/www.webdo.tn\/fr\/wp-content\/uploads\/2023\/09\/7ac4754497eabd25c766a151c16c9f09.jpg","keywords":["commission","d\u00e9l\u00e9gation","Kais Saied","Tunisie","UE","visite"],"articleSection":["National"],"inLanguage":"fr-FR"},{"@type":"WebPage","@id":"https:\/\/www.webdo.tn\/fr\/actualite\/national\/la-commission-europeenne-reagit-a-la-decision-de-kais-saied-de-reporter-la-visite-d-une-delegation-de-l-ue\/208948\/","url":"https:\/\/www.webdo.tn\/fr\/actualite\/national\/la-commission-europeenne-reagit-a-la-decision-de-kais-saied-de-reporter-la-visite-d-une-delegation-de-l-ue\/208948\/","name":"La Commission europ\u00e9enne r\u00e9agit \u00e0 la d\u00e9cision de Ka\u00efs Sa\u00efed de reporter la visite d'une d\u00e9l\u00e9gation de l'UE","isPartOf":{"@id":"https:\/\/www.webdo.tn\/fr\/#website"},"primaryImageOfPage":{"@id":"https:\/\/www.webdo.tn\/fr\/actualite\/national\/la-commission-europeenne-reagit-a-la-decision-de-kais-saied-de-reporter-la-visite-d-une-delegation-de-l-ue\/208948\/#primaryimage"},"image":{"@id":"https:\/\/www.webdo.tn\/fr\/actualite\/national\/la-commission-europeenne-reagit-a-la-decision-de-kais-saied-de-reporter-la-visite-d-une-delegation-de-l-ue\/208948\/#primaryimage"},"thumbnailUrl":"https:\/\/www.webdo.tn\/fr\/wp-content\/uploads\/2023\/09\/7ac4754497eabd25c766a151c16c9f09.jpg","datePublished":"2023-09-27T11:41:00+00:00","description":"Initialement pr\u00e9vue pour ce week-end, la visite d'une d\u00e9l\u00e9gation de l'ex\u00e9cutif de l'UE en Tunisie a \u00e9t\u00e9 report\u00e9 \u00e0 une date ult\u00e9rieure sur une d\u00e9cision du pr\u00e9si...","breadcrumb":{"@id":"https:\/\/www.webdo.tn\/fr\/actualite\/national\/la-commission-europeenne-reagit-a-la-decision-de-kais-saied-de-reporter-la-visite-d-une-delegation-de-l-ue\/208948\/#breadcrumb"},"inLanguage":"fr-FR","potentialAction":[{"@type":"ReadAction","target":["https:\/\/www.webdo.tn\/fr\/actualite\/national\/la-commission-europeenne-reagit-a-la-decision-de-kais-saied-de-reporter-la-visite-d-une-delegation-de-l-ue\/208948\/"]}]},{"@type":"ImageObject","inLanguage":"fr-FR","@id":"https:\/\/www.webdo.tn\/fr\/actualite\/national\/la-commission-europeenne-reagit-a-la-decision-de-kais-saied-de-reporter-la-visite-d-une-delegation-de-l-ue\/208948\/#primaryimage","url":"https:\/\/www.webdo.tn\/fr\/wp-content\/uploads\/2023\/09\/7ac4754497eabd25c766a151c16c9f09.jpg","contentUrl":"https:\/\/www.webdo.tn\/fr\/wp-content\/uploads\/2023\/09\/7ac4754497eabd25c766a151c16c9f09.jpg","width":664,"height":354,"caption":"La Commission europ\u00e9enne r\u00e9agit \u00e0 la d\u00e9cision de Ka\u00efs Sa\u00efed de reporter la visite d'une d\u00e9l\u00e9gation de l'UE"},{"@type":"BreadcrumbList","@id":"https:\/\/www.webdo.tn\/fr\/actualite\/national\/la-commission-europeenne-reagit-a-la-decision-de-kais-saied-de-reporter-la-visite-d-une-delegation-de-l-ue\/208948\/#breadcrumb","itemListElement":[{"@type":"ListItem","position":1,"name":"Accueil","item":"https:\/\/www.webdo.tn\/fr\/"},{"@type":"ListItem","position":2,"name":"La Commission europ\u00e9enne r\u00e9agit \u00e0 la d\u00e9cision de Ka\u00efs Sa\u00efed de reporter la visite d&rsquo;une d\u00e9l\u00e9gation de l&rsquo;UE"}]},{"@type":"WebSite","@id":"https:\/\/www.webdo.tn\/fr\/#website","url":"https:\/\/www.webdo.tn\/fr\/","name":"webdo","description":"Tunisie - News en Tunisie et \u00e0 l&#039;international sur Webdo.tn","publisher":{"@id":"https:\/\/www.webdo.tn\/fr\/#organization"},"potentialAction":[{"@type":"SearchAction","target":{"@type":"EntryPoint","urlTemplate":"https:\/\/www.webdo.tn\/fr\/?s={search_term_string}"},"query-input":{"@type":"PropertyValueSpecification","valueRequired":true,"valueName":"search_term_string"}}],"inLanguage":"fr-FR"},{"@type":"Organization","@id":"https:\/\/www.webdo.tn\/fr\/#organization","name":"Webdo","alternateName":"Webdo.tn","url":"https:\/\/www.webdo.tn\/fr\/","logo":{"@type":"ImageObject","inLanguage":"fr-FR","@id":"https:\/\/www.webdo.tn\/fr\/#\/schema\/logo\/image\/","url":"https:\/\/www.webdo.tn\/fr\/wp-content\/uploads\/2025\/06\/Webdo-Tunisie_168377.jpg","contentUrl":"https:\/\/www.webdo.tn\/fr\/wp-content\/uploads\/2025\/06\/Webdo-Tunisie_168377.jpg","width":301,"height":301,"caption":"Webdo"},"image":{"@id":"https:\/\/www.webdo.tn\/fr\/#\/schema\/logo\/image\/"},"sameAs":["https:\/\/www.facebook.com\/webdotn","https:\/\/x.com\/webdo_tn"],"description":"Webdo est un m\u00e9dia num\u00e9rique tunisien fond\u00e9 en 2010, sp\u00e9cialis\u00e9 dans l\u2019actualit\u00e9 nationale et internationale, l\u2019\u00e9conomie, la soci\u00e9t\u00e9 et les analyses politiques. Le site s\u2019adresse \u00e0 un large public francophone et couvre l\u2019information tunisienne en temps r\u00e9el.","email":"redac@webdo.tn","legalName":"YNJ SARL","foundingDate":"2010-09-06","numberOfEmployees":{"@type":"QuantitativeValue","minValue":"11","maxValue":"50"}},{"@type":"Person","@id":"https:\/\/www.webdo.tn\/fr\/#\/schema\/person\/1f4e491e0907b413d61089e8eb573acc","name":"Webdo","image":{"@type":"ImageObject","inLanguage":"fr-FR","@id":"https:\/\/secure.gravatar.com\/avatar\/de97aeec1bb80978a9dbb127e47dfc88aaacb2f3c29aac907d8d3222e3495d49?s=96&d=mm&r=g","url":"https:\/\/secure.gravatar.com\/avatar\/de97aeec1bb80978a9dbb127e47dfc88aaacb2f3c29aac907d8d3222e3495d49?s=96&d=mm&r=g","contentUrl":"https:\/\/secure.gravatar.com\/avatar\/de97aeec1bb80978a9dbb127e47dfc88aaacb2f3c29aac907d8d3222e3495d49?s=96&d=mm&r=g","caption":"Webdo"},"url":"https:\/\/www.webdo.tn\/fr\/actualite\/author\/webdo\/"}]}},"_links":{"self":[{"href":"https:\/\/www.webdo.tn\/fr\/wp-json\/wp\/v2\/posts\/208948","targetHints":{"allow":["GET"]}}],"collection":[{"href":"https:\/\/www.webdo.tn\/fr\/wp-json\/wp\/v2\/posts"}],"about":[{"href":"https:\/\/www.webdo.tn\/fr\/wp-json\/wp\/v2\/types\/post"}],"author":[{"embeddable":true,"href":"https:\/\/www.webdo.tn\/fr\/wp-json\/wp\/v2\/users\/3169"}],"replies":[{"embeddable":true,"href":"https:\/\/www.webdo.tn\/fr\/wp-json\/wp\/v2\/comments?post=208948"}],"version-history":[{"count":0,"href":"https:\/\/www.webdo.tn\/fr\/wp-json\/wp\/v2\/posts\/208948\/revisions"}],"wp:featuredmedia":[{"embeddable":true,"href":"https:\/\/www.webdo.tn\/fr\/wp-json\/wp\/v2\/media\/289648"}],"wp:attachment":[{"href":"https:\/\/www.webdo.tn\/fr\/wp-json\/wp\/v2\/media?parent=208948"}],"wp:term":[{"taxonomy":"category","embeddable":true,"href":"https:\/\/www.webdo.tn\/fr\/wp-json\/wp\/v2\/categories?post=208948"},{"taxonomy":"post_tag","embeddable":true,"href":"https:\/\/www.webdo.tn\/fr\/wp-json\/wp\/v2\/tags?post=208948"}],"curies":[{"name":"wp","href":"https:\/\/api.w.org\/{rel}","templated":true}]}}