{"id":208940,"date":"2023-09-26T20:48:00","date_gmt":"2023-09-26T20:48:00","guid":{"rendered":"https:\/\/www.webdo.tn\/fr\/blog\/jawher-ben-m-barek-en-greve-de-la-faim\/208940\/"},"modified":"2025-05-20T21:57:12","modified_gmt":"2025-05-20T21:57:12","slug":"jawher-ben-m-barek-en-greve-de-la-faim","status":"publish","type":"post","link":"https:\/\/www.webdo.tn\/fr\/actualite\/national\/jawher-ben-m-barek-en-greve-de-la-faim\/208940\/","title":{"rendered":"Jawher Ben M&rsquo;barek en gr\u00e8ve de la faim"},"content":{"rendered":"<p>Jawher Ben M&rsquo;barek, membre du Front de Salut National a entam\u00e9 une gr\u00e8ve de la faim sauvage, a annonc\u00e9, aujourd\u2019hui, son Comit\u00e9 de D\u00e9fense.<\/p>\n<p>\t\t\t\t\t\t\t\t\tDans un communiqu\u00e9 publi\u00e9 ce mardi 26 septembre 2023, le Comit\u00e9 de D\u00e9fense de Jawher Ben M\u2019Barek, exprime \u00ab\u00a0sa profonde pr\u00e9occupation pour la s\u00e9curit\u00e9 physique et mentale de son dirigeant\u00a0\u00bb.<\/p>\n<p>Il souligne que Jawher Ben M\u2019Barek a d\u00e9cid\u00e9 d\u2019entrer en gr\u00e8ve de la faim en signe de protestation \u00ab\u00a0contre l&rsquo;injustice et l&rsquo;instrumentalisation de la justice\u00a0\u00bb.<\/p>\n<p>Jawher Ben M\u2019Barek a \u00e9t\u00e9 arr\u00eat\u00e9 le 24 f\u00e9vrier dernier. Le juge d\u2019instruction aupr\u00e8s du p\u00f4le antiterroriste a \u00e9mis un mandat de d\u00e9p\u00f4t contre lui le 25 f\u00e9vrier pour \u00ab\u00a0complot contre la s\u00fbret\u00e9 int\u00e9rieure de l&rsquo;Etat\u00a0\u00bb.<\/p>\n","protected":false},"excerpt":{"rendered":"<p>Jawher Ben M&rsquo;barek, membre du Front de Salut National a entam\u00e9 une gr\u00e8ve de la faim sauvage, a annonc\u00e9, aujourd\u2019hui, son Comit\u00e9 de D\u00e9fense.<\/p>\n","protected":false},"author":3162,"featured_media":249222,"comment_status":"open","ping_status":"closed","sticky":false,"template":"","format":"standard","meta":{"footnotes":""},"categories":[44],"tags":[5999,4038,7877],"class_list":["post-208940","post","type-post","status-publish","format-standard","has-post-thumbnail","hentry","category-national","tag-front-de-salut","tag-greve-de-la-faim","tag-jawher-ben-mbarek"],"yoast_head":"<!-- This site is optimized with the Yoast SEO Premium plugin v27.5 (Yoast SEO v27.5) - https:\/\/yoast.com\/product\/yoast-seo-premium-wordpress\/ -->\n<title>Jawher Ben M&#039;barek en gr\u00e8ve de la faim<\/title>\n<meta name=\"description\" content=\"Jawher Ben M&#039;barek, membre du Front de Salut National a entam\u00e9 une gr\u00e8ve de la faim sauvage, a annonc\u00e9, aujourd\u2019hui, son Comit\u00e9 de D\u00e9fense.\" \/>\n<link rel=\"canonical\" href=\"https:\/\/www.webdo.tn\/fr\/actualite\/national\/jawher-ben-m-barek-en-greve-de-la-faim\/208940\/\" \/>\n<meta property=\"og:locale\" content=\"fr_FR\" \/>\n<meta property=\"og:type\" content=\"article\" \/>\n<meta property=\"og:title\" content=\"Jawher Ben M&#039;barek en gr\u00e8ve de la faim\" \/>\n<meta property=\"og:description\" content=\"Jawher Ben M&#039;barek, membre du Front de Salut National a entam\u00e9 une gr\u00e8ve de la faim sauvage, a annonc\u00e9, aujourd\u2019hui, son Comit\u00e9 de D\u00e9fense.\" \/>\n<meta property=\"og:url\" content=\"https:\/\/www.webdo.tn\/fr\/actualite\/national\/jawher-ben-m-barek-en-greve-de-la-faim\/208940\/\" \/>\n<meta property=\"og:site_name\" content=\"webdo\" \/>\n<meta property=\"article:publisher\" content=\"https:\/\/www.facebook.com\/webdotn\" \/>\n<meta property=\"article:published_time\" content=\"2023-09-26T20:48:00+00:00\" \/>\n<meta property=\"article:modified_time\" content=\"2025-05-20T21:57:12+00:00\" \/>\n<meta property=\"og:image\" content=\"https:\/\/www.webdo.tn\/fr\/wp-content\/uploads\/2023\/09\/68203d7fadb721d8c6aeb05a4e9e3c66.jpg\" \/>\n\t<meta property=\"og:image:width\" content=\"750\" \/>\n\t<meta property=\"og:image:height\" content=\"400\" \/>\n\t<meta property=\"og:image:type\" content=\"image\/jpeg\" \/>\n<meta name=\"author\" content=\"MC\" \/>\n<meta name=\"twitter:card\" content=\"summary_large_image\" \/>\n<meta name=\"twitter:creator\" content=\"@webdo_tn\" \/>\n<meta name=\"twitter:site\" content=\"@webdo_tn\" \/>\n<meta name=\"twitter:label1\" content=\"\u00c9crit par\" \/>\n\t<meta name=\"twitter:data1\" content=\"MC\" \/>\n\t<meta name=\"twitter:label2\" content=\"Dur\u00e9e de lecture estim\u00e9e\" \/>\n\t<meta name=\"twitter:data2\" content=\"1 minute\" \/>\n<script type=\"application\/ld+json\" class=\"yoast-schema-graph\">{\"@context\":\"https:\\\/\\\/schema.org\",\"@graph\":[{\"@type\":\"NewsArticle\",\"@id\":\"https:\\\/\\\/www.webdo.tn\\\/fr\\\/actualite\\\/national\\\/jawher-ben-m-barek-en-greve-de-la-faim\\\/208940\\\/#article\",\"isPartOf\":{\"@id\":\"https:\\\/\\\/www.webdo.tn\\\/fr\\\/actualite\\\/national\\\/jawher-ben-m-barek-en-greve-de-la-faim\\\/208940\\\/\"},\"author\":{\"name\":\"MC\",\"@id\":\"https:\\\/\\\/www.webdo.tn\\\/fr\\\/#\\\/schema\\\/person\\\/2c4929cbf5a809e3bd38617c6ce150f6\"},\"headline\":\"Jawher Ben M&rsquo;barek en gr\u00e8ve de la faim\",\"datePublished\":\"2023-09-26T20:48:00+00:00\",\"dateModified\":\"2025-05-20T21:57:12+00:00\",\"mainEntityOfPage\":{\"@id\":\"https:\\\/\\\/www.webdo.tn\\\/fr\\\/actualite\\\/national\\\/jawher-ben-m-barek-en-greve-de-la-faim\\\/208940\\\/\"},\"wordCount\":147,\"commentCount\":0,\"publisher\":{\"@id\":\"https:\\\/\\\/www.webdo.tn\\\/fr\\\/#organization\"},\"image\":{\"@id\":\"https:\\\/\\\/www.webdo.tn\\\/fr\\\/actualite\\\/national\\\/jawher-ben-m-barek-en-greve-de-la-faim\\\/208940\\\/#primaryimage\"},\"thumbnailUrl\":\"https:\\\/\\\/www.webdo.tn\\\/fr\\\/wp-content\\\/uploads\\\/2023\\\/09\\\/68203d7fadb721d8c6aeb05a4e9e3c66.jpg\",\"keywords\":[\"Front de salut\",\"gr\u00e8ve de la faim\",\"jawher ben m'barek\"],\"articleSection\":[\"National\"],\"inLanguage\":\"fr-FR\"},{\"@type\":\"WebPage\",\"@id\":\"https:\\\/\\\/www.webdo.tn\\\/fr\\\/actualite\\\/national\\\/jawher-ben-m-barek-en-greve-de-la-faim\\\/208940\\\/\",\"url\":\"https:\\\/\\\/www.webdo.tn\\\/fr\\\/actualite\\\/national\\\/jawher-ben-m-barek-en-greve-de-la-faim\\\/208940\\\/\",\"name\":\"Jawher Ben M'barek en gr\u00e8ve de la faim\",\"isPartOf\":{\"@id\":\"https:\\\/\\\/www.webdo.tn\\\/fr\\\/#website\"},\"primaryImageOfPage\":{\"@id\":\"https:\\\/\\\/www.webdo.tn\\\/fr\\\/actualite\\\/national\\\/jawher-ben-m-barek-en-greve-de-la-faim\\\/208940\\\/#primaryimage\"},\"image\":{\"@id\":\"https:\\\/\\\/www.webdo.tn\\\/fr\\\/actualite\\\/national\\\/jawher-ben-m-barek-en-greve-de-la-faim\\\/208940\\\/#primaryimage\"},\"thumbnailUrl\":\"https:\\\/\\\/www.webdo.tn\\\/fr\\\/wp-content\\\/uploads\\\/2023\\\/09\\\/68203d7fadb721d8c6aeb05a4e9e3c66.jpg\",\"datePublished\":\"2023-09-26T20:48:00+00:00\",\"dateModified\":\"2025-05-20T21:57:12+00:00\",\"description\":\"Jawher Ben M'barek, membre du Front de Salut National a entam\u00e9 une gr\u00e8ve de la faim sauvage, a annonc\u00e9, aujourd\u2019hui, son Comit\u00e9 de D\u00e9fense.\",\"breadcrumb\":{\"@id\":\"https:\\\/\\\/www.webdo.tn\\\/fr\\\/actualite\\\/national\\\/jawher-ben-m-barek-en-greve-de-la-faim\\\/208940\\\/#breadcrumb\"},\"inLanguage\":\"fr-FR\",\"potentialAction\":[{\"@type\":\"ReadAction\",\"target\":[\"https:\\\/\\\/www.webdo.tn\\\/fr\\\/actualite\\\/national\\\/jawher-ben-m-barek-en-greve-de-la-faim\\\/208940\\\/\"]}]},{\"@type\":\"ImageObject\",\"inLanguage\":\"fr-FR\",\"@id\":\"https:\\\/\\\/www.webdo.tn\\\/fr\\\/actualite\\\/national\\\/jawher-ben-m-barek-en-greve-de-la-faim\\\/208940\\\/#primaryimage\",\"url\":\"https:\\\/\\\/www.webdo.tn\\\/fr\\\/wp-content\\\/uploads\\\/2023\\\/09\\\/68203d7fadb721d8c6aeb05a4e9e3c66.jpg\",\"contentUrl\":\"https:\\\/\\\/www.webdo.tn\\\/fr\\\/wp-content\\\/uploads\\\/2023\\\/09\\\/68203d7fadb721d8c6aeb05a4e9e3c66.jpg\",\"width\":750,\"height\":400,\"caption\":\"Jawher Ben M'barek en gr\u00e8ve de la faim\"},{\"@type\":\"BreadcrumbList\",\"@id\":\"https:\\\/\\\/www.webdo.tn\\\/fr\\\/actualite\\\/national\\\/jawher-ben-m-barek-en-greve-de-la-faim\\\/208940\\\/#breadcrumb\",\"itemListElement\":[{\"@type\":\"ListItem\",\"position\":1,\"name\":\"Accueil\",\"item\":\"https:\\\/\\\/www.webdo.tn\\\/fr\\\/\"},{\"@type\":\"ListItem\",\"position\":2,\"name\":\"Jawher Ben M&#8217;barek en gr\u00e8ve de la faim\"}]},{\"@type\":\"WebSite\",\"@id\":\"https:\\\/\\\/www.webdo.tn\\\/fr\\\/#website\",\"url\":\"https:\\\/\\\/www.webdo.tn\\\/fr\\\/\",\"name\":\"webdo\",\"description\":\"Tunisie - News en Tunisie et \u00e0 l&#039;international sur Webdo.tn\",\"publisher\":{\"@id\":\"https:\\\/\\\/www.webdo.tn\\\/fr\\\/#organization\"},\"potentialAction\":[{\"@type\":\"SearchAction\",\"target\":{\"@type\":\"EntryPoint\",\"urlTemplate\":\"https:\\\/\\\/www.webdo.tn\\\/fr\\\/?s={search_term_string}\"},\"query-input\":{\"@type\":\"PropertyValueSpecification\",\"valueRequired\":true,\"valueName\":\"search_term_string\"}}],\"inLanguage\":\"fr-FR\"},{\"@type\":\"Organization\",\"@id\":\"https:\\\/\\\/www.webdo.tn\\\/fr\\\/#organization\",\"name\":\"Webdo\",\"alternateName\":\"Webdo.tn\",\"url\":\"https:\\\/\\\/www.webdo.tn\\\/fr\\\/\",\"logo\":{\"@type\":\"ImageObject\",\"inLanguage\":\"fr-FR\",\"@id\":\"https:\\\/\\\/www.webdo.tn\\\/fr\\\/#\\\/schema\\\/logo\\\/image\\\/\",\"url\":\"https:\\\/\\\/www.webdo.tn\\\/fr\\\/wp-content\\\/uploads\\\/2025\\\/06\\\/Webdo-Tunisie_168377.jpg\",\"contentUrl\":\"https:\\\/\\\/www.webdo.tn\\\/fr\\\/wp-content\\\/uploads\\\/2025\\\/06\\\/Webdo-Tunisie_168377.jpg\",\"width\":301,\"height\":301,\"caption\":\"Webdo\"},\"image\":{\"@id\":\"https:\\\/\\\/www.webdo.tn\\\/fr\\\/#\\\/schema\\\/logo\\\/image\\\/\"},\"sameAs\":[\"https:\\\/\\\/www.facebook.com\\\/webdotn\",\"https:\\\/\\\/x.com\\\/webdo_tn\"],\"description\":\"Webdo est un m\u00e9dia num\u00e9rique tunisien fond\u00e9 en 2010, sp\u00e9cialis\u00e9 dans l\u2019actualit\u00e9 nationale et internationale, l\u2019\u00e9conomie, la soci\u00e9t\u00e9 et les analyses politiques. Le site s\u2019adresse \u00e0 un large public francophone et couvre l\u2019information tunisienne en temps r\u00e9el.\",\"email\":\"redac@webdo.tn\",\"legalName\":\"YNJ SARL\",\"foundingDate\":\"2010-09-06\",\"numberOfEmployees\":{\"@type\":\"QuantitativeValue\",\"minValue\":\"11\",\"maxValue\":\"50\"}},{\"@type\":\"Person\",\"@id\":\"https:\\\/\\\/www.webdo.tn\\\/fr\\\/#\\\/schema\\\/person\\\/2c4929cbf5a809e3bd38617c6ce150f6\",\"name\":\"MC\",\"image\":{\"@type\":\"ImageObject\",\"inLanguage\":\"fr-FR\",\"@id\":\"https:\\\/\\\/secure.gravatar.com\\\/avatar\\\/a545bbb6f84efdd5553dbbc2895e3ca8f1d12c5215e00a041c9670b54aa9b18a?s=96&d=mm&r=g\",\"url\":\"https:\\\/\\\/secure.gravatar.com\\\/avatar\\\/a545bbb6f84efdd5553dbbc2895e3ca8f1d12c5215e00a041c9670b54aa9b18a?s=96&d=mm&r=g\",\"contentUrl\":\"https:\\\/\\\/secure.gravatar.com\\\/avatar\\\/a545bbb6f84efdd5553dbbc2895e3ca8f1d12c5215e00a041c9670b54aa9b18a?s=96&d=mm&r=g\",\"caption\":\"MC\"},\"url\":\"https:\\\/\\\/www.webdo.tn\\\/fr\\\/actualite\\\/author\\\/mc\\\/\"}]}<\/script>\n<!-- \/ Yoast SEO Premium plugin. -->","yoast_head_json":{"title":"Jawher Ben M'barek en gr\u00e8ve de la faim","description":"Jawher Ben M'barek, membre du Front de Salut National a entam\u00e9 une gr\u00e8ve de la faim sauvage, a annonc\u00e9, aujourd\u2019hui, son Comit\u00e9 de D\u00e9fense.","canonical":"https:\/\/www.webdo.tn\/fr\/actualite\/national\/jawher-ben-m-barek-en-greve-de-la-faim\/208940\/","og_locale":"fr_FR","og_type":"article","og_title":"Jawher Ben M'barek en gr\u00e8ve de la faim","og_description":"Jawher Ben M'barek, membre du Front de Salut National a entam\u00e9 une gr\u00e8ve de la faim sauvage, a annonc\u00e9, aujourd\u2019hui, son Comit\u00e9 de D\u00e9fense.","og_url":"https:\/\/www.webdo.tn\/fr\/actualite\/national\/jawher-ben-m-barek-en-greve-de-la-faim\/208940\/","og_site_name":"webdo","article_publisher":"https:\/\/www.facebook.com\/webdotn","article_published_time":"2023-09-26T20:48:00+00:00","article_modified_time":"2025-05-20T21:57:12+00:00","og_image":[{"width":750,"height":400,"url":"https:\/\/www.webdo.tn\/fr\/wp-content\/uploads\/2023\/09\/68203d7fadb721d8c6aeb05a4e9e3c66.jpg","type":"image\/jpeg"}],"author":"MC","twitter_card":"summary_large_image","twitter_creator":"@webdo_tn","twitter_site":"@webdo_tn","twitter_misc":{"\u00c9crit par":"MC","Dur\u00e9e de lecture estim\u00e9e":"1 minute"},"schema":{"@context":"https:\/\/schema.org","@graph":[{"@type":"NewsArticle","@id":"https:\/\/www.webdo.tn\/fr\/actualite\/national\/jawher-ben-m-barek-en-greve-de-la-faim\/208940\/#article","isPartOf":{"@id":"https:\/\/www.webdo.tn\/fr\/actualite\/national\/jawher-ben-m-barek-en-greve-de-la-faim\/208940\/"},"author":{"name":"MC","@id":"https:\/\/www.webdo.tn\/fr\/#\/schema\/person\/2c4929cbf5a809e3bd38617c6ce150f6"},"headline":"Jawher Ben M&rsquo;barek en gr\u00e8ve de la faim","datePublished":"2023-09-26T20:48:00+00:00","dateModified":"2025-05-20T21:57:12+00:00","mainEntityOfPage":{"@id":"https:\/\/www.webdo.tn\/fr\/actualite\/national\/jawher-ben-m-barek-en-greve-de-la-faim\/208940\/"},"wordCount":147,"commentCount":0,"publisher":{"@id":"https:\/\/www.webdo.tn\/fr\/#organization"},"image":{"@id":"https:\/\/www.webdo.tn\/fr\/actualite\/national\/jawher-ben-m-barek-en-greve-de-la-faim\/208940\/#primaryimage"},"thumbnailUrl":"https:\/\/www.webdo.tn\/fr\/wp-content\/uploads\/2023\/09\/68203d7fadb721d8c6aeb05a4e9e3c66.jpg","keywords":["Front de salut","gr\u00e8ve de la faim","jawher ben m'barek"],"articleSection":["National"],"inLanguage":"fr-FR"},{"@type":"WebPage","@id":"https:\/\/www.webdo.tn\/fr\/actualite\/national\/jawher-ben-m-barek-en-greve-de-la-faim\/208940\/","url":"https:\/\/www.webdo.tn\/fr\/actualite\/national\/jawher-ben-m-barek-en-greve-de-la-faim\/208940\/","name":"Jawher Ben M'barek en gr\u00e8ve de la faim","isPartOf":{"@id":"https:\/\/www.webdo.tn\/fr\/#website"},"primaryImageOfPage":{"@id":"https:\/\/www.webdo.tn\/fr\/actualite\/national\/jawher-ben-m-barek-en-greve-de-la-faim\/208940\/#primaryimage"},"image":{"@id":"https:\/\/www.webdo.tn\/fr\/actualite\/national\/jawher-ben-m-barek-en-greve-de-la-faim\/208940\/#primaryimage"},"thumbnailUrl":"https:\/\/www.webdo.tn\/fr\/wp-content\/uploads\/2023\/09\/68203d7fadb721d8c6aeb05a4e9e3c66.jpg","datePublished":"2023-09-26T20:48:00+00:00","dateModified":"2025-05-20T21:57:12+00:00","description":"Jawher Ben M'barek, membre du Front de Salut National a entam\u00e9 une gr\u00e8ve de la faim sauvage, a annonc\u00e9, aujourd\u2019hui, son Comit\u00e9 de D\u00e9fense.","breadcrumb":{"@id":"https:\/\/www.webdo.tn\/fr\/actualite\/national\/jawher-ben-m-barek-en-greve-de-la-faim\/208940\/#breadcrumb"},"inLanguage":"fr-FR","potentialAction":[{"@type":"ReadAction","target":["https:\/\/www.webdo.tn\/fr\/actualite\/national\/jawher-ben-m-barek-en-greve-de-la-faim\/208940\/"]}]},{"@type":"ImageObject","inLanguage":"fr-FR","@id":"https:\/\/www.webdo.tn\/fr\/actualite\/national\/jawher-ben-m-barek-en-greve-de-la-faim\/208940\/#primaryimage","url":"https:\/\/www.webdo.tn\/fr\/wp-content\/uploads\/2023\/09\/68203d7fadb721d8c6aeb05a4e9e3c66.jpg","contentUrl":"https:\/\/www.webdo.tn\/fr\/wp-content\/uploads\/2023\/09\/68203d7fadb721d8c6aeb05a4e9e3c66.jpg","width":750,"height":400,"caption":"Jawher Ben M'barek en gr\u00e8ve de la faim"},{"@type":"BreadcrumbList","@id":"https:\/\/www.webdo.tn\/fr\/actualite\/national\/jawher-ben-m-barek-en-greve-de-la-faim\/208940\/#breadcrumb","itemListElement":[{"@type":"ListItem","position":1,"name":"Accueil","item":"https:\/\/www.webdo.tn\/fr\/"},{"@type":"ListItem","position":2,"name":"Jawher Ben M&#8217;barek en gr\u00e8ve de la faim"}]},{"@type":"WebSite","@id":"https:\/\/www.webdo.tn\/fr\/#website","url":"https:\/\/www.webdo.tn\/fr\/","name":"webdo","description":"Tunisie - News en Tunisie et \u00e0 l&#039;international sur Webdo.tn","publisher":{"@id":"https:\/\/www.webdo.tn\/fr\/#organization"},"potentialAction":[{"@type":"SearchAction","target":{"@type":"EntryPoint","urlTemplate":"https:\/\/www.webdo.tn\/fr\/?s={search_term_string}"},"query-input":{"@type":"PropertyValueSpecification","valueRequired":true,"valueName":"search_term_string"}}],"inLanguage":"fr-FR"},{"@type":"Organization","@id":"https:\/\/www.webdo.tn\/fr\/#organization","name":"Webdo","alternateName":"Webdo.tn","url":"https:\/\/www.webdo.tn\/fr\/","logo":{"@type":"ImageObject","inLanguage":"fr-FR","@id":"https:\/\/www.webdo.tn\/fr\/#\/schema\/logo\/image\/","url":"https:\/\/www.webdo.tn\/fr\/wp-content\/uploads\/2025\/06\/Webdo-Tunisie_168377.jpg","contentUrl":"https:\/\/www.webdo.tn\/fr\/wp-content\/uploads\/2025\/06\/Webdo-Tunisie_168377.jpg","width":301,"height":301,"caption":"Webdo"},"image":{"@id":"https:\/\/www.webdo.tn\/fr\/#\/schema\/logo\/image\/"},"sameAs":["https:\/\/www.facebook.com\/webdotn","https:\/\/x.com\/webdo_tn"],"description":"Webdo est un m\u00e9dia num\u00e9rique tunisien fond\u00e9 en 2010, sp\u00e9cialis\u00e9 dans l\u2019actualit\u00e9 nationale et internationale, l\u2019\u00e9conomie, la soci\u00e9t\u00e9 et les analyses politiques. Le site s\u2019adresse \u00e0 un large public francophone et couvre l\u2019information tunisienne en temps r\u00e9el.","email":"redac@webdo.tn","legalName":"YNJ SARL","foundingDate":"2010-09-06","numberOfEmployees":{"@type":"QuantitativeValue","minValue":"11","maxValue":"50"}},{"@type":"Person","@id":"https:\/\/www.webdo.tn\/fr\/#\/schema\/person\/2c4929cbf5a809e3bd38617c6ce150f6","name":"MC","image":{"@type":"ImageObject","inLanguage":"fr-FR","@id":"https:\/\/secure.gravatar.com\/avatar\/a545bbb6f84efdd5553dbbc2895e3ca8f1d12c5215e00a041c9670b54aa9b18a?s=96&d=mm&r=g","url":"https:\/\/secure.gravatar.com\/avatar\/a545bbb6f84efdd5553dbbc2895e3ca8f1d12c5215e00a041c9670b54aa9b18a?s=96&d=mm&r=g","contentUrl":"https:\/\/secure.gravatar.com\/avatar\/a545bbb6f84efdd5553dbbc2895e3ca8f1d12c5215e00a041c9670b54aa9b18a?s=96&d=mm&r=g","caption":"MC"},"url":"https:\/\/www.webdo.tn\/fr\/actualite\/author\/mc\/"}]}},"_links":{"self":[{"href":"https:\/\/www.webdo.tn\/fr\/wp-json\/wp\/v2\/posts\/208940","targetHints":{"allow":["GET"]}}],"collection":[{"href":"https:\/\/www.webdo.tn\/fr\/wp-json\/wp\/v2\/posts"}],"about":[{"href":"https:\/\/www.webdo.tn\/fr\/wp-json\/wp\/v2\/types\/post"}],"author":[{"embeddable":true,"href":"https:\/\/www.webdo.tn\/fr\/wp-json\/wp\/v2\/users\/3162"}],"replies":[{"embeddable":true,"href":"https:\/\/www.webdo.tn\/fr\/wp-json\/wp\/v2\/comments?post=208940"}],"version-history":[{"count":0,"href":"https:\/\/www.webdo.tn\/fr\/wp-json\/wp\/v2\/posts\/208940\/revisions"}],"wp:featuredmedia":[{"embeddable":true,"href":"https:\/\/www.webdo.tn\/fr\/wp-json\/wp\/v2\/media\/249222"}],"wp:attachment":[{"href":"https:\/\/www.webdo.tn\/fr\/wp-json\/wp\/v2\/media?parent=208940"}],"wp:term":[{"taxonomy":"category","embeddable":true,"href":"https:\/\/www.webdo.tn\/fr\/wp-json\/wp\/v2\/categories?post=208940"},{"taxonomy":"post_tag","embeddable":true,"href":"https:\/\/www.webdo.tn\/fr\/wp-json\/wp\/v2\/tags?post=208940"}],"curies":[{"name":"wp","href":"https:\/\/api.w.org\/{rel}","templated":true}]}}