{"id":208923,"date":"2023-09-26T13:39:00","date_gmt":"2023-09-26T13:39:00","guid":{"rendered":"https:\/\/www.webdo.tn\/fr\/blog\/ammar-le-fmi-doit-etre-au-service-des-pays-et-non-pas-le-contraire\/208923\/"},"modified":"2025-05-20T22:40:49","modified_gmt":"2025-05-20T22:40:49","slug":"ammar-le-fmi-doit-etre-au-service-des-pays-et-non-pas-le-contraire","status":"publish","type":"post","link":"https:\/\/www.webdo.tn\/fr\/actualite\/national\/ammar-le-fmi-doit-etre-au-service-des-pays-et-non-pas-le-contraire\/208923\/","title":{"rendered":"Ammar : \u00ab Le FMI doit \u00eatre au service des pays et non pas le contraire \u00bb"},"content":{"rendered":"<p>La Tunisie a, toujours, les canaux de partenariat et de coop\u00e9ration avec tous ses partenaires [..] elle n&rsquo;a pas, dans ses traditions, de rejeter un partenaire pour un autre \u00ab\u00a0, a d\u00e9clar\u00e9, mardi, \u00e0 Moscou, le ministre des Affaires \u00e9trang\u00e8res, de la Migration et des Tunisiens \u00e0 l&rsquo;\u00e9tranger, Nabil Ammar.<\/p>\n<p>S&rsquo;exprimant, lors d&rsquo;une conf\u00e9rence de presse tenue \u00e0 l&rsquo;issu de son entretien avec son homologue russe Sergue\u00ef Lavrov, Ammar a soulign\u00e9 que la s\u00e9curit\u00e9 et la stabilit\u00e9 du pays ainsi que la protection des cat\u00e9gories sociales les plus d\u00e9favoris\u00e9es sont des lignes rouges.<\/p>\n<p>\u00ab\u00a0La Tunisie est pr\u00eate \u00e0 discuter avec tous ses partenaires, dont le Fonds mon\u00e9taire international qui \u00a0\u00bb doit \u00eatre au service des pays et non pas le contraire \u00ab\u00a0, a-t-il lanc\u00e9.<\/p>\n<p>En r\u00e9ponse \u00e0 une question sur la crise migratoire dans la r\u00e9gion de la m\u00e9diterran\u00e9e, le ministre a insist\u00e9 que le traitement de cette situation d\u00e9passe les capacit\u00e9s d&rsquo;un seul pays quel qu&rsquo;il soit.<\/p>\n<p>La Tunisie pr\u00f4ne une approche globale qui n\u00e9cessite les efforts de toutes les parties concern\u00e9es par les flux migratoires, pour s&rsquo;attaquer aux raisons profondes qui ont amen\u00e9 \u00e0 la situation actuelle.<\/p>\n<p>Par ailleurs, le chef de la diplomatie tunisienne a soulign\u00e9 que l&rsquo;entrevue avec son homologue russe a permis d&rsquo;aborder les volets de la coop\u00e9ration et les concertations politiques entre les deux pays.<\/p>\n","protected":false},"excerpt":{"rendered":"<p>La Tunisie a, toujours, les canaux de partenariat et de coop\u00e9ration avec tous ses partenaires [..] elle n&rsquo;a pas, dans ses traditions, de rejeter un partenaire p&#8230;<\/p>\n","protected":false},"author":3175,"featured_media":249213,"comment_status":"open","ping_status":"closed","sticky":false,"template":"","format":"standard","meta":{"footnotes":""},"categories":[44],"tags":[4233,7178,2608],"class_list":["post-208923","post","type-post","status-publish","format-standard","has-post-thumbnail","hentry","category-national","tag-fmi","tag-negociations","tag-tunisie"],"yoast_head":"<!-- This site is optimized with the Yoast SEO Premium plugin v27.5 (Yoast SEO v27.5) - https:\/\/yoast.com\/product\/yoast-seo-premium-wordpress\/ -->\n<title>Ammar : \u00ab Le FMI doit \u00eatre au service des pays et non pas le contraire \u00bb<\/title>\n<meta name=\"description\" content=\"La Tunisie a, toujours, les canaux de partenariat et de coop\u00e9ration avec tous ses partenaires [..] elle n&#039;a pas, dans ses traditions, de rejeter un partenaire p...\" \/>\n<link rel=\"canonical\" href=\"https:\/\/www.webdo.tn\/fr\/actualite\/national\/ammar-le-fmi-doit-etre-au-service-des-pays-et-non-pas-le-contraire\/208923\/\" \/>\n<meta property=\"og:locale\" content=\"fr_FR\" \/>\n<meta property=\"og:type\" content=\"article\" \/>\n<meta property=\"og:title\" content=\"Ammar : \u00ab Le FMI doit \u00eatre au service des pays et non pas le contraire \u00bb\" \/>\n<meta property=\"og:description\" content=\"La Tunisie a, toujours, les canaux de partenariat et de coop\u00e9ration avec tous ses partenaires [..] elle n&#039;a pas, dans ses traditions, de rejeter un partenaire p...\" \/>\n<meta property=\"og:url\" content=\"https:\/\/www.webdo.tn\/fr\/actualite\/national\/ammar-le-fmi-doit-etre-au-service-des-pays-et-non-pas-le-contraire\/208923\/\" \/>\n<meta property=\"og:site_name\" content=\"webdo\" \/>\n<meta property=\"article:publisher\" content=\"https:\/\/www.facebook.com\/webdotn\" \/>\n<meta property=\"article:published_time\" content=\"2023-09-26T13:39:00+00:00\" \/>\n<meta property=\"article:modified_time\" content=\"2025-05-20T22:40:49+00:00\" \/>\n<meta property=\"og:image\" content=\"https:\/\/www.webdo.tn\/fr\/wp-content\/uploads\/2023\/09\/167b00e28c065147d026e5c3ed660afa.png\" \/>\n\t<meta property=\"og:image:width\" content=\"750\" \/>\n\t<meta property=\"og:image:height\" content=\"400\" \/>\n\t<meta property=\"og:image:type\" content=\"image\/png\" \/>\n<meta name=\"author\" content=\"CL\" \/>\n<meta name=\"twitter:card\" content=\"summary_large_image\" \/>\n<meta name=\"twitter:creator\" content=\"@webdo_tn\" \/>\n<meta name=\"twitter:site\" content=\"@webdo_tn\" \/>\n<meta name=\"twitter:label1\" content=\"\u00c9crit par\" \/>\n\t<meta name=\"twitter:data1\" content=\"CL\" \/>\n\t<meta name=\"twitter:label2\" content=\"Dur\u00e9e de lecture estim\u00e9e\" \/>\n\t<meta name=\"twitter:data2\" content=\"1 minute\" \/>\n<script type=\"application\/ld+json\" class=\"yoast-schema-graph\">{\"@context\":\"https:\\\/\\\/schema.org\",\"@graph\":[{\"@type\":\"NewsArticle\",\"@id\":\"https:\\\/\\\/www.webdo.tn\\\/fr\\\/actualite\\\/national\\\/ammar-le-fmi-doit-etre-au-service-des-pays-et-non-pas-le-contraire\\\/208923\\\/#article\",\"isPartOf\":{\"@id\":\"https:\\\/\\\/www.webdo.tn\\\/fr\\\/actualite\\\/national\\\/ammar-le-fmi-doit-etre-au-service-des-pays-et-non-pas-le-contraire\\\/208923\\\/\"},\"author\":{\"name\":\"CL\",\"@id\":\"https:\\\/\\\/www.webdo.tn\\\/fr\\\/#\\\/schema\\\/person\\\/f35b42a42c5e2511bbd282959d6385cc\"},\"headline\":\"Ammar : \u00ab Le FMI doit \u00eatre au service des pays et non pas le contraire \u00bb\",\"datePublished\":\"2023-09-26T13:39:00+00:00\",\"dateModified\":\"2025-05-20T22:40:49+00:00\",\"mainEntityOfPage\":{\"@id\":\"https:\\\/\\\/www.webdo.tn\\\/fr\\\/actualite\\\/national\\\/ammar-le-fmi-doit-etre-au-service-des-pays-et-non-pas-le-contraire\\\/208923\\\/\"},\"wordCount\":255,\"commentCount\":0,\"publisher\":{\"@id\":\"https:\\\/\\\/www.webdo.tn\\\/fr\\\/#organization\"},\"image\":{\"@id\":\"https:\\\/\\\/www.webdo.tn\\\/fr\\\/actualite\\\/national\\\/ammar-le-fmi-doit-etre-au-service-des-pays-et-non-pas-le-contraire\\\/208923\\\/#primaryimage\"},\"thumbnailUrl\":\"https:\\\/\\\/www.webdo.tn\\\/fr\\\/wp-content\\\/uploads\\\/2023\\\/09\\\/167b00e28c065147d026e5c3ed660afa.png\",\"keywords\":[\"FMI\",\"N\u00e9gociations\",\"Tunisie\"],\"articleSection\":[\"National\"],\"inLanguage\":\"fr-FR\"},{\"@type\":\"WebPage\",\"@id\":\"https:\\\/\\\/www.webdo.tn\\\/fr\\\/actualite\\\/national\\\/ammar-le-fmi-doit-etre-au-service-des-pays-et-non-pas-le-contraire\\\/208923\\\/\",\"url\":\"https:\\\/\\\/www.webdo.tn\\\/fr\\\/actualite\\\/national\\\/ammar-le-fmi-doit-etre-au-service-des-pays-et-non-pas-le-contraire\\\/208923\\\/\",\"name\":\"Ammar : \u00ab Le FMI doit \u00eatre au service des pays et non pas le contraire \u00bb\",\"isPartOf\":{\"@id\":\"https:\\\/\\\/www.webdo.tn\\\/fr\\\/#website\"},\"primaryImageOfPage\":{\"@id\":\"https:\\\/\\\/www.webdo.tn\\\/fr\\\/actualite\\\/national\\\/ammar-le-fmi-doit-etre-au-service-des-pays-et-non-pas-le-contraire\\\/208923\\\/#primaryimage\"},\"image\":{\"@id\":\"https:\\\/\\\/www.webdo.tn\\\/fr\\\/actualite\\\/national\\\/ammar-le-fmi-doit-etre-au-service-des-pays-et-non-pas-le-contraire\\\/208923\\\/#primaryimage\"},\"thumbnailUrl\":\"https:\\\/\\\/www.webdo.tn\\\/fr\\\/wp-content\\\/uploads\\\/2023\\\/09\\\/167b00e28c065147d026e5c3ed660afa.png\",\"datePublished\":\"2023-09-26T13:39:00+00:00\",\"dateModified\":\"2025-05-20T22:40:49+00:00\",\"description\":\"La Tunisie a, toujours, les canaux de partenariat et de coop\u00e9ration avec tous ses partenaires [..] elle n'a pas, dans ses traditions, de rejeter un partenaire p...\",\"breadcrumb\":{\"@id\":\"https:\\\/\\\/www.webdo.tn\\\/fr\\\/actualite\\\/national\\\/ammar-le-fmi-doit-etre-au-service-des-pays-et-non-pas-le-contraire\\\/208923\\\/#breadcrumb\"},\"inLanguage\":\"fr-FR\",\"potentialAction\":[{\"@type\":\"ReadAction\",\"target\":[\"https:\\\/\\\/www.webdo.tn\\\/fr\\\/actualite\\\/national\\\/ammar-le-fmi-doit-etre-au-service-des-pays-et-non-pas-le-contraire\\\/208923\\\/\"]}]},{\"@type\":\"ImageObject\",\"inLanguage\":\"fr-FR\",\"@id\":\"https:\\\/\\\/www.webdo.tn\\\/fr\\\/actualite\\\/national\\\/ammar-le-fmi-doit-etre-au-service-des-pays-et-non-pas-le-contraire\\\/208923\\\/#primaryimage\",\"url\":\"https:\\\/\\\/www.webdo.tn\\\/fr\\\/wp-content\\\/uploads\\\/2023\\\/09\\\/167b00e28c065147d026e5c3ed660afa.png\",\"contentUrl\":\"https:\\\/\\\/www.webdo.tn\\\/fr\\\/wp-content\\\/uploads\\\/2023\\\/09\\\/167b00e28c065147d026e5c3ed660afa.png\",\"width\":750,\"height\":400,\"caption\":\"Ammar : \u00ab Le FMI doit \u00eatre au service des pays et non pas le contraire \u00bb\"},{\"@type\":\"BreadcrumbList\",\"@id\":\"https:\\\/\\\/www.webdo.tn\\\/fr\\\/actualite\\\/national\\\/ammar-le-fmi-doit-etre-au-service-des-pays-et-non-pas-le-contraire\\\/208923\\\/#breadcrumb\",\"itemListElement\":[{\"@type\":\"ListItem\",\"position\":1,\"name\":\"Accueil\",\"item\":\"https:\\\/\\\/www.webdo.tn\\\/fr\\\/\"},{\"@type\":\"ListItem\",\"position\":2,\"name\":\"Ammar : \u00ab Le FMI doit \u00eatre au service des pays et non pas le contraire \u00bb\"}]},{\"@type\":\"WebSite\",\"@id\":\"https:\\\/\\\/www.webdo.tn\\\/fr\\\/#website\",\"url\":\"https:\\\/\\\/www.webdo.tn\\\/fr\\\/\",\"name\":\"webdo\",\"description\":\"Tunisie - News en Tunisie et \u00e0 l&#039;international sur Webdo.tn\",\"publisher\":{\"@id\":\"https:\\\/\\\/www.webdo.tn\\\/fr\\\/#organization\"},\"potentialAction\":[{\"@type\":\"SearchAction\",\"target\":{\"@type\":\"EntryPoint\",\"urlTemplate\":\"https:\\\/\\\/www.webdo.tn\\\/fr\\\/?s={search_term_string}\"},\"query-input\":{\"@type\":\"PropertyValueSpecification\",\"valueRequired\":true,\"valueName\":\"search_term_string\"}}],\"inLanguage\":\"fr-FR\"},{\"@type\":\"Organization\",\"@id\":\"https:\\\/\\\/www.webdo.tn\\\/fr\\\/#organization\",\"name\":\"Webdo\",\"alternateName\":\"Webdo.tn\",\"url\":\"https:\\\/\\\/www.webdo.tn\\\/fr\\\/\",\"logo\":{\"@type\":\"ImageObject\",\"inLanguage\":\"fr-FR\",\"@id\":\"https:\\\/\\\/www.webdo.tn\\\/fr\\\/#\\\/schema\\\/logo\\\/image\\\/\",\"url\":\"https:\\\/\\\/www.webdo.tn\\\/fr\\\/wp-content\\\/uploads\\\/2025\\\/06\\\/Webdo-Tunisie_168377.jpg\",\"contentUrl\":\"https:\\\/\\\/www.webdo.tn\\\/fr\\\/wp-content\\\/uploads\\\/2025\\\/06\\\/Webdo-Tunisie_168377.jpg\",\"width\":301,\"height\":301,\"caption\":\"Webdo\"},\"image\":{\"@id\":\"https:\\\/\\\/www.webdo.tn\\\/fr\\\/#\\\/schema\\\/logo\\\/image\\\/\"},\"sameAs\":[\"https:\\\/\\\/www.facebook.com\\\/webdotn\",\"https:\\\/\\\/x.com\\\/webdo_tn\"],\"description\":\"Webdo est un m\u00e9dia num\u00e9rique tunisien fond\u00e9 en 2010, sp\u00e9cialis\u00e9 dans l\u2019actualit\u00e9 nationale et internationale, l\u2019\u00e9conomie, la soci\u00e9t\u00e9 et les analyses politiques. Le site s\u2019adresse \u00e0 un large public francophone et couvre l\u2019information tunisienne en temps r\u00e9el.\",\"email\":\"redac@webdo.tn\",\"legalName\":\"YNJ SARL\",\"foundingDate\":\"2010-09-06\",\"numberOfEmployees\":{\"@type\":\"QuantitativeValue\",\"minValue\":\"11\",\"maxValue\":\"50\"}},{\"@type\":\"Person\",\"@id\":\"https:\\\/\\\/www.webdo.tn\\\/fr\\\/#\\\/schema\\\/person\\\/f35b42a42c5e2511bbd282959d6385cc\",\"name\":\"CL\",\"image\":{\"@type\":\"ImageObject\",\"inLanguage\":\"fr-FR\",\"@id\":\"https:\\\/\\\/secure.gravatar.com\\\/avatar\\\/1447a49909b67aa657c488aec6512e1dd6143a480c1ecfee9b5b5cd74eb3b59e?s=96&d=mm&r=g\",\"url\":\"https:\\\/\\\/secure.gravatar.com\\\/avatar\\\/1447a49909b67aa657c488aec6512e1dd6143a480c1ecfee9b5b5cd74eb3b59e?s=96&d=mm&r=g\",\"contentUrl\":\"https:\\\/\\\/secure.gravatar.com\\\/avatar\\\/1447a49909b67aa657c488aec6512e1dd6143a480c1ecfee9b5b5cd74eb3b59e?s=96&d=mm&r=g\",\"caption\":\"CL\"},\"url\":\"https:\\\/\\\/www.webdo.tn\\\/fr\\\/actualite\\\/author\\\/cl\\\/\"}]}<\/script>\n<!-- \/ Yoast SEO Premium plugin. -->","yoast_head_json":{"title":"Ammar : \u00ab Le FMI doit \u00eatre au service des pays et non pas le contraire \u00bb","description":"La Tunisie a, toujours, les canaux de partenariat et de coop\u00e9ration avec tous ses partenaires [..] elle n'a pas, dans ses traditions, de rejeter un partenaire p...","canonical":"https:\/\/www.webdo.tn\/fr\/actualite\/national\/ammar-le-fmi-doit-etre-au-service-des-pays-et-non-pas-le-contraire\/208923\/","og_locale":"fr_FR","og_type":"article","og_title":"Ammar : \u00ab Le FMI doit \u00eatre au service des pays et non pas le contraire \u00bb","og_description":"La Tunisie a, toujours, les canaux de partenariat et de coop\u00e9ration avec tous ses partenaires [..] elle n'a pas, dans ses traditions, de rejeter un partenaire p...","og_url":"https:\/\/www.webdo.tn\/fr\/actualite\/national\/ammar-le-fmi-doit-etre-au-service-des-pays-et-non-pas-le-contraire\/208923\/","og_site_name":"webdo","article_publisher":"https:\/\/www.facebook.com\/webdotn","article_published_time":"2023-09-26T13:39:00+00:00","article_modified_time":"2025-05-20T22:40:49+00:00","og_image":[{"width":750,"height":400,"url":"https:\/\/www.webdo.tn\/fr\/wp-content\/uploads\/2023\/09\/167b00e28c065147d026e5c3ed660afa.png","type":"image\/png"}],"author":"CL","twitter_card":"summary_large_image","twitter_creator":"@webdo_tn","twitter_site":"@webdo_tn","twitter_misc":{"\u00c9crit par":"CL","Dur\u00e9e de lecture estim\u00e9e":"1 minute"},"schema":{"@context":"https:\/\/schema.org","@graph":[{"@type":"NewsArticle","@id":"https:\/\/www.webdo.tn\/fr\/actualite\/national\/ammar-le-fmi-doit-etre-au-service-des-pays-et-non-pas-le-contraire\/208923\/#article","isPartOf":{"@id":"https:\/\/www.webdo.tn\/fr\/actualite\/national\/ammar-le-fmi-doit-etre-au-service-des-pays-et-non-pas-le-contraire\/208923\/"},"author":{"name":"CL","@id":"https:\/\/www.webdo.tn\/fr\/#\/schema\/person\/f35b42a42c5e2511bbd282959d6385cc"},"headline":"Ammar : \u00ab Le FMI doit \u00eatre au service des pays et non pas le contraire \u00bb","datePublished":"2023-09-26T13:39:00+00:00","dateModified":"2025-05-20T22:40:49+00:00","mainEntityOfPage":{"@id":"https:\/\/www.webdo.tn\/fr\/actualite\/national\/ammar-le-fmi-doit-etre-au-service-des-pays-et-non-pas-le-contraire\/208923\/"},"wordCount":255,"commentCount":0,"publisher":{"@id":"https:\/\/www.webdo.tn\/fr\/#organization"},"image":{"@id":"https:\/\/www.webdo.tn\/fr\/actualite\/national\/ammar-le-fmi-doit-etre-au-service-des-pays-et-non-pas-le-contraire\/208923\/#primaryimage"},"thumbnailUrl":"https:\/\/www.webdo.tn\/fr\/wp-content\/uploads\/2023\/09\/167b00e28c065147d026e5c3ed660afa.png","keywords":["FMI","N\u00e9gociations","Tunisie"],"articleSection":["National"],"inLanguage":"fr-FR"},{"@type":"WebPage","@id":"https:\/\/www.webdo.tn\/fr\/actualite\/national\/ammar-le-fmi-doit-etre-au-service-des-pays-et-non-pas-le-contraire\/208923\/","url":"https:\/\/www.webdo.tn\/fr\/actualite\/national\/ammar-le-fmi-doit-etre-au-service-des-pays-et-non-pas-le-contraire\/208923\/","name":"Ammar : \u00ab Le FMI doit \u00eatre au service des pays et non pas le contraire \u00bb","isPartOf":{"@id":"https:\/\/www.webdo.tn\/fr\/#website"},"primaryImageOfPage":{"@id":"https:\/\/www.webdo.tn\/fr\/actualite\/national\/ammar-le-fmi-doit-etre-au-service-des-pays-et-non-pas-le-contraire\/208923\/#primaryimage"},"image":{"@id":"https:\/\/www.webdo.tn\/fr\/actualite\/national\/ammar-le-fmi-doit-etre-au-service-des-pays-et-non-pas-le-contraire\/208923\/#primaryimage"},"thumbnailUrl":"https:\/\/www.webdo.tn\/fr\/wp-content\/uploads\/2023\/09\/167b00e28c065147d026e5c3ed660afa.png","datePublished":"2023-09-26T13:39:00+00:00","dateModified":"2025-05-20T22:40:49+00:00","description":"La Tunisie a, toujours, les canaux de partenariat et de coop\u00e9ration avec tous ses partenaires [..] elle n'a pas, dans ses traditions, de rejeter un partenaire p...","breadcrumb":{"@id":"https:\/\/www.webdo.tn\/fr\/actualite\/national\/ammar-le-fmi-doit-etre-au-service-des-pays-et-non-pas-le-contraire\/208923\/#breadcrumb"},"inLanguage":"fr-FR","potentialAction":[{"@type":"ReadAction","target":["https:\/\/www.webdo.tn\/fr\/actualite\/national\/ammar-le-fmi-doit-etre-au-service-des-pays-et-non-pas-le-contraire\/208923\/"]}]},{"@type":"ImageObject","inLanguage":"fr-FR","@id":"https:\/\/www.webdo.tn\/fr\/actualite\/national\/ammar-le-fmi-doit-etre-au-service-des-pays-et-non-pas-le-contraire\/208923\/#primaryimage","url":"https:\/\/www.webdo.tn\/fr\/wp-content\/uploads\/2023\/09\/167b00e28c065147d026e5c3ed660afa.png","contentUrl":"https:\/\/www.webdo.tn\/fr\/wp-content\/uploads\/2023\/09\/167b00e28c065147d026e5c3ed660afa.png","width":750,"height":400,"caption":"Ammar : \u00ab Le FMI doit \u00eatre au service des pays et non pas le contraire \u00bb"},{"@type":"BreadcrumbList","@id":"https:\/\/www.webdo.tn\/fr\/actualite\/national\/ammar-le-fmi-doit-etre-au-service-des-pays-et-non-pas-le-contraire\/208923\/#breadcrumb","itemListElement":[{"@type":"ListItem","position":1,"name":"Accueil","item":"https:\/\/www.webdo.tn\/fr\/"},{"@type":"ListItem","position":2,"name":"Ammar : \u00ab Le FMI doit \u00eatre au service des pays et non pas le contraire \u00bb"}]},{"@type":"WebSite","@id":"https:\/\/www.webdo.tn\/fr\/#website","url":"https:\/\/www.webdo.tn\/fr\/","name":"webdo","description":"Tunisie - News en Tunisie et \u00e0 l&#039;international sur Webdo.tn","publisher":{"@id":"https:\/\/www.webdo.tn\/fr\/#organization"},"potentialAction":[{"@type":"SearchAction","target":{"@type":"EntryPoint","urlTemplate":"https:\/\/www.webdo.tn\/fr\/?s={search_term_string}"},"query-input":{"@type":"PropertyValueSpecification","valueRequired":true,"valueName":"search_term_string"}}],"inLanguage":"fr-FR"},{"@type":"Organization","@id":"https:\/\/www.webdo.tn\/fr\/#organization","name":"Webdo","alternateName":"Webdo.tn","url":"https:\/\/www.webdo.tn\/fr\/","logo":{"@type":"ImageObject","inLanguage":"fr-FR","@id":"https:\/\/www.webdo.tn\/fr\/#\/schema\/logo\/image\/","url":"https:\/\/www.webdo.tn\/fr\/wp-content\/uploads\/2025\/06\/Webdo-Tunisie_168377.jpg","contentUrl":"https:\/\/www.webdo.tn\/fr\/wp-content\/uploads\/2025\/06\/Webdo-Tunisie_168377.jpg","width":301,"height":301,"caption":"Webdo"},"image":{"@id":"https:\/\/www.webdo.tn\/fr\/#\/schema\/logo\/image\/"},"sameAs":["https:\/\/www.facebook.com\/webdotn","https:\/\/x.com\/webdo_tn"],"description":"Webdo est un m\u00e9dia num\u00e9rique tunisien fond\u00e9 en 2010, sp\u00e9cialis\u00e9 dans l\u2019actualit\u00e9 nationale et internationale, l\u2019\u00e9conomie, la soci\u00e9t\u00e9 et les analyses politiques. Le site s\u2019adresse \u00e0 un large public francophone et couvre l\u2019information tunisienne en temps r\u00e9el.","email":"redac@webdo.tn","legalName":"YNJ SARL","foundingDate":"2010-09-06","numberOfEmployees":{"@type":"QuantitativeValue","minValue":"11","maxValue":"50"}},{"@type":"Person","@id":"https:\/\/www.webdo.tn\/fr\/#\/schema\/person\/f35b42a42c5e2511bbd282959d6385cc","name":"CL","image":{"@type":"ImageObject","inLanguage":"fr-FR","@id":"https:\/\/secure.gravatar.com\/avatar\/1447a49909b67aa657c488aec6512e1dd6143a480c1ecfee9b5b5cd74eb3b59e?s=96&d=mm&r=g","url":"https:\/\/secure.gravatar.com\/avatar\/1447a49909b67aa657c488aec6512e1dd6143a480c1ecfee9b5b5cd74eb3b59e?s=96&d=mm&r=g","contentUrl":"https:\/\/secure.gravatar.com\/avatar\/1447a49909b67aa657c488aec6512e1dd6143a480c1ecfee9b5b5cd74eb3b59e?s=96&d=mm&r=g","caption":"CL"},"url":"https:\/\/www.webdo.tn\/fr\/actualite\/author\/cl\/"}]}},"_links":{"self":[{"href":"https:\/\/www.webdo.tn\/fr\/wp-json\/wp\/v2\/posts\/208923","targetHints":{"allow":["GET"]}}],"collection":[{"href":"https:\/\/www.webdo.tn\/fr\/wp-json\/wp\/v2\/posts"}],"about":[{"href":"https:\/\/www.webdo.tn\/fr\/wp-json\/wp\/v2\/types\/post"}],"author":[{"embeddable":true,"href":"https:\/\/www.webdo.tn\/fr\/wp-json\/wp\/v2\/users\/3175"}],"replies":[{"embeddable":true,"href":"https:\/\/www.webdo.tn\/fr\/wp-json\/wp\/v2\/comments?post=208923"}],"version-history":[{"count":0,"href":"https:\/\/www.webdo.tn\/fr\/wp-json\/wp\/v2\/posts\/208923\/revisions"}],"wp:featuredmedia":[{"embeddable":true,"href":"https:\/\/www.webdo.tn\/fr\/wp-json\/wp\/v2\/media\/249213"}],"wp:attachment":[{"href":"https:\/\/www.webdo.tn\/fr\/wp-json\/wp\/v2\/media?parent=208923"}],"wp:term":[{"taxonomy":"category","embeddable":true,"href":"https:\/\/www.webdo.tn\/fr\/wp-json\/wp\/v2\/categories?post=208923"},{"taxonomy":"post_tag","embeddable":true,"href":"https:\/\/www.webdo.tn\/fr\/wp-json\/wp\/v2\/tags?post=208923"}],"curies":[{"name":"wp","href":"https:\/\/api.w.org\/{rel}","templated":true}]}}