{"id":208917,"date":"2023-09-26T11:07:00","date_gmt":"2023-09-26T11:07:00","guid":{"rendered":"https:\/\/www.webdo.tn\/fr\/blog\/en-1975-bourguiba-sur-le-plateau-du-jesus-de-franco-zeffirelli\/208917\/"},"modified":"2023-09-26T11:07:00","modified_gmt":"2023-09-26T11:07:00","slug":"en-1975-bourguiba-sur-le-plateau-du-jesus-de-franco-zeffirelli","status":"publish","type":"post","link":"https:\/\/www.webdo.tn\/fr\/actualite\/chroniques\/en-1975-bourguiba-sur-le-plateau-du-jesus-de-franco-zeffirelli\/208917\/","title":{"rendered":"En 1975, Bourguiba sur le plateau du \u00ab\u00a0J\u00e9sus\u00a0\u00bb de Franco Zeffirelli"},"content":{"rendered":"<p>C&rsquo;est \u00e0 Monastir en 1975 que le r\u00e9alisateur italien Franco Zeffirelli avait tourn\u00e9 le film \u00ab\u00a0J\u00e9sus de Nazareth\u00a0\u00bb. \u00c0 cette occasion, Bourguiba et aussi Grace Kelly s&rsquo;\u00e9taient rendus sur le lieu de tournage.<\/p>\n<p>\t\t\t\t\t\t\t\t\tPubli\u00e9es par la Cin\u00e9math\u00e8que tunisienne \u00e0 l&rsquo;occasion de l&rsquo;hommage rendu \u00e0 Franco Zeffirelli, du 20 au 30 septembre, plusieurs photos issues des collections de la Fondation Zeffirelli t\u00e9moignent de l&rsquo;ambiance du tournage.<\/p>\n<p>Zeffirelli et Grace Kelly. Photo Fondation Zeffirelli<\/p>\n<p>Ce dernier avait eu lieu en 1975, entre les gouvernorats de Sousse et Monastir, avec dans le casting, une certaine Claudia Cardinale.<\/p>\n<p>Ces photos montrent la visite de Bourguiba sur le plateau de tournage et celle de Grace Kelly. On y voit \u00e9galement des sc\u00e8nes de tournage et Zeffirelli en action.<\/p>\n<p>Claudia Cardinale dans \u00ab\u00a0J\u00e9sus de Nazareth\u00a0\u00bb. Photo Fondation Zeffirelli<\/p>\n<p>Pour la Cin\u00e9math\u00e8que tunisienne, \u00ab\u00a0Zeffirelli avait choisi notre pays comme plateau de tournage et m\u00eame s&rsquo;il ne fut pas le premier \u00e0 le faire, il ouvrira la voie \u00e0 plusieurs autres r\u00e9alisateurs qui, dans son sillage, tourneront en Tunisie.<\/p>\n<p>Cette tradition des tournages en Tunisie a d&rsquo;ailleurs commenc\u00e9 avec la naissance du cin\u00e9ma, \u00e0 la fin du dix-neuvi\u00e8me si\u00e8cle, lorsque les fr\u00e8res Lumi\u00e8re avaient envoy\u00e9 leurs op\u00e9rateurs filmer une s\u00e9rie de documents.<\/p>\n<p>Zeffirelli sur le tournage. Photo Fondation Zeffirelli<\/p>\n<p>Plusieurs films seront tourn\u00e9s ensuite, confirmant le fait que la Tunisie est bel et bien une terre de tournage depuis les lointaines \u0153uvres du r\u00e9alisateur am\u00e9ricain Rex Ingram aux nombreux films d&rsquo;aventures exotiques de plusieurs r\u00e9alisateurs fran\u00e7ais&#8230;\u00a0\u00bb<\/p>\n<p>\u00a0Le cycle d\u00e9di\u00e9 \u00e0 Franco Zeffirelli (Exposition \/ Projections) se poursuit jusqu&rsquo;au 30 septembre 2023 \u00e0 la Cin\u00e9math\u00e8que Tunisienne &#8211; Cit\u00e9 de la Culture Chedli Klibi.<\/p>\n<p>Photo Fondation Zeffirelli<\/p>\n","protected":false},"excerpt":{"rendered":"<p>C&rsquo;est \u00e0 Monastir en 1975 que le r\u00e9alisateur italien Franco Zeffirelli avait tourn\u00e9 le film  J\u00e9sus de Nazareth . \u00c0 cette occasion, Bourguiba et aussi Grace Kelly&#8230;<\/p>\n","protected":false},"author":3229,"featured_media":249207,"comment_status":"open","ping_status":"closed","sticky":false,"template":"","format":"standard","meta":{"footnotes":""},"categories":[2596],"tags":[3365,7863,7864],"class_list":["post-208917","post","type-post","status-publish","format-standard","has-post-thumbnail","hentry","category-chroniques","tag-bourguiba","tag-franco-zeffirelli","tag-tournage"],"yoast_head":"<!-- This site is optimized with the Yoast SEO Premium plugin v27.5 (Yoast SEO v27.5) - https:\/\/yoast.com\/product\/yoast-seo-premium-wordpress\/ -->\n<title>En 1975, Bourguiba sur le plateau du J\u00e9sus de Franco Zeffirelli<\/title>\n<meta name=\"description\" content=\"C&#039;est \u00e0 Monastir en 1975 que le r\u00e9alisateur italien Franco Zeffirelli avait tourn\u00e9 le film J\u00e9sus de Nazareth . \u00c0 cette occasion, Bourguiba et aussi Grace Kelly...\" \/>\n<link rel=\"canonical\" href=\"https:\/\/www.webdo.tn\/fr\/actualite\/chroniques\/en-1975-bourguiba-sur-le-plateau-du-jesus-de-franco-zeffirelli\/208917\/\" \/>\n<meta property=\"og:locale\" content=\"fr_FR\" \/>\n<meta property=\"og:type\" content=\"article\" \/>\n<meta property=\"og:title\" content=\"En 1975, Bourguiba sur le plateau du &quot;J\u00e9sus&quot; de Franco Zeffirelli\" \/>\n<meta property=\"og:description\" content=\"C&#039;est \u00e0 Monastir en 1975 que le r\u00e9alisateur italien Franco Zeffirelli avait tourn\u00e9 le film J\u00e9sus de Nazareth . \u00c0 cette occasion, Bourguiba et aussi Grace Kelly...\" \/>\n<meta property=\"og:url\" content=\"https:\/\/www.webdo.tn\/fr\/actualite\/chroniques\/en-1975-bourguiba-sur-le-plateau-du-jesus-de-franco-zeffirelli\/208917\/\" \/>\n<meta property=\"og:site_name\" content=\"webdo\" \/>\n<meta property=\"article:publisher\" content=\"https:\/\/www.facebook.com\/webdotn\" \/>\n<meta property=\"article:author\" content=\"https:\/\/www.facebook.com\/hatem.bourial.2025\" \/>\n<meta property=\"article:published_time\" content=\"2023-09-26T11:07:00+00:00\" \/>\n<meta property=\"og:image\" content=\"https:\/\/www.webdo.tn\/fr\/wp-content\/uploads\/2023\/09\/b78c5dd54557d9f58ddc0c7d8801174d.jpg\" \/>\n\t<meta property=\"og:image:width\" content=\"720\" \/>\n\t<meta property=\"og:image:height\" content=\"384\" \/>\n\t<meta property=\"og:image:type\" content=\"image\/jpeg\" \/>\n<meta name=\"author\" content=\"Hatem Bourial\" \/>\n<meta name=\"twitter:card\" content=\"summary_large_image\" \/>\n<meta name=\"twitter:creator\" content=\"@webdo_tn\" \/>\n<meta name=\"twitter:site\" content=\"@webdo_tn\" \/>\n<meta name=\"twitter:label1\" content=\"\u00c9crit par\" \/>\n\t<meta name=\"twitter:data1\" content=\"Hatem Bourial\" \/>\n\t<meta name=\"twitter:label2\" content=\"Dur\u00e9e de lecture estim\u00e9e\" \/>\n\t<meta name=\"twitter:data2\" content=\"1 minute\" \/>\n<script type=\"application\/ld+json\" class=\"yoast-schema-graph\">{\"@context\":\"https:\\\/\\\/schema.org\",\"@graph\":[{\"@type\":\"NewsArticle\",\"@id\":\"https:\\\/\\\/www.webdo.tn\\\/fr\\\/actualite\\\/chroniques\\\/en-1975-bourguiba-sur-le-plateau-du-jesus-de-franco-zeffirelli\\\/208917\\\/#article\",\"isPartOf\":{\"@id\":\"https:\\\/\\\/www.webdo.tn\\\/fr\\\/actualite\\\/chroniques\\\/en-1975-bourguiba-sur-le-plateau-du-jesus-de-franco-zeffirelli\\\/208917\\\/\"},\"author\":{\"name\":\"Hatem Bourial\",\"@id\":\"https:\\\/\\\/www.webdo.tn\\\/fr\\\/#\\\/schema\\\/person\\\/6bc0beba2cd23aec27cb5df85ca2554f\"},\"headline\":\"En 1975, Bourguiba sur le plateau du \u00ab\u00a0J\u00e9sus\u00a0\u00bb de Franco Zeffirelli\",\"datePublished\":\"2023-09-26T11:07:00+00:00\",\"mainEntityOfPage\":{\"@id\":\"https:\\\/\\\/www.webdo.tn\\\/fr\\\/actualite\\\/chroniques\\\/en-1975-bourguiba-sur-le-plateau-du-jesus-de-franco-zeffirelli\\\/208917\\\/\"},\"wordCount\":308,\"commentCount\":0,\"publisher\":{\"@id\":\"https:\\\/\\\/www.webdo.tn\\\/fr\\\/#organization\"},\"image\":{\"@id\":\"https:\\\/\\\/www.webdo.tn\\\/fr\\\/actualite\\\/chroniques\\\/en-1975-bourguiba-sur-le-plateau-du-jesus-de-franco-zeffirelli\\\/208917\\\/#primaryimage\"},\"thumbnailUrl\":\"https:\\\/\\\/www.webdo.tn\\\/fr\\\/wp-content\\\/uploads\\\/2023\\\/09\\\/b78c5dd54557d9f58ddc0c7d8801174d.jpg\",\"keywords\":[\"bourguiba\",\"Franco Zeffirelli\",\"tournage\"],\"articleSection\":[\"Chroniques\"],\"inLanguage\":\"fr-FR\"},{\"@type\":\"WebPage\",\"@id\":\"https:\\\/\\\/www.webdo.tn\\\/fr\\\/actualite\\\/chroniques\\\/en-1975-bourguiba-sur-le-plateau-du-jesus-de-franco-zeffirelli\\\/208917\\\/\",\"url\":\"https:\\\/\\\/www.webdo.tn\\\/fr\\\/actualite\\\/chroniques\\\/en-1975-bourguiba-sur-le-plateau-du-jesus-de-franco-zeffirelli\\\/208917\\\/\",\"name\":\"En 1975, Bourguiba sur le plateau du J\u00e9sus de Franco Zeffirelli\",\"isPartOf\":{\"@id\":\"https:\\\/\\\/www.webdo.tn\\\/fr\\\/#website\"},\"primaryImageOfPage\":{\"@id\":\"https:\\\/\\\/www.webdo.tn\\\/fr\\\/actualite\\\/chroniques\\\/en-1975-bourguiba-sur-le-plateau-du-jesus-de-franco-zeffirelli\\\/208917\\\/#primaryimage\"},\"image\":{\"@id\":\"https:\\\/\\\/www.webdo.tn\\\/fr\\\/actualite\\\/chroniques\\\/en-1975-bourguiba-sur-le-plateau-du-jesus-de-franco-zeffirelli\\\/208917\\\/#primaryimage\"},\"thumbnailUrl\":\"https:\\\/\\\/www.webdo.tn\\\/fr\\\/wp-content\\\/uploads\\\/2023\\\/09\\\/b78c5dd54557d9f58ddc0c7d8801174d.jpg\",\"datePublished\":\"2023-09-26T11:07:00+00:00\",\"description\":\"C'est \u00e0 Monastir en 1975 que le r\u00e9alisateur italien Franco Zeffirelli avait tourn\u00e9 le film J\u00e9sus de Nazareth . \u00c0 cette occasion, Bourguiba et aussi Grace Kelly...\",\"breadcrumb\":{\"@id\":\"https:\\\/\\\/www.webdo.tn\\\/fr\\\/actualite\\\/chroniques\\\/en-1975-bourguiba-sur-le-plateau-du-jesus-de-franco-zeffirelli\\\/208917\\\/#breadcrumb\"},\"inLanguage\":\"fr-FR\",\"potentialAction\":[{\"@type\":\"ReadAction\",\"target\":[\"https:\\\/\\\/www.webdo.tn\\\/fr\\\/actualite\\\/chroniques\\\/en-1975-bourguiba-sur-le-plateau-du-jesus-de-franco-zeffirelli\\\/208917\\\/\"]}]},{\"@type\":\"ImageObject\",\"inLanguage\":\"fr-FR\",\"@id\":\"https:\\\/\\\/www.webdo.tn\\\/fr\\\/actualite\\\/chroniques\\\/en-1975-bourguiba-sur-le-plateau-du-jesus-de-franco-zeffirelli\\\/208917\\\/#primaryimage\",\"url\":\"https:\\\/\\\/www.webdo.tn\\\/fr\\\/wp-content\\\/uploads\\\/2023\\\/09\\\/b78c5dd54557d9f58ddc0c7d8801174d.jpg\",\"contentUrl\":\"https:\\\/\\\/www.webdo.tn\\\/fr\\\/wp-content\\\/uploads\\\/2023\\\/09\\\/b78c5dd54557d9f58ddc0c7d8801174d.jpg\",\"width\":720,\"height\":384,\"caption\":\"En 1975, Bourguiba sur le plateau du \\\"J\u00e9sus\\\" de Franco Zeffirelli\"},{\"@type\":\"BreadcrumbList\",\"@id\":\"https:\\\/\\\/www.webdo.tn\\\/fr\\\/actualite\\\/chroniques\\\/en-1975-bourguiba-sur-le-plateau-du-jesus-de-franco-zeffirelli\\\/208917\\\/#breadcrumb\",\"itemListElement\":[{\"@type\":\"ListItem\",\"position\":1,\"name\":\"Accueil\",\"item\":\"https:\\\/\\\/www.webdo.tn\\\/fr\\\/\"},{\"@type\":\"ListItem\",\"position\":2,\"name\":\"En 1975, Bourguiba sur le plateau du &#8220;J\u00e9sus&#8221; de Franco Zeffirelli\"}]},{\"@type\":\"WebSite\",\"@id\":\"https:\\\/\\\/www.webdo.tn\\\/fr\\\/#website\",\"url\":\"https:\\\/\\\/www.webdo.tn\\\/fr\\\/\",\"name\":\"webdo\",\"description\":\"Tunisie - News en Tunisie et \u00e0 l&#039;international sur Webdo.tn\",\"publisher\":{\"@id\":\"https:\\\/\\\/www.webdo.tn\\\/fr\\\/#organization\"},\"potentialAction\":[{\"@type\":\"SearchAction\",\"target\":{\"@type\":\"EntryPoint\",\"urlTemplate\":\"https:\\\/\\\/www.webdo.tn\\\/fr\\\/?s={search_term_string}\"},\"query-input\":{\"@type\":\"PropertyValueSpecification\",\"valueRequired\":true,\"valueName\":\"search_term_string\"}}],\"inLanguage\":\"fr-FR\"},{\"@type\":\"Organization\",\"@id\":\"https:\\\/\\\/www.webdo.tn\\\/fr\\\/#organization\",\"name\":\"Webdo\",\"alternateName\":\"Webdo.tn\",\"url\":\"https:\\\/\\\/www.webdo.tn\\\/fr\\\/\",\"logo\":{\"@type\":\"ImageObject\",\"inLanguage\":\"fr-FR\",\"@id\":\"https:\\\/\\\/www.webdo.tn\\\/fr\\\/#\\\/schema\\\/logo\\\/image\\\/\",\"url\":\"https:\\\/\\\/www.webdo.tn\\\/fr\\\/wp-content\\\/uploads\\\/2025\\\/06\\\/Webdo-Tunisie_168377.jpg\",\"contentUrl\":\"https:\\\/\\\/www.webdo.tn\\\/fr\\\/wp-content\\\/uploads\\\/2025\\\/06\\\/Webdo-Tunisie_168377.jpg\",\"width\":301,\"height\":301,\"caption\":\"Webdo\"},\"image\":{\"@id\":\"https:\\\/\\\/www.webdo.tn\\\/fr\\\/#\\\/schema\\\/logo\\\/image\\\/\"},\"sameAs\":[\"https:\\\/\\\/www.facebook.com\\\/webdotn\",\"https:\\\/\\\/x.com\\\/webdo_tn\"],\"description\":\"Webdo est un m\u00e9dia num\u00e9rique tunisien fond\u00e9 en 2010, sp\u00e9cialis\u00e9 dans l\u2019actualit\u00e9 nationale et internationale, l\u2019\u00e9conomie, la soci\u00e9t\u00e9 et les analyses politiques. Le site s\u2019adresse \u00e0 un large public francophone et couvre l\u2019information tunisienne en temps r\u00e9el.\",\"email\":\"redac@webdo.tn\",\"legalName\":\"YNJ SARL\",\"foundingDate\":\"2010-09-06\",\"numberOfEmployees\":{\"@type\":\"QuantitativeValue\",\"minValue\":\"11\",\"maxValue\":\"50\"}},{\"@type\":\"Person\",\"@id\":\"https:\\\/\\\/www.webdo.tn\\\/fr\\\/#\\\/schema\\\/person\\\/6bc0beba2cd23aec27cb5df85ca2554f\",\"name\":\"Hatem Bourial\",\"image\":{\"@type\":\"ImageObject\",\"inLanguage\":\"fr-FR\",\"@id\":\"https:\\\/\\\/www.webdo.tn\\\/fr\\\/wp-content\\\/uploads\\\/2026\\\/04\\\/hatem-bourial_avatar-96x96.jpg\",\"url\":\"https:\\\/\\\/www.webdo.tn\\\/fr\\\/wp-content\\\/uploads\\\/2026\\\/04\\\/hatem-bourial_avatar-96x96.jpg\",\"contentUrl\":\"https:\\\/\\\/www.webdo.tn\\\/fr\\\/wp-content\\\/uploads\\\/2026\\\/04\\\/hatem-bourial_avatar-96x96.jpg\",\"caption\":\"Hatem Bourial\"},\"description\":\"Hatem Bourial est journaliste, \u00e9crivain et chroniqueur tunisien. Actif depuis plusieurs d\u00e9cennies, il s\u2019est impos\u00e9 comme un observateur attentif de la soci\u00e9t\u00e9 tunisienne, m\u00ealant dans ses \u00e9crits m\u00e9moire, culture et analyse du quotidien. Auteur de nombreux ouvrages, il d\u00e9veloppe une \u0153uvre \u00e0 la crois\u00e9e du r\u00e9cit, de la po\u00e9sie et de l\u2019observation sociologique. Parall\u00e8lement \u00e0 ses contributions dans la presse, il intervient r\u00e9guli\u00e8rement \u00e0 la radio et dans des espaces culturels, o\u00f9 il explore les enjeux li\u00e9s au patrimoine, \u00e0 l\u2019identit\u00e9 et aux transformations du monde contemporain. \u00c0 travers ses chroniques, Hatem Bourial propose une lecture sensible et approfondie de l\u2019actualit\u00e9, nourrie par une exp\u00e9rience journalistique et litt\u00e9raire reconnue. \ud83d\udd17 Facebook : https:\\\/\\\/www.facebook.com\\\/hatem.bourial.2025\",\"sameAs\":[\"https:\\\/\\\/www.facebook.com\\\/hatem.bourial.2025\",\"https:\\\/\\\/fr.wikipedia.org\\\/wiki\\\/Fichier:Hatem_Bourial.jpg\"],\"knowsAbout\":[\"Culture & patrimoine tunisien\",\"Chronique soci\u00e9tale\",\"Litt\u00e9rature & m\u00e9moire\",\"Cin\u00e9ma & critique culturelle\",\"Identit\u00e9 & mutations sociales\"],\"knowsLanguage\":[\"Arabe\",\"Fran\u00e7ais\",\"Anglais\",\"Italien\",\"Polonais\"],\"jobTitle\":\"Journaliste, \u00e9crivain et chroniqueur culturel\",\"worksFor\":\"Webdo\",\"url\":\"https:\\\/\\\/www.webdo.tn\\\/fr\\\/actualite\\\/author\\\/hatem-bourial-2\\\/\"}]}<\/script>\n<!-- \/ Yoast SEO Premium plugin. -->","yoast_head_json":{"title":"En 1975, Bourguiba sur le plateau du J\u00e9sus de Franco Zeffirelli","description":"C'est \u00e0 Monastir en 1975 que le r\u00e9alisateur italien Franco Zeffirelli avait tourn\u00e9 le film J\u00e9sus de Nazareth . \u00c0 cette occasion, Bourguiba et aussi Grace Kelly...","canonical":"https:\/\/www.webdo.tn\/fr\/actualite\/chroniques\/en-1975-bourguiba-sur-le-plateau-du-jesus-de-franco-zeffirelli\/208917\/","og_locale":"fr_FR","og_type":"article","og_title":"En 1975, Bourguiba sur le plateau du \"J\u00e9sus\" de Franco Zeffirelli","og_description":"C'est \u00e0 Monastir en 1975 que le r\u00e9alisateur italien Franco Zeffirelli avait tourn\u00e9 le film J\u00e9sus de Nazareth . \u00c0 cette occasion, Bourguiba et aussi Grace Kelly...","og_url":"https:\/\/www.webdo.tn\/fr\/actualite\/chroniques\/en-1975-bourguiba-sur-le-plateau-du-jesus-de-franco-zeffirelli\/208917\/","og_site_name":"webdo","article_publisher":"https:\/\/www.facebook.com\/webdotn","article_author":"https:\/\/www.facebook.com\/hatem.bourial.2025","article_published_time":"2023-09-26T11:07:00+00:00","og_image":[{"width":720,"height":384,"url":"https:\/\/www.webdo.tn\/fr\/wp-content\/uploads\/2023\/09\/b78c5dd54557d9f58ddc0c7d8801174d.jpg","type":"image\/jpeg"}],"author":"Hatem Bourial","twitter_card":"summary_large_image","twitter_creator":"@webdo_tn","twitter_site":"@webdo_tn","twitter_misc":{"\u00c9crit par":"Hatem Bourial","Dur\u00e9e de lecture estim\u00e9e":"1 minute"},"schema":{"@context":"https:\/\/schema.org","@graph":[{"@type":"NewsArticle","@id":"https:\/\/www.webdo.tn\/fr\/actualite\/chroniques\/en-1975-bourguiba-sur-le-plateau-du-jesus-de-franco-zeffirelli\/208917\/#article","isPartOf":{"@id":"https:\/\/www.webdo.tn\/fr\/actualite\/chroniques\/en-1975-bourguiba-sur-le-plateau-du-jesus-de-franco-zeffirelli\/208917\/"},"author":{"name":"Hatem Bourial","@id":"https:\/\/www.webdo.tn\/fr\/#\/schema\/person\/6bc0beba2cd23aec27cb5df85ca2554f"},"headline":"En 1975, Bourguiba sur le plateau du \u00ab\u00a0J\u00e9sus\u00a0\u00bb de Franco Zeffirelli","datePublished":"2023-09-26T11:07:00+00:00","mainEntityOfPage":{"@id":"https:\/\/www.webdo.tn\/fr\/actualite\/chroniques\/en-1975-bourguiba-sur-le-plateau-du-jesus-de-franco-zeffirelli\/208917\/"},"wordCount":308,"commentCount":0,"publisher":{"@id":"https:\/\/www.webdo.tn\/fr\/#organization"},"image":{"@id":"https:\/\/www.webdo.tn\/fr\/actualite\/chroniques\/en-1975-bourguiba-sur-le-plateau-du-jesus-de-franco-zeffirelli\/208917\/#primaryimage"},"thumbnailUrl":"https:\/\/www.webdo.tn\/fr\/wp-content\/uploads\/2023\/09\/b78c5dd54557d9f58ddc0c7d8801174d.jpg","keywords":["bourguiba","Franco Zeffirelli","tournage"],"articleSection":["Chroniques"],"inLanguage":"fr-FR"},{"@type":"WebPage","@id":"https:\/\/www.webdo.tn\/fr\/actualite\/chroniques\/en-1975-bourguiba-sur-le-plateau-du-jesus-de-franco-zeffirelli\/208917\/","url":"https:\/\/www.webdo.tn\/fr\/actualite\/chroniques\/en-1975-bourguiba-sur-le-plateau-du-jesus-de-franco-zeffirelli\/208917\/","name":"En 1975, Bourguiba sur le plateau du J\u00e9sus de Franco Zeffirelli","isPartOf":{"@id":"https:\/\/www.webdo.tn\/fr\/#website"},"primaryImageOfPage":{"@id":"https:\/\/www.webdo.tn\/fr\/actualite\/chroniques\/en-1975-bourguiba-sur-le-plateau-du-jesus-de-franco-zeffirelli\/208917\/#primaryimage"},"image":{"@id":"https:\/\/www.webdo.tn\/fr\/actualite\/chroniques\/en-1975-bourguiba-sur-le-plateau-du-jesus-de-franco-zeffirelli\/208917\/#primaryimage"},"thumbnailUrl":"https:\/\/www.webdo.tn\/fr\/wp-content\/uploads\/2023\/09\/b78c5dd54557d9f58ddc0c7d8801174d.jpg","datePublished":"2023-09-26T11:07:00+00:00","description":"C'est \u00e0 Monastir en 1975 que le r\u00e9alisateur italien Franco Zeffirelli avait tourn\u00e9 le film J\u00e9sus de Nazareth . \u00c0 cette occasion, Bourguiba et aussi Grace Kelly...","breadcrumb":{"@id":"https:\/\/www.webdo.tn\/fr\/actualite\/chroniques\/en-1975-bourguiba-sur-le-plateau-du-jesus-de-franco-zeffirelli\/208917\/#breadcrumb"},"inLanguage":"fr-FR","potentialAction":[{"@type":"ReadAction","target":["https:\/\/www.webdo.tn\/fr\/actualite\/chroniques\/en-1975-bourguiba-sur-le-plateau-du-jesus-de-franco-zeffirelli\/208917\/"]}]},{"@type":"ImageObject","inLanguage":"fr-FR","@id":"https:\/\/www.webdo.tn\/fr\/actualite\/chroniques\/en-1975-bourguiba-sur-le-plateau-du-jesus-de-franco-zeffirelli\/208917\/#primaryimage","url":"https:\/\/www.webdo.tn\/fr\/wp-content\/uploads\/2023\/09\/b78c5dd54557d9f58ddc0c7d8801174d.jpg","contentUrl":"https:\/\/www.webdo.tn\/fr\/wp-content\/uploads\/2023\/09\/b78c5dd54557d9f58ddc0c7d8801174d.jpg","width":720,"height":384,"caption":"En 1975, Bourguiba sur le plateau du \"J\u00e9sus\" de Franco Zeffirelli"},{"@type":"BreadcrumbList","@id":"https:\/\/www.webdo.tn\/fr\/actualite\/chroniques\/en-1975-bourguiba-sur-le-plateau-du-jesus-de-franco-zeffirelli\/208917\/#breadcrumb","itemListElement":[{"@type":"ListItem","position":1,"name":"Accueil","item":"https:\/\/www.webdo.tn\/fr\/"},{"@type":"ListItem","position":2,"name":"En 1975, Bourguiba sur le plateau du &#8220;J\u00e9sus&#8221; de Franco Zeffirelli"}]},{"@type":"WebSite","@id":"https:\/\/www.webdo.tn\/fr\/#website","url":"https:\/\/www.webdo.tn\/fr\/","name":"webdo","description":"Tunisie - News en Tunisie et \u00e0 l&#039;international sur Webdo.tn","publisher":{"@id":"https:\/\/www.webdo.tn\/fr\/#organization"},"potentialAction":[{"@type":"SearchAction","target":{"@type":"EntryPoint","urlTemplate":"https:\/\/www.webdo.tn\/fr\/?s={search_term_string}"},"query-input":{"@type":"PropertyValueSpecification","valueRequired":true,"valueName":"search_term_string"}}],"inLanguage":"fr-FR"},{"@type":"Organization","@id":"https:\/\/www.webdo.tn\/fr\/#organization","name":"Webdo","alternateName":"Webdo.tn","url":"https:\/\/www.webdo.tn\/fr\/","logo":{"@type":"ImageObject","inLanguage":"fr-FR","@id":"https:\/\/www.webdo.tn\/fr\/#\/schema\/logo\/image\/","url":"https:\/\/www.webdo.tn\/fr\/wp-content\/uploads\/2025\/06\/Webdo-Tunisie_168377.jpg","contentUrl":"https:\/\/www.webdo.tn\/fr\/wp-content\/uploads\/2025\/06\/Webdo-Tunisie_168377.jpg","width":301,"height":301,"caption":"Webdo"},"image":{"@id":"https:\/\/www.webdo.tn\/fr\/#\/schema\/logo\/image\/"},"sameAs":["https:\/\/www.facebook.com\/webdotn","https:\/\/x.com\/webdo_tn"],"description":"Webdo est un m\u00e9dia num\u00e9rique tunisien fond\u00e9 en 2010, sp\u00e9cialis\u00e9 dans l\u2019actualit\u00e9 nationale et internationale, l\u2019\u00e9conomie, la soci\u00e9t\u00e9 et les analyses politiques. Le site s\u2019adresse \u00e0 un large public francophone et couvre l\u2019information tunisienne en temps r\u00e9el.","email":"redac@webdo.tn","legalName":"YNJ SARL","foundingDate":"2010-09-06","numberOfEmployees":{"@type":"QuantitativeValue","minValue":"11","maxValue":"50"}},{"@type":"Person","@id":"https:\/\/www.webdo.tn\/fr\/#\/schema\/person\/6bc0beba2cd23aec27cb5df85ca2554f","name":"Hatem Bourial","image":{"@type":"ImageObject","inLanguage":"fr-FR","@id":"https:\/\/www.webdo.tn\/fr\/wp-content\/uploads\/2026\/04\/hatem-bourial_avatar-96x96.jpg","url":"https:\/\/www.webdo.tn\/fr\/wp-content\/uploads\/2026\/04\/hatem-bourial_avatar-96x96.jpg","contentUrl":"https:\/\/www.webdo.tn\/fr\/wp-content\/uploads\/2026\/04\/hatem-bourial_avatar-96x96.jpg","caption":"Hatem Bourial"},"description":"Hatem Bourial est journaliste, \u00e9crivain et chroniqueur tunisien. Actif depuis plusieurs d\u00e9cennies, il s\u2019est impos\u00e9 comme un observateur attentif de la soci\u00e9t\u00e9 tunisienne, m\u00ealant dans ses \u00e9crits m\u00e9moire, culture et analyse du quotidien. Auteur de nombreux ouvrages, il d\u00e9veloppe une \u0153uvre \u00e0 la crois\u00e9e du r\u00e9cit, de la po\u00e9sie et de l\u2019observation sociologique. Parall\u00e8lement \u00e0 ses contributions dans la presse, il intervient r\u00e9guli\u00e8rement \u00e0 la radio et dans des espaces culturels, o\u00f9 il explore les enjeux li\u00e9s au patrimoine, \u00e0 l\u2019identit\u00e9 et aux transformations du monde contemporain. \u00c0 travers ses chroniques, Hatem Bourial propose une lecture sensible et approfondie de l\u2019actualit\u00e9, nourrie par une exp\u00e9rience journalistique et litt\u00e9raire reconnue. \ud83d\udd17 Facebook : https:\/\/www.facebook.com\/hatem.bourial.2025","sameAs":["https:\/\/www.facebook.com\/hatem.bourial.2025","https:\/\/fr.wikipedia.org\/wiki\/Fichier:Hatem_Bourial.jpg"],"knowsAbout":["Culture & patrimoine tunisien","Chronique soci\u00e9tale","Litt\u00e9rature & m\u00e9moire","Cin\u00e9ma & critique culturelle","Identit\u00e9 & mutations sociales"],"knowsLanguage":["Arabe","Fran\u00e7ais","Anglais","Italien","Polonais"],"jobTitle":"Journaliste, \u00e9crivain et chroniqueur culturel","worksFor":"Webdo","url":"https:\/\/www.webdo.tn\/fr\/actualite\/author\/hatem-bourial-2\/"}]}},"_links":{"self":[{"href":"https:\/\/www.webdo.tn\/fr\/wp-json\/wp\/v2\/posts\/208917","targetHints":{"allow":["GET"]}}],"collection":[{"href":"https:\/\/www.webdo.tn\/fr\/wp-json\/wp\/v2\/posts"}],"about":[{"href":"https:\/\/www.webdo.tn\/fr\/wp-json\/wp\/v2\/types\/post"}],"author":[{"embeddable":true,"href":"https:\/\/www.webdo.tn\/fr\/wp-json\/wp\/v2\/users\/3229"}],"replies":[{"embeddable":true,"href":"https:\/\/www.webdo.tn\/fr\/wp-json\/wp\/v2\/comments?post=208917"}],"version-history":[{"count":0,"href":"https:\/\/www.webdo.tn\/fr\/wp-json\/wp\/v2\/posts\/208917\/revisions"}],"wp:featuredmedia":[{"embeddable":true,"href":"https:\/\/www.webdo.tn\/fr\/wp-json\/wp\/v2\/media\/249207"}],"wp:attachment":[{"href":"https:\/\/www.webdo.tn\/fr\/wp-json\/wp\/v2\/media?parent=208917"}],"wp:term":[{"taxonomy":"category","embeddable":true,"href":"https:\/\/www.webdo.tn\/fr\/wp-json\/wp\/v2\/categories?post=208917"},{"taxonomy":"post_tag","embeddable":true,"href":"https:\/\/www.webdo.tn\/fr\/wp-json\/wp\/v2\/tags?post=208917"}],"curies":[{"name":"wp","href":"https:\/\/api.w.org\/{rel}","templated":true}]}}