{"id":208911,"date":"2023-09-26T08:15:00","date_gmt":"2023-09-26T08:15:00","guid":{"rendered":"https:\/\/www.webdo.tn\/fr\/blog\/saied-reporte-la-visite-d-une-delegation-europeenne-en-tunisie\/208911\/"},"modified":"2025-05-20T22:51:55","modified_gmt":"2025-05-20T22:51:55","slug":"saied-reporte-la-visite-d-une-delegation-europeenne-en-tunisie","status":"publish","type":"post","link":"https:\/\/www.webdo.tn\/fr\/actualite\/national\/saied-reporte-la-visite-d-une-delegation-europeenne-en-tunisie\/208911\/","title":{"rendered":"Saied reporte la visite d\u2019une d\u00e9l\u00e9gation europ\u00e9enne en Tunisie"},"content":{"rendered":"<p>Le pr\u00e9sident de la R\u00e9publique, Kais Sa\u00efed, a d\u00e9cid\u00e9, hier lundi 25 septembre lors de la r\u00e9union du Conseil national de s\u00e9curit\u00e9 tenue de reporter la visite qu&rsquo;une d\u00e9l\u00e9gation de la Commission europ\u00e9enne en Tunisie.<\/p>\n<p>Selon un communiqu\u00e9 de la pr\u00e9sidence, Kais Saied a charg\u00e9 le minist\u00e8re des Affaires \u00e9trang\u00e8res, de l&rsquo;Immigration et des Tunisiens de l&rsquo;\u00e9tranger d&rsquo;informer la partie europ\u00e9enne de la d\u00e9cision.\u00a0<\/p>\n<p>Une date ult\u00e9rieure reste \u00e0 convenir entre les deux parties, lit-on dans un communiqu\u00e9 publi\u00e9 par la pr\u00e9sidence de la R\u00e9publique.<\/p>\n<p>La Commission europ\u00e9enne avait annonc\u00e9, le 22 septembre courant, qu&rsquo;une d\u00e9l\u00e9gation de ses responsables se rendra en Tunisie, au cours de cette semaine, pour discuter de la mise en \u0153uvre du M\u00e9morandum d&rsquo;entente, conclu le 16 juillet 2023, entre la Tunisie et l&rsquo;Union europ\u00e9enne.<\/p>\n","protected":false},"excerpt":{"rendered":"<p>Le pr\u00e9sident de la R\u00e9publique, Kais Sa\u00efed, a d\u00e9cid\u00e9, hier lundi 25 septembre lors de la r\u00e9union du Conseil national de s\u00e9curit\u00e9 tenue de reporter la visite qu&rsquo;u&#8230;<\/p>\n","protected":false},"author":3175,"featured_media":289645,"comment_status":"open","ping_status":"closed","sticky":false,"template":"","format":"standard","meta":{"footnotes":""},"categories":[44],"tags":[2614,2608,2897,4154],"class_list":["post-208911","post","type-post","status-publish","format-standard","has-post-thumbnail","hentry","category-national","tag-kais-saied","tag-tunisie","tag-ue","tag-visite"],"yoast_head":"<!-- This site is optimized with the Yoast SEO Premium plugin v27.5 (Yoast SEO v27.5) - https:\/\/yoast.com\/product\/yoast-seo-premium-wordpress\/ -->\n<title>Saied reporte la visite d\u2019une d\u00e9l\u00e9gation europ\u00e9enne en Tunisie<\/title>\n<meta name=\"description\" content=\"Le pr\u00e9sident de la R\u00e9publique, Kais Sa\u00efed, a d\u00e9cid\u00e9, hier lundi 25 septembre lors de la r\u00e9union du Conseil national de s\u00e9curit\u00e9 tenue de reporter la visite qu&#039;u...\" \/>\n<link rel=\"canonical\" href=\"https:\/\/www.webdo.tn\/fr\/actualite\/national\/saied-reporte-la-visite-d-une-delegation-europeenne-en-tunisie\/208911\/\" \/>\n<meta property=\"og:locale\" content=\"fr_FR\" \/>\n<meta property=\"og:type\" content=\"article\" \/>\n<meta property=\"og:title\" content=\"Saied reporte la visite d\u2019une d\u00e9l\u00e9gation europ\u00e9enne en Tunisie\" \/>\n<meta property=\"og:description\" content=\"Le pr\u00e9sident de la R\u00e9publique, Kais Sa\u00efed, a d\u00e9cid\u00e9, hier lundi 25 septembre lors de la r\u00e9union du Conseil national de s\u00e9curit\u00e9 tenue de reporter la visite qu&#039;u...\" \/>\n<meta property=\"og:url\" content=\"https:\/\/www.webdo.tn\/fr\/actualite\/national\/saied-reporte-la-visite-d-une-delegation-europeenne-en-tunisie\/208911\/\" \/>\n<meta property=\"og:site_name\" content=\"webdo\" \/>\n<meta property=\"article:publisher\" content=\"https:\/\/www.facebook.com\/webdotn\" \/>\n<meta property=\"article:published_time\" content=\"2023-09-26T08:15:00+00:00\" \/>\n<meta property=\"article:modified_time\" content=\"2025-05-20T22:51:55+00:00\" \/>\n<meta property=\"og:image\" content=\"https:\/\/www.webdo.tn\/fr\/wp-content\/uploads\/2023\/09\/961ce92500e28ae8566ee097e96a6bd0.jpg\" \/>\n\t<meta property=\"og:image:width\" content=\"750\" \/>\n\t<meta property=\"og:image:height\" content=\"400\" \/>\n\t<meta property=\"og:image:type\" content=\"image\/jpeg\" \/>\n<meta name=\"author\" content=\"CL\" \/>\n<meta name=\"twitter:card\" content=\"summary_large_image\" \/>\n<meta name=\"twitter:creator\" content=\"@webdo_tn\" \/>\n<meta name=\"twitter:site\" content=\"@webdo_tn\" \/>\n<meta name=\"twitter:label1\" content=\"\u00c9crit par\" \/>\n\t<meta name=\"twitter:data1\" content=\"CL\" \/>\n\t<meta name=\"twitter:label2\" content=\"Dur\u00e9e de lecture estim\u00e9e\" \/>\n\t<meta name=\"twitter:data2\" content=\"1 minute\" \/>\n<script type=\"application\/ld+json\" class=\"yoast-schema-graph\">{\"@context\":\"https:\\\/\\\/schema.org\",\"@graph\":[{\"@type\":\"NewsArticle\",\"@id\":\"https:\\\/\\\/www.webdo.tn\\\/fr\\\/actualite\\\/national\\\/saied-reporte-la-visite-d-une-delegation-europeenne-en-tunisie\\\/208911\\\/#article\",\"isPartOf\":{\"@id\":\"https:\\\/\\\/www.webdo.tn\\\/fr\\\/actualite\\\/national\\\/saied-reporte-la-visite-d-une-delegation-europeenne-en-tunisie\\\/208911\\\/\"},\"author\":{\"name\":\"CL\",\"@id\":\"https:\\\/\\\/www.webdo.tn\\\/fr\\\/#\\\/schema\\\/person\\\/f35b42a42c5e2511bbd282959d6385cc\"},\"headline\":\"Saied reporte la visite d\u2019une d\u00e9l\u00e9gation europ\u00e9enne en Tunisie\",\"datePublished\":\"2023-09-26T08:15:00+00:00\",\"dateModified\":\"2025-05-20T22:51:55+00:00\",\"mainEntityOfPage\":{\"@id\":\"https:\\\/\\\/www.webdo.tn\\\/fr\\\/actualite\\\/national\\\/saied-reporte-la-visite-d-une-delegation-europeenne-en-tunisie\\\/208911\\\/\"},\"wordCount\":166,\"commentCount\":0,\"publisher\":{\"@id\":\"https:\\\/\\\/www.webdo.tn\\\/fr\\\/#organization\"},\"image\":{\"@id\":\"https:\\\/\\\/www.webdo.tn\\\/fr\\\/actualite\\\/national\\\/saied-reporte-la-visite-d-une-delegation-europeenne-en-tunisie\\\/208911\\\/#primaryimage\"},\"thumbnailUrl\":\"https:\\\/\\\/www.webdo.tn\\\/fr\\\/wp-content\\\/uploads\\\/2023\\\/09\\\/961ce92500e28ae8566ee097e96a6bd0.jpg\",\"keywords\":[\"Kais Saied\",\"Tunisie\",\"UE\",\"visite\"],\"articleSection\":[\"National\"],\"inLanguage\":\"fr-FR\"},{\"@type\":\"WebPage\",\"@id\":\"https:\\\/\\\/www.webdo.tn\\\/fr\\\/actualite\\\/national\\\/saied-reporte-la-visite-d-une-delegation-europeenne-en-tunisie\\\/208911\\\/\",\"url\":\"https:\\\/\\\/www.webdo.tn\\\/fr\\\/actualite\\\/national\\\/saied-reporte-la-visite-d-une-delegation-europeenne-en-tunisie\\\/208911\\\/\",\"name\":\"Saied reporte la visite d\u2019une d\u00e9l\u00e9gation europ\u00e9enne en Tunisie\",\"isPartOf\":{\"@id\":\"https:\\\/\\\/www.webdo.tn\\\/fr\\\/#website\"},\"primaryImageOfPage\":{\"@id\":\"https:\\\/\\\/www.webdo.tn\\\/fr\\\/actualite\\\/national\\\/saied-reporte-la-visite-d-une-delegation-europeenne-en-tunisie\\\/208911\\\/#primaryimage\"},\"image\":{\"@id\":\"https:\\\/\\\/www.webdo.tn\\\/fr\\\/actualite\\\/national\\\/saied-reporte-la-visite-d-une-delegation-europeenne-en-tunisie\\\/208911\\\/#primaryimage\"},\"thumbnailUrl\":\"https:\\\/\\\/www.webdo.tn\\\/fr\\\/wp-content\\\/uploads\\\/2023\\\/09\\\/961ce92500e28ae8566ee097e96a6bd0.jpg\",\"datePublished\":\"2023-09-26T08:15:00+00:00\",\"dateModified\":\"2025-05-20T22:51:55+00:00\",\"description\":\"Le pr\u00e9sident de la R\u00e9publique, Kais Sa\u00efed, a d\u00e9cid\u00e9, hier lundi 25 septembre lors de la r\u00e9union du Conseil national de s\u00e9curit\u00e9 tenue de reporter la visite qu'u...\",\"breadcrumb\":{\"@id\":\"https:\\\/\\\/www.webdo.tn\\\/fr\\\/actualite\\\/national\\\/saied-reporte-la-visite-d-une-delegation-europeenne-en-tunisie\\\/208911\\\/#breadcrumb\"},\"inLanguage\":\"fr-FR\",\"potentialAction\":[{\"@type\":\"ReadAction\",\"target\":[\"https:\\\/\\\/www.webdo.tn\\\/fr\\\/actualite\\\/national\\\/saied-reporte-la-visite-d-une-delegation-europeenne-en-tunisie\\\/208911\\\/\"]}]},{\"@type\":\"ImageObject\",\"inLanguage\":\"fr-FR\",\"@id\":\"https:\\\/\\\/www.webdo.tn\\\/fr\\\/actualite\\\/national\\\/saied-reporte-la-visite-d-une-delegation-europeenne-en-tunisie\\\/208911\\\/#primaryimage\",\"url\":\"https:\\\/\\\/www.webdo.tn\\\/fr\\\/wp-content\\\/uploads\\\/2023\\\/09\\\/961ce92500e28ae8566ee097e96a6bd0.jpg\",\"contentUrl\":\"https:\\\/\\\/www.webdo.tn\\\/fr\\\/wp-content\\\/uploads\\\/2023\\\/09\\\/961ce92500e28ae8566ee097e96a6bd0.jpg\",\"width\":750,\"height\":400,\"caption\":\"Saied reporte la visite d\u2019une d\u00e9l\u00e9gation europ\u00e9enne en Tunisie\"},{\"@type\":\"BreadcrumbList\",\"@id\":\"https:\\\/\\\/www.webdo.tn\\\/fr\\\/actualite\\\/national\\\/saied-reporte-la-visite-d-une-delegation-europeenne-en-tunisie\\\/208911\\\/#breadcrumb\",\"itemListElement\":[{\"@type\":\"ListItem\",\"position\":1,\"name\":\"Accueil\",\"item\":\"https:\\\/\\\/www.webdo.tn\\\/fr\\\/\"},{\"@type\":\"ListItem\",\"position\":2,\"name\":\"Saied reporte la visite d\u2019une d\u00e9l\u00e9gation europ\u00e9enne en Tunisie\"}]},{\"@type\":\"WebSite\",\"@id\":\"https:\\\/\\\/www.webdo.tn\\\/fr\\\/#website\",\"url\":\"https:\\\/\\\/www.webdo.tn\\\/fr\\\/\",\"name\":\"webdo\",\"description\":\"Tunisie - News en Tunisie et \u00e0 l&#039;international sur Webdo.tn\",\"publisher\":{\"@id\":\"https:\\\/\\\/www.webdo.tn\\\/fr\\\/#organization\"},\"potentialAction\":[{\"@type\":\"SearchAction\",\"target\":{\"@type\":\"EntryPoint\",\"urlTemplate\":\"https:\\\/\\\/www.webdo.tn\\\/fr\\\/?s={search_term_string}\"},\"query-input\":{\"@type\":\"PropertyValueSpecification\",\"valueRequired\":true,\"valueName\":\"search_term_string\"}}],\"inLanguage\":\"fr-FR\"},{\"@type\":\"Organization\",\"@id\":\"https:\\\/\\\/www.webdo.tn\\\/fr\\\/#organization\",\"name\":\"Webdo\",\"alternateName\":\"Webdo.tn\",\"url\":\"https:\\\/\\\/www.webdo.tn\\\/fr\\\/\",\"logo\":{\"@type\":\"ImageObject\",\"inLanguage\":\"fr-FR\",\"@id\":\"https:\\\/\\\/www.webdo.tn\\\/fr\\\/#\\\/schema\\\/logo\\\/image\\\/\",\"url\":\"https:\\\/\\\/www.webdo.tn\\\/fr\\\/wp-content\\\/uploads\\\/2025\\\/06\\\/Webdo-Tunisie_168377.jpg\",\"contentUrl\":\"https:\\\/\\\/www.webdo.tn\\\/fr\\\/wp-content\\\/uploads\\\/2025\\\/06\\\/Webdo-Tunisie_168377.jpg\",\"width\":301,\"height\":301,\"caption\":\"Webdo\"},\"image\":{\"@id\":\"https:\\\/\\\/www.webdo.tn\\\/fr\\\/#\\\/schema\\\/logo\\\/image\\\/\"},\"sameAs\":[\"https:\\\/\\\/www.facebook.com\\\/webdotn\",\"https:\\\/\\\/x.com\\\/webdo_tn\"],\"description\":\"Webdo est un m\u00e9dia num\u00e9rique tunisien fond\u00e9 en 2010, sp\u00e9cialis\u00e9 dans l\u2019actualit\u00e9 nationale et internationale, l\u2019\u00e9conomie, la soci\u00e9t\u00e9 et les analyses politiques. Le site s\u2019adresse \u00e0 un large public francophone et couvre l\u2019information tunisienne en temps r\u00e9el.\",\"email\":\"redac@webdo.tn\",\"legalName\":\"YNJ SARL\",\"foundingDate\":\"2010-09-06\",\"numberOfEmployees\":{\"@type\":\"QuantitativeValue\",\"minValue\":\"11\",\"maxValue\":\"50\"}},{\"@type\":\"Person\",\"@id\":\"https:\\\/\\\/www.webdo.tn\\\/fr\\\/#\\\/schema\\\/person\\\/f35b42a42c5e2511bbd282959d6385cc\",\"name\":\"CL\",\"image\":{\"@type\":\"ImageObject\",\"inLanguage\":\"fr-FR\",\"@id\":\"https:\\\/\\\/secure.gravatar.com\\\/avatar\\\/1447a49909b67aa657c488aec6512e1dd6143a480c1ecfee9b5b5cd74eb3b59e?s=96&d=mm&r=g\",\"url\":\"https:\\\/\\\/secure.gravatar.com\\\/avatar\\\/1447a49909b67aa657c488aec6512e1dd6143a480c1ecfee9b5b5cd74eb3b59e?s=96&d=mm&r=g\",\"contentUrl\":\"https:\\\/\\\/secure.gravatar.com\\\/avatar\\\/1447a49909b67aa657c488aec6512e1dd6143a480c1ecfee9b5b5cd74eb3b59e?s=96&d=mm&r=g\",\"caption\":\"CL\"},\"url\":\"https:\\\/\\\/www.webdo.tn\\\/fr\\\/actualite\\\/author\\\/cl\\\/\"}]}<\/script>\n<!-- \/ Yoast SEO Premium plugin. -->","yoast_head_json":{"title":"Saied reporte la visite d\u2019une d\u00e9l\u00e9gation europ\u00e9enne en Tunisie","description":"Le pr\u00e9sident de la R\u00e9publique, Kais Sa\u00efed, a d\u00e9cid\u00e9, hier lundi 25 septembre lors de la r\u00e9union du Conseil national de s\u00e9curit\u00e9 tenue de reporter la visite qu'u...","canonical":"https:\/\/www.webdo.tn\/fr\/actualite\/national\/saied-reporte-la-visite-d-une-delegation-europeenne-en-tunisie\/208911\/","og_locale":"fr_FR","og_type":"article","og_title":"Saied reporte la visite d\u2019une d\u00e9l\u00e9gation europ\u00e9enne en Tunisie","og_description":"Le pr\u00e9sident de la R\u00e9publique, Kais Sa\u00efed, a d\u00e9cid\u00e9, hier lundi 25 septembre lors de la r\u00e9union du Conseil national de s\u00e9curit\u00e9 tenue de reporter la visite qu'u...","og_url":"https:\/\/www.webdo.tn\/fr\/actualite\/national\/saied-reporte-la-visite-d-une-delegation-europeenne-en-tunisie\/208911\/","og_site_name":"webdo","article_publisher":"https:\/\/www.facebook.com\/webdotn","article_published_time":"2023-09-26T08:15:00+00:00","article_modified_time":"2025-05-20T22:51:55+00:00","og_image":[{"width":750,"height":400,"url":"https:\/\/www.webdo.tn\/fr\/wp-content\/uploads\/2023\/09\/961ce92500e28ae8566ee097e96a6bd0.jpg","type":"image\/jpeg"}],"author":"CL","twitter_card":"summary_large_image","twitter_creator":"@webdo_tn","twitter_site":"@webdo_tn","twitter_misc":{"\u00c9crit par":"CL","Dur\u00e9e de lecture estim\u00e9e":"1 minute"},"schema":{"@context":"https:\/\/schema.org","@graph":[{"@type":"NewsArticle","@id":"https:\/\/www.webdo.tn\/fr\/actualite\/national\/saied-reporte-la-visite-d-une-delegation-europeenne-en-tunisie\/208911\/#article","isPartOf":{"@id":"https:\/\/www.webdo.tn\/fr\/actualite\/national\/saied-reporte-la-visite-d-une-delegation-europeenne-en-tunisie\/208911\/"},"author":{"name":"CL","@id":"https:\/\/www.webdo.tn\/fr\/#\/schema\/person\/f35b42a42c5e2511bbd282959d6385cc"},"headline":"Saied reporte la visite d\u2019une d\u00e9l\u00e9gation europ\u00e9enne en Tunisie","datePublished":"2023-09-26T08:15:00+00:00","dateModified":"2025-05-20T22:51:55+00:00","mainEntityOfPage":{"@id":"https:\/\/www.webdo.tn\/fr\/actualite\/national\/saied-reporte-la-visite-d-une-delegation-europeenne-en-tunisie\/208911\/"},"wordCount":166,"commentCount":0,"publisher":{"@id":"https:\/\/www.webdo.tn\/fr\/#organization"},"image":{"@id":"https:\/\/www.webdo.tn\/fr\/actualite\/national\/saied-reporte-la-visite-d-une-delegation-europeenne-en-tunisie\/208911\/#primaryimage"},"thumbnailUrl":"https:\/\/www.webdo.tn\/fr\/wp-content\/uploads\/2023\/09\/961ce92500e28ae8566ee097e96a6bd0.jpg","keywords":["Kais Saied","Tunisie","UE","visite"],"articleSection":["National"],"inLanguage":"fr-FR"},{"@type":"WebPage","@id":"https:\/\/www.webdo.tn\/fr\/actualite\/national\/saied-reporte-la-visite-d-une-delegation-europeenne-en-tunisie\/208911\/","url":"https:\/\/www.webdo.tn\/fr\/actualite\/national\/saied-reporte-la-visite-d-une-delegation-europeenne-en-tunisie\/208911\/","name":"Saied reporte la visite d\u2019une d\u00e9l\u00e9gation europ\u00e9enne en Tunisie","isPartOf":{"@id":"https:\/\/www.webdo.tn\/fr\/#website"},"primaryImageOfPage":{"@id":"https:\/\/www.webdo.tn\/fr\/actualite\/national\/saied-reporte-la-visite-d-une-delegation-europeenne-en-tunisie\/208911\/#primaryimage"},"image":{"@id":"https:\/\/www.webdo.tn\/fr\/actualite\/national\/saied-reporte-la-visite-d-une-delegation-europeenne-en-tunisie\/208911\/#primaryimage"},"thumbnailUrl":"https:\/\/www.webdo.tn\/fr\/wp-content\/uploads\/2023\/09\/961ce92500e28ae8566ee097e96a6bd0.jpg","datePublished":"2023-09-26T08:15:00+00:00","dateModified":"2025-05-20T22:51:55+00:00","description":"Le pr\u00e9sident de la R\u00e9publique, Kais Sa\u00efed, a d\u00e9cid\u00e9, hier lundi 25 septembre lors de la r\u00e9union du Conseil national de s\u00e9curit\u00e9 tenue de reporter la visite qu'u...","breadcrumb":{"@id":"https:\/\/www.webdo.tn\/fr\/actualite\/national\/saied-reporte-la-visite-d-une-delegation-europeenne-en-tunisie\/208911\/#breadcrumb"},"inLanguage":"fr-FR","potentialAction":[{"@type":"ReadAction","target":["https:\/\/www.webdo.tn\/fr\/actualite\/national\/saied-reporte-la-visite-d-une-delegation-europeenne-en-tunisie\/208911\/"]}]},{"@type":"ImageObject","inLanguage":"fr-FR","@id":"https:\/\/www.webdo.tn\/fr\/actualite\/national\/saied-reporte-la-visite-d-une-delegation-europeenne-en-tunisie\/208911\/#primaryimage","url":"https:\/\/www.webdo.tn\/fr\/wp-content\/uploads\/2023\/09\/961ce92500e28ae8566ee097e96a6bd0.jpg","contentUrl":"https:\/\/www.webdo.tn\/fr\/wp-content\/uploads\/2023\/09\/961ce92500e28ae8566ee097e96a6bd0.jpg","width":750,"height":400,"caption":"Saied reporte la visite d\u2019une d\u00e9l\u00e9gation europ\u00e9enne en Tunisie"},{"@type":"BreadcrumbList","@id":"https:\/\/www.webdo.tn\/fr\/actualite\/national\/saied-reporte-la-visite-d-une-delegation-europeenne-en-tunisie\/208911\/#breadcrumb","itemListElement":[{"@type":"ListItem","position":1,"name":"Accueil","item":"https:\/\/www.webdo.tn\/fr\/"},{"@type":"ListItem","position":2,"name":"Saied reporte la visite d\u2019une d\u00e9l\u00e9gation europ\u00e9enne en Tunisie"}]},{"@type":"WebSite","@id":"https:\/\/www.webdo.tn\/fr\/#website","url":"https:\/\/www.webdo.tn\/fr\/","name":"webdo","description":"Tunisie - News en Tunisie et \u00e0 l&#039;international sur Webdo.tn","publisher":{"@id":"https:\/\/www.webdo.tn\/fr\/#organization"},"potentialAction":[{"@type":"SearchAction","target":{"@type":"EntryPoint","urlTemplate":"https:\/\/www.webdo.tn\/fr\/?s={search_term_string}"},"query-input":{"@type":"PropertyValueSpecification","valueRequired":true,"valueName":"search_term_string"}}],"inLanguage":"fr-FR"},{"@type":"Organization","@id":"https:\/\/www.webdo.tn\/fr\/#organization","name":"Webdo","alternateName":"Webdo.tn","url":"https:\/\/www.webdo.tn\/fr\/","logo":{"@type":"ImageObject","inLanguage":"fr-FR","@id":"https:\/\/www.webdo.tn\/fr\/#\/schema\/logo\/image\/","url":"https:\/\/www.webdo.tn\/fr\/wp-content\/uploads\/2025\/06\/Webdo-Tunisie_168377.jpg","contentUrl":"https:\/\/www.webdo.tn\/fr\/wp-content\/uploads\/2025\/06\/Webdo-Tunisie_168377.jpg","width":301,"height":301,"caption":"Webdo"},"image":{"@id":"https:\/\/www.webdo.tn\/fr\/#\/schema\/logo\/image\/"},"sameAs":["https:\/\/www.facebook.com\/webdotn","https:\/\/x.com\/webdo_tn"],"description":"Webdo est un m\u00e9dia num\u00e9rique tunisien fond\u00e9 en 2010, sp\u00e9cialis\u00e9 dans l\u2019actualit\u00e9 nationale et internationale, l\u2019\u00e9conomie, la soci\u00e9t\u00e9 et les analyses politiques. Le site s\u2019adresse \u00e0 un large public francophone et couvre l\u2019information tunisienne en temps r\u00e9el.","email":"redac@webdo.tn","legalName":"YNJ SARL","foundingDate":"2010-09-06","numberOfEmployees":{"@type":"QuantitativeValue","minValue":"11","maxValue":"50"}},{"@type":"Person","@id":"https:\/\/www.webdo.tn\/fr\/#\/schema\/person\/f35b42a42c5e2511bbd282959d6385cc","name":"CL","image":{"@type":"ImageObject","inLanguage":"fr-FR","@id":"https:\/\/secure.gravatar.com\/avatar\/1447a49909b67aa657c488aec6512e1dd6143a480c1ecfee9b5b5cd74eb3b59e?s=96&d=mm&r=g","url":"https:\/\/secure.gravatar.com\/avatar\/1447a49909b67aa657c488aec6512e1dd6143a480c1ecfee9b5b5cd74eb3b59e?s=96&d=mm&r=g","contentUrl":"https:\/\/secure.gravatar.com\/avatar\/1447a49909b67aa657c488aec6512e1dd6143a480c1ecfee9b5b5cd74eb3b59e?s=96&d=mm&r=g","caption":"CL"},"url":"https:\/\/www.webdo.tn\/fr\/actualite\/author\/cl\/"}]}},"_links":{"self":[{"href":"https:\/\/www.webdo.tn\/fr\/wp-json\/wp\/v2\/posts\/208911","targetHints":{"allow":["GET"]}}],"collection":[{"href":"https:\/\/www.webdo.tn\/fr\/wp-json\/wp\/v2\/posts"}],"about":[{"href":"https:\/\/www.webdo.tn\/fr\/wp-json\/wp\/v2\/types\/post"}],"author":[{"embeddable":true,"href":"https:\/\/www.webdo.tn\/fr\/wp-json\/wp\/v2\/users\/3175"}],"replies":[{"embeddable":true,"href":"https:\/\/www.webdo.tn\/fr\/wp-json\/wp\/v2\/comments?post=208911"}],"version-history":[{"count":0,"href":"https:\/\/www.webdo.tn\/fr\/wp-json\/wp\/v2\/posts\/208911\/revisions"}],"wp:featuredmedia":[{"embeddable":true,"href":"https:\/\/www.webdo.tn\/fr\/wp-json\/wp\/v2\/media\/289645"}],"wp:attachment":[{"href":"https:\/\/www.webdo.tn\/fr\/wp-json\/wp\/v2\/media?parent=208911"}],"wp:term":[{"taxonomy":"category","embeddable":true,"href":"https:\/\/www.webdo.tn\/fr\/wp-json\/wp\/v2\/categories?post=208911"},{"taxonomy":"post_tag","embeddable":true,"href":"https:\/\/www.webdo.tn\/fr\/wp-json\/wp\/v2\/tags?post=208911"}],"curies":[{"name":"wp","href":"https:\/\/api.w.org\/{rel}","templated":true}]}}