{"id":208900,"date":"2023-09-25T13:27:00","date_gmt":"2023-09-25T13:27:00","guid":{"rendered":"https:\/\/www.webdo.tn\/fr\/blog\/avant-veille-du-mouled-nous-avons-tous-une-histoire-d-amour-avec-l-assida\/208900\/"},"modified":"2023-09-25T13:27:00","modified_gmt":"2023-09-25T13:27:00","slug":"avant-veille-du-mouled-nous-avons-tous-une-histoire-d-amour-avec-l-assida","status":"publish","type":"post","link":"https:\/\/www.webdo.tn\/fr\/actualite\/chroniques\/avant-veille-du-mouled-nous-avons-tous-une-histoire-d-amour-avec-l-assida\/208900\/","title":{"rendered":"Avant-veille du Mouled : Nous avons tous une histoire d&rsquo;amour avec l&rsquo;assida"},"content":{"rendered":"<p>Nous c\u00e9l\u00e9brons le Mouled, ce mercredi 27 septembre. Outre les festivit\u00e9s religieuses, selon la tradition, l&rsquo;assida sera de rigueur, dans toutes ses d\u00e9clinaisons.<\/p>\n<p>\t\t\t\t\t\t\t\t\tLe rituel le voulait et les enfants que nous \u00e9tions, guettaient le signal pour se pr\u00e9cipiter \u00e0 la cuisine. D\u00e8s que la derni\u00e8re touche \u00e9tait accomplie pour que l&rsquo;assida soit pr\u00eate, les femmes de la famille lan\u00e7aient des youyous sonores et joyeux.<\/p>\n<p>C&rsquo;\u00e9tait la veille du Mouled et la plus d\u00e9licieuse des friandises nous attendait pour une premi\u00e8re d\u00e9gustation. Le lendemain, nous d\u00e9couvrions les bols de porcelaine remplis non plus de la p\u00e2te gris\u00e2tre dont nous avions la primeur, mais d&rsquo;une belle cr\u00e8me richement d\u00e9cor\u00e9e.<\/p>\n<p>Tout le monde a une histoire d&rsquo;amour avec l&rsquo;assida. Ne serait-ce que pour les entrelacs d&rsquo;amandes pil\u00e9es, la th\u00e9orie de pignons, les \u00e9clats de noix pistaches et noisettes qui la recouvrent.<\/p>\n<p>Assida: le mot est magique qui \u00e9voque le versant profane et gourmand du Mouled, le jour o\u00f9 les musulmans c\u00e9l\u00e8brent l&rsquo;anniversaire du Proph\u00e8te. Cette p\u00e2te l\u00e9g\u00e8re presque liquide peut \u00eatre obtenue avec des pistaches ou des noisettes mais elle ne vous comble que lorsqu&rsquo;elle est \u00e0 base de ces graines de pin d&rsquo;Alep que nous nommons \u00ab\u00a0zgougou\u00a0\u00bb et que nous sommes probablement les seuls au monde \u00e0 manger.<\/p>\n<p>Le jour du Mouled, alors que les hommes de la famille sont \u00e0 la mosqu\u00e9e pour partager des hymnes \u00e0 la gloire de Mahomet, nous autres enfants \u00e9tions, d\u00e8s les premi\u00e8res lueurs de l&rsquo;aube, papilles en \u00e9veil, en attendant le petit-d\u00e9jeuner.<\/p>\n<p>Ensuite, c&rsquo;\u00e9tait l&rsquo;incontournable tourn\u00e9e de la famille pour selon la tradition, go\u00fbter au moins sept assidas diff\u00e9rentes. Cette \u00e9quip\u00e9e, nous la commen\u00e7ions t\u00f4t dans la matin\u00e9e. En g\u00e9n\u00e9ral, nous \u00e9tions au moins deux pour pouvoir porter un couffin et nous relayer.<\/p>\n<p>Le couffin \u00e9tait plein de bols d&rsquo;assida envelopp\u00e9s dans des serviettes, avec un petit morceau de papier sur lequel \u00e9tait inscrit le nom du destinataire. Une anse de couffin chacun, mon cousin et moi allions effectuer notre tourn\u00e9e, en deux fois car les livraisons \u00e9taient nombreuses.<\/p>\n<p>Il y avait deux sortes de \u00ab\u00a0clients\u00a0\u00bb, ceux de la famille et les amis de nos parents. Les premiers nous remettaient un bol d&rsquo;assida en retour et une petite pi\u00e8ce qui allait tout droit dans notre caisse commune. Les autres, en g\u00e9n\u00e9ral les Siciliens du quartier, nous offraient des confiseries et des chocolats et aussi une petite pi\u00e8ce. L&rsquo;argent r\u00e9colt\u00e9 servait d\u00e8s l&rsquo;apr\u00e8s-midi \u00e0 aller au cin\u00e9ma.<\/p>\n<p>Enfants des faubourgs, nous aimions aller seuls en ville avec la ferme intention de nous y encanailler \u00e0 force de glaces, briks \u00e0 la pomme de terre, gazouz bien frais et grand \u00e9cran.<\/p>\n<p>Alors que notre tourn\u00e9e de livraison d&rsquo;assida se limitait aux quatre portes de notre quartier &#8211; Bab Djedid, Bab Menara, Bab El Fella et Bab Djazira -, le centre-ville avait d&rsquo;autres saveurs y compris marines lorsque nous poussions nos explorations jusqu&rsquo;au port pour go\u00fbter au pain tabouna vendu avec un cornet d&rsquo;olives noires.<\/p>\n<p>Dans ce monde en technicolor que nous paraissait \u00eatre Bab Bhar, nous d\u00e9couvrions la Porte de France, les grandes avenues, les beaux magasins, les caf\u00e9s grouillant de vie et bien s\u00fbr les cin\u00e9mas dans toute leur splendeur.<\/p>\n<p>Sur ce versant de la ville, on \u00e9changeait aussi l&rsquo;assida sur les paliers et \u00e0 chaque \u00e9tage des immeubles. Nous le savions puisque nos cousins habitaient rue du Ghana, au Passage et que leurs parents r\u00e9servaient chaque ann\u00e9e, leur bol \u00e0 Santina qui \u00e9tait la concierge de l&rsquo;immeuble et \u00e0 madame Ghanem qui \u00e9tait la voisine qui parfois, les sollicitait pour de menus services, le jour du chabbat.<\/p>\n<p>Ces journ\u00e9es du Mouled ressemblent beaucoup \u00e0 celle des Aids o\u00f9 les livraisons concernaient plut\u00f4t les g\u00e2teaux et le couscous osbene. Pouss\u00e9s par une v\u00e9nalit\u00e9 tr\u00e8s enfantine et aussi l&rsquo;amour du cin\u00e9ma, nous \u00e9tions mon cousin et moi de toutes les livraisons et pr\u00eats \u00e0 toutes les acrobaties pour quelques millimes de plus.<\/p>\n<p>En ce temps, il n&rsquo;\u00e9tait pas question de raisonner en dinars. Les billets de banque \u00e9taient une fiction pour nous autres et lorsque nous parvenions \u00e0 en glaner quelques uns, nous \u00e9tions comme des nababs ou des maharajahs.<\/p>\n<p>Bonne f\u00eate du Mouled \u00e0 toutes et \u00e0 tous y compris les grands enfants et les inconditionnels de l&rsquo;assida.<\/p>\n","protected":false},"excerpt":{"rendered":"<p>Nous c\u00e9l\u00e9brons le Mouled, ce mercredi 27 septembre. Outre les festivit\u00e9s religieuses, selon la tradition, l&rsquo;assida sera de rigueur, dans toutes ses d\u00e9clinaisons&#8230;<\/p>\n","protected":false},"author":3229,"featured_media":249233,"comment_status":"open","ping_status":"closed","sticky":false,"template":"","format":"standard","meta":{"footnotes":""},"categories":[2596],"tags":[5851,4242,5800],"class_list":["post-208900","post","type-post","status-publish","format-standard","has-post-thumbnail","hentry","category-chroniques","tag-assida","tag-fete","tag-mouled"],"yoast_head":"<!-- This site is optimized with the Yoast SEO Premium plugin v27.5 (Yoast SEO v27.5) - https:\/\/yoast.com\/product\/yoast-seo-premium-wordpress\/ -->\n<title>Avant-veille du Mouled : Nous avons tous une histoire d&#039;amour avec l&#039;assida<\/title>\n<meta name=\"description\" content=\"Nous c\u00e9l\u00e9brons le Mouled, ce mercredi 27 septembre. Outre les festivit\u00e9s religieuses, selon la tradition, l&#039;assida sera de rigueur, dans toutes ses d\u00e9clinaisons...\" \/>\n<link rel=\"canonical\" href=\"https:\/\/www.webdo.tn\/fr\/actualite\/chroniques\/avant-veille-du-mouled-nous-avons-tous-une-histoire-d-amour-avec-l-assida\/208900\/\" \/>\n<meta property=\"og:locale\" content=\"fr_FR\" \/>\n<meta property=\"og:type\" content=\"article\" \/>\n<meta property=\"og:title\" content=\"Avant-veille du Mouled : Nous avons tous une histoire d&#039;amour avec l&#039;assida\" \/>\n<meta property=\"og:description\" content=\"Nous c\u00e9l\u00e9brons le Mouled, ce mercredi 27 septembre. Outre les festivit\u00e9s religieuses, selon la tradition, l&#039;assida sera de rigueur, dans toutes ses d\u00e9clinaisons...\" \/>\n<meta property=\"og:url\" content=\"https:\/\/www.webdo.tn\/fr\/actualite\/chroniques\/avant-veille-du-mouled-nous-avons-tous-une-histoire-d-amour-avec-l-assida\/208900\/\" \/>\n<meta property=\"og:site_name\" content=\"webdo\" \/>\n<meta property=\"article:publisher\" content=\"https:\/\/www.facebook.com\/webdotn\" \/>\n<meta property=\"article:author\" content=\"https:\/\/www.facebook.com\/hatem.bourial.2025\" \/>\n<meta property=\"article:published_time\" content=\"2023-09-25T13:27:00+00:00\" \/>\n<meta property=\"og:image\" content=\"https:\/\/www.webdo.tn\/fr\/wp-content\/uploads\/2023\/09\/92c5094bfbf2c5ebcc04d2532017ae40.jpg\" \/>\n\t<meta property=\"og:image:width\" content=\"750\" \/>\n\t<meta property=\"og:image:height\" content=\"400\" \/>\n\t<meta property=\"og:image:type\" content=\"image\/jpeg\" \/>\n<meta name=\"author\" content=\"Hatem Bourial\" \/>\n<meta name=\"twitter:card\" content=\"summary_large_image\" \/>\n<meta name=\"twitter:creator\" content=\"@webdo_tn\" \/>\n<meta name=\"twitter:site\" content=\"@webdo_tn\" \/>\n<meta name=\"twitter:label1\" content=\"\u00c9crit par\" \/>\n\t<meta name=\"twitter:data1\" content=\"Hatem Bourial\" \/>\n\t<meta name=\"twitter:label2\" content=\"Dur\u00e9e de lecture estim\u00e9e\" \/>\n\t<meta name=\"twitter:data2\" content=\"4 minutes\" \/>\n<script type=\"application\/ld+json\" class=\"yoast-schema-graph\">{\"@context\":\"https:\\\/\\\/schema.org\",\"@graph\":[{\"@type\":\"NewsArticle\",\"@id\":\"https:\\\/\\\/www.webdo.tn\\\/fr\\\/actualite\\\/chroniques\\\/avant-veille-du-mouled-nous-avons-tous-une-histoire-d-amour-avec-l-assida\\\/208900\\\/#article\",\"isPartOf\":{\"@id\":\"https:\\\/\\\/www.webdo.tn\\\/fr\\\/actualite\\\/chroniques\\\/avant-veille-du-mouled-nous-avons-tous-une-histoire-d-amour-avec-l-assida\\\/208900\\\/\"},\"author\":{\"name\":\"Hatem Bourial\",\"@id\":\"https:\\\/\\\/www.webdo.tn\\\/fr\\\/#\\\/schema\\\/person\\\/6bc0beba2cd23aec27cb5df85ca2554f\"},\"headline\":\"Avant-veille du Mouled : Nous avons tous une histoire d&rsquo;amour avec l&rsquo;assida\",\"datePublished\":\"2023-09-25T13:27:00+00:00\",\"mainEntityOfPage\":{\"@id\":\"https:\\\/\\\/www.webdo.tn\\\/fr\\\/actualite\\\/chroniques\\\/avant-veille-du-mouled-nous-avons-tous-une-histoire-d-amour-avec-l-assida\\\/208900\\\/\"},\"wordCount\":791,\"commentCount\":0,\"publisher\":{\"@id\":\"https:\\\/\\\/www.webdo.tn\\\/fr\\\/#organization\"},\"image\":{\"@id\":\"https:\\\/\\\/www.webdo.tn\\\/fr\\\/actualite\\\/chroniques\\\/avant-veille-du-mouled-nous-avons-tous-une-histoire-d-amour-avec-l-assida\\\/208900\\\/#primaryimage\"},\"thumbnailUrl\":\"https:\\\/\\\/www.webdo.tn\\\/fr\\\/wp-content\\\/uploads\\\/2023\\\/09\\\/92c5094bfbf2c5ebcc04d2532017ae40.jpg\",\"keywords\":[\"assida\",\"f\u00eate\",\"mouled\"],\"articleSection\":[\"Chroniques\"],\"inLanguage\":\"fr-FR\"},{\"@type\":\"WebPage\",\"@id\":\"https:\\\/\\\/www.webdo.tn\\\/fr\\\/actualite\\\/chroniques\\\/avant-veille-du-mouled-nous-avons-tous-une-histoire-d-amour-avec-l-assida\\\/208900\\\/\",\"url\":\"https:\\\/\\\/www.webdo.tn\\\/fr\\\/actualite\\\/chroniques\\\/avant-veille-du-mouled-nous-avons-tous-une-histoire-d-amour-avec-l-assida\\\/208900\\\/\",\"name\":\"Avant-veille du Mouled : Nous avons tous une histoire d'amour avec l'assida\",\"isPartOf\":{\"@id\":\"https:\\\/\\\/www.webdo.tn\\\/fr\\\/#website\"},\"primaryImageOfPage\":{\"@id\":\"https:\\\/\\\/www.webdo.tn\\\/fr\\\/actualite\\\/chroniques\\\/avant-veille-du-mouled-nous-avons-tous-une-histoire-d-amour-avec-l-assida\\\/208900\\\/#primaryimage\"},\"image\":{\"@id\":\"https:\\\/\\\/www.webdo.tn\\\/fr\\\/actualite\\\/chroniques\\\/avant-veille-du-mouled-nous-avons-tous-une-histoire-d-amour-avec-l-assida\\\/208900\\\/#primaryimage\"},\"thumbnailUrl\":\"https:\\\/\\\/www.webdo.tn\\\/fr\\\/wp-content\\\/uploads\\\/2023\\\/09\\\/92c5094bfbf2c5ebcc04d2532017ae40.jpg\",\"datePublished\":\"2023-09-25T13:27:00+00:00\",\"description\":\"Nous c\u00e9l\u00e9brons le Mouled, ce mercredi 27 septembre. Outre les festivit\u00e9s religieuses, selon la tradition, l'assida sera de rigueur, dans toutes ses d\u00e9clinaisons...\",\"breadcrumb\":{\"@id\":\"https:\\\/\\\/www.webdo.tn\\\/fr\\\/actualite\\\/chroniques\\\/avant-veille-du-mouled-nous-avons-tous-une-histoire-d-amour-avec-l-assida\\\/208900\\\/#breadcrumb\"},\"inLanguage\":\"fr-FR\",\"potentialAction\":[{\"@type\":\"ReadAction\",\"target\":[\"https:\\\/\\\/www.webdo.tn\\\/fr\\\/actualite\\\/chroniques\\\/avant-veille-du-mouled-nous-avons-tous-une-histoire-d-amour-avec-l-assida\\\/208900\\\/\"]}]},{\"@type\":\"ImageObject\",\"inLanguage\":\"fr-FR\",\"@id\":\"https:\\\/\\\/www.webdo.tn\\\/fr\\\/actualite\\\/chroniques\\\/avant-veille-du-mouled-nous-avons-tous-une-histoire-d-amour-avec-l-assida\\\/208900\\\/#primaryimage\",\"url\":\"https:\\\/\\\/www.webdo.tn\\\/fr\\\/wp-content\\\/uploads\\\/2023\\\/09\\\/92c5094bfbf2c5ebcc04d2532017ae40.jpg\",\"contentUrl\":\"https:\\\/\\\/www.webdo.tn\\\/fr\\\/wp-content\\\/uploads\\\/2023\\\/09\\\/92c5094bfbf2c5ebcc04d2532017ae40.jpg\",\"width\":750,\"height\":400,\"caption\":\"Avant-veille du Mouled : Nous avons tous une histoire d'amour avec l'assida\"},{\"@type\":\"BreadcrumbList\",\"@id\":\"https:\\\/\\\/www.webdo.tn\\\/fr\\\/actualite\\\/chroniques\\\/avant-veille-du-mouled-nous-avons-tous-une-histoire-d-amour-avec-l-assida\\\/208900\\\/#breadcrumb\",\"itemListElement\":[{\"@type\":\"ListItem\",\"position\":1,\"name\":\"Accueil\",\"item\":\"https:\\\/\\\/www.webdo.tn\\\/fr\\\/\"},{\"@type\":\"ListItem\",\"position\":2,\"name\":\"Avant-veille du Mouled : Nous avons tous une histoire d&#8217;amour avec l&#8217;assida\"}]},{\"@type\":\"WebSite\",\"@id\":\"https:\\\/\\\/www.webdo.tn\\\/fr\\\/#website\",\"url\":\"https:\\\/\\\/www.webdo.tn\\\/fr\\\/\",\"name\":\"webdo\",\"description\":\"Tunisie - News en Tunisie et \u00e0 l&#039;international sur Webdo.tn\",\"publisher\":{\"@id\":\"https:\\\/\\\/www.webdo.tn\\\/fr\\\/#organization\"},\"potentialAction\":[{\"@type\":\"SearchAction\",\"target\":{\"@type\":\"EntryPoint\",\"urlTemplate\":\"https:\\\/\\\/www.webdo.tn\\\/fr\\\/?s={search_term_string}\"},\"query-input\":{\"@type\":\"PropertyValueSpecification\",\"valueRequired\":true,\"valueName\":\"search_term_string\"}}],\"inLanguage\":\"fr-FR\"},{\"@type\":\"Organization\",\"@id\":\"https:\\\/\\\/www.webdo.tn\\\/fr\\\/#organization\",\"name\":\"Webdo\",\"alternateName\":\"Webdo.tn\",\"url\":\"https:\\\/\\\/www.webdo.tn\\\/fr\\\/\",\"logo\":{\"@type\":\"ImageObject\",\"inLanguage\":\"fr-FR\",\"@id\":\"https:\\\/\\\/www.webdo.tn\\\/fr\\\/#\\\/schema\\\/logo\\\/image\\\/\",\"url\":\"https:\\\/\\\/www.webdo.tn\\\/fr\\\/wp-content\\\/uploads\\\/2025\\\/06\\\/Webdo-Tunisie_168377.jpg\",\"contentUrl\":\"https:\\\/\\\/www.webdo.tn\\\/fr\\\/wp-content\\\/uploads\\\/2025\\\/06\\\/Webdo-Tunisie_168377.jpg\",\"width\":301,\"height\":301,\"caption\":\"Webdo\"},\"image\":{\"@id\":\"https:\\\/\\\/www.webdo.tn\\\/fr\\\/#\\\/schema\\\/logo\\\/image\\\/\"},\"sameAs\":[\"https:\\\/\\\/www.facebook.com\\\/webdotn\",\"https:\\\/\\\/x.com\\\/webdo_tn\"],\"description\":\"Webdo est un m\u00e9dia num\u00e9rique tunisien fond\u00e9 en 2010, sp\u00e9cialis\u00e9 dans l\u2019actualit\u00e9 nationale et internationale, l\u2019\u00e9conomie, la soci\u00e9t\u00e9 et les analyses politiques. Le site s\u2019adresse \u00e0 un large public francophone et couvre l\u2019information tunisienne en temps r\u00e9el.\",\"email\":\"redac@webdo.tn\",\"legalName\":\"YNJ SARL\",\"foundingDate\":\"2010-09-06\",\"numberOfEmployees\":{\"@type\":\"QuantitativeValue\",\"minValue\":\"11\",\"maxValue\":\"50\"}},{\"@type\":\"Person\",\"@id\":\"https:\\\/\\\/www.webdo.tn\\\/fr\\\/#\\\/schema\\\/person\\\/6bc0beba2cd23aec27cb5df85ca2554f\",\"name\":\"Hatem Bourial\",\"image\":{\"@type\":\"ImageObject\",\"inLanguage\":\"fr-FR\",\"@id\":\"https:\\\/\\\/www.webdo.tn\\\/fr\\\/wp-content\\\/uploads\\\/2026\\\/04\\\/hatem-bourial_avatar-96x96.jpg\",\"url\":\"https:\\\/\\\/www.webdo.tn\\\/fr\\\/wp-content\\\/uploads\\\/2026\\\/04\\\/hatem-bourial_avatar-96x96.jpg\",\"contentUrl\":\"https:\\\/\\\/www.webdo.tn\\\/fr\\\/wp-content\\\/uploads\\\/2026\\\/04\\\/hatem-bourial_avatar-96x96.jpg\",\"caption\":\"Hatem Bourial\"},\"description\":\"Hatem Bourial est journaliste, \u00e9crivain et chroniqueur tunisien. Actif depuis plusieurs d\u00e9cennies, il s\u2019est impos\u00e9 comme un observateur attentif de la soci\u00e9t\u00e9 tunisienne, m\u00ealant dans ses \u00e9crits m\u00e9moire, culture et analyse du quotidien. Auteur de nombreux ouvrages, il d\u00e9veloppe une \u0153uvre \u00e0 la crois\u00e9e du r\u00e9cit, de la po\u00e9sie et de l\u2019observation sociologique. Parall\u00e8lement \u00e0 ses contributions dans la presse, il intervient r\u00e9guli\u00e8rement \u00e0 la radio et dans des espaces culturels, o\u00f9 il explore les enjeux li\u00e9s au patrimoine, \u00e0 l\u2019identit\u00e9 et aux transformations du monde contemporain. \u00c0 travers ses chroniques, Hatem Bourial propose une lecture sensible et approfondie de l\u2019actualit\u00e9, nourrie par une exp\u00e9rience journalistique et litt\u00e9raire reconnue. \ud83d\udd17 Facebook : https:\\\/\\\/www.facebook.com\\\/hatem.bourial.2025\",\"sameAs\":[\"https:\\\/\\\/www.facebook.com\\\/hatem.bourial.2025\",\"https:\\\/\\\/fr.wikipedia.org\\\/wiki\\\/Fichier:Hatem_Bourial.jpg\"],\"knowsAbout\":[\"Culture & patrimoine tunisien\",\"Chronique soci\u00e9tale\",\"Litt\u00e9rature & m\u00e9moire\",\"Cin\u00e9ma & critique culturelle\",\"Identit\u00e9 & mutations sociales\"],\"knowsLanguage\":[\"Arabe\",\"Fran\u00e7ais\",\"Anglais\",\"Italien\",\"Polonais\"],\"jobTitle\":\"Journaliste, \u00e9crivain et chroniqueur culturel\",\"worksFor\":\"Webdo\",\"url\":\"https:\\\/\\\/www.webdo.tn\\\/fr\\\/actualite\\\/author\\\/hatem-bourial-2\\\/\"}]}<\/script>\n<!-- \/ Yoast SEO Premium plugin. -->","yoast_head_json":{"title":"Avant-veille du Mouled : Nous avons tous une histoire d'amour avec l'assida","description":"Nous c\u00e9l\u00e9brons le Mouled, ce mercredi 27 septembre. Outre les festivit\u00e9s religieuses, selon la tradition, l'assida sera de rigueur, dans toutes ses d\u00e9clinaisons...","canonical":"https:\/\/www.webdo.tn\/fr\/actualite\/chroniques\/avant-veille-du-mouled-nous-avons-tous-une-histoire-d-amour-avec-l-assida\/208900\/","og_locale":"fr_FR","og_type":"article","og_title":"Avant-veille du Mouled : Nous avons tous une histoire d'amour avec l'assida","og_description":"Nous c\u00e9l\u00e9brons le Mouled, ce mercredi 27 septembre. Outre les festivit\u00e9s religieuses, selon la tradition, l'assida sera de rigueur, dans toutes ses d\u00e9clinaisons...","og_url":"https:\/\/www.webdo.tn\/fr\/actualite\/chroniques\/avant-veille-du-mouled-nous-avons-tous-une-histoire-d-amour-avec-l-assida\/208900\/","og_site_name":"webdo","article_publisher":"https:\/\/www.facebook.com\/webdotn","article_author":"https:\/\/www.facebook.com\/hatem.bourial.2025","article_published_time":"2023-09-25T13:27:00+00:00","og_image":[{"width":750,"height":400,"url":"https:\/\/www.webdo.tn\/fr\/wp-content\/uploads\/2023\/09\/92c5094bfbf2c5ebcc04d2532017ae40.jpg","type":"image\/jpeg"}],"author":"Hatem Bourial","twitter_card":"summary_large_image","twitter_creator":"@webdo_tn","twitter_site":"@webdo_tn","twitter_misc":{"\u00c9crit par":"Hatem Bourial","Dur\u00e9e de lecture estim\u00e9e":"4 minutes"},"schema":{"@context":"https:\/\/schema.org","@graph":[{"@type":"NewsArticle","@id":"https:\/\/www.webdo.tn\/fr\/actualite\/chroniques\/avant-veille-du-mouled-nous-avons-tous-une-histoire-d-amour-avec-l-assida\/208900\/#article","isPartOf":{"@id":"https:\/\/www.webdo.tn\/fr\/actualite\/chroniques\/avant-veille-du-mouled-nous-avons-tous-une-histoire-d-amour-avec-l-assida\/208900\/"},"author":{"name":"Hatem Bourial","@id":"https:\/\/www.webdo.tn\/fr\/#\/schema\/person\/6bc0beba2cd23aec27cb5df85ca2554f"},"headline":"Avant-veille du Mouled : Nous avons tous une histoire d&rsquo;amour avec l&rsquo;assida","datePublished":"2023-09-25T13:27:00+00:00","mainEntityOfPage":{"@id":"https:\/\/www.webdo.tn\/fr\/actualite\/chroniques\/avant-veille-du-mouled-nous-avons-tous-une-histoire-d-amour-avec-l-assida\/208900\/"},"wordCount":791,"commentCount":0,"publisher":{"@id":"https:\/\/www.webdo.tn\/fr\/#organization"},"image":{"@id":"https:\/\/www.webdo.tn\/fr\/actualite\/chroniques\/avant-veille-du-mouled-nous-avons-tous-une-histoire-d-amour-avec-l-assida\/208900\/#primaryimage"},"thumbnailUrl":"https:\/\/www.webdo.tn\/fr\/wp-content\/uploads\/2023\/09\/92c5094bfbf2c5ebcc04d2532017ae40.jpg","keywords":["assida","f\u00eate","mouled"],"articleSection":["Chroniques"],"inLanguage":"fr-FR"},{"@type":"WebPage","@id":"https:\/\/www.webdo.tn\/fr\/actualite\/chroniques\/avant-veille-du-mouled-nous-avons-tous-une-histoire-d-amour-avec-l-assida\/208900\/","url":"https:\/\/www.webdo.tn\/fr\/actualite\/chroniques\/avant-veille-du-mouled-nous-avons-tous-une-histoire-d-amour-avec-l-assida\/208900\/","name":"Avant-veille du Mouled : Nous avons tous une histoire d'amour avec l'assida","isPartOf":{"@id":"https:\/\/www.webdo.tn\/fr\/#website"},"primaryImageOfPage":{"@id":"https:\/\/www.webdo.tn\/fr\/actualite\/chroniques\/avant-veille-du-mouled-nous-avons-tous-une-histoire-d-amour-avec-l-assida\/208900\/#primaryimage"},"image":{"@id":"https:\/\/www.webdo.tn\/fr\/actualite\/chroniques\/avant-veille-du-mouled-nous-avons-tous-une-histoire-d-amour-avec-l-assida\/208900\/#primaryimage"},"thumbnailUrl":"https:\/\/www.webdo.tn\/fr\/wp-content\/uploads\/2023\/09\/92c5094bfbf2c5ebcc04d2532017ae40.jpg","datePublished":"2023-09-25T13:27:00+00:00","description":"Nous c\u00e9l\u00e9brons le Mouled, ce mercredi 27 septembre. Outre les festivit\u00e9s religieuses, selon la tradition, l'assida sera de rigueur, dans toutes ses d\u00e9clinaisons...","breadcrumb":{"@id":"https:\/\/www.webdo.tn\/fr\/actualite\/chroniques\/avant-veille-du-mouled-nous-avons-tous-une-histoire-d-amour-avec-l-assida\/208900\/#breadcrumb"},"inLanguage":"fr-FR","potentialAction":[{"@type":"ReadAction","target":["https:\/\/www.webdo.tn\/fr\/actualite\/chroniques\/avant-veille-du-mouled-nous-avons-tous-une-histoire-d-amour-avec-l-assida\/208900\/"]}]},{"@type":"ImageObject","inLanguage":"fr-FR","@id":"https:\/\/www.webdo.tn\/fr\/actualite\/chroniques\/avant-veille-du-mouled-nous-avons-tous-une-histoire-d-amour-avec-l-assida\/208900\/#primaryimage","url":"https:\/\/www.webdo.tn\/fr\/wp-content\/uploads\/2023\/09\/92c5094bfbf2c5ebcc04d2532017ae40.jpg","contentUrl":"https:\/\/www.webdo.tn\/fr\/wp-content\/uploads\/2023\/09\/92c5094bfbf2c5ebcc04d2532017ae40.jpg","width":750,"height":400,"caption":"Avant-veille du Mouled : Nous avons tous une histoire d'amour avec l'assida"},{"@type":"BreadcrumbList","@id":"https:\/\/www.webdo.tn\/fr\/actualite\/chroniques\/avant-veille-du-mouled-nous-avons-tous-une-histoire-d-amour-avec-l-assida\/208900\/#breadcrumb","itemListElement":[{"@type":"ListItem","position":1,"name":"Accueil","item":"https:\/\/www.webdo.tn\/fr\/"},{"@type":"ListItem","position":2,"name":"Avant-veille du Mouled : Nous avons tous une histoire d&#8217;amour avec l&#8217;assida"}]},{"@type":"WebSite","@id":"https:\/\/www.webdo.tn\/fr\/#website","url":"https:\/\/www.webdo.tn\/fr\/","name":"webdo","description":"Tunisie - News en Tunisie et \u00e0 l&#039;international sur Webdo.tn","publisher":{"@id":"https:\/\/www.webdo.tn\/fr\/#organization"},"potentialAction":[{"@type":"SearchAction","target":{"@type":"EntryPoint","urlTemplate":"https:\/\/www.webdo.tn\/fr\/?s={search_term_string}"},"query-input":{"@type":"PropertyValueSpecification","valueRequired":true,"valueName":"search_term_string"}}],"inLanguage":"fr-FR"},{"@type":"Organization","@id":"https:\/\/www.webdo.tn\/fr\/#organization","name":"Webdo","alternateName":"Webdo.tn","url":"https:\/\/www.webdo.tn\/fr\/","logo":{"@type":"ImageObject","inLanguage":"fr-FR","@id":"https:\/\/www.webdo.tn\/fr\/#\/schema\/logo\/image\/","url":"https:\/\/www.webdo.tn\/fr\/wp-content\/uploads\/2025\/06\/Webdo-Tunisie_168377.jpg","contentUrl":"https:\/\/www.webdo.tn\/fr\/wp-content\/uploads\/2025\/06\/Webdo-Tunisie_168377.jpg","width":301,"height":301,"caption":"Webdo"},"image":{"@id":"https:\/\/www.webdo.tn\/fr\/#\/schema\/logo\/image\/"},"sameAs":["https:\/\/www.facebook.com\/webdotn","https:\/\/x.com\/webdo_tn"],"description":"Webdo est un m\u00e9dia num\u00e9rique tunisien fond\u00e9 en 2010, sp\u00e9cialis\u00e9 dans l\u2019actualit\u00e9 nationale et internationale, l\u2019\u00e9conomie, la soci\u00e9t\u00e9 et les analyses politiques. Le site s\u2019adresse \u00e0 un large public francophone et couvre l\u2019information tunisienne en temps r\u00e9el.","email":"redac@webdo.tn","legalName":"YNJ SARL","foundingDate":"2010-09-06","numberOfEmployees":{"@type":"QuantitativeValue","minValue":"11","maxValue":"50"}},{"@type":"Person","@id":"https:\/\/www.webdo.tn\/fr\/#\/schema\/person\/6bc0beba2cd23aec27cb5df85ca2554f","name":"Hatem Bourial","image":{"@type":"ImageObject","inLanguage":"fr-FR","@id":"https:\/\/www.webdo.tn\/fr\/wp-content\/uploads\/2026\/04\/hatem-bourial_avatar-96x96.jpg","url":"https:\/\/www.webdo.tn\/fr\/wp-content\/uploads\/2026\/04\/hatem-bourial_avatar-96x96.jpg","contentUrl":"https:\/\/www.webdo.tn\/fr\/wp-content\/uploads\/2026\/04\/hatem-bourial_avatar-96x96.jpg","caption":"Hatem Bourial"},"description":"Hatem Bourial est journaliste, \u00e9crivain et chroniqueur tunisien. Actif depuis plusieurs d\u00e9cennies, il s\u2019est impos\u00e9 comme un observateur attentif de la soci\u00e9t\u00e9 tunisienne, m\u00ealant dans ses \u00e9crits m\u00e9moire, culture et analyse du quotidien. Auteur de nombreux ouvrages, il d\u00e9veloppe une \u0153uvre \u00e0 la crois\u00e9e du r\u00e9cit, de la po\u00e9sie et de l\u2019observation sociologique. Parall\u00e8lement \u00e0 ses contributions dans la presse, il intervient r\u00e9guli\u00e8rement \u00e0 la radio et dans des espaces culturels, o\u00f9 il explore les enjeux li\u00e9s au patrimoine, \u00e0 l\u2019identit\u00e9 et aux transformations du monde contemporain. \u00c0 travers ses chroniques, Hatem Bourial propose une lecture sensible et approfondie de l\u2019actualit\u00e9, nourrie par une exp\u00e9rience journalistique et litt\u00e9raire reconnue. \ud83d\udd17 Facebook : https:\/\/www.facebook.com\/hatem.bourial.2025","sameAs":["https:\/\/www.facebook.com\/hatem.bourial.2025","https:\/\/fr.wikipedia.org\/wiki\/Fichier:Hatem_Bourial.jpg"],"knowsAbout":["Culture & patrimoine tunisien","Chronique soci\u00e9tale","Litt\u00e9rature & m\u00e9moire","Cin\u00e9ma & critique culturelle","Identit\u00e9 & mutations sociales"],"knowsLanguage":["Arabe","Fran\u00e7ais","Anglais","Italien","Polonais"],"jobTitle":"Journaliste, \u00e9crivain et chroniqueur culturel","worksFor":"Webdo","url":"https:\/\/www.webdo.tn\/fr\/actualite\/author\/hatem-bourial-2\/"}]}},"_links":{"self":[{"href":"https:\/\/www.webdo.tn\/fr\/wp-json\/wp\/v2\/posts\/208900","targetHints":{"allow":["GET"]}}],"collection":[{"href":"https:\/\/www.webdo.tn\/fr\/wp-json\/wp\/v2\/posts"}],"about":[{"href":"https:\/\/www.webdo.tn\/fr\/wp-json\/wp\/v2\/types\/post"}],"author":[{"embeddable":true,"href":"https:\/\/www.webdo.tn\/fr\/wp-json\/wp\/v2\/users\/3229"}],"replies":[{"embeddable":true,"href":"https:\/\/www.webdo.tn\/fr\/wp-json\/wp\/v2\/comments?post=208900"}],"version-history":[{"count":0,"href":"https:\/\/www.webdo.tn\/fr\/wp-json\/wp\/v2\/posts\/208900\/revisions"}],"wp:featuredmedia":[{"embeddable":true,"href":"https:\/\/www.webdo.tn\/fr\/wp-json\/wp\/v2\/media\/249233"}],"wp:attachment":[{"href":"https:\/\/www.webdo.tn\/fr\/wp-json\/wp\/v2\/media?parent=208900"}],"wp:term":[{"taxonomy":"category","embeddable":true,"href":"https:\/\/www.webdo.tn\/fr\/wp-json\/wp\/v2\/categories?post=208900"},{"taxonomy":"post_tag","embeddable":true,"href":"https:\/\/www.webdo.tn\/fr\/wp-json\/wp\/v2\/tags?post=208900"}],"curies":[{"name":"wp","href":"https:\/\/api.w.org\/{rel}","templated":true}]}}