{"id":208899,"date":"2023-09-25T13:19:00","date_gmt":"2023-09-25T13:19:00","guid":{"rendered":"https:\/\/www.webdo.tn\/fr\/blog\/inondations-en-libye-huit-responsables-places-en-detention-pour-negligence\/208899\/"},"modified":"2025-05-20T21:57:14","modified_gmt":"2025-05-20T21:57:14","slug":"inondations-en-libye-huit-responsables-places-en-detention-pour-negligence","status":"publish","type":"post","link":"https:\/\/www.webdo.tn\/fr\/actualite\/international\/inondations-en-libye-huit-responsables-places-en-detention-pour-negligence\/208899\/","title":{"rendered":"Inondations en Libye : huit responsables plac\u00e9s en d\u00e9tention pour \u00ab\u00a0n\u00e9gligence\u00a0\u00bb"},"content":{"rendered":"<p>Le maire de Derna, Abdulmonem al-Ghaithi, qui avait \u00e9t\u00e9 d\u00e9mis de ses fonctions  a \u00e9t\u00e9 arr\u00eat\u00e9, ainsi que sept personnes travaillant \u00e0 la gestion des barrages qui ont rompu.<\/p>\n<p>\t\t\t\t\t\t\t\t\tLe maire de Derna, Abdulmonem al-Ghaithi, qui avait \u00e9t\u00e9 d\u00e9mis de ses fonctions\u00a0 a \u00e9t\u00e9 arr\u00eat\u00e9, ainsi que sept personnes travaillant \u00e0 la gestion des barrages qui ont rompu.<\/p>\n<p>Le Procureur g\u00e9n\u00e9ral de Libye a, en effet, ordonn\u00e9 le placement en d\u00e9tention provisoire de huit responsables dans le cadre d\u2019une enqu\u00eate sur la rupture des deux barrages ayant entra\u00een\u00e9 les inondations meurtri\u00e8res de Derna le 10 septembre.<\/p>\n<p>Parmi les huit personnes dont le Procureur a ordonn\u00e9 le placement en d\u00e9tention provisoire pour \u00ab\u00a0n\u00e9gligence\u00a0\u00bb, figurent sept personnes occupant ou ayant occup\u00e9 des postes \u00e0 responsabilit\u00e9 au sein du d\u00e9partement des ressources hydrauliques ou celui de la gestion des barrages en Libye.<\/p>\n<p>Selon l\u2019enqu\u00eate ordonn\u00e9e le 15 septembre par le Procureur g\u00e9n\u00e9ral sur les circonstances du drame, la direction des barrages en Libye avait signal\u00e9 des fissures sur les deux ouvrages d\u00e8s 1998 mais aucun travail n\u2019a \u00e9t\u00e9 accompli pour y rem\u00e9dier.<\/p>\n<p>La temp\u00eate Daniel a frapp\u00e9 dans la nuit du 10 au 11 septembre l\u2019est de la Libye, notamment Derna, une ville de 100.000 habitants, entra\u00eenant la rupture de deux barrages en amont et provoquant une crue de l\u2019ampleur d\u2019un tsunami qui a tout emport\u00e9 sur son passage.<\/p>\n<p>Selon le dernier bilan officiel provisoire, les inondations ont fait au moins 3868 morts, alors que des milliers d\u2019autres personnes sont toujours port\u00e9es disparues.<\/p>\n","protected":false},"excerpt":{"rendered":"<p>Le maire de Derna, Abdulmonem al-Ghaithi, qui avait \u00e9t\u00e9 d\u00e9mis de ses fonctions  a \u00e9t\u00e9 arr\u00eat\u00e9, ainsi que sept personnes travaillant \u00e0 la gestion des barrages qui&#8230;<\/p>\n","protected":false},"author":3162,"featured_media":249232,"comment_status":"open","ping_status":"closed","sticky":false,"template":"","format":"standard","meta":{"footnotes":""},"categories":[2598],"tags":[5941,7883,3286,3164,3279],"class_list":["post-208899","post","type-post","status-publish","format-standard","has-post-thumbnail","hentry","category-international","tag-bilan","tag-derna","tag-detention","tag-inondations","tag-libye"],"yoast_head":"<!-- This site is optimized with the Yoast SEO Premium plugin v27.4 (Yoast SEO v27.5) - https:\/\/yoast.com\/product\/yoast-seo-premium-wordpress\/ -->\n<title>Inondations en Libye : huit responsables plac\u00e9s en d\u00e9tention pour n\u00e9gligence<\/title>\n<meta name=\"description\" content=\"Le maire de Derna, Abdulmonem al-Ghaithi, qui avait \u00e9t\u00e9 d\u00e9mis de ses fonctions a \u00e9t\u00e9 arr\u00eat\u00e9, ainsi que sept personnes travaillant \u00e0 la gestion des barrages qui...\" \/>\n<link rel=\"canonical\" href=\"https:\/\/www.webdo.tn\/fr\/actualite\/international\/inondations-en-libye-huit-responsables-places-en-detention-pour-negligence\/208899\/\" \/>\n<meta property=\"og:locale\" content=\"fr_FR\" \/>\n<meta property=\"og:type\" content=\"article\" \/>\n<meta property=\"og:title\" content=\"Inondations en Libye : huit responsables plac\u00e9s en d\u00e9tention pour &quot;n\u00e9gligence&quot;\" \/>\n<meta property=\"og:description\" content=\"Le maire de Derna, Abdulmonem al-Ghaithi, qui avait \u00e9t\u00e9 d\u00e9mis de ses fonctions a \u00e9t\u00e9 arr\u00eat\u00e9, ainsi que sept personnes travaillant \u00e0 la gestion des barrages qui...\" \/>\n<meta property=\"og:url\" content=\"https:\/\/www.webdo.tn\/fr\/actualite\/international\/inondations-en-libye-huit-responsables-places-en-detention-pour-negligence\/208899\/\" \/>\n<meta property=\"og:site_name\" content=\"webdo\" \/>\n<meta property=\"article:publisher\" content=\"https:\/\/www.facebook.com\/webdotn\" \/>\n<meta property=\"article:published_time\" content=\"2023-09-25T13:19:00+00:00\" \/>\n<meta property=\"article:modified_time\" content=\"2025-05-20T21:57:14+00:00\" \/>\n<meta property=\"og:image\" content=\"https:\/\/www.webdo.tn\/fr\/wp-content\/uploads\/2023\/09\/203d6480adc3c31bf3c7ac1b28a831b2.jpg\" \/>\n\t<meta property=\"og:image:width\" content=\"750\" \/>\n\t<meta property=\"og:image:height\" content=\"400\" \/>\n\t<meta property=\"og:image:type\" content=\"image\/jpeg\" \/>\n<meta name=\"author\" content=\"MC\" \/>\n<meta name=\"twitter:card\" content=\"summary_large_image\" \/>\n<meta name=\"twitter:creator\" content=\"@webdo_tn\" \/>\n<meta name=\"twitter:site\" content=\"@webdo_tn\" \/>\n<meta name=\"twitter:label1\" content=\"\u00c9crit par\" \/>\n\t<meta name=\"twitter:data1\" content=\"MC\" \/>\n\t<meta name=\"twitter:label2\" content=\"Dur\u00e9e de lecture estim\u00e9e\" \/>\n\t<meta name=\"twitter:data2\" content=\"1 minute\" \/>\n<script type=\"application\/ld+json\" class=\"yoast-schema-graph\">{\"@context\":\"https:\\\/\\\/schema.org\",\"@graph\":[{\"@type\":\"NewsArticle\",\"@id\":\"https:\\\/\\\/www.webdo.tn\\\/fr\\\/actualite\\\/international\\\/inondations-en-libye-huit-responsables-places-en-detention-pour-negligence\\\/208899\\\/#article\",\"isPartOf\":{\"@id\":\"https:\\\/\\\/www.webdo.tn\\\/fr\\\/actualite\\\/international\\\/inondations-en-libye-huit-responsables-places-en-detention-pour-negligence\\\/208899\\\/\"},\"author\":{\"name\":\"MC\",\"@id\":\"https:\\\/\\\/www.webdo.tn\\\/fr\\\/#\\\/schema\\\/person\\\/2c4929cbf5a809e3bd38617c6ce150f6\"},\"headline\":\"Inondations en Libye : huit responsables plac\u00e9s en d\u00e9tention pour \u00ab\u00a0n\u00e9gligence\u00a0\u00bb\",\"datePublished\":\"2023-09-25T13:19:00+00:00\",\"dateModified\":\"2025-05-20T21:57:14+00:00\",\"mainEntityOfPage\":{\"@id\":\"https:\\\/\\\/www.webdo.tn\\\/fr\\\/actualite\\\/international\\\/inondations-en-libye-huit-responsables-places-en-detention-pour-negligence\\\/208899\\\/\"},\"wordCount\":282,\"commentCount\":0,\"publisher\":{\"@id\":\"https:\\\/\\\/www.webdo.tn\\\/fr\\\/#organization\"},\"image\":{\"@id\":\"https:\\\/\\\/www.webdo.tn\\\/fr\\\/actualite\\\/international\\\/inondations-en-libye-huit-responsables-places-en-detention-pour-negligence\\\/208899\\\/#primaryimage\"},\"thumbnailUrl\":\"https:\\\/\\\/www.webdo.tn\\\/fr\\\/wp-content\\\/uploads\\\/2023\\\/09\\\/203d6480adc3c31bf3c7ac1b28a831b2.jpg\",\"keywords\":[\"bilan\",\"Derna\",\"d\u00e9tention\",\"Inondations\",\"Libye\"],\"articleSection\":[\"International\"],\"inLanguage\":\"fr-FR\"},{\"@type\":\"WebPage\",\"@id\":\"https:\\\/\\\/www.webdo.tn\\\/fr\\\/actualite\\\/international\\\/inondations-en-libye-huit-responsables-places-en-detention-pour-negligence\\\/208899\\\/\",\"url\":\"https:\\\/\\\/www.webdo.tn\\\/fr\\\/actualite\\\/international\\\/inondations-en-libye-huit-responsables-places-en-detention-pour-negligence\\\/208899\\\/\",\"name\":\"Inondations en Libye : huit responsables plac\u00e9s en d\u00e9tention pour n\u00e9gligence\",\"isPartOf\":{\"@id\":\"https:\\\/\\\/www.webdo.tn\\\/fr\\\/#website\"},\"primaryImageOfPage\":{\"@id\":\"https:\\\/\\\/www.webdo.tn\\\/fr\\\/actualite\\\/international\\\/inondations-en-libye-huit-responsables-places-en-detention-pour-negligence\\\/208899\\\/#primaryimage\"},\"image\":{\"@id\":\"https:\\\/\\\/www.webdo.tn\\\/fr\\\/actualite\\\/international\\\/inondations-en-libye-huit-responsables-places-en-detention-pour-negligence\\\/208899\\\/#primaryimage\"},\"thumbnailUrl\":\"https:\\\/\\\/www.webdo.tn\\\/fr\\\/wp-content\\\/uploads\\\/2023\\\/09\\\/203d6480adc3c31bf3c7ac1b28a831b2.jpg\",\"datePublished\":\"2023-09-25T13:19:00+00:00\",\"dateModified\":\"2025-05-20T21:57:14+00:00\",\"description\":\"Le maire de Derna, Abdulmonem al-Ghaithi, qui avait \u00e9t\u00e9 d\u00e9mis de ses fonctions a \u00e9t\u00e9 arr\u00eat\u00e9, ainsi que sept personnes travaillant \u00e0 la gestion des barrages qui...\",\"breadcrumb\":{\"@id\":\"https:\\\/\\\/www.webdo.tn\\\/fr\\\/actualite\\\/international\\\/inondations-en-libye-huit-responsables-places-en-detention-pour-negligence\\\/208899\\\/#breadcrumb\"},\"inLanguage\":\"fr-FR\",\"potentialAction\":[{\"@type\":\"ReadAction\",\"target\":[\"https:\\\/\\\/www.webdo.tn\\\/fr\\\/actualite\\\/international\\\/inondations-en-libye-huit-responsables-places-en-detention-pour-negligence\\\/208899\\\/\"]}]},{\"@type\":\"ImageObject\",\"inLanguage\":\"fr-FR\",\"@id\":\"https:\\\/\\\/www.webdo.tn\\\/fr\\\/actualite\\\/international\\\/inondations-en-libye-huit-responsables-places-en-detention-pour-negligence\\\/208899\\\/#primaryimage\",\"url\":\"https:\\\/\\\/www.webdo.tn\\\/fr\\\/wp-content\\\/uploads\\\/2023\\\/09\\\/203d6480adc3c31bf3c7ac1b28a831b2.jpg\",\"contentUrl\":\"https:\\\/\\\/www.webdo.tn\\\/fr\\\/wp-content\\\/uploads\\\/2023\\\/09\\\/203d6480adc3c31bf3c7ac1b28a831b2.jpg\",\"width\":750,\"height\":400,\"caption\":\"Inondations en Libye : huit responsables plac\u00e9s en d\u00e9tention pour \\\"n\u00e9gligence\\\"\"},{\"@type\":\"BreadcrumbList\",\"@id\":\"https:\\\/\\\/www.webdo.tn\\\/fr\\\/actualite\\\/international\\\/inondations-en-libye-huit-responsables-places-en-detention-pour-negligence\\\/208899\\\/#breadcrumb\",\"itemListElement\":[{\"@type\":\"ListItem\",\"position\":1,\"name\":\"Accueil\",\"item\":\"https:\\\/\\\/www.webdo.tn\\\/fr\\\/\"},{\"@type\":\"ListItem\",\"position\":2,\"name\":\"Inondations en Libye : huit responsables plac\u00e9s en d\u00e9tention pour \u00ab\u00a0n\u00e9gligence\u00a0\u00bb\"}]},{\"@type\":\"WebSite\",\"@id\":\"https:\\\/\\\/www.webdo.tn\\\/fr\\\/#website\",\"url\":\"https:\\\/\\\/www.webdo.tn\\\/fr\\\/\",\"name\":\"webdo\",\"description\":\"Tunisie - News en Tunisie et \u00e0 l&#039;international sur Webdo.tn\",\"publisher\":{\"@id\":\"https:\\\/\\\/www.webdo.tn\\\/fr\\\/#organization\"},\"potentialAction\":[{\"@type\":\"SearchAction\",\"target\":{\"@type\":\"EntryPoint\",\"urlTemplate\":\"https:\\\/\\\/www.webdo.tn\\\/fr\\\/?s={search_term_string}\"},\"query-input\":{\"@type\":\"PropertyValueSpecification\",\"valueRequired\":true,\"valueName\":\"search_term_string\"}}],\"inLanguage\":\"fr-FR\"},{\"@type\":\"Organization\",\"@id\":\"https:\\\/\\\/www.webdo.tn\\\/fr\\\/#organization\",\"name\":\"Webdo\",\"alternateName\":\"Webdo.tn\",\"url\":\"https:\\\/\\\/www.webdo.tn\\\/fr\\\/\",\"logo\":{\"@type\":\"ImageObject\",\"inLanguage\":\"fr-FR\",\"@id\":\"https:\\\/\\\/www.webdo.tn\\\/fr\\\/#\\\/schema\\\/logo\\\/image\\\/\",\"url\":\"https:\\\/\\\/www.webdo.tn\\\/fr\\\/wp-content\\\/uploads\\\/2025\\\/06\\\/Webdo-Tunisie_168377.jpg\",\"contentUrl\":\"https:\\\/\\\/www.webdo.tn\\\/fr\\\/wp-content\\\/uploads\\\/2025\\\/06\\\/Webdo-Tunisie_168377.jpg\",\"width\":301,\"height\":301,\"caption\":\"Webdo\"},\"image\":{\"@id\":\"https:\\\/\\\/www.webdo.tn\\\/fr\\\/#\\\/schema\\\/logo\\\/image\\\/\"},\"sameAs\":[\"https:\\\/\\\/www.facebook.com\\\/webdotn\",\"https:\\\/\\\/x.com\\\/webdo_tn\"],\"description\":\"Webdo est un m\u00e9dia num\u00e9rique tunisien fond\u00e9 en 2010, sp\u00e9cialis\u00e9 dans l\u2019actualit\u00e9 nationale et internationale, l\u2019\u00e9conomie, la soci\u00e9t\u00e9 et les analyses politiques. Le site s\u2019adresse \u00e0 un large public francophone et couvre l\u2019information tunisienne en temps r\u00e9el.\",\"email\":\"redac@webdo.tn\",\"legalName\":\"YNJ SARL\",\"foundingDate\":\"2010-09-06\",\"numberOfEmployees\":{\"@type\":\"QuantitativeValue\",\"minValue\":\"11\",\"maxValue\":\"50\"}},{\"@type\":\"Person\",\"@id\":\"https:\\\/\\\/www.webdo.tn\\\/fr\\\/#\\\/schema\\\/person\\\/2c4929cbf5a809e3bd38617c6ce150f6\",\"name\":\"MC\",\"image\":{\"@type\":\"ImageObject\",\"inLanguage\":\"fr-FR\",\"@id\":\"https:\\\/\\\/secure.gravatar.com\\\/avatar\\\/a545bbb6f84efdd5553dbbc2895e3ca8f1d12c5215e00a041c9670b54aa9b18a?s=96&d=mm&r=g\",\"url\":\"https:\\\/\\\/secure.gravatar.com\\\/avatar\\\/a545bbb6f84efdd5553dbbc2895e3ca8f1d12c5215e00a041c9670b54aa9b18a?s=96&d=mm&r=g\",\"contentUrl\":\"https:\\\/\\\/secure.gravatar.com\\\/avatar\\\/a545bbb6f84efdd5553dbbc2895e3ca8f1d12c5215e00a041c9670b54aa9b18a?s=96&d=mm&r=g\",\"caption\":\"MC\"},\"url\":\"https:\\\/\\\/www.webdo.tn\\\/fr\\\/actualite\\\/author\\\/mc\\\/\"}]}<\/script>\n<!-- \/ Yoast SEO Premium plugin. -->","yoast_head_json":{"title":"Inondations en Libye : huit responsables plac\u00e9s en d\u00e9tention pour n\u00e9gligence","description":"Le maire de Derna, Abdulmonem al-Ghaithi, qui avait \u00e9t\u00e9 d\u00e9mis de ses fonctions a \u00e9t\u00e9 arr\u00eat\u00e9, ainsi que sept personnes travaillant \u00e0 la gestion des barrages qui...","canonical":"https:\/\/www.webdo.tn\/fr\/actualite\/international\/inondations-en-libye-huit-responsables-places-en-detention-pour-negligence\/208899\/","og_locale":"fr_FR","og_type":"article","og_title":"Inondations en Libye : huit responsables plac\u00e9s en d\u00e9tention pour \"n\u00e9gligence\"","og_description":"Le maire de Derna, Abdulmonem al-Ghaithi, qui avait \u00e9t\u00e9 d\u00e9mis de ses fonctions a \u00e9t\u00e9 arr\u00eat\u00e9, ainsi que sept personnes travaillant \u00e0 la gestion des barrages qui...","og_url":"https:\/\/www.webdo.tn\/fr\/actualite\/international\/inondations-en-libye-huit-responsables-places-en-detention-pour-negligence\/208899\/","og_site_name":"webdo","article_publisher":"https:\/\/www.facebook.com\/webdotn","article_published_time":"2023-09-25T13:19:00+00:00","article_modified_time":"2025-05-20T21:57:14+00:00","og_image":[{"width":750,"height":400,"url":"https:\/\/www.webdo.tn\/fr\/wp-content\/uploads\/2023\/09\/203d6480adc3c31bf3c7ac1b28a831b2.jpg","type":"image\/jpeg"}],"author":"MC","twitter_card":"summary_large_image","twitter_creator":"@webdo_tn","twitter_site":"@webdo_tn","twitter_misc":{"\u00c9crit par":"MC","Dur\u00e9e de lecture estim\u00e9e":"1 minute"},"schema":{"@context":"https:\/\/schema.org","@graph":[{"@type":"NewsArticle","@id":"https:\/\/www.webdo.tn\/fr\/actualite\/international\/inondations-en-libye-huit-responsables-places-en-detention-pour-negligence\/208899\/#article","isPartOf":{"@id":"https:\/\/www.webdo.tn\/fr\/actualite\/international\/inondations-en-libye-huit-responsables-places-en-detention-pour-negligence\/208899\/"},"author":{"name":"MC","@id":"https:\/\/www.webdo.tn\/fr\/#\/schema\/person\/2c4929cbf5a809e3bd38617c6ce150f6"},"headline":"Inondations en Libye : huit responsables plac\u00e9s en d\u00e9tention pour \u00ab\u00a0n\u00e9gligence\u00a0\u00bb","datePublished":"2023-09-25T13:19:00+00:00","dateModified":"2025-05-20T21:57:14+00:00","mainEntityOfPage":{"@id":"https:\/\/www.webdo.tn\/fr\/actualite\/international\/inondations-en-libye-huit-responsables-places-en-detention-pour-negligence\/208899\/"},"wordCount":282,"commentCount":0,"publisher":{"@id":"https:\/\/www.webdo.tn\/fr\/#organization"},"image":{"@id":"https:\/\/www.webdo.tn\/fr\/actualite\/international\/inondations-en-libye-huit-responsables-places-en-detention-pour-negligence\/208899\/#primaryimage"},"thumbnailUrl":"https:\/\/www.webdo.tn\/fr\/wp-content\/uploads\/2023\/09\/203d6480adc3c31bf3c7ac1b28a831b2.jpg","keywords":["bilan","Derna","d\u00e9tention","Inondations","Libye"],"articleSection":["International"],"inLanguage":"fr-FR"},{"@type":"WebPage","@id":"https:\/\/www.webdo.tn\/fr\/actualite\/international\/inondations-en-libye-huit-responsables-places-en-detention-pour-negligence\/208899\/","url":"https:\/\/www.webdo.tn\/fr\/actualite\/international\/inondations-en-libye-huit-responsables-places-en-detention-pour-negligence\/208899\/","name":"Inondations en Libye : huit responsables plac\u00e9s en d\u00e9tention pour n\u00e9gligence","isPartOf":{"@id":"https:\/\/www.webdo.tn\/fr\/#website"},"primaryImageOfPage":{"@id":"https:\/\/www.webdo.tn\/fr\/actualite\/international\/inondations-en-libye-huit-responsables-places-en-detention-pour-negligence\/208899\/#primaryimage"},"image":{"@id":"https:\/\/www.webdo.tn\/fr\/actualite\/international\/inondations-en-libye-huit-responsables-places-en-detention-pour-negligence\/208899\/#primaryimage"},"thumbnailUrl":"https:\/\/www.webdo.tn\/fr\/wp-content\/uploads\/2023\/09\/203d6480adc3c31bf3c7ac1b28a831b2.jpg","datePublished":"2023-09-25T13:19:00+00:00","dateModified":"2025-05-20T21:57:14+00:00","description":"Le maire de Derna, Abdulmonem al-Ghaithi, qui avait \u00e9t\u00e9 d\u00e9mis de ses fonctions a \u00e9t\u00e9 arr\u00eat\u00e9, ainsi que sept personnes travaillant \u00e0 la gestion des barrages qui...","breadcrumb":{"@id":"https:\/\/www.webdo.tn\/fr\/actualite\/international\/inondations-en-libye-huit-responsables-places-en-detention-pour-negligence\/208899\/#breadcrumb"},"inLanguage":"fr-FR","potentialAction":[{"@type":"ReadAction","target":["https:\/\/www.webdo.tn\/fr\/actualite\/international\/inondations-en-libye-huit-responsables-places-en-detention-pour-negligence\/208899\/"]}]},{"@type":"ImageObject","inLanguage":"fr-FR","@id":"https:\/\/www.webdo.tn\/fr\/actualite\/international\/inondations-en-libye-huit-responsables-places-en-detention-pour-negligence\/208899\/#primaryimage","url":"https:\/\/www.webdo.tn\/fr\/wp-content\/uploads\/2023\/09\/203d6480adc3c31bf3c7ac1b28a831b2.jpg","contentUrl":"https:\/\/www.webdo.tn\/fr\/wp-content\/uploads\/2023\/09\/203d6480adc3c31bf3c7ac1b28a831b2.jpg","width":750,"height":400,"caption":"Inondations en Libye : huit responsables plac\u00e9s en d\u00e9tention pour \"n\u00e9gligence\""},{"@type":"BreadcrumbList","@id":"https:\/\/www.webdo.tn\/fr\/actualite\/international\/inondations-en-libye-huit-responsables-places-en-detention-pour-negligence\/208899\/#breadcrumb","itemListElement":[{"@type":"ListItem","position":1,"name":"Accueil","item":"https:\/\/www.webdo.tn\/fr\/"},{"@type":"ListItem","position":2,"name":"Inondations en Libye : huit responsables plac\u00e9s en d\u00e9tention pour \u00ab\u00a0n\u00e9gligence\u00a0\u00bb"}]},{"@type":"WebSite","@id":"https:\/\/www.webdo.tn\/fr\/#website","url":"https:\/\/www.webdo.tn\/fr\/","name":"webdo","description":"Tunisie - News en Tunisie et \u00e0 l&#039;international sur Webdo.tn","publisher":{"@id":"https:\/\/www.webdo.tn\/fr\/#organization"},"potentialAction":[{"@type":"SearchAction","target":{"@type":"EntryPoint","urlTemplate":"https:\/\/www.webdo.tn\/fr\/?s={search_term_string}"},"query-input":{"@type":"PropertyValueSpecification","valueRequired":true,"valueName":"search_term_string"}}],"inLanguage":"fr-FR"},{"@type":"Organization","@id":"https:\/\/www.webdo.tn\/fr\/#organization","name":"Webdo","alternateName":"Webdo.tn","url":"https:\/\/www.webdo.tn\/fr\/","logo":{"@type":"ImageObject","inLanguage":"fr-FR","@id":"https:\/\/www.webdo.tn\/fr\/#\/schema\/logo\/image\/","url":"https:\/\/www.webdo.tn\/fr\/wp-content\/uploads\/2025\/06\/Webdo-Tunisie_168377.jpg","contentUrl":"https:\/\/www.webdo.tn\/fr\/wp-content\/uploads\/2025\/06\/Webdo-Tunisie_168377.jpg","width":301,"height":301,"caption":"Webdo"},"image":{"@id":"https:\/\/www.webdo.tn\/fr\/#\/schema\/logo\/image\/"},"sameAs":["https:\/\/www.facebook.com\/webdotn","https:\/\/x.com\/webdo_tn"],"description":"Webdo est un m\u00e9dia num\u00e9rique tunisien fond\u00e9 en 2010, sp\u00e9cialis\u00e9 dans l\u2019actualit\u00e9 nationale et internationale, l\u2019\u00e9conomie, la soci\u00e9t\u00e9 et les analyses politiques. Le site s\u2019adresse \u00e0 un large public francophone et couvre l\u2019information tunisienne en temps r\u00e9el.","email":"redac@webdo.tn","legalName":"YNJ SARL","foundingDate":"2010-09-06","numberOfEmployees":{"@type":"QuantitativeValue","minValue":"11","maxValue":"50"}},{"@type":"Person","@id":"https:\/\/www.webdo.tn\/fr\/#\/schema\/person\/2c4929cbf5a809e3bd38617c6ce150f6","name":"MC","image":{"@type":"ImageObject","inLanguage":"fr-FR","@id":"https:\/\/secure.gravatar.com\/avatar\/a545bbb6f84efdd5553dbbc2895e3ca8f1d12c5215e00a041c9670b54aa9b18a?s=96&d=mm&r=g","url":"https:\/\/secure.gravatar.com\/avatar\/a545bbb6f84efdd5553dbbc2895e3ca8f1d12c5215e00a041c9670b54aa9b18a?s=96&d=mm&r=g","contentUrl":"https:\/\/secure.gravatar.com\/avatar\/a545bbb6f84efdd5553dbbc2895e3ca8f1d12c5215e00a041c9670b54aa9b18a?s=96&d=mm&r=g","caption":"MC"},"url":"https:\/\/www.webdo.tn\/fr\/actualite\/author\/mc\/"}]}},"_links":{"self":[{"href":"https:\/\/www.webdo.tn\/fr\/wp-json\/wp\/v2\/posts\/208899","targetHints":{"allow":["GET"]}}],"collection":[{"href":"https:\/\/www.webdo.tn\/fr\/wp-json\/wp\/v2\/posts"}],"about":[{"href":"https:\/\/www.webdo.tn\/fr\/wp-json\/wp\/v2\/types\/post"}],"author":[{"embeddable":true,"href":"https:\/\/www.webdo.tn\/fr\/wp-json\/wp\/v2\/users\/3162"}],"replies":[{"embeddable":true,"href":"https:\/\/www.webdo.tn\/fr\/wp-json\/wp\/v2\/comments?post=208899"}],"version-history":[{"count":0,"href":"https:\/\/www.webdo.tn\/fr\/wp-json\/wp\/v2\/posts\/208899\/revisions"}],"wp:featuredmedia":[{"embeddable":true,"href":"https:\/\/www.webdo.tn\/fr\/wp-json\/wp\/v2\/media\/249232"}],"wp:attachment":[{"href":"https:\/\/www.webdo.tn\/fr\/wp-json\/wp\/v2\/media?parent=208899"}],"wp:term":[{"taxonomy":"category","embeddable":true,"href":"https:\/\/www.webdo.tn\/fr\/wp-json\/wp\/v2\/categories?post=208899"},{"taxonomy":"post_tag","embeddable":true,"href":"https:\/\/www.webdo.tn\/fr\/wp-json\/wp\/v2\/tags?post=208899"}],"curies":[{"name":"wp","href":"https:\/\/api.w.org\/{rel}","templated":true}]}}