{"id":208897,"date":"2023-09-25T13:02:00","date_gmt":"2023-09-25T13:02:00","guid":{"rendered":"https:\/\/www.webdo.tn\/fr\/blog\/le-stade-d-el-menzah-operationnel-a-partir-de-novembre-2024\/208897\/"},"modified":"2025-05-20T21:57:14","modified_gmt":"2025-05-20T21:57:14","slug":"le-stade-d-el-menzah-operationnel-a-partir-de-novembre-2024","status":"publish","type":"post","link":"https:\/\/www.webdo.tn\/fr\/actualite\/sport\/le-stade-d-el-menzah-operationnel-a-partir-de-novembre-2024\/208897\/","title":{"rendered":"Le Stade d\u2019El-Menzah op\u00e9rationnel \u00e0 partir de novembre 2024"},"content":{"rendered":"<p>Le Stade d\u2019El-Menzah sera pr\u00eat en novembre 2024, a annonc\u00e9 Kamel Deguiche d\u00e9mentant ainsi les rumeurs selon lesquelles les travaux sont \u00e0 l\u2019arr\u00eat.<\/p>\n<p>\t\t\t\t\t\t\t\t\tLe ministre de la Jeunesse et des Sport, Kamel Deguiche, est intervenu, ce lundi 25 septembre 2023 sur les ondes de Mosaique fm pour clarifier la situation quant aux informations selon lesquelles les travaux de r\u00e9novation du stade olympique d\u2019El-Menzah sont suspendus.<\/p>\n<p>Il a pr\u00e9cis\u00e9 que son d\u00e9partement a d\u00fb faire face \u00e0 des contraintes administratives d\u2019autant que le projet est g\u00e9r\u00e9 par le minist\u00e8re de l\u2019Equipement et celui de la Jeunesse et des sport mais que celles-ci ont \u00e9t\u00e9 surmont\u00e9es.<\/p>\n<p>Le ministre a soulign\u00e9 que les travaux avancent\u00a0 \u00e0 un rythme satisfaisant et que le stade d\u2019El-Menzah sera op\u00e9rationnel \u00e0 partir du mois de novembre 2024.<\/p>\n<p>Le projet de r\u00e9novation du stade olympique d&rsquo;El Menzah, qui date de 1967, ont \u00e9t\u00e9 entam\u00e9s le 10 juin 2022 moyennant une enveloppe de 100 millions de dinars.<\/p>\n<p>Les travaux engag\u00e9s concernent l&rsquo;am\u00e9nagement des espaces de la zone inf\u00e9rieures des gradins, l&rsquo;installation des nouveaux gradins et la consolidation de la structure du stade, outre la pose des structures m\u00e9talliques et la refonte des vestiaires.<\/p>\n","protected":false},"excerpt":{"rendered":"<p>Le Stade d\u2019El-Menzah sera pr\u00eat en novembre 2024, a annonc\u00e9 Kamel Deguiche d\u00e9mentant ainsi les rumeurs selon lesquelles les travaux sont \u00e0 l\u2019arr\u00eat.<\/p>\n","protected":false},"author":3162,"featured_media":249231,"comment_status":"open","ping_status":"closed","sticky":false,"template":"","format":"standard","meta":{"footnotes":""},"categories":[2593],"tags":[4823,3150,5754],"class_list":["post-208897","post","type-post","status-publish","format-standard","has-post-thumbnail","hentry","category-sport","tag-el-menzah","tag-renovation","tag-stade"],"yoast_head":"<!-- This site is optimized with the Yoast SEO Premium plugin v27.4 (Yoast SEO v27.5) - https:\/\/yoast.com\/product\/yoast-seo-premium-wordpress\/ -->\n<title>Le Stade d\u2019El-Menzah op\u00e9rationnel \u00e0 partir de novembre 2024<\/title>\n<meta name=\"description\" content=\"Le Stade d\u2019El-Menzah sera pr\u00eat en novembre 2024, a annonc\u00e9 Kamel Deguiche d\u00e9mentant ainsi les rumeurs selon lesquelles les travaux sont \u00e0 l\u2019arr\u00eat.\" \/>\n<link rel=\"canonical\" href=\"https:\/\/www.webdo.tn\/fr\/actualite\/sport\/le-stade-d-el-menzah-operationnel-a-partir-de-novembre-2024\/208897\/\" \/>\n<meta property=\"og:locale\" content=\"fr_FR\" \/>\n<meta property=\"og:type\" content=\"article\" \/>\n<meta property=\"og:title\" content=\"Le Stade d\u2019El-Menzah op\u00e9rationnel \u00e0 partir de novembre 2024\" \/>\n<meta property=\"og:description\" content=\"Le Stade d\u2019El-Menzah sera pr\u00eat en novembre 2024, a annonc\u00e9 Kamel Deguiche d\u00e9mentant ainsi les rumeurs selon lesquelles les travaux sont \u00e0 l\u2019arr\u00eat.\" \/>\n<meta property=\"og:url\" content=\"https:\/\/www.webdo.tn\/fr\/actualite\/sport\/le-stade-d-el-menzah-operationnel-a-partir-de-novembre-2024\/208897\/\" \/>\n<meta property=\"og:site_name\" content=\"webdo\" \/>\n<meta property=\"article:publisher\" content=\"https:\/\/www.facebook.com\/webdotn\" \/>\n<meta property=\"article:published_time\" content=\"2023-09-25T13:02:00+00:00\" \/>\n<meta property=\"article:modified_time\" content=\"2025-05-20T21:57:14+00:00\" \/>\n<meta property=\"og:image\" content=\"https:\/\/www.webdo.tn\/fr\/wp-content\/uploads\/2023\/09\/20b6f7241b2c535e0f21bb7730353c4b.jpg\" \/>\n\t<meta property=\"og:image:width\" content=\"750\" \/>\n\t<meta property=\"og:image:height\" content=\"400\" \/>\n\t<meta property=\"og:image:type\" content=\"image\/jpeg\" \/>\n<meta name=\"author\" content=\"MC\" \/>\n<meta name=\"twitter:card\" content=\"summary_large_image\" \/>\n<meta name=\"twitter:creator\" content=\"@webdo_tn\" \/>\n<meta name=\"twitter:site\" content=\"@webdo_tn\" \/>\n<meta name=\"twitter:label1\" content=\"\u00c9crit par\" \/>\n\t<meta name=\"twitter:data1\" content=\"MC\" \/>\n\t<meta name=\"twitter:label2\" content=\"Dur\u00e9e de lecture estim\u00e9e\" \/>\n\t<meta name=\"twitter:data2\" content=\"1 minute\" \/>\n<script type=\"application\/ld+json\" class=\"yoast-schema-graph\">{\"@context\":\"https:\\\/\\\/schema.org\",\"@graph\":[{\"@type\":\"NewsArticle\",\"@id\":\"https:\\\/\\\/www.webdo.tn\\\/fr\\\/actualite\\\/sport\\\/le-stade-d-el-menzah-operationnel-a-partir-de-novembre-2024\\\/208897\\\/#article\",\"isPartOf\":{\"@id\":\"https:\\\/\\\/www.webdo.tn\\\/fr\\\/actualite\\\/sport\\\/le-stade-d-el-menzah-operationnel-a-partir-de-novembre-2024\\\/208897\\\/\"},\"author\":{\"name\":\"MC\",\"@id\":\"https:\\\/\\\/www.webdo.tn\\\/fr\\\/#\\\/schema\\\/person\\\/2c4929cbf5a809e3bd38617c6ce150f6\"},\"headline\":\"Le Stade d\u2019El-Menzah op\u00e9rationnel \u00e0 partir de novembre 2024\",\"datePublished\":\"2023-09-25T13:02:00+00:00\",\"dateModified\":\"2025-05-20T21:57:14+00:00\",\"mainEntityOfPage\":{\"@id\":\"https:\\\/\\\/www.webdo.tn\\\/fr\\\/actualite\\\/sport\\\/le-stade-d-el-menzah-operationnel-a-partir-de-novembre-2024\\\/208897\\\/\"},\"wordCount\":216,\"commentCount\":0,\"publisher\":{\"@id\":\"https:\\\/\\\/www.webdo.tn\\\/fr\\\/#organization\"},\"image\":{\"@id\":\"https:\\\/\\\/www.webdo.tn\\\/fr\\\/actualite\\\/sport\\\/le-stade-d-el-menzah-operationnel-a-partir-de-novembre-2024\\\/208897\\\/#primaryimage\"},\"thumbnailUrl\":\"https:\\\/\\\/www.webdo.tn\\\/fr\\\/wp-content\\\/uploads\\\/2023\\\/09\\\/20b6f7241b2c535e0f21bb7730353c4b.jpg\",\"keywords\":[\"El Menzah\",\"r\u00e9novation\",\"stade\"],\"articleSection\":[\"Sport\"],\"inLanguage\":\"fr-FR\"},{\"@type\":\"WebPage\",\"@id\":\"https:\\\/\\\/www.webdo.tn\\\/fr\\\/actualite\\\/sport\\\/le-stade-d-el-menzah-operationnel-a-partir-de-novembre-2024\\\/208897\\\/\",\"url\":\"https:\\\/\\\/www.webdo.tn\\\/fr\\\/actualite\\\/sport\\\/le-stade-d-el-menzah-operationnel-a-partir-de-novembre-2024\\\/208897\\\/\",\"name\":\"Le Stade d\u2019El-Menzah op\u00e9rationnel \u00e0 partir de novembre 2024\",\"isPartOf\":{\"@id\":\"https:\\\/\\\/www.webdo.tn\\\/fr\\\/#website\"},\"primaryImageOfPage\":{\"@id\":\"https:\\\/\\\/www.webdo.tn\\\/fr\\\/actualite\\\/sport\\\/le-stade-d-el-menzah-operationnel-a-partir-de-novembre-2024\\\/208897\\\/#primaryimage\"},\"image\":{\"@id\":\"https:\\\/\\\/www.webdo.tn\\\/fr\\\/actualite\\\/sport\\\/le-stade-d-el-menzah-operationnel-a-partir-de-novembre-2024\\\/208897\\\/#primaryimage\"},\"thumbnailUrl\":\"https:\\\/\\\/www.webdo.tn\\\/fr\\\/wp-content\\\/uploads\\\/2023\\\/09\\\/20b6f7241b2c535e0f21bb7730353c4b.jpg\",\"datePublished\":\"2023-09-25T13:02:00+00:00\",\"dateModified\":\"2025-05-20T21:57:14+00:00\",\"description\":\"Le Stade d\u2019El-Menzah sera pr\u00eat en novembre 2024, a annonc\u00e9 Kamel Deguiche d\u00e9mentant ainsi les rumeurs selon lesquelles les travaux sont \u00e0 l\u2019arr\u00eat.\",\"breadcrumb\":{\"@id\":\"https:\\\/\\\/www.webdo.tn\\\/fr\\\/actualite\\\/sport\\\/le-stade-d-el-menzah-operationnel-a-partir-de-novembre-2024\\\/208897\\\/#breadcrumb\"},\"inLanguage\":\"fr-FR\",\"potentialAction\":[{\"@type\":\"ReadAction\",\"target\":[\"https:\\\/\\\/www.webdo.tn\\\/fr\\\/actualite\\\/sport\\\/le-stade-d-el-menzah-operationnel-a-partir-de-novembre-2024\\\/208897\\\/\"]}]},{\"@type\":\"ImageObject\",\"inLanguage\":\"fr-FR\",\"@id\":\"https:\\\/\\\/www.webdo.tn\\\/fr\\\/actualite\\\/sport\\\/le-stade-d-el-menzah-operationnel-a-partir-de-novembre-2024\\\/208897\\\/#primaryimage\",\"url\":\"https:\\\/\\\/www.webdo.tn\\\/fr\\\/wp-content\\\/uploads\\\/2023\\\/09\\\/20b6f7241b2c535e0f21bb7730353c4b.jpg\",\"contentUrl\":\"https:\\\/\\\/www.webdo.tn\\\/fr\\\/wp-content\\\/uploads\\\/2023\\\/09\\\/20b6f7241b2c535e0f21bb7730353c4b.jpg\",\"width\":750,\"height\":400,\"caption\":\"Le Stade d\u2019El-Menzah op\u00e9rationnel \u00e0 partir de novembre 2024\"},{\"@type\":\"BreadcrumbList\",\"@id\":\"https:\\\/\\\/www.webdo.tn\\\/fr\\\/actualite\\\/sport\\\/le-stade-d-el-menzah-operationnel-a-partir-de-novembre-2024\\\/208897\\\/#breadcrumb\",\"itemListElement\":[{\"@type\":\"ListItem\",\"position\":1,\"name\":\"Accueil\",\"item\":\"https:\\\/\\\/www.webdo.tn\\\/fr\\\/\"},{\"@type\":\"ListItem\",\"position\":2,\"name\":\"Le Stade d\u2019El-Menzah op\u00e9rationnel \u00e0 partir de novembre 2024\"}]},{\"@type\":\"WebSite\",\"@id\":\"https:\\\/\\\/www.webdo.tn\\\/fr\\\/#website\",\"url\":\"https:\\\/\\\/www.webdo.tn\\\/fr\\\/\",\"name\":\"webdo\",\"description\":\"Tunisie - News en Tunisie et \u00e0 l&#039;international sur Webdo.tn\",\"publisher\":{\"@id\":\"https:\\\/\\\/www.webdo.tn\\\/fr\\\/#organization\"},\"potentialAction\":[{\"@type\":\"SearchAction\",\"target\":{\"@type\":\"EntryPoint\",\"urlTemplate\":\"https:\\\/\\\/www.webdo.tn\\\/fr\\\/?s={search_term_string}\"},\"query-input\":{\"@type\":\"PropertyValueSpecification\",\"valueRequired\":true,\"valueName\":\"search_term_string\"}}],\"inLanguage\":\"fr-FR\"},{\"@type\":\"Organization\",\"@id\":\"https:\\\/\\\/www.webdo.tn\\\/fr\\\/#organization\",\"name\":\"Webdo\",\"alternateName\":\"Webdo.tn\",\"url\":\"https:\\\/\\\/www.webdo.tn\\\/fr\\\/\",\"logo\":{\"@type\":\"ImageObject\",\"inLanguage\":\"fr-FR\",\"@id\":\"https:\\\/\\\/www.webdo.tn\\\/fr\\\/#\\\/schema\\\/logo\\\/image\\\/\",\"url\":\"https:\\\/\\\/www.webdo.tn\\\/fr\\\/wp-content\\\/uploads\\\/2025\\\/06\\\/Webdo-Tunisie_168377.jpg\",\"contentUrl\":\"https:\\\/\\\/www.webdo.tn\\\/fr\\\/wp-content\\\/uploads\\\/2025\\\/06\\\/Webdo-Tunisie_168377.jpg\",\"width\":301,\"height\":301,\"caption\":\"Webdo\"},\"image\":{\"@id\":\"https:\\\/\\\/www.webdo.tn\\\/fr\\\/#\\\/schema\\\/logo\\\/image\\\/\"},\"sameAs\":[\"https:\\\/\\\/www.facebook.com\\\/webdotn\",\"https:\\\/\\\/x.com\\\/webdo_tn\"],\"description\":\"Webdo est un m\u00e9dia num\u00e9rique tunisien fond\u00e9 en 2010, sp\u00e9cialis\u00e9 dans l\u2019actualit\u00e9 nationale et internationale, l\u2019\u00e9conomie, la soci\u00e9t\u00e9 et les analyses politiques. Le site s\u2019adresse \u00e0 un large public francophone et couvre l\u2019information tunisienne en temps r\u00e9el.\",\"email\":\"redac@webdo.tn\",\"legalName\":\"YNJ SARL\",\"foundingDate\":\"2010-09-06\",\"numberOfEmployees\":{\"@type\":\"QuantitativeValue\",\"minValue\":\"11\",\"maxValue\":\"50\"}},{\"@type\":\"Person\",\"@id\":\"https:\\\/\\\/www.webdo.tn\\\/fr\\\/#\\\/schema\\\/person\\\/2c4929cbf5a809e3bd38617c6ce150f6\",\"name\":\"MC\",\"image\":{\"@type\":\"ImageObject\",\"inLanguage\":\"fr-FR\",\"@id\":\"https:\\\/\\\/secure.gravatar.com\\\/avatar\\\/a545bbb6f84efdd5553dbbc2895e3ca8f1d12c5215e00a041c9670b54aa9b18a?s=96&d=mm&r=g\",\"url\":\"https:\\\/\\\/secure.gravatar.com\\\/avatar\\\/a545bbb6f84efdd5553dbbc2895e3ca8f1d12c5215e00a041c9670b54aa9b18a?s=96&d=mm&r=g\",\"contentUrl\":\"https:\\\/\\\/secure.gravatar.com\\\/avatar\\\/a545bbb6f84efdd5553dbbc2895e3ca8f1d12c5215e00a041c9670b54aa9b18a?s=96&d=mm&r=g\",\"caption\":\"MC\"},\"url\":\"https:\\\/\\\/www.webdo.tn\\\/fr\\\/actualite\\\/author\\\/mc\\\/\"}]}<\/script>\n<!-- \/ Yoast SEO Premium plugin. -->","yoast_head_json":{"title":"Le Stade d\u2019El-Menzah op\u00e9rationnel \u00e0 partir de novembre 2024","description":"Le Stade d\u2019El-Menzah sera pr\u00eat en novembre 2024, a annonc\u00e9 Kamel Deguiche d\u00e9mentant ainsi les rumeurs selon lesquelles les travaux sont \u00e0 l\u2019arr\u00eat.","canonical":"https:\/\/www.webdo.tn\/fr\/actualite\/sport\/le-stade-d-el-menzah-operationnel-a-partir-de-novembre-2024\/208897\/","og_locale":"fr_FR","og_type":"article","og_title":"Le Stade d\u2019El-Menzah op\u00e9rationnel \u00e0 partir de novembre 2024","og_description":"Le Stade d\u2019El-Menzah sera pr\u00eat en novembre 2024, a annonc\u00e9 Kamel Deguiche d\u00e9mentant ainsi les rumeurs selon lesquelles les travaux sont \u00e0 l\u2019arr\u00eat.","og_url":"https:\/\/www.webdo.tn\/fr\/actualite\/sport\/le-stade-d-el-menzah-operationnel-a-partir-de-novembre-2024\/208897\/","og_site_name":"webdo","article_publisher":"https:\/\/www.facebook.com\/webdotn","article_published_time":"2023-09-25T13:02:00+00:00","article_modified_time":"2025-05-20T21:57:14+00:00","og_image":[{"width":750,"height":400,"url":"https:\/\/www.webdo.tn\/fr\/wp-content\/uploads\/2023\/09\/20b6f7241b2c535e0f21bb7730353c4b.jpg","type":"image\/jpeg"}],"author":"MC","twitter_card":"summary_large_image","twitter_creator":"@webdo_tn","twitter_site":"@webdo_tn","twitter_misc":{"\u00c9crit par":"MC","Dur\u00e9e de lecture estim\u00e9e":"1 minute"},"schema":{"@context":"https:\/\/schema.org","@graph":[{"@type":"NewsArticle","@id":"https:\/\/www.webdo.tn\/fr\/actualite\/sport\/le-stade-d-el-menzah-operationnel-a-partir-de-novembre-2024\/208897\/#article","isPartOf":{"@id":"https:\/\/www.webdo.tn\/fr\/actualite\/sport\/le-stade-d-el-menzah-operationnel-a-partir-de-novembre-2024\/208897\/"},"author":{"name":"MC","@id":"https:\/\/www.webdo.tn\/fr\/#\/schema\/person\/2c4929cbf5a809e3bd38617c6ce150f6"},"headline":"Le Stade d\u2019El-Menzah op\u00e9rationnel \u00e0 partir de novembre 2024","datePublished":"2023-09-25T13:02:00+00:00","dateModified":"2025-05-20T21:57:14+00:00","mainEntityOfPage":{"@id":"https:\/\/www.webdo.tn\/fr\/actualite\/sport\/le-stade-d-el-menzah-operationnel-a-partir-de-novembre-2024\/208897\/"},"wordCount":216,"commentCount":0,"publisher":{"@id":"https:\/\/www.webdo.tn\/fr\/#organization"},"image":{"@id":"https:\/\/www.webdo.tn\/fr\/actualite\/sport\/le-stade-d-el-menzah-operationnel-a-partir-de-novembre-2024\/208897\/#primaryimage"},"thumbnailUrl":"https:\/\/www.webdo.tn\/fr\/wp-content\/uploads\/2023\/09\/20b6f7241b2c535e0f21bb7730353c4b.jpg","keywords":["El Menzah","r\u00e9novation","stade"],"articleSection":["Sport"],"inLanguage":"fr-FR"},{"@type":"WebPage","@id":"https:\/\/www.webdo.tn\/fr\/actualite\/sport\/le-stade-d-el-menzah-operationnel-a-partir-de-novembre-2024\/208897\/","url":"https:\/\/www.webdo.tn\/fr\/actualite\/sport\/le-stade-d-el-menzah-operationnel-a-partir-de-novembre-2024\/208897\/","name":"Le Stade d\u2019El-Menzah op\u00e9rationnel \u00e0 partir de novembre 2024","isPartOf":{"@id":"https:\/\/www.webdo.tn\/fr\/#website"},"primaryImageOfPage":{"@id":"https:\/\/www.webdo.tn\/fr\/actualite\/sport\/le-stade-d-el-menzah-operationnel-a-partir-de-novembre-2024\/208897\/#primaryimage"},"image":{"@id":"https:\/\/www.webdo.tn\/fr\/actualite\/sport\/le-stade-d-el-menzah-operationnel-a-partir-de-novembre-2024\/208897\/#primaryimage"},"thumbnailUrl":"https:\/\/www.webdo.tn\/fr\/wp-content\/uploads\/2023\/09\/20b6f7241b2c535e0f21bb7730353c4b.jpg","datePublished":"2023-09-25T13:02:00+00:00","dateModified":"2025-05-20T21:57:14+00:00","description":"Le Stade d\u2019El-Menzah sera pr\u00eat en novembre 2024, a annonc\u00e9 Kamel Deguiche d\u00e9mentant ainsi les rumeurs selon lesquelles les travaux sont \u00e0 l\u2019arr\u00eat.","breadcrumb":{"@id":"https:\/\/www.webdo.tn\/fr\/actualite\/sport\/le-stade-d-el-menzah-operationnel-a-partir-de-novembre-2024\/208897\/#breadcrumb"},"inLanguage":"fr-FR","potentialAction":[{"@type":"ReadAction","target":["https:\/\/www.webdo.tn\/fr\/actualite\/sport\/le-stade-d-el-menzah-operationnel-a-partir-de-novembre-2024\/208897\/"]}]},{"@type":"ImageObject","inLanguage":"fr-FR","@id":"https:\/\/www.webdo.tn\/fr\/actualite\/sport\/le-stade-d-el-menzah-operationnel-a-partir-de-novembre-2024\/208897\/#primaryimage","url":"https:\/\/www.webdo.tn\/fr\/wp-content\/uploads\/2023\/09\/20b6f7241b2c535e0f21bb7730353c4b.jpg","contentUrl":"https:\/\/www.webdo.tn\/fr\/wp-content\/uploads\/2023\/09\/20b6f7241b2c535e0f21bb7730353c4b.jpg","width":750,"height":400,"caption":"Le Stade d\u2019El-Menzah op\u00e9rationnel \u00e0 partir de novembre 2024"},{"@type":"BreadcrumbList","@id":"https:\/\/www.webdo.tn\/fr\/actualite\/sport\/le-stade-d-el-menzah-operationnel-a-partir-de-novembre-2024\/208897\/#breadcrumb","itemListElement":[{"@type":"ListItem","position":1,"name":"Accueil","item":"https:\/\/www.webdo.tn\/fr\/"},{"@type":"ListItem","position":2,"name":"Le Stade d\u2019El-Menzah op\u00e9rationnel \u00e0 partir de novembre 2024"}]},{"@type":"WebSite","@id":"https:\/\/www.webdo.tn\/fr\/#website","url":"https:\/\/www.webdo.tn\/fr\/","name":"webdo","description":"Tunisie - News en Tunisie et \u00e0 l&#039;international sur Webdo.tn","publisher":{"@id":"https:\/\/www.webdo.tn\/fr\/#organization"},"potentialAction":[{"@type":"SearchAction","target":{"@type":"EntryPoint","urlTemplate":"https:\/\/www.webdo.tn\/fr\/?s={search_term_string}"},"query-input":{"@type":"PropertyValueSpecification","valueRequired":true,"valueName":"search_term_string"}}],"inLanguage":"fr-FR"},{"@type":"Organization","@id":"https:\/\/www.webdo.tn\/fr\/#organization","name":"Webdo","alternateName":"Webdo.tn","url":"https:\/\/www.webdo.tn\/fr\/","logo":{"@type":"ImageObject","inLanguage":"fr-FR","@id":"https:\/\/www.webdo.tn\/fr\/#\/schema\/logo\/image\/","url":"https:\/\/www.webdo.tn\/fr\/wp-content\/uploads\/2025\/06\/Webdo-Tunisie_168377.jpg","contentUrl":"https:\/\/www.webdo.tn\/fr\/wp-content\/uploads\/2025\/06\/Webdo-Tunisie_168377.jpg","width":301,"height":301,"caption":"Webdo"},"image":{"@id":"https:\/\/www.webdo.tn\/fr\/#\/schema\/logo\/image\/"},"sameAs":["https:\/\/www.facebook.com\/webdotn","https:\/\/x.com\/webdo_tn"],"description":"Webdo est un m\u00e9dia num\u00e9rique tunisien fond\u00e9 en 2010, sp\u00e9cialis\u00e9 dans l\u2019actualit\u00e9 nationale et internationale, l\u2019\u00e9conomie, la soci\u00e9t\u00e9 et les analyses politiques. Le site s\u2019adresse \u00e0 un large public francophone et couvre l\u2019information tunisienne en temps r\u00e9el.","email":"redac@webdo.tn","legalName":"YNJ SARL","foundingDate":"2010-09-06","numberOfEmployees":{"@type":"QuantitativeValue","minValue":"11","maxValue":"50"}},{"@type":"Person","@id":"https:\/\/www.webdo.tn\/fr\/#\/schema\/person\/2c4929cbf5a809e3bd38617c6ce150f6","name":"MC","image":{"@type":"ImageObject","inLanguage":"fr-FR","@id":"https:\/\/secure.gravatar.com\/avatar\/a545bbb6f84efdd5553dbbc2895e3ca8f1d12c5215e00a041c9670b54aa9b18a?s=96&d=mm&r=g","url":"https:\/\/secure.gravatar.com\/avatar\/a545bbb6f84efdd5553dbbc2895e3ca8f1d12c5215e00a041c9670b54aa9b18a?s=96&d=mm&r=g","contentUrl":"https:\/\/secure.gravatar.com\/avatar\/a545bbb6f84efdd5553dbbc2895e3ca8f1d12c5215e00a041c9670b54aa9b18a?s=96&d=mm&r=g","caption":"MC"},"url":"https:\/\/www.webdo.tn\/fr\/actualite\/author\/mc\/"}]}},"_links":{"self":[{"href":"https:\/\/www.webdo.tn\/fr\/wp-json\/wp\/v2\/posts\/208897","targetHints":{"allow":["GET"]}}],"collection":[{"href":"https:\/\/www.webdo.tn\/fr\/wp-json\/wp\/v2\/posts"}],"about":[{"href":"https:\/\/www.webdo.tn\/fr\/wp-json\/wp\/v2\/types\/post"}],"author":[{"embeddable":true,"href":"https:\/\/www.webdo.tn\/fr\/wp-json\/wp\/v2\/users\/3162"}],"replies":[{"embeddable":true,"href":"https:\/\/www.webdo.tn\/fr\/wp-json\/wp\/v2\/comments?post=208897"}],"version-history":[{"count":0,"href":"https:\/\/www.webdo.tn\/fr\/wp-json\/wp\/v2\/posts\/208897\/revisions"}],"wp:featuredmedia":[{"embeddable":true,"href":"https:\/\/www.webdo.tn\/fr\/wp-json\/wp\/v2\/media\/249231"}],"wp:attachment":[{"href":"https:\/\/www.webdo.tn\/fr\/wp-json\/wp\/v2\/media?parent=208897"}],"wp:term":[{"taxonomy":"category","embeddable":true,"href":"https:\/\/www.webdo.tn\/fr\/wp-json\/wp\/v2\/categories?post=208897"},{"taxonomy":"post_tag","embeddable":true,"href":"https:\/\/www.webdo.tn\/fr\/wp-json\/wp\/v2\/tags?post=208897"}],"curies":[{"name":"wp","href":"https:\/\/api.w.org\/{rel}","templated":true}]}}