{"id":208874,"date":"2023-09-23T10:49:00","date_gmt":"2023-09-23T10:49:00","guid":{"rendered":"https:\/\/www.webdo.tn\/fr\/blog\/a-new-york-nabil-ammar-s-entretient-avec-antonio-guterres\/208874\/"},"modified":"2025-05-20T21:57:18","modified_gmt":"2025-05-20T21:57:18","slug":"a-new-york-nabil-ammar-s-entretient-avec-antonio-guterres","status":"publish","type":"post","link":"https:\/\/www.webdo.tn\/fr\/actualite\/national\/a-new-york-nabil-ammar-s-entretient-avec-antonio-guterres\/208874\/","title":{"rendered":"A New York, Nabil Ammar s\u2019entretient avec Antonio Guterres"},"content":{"rendered":"<p>Le ministre des Affaires \u00e9trang\u00e8res Nabil Ammar s\u2019est entretenu, hier, \u00e0 New York avec le secr\u00e9taire g\u00e9n\u00e9ral de l&rsquo;ONU, Antonio Guterres en marge des travaux du Segment de haut niveau de la 78e session de l&rsquo;Assembl\u00e9e g\u00e9n\u00e9rale des Nations Unies.<\/p>\n<p>\t\t\t\t\t\t\t\t\tAu cours de cette rencontre, ont \u00e9t\u00e9 \u00e9voqu\u00e9es les questions internationales de l&rsquo;heure et les crises, que traverse le monde d&rsquo;aujourd&rsquo;hui et leurs r\u00e9percussions sur les pays en voie de d\u00e9veloppement.<\/p>\n<p>Les deux parties ont pris acte de la concordance des vues sur le besoin de mettre en place de nouvelles approches bas\u00e9es sur la solidarit\u00e9 et qui s&rsquo;attaquent aux racines des probl\u00e8mes.<\/p>\n<p>Des approches bas\u00e9es, \u00e9galement, sur la justice dans la lutte contre les diff\u00e9rents d\u00e9fis qui se posent, en particulier dans le domaine du d\u00e9veloppement durable, lit-on dans un communiqu\u00e9 du d\u00e9partement des Affaires \u00e9trang\u00e8res publi\u00e9 ce samedi 23 septembre 2023.<\/p>\n<p>Nabil Ammar a r\u00e9it\u00e9r\u00e9 l&rsquo;engagement de la Tunisie et sa profonde conviction dans les principes et la charte des Nations Unies, rappelant l&rsquo;appel de la Tunisie \u00e0 r\u00e9former l&rsquo;institution financi\u00e8re internationale en tenant compte des grandes mutations qu&rsquo;a connues le monde.<\/p>\n<p>De son c\u00f4t\u00e9, le secr\u00e9taire g\u00e9n\u00e9ral de l&rsquo;ONU a r\u00e9affirm\u00e9 son soutien \u00e0 la Tunisie, saluant ses positions et ses contributions au traitement des questions inscrites \u00e0 l&rsquo;ordre du jour des travaux de l&rsquo;organisation.<\/p>\n","protected":false},"excerpt":{"rendered":"<p>Le ministre des Affaires \u00e9trang\u00e8res Nabil Ammar s\u2019est entretenu, hier, \u00e0 New York avec le secr\u00e9taire g\u00e9n\u00e9ral de l&rsquo;ONU, Antonio Guterres en marge des travaux du&#8230;<\/p>\n","protected":false},"author":3162,"featured_media":249254,"comment_status":"open","ping_status":"closed","sticky":false,"template":"","format":"standard","meta":{"footnotes":""},"categories":[44],"tags":[7900,5912,3296],"class_list":["post-208874","post","type-post","status-publish","format-standard","has-post-thumbnail","hentry","category-national","tag-antonio-guterres","tag-nabil-ammar","tag-onu"],"yoast_head":"<!-- This site is optimized with the Yoast SEO Premium plugin v27.5 (Yoast SEO v27.5) - https:\/\/yoast.com\/product\/yoast-seo-premium-wordpress\/ -->\n<title>A New York, Nabil Ammar s\u2019entretient avec Antonio Guterres<\/title>\n<meta name=\"description\" content=\"Le ministre des Affaires \u00e9trang\u00e8res Nabil Ammar s\u2019est entretenu, hier, \u00e0 New York avec le secr\u00e9taire g\u00e9n\u00e9ral de l&#039;ONU, Antonio Guterres en marge des travaux du...\" \/>\n<link rel=\"canonical\" href=\"https:\/\/www.webdo.tn\/fr\/actualite\/national\/a-new-york-nabil-ammar-s-entretient-avec-antonio-guterres\/208874\/\" \/>\n<meta property=\"og:locale\" content=\"fr_FR\" \/>\n<meta property=\"og:type\" content=\"article\" \/>\n<meta property=\"og:title\" content=\"A New York, Nabil Ammar s\u2019entretient avec Antonio Guterres\" \/>\n<meta property=\"og:description\" content=\"Le ministre des Affaires \u00e9trang\u00e8res Nabil Ammar s\u2019est entretenu, hier, \u00e0 New York avec le secr\u00e9taire g\u00e9n\u00e9ral de l&#039;ONU, Antonio Guterres en marge des travaux du...\" \/>\n<meta property=\"og:url\" content=\"https:\/\/www.webdo.tn\/fr\/actualite\/national\/a-new-york-nabil-ammar-s-entretient-avec-antonio-guterres\/208874\/\" \/>\n<meta property=\"og:site_name\" content=\"webdo\" \/>\n<meta property=\"article:publisher\" content=\"https:\/\/www.facebook.com\/webdotn\" \/>\n<meta property=\"article:published_time\" content=\"2023-09-23T10:49:00+00:00\" \/>\n<meta property=\"article:modified_time\" content=\"2025-05-20T21:57:18+00:00\" \/>\n<meta property=\"og:image\" content=\"https:\/\/www.webdo.tn\/fr\/wp-content\/uploads\/2023\/09\/be59ea83c93673d3053567ac9c0f9067.jpg\" \/>\n\t<meta property=\"og:image:width\" content=\"750\" \/>\n\t<meta property=\"og:image:height\" content=\"400\" \/>\n\t<meta property=\"og:image:type\" content=\"image\/jpeg\" \/>\n<meta name=\"author\" content=\"MC\" \/>\n<meta name=\"twitter:card\" content=\"summary_large_image\" \/>\n<meta name=\"twitter:creator\" content=\"@webdo_tn\" \/>\n<meta name=\"twitter:site\" content=\"@webdo_tn\" \/>\n<meta name=\"twitter:label1\" content=\"\u00c9crit par\" \/>\n\t<meta name=\"twitter:data1\" content=\"MC\" \/>\n\t<meta name=\"twitter:label2\" content=\"Dur\u00e9e de lecture estim\u00e9e\" \/>\n\t<meta name=\"twitter:data2\" content=\"1 minute\" \/>\n<script type=\"application\/ld+json\" class=\"yoast-schema-graph\">{\"@context\":\"https:\\\/\\\/schema.org\",\"@graph\":[{\"@type\":\"NewsArticle\",\"@id\":\"https:\\\/\\\/www.webdo.tn\\\/fr\\\/actualite\\\/national\\\/a-new-york-nabil-ammar-s-entretient-avec-antonio-guterres\\\/208874\\\/#article\",\"isPartOf\":{\"@id\":\"https:\\\/\\\/www.webdo.tn\\\/fr\\\/actualite\\\/national\\\/a-new-york-nabil-ammar-s-entretient-avec-antonio-guterres\\\/208874\\\/\"},\"author\":{\"name\":\"MC\",\"@id\":\"https:\\\/\\\/www.webdo.tn\\\/fr\\\/#\\\/schema\\\/person\\\/2c4929cbf5a809e3bd38617c6ce150f6\"},\"headline\":\"A New York, Nabil Ammar s\u2019entretient avec Antonio Guterres\",\"datePublished\":\"2023-09-23T10:49:00+00:00\",\"dateModified\":\"2025-05-20T21:57:18+00:00\",\"mainEntityOfPage\":{\"@id\":\"https:\\\/\\\/www.webdo.tn\\\/fr\\\/actualite\\\/national\\\/a-new-york-nabil-ammar-s-entretient-avec-antonio-guterres\\\/208874\\\/\"},\"wordCount\":263,\"commentCount\":0,\"publisher\":{\"@id\":\"https:\\\/\\\/www.webdo.tn\\\/fr\\\/#organization\"},\"image\":{\"@id\":\"https:\\\/\\\/www.webdo.tn\\\/fr\\\/actualite\\\/national\\\/a-new-york-nabil-ammar-s-entretient-avec-antonio-guterres\\\/208874\\\/#primaryimage\"},\"thumbnailUrl\":\"https:\\\/\\\/www.webdo.tn\\\/fr\\\/wp-content\\\/uploads\\\/2023\\\/09\\\/be59ea83c93673d3053567ac9c0f9067.jpg\",\"keywords\":[\"Antonio Guterres\",\"Nabil Ammar\",\"ONU\"],\"articleSection\":[\"National\"],\"inLanguage\":\"fr-FR\"},{\"@type\":\"WebPage\",\"@id\":\"https:\\\/\\\/www.webdo.tn\\\/fr\\\/actualite\\\/national\\\/a-new-york-nabil-ammar-s-entretient-avec-antonio-guterres\\\/208874\\\/\",\"url\":\"https:\\\/\\\/www.webdo.tn\\\/fr\\\/actualite\\\/national\\\/a-new-york-nabil-ammar-s-entretient-avec-antonio-guterres\\\/208874\\\/\",\"name\":\"A New York, Nabil Ammar s\u2019entretient avec Antonio Guterres\",\"isPartOf\":{\"@id\":\"https:\\\/\\\/www.webdo.tn\\\/fr\\\/#website\"},\"primaryImageOfPage\":{\"@id\":\"https:\\\/\\\/www.webdo.tn\\\/fr\\\/actualite\\\/national\\\/a-new-york-nabil-ammar-s-entretient-avec-antonio-guterres\\\/208874\\\/#primaryimage\"},\"image\":{\"@id\":\"https:\\\/\\\/www.webdo.tn\\\/fr\\\/actualite\\\/national\\\/a-new-york-nabil-ammar-s-entretient-avec-antonio-guterres\\\/208874\\\/#primaryimage\"},\"thumbnailUrl\":\"https:\\\/\\\/www.webdo.tn\\\/fr\\\/wp-content\\\/uploads\\\/2023\\\/09\\\/be59ea83c93673d3053567ac9c0f9067.jpg\",\"datePublished\":\"2023-09-23T10:49:00+00:00\",\"dateModified\":\"2025-05-20T21:57:18+00:00\",\"description\":\"Le ministre des Affaires \u00e9trang\u00e8res Nabil Ammar s\u2019est entretenu, hier, \u00e0 New York avec le secr\u00e9taire g\u00e9n\u00e9ral de l'ONU, Antonio Guterres en marge des travaux du...\",\"breadcrumb\":{\"@id\":\"https:\\\/\\\/www.webdo.tn\\\/fr\\\/actualite\\\/national\\\/a-new-york-nabil-ammar-s-entretient-avec-antonio-guterres\\\/208874\\\/#breadcrumb\"},\"inLanguage\":\"fr-FR\",\"potentialAction\":[{\"@type\":\"ReadAction\",\"target\":[\"https:\\\/\\\/www.webdo.tn\\\/fr\\\/actualite\\\/national\\\/a-new-york-nabil-ammar-s-entretient-avec-antonio-guterres\\\/208874\\\/\"]}]},{\"@type\":\"ImageObject\",\"inLanguage\":\"fr-FR\",\"@id\":\"https:\\\/\\\/www.webdo.tn\\\/fr\\\/actualite\\\/national\\\/a-new-york-nabil-ammar-s-entretient-avec-antonio-guterres\\\/208874\\\/#primaryimage\",\"url\":\"https:\\\/\\\/www.webdo.tn\\\/fr\\\/wp-content\\\/uploads\\\/2023\\\/09\\\/be59ea83c93673d3053567ac9c0f9067.jpg\",\"contentUrl\":\"https:\\\/\\\/www.webdo.tn\\\/fr\\\/wp-content\\\/uploads\\\/2023\\\/09\\\/be59ea83c93673d3053567ac9c0f9067.jpg\",\"width\":750,\"height\":400,\"caption\":\"A New York, Nabil Ammar s\u2019entretient avec Antonio Guterres\"},{\"@type\":\"BreadcrumbList\",\"@id\":\"https:\\\/\\\/www.webdo.tn\\\/fr\\\/actualite\\\/national\\\/a-new-york-nabil-ammar-s-entretient-avec-antonio-guterres\\\/208874\\\/#breadcrumb\",\"itemListElement\":[{\"@type\":\"ListItem\",\"position\":1,\"name\":\"Accueil\",\"item\":\"https:\\\/\\\/www.webdo.tn\\\/fr\\\/\"},{\"@type\":\"ListItem\",\"position\":2,\"name\":\"A New York, Nabil Ammar s\u2019entretient avec Antonio Guterres\"}]},{\"@type\":\"WebSite\",\"@id\":\"https:\\\/\\\/www.webdo.tn\\\/fr\\\/#website\",\"url\":\"https:\\\/\\\/www.webdo.tn\\\/fr\\\/\",\"name\":\"webdo\",\"description\":\"Tunisie - News en Tunisie et \u00e0 l&#039;international sur Webdo.tn\",\"publisher\":{\"@id\":\"https:\\\/\\\/www.webdo.tn\\\/fr\\\/#organization\"},\"potentialAction\":[{\"@type\":\"SearchAction\",\"target\":{\"@type\":\"EntryPoint\",\"urlTemplate\":\"https:\\\/\\\/www.webdo.tn\\\/fr\\\/?s={search_term_string}\"},\"query-input\":{\"@type\":\"PropertyValueSpecification\",\"valueRequired\":true,\"valueName\":\"search_term_string\"}}],\"inLanguage\":\"fr-FR\"},{\"@type\":\"Organization\",\"@id\":\"https:\\\/\\\/www.webdo.tn\\\/fr\\\/#organization\",\"name\":\"Webdo\",\"alternateName\":\"Webdo.tn\",\"url\":\"https:\\\/\\\/www.webdo.tn\\\/fr\\\/\",\"logo\":{\"@type\":\"ImageObject\",\"inLanguage\":\"fr-FR\",\"@id\":\"https:\\\/\\\/www.webdo.tn\\\/fr\\\/#\\\/schema\\\/logo\\\/image\\\/\",\"url\":\"https:\\\/\\\/www.webdo.tn\\\/fr\\\/wp-content\\\/uploads\\\/2025\\\/06\\\/Webdo-Tunisie_168377.jpg\",\"contentUrl\":\"https:\\\/\\\/www.webdo.tn\\\/fr\\\/wp-content\\\/uploads\\\/2025\\\/06\\\/Webdo-Tunisie_168377.jpg\",\"width\":301,\"height\":301,\"caption\":\"Webdo\"},\"image\":{\"@id\":\"https:\\\/\\\/www.webdo.tn\\\/fr\\\/#\\\/schema\\\/logo\\\/image\\\/\"},\"sameAs\":[\"https:\\\/\\\/www.facebook.com\\\/webdotn\",\"https:\\\/\\\/x.com\\\/webdo_tn\"],\"description\":\"Webdo est un m\u00e9dia num\u00e9rique tunisien fond\u00e9 en 2010, sp\u00e9cialis\u00e9 dans l\u2019actualit\u00e9 nationale et internationale, l\u2019\u00e9conomie, la soci\u00e9t\u00e9 et les analyses politiques. Le site s\u2019adresse \u00e0 un large public francophone et couvre l\u2019information tunisienne en temps r\u00e9el.\",\"email\":\"redac@webdo.tn\",\"legalName\":\"YNJ SARL\",\"foundingDate\":\"2010-09-06\",\"numberOfEmployees\":{\"@type\":\"QuantitativeValue\",\"minValue\":\"11\",\"maxValue\":\"50\"}},{\"@type\":\"Person\",\"@id\":\"https:\\\/\\\/www.webdo.tn\\\/fr\\\/#\\\/schema\\\/person\\\/2c4929cbf5a809e3bd38617c6ce150f6\",\"name\":\"MC\",\"image\":{\"@type\":\"ImageObject\",\"inLanguage\":\"fr-FR\",\"@id\":\"https:\\\/\\\/secure.gravatar.com\\\/avatar\\\/a545bbb6f84efdd5553dbbc2895e3ca8f1d12c5215e00a041c9670b54aa9b18a?s=96&d=mm&r=g\",\"url\":\"https:\\\/\\\/secure.gravatar.com\\\/avatar\\\/a545bbb6f84efdd5553dbbc2895e3ca8f1d12c5215e00a041c9670b54aa9b18a?s=96&d=mm&r=g\",\"contentUrl\":\"https:\\\/\\\/secure.gravatar.com\\\/avatar\\\/a545bbb6f84efdd5553dbbc2895e3ca8f1d12c5215e00a041c9670b54aa9b18a?s=96&d=mm&r=g\",\"caption\":\"MC\"},\"url\":\"https:\\\/\\\/www.webdo.tn\\\/fr\\\/actualite\\\/author\\\/mc\\\/\"}]}<\/script>\n<!-- \/ Yoast SEO Premium plugin. -->","yoast_head_json":{"title":"A New York, Nabil Ammar s\u2019entretient avec Antonio Guterres","description":"Le ministre des Affaires \u00e9trang\u00e8res Nabil Ammar s\u2019est entretenu, hier, \u00e0 New York avec le secr\u00e9taire g\u00e9n\u00e9ral de l'ONU, Antonio Guterres en marge des travaux du...","canonical":"https:\/\/www.webdo.tn\/fr\/actualite\/national\/a-new-york-nabil-ammar-s-entretient-avec-antonio-guterres\/208874\/","og_locale":"fr_FR","og_type":"article","og_title":"A New York, Nabil Ammar s\u2019entretient avec Antonio Guterres","og_description":"Le ministre des Affaires \u00e9trang\u00e8res Nabil Ammar s\u2019est entretenu, hier, \u00e0 New York avec le secr\u00e9taire g\u00e9n\u00e9ral de l'ONU, Antonio Guterres en marge des travaux du...","og_url":"https:\/\/www.webdo.tn\/fr\/actualite\/national\/a-new-york-nabil-ammar-s-entretient-avec-antonio-guterres\/208874\/","og_site_name":"webdo","article_publisher":"https:\/\/www.facebook.com\/webdotn","article_published_time":"2023-09-23T10:49:00+00:00","article_modified_time":"2025-05-20T21:57:18+00:00","og_image":[{"width":750,"height":400,"url":"https:\/\/www.webdo.tn\/fr\/wp-content\/uploads\/2023\/09\/be59ea83c93673d3053567ac9c0f9067.jpg","type":"image\/jpeg"}],"author":"MC","twitter_card":"summary_large_image","twitter_creator":"@webdo_tn","twitter_site":"@webdo_tn","twitter_misc":{"\u00c9crit par":"MC","Dur\u00e9e de lecture estim\u00e9e":"1 minute"},"schema":{"@context":"https:\/\/schema.org","@graph":[{"@type":"NewsArticle","@id":"https:\/\/www.webdo.tn\/fr\/actualite\/national\/a-new-york-nabil-ammar-s-entretient-avec-antonio-guterres\/208874\/#article","isPartOf":{"@id":"https:\/\/www.webdo.tn\/fr\/actualite\/national\/a-new-york-nabil-ammar-s-entretient-avec-antonio-guterres\/208874\/"},"author":{"name":"MC","@id":"https:\/\/www.webdo.tn\/fr\/#\/schema\/person\/2c4929cbf5a809e3bd38617c6ce150f6"},"headline":"A New York, Nabil Ammar s\u2019entretient avec Antonio Guterres","datePublished":"2023-09-23T10:49:00+00:00","dateModified":"2025-05-20T21:57:18+00:00","mainEntityOfPage":{"@id":"https:\/\/www.webdo.tn\/fr\/actualite\/national\/a-new-york-nabil-ammar-s-entretient-avec-antonio-guterres\/208874\/"},"wordCount":263,"commentCount":0,"publisher":{"@id":"https:\/\/www.webdo.tn\/fr\/#organization"},"image":{"@id":"https:\/\/www.webdo.tn\/fr\/actualite\/national\/a-new-york-nabil-ammar-s-entretient-avec-antonio-guterres\/208874\/#primaryimage"},"thumbnailUrl":"https:\/\/www.webdo.tn\/fr\/wp-content\/uploads\/2023\/09\/be59ea83c93673d3053567ac9c0f9067.jpg","keywords":["Antonio Guterres","Nabil Ammar","ONU"],"articleSection":["National"],"inLanguage":"fr-FR"},{"@type":"WebPage","@id":"https:\/\/www.webdo.tn\/fr\/actualite\/national\/a-new-york-nabil-ammar-s-entretient-avec-antonio-guterres\/208874\/","url":"https:\/\/www.webdo.tn\/fr\/actualite\/national\/a-new-york-nabil-ammar-s-entretient-avec-antonio-guterres\/208874\/","name":"A New York, Nabil Ammar s\u2019entretient avec Antonio Guterres","isPartOf":{"@id":"https:\/\/www.webdo.tn\/fr\/#website"},"primaryImageOfPage":{"@id":"https:\/\/www.webdo.tn\/fr\/actualite\/national\/a-new-york-nabil-ammar-s-entretient-avec-antonio-guterres\/208874\/#primaryimage"},"image":{"@id":"https:\/\/www.webdo.tn\/fr\/actualite\/national\/a-new-york-nabil-ammar-s-entretient-avec-antonio-guterres\/208874\/#primaryimage"},"thumbnailUrl":"https:\/\/www.webdo.tn\/fr\/wp-content\/uploads\/2023\/09\/be59ea83c93673d3053567ac9c0f9067.jpg","datePublished":"2023-09-23T10:49:00+00:00","dateModified":"2025-05-20T21:57:18+00:00","description":"Le ministre des Affaires \u00e9trang\u00e8res Nabil Ammar s\u2019est entretenu, hier, \u00e0 New York avec le secr\u00e9taire g\u00e9n\u00e9ral de l'ONU, Antonio Guterres en marge des travaux du...","breadcrumb":{"@id":"https:\/\/www.webdo.tn\/fr\/actualite\/national\/a-new-york-nabil-ammar-s-entretient-avec-antonio-guterres\/208874\/#breadcrumb"},"inLanguage":"fr-FR","potentialAction":[{"@type":"ReadAction","target":["https:\/\/www.webdo.tn\/fr\/actualite\/national\/a-new-york-nabil-ammar-s-entretient-avec-antonio-guterres\/208874\/"]}]},{"@type":"ImageObject","inLanguage":"fr-FR","@id":"https:\/\/www.webdo.tn\/fr\/actualite\/national\/a-new-york-nabil-ammar-s-entretient-avec-antonio-guterres\/208874\/#primaryimage","url":"https:\/\/www.webdo.tn\/fr\/wp-content\/uploads\/2023\/09\/be59ea83c93673d3053567ac9c0f9067.jpg","contentUrl":"https:\/\/www.webdo.tn\/fr\/wp-content\/uploads\/2023\/09\/be59ea83c93673d3053567ac9c0f9067.jpg","width":750,"height":400,"caption":"A New York, Nabil Ammar s\u2019entretient avec Antonio Guterres"},{"@type":"BreadcrumbList","@id":"https:\/\/www.webdo.tn\/fr\/actualite\/national\/a-new-york-nabil-ammar-s-entretient-avec-antonio-guterres\/208874\/#breadcrumb","itemListElement":[{"@type":"ListItem","position":1,"name":"Accueil","item":"https:\/\/www.webdo.tn\/fr\/"},{"@type":"ListItem","position":2,"name":"A New York, Nabil Ammar s\u2019entretient avec Antonio Guterres"}]},{"@type":"WebSite","@id":"https:\/\/www.webdo.tn\/fr\/#website","url":"https:\/\/www.webdo.tn\/fr\/","name":"webdo","description":"Tunisie - News en Tunisie et \u00e0 l&#039;international sur Webdo.tn","publisher":{"@id":"https:\/\/www.webdo.tn\/fr\/#organization"},"potentialAction":[{"@type":"SearchAction","target":{"@type":"EntryPoint","urlTemplate":"https:\/\/www.webdo.tn\/fr\/?s={search_term_string}"},"query-input":{"@type":"PropertyValueSpecification","valueRequired":true,"valueName":"search_term_string"}}],"inLanguage":"fr-FR"},{"@type":"Organization","@id":"https:\/\/www.webdo.tn\/fr\/#organization","name":"Webdo","alternateName":"Webdo.tn","url":"https:\/\/www.webdo.tn\/fr\/","logo":{"@type":"ImageObject","inLanguage":"fr-FR","@id":"https:\/\/www.webdo.tn\/fr\/#\/schema\/logo\/image\/","url":"https:\/\/www.webdo.tn\/fr\/wp-content\/uploads\/2025\/06\/Webdo-Tunisie_168377.jpg","contentUrl":"https:\/\/www.webdo.tn\/fr\/wp-content\/uploads\/2025\/06\/Webdo-Tunisie_168377.jpg","width":301,"height":301,"caption":"Webdo"},"image":{"@id":"https:\/\/www.webdo.tn\/fr\/#\/schema\/logo\/image\/"},"sameAs":["https:\/\/www.facebook.com\/webdotn","https:\/\/x.com\/webdo_tn"],"description":"Webdo est un m\u00e9dia num\u00e9rique tunisien fond\u00e9 en 2010, sp\u00e9cialis\u00e9 dans l\u2019actualit\u00e9 nationale et internationale, l\u2019\u00e9conomie, la soci\u00e9t\u00e9 et les analyses politiques. Le site s\u2019adresse \u00e0 un large public francophone et couvre l\u2019information tunisienne en temps r\u00e9el.","email":"redac@webdo.tn","legalName":"YNJ SARL","foundingDate":"2010-09-06","numberOfEmployees":{"@type":"QuantitativeValue","minValue":"11","maxValue":"50"}},{"@type":"Person","@id":"https:\/\/www.webdo.tn\/fr\/#\/schema\/person\/2c4929cbf5a809e3bd38617c6ce150f6","name":"MC","image":{"@type":"ImageObject","inLanguage":"fr-FR","@id":"https:\/\/secure.gravatar.com\/avatar\/a545bbb6f84efdd5553dbbc2895e3ca8f1d12c5215e00a041c9670b54aa9b18a?s=96&d=mm&r=g","url":"https:\/\/secure.gravatar.com\/avatar\/a545bbb6f84efdd5553dbbc2895e3ca8f1d12c5215e00a041c9670b54aa9b18a?s=96&d=mm&r=g","contentUrl":"https:\/\/secure.gravatar.com\/avatar\/a545bbb6f84efdd5553dbbc2895e3ca8f1d12c5215e00a041c9670b54aa9b18a?s=96&d=mm&r=g","caption":"MC"},"url":"https:\/\/www.webdo.tn\/fr\/actualite\/author\/mc\/"}]}},"_links":{"self":[{"href":"https:\/\/www.webdo.tn\/fr\/wp-json\/wp\/v2\/posts\/208874","targetHints":{"allow":["GET"]}}],"collection":[{"href":"https:\/\/www.webdo.tn\/fr\/wp-json\/wp\/v2\/posts"}],"about":[{"href":"https:\/\/www.webdo.tn\/fr\/wp-json\/wp\/v2\/types\/post"}],"author":[{"embeddable":true,"href":"https:\/\/www.webdo.tn\/fr\/wp-json\/wp\/v2\/users\/3162"}],"replies":[{"embeddable":true,"href":"https:\/\/www.webdo.tn\/fr\/wp-json\/wp\/v2\/comments?post=208874"}],"version-history":[{"count":0,"href":"https:\/\/www.webdo.tn\/fr\/wp-json\/wp\/v2\/posts\/208874\/revisions"}],"wp:featuredmedia":[{"embeddable":true,"href":"https:\/\/www.webdo.tn\/fr\/wp-json\/wp\/v2\/media\/249254"}],"wp:attachment":[{"href":"https:\/\/www.webdo.tn\/fr\/wp-json\/wp\/v2\/media?parent=208874"}],"wp:term":[{"taxonomy":"category","embeddable":true,"href":"https:\/\/www.webdo.tn\/fr\/wp-json\/wp\/v2\/categories?post=208874"},{"taxonomy":"post_tag","embeddable":true,"href":"https:\/\/www.webdo.tn\/fr\/wp-json\/wp\/v2\/tags?post=208874"}],"curies":[{"name":"wp","href":"https:\/\/api.w.org\/{rel}","templated":true}]}}