{"id":208871,"date":"2023-09-23T09:53:00","date_gmt":"2023-09-23T09:53:00","guid":{"rendered":"https:\/\/www.webdo.tn\/fr\/blog\/djerba-l-eglise-grecque-orthodoxe-sur-la-liste-du-patrimoine-mondial\/208871\/"},"modified":"2023-09-23T09:53:00","modified_gmt":"2023-09-23T09:53:00","slug":"djerba-l-eglise-grecque-orthodoxe-sur-la-liste-du-patrimoine-mondial","status":"publish","type":"post","link":"https:\/\/www.webdo.tn\/fr\/actualite\/chroniques\/djerba-l-eglise-grecque-orthodoxe-sur-la-liste-du-patrimoine-mondial\/208871\/","title":{"rendered":"Djerba : L&rsquo;\u00e9glise grecque orthodoxe sur la liste du patrimoine mondial"},"content":{"rendered":"<p>Regards sur l&rsquo;un des vingt-quatre monuments de l&rsquo;\u00eele de Djerba \u00e0 avoir \u00e9t\u00e9 inscrit sur la liste du patrimoine mondial de l&rsquo;Unesco.<\/p>\n<p>\t\t\t\t\t\t\t\t\tNon loin de la Marina, \u00e0 Houmt-Souk, la petite \u00e9glise Saint-Nicolas se souvient encore de la communaut\u00e9 grecque de Djerba. Pr\u00e9sents en nombre jusqu&rsquo;aux ann\u00e9es cinquante, les Grecs de Djerba sont les descendants de p\u00eacheurs d&rsquo;\u00e9ponges et de poulpes qui se sont install\u00e9s dans l&rsquo;\u00eele \u00e0 la fin du dix-neuvi\u00e8me si\u00e8cle.<\/p>\n<p>C&rsquo;est de cette \u00e9poque que date l&rsquo;\u00e9glise Saint-Nicolas, d\u00e9di\u00e9e au saint patron des marins et des p\u00eacheurs et aussi des enfants et des commer\u00e7ants. Chaque 5 d\u00e9cembre, Saint-Nicolas continue d&rsquo;ailleurs \u00e0 \u00eatre c\u00e9l\u00e9br\u00e9 en cette \u00e9glise dont l&rsquo;origine remonte \u00e0 la fin du dix-neuvi\u00e8me si\u00e8cle.<\/p>\n<p>Fond\u00e9e par Sakillaris Kandinys, cette \u00e9glise a connu ses plus riches heures durant les trente premi\u00e8res ann\u00e9es du vingti\u00e8me si\u00e8cle. Jusqu&rsquo;\u00e0 nos jours, il existe d&rsquo;ailleurs en Tunisie, trois \u00e9glises orthodoxes grecques qui se trouvent respectivement \u00e0 Djerba, Tunis et Sfax. Si les deux premi\u00e8res de ces \u00e9glises restent actives, la troisi\u00e8me attend sa restauration.<\/p>\n<p>Veillant sur l&rsquo;\u00e9glise depuis de longues ann\u00e9es, Dimitri Mavrothalassitis a \u00e9galement mis toute sa diligence au service de la derni\u00e8re restauration des lieux en f\u00e9vrier 2019. Plusieurs ic\u00f4nes avaient alors \u00e9t\u00e9 restaur\u00e9s ainsi que l&rsquo;ensemble des locaux d&rsquo;un lieu lieu de culte singulier.<\/p>\n<p>Parmi les enfants les plus r\u00e9put\u00e9s des descendants de cette communaut\u00e9 grecque de Djerba, citons Laris Kindynis qui, il y a quelques ann\u00e9es, publiait un t\u00e9moignage intitul\u00e9 \u00ab\u00a0Djerba, l&rsquo;\u00eele enchant\u00e9e de mon enfance\u00a0\u00bb. Citons aussi cette autre native de Djerba qu&rsquo;est la com\u00e9dienne Eleni Katsara, appr\u00e9ci\u00e9e de tous pour ses r\u00f4les dans de nombreux films tunisiens.<\/p>\n","protected":false},"excerpt":{"rendered":"<p>Regards sur l&rsquo;un des vingt-quatre monuments de l&rsquo;\u00eele de Djerba \u00e0 avoir \u00e9t\u00e9 inscrit sur la liste du patrimoine mondial de l&rsquo;Unesco.<\/p>\n","protected":false},"author":3229,"featured_media":249250,"comment_status":"open","ping_status":"closed","sticky":false,"template":"","format":"standard","meta":{"footnotes":""},"categories":[2596],"tags":[3696,4759,7895,7896,4946],"class_list":["post-208871","post","type-post","status-publish","format-standard","has-post-thumbnail","hentry","category-chroniques","tag-djerba","tag-eglise","tag-patrimoine-mondial","tag-saint-nicolas","tag-unesco"],"yoast_head":"<!-- This site is optimized with the Yoast SEO Premium plugin v27.5 (Yoast SEO v27.5) - https:\/\/yoast.com\/product\/yoast-seo-premium-wordpress\/ -->\n<title>Djerba : L&#039;\u00e9glise grecque orthodoxe sur la liste du patrimoine mondial<\/title>\n<meta name=\"description\" content=\"Regards sur l&#039;un des vingt-quatre monuments de l&#039;\u00eele de Djerba \u00e0 avoir \u00e9t\u00e9 inscrit sur la liste du patrimoine mondial de l&#039;Unesco.\" \/>\n<link rel=\"canonical\" href=\"https:\/\/www.webdo.tn\/fr\/actualite\/chroniques\/djerba-l-eglise-grecque-orthodoxe-sur-la-liste-du-patrimoine-mondial\/208871\/\" \/>\n<meta property=\"og:locale\" content=\"fr_FR\" \/>\n<meta property=\"og:type\" content=\"article\" \/>\n<meta property=\"og:title\" content=\"Djerba : L&#039;\u00e9glise grecque orthodoxe sur la liste du patrimoine mondial\" \/>\n<meta property=\"og:description\" content=\"Regards sur l&#039;un des vingt-quatre monuments de l&#039;\u00eele de Djerba \u00e0 avoir \u00e9t\u00e9 inscrit sur la liste du patrimoine mondial de l&#039;Unesco.\" \/>\n<meta property=\"og:url\" content=\"https:\/\/www.webdo.tn\/fr\/actualite\/chroniques\/djerba-l-eglise-grecque-orthodoxe-sur-la-liste-du-patrimoine-mondial\/208871\/\" \/>\n<meta property=\"og:site_name\" content=\"webdo\" \/>\n<meta property=\"article:publisher\" content=\"https:\/\/www.facebook.com\/webdotn\" \/>\n<meta property=\"article:author\" content=\"https:\/\/www.facebook.com\/hatem.bourial.2025\" \/>\n<meta property=\"article:published_time\" content=\"2023-09-23T09:53:00+00:00\" \/>\n<meta property=\"og:image\" content=\"https:\/\/www.webdo.tn\/fr\/wp-content\/uploads\/2023\/09\/5e2f116f62b6fa34ac9e82050982efb3.jpg\" \/>\n\t<meta property=\"og:image:width\" content=\"750\" \/>\n\t<meta property=\"og:image:height\" content=\"400\" \/>\n\t<meta property=\"og:image:type\" content=\"image\/jpeg\" \/>\n<meta name=\"author\" content=\"Hatem Bourial\" \/>\n<meta name=\"twitter:card\" content=\"summary_large_image\" \/>\n<meta name=\"twitter:creator\" content=\"@webdo_tn\" \/>\n<meta name=\"twitter:site\" content=\"@webdo_tn\" \/>\n<meta name=\"twitter:label1\" content=\"\u00c9crit par\" \/>\n\t<meta name=\"twitter:data1\" content=\"Hatem Bourial\" \/>\n\t<meta name=\"twitter:label2\" content=\"Dur\u00e9e de lecture estim\u00e9e\" \/>\n\t<meta name=\"twitter:data2\" content=\"2 minutes\" \/>\n<script type=\"application\/ld+json\" class=\"yoast-schema-graph\">{\"@context\":\"https:\\\/\\\/schema.org\",\"@graph\":[{\"@type\":\"NewsArticle\",\"@id\":\"https:\\\/\\\/www.webdo.tn\\\/fr\\\/actualite\\\/chroniques\\\/djerba-l-eglise-grecque-orthodoxe-sur-la-liste-du-patrimoine-mondial\\\/208871\\\/#article\",\"isPartOf\":{\"@id\":\"https:\\\/\\\/www.webdo.tn\\\/fr\\\/actualite\\\/chroniques\\\/djerba-l-eglise-grecque-orthodoxe-sur-la-liste-du-patrimoine-mondial\\\/208871\\\/\"},\"author\":{\"name\":\"Hatem Bourial\",\"@id\":\"https:\\\/\\\/www.webdo.tn\\\/fr\\\/#\\\/schema\\\/person\\\/6bc0beba2cd23aec27cb5df85ca2554f\"},\"headline\":\"Djerba : L&rsquo;\u00e9glise grecque orthodoxe sur la liste du patrimoine mondial\",\"datePublished\":\"2023-09-23T09:53:00+00:00\",\"mainEntityOfPage\":{\"@id\":\"https:\\\/\\\/www.webdo.tn\\\/fr\\\/actualite\\\/chroniques\\\/djerba-l-eglise-grecque-orthodoxe-sur-la-liste-du-patrimoine-mondial\\\/208871\\\/\"},\"wordCount\":327,\"commentCount\":0,\"publisher\":{\"@id\":\"https:\\\/\\\/www.webdo.tn\\\/fr\\\/#organization\"},\"image\":{\"@id\":\"https:\\\/\\\/www.webdo.tn\\\/fr\\\/actualite\\\/chroniques\\\/djerba-l-eglise-grecque-orthodoxe-sur-la-liste-du-patrimoine-mondial\\\/208871\\\/#primaryimage\"},\"thumbnailUrl\":\"https:\\\/\\\/www.webdo.tn\\\/fr\\\/wp-content\\\/uploads\\\/2023\\\/09\\\/5e2f116f62b6fa34ac9e82050982efb3.jpg\",\"keywords\":[\"djerba\",\"\u00e9glise\",\"Patrimoine mondial\",\"Saint-Nicolas\",\"unesco\"],\"articleSection\":[\"Chroniques\"],\"inLanguage\":\"fr-FR\"},{\"@type\":\"WebPage\",\"@id\":\"https:\\\/\\\/www.webdo.tn\\\/fr\\\/actualite\\\/chroniques\\\/djerba-l-eglise-grecque-orthodoxe-sur-la-liste-du-patrimoine-mondial\\\/208871\\\/\",\"url\":\"https:\\\/\\\/www.webdo.tn\\\/fr\\\/actualite\\\/chroniques\\\/djerba-l-eglise-grecque-orthodoxe-sur-la-liste-du-patrimoine-mondial\\\/208871\\\/\",\"name\":\"Djerba : L'\u00e9glise grecque orthodoxe sur la liste du patrimoine mondial\",\"isPartOf\":{\"@id\":\"https:\\\/\\\/www.webdo.tn\\\/fr\\\/#website\"},\"primaryImageOfPage\":{\"@id\":\"https:\\\/\\\/www.webdo.tn\\\/fr\\\/actualite\\\/chroniques\\\/djerba-l-eglise-grecque-orthodoxe-sur-la-liste-du-patrimoine-mondial\\\/208871\\\/#primaryimage\"},\"image\":{\"@id\":\"https:\\\/\\\/www.webdo.tn\\\/fr\\\/actualite\\\/chroniques\\\/djerba-l-eglise-grecque-orthodoxe-sur-la-liste-du-patrimoine-mondial\\\/208871\\\/#primaryimage\"},\"thumbnailUrl\":\"https:\\\/\\\/www.webdo.tn\\\/fr\\\/wp-content\\\/uploads\\\/2023\\\/09\\\/5e2f116f62b6fa34ac9e82050982efb3.jpg\",\"datePublished\":\"2023-09-23T09:53:00+00:00\",\"description\":\"Regards sur l'un des vingt-quatre monuments de l'\u00eele de Djerba \u00e0 avoir \u00e9t\u00e9 inscrit sur la liste du patrimoine mondial de l'Unesco.\",\"breadcrumb\":{\"@id\":\"https:\\\/\\\/www.webdo.tn\\\/fr\\\/actualite\\\/chroniques\\\/djerba-l-eglise-grecque-orthodoxe-sur-la-liste-du-patrimoine-mondial\\\/208871\\\/#breadcrumb\"},\"inLanguage\":\"fr-FR\",\"potentialAction\":[{\"@type\":\"ReadAction\",\"target\":[\"https:\\\/\\\/www.webdo.tn\\\/fr\\\/actualite\\\/chroniques\\\/djerba-l-eglise-grecque-orthodoxe-sur-la-liste-du-patrimoine-mondial\\\/208871\\\/\"]}]},{\"@type\":\"ImageObject\",\"inLanguage\":\"fr-FR\",\"@id\":\"https:\\\/\\\/www.webdo.tn\\\/fr\\\/actualite\\\/chroniques\\\/djerba-l-eglise-grecque-orthodoxe-sur-la-liste-du-patrimoine-mondial\\\/208871\\\/#primaryimage\",\"url\":\"https:\\\/\\\/www.webdo.tn\\\/fr\\\/wp-content\\\/uploads\\\/2023\\\/09\\\/5e2f116f62b6fa34ac9e82050982efb3.jpg\",\"contentUrl\":\"https:\\\/\\\/www.webdo.tn\\\/fr\\\/wp-content\\\/uploads\\\/2023\\\/09\\\/5e2f116f62b6fa34ac9e82050982efb3.jpg\",\"width\":750,\"height\":400,\"caption\":\"Djerba : L'\u00e9glise grecque orthodoxe sur la liste du patrimoine mondial\"},{\"@type\":\"BreadcrumbList\",\"@id\":\"https:\\\/\\\/www.webdo.tn\\\/fr\\\/actualite\\\/chroniques\\\/djerba-l-eglise-grecque-orthodoxe-sur-la-liste-du-patrimoine-mondial\\\/208871\\\/#breadcrumb\",\"itemListElement\":[{\"@type\":\"ListItem\",\"position\":1,\"name\":\"Accueil\",\"item\":\"https:\\\/\\\/www.webdo.tn\\\/fr\\\/\"},{\"@type\":\"ListItem\",\"position\":2,\"name\":\"Djerba : L&#8217;\u00e9glise grecque orthodoxe sur la liste du patrimoine mondial\"}]},{\"@type\":\"WebSite\",\"@id\":\"https:\\\/\\\/www.webdo.tn\\\/fr\\\/#website\",\"url\":\"https:\\\/\\\/www.webdo.tn\\\/fr\\\/\",\"name\":\"webdo\",\"description\":\"Tunisie - News en Tunisie et \u00e0 l&#039;international sur Webdo.tn\",\"publisher\":{\"@id\":\"https:\\\/\\\/www.webdo.tn\\\/fr\\\/#organization\"},\"potentialAction\":[{\"@type\":\"SearchAction\",\"target\":{\"@type\":\"EntryPoint\",\"urlTemplate\":\"https:\\\/\\\/www.webdo.tn\\\/fr\\\/?s={search_term_string}\"},\"query-input\":{\"@type\":\"PropertyValueSpecification\",\"valueRequired\":true,\"valueName\":\"search_term_string\"}}],\"inLanguage\":\"fr-FR\"},{\"@type\":\"Organization\",\"@id\":\"https:\\\/\\\/www.webdo.tn\\\/fr\\\/#organization\",\"name\":\"Webdo\",\"alternateName\":\"Webdo.tn\",\"url\":\"https:\\\/\\\/www.webdo.tn\\\/fr\\\/\",\"logo\":{\"@type\":\"ImageObject\",\"inLanguage\":\"fr-FR\",\"@id\":\"https:\\\/\\\/www.webdo.tn\\\/fr\\\/#\\\/schema\\\/logo\\\/image\\\/\",\"url\":\"https:\\\/\\\/www.webdo.tn\\\/fr\\\/wp-content\\\/uploads\\\/2025\\\/06\\\/Webdo-Tunisie_168377.jpg\",\"contentUrl\":\"https:\\\/\\\/www.webdo.tn\\\/fr\\\/wp-content\\\/uploads\\\/2025\\\/06\\\/Webdo-Tunisie_168377.jpg\",\"width\":301,\"height\":301,\"caption\":\"Webdo\"},\"image\":{\"@id\":\"https:\\\/\\\/www.webdo.tn\\\/fr\\\/#\\\/schema\\\/logo\\\/image\\\/\"},\"sameAs\":[\"https:\\\/\\\/www.facebook.com\\\/webdotn\",\"https:\\\/\\\/x.com\\\/webdo_tn\"],\"description\":\"Webdo est un m\u00e9dia num\u00e9rique tunisien fond\u00e9 en 2010, sp\u00e9cialis\u00e9 dans l\u2019actualit\u00e9 nationale et internationale, l\u2019\u00e9conomie, la soci\u00e9t\u00e9 et les analyses politiques. Le site s\u2019adresse \u00e0 un large public francophone et couvre l\u2019information tunisienne en temps r\u00e9el.\",\"email\":\"redac@webdo.tn\",\"legalName\":\"YNJ SARL\",\"foundingDate\":\"2010-09-06\",\"numberOfEmployees\":{\"@type\":\"QuantitativeValue\",\"minValue\":\"11\",\"maxValue\":\"50\"}},{\"@type\":\"Person\",\"@id\":\"https:\\\/\\\/www.webdo.tn\\\/fr\\\/#\\\/schema\\\/person\\\/6bc0beba2cd23aec27cb5df85ca2554f\",\"name\":\"Hatem Bourial\",\"image\":{\"@type\":\"ImageObject\",\"inLanguage\":\"fr-FR\",\"@id\":\"https:\\\/\\\/www.webdo.tn\\\/fr\\\/wp-content\\\/uploads\\\/2026\\\/04\\\/hatem-bourial_avatar-96x96.jpg\",\"url\":\"https:\\\/\\\/www.webdo.tn\\\/fr\\\/wp-content\\\/uploads\\\/2026\\\/04\\\/hatem-bourial_avatar-96x96.jpg\",\"contentUrl\":\"https:\\\/\\\/www.webdo.tn\\\/fr\\\/wp-content\\\/uploads\\\/2026\\\/04\\\/hatem-bourial_avatar-96x96.jpg\",\"caption\":\"Hatem Bourial\"},\"description\":\"Hatem Bourial est journaliste, \u00e9crivain et chroniqueur tunisien. Actif depuis plusieurs d\u00e9cennies, il s\u2019est impos\u00e9 comme un observateur attentif de la soci\u00e9t\u00e9 tunisienne, m\u00ealant dans ses \u00e9crits m\u00e9moire, culture et analyse du quotidien. Auteur de nombreux ouvrages, il d\u00e9veloppe une \u0153uvre \u00e0 la crois\u00e9e du r\u00e9cit, de la po\u00e9sie et de l\u2019observation sociologique. Parall\u00e8lement \u00e0 ses contributions dans la presse, il intervient r\u00e9guli\u00e8rement \u00e0 la radio et dans des espaces culturels, o\u00f9 il explore les enjeux li\u00e9s au patrimoine, \u00e0 l\u2019identit\u00e9 et aux transformations du monde contemporain. \u00c0 travers ses chroniques, Hatem Bourial propose une lecture sensible et approfondie de l\u2019actualit\u00e9, nourrie par une exp\u00e9rience journalistique et litt\u00e9raire reconnue. \ud83d\udd17 Facebook : https:\\\/\\\/www.facebook.com\\\/hatem.bourial.2025\",\"sameAs\":[\"https:\\\/\\\/www.facebook.com\\\/hatem.bourial.2025\",\"https:\\\/\\\/fr.wikipedia.org\\\/wiki\\\/Fichier:Hatem_Bourial.jpg\"],\"knowsAbout\":[\"Culture & patrimoine tunisien\",\"Chronique soci\u00e9tale\",\"Litt\u00e9rature & m\u00e9moire\",\"Cin\u00e9ma & critique culturelle\",\"Identit\u00e9 & mutations sociales\"],\"knowsLanguage\":[\"Arabe\",\"Fran\u00e7ais\",\"Anglais\",\"Italien\",\"Polonais\"],\"jobTitle\":\"Journaliste, \u00e9crivain et chroniqueur culturel\",\"worksFor\":\"Webdo\",\"url\":\"https:\\\/\\\/www.webdo.tn\\\/fr\\\/actualite\\\/author\\\/hatem-bourial-2\\\/\"}]}<\/script>\n<!-- \/ Yoast SEO Premium plugin. -->","yoast_head_json":{"title":"Djerba : L'\u00e9glise grecque orthodoxe sur la liste du patrimoine mondial","description":"Regards sur l'un des vingt-quatre monuments de l'\u00eele de Djerba \u00e0 avoir \u00e9t\u00e9 inscrit sur la liste du patrimoine mondial de l'Unesco.","canonical":"https:\/\/www.webdo.tn\/fr\/actualite\/chroniques\/djerba-l-eglise-grecque-orthodoxe-sur-la-liste-du-patrimoine-mondial\/208871\/","og_locale":"fr_FR","og_type":"article","og_title":"Djerba : L'\u00e9glise grecque orthodoxe sur la liste du patrimoine mondial","og_description":"Regards sur l'un des vingt-quatre monuments de l'\u00eele de Djerba \u00e0 avoir \u00e9t\u00e9 inscrit sur la liste du patrimoine mondial de l'Unesco.","og_url":"https:\/\/www.webdo.tn\/fr\/actualite\/chroniques\/djerba-l-eglise-grecque-orthodoxe-sur-la-liste-du-patrimoine-mondial\/208871\/","og_site_name":"webdo","article_publisher":"https:\/\/www.facebook.com\/webdotn","article_author":"https:\/\/www.facebook.com\/hatem.bourial.2025","article_published_time":"2023-09-23T09:53:00+00:00","og_image":[{"width":750,"height":400,"url":"https:\/\/www.webdo.tn\/fr\/wp-content\/uploads\/2023\/09\/5e2f116f62b6fa34ac9e82050982efb3.jpg","type":"image\/jpeg"}],"author":"Hatem Bourial","twitter_card":"summary_large_image","twitter_creator":"@webdo_tn","twitter_site":"@webdo_tn","twitter_misc":{"\u00c9crit par":"Hatem Bourial","Dur\u00e9e de lecture estim\u00e9e":"2 minutes"},"schema":{"@context":"https:\/\/schema.org","@graph":[{"@type":"NewsArticle","@id":"https:\/\/www.webdo.tn\/fr\/actualite\/chroniques\/djerba-l-eglise-grecque-orthodoxe-sur-la-liste-du-patrimoine-mondial\/208871\/#article","isPartOf":{"@id":"https:\/\/www.webdo.tn\/fr\/actualite\/chroniques\/djerba-l-eglise-grecque-orthodoxe-sur-la-liste-du-patrimoine-mondial\/208871\/"},"author":{"name":"Hatem Bourial","@id":"https:\/\/www.webdo.tn\/fr\/#\/schema\/person\/6bc0beba2cd23aec27cb5df85ca2554f"},"headline":"Djerba : L&rsquo;\u00e9glise grecque orthodoxe sur la liste du patrimoine mondial","datePublished":"2023-09-23T09:53:00+00:00","mainEntityOfPage":{"@id":"https:\/\/www.webdo.tn\/fr\/actualite\/chroniques\/djerba-l-eglise-grecque-orthodoxe-sur-la-liste-du-patrimoine-mondial\/208871\/"},"wordCount":327,"commentCount":0,"publisher":{"@id":"https:\/\/www.webdo.tn\/fr\/#organization"},"image":{"@id":"https:\/\/www.webdo.tn\/fr\/actualite\/chroniques\/djerba-l-eglise-grecque-orthodoxe-sur-la-liste-du-patrimoine-mondial\/208871\/#primaryimage"},"thumbnailUrl":"https:\/\/www.webdo.tn\/fr\/wp-content\/uploads\/2023\/09\/5e2f116f62b6fa34ac9e82050982efb3.jpg","keywords":["djerba","\u00e9glise","Patrimoine mondial","Saint-Nicolas","unesco"],"articleSection":["Chroniques"],"inLanguage":"fr-FR"},{"@type":"WebPage","@id":"https:\/\/www.webdo.tn\/fr\/actualite\/chroniques\/djerba-l-eglise-grecque-orthodoxe-sur-la-liste-du-patrimoine-mondial\/208871\/","url":"https:\/\/www.webdo.tn\/fr\/actualite\/chroniques\/djerba-l-eglise-grecque-orthodoxe-sur-la-liste-du-patrimoine-mondial\/208871\/","name":"Djerba : L'\u00e9glise grecque orthodoxe sur la liste du patrimoine mondial","isPartOf":{"@id":"https:\/\/www.webdo.tn\/fr\/#website"},"primaryImageOfPage":{"@id":"https:\/\/www.webdo.tn\/fr\/actualite\/chroniques\/djerba-l-eglise-grecque-orthodoxe-sur-la-liste-du-patrimoine-mondial\/208871\/#primaryimage"},"image":{"@id":"https:\/\/www.webdo.tn\/fr\/actualite\/chroniques\/djerba-l-eglise-grecque-orthodoxe-sur-la-liste-du-patrimoine-mondial\/208871\/#primaryimage"},"thumbnailUrl":"https:\/\/www.webdo.tn\/fr\/wp-content\/uploads\/2023\/09\/5e2f116f62b6fa34ac9e82050982efb3.jpg","datePublished":"2023-09-23T09:53:00+00:00","description":"Regards sur l'un des vingt-quatre monuments de l'\u00eele de Djerba \u00e0 avoir \u00e9t\u00e9 inscrit sur la liste du patrimoine mondial de l'Unesco.","breadcrumb":{"@id":"https:\/\/www.webdo.tn\/fr\/actualite\/chroniques\/djerba-l-eglise-grecque-orthodoxe-sur-la-liste-du-patrimoine-mondial\/208871\/#breadcrumb"},"inLanguage":"fr-FR","potentialAction":[{"@type":"ReadAction","target":["https:\/\/www.webdo.tn\/fr\/actualite\/chroniques\/djerba-l-eglise-grecque-orthodoxe-sur-la-liste-du-patrimoine-mondial\/208871\/"]}]},{"@type":"ImageObject","inLanguage":"fr-FR","@id":"https:\/\/www.webdo.tn\/fr\/actualite\/chroniques\/djerba-l-eglise-grecque-orthodoxe-sur-la-liste-du-patrimoine-mondial\/208871\/#primaryimage","url":"https:\/\/www.webdo.tn\/fr\/wp-content\/uploads\/2023\/09\/5e2f116f62b6fa34ac9e82050982efb3.jpg","contentUrl":"https:\/\/www.webdo.tn\/fr\/wp-content\/uploads\/2023\/09\/5e2f116f62b6fa34ac9e82050982efb3.jpg","width":750,"height":400,"caption":"Djerba : L'\u00e9glise grecque orthodoxe sur la liste du patrimoine mondial"},{"@type":"BreadcrumbList","@id":"https:\/\/www.webdo.tn\/fr\/actualite\/chroniques\/djerba-l-eglise-grecque-orthodoxe-sur-la-liste-du-patrimoine-mondial\/208871\/#breadcrumb","itemListElement":[{"@type":"ListItem","position":1,"name":"Accueil","item":"https:\/\/www.webdo.tn\/fr\/"},{"@type":"ListItem","position":2,"name":"Djerba : L&#8217;\u00e9glise grecque orthodoxe sur la liste du patrimoine mondial"}]},{"@type":"WebSite","@id":"https:\/\/www.webdo.tn\/fr\/#website","url":"https:\/\/www.webdo.tn\/fr\/","name":"webdo","description":"Tunisie - News en Tunisie et \u00e0 l&#039;international sur Webdo.tn","publisher":{"@id":"https:\/\/www.webdo.tn\/fr\/#organization"},"potentialAction":[{"@type":"SearchAction","target":{"@type":"EntryPoint","urlTemplate":"https:\/\/www.webdo.tn\/fr\/?s={search_term_string}"},"query-input":{"@type":"PropertyValueSpecification","valueRequired":true,"valueName":"search_term_string"}}],"inLanguage":"fr-FR"},{"@type":"Organization","@id":"https:\/\/www.webdo.tn\/fr\/#organization","name":"Webdo","alternateName":"Webdo.tn","url":"https:\/\/www.webdo.tn\/fr\/","logo":{"@type":"ImageObject","inLanguage":"fr-FR","@id":"https:\/\/www.webdo.tn\/fr\/#\/schema\/logo\/image\/","url":"https:\/\/www.webdo.tn\/fr\/wp-content\/uploads\/2025\/06\/Webdo-Tunisie_168377.jpg","contentUrl":"https:\/\/www.webdo.tn\/fr\/wp-content\/uploads\/2025\/06\/Webdo-Tunisie_168377.jpg","width":301,"height":301,"caption":"Webdo"},"image":{"@id":"https:\/\/www.webdo.tn\/fr\/#\/schema\/logo\/image\/"},"sameAs":["https:\/\/www.facebook.com\/webdotn","https:\/\/x.com\/webdo_tn"],"description":"Webdo est un m\u00e9dia num\u00e9rique tunisien fond\u00e9 en 2010, sp\u00e9cialis\u00e9 dans l\u2019actualit\u00e9 nationale et internationale, l\u2019\u00e9conomie, la soci\u00e9t\u00e9 et les analyses politiques. Le site s\u2019adresse \u00e0 un large public francophone et couvre l\u2019information tunisienne en temps r\u00e9el.","email":"redac@webdo.tn","legalName":"YNJ SARL","foundingDate":"2010-09-06","numberOfEmployees":{"@type":"QuantitativeValue","minValue":"11","maxValue":"50"}},{"@type":"Person","@id":"https:\/\/www.webdo.tn\/fr\/#\/schema\/person\/6bc0beba2cd23aec27cb5df85ca2554f","name":"Hatem Bourial","image":{"@type":"ImageObject","inLanguage":"fr-FR","@id":"https:\/\/www.webdo.tn\/fr\/wp-content\/uploads\/2026\/04\/hatem-bourial_avatar-96x96.jpg","url":"https:\/\/www.webdo.tn\/fr\/wp-content\/uploads\/2026\/04\/hatem-bourial_avatar-96x96.jpg","contentUrl":"https:\/\/www.webdo.tn\/fr\/wp-content\/uploads\/2026\/04\/hatem-bourial_avatar-96x96.jpg","caption":"Hatem Bourial"},"description":"Hatem Bourial est journaliste, \u00e9crivain et chroniqueur tunisien. Actif depuis plusieurs d\u00e9cennies, il s\u2019est impos\u00e9 comme un observateur attentif de la soci\u00e9t\u00e9 tunisienne, m\u00ealant dans ses \u00e9crits m\u00e9moire, culture et analyse du quotidien. Auteur de nombreux ouvrages, il d\u00e9veloppe une \u0153uvre \u00e0 la crois\u00e9e du r\u00e9cit, de la po\u00e9sie et de l\u2019observation sociologique. Parall\u00e8lement \u00e0 ses contributions dans la presse, il intervient r\u00e9guli\u00e8rement \u00e0 la radio et dans des espaces culturels, o\u00f9 il explore les enjeux li\u00e9s au patrimoine, \u00e0 l\u2019identit\u00e9 et aux transformations du monde contemporain. \u00c0 travers ses chroniques, Hatem Bourial propose une lecture sensible et approfondie de l\u2019actualit\u00e9, nourrie par une exp\u00e9rience journalistique et litt\u00e9raire reconnue. \ud83d\udd17 Facebook : https:\/\/www.facebook.com\/hatem.bourial.2025","sameAs":["https:\/\/www.facebook.com\/hatem.bourial.2025","https:\/\/fr.wikipedia.org\/wiki\/Fichier:Hatem_Bourial.jpg"],"knowsAbout":["Culture & patrimoine tunisien","Chronique soci\u00e9tale","Litt\u00e9rature & m\u00e9moire","Cin\u00e9ma & critique culturelle","Identit\u00e9 & mutations sociales"],"knowsLanguage":["Arabe","Fran\u00e7ais","Anglais","Italien","Polonais"],"jobTitle":"Journaliste, \u00e9crivain et chroniqueur culturel","worksFor":"Webdo","url":"https:\/\/www.webdo.tn\/fr\/actualite\/author\/hatem-bourial-2\/"}]}},"_links":{"self":[{"href":"https:\/\/www.webdo.tn\/fr\/wp-json\/wp\/v2\/posts\/208871","targetHints":{"allow":["GET"]}}],"collection":[{"href":"https:\/\/www.webdo.tn\/fr\/wp-json\/wp\/v2\/posts"}],"about":[{"href":"https:\/\/www.webdo.tn\/fr\/wp-json\/wp\/v2\/types\/post"}],"author":[{"embeddable":true,"href":"https:\/\/www.webdo.tn\/fr\/wp-json\/wp\/v2\/users\/3229"}],"replies":[{"embeddable":true,"href":"https:\/\/www.webdo.tn\/fr\/wp-json\/wp\/v2\/comments?post=208871"}],"version-history":[{"count":0,"href":"https:\/\/www.webdo.tn\/fr\/wp-json\/wp\/v2\/posts\/208871\/revisions"}],"wp:featuredmedia":[{"embeddable":true,"href":"https:\/\/www.webdo.tn\/fr\/wp-json\/wp\/v2\/media\/249250"}],"wp:attachment":[{"href":"https:\/\/www.webdo.tn\/fr\/wp-json\/wp\/v2\/media?parent=208871"}],"wp:term":[{"taxonomy":"category","embeddable":true,"href":"https:\/\/www.webdo.tn\/fr\/wp-json\/wp\/v2\/categories?post=208871"},{"taxonomy":"post_tag","embeddable":true,"href":"https:\/\/www.webdo.tn\/fr\/wp-json\/wp\/v2\/tags?post=208871"}],"curies":[{"name":"wp","href":"https:\/\/api.w.org\/{rel}","templated":true}]}}