{"id":208863,"date":"2023-09-22T22:27:00","date_gmt":"2023-09-22T22:27:00","guid":{"rendered":"https:\/\/www.webdo.tn\/fr\/blog\/la-commission-europeenne-annonce-pres-de-127-millions-d-euros-en-appui-a-la-mise-en-oeuvre-du-memorandum-d-entente-avec-la-tunisie\/208863\/"},"modified":"2025-05-20T21:57:15","modified_gmt":"2025-05-20T21:57:15","slug":"la-commission-europeenne-annonce-pres-de-127-millions-d-euros-en-appui-a-la-mise-en-oeuvre-du-memorandum-d-entente-avec-la-tunisie","status":"publish","type":"post","link":"https:\/\/www.webdo.tn\/fr\/actualite\/national\/la-commission-europeenne-annonce-pres-de-127-millions-d-euros-en-appui-a-la-mise-en-oeuvre-du-memorandum-d-entente-avec-la-tunisie\/208863\/","title":{"rendered":"La Commission europ\u00e9enne annonce pr\u00e8s de 127 millions d&rsquo;euros en faveur de la Tunisie"},"content":{"rendered":"<p>En appui \u00e0 la mise en \u0153uvre du m\u00e9morandum d\u2019entente sur un partenariat strat\u00e9gique et global entre l&rsquo;UE et la Tunisie, la Commission annonce aujourd&rsquo;hui, vendredi 22 septembre 2023, une aide budg\u00e9taire de 60 millions d&rsquo;euros en faveur de la Tunisie et un programme d&rsquo;assistance op\u00e9rationnelle en mati\u00e8re de migration d&rsquo;un montant d&rsquo;environ 67 millions d&rsquo;euros, qui seront d\u00e9sormais d\u00e9caiss\u00e9s dans les prochains jours et contract\u00e9s et livr\u00e9s rapidement.<\/p>\n<p>\t\t\t\t\t\t\t\t\t\u00ab\u00a0Le programme que nous annon\u00e7ons aujourd\u2019hui combine l\u2019aide des programmes en cours et une nouvelle aide au titre du nouveau programme de soutien \u00e0 la migration de 105 millions d\u2019euros. Les 60 millions seront d\u00e9caiss\u00e9s dans les prochains jours et les pr\u00e8s de 67 millions destin\u00e9s aux actions de migration seront contract\u00e9s et livr\u00e9s rapidement\u00a0\u00bb, indique un communiqu\u00e9 de la D\u00e9l\u00e9gation de l&rsquo;UE en Tunisie..<\/p>\n<p>\u00ab\u00a0Cette annonce fait suite \u00e0 l\u2019appel t\u00e9l\u00e9phonique d\u2019hier entre le commissaire charg\u00e9 du voisinage et de l\u2019\u00e9largissement, Oliv\u00e9r V\u00e1rhelyi, et le ministre tunisien des Affaires \u00e9trang\u00e8res, Nabil Ammar, pour discuter de l\u2019importance de la poursuite de la mise en \u0153uvre du m\u00e9morandum d\u2019entente et en particulier des actions prioritaires.<\/p>\n<p>Une d\u00e9l\u00e9gation de fonctionnaires de la Commission se rendra en Tunisie la semaine prochaine pour discuter de la mise en \u0153uvre du MoU, en particulier des actions prioritaires.<\/p>\n<p>L&rsquo;UE et la Tunisie sont d\u00e9termin\u00e9es \u00e0 progresser rapidement dans la mise en \u0153uvre m\u00e9morandum d\u2019entente, en donnant la priorit\u00e9 aux actions dans le domaine de la migration, \u00e0 la coop\u00e9ration pour r\u00e9primer les r\u00e9seaux de passeurs et \u00e0 une assistance intensifi\u00e9e de l&rsquo;UE pour le renforcement des capacit\u00e9s des autorit\u00e9s tunisiennes charg\u00e9es de l&rsquo;application des lois, ainsi que soutien au retour volontaire et \u00e0 la r\u00e9int\u00e9gration des migrants dans leur pays d\u2019origine, dans le plein respect du droit international.<\/p>\n<p>La Commission acc\u00e9l\u00e8re la mise en \u0153uvre des programmes en cours ainsi que des actions au titre du nouveau programme de soutien en mati\u00e8re de migration de 105 millions d&rsquo;euros li\u00e9 au protocole d&rsquo;accord, qui contribuera \u00e0 faire face \u00e0 la situation d&rsquo;urgence \u00e0 Lampedusa, conform\u00e9ment au plan en 10 points pour Lampedusa.<\/p>\n<p>Ce nouveau programme comprendra le r\u00e9am\u00e9nagement des navires, v\u00e9hicules et autres \u00e9quipements de recherche et de sauvetage pour les garde-c\u00f4tes et la marine tunisiennes, la protection des migrants en Tunisie en coop\u00e9ration avec l\u2019agence des Nations Unies pour les r\u00e9fugi\u00e9s \u00ab UNHCR \u00bb et les retours et r\u00e9int\u00e9gration de la Tunisie vers les pays d&rsquo;origine, en coop\u00e9ration avec l&rsquo;Organisation Internationale pour les Migrants \u00ab OIM \u00bb.<\/p>\n<p>La fourniture de nouveaux navires, de cam\u00e9ras thermiques et d&rsquo;autres aides op\u00e9rationnelles, coupl\u00e9e \u00e0 la formation n\u00e9cessaire, est \u00e9galement pr\u00e9vue\u00a0\u00bb.<\/p>\n","protected":false},"excerpt":{"rendered":"<p>En appui \u00e0 la mise en \u0153uvre du m\u00e9morandum d\u2019entente sur un partenariat strat\u00e9gique et global entre l&rsquo;UE et la Tunisie, la Commission annonce une aide budg\u00e9taire&#8230;<\/p>\n","protected":false},"author":3162,"featured_media":249245,"comment_status":"open","ping_status":"closed","sticky":false,"template":"","format":"standard","meta":{"footnotes":""},"categories":[44],"tags":[3632,7352,2608,2897],"class_list":["post-208863","post","type-post","status-publish","format-standard","has-post-thumbnail","hentry","category-national","tag-immigration","tag-memorandum-dentente","tag-tunisie","tag-ue"],"yoast_head":"<!-- This site is optimized with the Yoast SEO Premium plugin v27.5 (Yoast SEO v27.5) - https:\/\/yoast.com\/product\/yoast-seo-premium-wordpress\/ -->\n<title>La Commission europ\u00e9enne annonce pr\u00e8s de 127 millions d&#039;euros en faveur de la Tunisie<\/title>\n<meta name=\"description\" content=\"En appui \u00e0 la mise en \u0153uvre du m\u00e9morandum d\u2019entente sur un partenariat strat\u00e9gique et global entre l&#039;UE et la Tunisie, la Commission annonce une aide budg\u00e9taire...\" \/>\n<link rel=\"canonical\" href=\"https:\/\/www.webdo.tn\/fr\/actualite\/national\/la-commission-europeenne-annonce-pres-de-127-millions-d-euros-en-appui-a-la-mise-en-oeuvre-du-memorandum-d-entente-avec-la-tunisie\/208863\/\" \/>\n<meta property=\"og:locale\" content=\"fr_FR\" \/>\n<meta property=\"og:type\" content=\"article\" \/>\n<meta property=\"og:title\" content=\"La Commission europ\u00e9enne annonce pr\u00e8s de 127 millions d&#039;euros en faveur de la Tunisie\" \/>\n<meta property=\"og:description\" content=\"En appui \u00e0 la mise en \u0153uvre du m\u00e9morandum d\u2019entente sur un partenariat strat\u00e9gique et global entre l&#039;UE et la Tunisie, la Commission annonce une aide budg\u00e9taire...\" \/>\n<meta property=\"og:url\" content=\"https:\/\/www.webdo.tn\/fr\/actualite\/national\/la-commission-europeenne-annonce-pres-de-127-millions-d-euros-en-appui-a-la-mise-en-oeuvre-du-memorandum-d-entente-avec-la-tunisie\/208863\/\" \/>\n<meta property=\"og:site_name\" content=\"webdo\" \/>\n<meta property=\"article:publisher\" content=\"https:\/\/www.facebook.com\/webdotn\" \/>\n<meta property=\"article:published_time\" content=\"2023-09-22T22:27:00+00:00\" \/>\n<meta property=\"article:modified_time\" content=\"2025-05-20T21:57:15+00:00\" \/>\n<meta property=\"og:image\" content=\"https:\/\/www.webdo.tn\/fr\/wp-content\/uploads\/2023\/09\/5ac6e9529556ed8f0a4595938d7a56c6.jpg\" \/>\n\t<meta property=\"og:image:width\" content=\"750\" \/>\n\t<meta property=\"og:image:height\" content=\"400\" \/>\n\t<meta property=\"og:image:type\" content=\"image\/jpeg\" \/>\n<meta name=\"author\" content=\"MC\" \/>\n<meta name=\"twitter:card\" content=\"summary_large_image\" \/>\n<meta name=\"twitter:creator\" content=\"@webdo_tn\" \/>\n<meta name=\"twitter:site\" content=\"@webdo_tn\" \/>\n<meta name=\"twitter:label1\" content=\"\u00c9crit par\" \/>\n\t<meta name=\"twitter:data1\" content=\"MC\" \/>\n\t<meta name=\"twitter:label2\" content=\"Dur\u00e9e de lecture estim\u00e9e\" \/>\n\t<meta name=\"twitter:data2\" content=\"2 minutes\" \/>\n<script type=\"application\/ld+json\" class=\"yoast-schema-graph\">{\"@context\":\"https:\\\/\\\/schema.org\",\"@graph\":[{\"@type\":\"NewsArticle\",\"@id\":\"https:\\\/\\\/www.webdo.tn\\\/fr\\\/actualite\\\/national\\\/la-commission-europeenne-annonce-pres-de-127-millions-d-euros-en-appui-a-la-mise-en-oeuvre-du-memorandum-d-entente-avec-la-tunisie\\\/208863\\\/#article\",\"isPartOf\":{\"@id\":\"https:\\\/\\\/www.webdo.tn\\\/fr\\\/actualite\\\/national\\\/la-commission-europeenne-annonce-pres-de-127-millions-d-euros-en-appui-a-la-mise-en-oeuvre-du-memorandum-d-entente-avec-la-tunisie\\\/208863\\\/\"},\"author\":{\"name\":\"MC\",\"@id\":\"https:\\\/\\\/www.webdo.tn\\\/fr\\\/#\\\/schema\\\/person\\\/2c4929cbf5a809e3bd38617c6ce150f6\"},\"headline\":\"La Commission europ\u00e9enne annonce pr\u00e8s de 127 millions d&rsquo;euros en faveur de la Tunisie\",\"datePublished\":\"2023-09-22T22:27:00+00:00\",\"dateModified\":\"2025-05-20T21:57:15+00:00\",\"mainEntityOfPage\":{\"@id\":\"https:\\\/\\\/www.webdo.tn\\\/fr\\\/actualite\\\/national\\\/la-commission-europeenne-annonce-pres-de-127-millions-d-euros-en-appui-a-la-mise-en-oeuvre-du-memorandum-d-entente-avec-la-tunisie\\\/208863\\\/\"},\"wordCount\":509,\"commentCount\":0,\"publisher\":{\"@id\":\"https:\\\/\\\/www.webdo.tn\\\/fr\\\/#organization\"},\"image\":{\"@id\":\"https:\\\/\\\/www.webdo.tn\\\/fr\\\/actualite\\\/national\\\/la-commission-europeenne-annonce-pres-de-127-millions-d-euros-en-appui-a-la-mise-en-oeuvre-du-memorandum-d-entente-avec-la-tunisie\\\/208863\\\/#primaryimage\"},\"thumbnailUrl\":\"https:\\\/\\\/www.webdo.tn\\\/fr\\\/wp-content\\\/uploads\\\/2023\\\/09\\\/5ac6e9529556ed8f0a4595938d7a56c6.jpg\",\"keywords\":[\"immigration\",\"M\u00e9morandum d\u2019entente\",\"Tunisie\",\"UE\"],\"articleSection\":[\"National\"],\"inLanguage\":\"fr-FR\"},{\"@type\":\"WebPage\",\"@id\":\"https:\\\/\\\/www.webdo.tn\\\/fr\\\/actualite\\\/national\\\/la-commission-europeenne-annonce-pres-de-127-millions-d-euros-en-appui-a-la-mise-en-oeuvre-du-memorandum-d-entente-avec-la-tunisie\\\/208863\\\/\",\"url\":\"https:\\\/\\\/www.webdo.tn\\\/fr\\\/actualite\\\/national\\\/la-commission-europeenne-annonce-pres-de-127-millions-d-euros-en-appui-a-la-mise-en-oeuvre-du-memorandum-d-entente-avec-la-tunisie\\\/208863\\\/\",\"name\":\"La Commission europ\u00e9enne annonce pr\u00e8s de 127 millions d'euros en faveur de la Tunisie\",\"isPartOf\":{\"@id\":\"https:\\\/\\\/www.webdo.tn\\\/fr\\\/#website\"},\"primaryImageOfPage\":{\"@id\":\"https:\\\/\\\/www.webdo.tn\\\/fr\\\/actualite\\\/national\\\/la-commission-europeenne-annonce-pres-de-127-millions-d-euros-en-appui-a-la-mise-en-oeuvre-du-memorandum-d-entente-avec-la-tunisie\\\/208863\\\/#primaryimage\"},\"image\":{\"@id\":\"https:\\\/\\\/www.webdo.tn\\\/fr\\\/actualite\\\/national\\\/la-commission-europeenne-annonce-pres-de-127-millions-d-euros-en-appui-a-la-mise-en-oeuvre-du-memorandum-d-entente-avec-la-tunisie\\\/208863\\\/#primaryimage\"},\"thumbnailUrl\":\"https:\\\/\\\/www.webdo.tn\\\/fr\\\/wp-content\\\/uploads\\\/2023\\\/09\\\/5ac6e9529556ed8f0a4595938d7a56c6.jpg\",\"datePublished\":\"2023-09-22T22:27:00+00:00\",\"dateModified\":\"2025-05-20T21:57:15+00:00\",\"description\":\"En appui \u00e0 la mise en \u0153uvre du m\u00e9morandum d\u2019entente sur un partenariat strat\u00e9gique et global entre l'UE et la Tunisie, la Commission annonce une aide budg\u00e9taire...\",\"breadcrumb\":{\"@id\":\"https:\\\/\\\/www.webdo.tn\\\/fr\\\/actualite\\\/national\\\/la-commission-europeenne-annonce-pres-de-127-millions-d-euros-en-appui-a-la-mise-en-oeuvre-du-memorandum-d-entente-avec-la-tunisie\\\/208863\\\/#breadcrumb\"},\"inLanguage\":\"fr-FR\",\"potentialAction\":[{\"@type\":\"ReadAction\",\"target\":[\"https:\\\/\\\/www.webdo.tn\\\/fr\\\/actualite\\\/national\\\/la-commission-europeenne-annonce-pres-de-127-millions-d-euros-en-appui-a-la-mise-en-oeuvre-du-memorandum-d-entente-avec-la-tunisie\\\/208863\\\/\"]}]},{\"@type\":\"ImageObject\",\"inLanguage\":\"fr-FR\",\"@id\":\"https:\\\/\\\/www.webdo.tn\\\/fr\\\/actualite\\\/national\\\/la-commission-europeenne-annonce-pres-de-127-millions-d-euros-en-appui-a-la-mise-en-oeuvre-du-memorandum-d-entente-avec-la-tunisie\\\/208863\\\/#primaryimage\",\"url\":\"https:\\\/\\\/www.webdo.tn\\\/fr\\\/wp-content\\\/uploads\\\/2023\\\/09\\\/5ac6e9529556ed8f0a4595938d7a56c6.jpg\",\"contentUrl\":\"https:\\\/\\\/www.webdo.tn\\\/fr\\\/wp-content\\\/uploads\\\/2023\\\/09\\\/5ac6e9529556ed8f0a4595938d7a56c6.jpg\",\"width\":750,\"height\":400,\"caption\":\"La Commission europ\u00e9enne annonce pr\u00e8s de 127 millions d'euros en faveur de la Tunisie\"},{\"@type\":\"BreadcrumbList\",\"@id\":\"https:\\\/\\\/www.webdo.tn\\\/fr\\\/actualite\\\/national\\\/la-commission-europeenne-annonce-pres-de-127-millions-d-euros-en-appui-a-la-mise-en-oeuvre-du-memorandum-d-entente-avec-la-tunisie\\\/208863\\\/#breadcrumb\",\"itemListElement\":[{\"@type\":\"ListItem\",\"position\":1,\"name\":\"Accueil\",\"item\":\"https:\\\/\\\/www.webdo.tn\\\/fr\\\/\"},{\"@type\":\"ListItem\",\"position\":2,\"name\":\"La Commission europ\u00e9enne annonce pr\u00e8s de 127 millions d&#8217;euros en faveur de la Tunisie\"}]},{\"@type\":\"WebSite\",\"@id\":\"https:\\\/\\\/www.webdo.tn\\\/fr\\\/#website\",\"url\":\"https:\\\/\\\/www.webdo.tn\\\/fr\\\/\",\"name\":\"webdo\",\"description\":\"Tunisie - News en Tunisie et \u00e0 l&#039;international sur Webdo.tn\",\"publisher\":{\"@id\":\"https:\\\/\\\/www.webdo.tn\\\/fr\\\/#organization\"},\"potentialAction\":[{\"@type\":\"SearchAction\",\"target\":{\"@type\":\"EntryPoint\",\"urlTemplate\":\"https:\\\/\\\/www.webdo.tn\\\/fr\\\/?s={search_term_string}\"},\"query-input\":{\"@type\":\"PropertyValueSpecification\",\"valueRequired\":true,\"valueName\":\"search_term_string\"}}],\"inLanguage\":\"fr-FR\"},{\"@type\":\"Organization\",\"@id\":\"https:\\\/\\\/www.webdo.tn\\\/fr\\\/#organization\",\"name\":\"Webdo\",\"alternateName\":\"Webdo.tn\",\"url\":\"https:\\\/\\\/www.webdo.tn\\\/fr\\\/\",\"logo\":{\"@type\":\"ImageObject\",\"inLanguage\":\"fr-FR\",\"@id\":\"https:\\\/\\\/www.webdo.tn\\\/fr\\\/#\\\/schema\\\/logo\\\/image\\\/\",\"url\":\"https:\\\/\\\/www.webdo.tn\\\/fr\\\/wp-content\\\/uploads\\\/2025\\\/06\\\/Webdo-Tunisie_168377.jpg\",\"contentUrl\":\"https:\\\/\\\/www.webdo.tn\\\/fr\\\/wp-content\\\/uploads\\\/2025\\\/06\\\/Webdo-Tunisie_168377.jpg\",\"width\":301,\"height\":301,\"caption\":\"Webdo\"},\"image\":{\"@id\":\"https:\\\/\\\/www.webdo.tn\\\/fr\\\/#\\\/schema\\\/logo\\\/image\\\/\"},\"sameAs\":[\"https:\\\/\\\/www.facebook.com\\\/webdotn\",\"https:\\\/\\\/x.com\\\/webdo_tn\"],\"description\":\"Webdo est un m\u00e9dia num\u00e9rique tunisien fond\u00e9 en 2010, sp\u00e9cialis\u00e9 dans l\u2019actualit\u00e9 nationale et internationale, l\u2019\u00e9conomie, la soci\u00e9t\u00e9 et les analyses politiques. Le site s\u2019adresse \u00e0 un large public francophone et couvre l\u2019information tunisienne en temps r\u00e9el.\",\"email\":\"redac@webdo.tn\",\"legalName\":\"YNJ SARL\",\"foundingDate\":\"2010-09-06\",\"numberOfEmployees\":{\"@type\":\"QuantitativeValue\",\"minValue\":\"11\",\"maxValue\":\"50\"}},{\"@type\":\"Person\",\"@id\":\"https:\\\/\\\/www.webdo.tn\\\/fr\\\/#\\\/schema\\\/person\\\/2c4929cbf5a809e3bd38617c6ce150f6\",\"name\":\"MC\",\"image\":{\"@type\":\"ImageObject\",\"inLanguage\":\"fr-FR\",\"@id\":\"https:\\\/\\\/secure.gravatar.com\\\/avatar\\\/a545bbb6f84efdd5553dbbc2895e3ca8f1d12c5215e00a041c9670b54aa9b18a?s=96&d=mm&r=g\",\"url\":\"https:\\\/\\\/secure.gravatar.com\\\/avatar\\\/a545bbb6f84efdd5553dbbc2895e3ca8f1d12c5215e00a041c9670b54aa9b18a?s=96&d=mm&r=g\",\"contentUrl\":\"https:\\\/\\\/secure.gravatar.com\\\/avatar\\\/a545bbb6f84efdd5553dbbc2895e3ca8f1d12c5215e00a041c9670b54aa9b18a?s=96&d=mm&r=g\",\"caption\":\"MC\"},\"url\":\"https:\\\/\\\/www.webdo.tn\\\/fr\\\/actualite\\\/author\\\/mc\\\/\"}]}<\/script>\n<!-- \/ Yoast SEO Premium plugin. -->","yoast_head_json":{"title":"La Commission europ\u00e9enne annonce pr\u00e8s de 127 millions d'euros en faveur de la Tunisie","description":"En appui \u00e0 la mise en \u0153uvre du m\u00e9morandum d\u2019entente sur un partenariat strat\u00e9gique et global entre l'UE et la Tunisie, la Commission annonce une aide budg\u00e9taire...","canonical":"https:\/\/www.webdo.tn\/fr\/actualite\/national\/la-commission-europeenne-annonce-pres-de-127-millions-d-euros-en-appui-a-la-mise-en-oeuvre-du-memorandum-d-entente-avec-la-tunisie\/208863\/","og_locale":"fr_FR","og_type":"article","og_title":"La Commission europ\u00e9enne annonce pr\u00e8s de 127 millions d'euros en faveur de la Tunisie","og_description":"En appui \u00e0 la mise en \u0153uvre du m\u00e9morandum d\u2019entente sur un partenariat strat\u00e9gique et global entre l'UE et la Tunisie, la Commission annonce une aide budg\u00e9taire...","og_url":"https:\/\/www.webdo.tn\/fr\/actualite\/national\/la-commission-europeenne-annonce-pres-de-127-millions-d-euros-en-appui-a-la-mise-en-oeuvre-du-memorandum-d-entente-avec-la-tunisie\/208863\/","og_site_name":"webdo","article_publisher":"https:\/\/www.facebook.com\/webdotn","article_published_time":"2023-09-22T22:27:00+00:00","article_modified_time":"2025-05-20T21:57:15+00:00","og_image":[{"width":750,"height":400,"url":"https:\/\/www.webdo.tn\/fr\/wp-content\/uploads\/2023\/09\/5ac6e9529556ed8f0a4595938d7a56c6.jpg","type":"image\/jpeg"}],"author":"MC","twitter_card":"summary_large_image","twitter_creator":"@webdo_tn","twitter_site":"@webdo_tn","twitter_misc":{"\u00c9crit par":"MC","Dur\u00e9e de lecture estim\u00e9e":"2 minutes"},"schema":{"@context":"https:\/\/schema.org","@graph":[{"@type":"NewsArticle","@id":"https:\/\/www.webdo.tn\/fr\/actualite\/national\/la-commission-europeenne-annonce-pres-de-127-millions-d-euros-en-appui-a-la-mise-en-oeuvre-du-memorandum-d-entente-avec-la-tunisie\/208863\/#article","isPartOf":{"@id":"https:\/\/www.webdo.tn\/fr\/actualite\/national\/la-commission-europeenne-annonce-pres-de-127-millions-d-euros-en-appui-a-la-mise-en-oeuvre-du-memorandum-d-entente-avec-la-tunisie\/208863\/"},"author":{"name":"MC","@id":"https:\/\/www.webdo.tn\/fr\/#\/schema\/person\/2c4929cbf5a809e3bd38617c6ce150f6"},"headline":"La Commission europ\u00e9enne annonce pr\u00e8s de 127 millions d&rsquo;euros en faveur de la Tunisie","datePublished":"2023-09-22T22:27:00+00:00","dateModified":"2025-05-20T21:57:15+00:00","mainEntityOfPage":{"@id":"https:\/\/www.webdo.tn\/fr\/actualite\/national\/la-commission-europeenne-annonce-pres-de-127-millions-d-euros-en-appui-a-la-mise-en-oeuvre-du-memorandum-d-entente-avec-la-tunisie\/208863\/"},"wordCount":509,"commentCount":0,"publisher":{"@id":"https:\/\/www.webdo.tn\/fr\/#organization"},"image":{"@id":"https:\/\/www.webdo.tn\/fr\/actualite\/national\/la-commission-europeenne-annonce-pres-de-127-millions-d-euros-en-appui-a-la-mise-en-oeuvre-du-memorandum-d-entente-avec-la-tunisie\/208863\/#primaryimage"},"thumbnailUrl":"https:\/\/www.webdo.tn\/fr\/wp-content\/uploads\/2023\/09\/5ac6e9529556ed8f0a4595938d7a56c6.jpg","keywords":["immigration","M\u00e9morandum d\u2019entente","Tunisie","UE"],"articleSection":["National"],"inLanguage":"fr-FR"},{"@type":"WebPage","@id":"https:\/\/www.webdo.tn\/fr\/actualite\/national\/la-commission-europeenne-annonce-pres-de-127-millions-d-euros-en-appui-a-la-mise-en-oeuvre-du-memorandum-d-entente-avec-la-tunisie\/208863\/","url":"https:\/\/www.webdo.tn\/fr\/actualite\/national\/la-commission-europeenne-annonce-pres-de-127-millions-d-euros-en-appui-a-la-mise-en-oeuvre-du-memorandum-d-entente-avec-la-tunisie\/208863\/","name":"La Commission europ\u00e9enne annonce pr\u00e8s de 127 millions d'euros en faveur de la Tunisie","isPartOf":{"@id":"https:\/\/www.webdo.tn\/fr\/#website"},"primaryImageOfPage":{"@id":"https:\/\/www.webdo.tn\/fr\/actualite\/national\/la-commission-europeenne-annonce-pres-de-127-millions-d-euros-en-appui-a-la-mise-en-oeuvre-du-memorandum-d-entente-avec-la-tunisie\/208863\/#primaryimage"},"image":{"@id":"https:\/\/www.webdo.tn\/fr\/actualite\/national\/la-commission-europeenne-annonce-pres-de-127-millions-d-euros-en-appui-a-la-mise-en-oeuvre-du-memorandum-d-entente-avec-la-tunisie\/208863\/#primaryimage"},"thumbnailUrl":"https:\/\/www.webdo.tn\/fr\/wp-content\/uploads\/2023\/09\/5ac6e9529556ed8f0a4595938d7a56c6.jpg","datePublished":"2023-09-22T22:27:00+00:00","dateModified":"2025-05-20T21:57:15+00:00","description":"En appui \u00e0 la mise en \u0153uvre du m\u00e9morandum d\u2019entente sur un partenariat strat\u00e9gique et global entre l'UE et la Tunisie, la Commission annonce une aide budg\u00e9taire...","breadcrumb":{"@id":"https:\/\/www.webdo.tn\/fr\/actualite\/national\/la-commission-europeenne-annonce-pres-de-127-millions-d-euros-en-appui-a-la-mise-en-oeuvre-du-memorandum-d-entente-avec-la-tunisie\/208863\/#breadcrumb"},"inLanguage":"fr-FR","potentialAction":[{"@type":"ReadAction","target":["https:\/\/www.webdo.tn\/fr\/actualite\/national\/la-commission-europeenne-annonce-pres-de-127-millions-d-euros-en-appui-a-la-mise-en-oeuvre-du-memorandum-d-entente-avec-la-tunisie\/208863\/"]}]},{"@type":"ImageObject","inLanguage":"fr-FR","@id":"https:\/\/www.webdo.tn\/fr\/actualite\/national\/la-commission-europeenne-annonce-pres-de-127-millions-d-euros-en-appui-a-la-mise-en-oeuvre-du-memorandum-d-entente-avec-la-tunisie\/208863\/#primaryimage","url":"https:\/\/www.webdo.tn\/fr\/wp-content\/uploads\/2023\/09\/5ac6e9529556ed8f0a4595938d7a56c6.jpg","contentUrl":"https:\/\/www.webdo.tn\/fr\/wp-content\/uploads\/2023\/09\/5ac6e9529556ed8f0a4595938d7a56c6.jpg","width":750,"height":400,"caption":"La Commission europ\u00e9enne annonce pr\u00e8s de 127 millions d'euros en faveur de la Tunisie"},{"@type":"BreadcrumbList","@id":"https:\/\/www.webdo.tn\/fr\/actualite\/national\/la-commission-europeenne-annonce-pres-de-127-millions-d-euros-en-appui-a-la-mise-en-oeuvre-du-memorandum-d-entente-avec-la-tunisie\/208863\/#breadcrumb","itemListElement":[{"@type":"ListItem","position":1,"name":"Accueil","item":"https:\/\/www.webdo.tn\/fr\/"},{"@type":"ListItem","position":2,"name":"La Commission europ\u00e9enne annonce pr\u00e8s de 127 millions d&#8217;euros en faveur de la Tunisie"}]},{"@type":"WebSite","@id":"https:\/\/www.webdo.tn\/fr\/#website","url":"https:\/\/www.webdo.tn\/fr\/","name":"webdo","description":"Tunisie - News en Tunisie et \u00e0 l&#039;international sur Webdo.tn","publisher":{"@id":"https:\/\/www.webdo.tn\/fr\/#organization"},"potentialAction":[{"@type":"SearchAction","target":{"@type":"EntryPoint","urlTemplate":"https:\/\/www.webdo.tn\/fr\/?s={search_term_string}"},"query-input":{"@type":"PropertyValueSpecification","valueRequired":true,"valueName":"search_term_string"}}],"inLanguage":"fr-FR"},{"@type":"Organization","@id":"https:\/\/www.webdo.tn\/fr\/#organization","name":"Webdo","alternateName":"Webdo.tn","url":"https:\/\/www.webdo.tn\/fr\/","logo":{"@type":"ImageObject","inLanguage":"fr-FR","@id":"https:\/\/www.webdo.tn\/fr\/#\/schema\/logo\/image\/","url":"https:\/\/www.webdo.tn\/fr\/wp-content\/uploads\/2025\/06\/Webdo-Tunisie_168377.jpg","contentUrl":"https:\/\/www.webdo.tn\/fr\/wp-content\/uploads\/2025\/06\/Webdo-Tunisie_168377.jpg","width":301,"height":301,"caption":"Webdo"},"image":{"@id":"https:\/\/www.webdo.tn\/fr\/#\/schema\/logo\/image\/"},"sameAs":["https:\/\/www.facebook.com\/webdotn","https:\/\/x.com\/webdo_tn"],"description":"Webdo est un m\u00e9dia num\u00e9rique tunisien fond\u00e9 en 2010, sp\u00e9cialis\u00e9 dans l\u2019actualit\u00e9 nationale et internationale, l\u2019\u00e9conomie, la soci\u00e9t\u00e9 et les analyses politiques. Le site s\u2019adresse \u00e0 un large public francophone et couvre l\u2019information tunisienne en temps r\u00e9el.","email":"redac@webdo.tn","legalName":"YNJ SARL","foundingDate":"2010-09-06","numberOfEmployees":{"@type":"QuantitativeValue","minValue":"11","maxValue":"50"}},{"@type":"Person","@id":"https:\/\/www.webdo.tn\/fr\/#\/schema\/person\/2c4929cbf5a809e3bd38617c6ce150f6","name":"MC","image":{"@type":"ImageObject","inLanguage":"fr-FR","@id":"https:\/\/secure.gravatar.com\/avatar\/a545bbb6f84efdd5553dbbc2895e3ca8f1d12c5215e00a041c9670b54aa9b18a?s=96&d=mm&r=g","url":"https:\/\/secure.gravatar.com\/avatar\/a545bbb6f84efdd5553dbbc2895e3ca8f1d12c5215e00a041c9670b54aa9b18a?s=96&d=mm&r=g","contentUrl":"https:\/\/secure.gravatar.com\/avatar\/a545bbb6f84efdd5553dbbc2895e3ca8f1d12c5215e00a041c9670b54aa9b18a?s=96&d=mm&r=g","caption":"MC"},"url":"https:\/\/www.webdo.tn\/fr\/actualite\/author\/mc\/"}]}},"_links":{"self":[{"href":"https:\/\/www.webdo.tn\/fr\/wp-json\/wp\/v2\/posts\/208863","targetHints":{"allow":["GET"]}}],"collection":[{"href":"https:\/\/www.webdo.tn\/fr\/wp-json\/wp\/v2\/posts"}],"about":[{"href":"https:\/\/www.webdo.tn\/fr\/wp-json\/wp\/v2\/types\/post"}],"author":[{"embeddable":true,"href":"https:\/\/www.webdo.tn\/fr\/wp-json\/wp\/v2\/users\/3162"}],"replies":[{"embeddable":true,"href":"https:\/\/www.webdo.tn\/fr\/wp-json\/wp\/v2\/comments?post=208863"}],"version-history":[{"count":0,"href":"https:\/\/www.webdo.tn\/fr\/wp-json\/wp\/v2\/posts\/208863\/revisions"}],"wp:featuredmedia":[{"embeddable":true,"href":"https:\/\/www.webdo.tn\/fr\/wp-json\/wp\/v2\/media\/249245"}],"wp:attachment":[{"href":"https:\/\/www.webdo.tn\/fr\/wp-json\/wp\/v2\/media?parent=208863"}],"wp:term":[{"taxonomy":"category","embeddable":true,"href":"https:\/\/www.webdo.tn\/fr\/wp-json\/wp\/v2\/categories?post=208863"},{"taxonomy":"post_tag","embeddable":true,"href":"https:\/\/www.webdo.tn\/fr\/wp-json\/wp\/v2\/tags?post=208863"}],"curies":[{"name":"wp","href":"https:\/\/api.w.org\/{rel}","templated":true}]}}