{"id":208839,"date":"2023-09-22T09:26:00","date_gmt":"2023-09-22T09:26:00","guid":{"rendered":"https:\/\/www.webdo.tn\/fr\/blog\/djerba-vingt-deux-mosquees-une-eglise-et-une-synagogue\/208839\/"},"modified":"2023-09-22T09:26:00","modified_gmt":"2023-09-22T09:26:00","slug":"djerba-vingt-deux-mosquees-une-eglise-et-une-synagogue","status":"publish","type":"post","link":"https:\/\/www.webdo.tn\/fr\/actualite\/chroniques\/djerba-vingt-deux-mosquees-une-eglise-et-une-synagogue\/208839\/","title":{"rendered":"Djerba : Vingt-deux mosqu\u00e9es, une \u00e9glise et une synagogue"},"content":{"rendered":"<p>A Djerba, quels sont les vingt-quatre monuments \u00e0 avoir \u00e9t\u00e9 inscrits sur la liste du patrimoine mondial de l&rsquo;Unesco ?<\/p>\n<p>\t\t\t\t\t\t\t\t\tCe sont vingt-deux mosqu\u00e9es, une \u00e9glise et une synagogue qui, \u00e0 Djerba, viennent d&rsquo;\u00eatre inscrites au patrimoine mondial de l&rsquo;Unesco.<\/p>\n<p>Au total, vingt-quatre monuments viennent d&rsquo;\u00eatre distingu\u00e9s et devraient d\u00e9sormais jouer le r\u00f4le de locomotive dans la sauvegarde et la promotion du patrimoine de l&rsquo;\u00eele.<\/p>\n<p>La synagogue n&rsquo;est autre que celle de la Ghriba dont l&rsquo;histoire imm\u00e9moriale est connue de tous. L&rsquo;\u00e9glise est pour sa part, celle grecque orthodoxe, d\u00e9di\u00e9e \u00e0 Saint Nicolas.<\/p>\n<p>Voici ensuite la liste des vingt-deux mosqu\u00e9es, qui se r\u00e9partissent aux quatre coins de l&rsquo;\u00eele de Djerba :<\/p>\n<p>\tMosqu\u00e9e Sidi Salem<br \/>\n\tMosqu\u00e9e Sidi Smain<br \/>\n\tMosqu\u00e9e Sidi Zekri<br \/>\n\tMosqu\u00e9e Moghzel<br \/>\n\tMosqu\u00e9e Sidi Y\u00e9ti<br \/>\n\tMosqu\u00e9e Guellala<br \/>\n\tMosqu\u00e9e Imghar<br \/>\n\tMosqu\u00e9e Berdaoui<br \/>\n\tMosqu\u00e9e Sidi Jmour<br \/>\n\tMosqu\u00e9e Abou Messouer<br \/>\n\tMosqu\u00e9e Tajdit<br \/>\n\tMosqu\u00e9e Tlakine<br \/>\n\tMosqu\u00e9e Medrajen<br \/>\n\tMosqu\u00e9e Essalaouti<br \/>\n\tMosqu\u00e9e Fadhloun<br \/>\n\tMosqu\u00e9e Mthaniya<br \/>\n\tMosqu\u00e9e El Fguira<br \/>\n\tMosqu\u00e9e El Bessi<br \/>\n\tMosqu\u00e9e Cheikh<br \/>\n\tMosqu\u00e9e Louta<br \/>\n\tMosqu\u00e9e Welhi<br \/>\n\tMosqu\u00e9e Ben Bi\u00e8ne<\/p>\n<p>Ces mosqu\u00e9es contribuent \u00e0 un paysage culturel qui t\u00e9moigne d\u2019un mode d\u2019occupation d\u2019un territoire insulaire en relation avec une \u00e9conomie de l&rsquo;eau.<\/p>\n<p>Nous reviendrons prochainement sur ce patrimoine particulier de l&rsquo;\u00eele de Djerba.<\/p>\n","protected":false},"excerpt":{"rendered":"<p>A Djerba, quels sont les vingt-quatre monuments \u00e0 avoir \u00e9t\u00e9 inscrits sur la liste du patrimoine mondial de l&rsquo;Unesco ?<\/p>\n","protected":false},"author":3229,"featured_media":289637,"comment_status":"open","ping_status":"closed","sticky":false,"template":"","format":"standard","meta":{"footnotes":""},"categories":[2596],"tags":[3696,4759,7545,7895,9476,4946],"class_list":["post-208839","post","type-post","status-publish","format-standard","has-post-thumbnail","hentry","category-chroniques","tag-djerba","tag-eglise","tag-mosquees","tag-patrimoine-mondial","tag-synagogue","tag-unesco"],"yoast_head":"<!-- This site is optimized with the Yoast SEO Premium plugin v27.5 (Yoast SEO v27.5) - https:\/\/yoast.com\/product\/yoast-seo-premium-wordpress\/ -->\n<title>Djerba : Vingt-deux mosqu\u00e9es, une \u00e9glise et une synagogue<\/title>\n<meta name=\"description\" content=\"A Djerba, quels sont les vingt-quatre monuments \u00e0 avoir \u00e9t\u00e9 inscrits sur la liste du patrimoine mondial de l&#039;Unesco ?\" \/>\n<link rel=\"canonical\" href=\"https:\/\/www.webdo.tn\/fr\/actualite\/chroniques\/djerba-vingt-deux-mosquees-une-eglise-et-une-synagogue\/208839\/\" \/>\n<meta property=\"og:locale\" content=\"fr_FR\" \/>\n<meta property=\"og:type\" content=\"article\" \/>\n<meta property=\"og:title\" content=\"Djerba : Vingt-deux mosqu\u00e9es, une \u00e9glise et une synagogue\" \/>\n<meta property=\"og:description\" content=\"A Djerba, quels sont les vingt-quatre monuments \u00e0 avoir \u00e9t\u00e9 inscrits sur la liste du patrimoine mondial de l&#039;Unesco ?\" \/>\n<meta property=\"og:url\" content=\"https:\/\/www.webdo.tn\/fr\/actualite\/chroniques\/djerba-vingt-deux-mosquees-une-eglise-et-une-synagogue\/208839\/\" \/>\n<meta property=\"og:site_name\" content=\"webdo\" \/>\n<meta property=\"article:publisher\" content=\"https:\/\/www.facebook.com\/webdotn\" \/>\n<meta property=\"article:author\" content=\"https:\/\/www.facebook.com\/hatem.bourial.2025\" \/>\n<meta property=\"article:published_time\" content=\"2023-09-22T09:26:00+00:00\" \/>\n<meta property=\"og:image\" content=\"https:\/\/www.webdo.tn\/fr\/wp-content\/uploads\/2023\/09\/17d1fca51dbfe07a0ecf4dbb02e3b02c.jpg\" \/>\n\t<meta property=\"og:image:width\" content=\"750\" \/>\n\t<meta property=\"og:image:height\" content=\"400\" \/>\n\t<meta property=\"og:image:type\" content=\"image\/jpeg\" \/>\n<meta name=\"author\" content=\"Hatem Bourial\" \/>\n<meta name=\"twitter:card\" content=\"summary_large_image\" \/>\n<meta name=\"twitter:creator\" content=\"@webdo_tn\" \/>\n<meta name=\"twitter:site\" content=\"@webdo_tn\" \/>\n<meta name=\"twitter:label1\" content=\"\u00c9crit par\" \/>\n\t<meta name=\"twitter:data1\" content=\"Hatem Bourial\" \/>\n\t<meta name=\"twitter:label2\" content=\"Dur\u00e9e de lecture estim\u00e9e\" \/>\n\t<meta name=\"twitter:data2\" content=\"1 minute\" \/>\n<script type=\"application\/ld+json\" class=\"yoast-schema-graph\">{\"@context\":\"https:\\\/\\\/schema.org\",\"@graph\":[{\"@type\":\"NewsArticle\",\"@id\":\"https:\\\/\\\/www.webdo.tn\\\/fr\\\/actualite\\\/chroniques\\\/djerba-vingt-deux-mosquees-une-eglise-et-une-synagogue\\\/208839\\\/#article\",\"isPartOf\":{\"@id\":\"https:\\\/\\\/www.webdo.tn\\\/fr\\\/actualite\\\/chroniques\\\/djerba-vingt-deux-mosquees-une-eglise-et-une-synagogue\\\/208839\\\/\"},\"author\":{\"name\":\"Hatem Bourial\",\"@id\":\"https:\\\/\\\/www.webdo.tn\\\/fr\\\/#\\\/schema\\\/person\\\/6bc0beba2cd23aec27cb5df85ca2554f\"},\"headline\":\"Djerba : Vingt-deux mosqu\u00e9es, une \u00e9glise et une synagogue\",\"datePublished\":\"2023-09-22T09:26:00+00:00\",\"mainEntityOfPage\":{\"@id\":\"https:\\\/\\\/www.webdo.tn\\\/fr\\\/actualite\\\/chroniques\\\/djerba-vingt-deux-mosquees-une-eglise-et-une-synagogue\\\/208839\\\/\"},\"wordCount\":249,\"commentCount\":0,\"publisher\":{\"@id\":\"https:\\\/\\\/www.webdo.tn\\\/fr\\\/#organization\"},\"image\":{\"@id\":\"https:\\\/\\\/www.webdo.tn\\\/fr\\\/actualite\\\/chroniques\\\/djerba-vingt-deux-mosquees-une-eglise-et-une-synagogue\\\/208839\\\/#primaryimage\"},\"thumbnailUrl\":\"https:\\\/\\\/www.webdo.tn\\\/fr\\\/wp-content\\\/uploads\\\/2023\\\/09\\\/17d1fca51dbfe07a0ecf4dbb02e3b02c.jpg\",\"keywords\":[\"djerba\",\"\u00e9glise\",\"mosqu\u00e9es\",\"Patrimoine mondial\",\"synagogue\",\"unesco\"],\"articleSection\":[\"Chroniques\"],\"inLanguage\":\"fr-FR\"},{\"@type\":\"WebPage\",\"@id\":\"https:\\\/\\\/www.webdo.tn\\\/fr\\\/actualite\\\/chroniques\\\/djerba-vingt-deux-mosquees-une-eglise-et-une-synagogue\\\/208839\\\/\",\"url\":\"https:\\\/\\\/www.webdo.tn\\\/fr\\\/actualite\\\/chroniques\\\/djerba-vingt-deux-mosquees-une-eglise-et-une-synagogue\\\/208839\\\/\",\"name\":\"Djerba : Vingt-deux mosqu\u00e9es, une \u00e9glise et une synagogue\",\"isPartOf\":{\"@id\":\"https:\\\/\\\/www.webdo.tn\\\/fr\\\/#website\"},\"primaryImageOfPage\":{\"@id\":\"https:\\\/\\\/www.webdo.tn\\\/fr\\\/actualite\\\/chroniques\\\/djerba-vingt-deux-mosquees-une-eglise-et-une-synagogue\\\/208839\\\/#primaryimage\"},\"image\":{\"@id\":\"https:\\\/\\\/www.webdo.tn\\\/fr\\\/actualite\\\/chroniques\\\/djerba-vingt-deux-mosquees-une-eglise-et-une-synagogue\\\/208839\\\/#primaryimage\"},\"thumbnailUrl\":\"https:\\\/\\\/www.webdo.tn\\\/fr\\\/wp-content\\\/uploads\\\/2023\\\/09\\\/17d1fca51dbfe07a0ecf4dbb02e3b02c.jpg\",\"datePublished\":\"2023-09-22T09:26:00+00:00\",\"description\":\"A Djerba, quels sont les vingt-quatre monuments \u00e0 avoir \u00e9t\u00e9 inscrits sur la liste du patrimoine mondial de l'Unesco ?\",\"breadcrumb\":{\"@id\":\"https:\\\/\\\/www.webdo.tn\\\/fr\\\/actualite\\\/chroniques\\\/djerba-vingt-deux-mosquees-une-eglise-et-une-synagogue\\\/208839\\\/#breadcrumb\"},\"inLanguage\":\"fr-FR\",\"potentialAction\":[{\"@type\":\"ReadAction\",\"target\":[\"https:\\\/\\\/www.webdo.tn\\\/fr\\\/actualite\\\/chroniques\\\/djerba-vingt-deux-mosquees-une-eglise-et-une-synagogue\\\/208839\\\/\"]}]},{\"@type\":\"ImageObject\",\"inLanguage\":\"fr-FR\",\"@id\":\"https:\\\/\\\/www.webdo.tn\\\/fr\\\/actualite\\\/chroniques\\\/djerba-vingt-deux-mosquees-une-eglise-et-une-synagogue\\\/208839\\\/#primaryimage\",\"url\":\"https:\\\/\\\/www.webdo.tn\\\/fr\\\/wp-content\\\/uploads\\\/2023\\\/09\\\/17d1fca51dbfe07a0ecf4dbb02e3b02c.jpg\",\"contentUrl\":\"https:\\\/\\\/www.webdo.tn\\\/fr\\\/wp-content\\\/uploads\\\/2023\\\/09\\\/17d1fca51dbfe07a0ecf4dbb02e3b02c.jpg\",\"width\":750,\"height\":400,\"caption\":\"Djerba : Vingt-deux mosqu\u00e9es, une \u00e9glise et une synagogue\"},{\"@type\":\"BreadcrumbList\",\"@id\":\"https:\\\/\\\/www.webdo.tn\\\/fr\\\/actualite\\\/chroniques\\\/djerba-vingt-deux-mosquees-une-eglise-et-une-synagogue\\\/208839\\\/#breadcrumb\",\"itemListElement\":[{\"@type\":\"ListItem\",\"position\":1,\"name\":\"Accueil\",\"item\":\"https:\\\/\\\/www.webdo.tn\\\/fr\\\/\"},{\"@type\":\"ListItem\",\"position\":2,\"name\":\"Djerba : Vingt-deux mosqu\u00e9es, une \u00e9glise et une synagogue\"}]},{\"@type\":\"WebSite\",\"@id\":\"https:\\\/\\\/www.webdo.tn\\\/fr\\\/#website\",\"url\":\"https:\\\/\\\/www.webdo.tn\\\/fr\\\/\",\"name\":\"webdo\",\"description\":\"Tunisie - News en Tunisie et \u00e0 l&#039;international sur Webdo.tn\",\"publisher\":{\"@id\":\"https:\\\/\\\/www.webdo.tn\\\/fr\\\/#organization\"},\"potentialAction\":[{\"@type\":\"SearchAction\",\"target\":{\"@type\":\"EntryPoint\",\"urlTemplate\":\"https:\\\/\\\/www.webdo.tn\\\/fr\\\/?s={search_term_string}\"},\"query-input\":{\"@type\":\"PropertyValueSpecification\",\"valueRequired\":true,\"valueName\":\"search_term_string\"}}],\"inLanguage\":\"fr-FR\"},{\"@type\":\"Organization\",\"@id\":\"https:\\\/\\\/www.webdo.tn\\\/fr\\\/#organization\",\"name\":\"Webdo\",\"alternateName\":\"Webdo.tn\",\"url\":\"https:\\\/\\\/www.webdo.tn\\\/fr\\\/\",\"logo\":{\"@type\":\"ImageObject\",\"inLanguage\":\"fr-FR\",\"@id\":\"https:\\\/\\\/www.webdo.tn\\\/fr\\\/#\\\/schema\\\/logo\\\/image\\\/\",\"url\":\"https:\\\/\\\/www.webdo.tn\\\/fr\\\/wp-content\\\/uploads\\\/2025\\\/06\\\/Webdo-Tunisie_168377.jpg\",\"contentUrl\":\"https:\\\/\\\/www.webdo.tn\\\/fr\\\/wp-content\\\/uploads\\\/2025\\\/06\\\/Webdo-Tunisie_168377.jpg\",\"width\":301,\"height\":301,\"caption\":\"Webdo\"},\"image\":{\"@id\":\"https:\\\/\\\/www.webdo.tn\\\/fr\\\/#\\\/schema\\\/logo\\\/image\\\/\"},\"sameAs\":[\"https:\\\/\\\/www.facebook.com\\\/webdotn\",\"https:\\\/\\\/x.com\\\/webdo_tn\"],\"description\":\"Webdo est un m\u00e9dia num\u00e9rique tunisien fond\u00e9 en 2010, sp\u00e9cialis\u00e9 dans l\u2019actualit\u00e9 nationale et internationale, l\u2019\u00e9conomie, la soci\u00e9t\u00e9 et les analyses politiques. Le site s\u2019adresse \u00e0 un large public francophone et couvre l\u2019information tunisienne en temps r\u00e9el.\",\"email\":\"redac@webdo.tn\",\"legalName\":\"YNJ SARL\",\"foundingDate\":\"2010-09-06\",\"numberOfEmployees\":{\"@type\":\"QuantitativeValue\",\"minValue\":\"11\",\"maxValue\":\"50\"}},{\"@type\":\"Person\",\"@id\":\"https:\\\/\\\/www.webdo.tn\\\/fr\\\/#\\\/schema\\\/person\\\/6bc0beba2cd23aec27cb5df85ca2554f\",\"name\":\"Hatem Bourial\",\"image\":{\"@type\":\"ImageObject\",\"inLanguage\":\"fr-FR\",\"@id\":\"https:\\\/\\\/www.webdo.tn\\\/fr\\\/wp-content\\\/uploads\\\/2026\\\/04\\\/hatem-bourial_avatar-96x96.jpg\",\"url\":\"https:\\\/\\\/www.webdo.tn\\\/fr\\\/wp-content\\\/uploads\\\/2026\\\/04\\\/hatem-bourial_avatar-96x96.jpg\",\"contentUrl\":\"https:\\\/\\\/www.webdo.tn\\\/fr\\\/wp-content\\\/uploads\\\/2026\\\/04\\\/hatem-bourial_avatar-96x96.jpg\",\"caption\":\"Hatem Bourial\"},\"description\":\"Hatem Bourial est journaliste, \u00e9crivain et chroniqueur tunisien. Actif depuis plusieurs d\u00e9cennies, il s\u2019est impos\u00e9 comme un observateur attentif de la soci\u00e9t\u00e9 tunisienne, m\u00ealant dans ses \u00e9crits m\u00e9moire, culture et analyse du quotidien. Auteur de nombreux ouvrages, il d\u00e9veloppe une \u0153uvre \u00e0 la crois\u00e9e du r\u00e9cit, de la po\u00e9sie et de l\u2019observation sociologique. Parall\u00e8lement \u00e0 ses contributions dans la presse, il intervient r\u00e9guli\u00e8rement \u00e0 la radio et dans des espaces culturels, o\u00f9 il explore les enjeux li\u00e9s au patrimoine, \u00e0 l\u2019identit\u00e9 et aux transformations du monde contemporain. \u00c0 travers ses chroniques, Hatem Bourial propose une lecture sensible et approfondie de l\u2019actualit\u00e9, nourrie par une exp\u00e9rience journalistique et litt\u00e9raire reconnue. \ud83d\udd17 Facebook : https:\\\/\\\/www.facebook.com\\\/hatem.bourial.2025\",\"sameAs\":[\"https:\\\/\\\/www.facebook.com\\\/hatem.bourial.2025\",\"https:\\\/\\\/fr.wikipedia.org\\\/wiki\\\/Fichier:Hatem_Bourial.jpg\"],\"knowsAbout\":[\"Culture & patrimoine tunisien\",\"Chronique soci\u00e9tale\",\"Litt\u00e9rature & m\u00e9moire\",\"Cin\u00e9ma & critique culturelle\",\"Identit\u00e9 & mutations sociales\"],\"knowsLanguage\":[\"Arabe\",\"Fran\u00e7ais\",\"Anglais\",\"Italien\",\"Polonais\"],\"jobTitle\":\"Journaliste, \u00e9crivain et chroniqueur culturel\",\"worksFor\":\"Webdo\",\"url\":\"https:\\\/\\\/www.webdo.tn\\\/fr\\\/actualite\\\/author\\\/hatem-bourial-2\\\/\"}]}<\/script>\n<!-- \/ Yoast SEO Premium plugin. -->","yoast_head_json":{"title":"Djerba : Vingt-deux mosqu\u00e9es, une \u00e9glise et une synagogue","description":"A Djerba, quels sont les vingt-quatre monuments \u00e0 avoir \u00e9t\u00e9 inscrits sur la liste du patrimoine mondial de l'Unesco ?","canonical":"https:\/\/www.webdo.tn\/fr\/actualite\/chroniques\/djerba-vingt-deux-mosquees-une-eglise-et-une-synagogue\/208839\/","og_locale":"fr_FR","og_type":"article","og_title":"Djerba : Vingt-deux mosqu\u00e9es, une \u00e9glise et une synagogue","og_description":"A Djerba, quels sont les vingt-quatre monuments \u00e0 avoir \u00e9t\u00e9 inscrits sur la liste du patrimoine mondial de l'Unesco ?","og_url":"https:\/\/www.webdo.tn\/fr\/actualite\/chroniques\/djerba-vingt-deux-mosquees-une-eglise-et-une-synagogue\/208839\/","og_site_name":"webdo","article_publisher":"https:\/\/www.facebook.com\/webdotn","article_author":"https:\/\/www.facebook.com\/hatem.bourial.2025","article_published_time":"2023-09-22T09:26:00+00:00","og_image":[{"width":750,"height":400,"url":"https:\/\/www.webdo.tn\/fr\/wp-content\/uploads\/2023\/09\/17d1fca51dbfe07a0ecf4dbb02e3b02c.jpg","type":"image\/jpeg"}],"author":"Hatem Bourial","twitter_card":"summary_large_image","twitter_creator":"@webdo_tn","twitter_site":"@webdo_tn","twitter_misc":{"\u00c9crit par":"Hatem Bourial","Dur\u00e9e de lecture estim\u00e9e":"1 minute"},"schema":{"@context":"https:\/\/schema.org","@graph":[{"@type":"NewsArticle","@id":"https:\/\/www.webdo.tn\/fr\/actualite\/chroniques\/djerba-vingt-deux-mosquees-une-eglise-et-une-synagogue\/208839\/#article","isPartOf":{"@id":"https:\/\/www.webdo.tn\/fr\/actualite\/chroniques\/djerba-vingt-deux-mosquees-une-eglise-et-une-synagogue\/208839\/"},"author":{"name":"Hatem Bourial","@id":"https:\/\/www.webdo.tn\/fr\/#\/schema\/person\/6bc0beba2cd23aec27cb5df85ca2554f"},"headline":"Djerba : Vingt-deux mosqu\u00e9es, une \u00e9glise et une synagogue","datePublished":"2023-09-22T09:26:00+00:00","mainEntityOfPage":{"@id":"https:\/\/www.webdo.tn\/fr\/actualite\/chroniques\/djerba-vingt-deux-mosquees-une-eglise-et-une-synagogue\/208839\/"},"wordCount":249,"commentCount":0,"publisher":{"@id":"https:\/\/www.webdo.tn\/fr\/#organization"},"image":{"@id":"https:\/\/www.webdo.tn\/fr\/actualite\/chroniques\/djerba-vingt-deux-mosquees-une-eglise-et-une-synagogue\/208839\/#primaryimage"},"thumbnailUrl":"https:\/\/www.webdo.tn\/fr\/wp-content\/uploads\/2023\/09\/17d1fca51dbfe07a0ecf4dbb02e3b02c.jpg","keywords":["djerba","\u00e9glise","mosqu\u00e9es","Patrimoine mondial","synagogue","unesco"],"articleSection":["Chroniques"],"inLanguage":"fr-FR"},{"@type":"WebPage","@id":"https:\/\/www.webdo.tn\/fr\/actualite\/chroniques\/djerba-vingt-deux-mosquees-une-eglise-et-une-synagogue\/208839\/","url":"https:\/\/www.webdo.tn\/fr\/actualite\/chroniques\/djerba-vingt-deux-mosquees-une-eglise-et-une-synagogue\/208839\/","name":"Djerba : Vingt-deux mosqu\u00e9es, une \u00e9glise et une synagogue","isPartOf":{"@id":"https:\/\/www.webdo.tn\/fr\/#website"},"primaryImageOfPage":{"@id":"https:\/\/www.webdo.tn\/fr\/actualite\/chroniques\/djerba-vingt-deux-mosquees-une-eglise-et-une-synagogue\/208839\/#primaryimage"},"image":{"@id":"https:\/\/www.webdo.tn\/fr\/actualite\/chroniques\/djerba-vingt-deux-mosquees-une-eglise-et-une-synagogue\/208839\/#primaryimage"},"thumbnailUrl":"https:\/\/www.webdo.tn\/fr\/wp-content\/uploads\/2023\/09\/17d1fca51dbfe07a0ecf4dbb02e3b02c.jpg","datePublished":"2023-09-22T09:26:00+00:00","description":"A Djerba, quels sont les vingt-quatre monuments \u00e0 avoir \u00e9t\u00e9 inscrits sur la liste du patrimoine mondial de l'Unesco ?","breadcrumb":{"@id":"https:\/\/www.webdo.tn\/fr\/actualite\/chroniques\/djerba-vingt-deux-mosquees-une-eglise-et-une-synagogue\/208839\/#breadcrumb"},"inLanguage":"fr-FR","potentialAction":[{"@type":"ReadAction","target":["https:\/\/www.webdo.tn\/fr\/actualite\/chroniques\/djerba-vingt-deux-mosquees-une-eglise-et-une-synagogue\/208839\/"]}]},{"@type":"ImageObject","inLanguage":"fr-FR","@id":"https:\/\/www.webdo.tn\/fr\/actualite\/chroniques\/djerba-vingt-deux-mosquees-une-eglise-et-une-synagogue\/208839\/#primaryimage","url":"https:\/\/www.webdo.tn\/fr\/wp-content\/uploads\/2023\/09\/17d1fca51dbfe07a0ecf4dbb02e3b02c.jpg","contentUrl":"https:\/\/www.webdo.tn\/fr\/wp-content\/uploads\/2023\/09\/17d1fca51dbfe07a0ecf4dbb02e3b02c.jpg","width":750,"height":400,"caption":"Djerba : Vingt-deux mosqu\u00e9es, une \u00e9glise et une synagogue"},{"@type":"BreadcrumbList","@id":"https:\/\/www.webdo.tn\/fr\/actualite\/chroniques\/djerba-vingt-deux-mosquees-une-eglise-et-une-synagogue\/208839\/#breadcrumb","itemListElement":[{"@type":"ListItem","position":1,"name":"Accueil","item":"https:\/\/www.webdo.tn\/fr\/"},{"@type":"ListItem","position":2,"name":"Djerba : Vingt-deux mosqu\u00e9es, une \u00e9glise et une synagogue"}]},{"@type":"WebSite","@id":"https:\/\/www.webdo.tn\/fr\/#website","url":"https:\/\/www.webdo.tn\/fr\/","name":"webdo","description":"Tunisie - News en Tunisie et \u00e0 l&#039;international sur Webdo.tn","publisher":{"@id":"https:\/\/www.webdo.tn\/fr\/#organization"},"potentialAction":[{"@type":"SearchAction","target":{"@type":"EntryPoint","urlTemplate":"https:\/\/www.webdo.tn\/fr\/?s={search_term_string}"},"query-input":{"@type":"PropertyValueSpecification","valueRequired":true,"valueName":"search_term_string"}}],"inLanguage":"fr-FR"},{"@type":"Organization","@id":"https:\/\/www.webdo.tn\/fr\/#organization","name":"Webdo","alternateName":"Webdo.tn","url":"https:\/\/www.webdo.tn\/fr\/","logo":{"@type":"ImageObject","inLanguage":"fr-FR","@id":"https:\/\/www.webdo.tn\/fr\/#\/schema\/logo\/image\/","url":"https:\/\/www.webdo.tn\/fr\/wp-content\/uploads\/2025\/06\/Webdo-Tunisie_168377.jpg","contentUrl":"https:\/\/www.webdo.tn\/fr\/wp-content\/uploads\/2025\/06\/Webdo-Tunisie_168377.jpg","width":301,"height":301,"caption":"Webdo"},"image":{"@id":"https:\/\/www.webdo.tn\/fr\/#\/schema\/logo\/image\/"},"sameAs":["https:\/\/www.facebook.com\/webdotn","https:\/\/x.com\/webdo_tn"],"description":"Webdo est un m\u00e9dia num\u00e9rique tunisien fond\u00e9 en 2010, sp\u00e9cialis\u00e9 dans l\u2019actualit\u00e9 nationale et internationale, l\u2019\u00e9conomie, la soci\u00e9t\u00e9 et les analyses politiques. Le site s\u2019adresse \u00e0 un large public francophone et couvre l\u2019information tunisienne en temps r\u00e9el.","email":"redac@webdo.tn","legalName":"YNJ SARL","foundingDate":"2010-09-06","numberOfEmployees":{"@type":"QuantitativeValue","minValue":"11","maxValue":"50"}},{"@type":"Person","@id":"https:\/\/www.webdo.tn\/fr\/#\/schema\/person\/6bc0beba2cd23aec27cb5df85ca2554f","name":"Hatem Bourial","image":{"@type":"ImageObject","inLanguage":"fr-FR","@id":"https:\/\/www.webdo.tn\/fr\/wp-content\/uploads\/2026\/04\/hatem-bourial_avatar-96x96.jpg","url":"https:\/\/www.webdo.tn\/fr\/wp-content\/uploads\/2026\/04\/hatem-bourial_avatar-96x96.jpg","contentUrl":"https:\/\/www.webdo.tn\/fr\/wp-content\/uploads\/2026\/04\/hatem-bourial_avatar-96x96.jpg","caption":"Hatem Bourial"},"description":"Hatem Bourial est journaliste, \u00e9crivain et chroniqueur tunisien. Actif depuis plusieurs d\u00e9cennies, il s\u2019est impos\u00e9 comme un observateur attentif de la soci\u00e9t\u00e9 tunisienne, m\u00ealant dans ses \u00e9crits m\u00e9moire, culture et analyse du quotidien. Auteur de nombreux ouvrages, il d\u00e9veloppe une \u0153uvre \u00e0 la crois\u00e9e du r\u00e9cit, de la po\u00e9sie et de l\u2019observation sociologique. Parall\u00e8lement \u00e0 ses contributions dans la presse, il intervient r\u00e9guli\u00e8rement \u00e0 la radio et dans des espaces culturels, o\u00f9 il explore les enjeux li\u00e9s au patrimoine, \u00e0 l\u2019identit\u00e9 et aux transformations du monde contemporain. \u00c0 travers ses chroniques, Hatem Bourial propose une lecture sensible et approfondie de l\u2019actualit\u00e9, nourrie par une exp\u00e9rience journalistique et litt\u00e9raire reconnue. \ud83d\udd17 Facebook : https:\/\/www.facebook.com\/hatem.bourial.2025","sameAs":["https:\/\/www.facebook.com\/hatem.bourial.2025","https:\/\/fr.wikipedia.org\/wiki\/Fichier:Hatem_Bourial.jpg"],"knowsAbout":["Culture & patrimoine tunisien","Chronique soci\u00e9tale","Litt\u00e9rature & m\u00e9moire","Cin\u00e9ma & critique culturelle","Identit\u00e9 & mutations sociales"],"knowsLanguage":["Arabe","Fran\u00e7ais","Anglais","Italien","Polonais"],"jobTitle":"Journaliste, \u00e9crivain et chroniqueur culturel","worksFor":"Webdo","url":"https:\/\/www.webdo.tn\/fr\/actualite\/author\/hatem-bourial-2\/"}]}},"_links":{"self":[{"href":"https:\/\/www.webdo.tn\/fr\/wp-json\/wp\/v2\/posts\/208839","targetHints":{"allow":["GET"]}}],"collection":[{"href":"https:\/\/www.webdo.tn\/fr\/wp-json\/wp\/v2\/posts"}],"about":[{"href":"https:\/\/www.webdo.tn\/fr\/wp-json\/wp\/v2\/types\/post"}],"author":[{"embeddable":true,"href":"https:\/\/www.webdo.tn\/fr\/wp-json\/wp\/v2\/users\/3229"}],"replies":[{"embeddable":true,"href":"https:\/\/www.webdo.tn\/fr\/wp-json\/wp\/v2\/comments?post=208839"}],"version-history":[{"count":0,"href":"https:\/\/www.webdo.tn\/fr\/wp-json\/wp\/v2\/posts\/208839\/revisions"}],"wp:featuredmedia":[{"embeddable":true,"href":"https:\/\/www.webdo.tn\/fr\/wp-json\/wp\/v2\/media\/289637"}],"wp:attachment":[{"href":"https:\/\/www.webdo.tn\/fr\/wp-json\/wp\/v2\/media?parent=208839"}],"wp:term":[{"taxonomy":"category","embeddable":true,"href":"https:\/\/www.webdo.tn\/fr\/wp-json\/wp\/v2\/categories?post=208839"},{"taxonomy":"post_tag","embeddable":true,"href":"https:\/\/www.webdo.tn\/fr\/wp-json\/wp\/v2\/tags?post=208839"}],"curies":[{"name":"wp","href":"https:\/\/api.w.org\/{rel}","templated":true}]}}