{"id":208835,"date":"2023-09-22T07:58:00","date_gmt":"2023-09-22T07:58:00","guid":{"rendered":"https:\/\/www.webdo.tn\/fr\/blog\/djerba-classee-patrimoine-mondial-la-premiere-reaction-de-kais-saied\/208835\/"},"modified":"2025-05-20T22:40:58","modified_gmt":"2025-05-20T22:40:58","slug":"djerba-classee-patrimoine-mondial-la-premiere-reaction-de-kais-saied","status":"publish","type":"post","link":"https:\/\/www.webdo.tn\/fr\/actualite\/national\/djerba-classee-patrimoine-mondial-la-premiere-reaction-de-kais-saied\/208835\/","title":{"rendered":"Djerba class\u00e9e patrimoine mondial : La premi\u00e8re r\u00e9action de Kais Saied"},"content":{"rendered":"<p>Le pr\u00e9sident de la R\u00e9publique, Ka\u00efs Sa\u00efed, s&rsquo;est f\u00e9licit\u00e9 de la reconnaissance internationale de l&rsquo;\u00eele de Djerba qui vient d&rsquo;\u00eatre class\u00e9e au patrimoine mondial de l&rsquo;Unesco.<\/p>\n<p>\t\t\t\t\t\t\t\t\tPr\u00e9sidant, jeudi, le Conseil des ministres consacr\u00e9 \u00e0 des questions d&rsquo;ordre politique et social, le chef de l\u2019Etat a soulign\u00e9 que l&rsquo;inscription de cette \u00eele de la c\u00f4te Sud au patrimoine mondial \u00ab\u00a0s&rsquo;ajoute aux succ\u00e8s r\u00e9cemment enregistr\u00e9s au nom de la Tunisie.\u00a0\u00bb<\/p>\n<p>Le pr\u00e9sident de la R\u00e9publique a exprim\u00e9 sa fiert\u00e9 quant \u00e0 cette d\u00e9cision en faveur du pays dont \u00ab\u00a0chaque parcelle de ses territoires raconte une histoire dans tous les domaines\u00a0\u00bb, a-t-il dit.<\/p>\n<p>\u00ab\u00a0Toute la Tunisie fait partie du patrimoine de l&rsquo;humanit\u00e9, a-t-il ajout\u00e9, tout en appelant le pays \u00e0 avoir son r\u00f4le dans l&rsquo;histoire du futur.\u00a0\u00bb\u00a0<\/p>\n<p>\u00ab\u00a0Nous allons oeuvrer \u00e0 r\u00e9\u00e9crire l&rsquo;histoire de notre pays et ce malgr\u00e9 les obstacles et les contraintes qui seront surmont\u00e9s avec une volont\u00e9 d&rsquo;acier\u00a0\u00bb, a affirm\u00e9 Sa\u00efed.<\/p>\n<p>Le dossier d&rsquo;inscription du bien \u00a0\u00bb Djerba : paysage culturel, t\u00e9moignage d&rsquo;un mode d&rsquo;occupation d&rsquo;un territoire insulaire \u00a0\u00bb est \u00e0 l&rsquo;agenda de la 45e session \u00e9largie du Comit\u00e9 du patrimoine mondial qui se d\u00e9roule du 10 au 25 septembre, \u00e0 Riyad, en Arabie Saoudite.<\/p>\n<p>Le Comit\u00e9 du patrimoine mondial a entam\u00e9, le samedi 16 septembre, l&rsquo;examen des propositions d&rsquo;inscription sur la Liste du patrimoine mondial de l&rsquo;UNESCO, en d\u00e9butant par les candidatures qui n&rsquo;ont pas pu \u00eatre examin\u00e9es &lsquo;ann\u00e9e derni\u00e8re. Le dossier de la Tunisie \u00e9tait parmi les Sites culturels nomin\u00e9s en 2023.<\/p>\n","protected":false},"excerpt":{"rendered":"<p>Le pr\u00e9sident de la R\u00e9publique, Ka\u00efs Sa\u00efed, s&rsquo;est f\u00e9licit\u00e9 de la reconnaissance internationale de l&rsquo;\u00eele de Djerba qui vient d&rsquo;\u00eatre class\u00e9e au patrimoine mondial&#8230;<\/p>\n","protected":false},"author":3175,"featured_media":249270,"comment_status":"open","ping_status":"closed","sticky":false,"template":"","format":"standard","meta":{"footnotes":""},"categories":[44],"tags":[3696,2614,2608],"class_list":["post-208835","post","type-post","status-publish","format-standard","has-post-thumbnail","hentry","category-national","tag-djerba","tag-kais-saied","tag-tunisie"],"yoast_head":"<!-- This site is optimized with the Yoast SEO Premium plugin v27.5 (Yoast SEO v27.5) - https:\/\/yoast.com\/product\/yoast-seo-premium-wordpress\/ -->\n<title>Djerba class\u00e9e patrimoine mondial : La premi\u00e8re r\u00e9action de Kais Saied<\/title>\n<meta name=\"description\" content=\"Le pr\u00e9sident de la R\u00e9publique, Ka\u00efs Sa\u00efed, s&#039;est f\u00e9licit\u00e9 de la reconnaissance internationale de l&#039;\u00eele de Djerba qui vient d&#039;\u00eatre class\u00e9e au patrimoine mondial...\" \/>\n<link rel=\"canonical\" href=\"https:\/\/www.webdo.tn\/fr\/actualite\/national\/djerba-classee-patrimoine-mondial-la-premiere-reaction-de-kais-saied\/208835\/\" \/>\n<meta property=\"og:locale\" content=\"fr_FR\" \/>\n<meta property=\"og:type\" content=\"article\" \/>\n<meta property=\"og:title\" content=\"Djerba class\u00e9e patrimoine mondial : La premi\u00e8re r\u00e9action de Kais Saied\" \/>\n<meta property=\"og:description\" content=\"Le pr\u00e9sident de la R\u00e9publique, Ka\u00efs Sa\u00efed, s&#039;est f\u00e9licit\u00e9 de la reconnaissance internationale de l&#039;\u00eele de Djerba qui vient d&#039;\u00eatre class\u00e9e au patrimoine mondial...\" \/>\n<meta property=\"og:url\" content=\"https:\/\/www.webdo.tn\/fr\/actualite\/national\/djerba-classee-patrimoine-mondial-la-premiere-reaction-de-kais-saied\/208835\/\" \/>\n<meta property=\"og:site_name\" content=\"webdo\" \/>\n<meta property=\"article:publisher\" content=\"https:\/\/www.facebook.com\/webdotn\" \/>\n<meta property=\"article:published_time\" content=\"2023-09-22T07:58:00+00:00\" \/>\n<meta property=\"article:modified_time\" content=\"2025-05-20T22:40:58+00:00\" \/>\n<meta property=\"og:image\" content=\"https:\/\/www.webdo.tn\/fr\/wp-content\/uploads\/2023\/09\/3ca2754332e223872b32ed8606cc2a07.jpg\" \/>\n\t<meta property=\"og:image:width\" content=\"750\" \/>\n\t<meta property=\"og:image:height\" content=\"400\" \/>\n\t<meta property=\"og:image:type\" content=\"image\/jpeg\" \/>\n<meta name=\"author\" content=\"CL\" \/>\n<meta name=\"twitter:card\" content=\"summary_large_image\" \/>\n<meta name=\"twitter:creator\" content=\"@webdo_tn\" \/>\n<meta name=\"twitter:site\" content=\"@webdo_tn\" \/>\n<meta name=\"twitter:label1\" content=\"\u00c9crit par\" \/>\n\t<meta name=\"twitter:data1\" content=\"CL\" \/>\n\t<meta name=\"twitter:label2\" content=\"Dur\u00e9e de lecture estim\u00e9e\" \/>\n\t<meta name=\"twitter:data2\" content=\"1 minute\" \/>\n<script type=\"application\/ld+json\" class=\"yoast-schema-graph\">{\"@context\":\"https:\\\/\\\/schema.org\",\"@graph\":[{\"@type\":\"NewsArticle\",\"@id\":\"https:\\\/\\\/www.webdo.tn\\\/fr\\\/actualite\\\/national\\\/djerba-classee-patrimoine-mondial-la-premiere-reaction-de-kais-saied\\\/208835\\\/#article\",\"isPartOf\":{\"@id\":\"https:\\\/\\\/www.webdo.tn\\\/fr\\\/actualite\\\/national\\\/djerba-classee-patrimoine-mondial-la-premiere-reaction-de-kais-saied\\\/208835\\\/\"},\"author\":{\"name\":\"CL\",\"@id\":\"https:\\\/\\\/www.webdo.tn\\\/fr\\\/#\\\/schema\\\/person\\\/f35b42a42c5e2511bbd282959d6385cc\"},\"headline\":\"Djerba class\u00e9e patrimoine mondial : La premi\u00e8re r\u00e9action de Kais Saied\",\"datePublished\":\"2023-09-22T07:58:00+00:00\",\"dateModified\":\"2025-05-20T22:40:58+00:00\",\"mainEntityOfPage\":{\"@id\":\"https:\\\/\\\/www.webdo.tn\\\/fr\\\/actualite\\\/national\\\/djerba-classee-patrimoine-mondial-la-premiere-reaction-de-kais-saied\\\/208835\\\/\"},\"wordCount\":290,\"commentCount\":0,\"publisher\":{\"@id\":\"https:\\\/\\\/www.webdo.tn\\\/fr\\\/#organization\"},\"image\":{\"@id\":\"https:\\\/\\\/www.webdo.tn\\\/fr\\\/actualite\\\/national\\\/djerba-classee-patrimoine-mondial-la-premiere-reaction-de-kais-saied\\\/208835\\\/#primaryimage\"},\"thumbnailUrl\":\"https:\\\/\\\/www.webdo.tn\\\/fr\\\/wp-content\\\/uploads\\\/2023\\\/09\\\/3ca2754332e223872b32ed8606cc2a07.jpg\",\"keywords\":[\"djerba\",\"Kais Saied\",\"Tunisie\"],\"articleSection\":[\"National\"],\"inLanguage\":\"fr-FR\"},{\"@type\":\"WebPage\",\"@id\":\"https:\\\/\\\/www.webdo.tn\\\/fr\\\/actualite\\\/national\\\/djerba-classee-patrimoine-mondial-la-premiere-reaction-de-kais-saied\\\/208835\\\/\",\"url\":\"https:\\\/\\\/www.webdo.tn\\\/fr\\\/actualite\\\/national\\\/djerba-classee-patrimoine-mondial-la-premiere-reaction-de-kais-saied\\\/208835\\\/\",\"name\":\"Djerba class\u00e9e patrimoine mondial : La premi\u00e8re r\u00e9action de Kais Saied\",\"isPartOf\":{\"@id\":\"https:\\\/\\\/www.webdo.tn\\\/fr\\\/#website\"},\"primaryImageOfPage\":{\"@id\":\"https:\\\/\\\/www.webdo.tn\\\/fr\\\/actualite\\\/national\\\/djerba-classee-patrimoine-mondial-la-premiere-reaction-de-kais-saied\\\/208835\\\/#primaryimage\"},\"image\":{\"@id\":\"https:\\\/\\\/www.webdo.tn\\\/fr\\\/actualite\\\/national\\\/djerba-classee-patrimoine-mondial-la-premiere-reaction-de-kais-saied\\\/208835\\\/#primaryimage\"},\"thumbnailUrl\":\"https:\\\/\\\/www.webdo.tn\\\/fr\\\/wp-content\\\/uploads\\\/2023\\\/09\\\/3ca2754332e223872b32ed8606cc2a07.jpg\",\"datePublished\":\"2023-09-22T07:58:00+00:00\",\"dateModified\":\"2025-05-20T22:40:58+00:00\",\"description\":\"Le pr\u00e9sident de la R\u00e9publique, Ka\u00efs Sa\u00efed, s'est f\u00e9licit\u00e9 de la reconnaissance internationale de l'\u00eele de Djerba qui vient d'\u00eatre class\u00e9e au patrimoine mondial...\",\"breadcrumb\":{\"@id\":\"https:\\\/\\\/www.webdo.tn\\\/fr\\\/actualite\\\/national\\\/djerba-classee-patrimoine-mondial-la-premiere-reaction-de-kais-saied\\\/208835\\\/#breadcrumb\"},\"inLanguage\":\"fr-FR\",\"potentialAction\":[{\"@type\":\"ReadAction\",\"target\":[\"https:\\\/\\\/www.webdo.tn\\\/fr\\\/actualite\\\/national\\\/djerba-classee-patrimoine-mondial-la-premiere-reaction-de-kais-saied\\\/208835\\\/\"]}]},{\"@type\":\"ImageObject\",\"inLanguage\":\"fr-FR\",\"@id\":\"https:\\\/\\\/www.webdo.tn\\\/fr\\\/actualite\\\/national\\\/djerba-classee-patrimoine-mondial-la-premiere-reaction-de-kais-saied\\\/208835\\\/#primaryimage\",\"url\":\"https:\\\/\\\/www.webdo.tn\\\/fr\\\/wp-content\\\/uploads\\\/2023\\\/09\\\/3ca2754332e223872b32ed8606cc2a07.jpg\",\"contentUrl\":\"https:\\\/\\\/www.webdo.tn\\\/fr\\\/wp-content\\\/uploads\\\/2023\\\/09\\\/3ca2754332e223872b32ed8606cc2a07.jpg\",\"width\":750,\"height\":400,\"caption\":\"Djerba class\u00e9e patrimoine mondial : La premi\u00e8re r\u00e9action de Kais Saied\"},{\"@type\":\"BreadcrumbList\",\"@id\":\"https:\\\/\\\/www.webdo.tn\\\/fr\\\/actualite\\\/national\\\/djerba-classee-patrimoine-mondial-la-premiere-reaction-de-kais-saied\\\/208835\\\/#breadcrumb\",\"itemListElement\":[{\"@type\":\"ListItem\",\"position\":1,\"name\":\"Accueil\",\"item\":\"https:\\\/\\\/www.webdo.tn\\\/fr\\\/\"},{\"@type\":\"ListItem\",\"position\":2,\"name\":\"Djerba class\u00e9e patrimoine mondial : La premi\u00e8re r\u00e9action de Kais Saied\"}]},{\"@type\":\"WebSite\",\"@id\":\"https:\\\/\\\/www.webdo.tn\\\/fr\\\/#website\",\"url\":\"https:\\\/\\\/www.webdo.tn\\\/fr\\\/\",\"name\":\"webdo\",\"description\":\"Tunisie - News en Tunisie et \u00e0 l&#039;international sur Webdo.tn\",\"publisher\":{\"@id\":\"https:\\\/\\\/www.webdo.tn\\\/fr\\\/#organization\"},\"potentialAction\":[{\"@type\":\"SearchAction\",\"target\":{\"@type\":\"EntryPoint\",\"urlTemplate\":\"https:\\\/\\\/www.webdo.tn\\\/fr\\\/?s={search_term_string}\"},\"query-input\":{\"@type\":\"PropertyValueSpecification\",\"valueRequired\":true,\"valueName\":\"search_term_string\"}}],\"inLanguage\":\"fr-FR\"},{\"@type\":\"Organization\",\"@id\":\"https:\\\/\\\/www.webdo.tn\\\/fr\\\/#organization\",\"name\":\"Webdo\",\"alternateName\":\"Webdo.tn\",\"url\":\"https:\\\/\\\/www.webdo.tn\\\/fr\\\/\",\"logo\":{\"@type\":\"ImageObject\",\"inLanguage\":\"fr-FR\",\"@id\":\"https:\\\/\\\/www.webdo.tn\\\/fr\\\/#\\\/schema\\\/logo\\\/image\\\/\",\"url\":\"https:\\\/\\\/www.webdo.tn\\\/fr\\\/wp-content\\\/uploads\\\/2025\\\/06\\\/Webdo-Tunisie_168377.jpg\",\"contentUrl\":\"https:\\\/\\\/www.webdo.tn\\\/fr\\\/wp-content\\\/uploads\\\/2025\\\/06\\\/Webdo-Tunisie_168377.jpg\",\"width\":301,\"height\":301,\"caption\":\"Webdo\"},\"image\":{\"@id\":\"https:\\\/\\\/www.webdo.tn\\\/fr\\\/#\\\/schema\\\/logo\\\/image\\\/\"},\"sameAs\":[\"https:\\\/\\\/www.facebook.com\\\/webdotn\",\"https:\\\/\\\/x.com\\\/webdo_tn\"],\"description\":\"Webdo est un m\u00e9dia num\u00e9rique tunisien fond\u00e9 en 2010, sp\u00e9cialis\u00e9 dans l\u2019actualit\u00e9 nationale et internationale, l\u2019\u00e9conomie, la soci\u00e9t\u00e9 et les analyses politiques. Le site s\u2019adresse \u00e0 un large public francophone et couvre l\u2019information tunisienne en temps r\u00e9el.\",\"email\":\"redac@webdo.tn\",\"legalName\":\"YNJ SARL\",\"foundingDate\":\"2010-09-06\",\"numberOfEmployees\":{\"@type\":\"QuantitativeValue\",\"minValue\":\"11\",\"maxValue\":\"50\"}},{\"@type\":\"Person\",\"@id\":\"https:\\\/\\\/www.webdo.tn\\\/fr\\\/#\\\/schema\\\/person\\\/f35b42a42c5e2511bbd282959d6385cc\",\"name\":\"CL\",\"image\":{\"@type\":\"ImageObject\",\"inLanguage\":\"fr-FR\",\"@id\":\"https:\\\/\\\/secure.gravatar.com\\\/avatar\\\/1447a49909b67aa657c488aec6512e1dd6143a480c1ecfee9b5b5cd74eb3b59e?s=96&d=mm&r=g\",\"url\":\"https:\\\/\\\/secure.gravatar.com\\\/avatar\\\/1447a49909b67aa657c488aec6512e1dd6143a480c1ecfee9b5b5cd74eb3b59e?s=96&d=mm&r=g\",\"contentUrl\":\"https:\\\/\\\/secure.gravatar.com\\\/avatar\\\/1447a49909b67aa657c488aec6512e1dd6143a480c1ecfee9b5b5cd74eb3b59e?s=96&d=mm&r=g\",\"caption\":\"CL\"},\"url\":\"https:\\\/\\\/www.webdo.tn\\\/fr\\\/actualite\\\/author\\\/cl\\\/\"}]}<\/script>\n<!-- \/ Yoast SEO Premium plugin. -->","yoast_head_json":{"title":"Djerba class\u00e9e patrimoine mondial : La premi\u00e8re r\u00e9action de Kais Saied","description":"Le pr\u00e9sident de la R\u00e9publique, Ka\u00efs Sa\u00efed, s'est f\u00e9licit\u00e9 de la reconnaissance internationale de l'\u00eele de Djerba qui vient d'\u00eatre class\u00e9e au patrimoine mondial...","canonical":"https:\/\/www.webdo.tn\/fr\/actualite\/national\/djerba-classee-patrimoine-mondial-la-premiere-reaction-de-kais-saied\/208835\/","og_locale":"fr_FR","og_type":"article","og_title":"Djerba class\u00e9e patrimoine mondial : La premi\u00e8re r\u00e9action de Kais Saied","og_description":"Le pr\u00e9sident de la R\u00e9publique, Ka\u00efs Sa\u00efed, s'est f\u00e9licit\u00e9 de la reconnaissance internationale de l'\u00eele de Djerba qui vient d'\u00eatre class\u00e9e au patrimoine mondial...","og_url":"https:\/\/www.webdo.tn\/fr\/actualite\/national\/djerba-classee-patrimoine-mondial-la-premiere-reaction-de-kais-saied\/208835\/","og_site_name":"webdo","article_publisher":"https:\/\/www.facebook.com\/webdotn","article_published_time":"2023-09-22T07:58:00+00:00","article_modified_time":"2025-05-20T22:40:58+00:00","og_image":[{"width":750,"height":400,"url":"https:\/\/www.webdo.tn\/fr\/wp-content\/uploads\/2023\/09\/3ca2754332e223872b32ed8606cc2a07.jpg","type":"image\/jpeg"}],"author":"CL","twitter_card":"summary_large_image","twitter_creator":"@webdo_tn","twitter_site":"@webdo_tn","twitter_misc":{"\u00c9crit par":"CL","Dur\u00e9e de lecture estim\u00e9e":"1 minute"},"schema":{"@context":"https:\/\/schema.org","@graph":[{"@type":"NewsArticle","@id":"https:\/\/www.webdo.tn\/fr\/actualite\/national\/djerba-classee-patrimoine-mondial-la-premiere-reaction-de-kais-saied\/208835\/#article","isPartOf":{"@id":"https:\/\/www.webdo.tn\/fr\/actualite\/national\/djerba-classee-patrimoine-mondial-la-premiere-reaction-de-kais-saied\/208835\/"},"author":{"name":"CL","@id":"https:\/\/www.webdo.tn\/fr\/#\/schema\/person\/f35b42a42c5e2511bbd282959d6385cc"},"headline":"Djerba class\u00e9e patrimoine mondial : La premi\u00e8re r\u00e9action de Kais Saied","datePublished":"2023-09-22T07:58:00+00:00","dateModified":"2025-05-20T22:40:58+00:00","mainEntityOfPage":{"@id":"https:\/\/www.webdo.tn\/fr\/actualite\/national\/djerba-classee-patrimoine-mondial-la-premiere-reaction-de-kais-saied\/208835\/"},"wordCount":290,"commentCount":0,"publisher":{"@id":"https:\/\/www.webdo.tn\/fr\/#organization"},"image":{"@id":"https:\/\/www.webdo.tn\/fr\/actualite\/national\/djerba-classee-patrimoine-mondial-la-premiere-reaction-de-kais-saied\/208835\/#primaryimage"},"thumbnailUrl":"https:\/\/www.webdo.tn\/fr\/wp-content\/uploads\/2023\/09\/3ca2754332e223872b32ed8606cc2a07.jpg","keywords":["djerba","Kais Saied","Tunisie"],"articleSection":["National"],"inLanguage":"fr-FR"},{"@type":"WebPage","@id":"https:\/\/www.webdo.tn\/fr\/actualite\/national\/djerba-classee-patrimoine-mondial-la-premiere-reaction-de-kais-saied\/208835\/","url":"https:\/\/www.webdo.tn\/fr\/actualite\/national\/djerba-classee-patrimoine-mondial-la-premiere-reaction-de-kais-saied\/208835\/","name":"Djerba class\u00e9e patrimoine mondial : La premi\u00e8re r\u00e9action de Kais Saied","isPartOf":{"@id":"https:\/\/www.webdo.tn\/fr\/#website"},"primaryImageOfPage":{"@id":"https:\/\/www.webdo.tn\/fr\/actualite\/national\/djerba-classee-patrimoine-mondial-la-premiere-reaction-de-kais-saied\/208835\/#primaryimage"},"image":{"@id":"https:\/\/www.webdo.tn\/fr\/actualite\/national\/djerba-classee-patrimoine-mondial-la-premiere-reaction-de-kais-saied\/208835\/#primaryimage"},"thumbnailUrl":"https:\/\/www.webdo.tn\/fr\/wp-content\/uploads\/2023\/09\/3ca2754332e223872b32ed8606cc2a07.jpg","datePublished":"2023-09-22T07:58:00+00:00","dateModified":"2025-05-20T22:40:58+00:00","description":"Le pr\u00e9sident de la R\u00e9publique, Ka\u00efs Sa\u00efed, s'est f\u00e9licit\u00e9 de la reconnaissance internationale de l'\u00eele de Djerba qui vient d'\u00eatre class\u00e9e au patrimoine mondial...","breadcrumb":{"@id":"https:\/\/www.webdo.tn\/fr\/actualite\/national\/djerba-classee-patrimoine-mondial-la-premiere-reaction-de-kais-saied\/208835\/#breadcrumb"},"inLanguage":"fr-FR","potentialAction":[{"@type":"ReadAction","target":["https:\/\/www.webdo.tn\/fr\/actualite\/national\/djerba-classee-patrimoine-mondial-la-premiere-reaction-de-kais-saied\/208835\/"]}]},{"@type":"ImageObject","inLanguage":"fr-FR","@id":"https:\/\/www.webdo.tn\/fr\/actualite\/national\/djerba-classee-patrimoine-mondial-la-premiere-reaction-de-kais-saied\/208835\/#primaryimage","url":"https:\/\/www.webdo.tn\/fr\/wp-content\/uploads\/2023\/09\/3ca2754332e223872b32ed8606cc2a07.jpg","contentUrl":"https:\/\/www.webdo.tn\/fr\/wp-content\/uploads\/2023\/09\/3ca2754332e223872b32ed8606cc2a07.jpg","width":750,"height":400,"caption":"Djerba class\u00e9e patrimoine mondial : La premi\u00e8re r\u00e9action de Kais Saied"},{"@type":"BreadcrumbList","@id":"https:\/\/www.webdo.tn\/fr\/actualite\/national\/djerba-classee-patrimoine-mondial-la-premiere-reaction-de-kais-saied\/208835\/#breadcrumb","itemListElement":[{"@type":"ListItem","position":1,"name":"Accueil","item":"https:\/\/www.webdo.tn\/fr\/"},{"@type":"ListItem","position":2,"name":"Djerba class\u00e9e patrimoine mondial : La premi\u00e8re r\u00e9action de Kais Saied"}]},{"@type":"WebSite","@id":"https:\/\/www.webdo.tn\/fr\/#website","url":"https:\/\/www.webdo.tn\/fr\/","name":"webdo","description":"Tunisie - News en Tunisie et \u00e0 l&#039;international sur Webdo.tn","publisher":{"@id":"https:\/\/www.webdo.tn\/fr\/#organization"},"potentialAction":[{"@type":"SearchAction","target":{"@type":"EntryPoint","urlTemplate":"https:\/\/www.webdo.tn\/fr\/?s={search_term_string}"},"query-input":{"@type":"PropertyValueSpecification","valueRequired":true,"valueName":"search_term_string"}}],"inLanguage":"fr-FR"},{"@type":"Organization","@id":"https:\/\/www.webdo.tn\/fr\/#organization","name":"Webdo","alternateName":"Webdo.tn","url":"https:\/\/www.webdo.tn\/fr\/","logo":{"@type":"ImageObject","inLanguage":"fr-FR","@id":"https:\/\/www.webdo.tn\/fr\/#\/schema\/logo\/image\/","url":"https:\/\/www.webdo.tn\/fr\/wp-content\/uploads\/2025\/06\/Webdo-Tunisie_168377.jpg","contentUrl":"https:\/\/www.webdo.tn\/fr\/wp-content\/uploads\/2025\/06\/Webdo-Tunisie_168377.jpg","width":301,"height":301,"caption":"Webdo"},"image":{"@id":"https:\/\/www.webdo.tn\/fr\/#\/schema\/logo\/image\/"},"sameAs":["https:\/\/www.facebook.com\/webdotn","https:\/\/x.com\/webdo_tn"],"description":"Webdo est un m\u00e9dia num\u00e9rique tunisien fond\u00e9 en 2010, sp\u00e9cialis\u00e9 dans l\u2019actualit\u00e9 nationale et internationale, l\u2019\u00e9conomie, la soci\u00e9t\u00e9 et les analyses politiques. Le site s\u2019adresse \u00e0 un large public francophone et couvre l\u2019information tunisienne en temps r\u00e9el.","email":"redac@webdo.tn","legalName":"YNJ SARL","foundingDate":"2010-09-06","numberOfEmployees":{"@type":"QuantitativeValue","minValue":"11","maxValue":"50"}},{"@type":"Person","@id":"https:\/\/www.webdo.tn\/fr\/#\/schema\/person\/f35b42a42c5e2511bbd282959d6385cc","name":"CL","image":{"@type":"ImageObject","inLanguage":"fr-FR","@id":"https:\/\/secure.gravatar.com\/avatar\/1447a49909b67aa657c488aec6512e1dd6143a480c1ecfee9b5b5cd74eb3b59e?s=96&d=mm&r=g","url":"https:\/\/secure.gravatar.com\/avatar\/1447a49909b67aa657c488aec6512e1dd6143a480c1ecfee9b5b5cd74eb3b59e?s=96&d=mm&r=g","contentUrl":"https:\/\/secure.gravatar.com\/avatar\/1447a49909b67aa657c488aec6512e1dd6143a480c1ecfee9b5b5cd74eb3b59e?s=96&d=mm&r=g","caption":"CL"},"url":"https:\/\/www.webdo.tn\/fr\/actualite\/author\/cl\/"}]}},"_links":{"self":[{"href":"https:\/\/www.webdo.tn\/fr\/wp-json\/wp\/v2\/posts\/208835","targetHints":{"allow":["GET"]}}],"collection":[{"href":"https:\/\/www.webdo.tn\/fr\/wp-json\/wp\/v2\/posts"}],"about":[{"href":"https:\/\/www.webdo.tn\/fr\/wp-json\/wp\/v2\/types\/post"}],"author":[{"embeddable":true,"href":"https:\/\/www.webdo.tn\/fr\/wp-json\/wp\/v2\/users\/3175"}],"replies":[{"embeddable":true,"href":"https:\/\/www.webdo.tn\/fr\/wp-json\/wp\/v2\/comments?post=208835"}],"version-history":[{"count":0,"href":"https:\/\/www.webdo.tn\/fr\/wp-json\/wp\/v2\/posts\/208835\/revisions"}],"wp:featuredmedia":[{"embeddable":true,"href":"https:\/\/www.webdo.tn\/fr\/wp-json\/wp\/v2\/media\/249270"}],"wp:attachment":[{"href":"https:\/\/www.webdo.tn\/fr\/wp-json\/wp\/v2\/media?parent=208835"}],"wp:term":[{"taxonomy":"category","embeddable":true,"href":"https:\/\/www.webdo.tn\/fr\/wp-json\/wp\/v2\/categories?post=208835"},{"taxonomy":"post_tag","embeddable":true,"href":"https:\/\/www.webdo.tn\/fr\/wp-json\/wp\/v2\/tags?post=208835"}],"curies":[{"name":"wp","href":"https:\/\/api.w.org\/{rel}","templated":true}]}}