{"id":208829,"date":"2023-09-21T17:49:00","date_gmt":"2023-09-21T17:49:00","guid":{"rendered":"https:\/\/www.webdo.tn\/fr\/blog\/ligue-1-4eme-j-l-ess-et-la-ca-se-neutralisent\/208829\/"},"modified":"2025-05-20T22:40:56","modified_gmt":"2025-05-20T22:40:56","slug":"ligue-1-4eme-j-l-ess-et-la-ca-se-neutralisent","status":"publish","type":"post","link":"https:\/\/www.webdo.tn\/fr\/actualite\/sport\/ligue-1-4eme-j-l-ess-et-la-ca-se-neutralisent\/208829\/","title":{"rendered":"Ligue 1 \u2013 4\u00e8me J. : l\u2019ESS et le CA se neutralisent"},"content":{"rendered":"<p>Le choc de la quatri\u00e8me journ\u00e9e de la Ligue 1 (Groupe A), disput\u00e9 ce jeudi 21 septembre 2023 opposant l&rsquo;Etoile sportive du Sahel au le Club africain s\u2019est sold\u00e9 sur le score (1-1).<\/p>\n<p>\t\t\t\t\t\t\t\t\tApr\u00e8s une premi\u00e8re mi-temps terne et sans rythme, au cours de laquelle l\u2019Etoile du Sahel a domin\u00e9, d\u2019une mani\u00e8re st\u00e9rile, la deuxi\u00e8me mi-temps a \u00e9t\u00e9 plus anim\u00e9e et plus intense.\u00a0<\/p>\n<p>Lors de cette deuxi\u00e8me p\u00e9riode le Club Africain est devenu plus dangereux en attaque. A la 60\u2019 minute le d\u00e9fenseur Hamrouni relaye rapidement vers Arfaoui qui sert judicieusement Sghayer. Ce dernier n\u2019\u00e9prouve aucune difficult\u00e9 \u00e0 tromper le portier sahelien.\u00a0<\/p>\n<p>Apr\u00e8s ce but, l\u2019Etoile se rue vers l\u2019attaque et met la pression sur la d\u00e9fense clubiste, sur un corner, Abdelli reprend de la t\u00eate et \u00e9galise en faveur des siens.<\/p>\n","protected":false},"excerpt":{"rendered":"<p>Le choc de la quatri\u00e8me journ\u00e9e de la Ligue 1 (Groupe A), disput\u00e9 ce jeudi 21 septembre 2023 opposant l&rsquo;Etoile sportive du Sahel au le Club africain s\u2019est sold\u00e9&#8230;<\/p>\n","protected":false},"author":3175,"featured_media":249266,"comment_status":"open","ping_status":"closed","sticky":false,"template":"","format":"standard","meta":{"footnotes":""},"categories":[2593],"tags":[4506,2778,4505,2608],"class_list":["post-208829","post","type-post","status-publish","format-standard","has-post-thumbnail","hentry","category-sport","tag-ca","tag-championnat","tag-ess","tag-tunisie"],"yoast_head":"<!-- This site is optimized with the Yoast SEO Premium plugin v27.4 (Yoast SEO v27.5) - https:\/\/yoast.com\/product\/yoast-seo-premium-wordpress\/ -->\n<title>Ligue 1 \u2013 4\u00e8me J. : l\u2019ESS et le CA se neutralisent<\/title>\n<meta name=\"description\" content=\"Le choc de la quatri\u00e8me journ\u00e9e de la Ligue 1 (Groupe A), disput\u00e9 ce jeudi 21 septembre 2023 opposant l&#039;Etoile sportive du Sahel au le Club africain s\u2019est sold\u00e9...\" \/>\n<link rel=\"canonical\" href=\"https:\/\/www.webdo.tn\/fr\/actualite\/sport\/ligue-1-4eme-j-l-ess-et-la-ca-se-neutralisent\/208829\/\" \/>\n<meta property=\"og:locale\" content=\"fr_FR\" \/>\n<meta property=\"og:type\" content=\"article\" \/>\n<meta property=\"og:title\" content=\"Ligue 1 \u2013 4\u00e8me J. : l\u2019ESS et le CA se neutralisent\" \/>\n<meta property=\"og:description\" content=\"Le choc de la quatri\u00e8me journ\u00e9e de la Ligue 1 (Groupe A), disput\u00e9 ce jeudi 21 septembre 2023 opposant l&#039;Etoile sportive du Sahel au le Club africain s\u2019est sold\u00e9...\" \/>\n<meta property=\"og:url\" content=\"https:\/\/www.webdo.tn\/fr\/actualite\/sport\/ligue-1-4eme-j-l-ess-et-la-ca-se-neutralisent\/208829\/\" \/>\n<meta property=\"og:site_name\" content=\"webdo\" \/>\n<meta property=\"article:publisher\" content=\"https:\/\/www.facebook.com\/webdotn\" \/>\n<meta property=\"article:published_time\" content=\"2023-09-21T17:49:00+00:00\" \/>\n<meta property=\"article:modified_time\" content=\"2025-05-20T22:40:56+00:00\" \/>\n<meta property=\"og:image\" content=\"https:\/\/www.webdo.tn\/fr\/wp-content\/uploads\/2023\/09\/81ede0a40247dca9742ee521bc88e98d.jpg\" \/>\n\t<meta property=\"og:image:width\" content=\"750\" \/>\n\t<meta property=\"og:image:height\" content=\"400\" \/>\n\t<meta property=\"og:image:type\" content=\"image\/jpeg\" \/>\n<meta name=\"author\" content=\"CL\" \/>\n<meta name=\"twitter:card\" content=\"summary_large_image\" \/>\n<meta name=\"twitter:creator\" content=\"@webdo_tn\" \/>\n<meta name=\"twitter:site\" content=\"@webdo_tn\" \/>\n<meta name=\"twitter:label1\" content=\"\u00c9crit par\" \/>\n\t<meta name=\"twitter:data1\" content=\"CL\" \/>\n\t<meta name=\"twitter:label2\" content=\"Dur\u00e9e de lecture estim\u00e9e\" \/>\n\t<meta name=\"twitter:data2\" content=\"1 minute\" \/>\n<script type=\"application\/ld+json\" class=\"yoast-schema-graph\">{\"@context\":\"https:\\\/\\\/schema.org\",\"@graph\":[{\"@type\":\"NewsArticle\",\"@id\":\"https:\\\/\\\/www.webdo.tn\\\/fr\\\/actualite\\\/sport\\\/ligue-1-4eme-j-l-ess-et-la-ca-se-neutralisent\\\/208829\\\/#article\",\"isPartOf\":{\"@id\":\"https:\\\/\\\/www.webdo.tn\\\/fr\\\/actualite\\\/sport\\\/ligue-1-4eme-j-l-ess-et-la-ca-se-neutralisent\\\/208829\\\/\"},\"author\":{\"name\":\"CL\",\"@id\":\"https:\\\/\\\/www.webdo.tn\\\/fr\\\/#\\\/schema\\\/person\\\/f35b42a42c5e2511bbd282959d6385cc\"},\"headline\":\"Ligue 1 \u2013 4\u00e8me J. : l\u2019ESS et le CA se neutralisent\",\"datePublished\":\"2023-09-21T17:49:00+00:00\",\"dateModified\":\"2025-05-20T22:40:56+00:00\",\"mainEntityOfPage\":{\"@id\":\"https:\\\/\\\/www.webdo.tn\\\/fr\\\/actualite\\\/sport\\\/ligue-1-4eme-j-l-ess-et-la-ca-se-neutralisent\\\/208829\\\/\"},\"wordCount\":158,\"commentCount\":0,\"publisher\":{\"@id\":\"https:\\\/\\\/www.webdo.tn\\\/fr\\\/#organization\"},\"image\":{\"@id\":\"https:\\\/\\\/www.webdo.tn\\\/fr\\\/actualite\\\/sport\\\/ligue-1-4eme-j-l-ess-et-la-ca-se-neutralisent\\\/208829\\\/#primaryimage\"},\"thumbnailUrl\":\"https:\\\/\\\/www.webdo.tn\\\/fr\\\/wp-content\\\/uploads\\\/2023\\\/09\\\/81ede0a40247dca9742ee521bc88e98d.jpg\",\"keywords\":[\"CA\",\"championnat\",\"ESS\",\"Tunisie\"],\"articleSection\":[\"Sport\"],\"inLanguage\":\"fr-FR\"},{\"@type\":\"WebPage\",\"@id\":\"https:\\\/\\\/www.webdo.tn\\\/fr\\\/actualite\\\/sport\\\/ligue-1-4eme-j-l-ess-et-la-ca-se-neutralisent\\\/208829\\\/\",\"url\":\"https:\\\/\\\/www.webdo.tn\\\/fr\\\/actualite\\\/sport\\\/ligue-1-4eme-j-l-ess-et-la-ca-se-neutralisent\\\/208829\\\/\",\"name\":\"Ligue 1 \u2013 4\u00e8me J. : l\u2019ESS et le CA se neutralisent\",\"isPartOf\":{\"@id\":\"https:\\\/\\\/www.webdo.tn\\\/fr\\\/#website\"},\"primaryImageOfPage\":{\"@id\":\"https:\\\/\\\/www.webdo.tn\\\/fr\\\/actualite\\\/sport\\\/ligue-1-4eme-j-l-ess-et-la-ca-se-neutralisent\\\/208829\\\/#primaryimage\"},\"image\":{\"@id\":\"https:\\\/\\\/www.webdo.tn\\\/fr\\\/actualite\\\/sport\\\/ligue-1-4eme-j-l-ess-et-la-ca-se-neutralisent\\\/208829\\\/#primaryimage\"},\"thumbnailUrl\":\"https:\\\/\\\/www.webdo.tn\\\/fr\\\/wp-content\\\/uploads\\\/2023\\\/09\\\/81ede0a40247dca9742ee521bc88e98d.jpg\",\"datePublished\":\"2023-09-21T17:49:00+00:00\",\"dateModified\":\"2025-05-20T22:40:56+00:00\",\"description\":\"Le choc de la quatri\u00e8me journ\u00e9e de la Ligue 1 (Groupe A), disput\u00e9 ce jeudi 21 septembre 2023 opposant l'Etoile sportive du Sahel au le Club africain s\u2019est sold\u00e9...\",\"breadcrumb\":{\"@id\":\"https:\\\/\\\/www.webdo.tn\\\/fr\\\/actualite\\\/sport\\\/ligue-1-4eme-j-l-ess-et-la-ca-se-neutralisent\\\/208829\\\/#breadcrumb\"},\"inLanguage\":\"fr-FR\",\"potentialAction\":[{\"@type\":\"ReadAction\",\"target\":[\"https:\\\/\\\/www.webdo.tn\\\/fr\\\/actualite\\\/sport\\\/ligue-1-4eme-j-l-ess-et-la-ca-se-neutralisent\\\/208829\\\/\"]}]},{\"@type\":\"ImageObject\",\"inLanguage\":\"fr-FR\",\"@id\":\"https:\\\/\\\/www.webdo.tn\\\/fr\\\/actualite\\\/sport\\\/ligue-1-4eme-j-l-ess-et-la-ca-se-neutralisent\\\/208829\\\/#primaryimage\",\"url\":\"https:\\\/\\\/www.webdo.tn\\\/fr\\\/wp-content\\\/uploads\\\/2023\\\/09\\\/81ede0a40247dca9742ee521bc88e98d.jpg\",\"contentUrl\":\"https:\\\/\\\/www.webdo.tn\\\/fr\\\/wp-content\\\/uploads\\\/2023\\\/09\\\/81ede0a40247dca9742ee521bc88e98d.jpg\",\"width\":750,\"height\":400,\"caption\":\"Ligue 1 \u2013 4\u00e8me J. : l\u2019ESS et le CA se neutralisent\"},{\"@type\":\"BreadcrumbList\",\"@id\":\"https:\\\/\\\/www.webdo.tn\\\/fr\\\/actualite\\\/sport\\\/ligue-1-4eme-j-l-ess-et-la-ca-se-neutralisent\\\/208829\\\/#breadcrumb\",\"itemListElement\":[{\"@type\":\"ListItem\",\"position\":1,\"name\":\"Accueil\",\"item\":\"https:\\\/\\\/www.webdo.tn\\\/fr\\\/\"},{\"@type\":\"ListItem\",\"position\":2,\"name\":\"Ligue 1 \u2013 4\u00e8me J. : l\u2019ESS et le CA se neutralisent\"}]},{\"@type\":\"WebSite\",\"@id\":\"https:\\\/\\\/www.webdo.tn\\\/fr\\\/#website\",\"url\":\"https:\\\/\\\/www.webdo.tn\\\/fr\\\/\",\"name\":\"webdo\",\"description\":\"Tunisie - News en Tunisie et \u00e0 l&#039;international sur Webdo.tn\",\"publisher\":{\"@id\":\"https:\\\/\\\/www.webdo.tn\\\/fr\\\/#organization\"},\"potentialAction\":[{\"@type\":\"SearchAction\",\"target\":{\"@type\":\"EntryPoint\",\"urlTemplate\":\"https:\\\/\\\/www.webdo.tn\\\/fr\\\/?s={search_term_string}\"},\"query-input\":{\"@type\":\"PropertyValueSpecification\",\"valueRequired\":true,\"valueName\":\"search_term_string\"}}],\"inLanguage\":\"fr-FR\"},{\"@type\":\"Organization\",\"@id\":\"https:\\\/\\\/www.webdo.tn\\\/fr\\\/#organization\",\"name\":\"Webdo\",\"alternateName\":\"Webdo.tn\",\"url\":\"https:\\\/\\\/www.webdo.tn\\\/fr\\\/\",\"logo\":{\"@type\":\"ImageObject\",\"inLanguage\":\"fr-FR\",\"@id\":\"https:\\\/\\\/www.webdo.tn\\\/fr\\\/#\\\/schema\\\/logo\\\/image\\\/\",\"url\":\"https:\\\/\\\/www.webdo.tn\\\/fr\\\/wp-content\\\/uploads\\\/2025\\\/06\\\/Webdo-Tunisie_168377.jpg\",\"contentUrl\":\"https:\\\/\\\/www.webdo.tn\\\/fr\\\/wp-content\\\/uploads\\\/2025\\\/06\\\/Webdo-Tunisie_168377.jpg\",\"width\":301,\"height\":301,\"caption\":\"Webdo\"},\"image\":{\"@id\":\"https:\\\/\\\/www.webdo.tn\\\/fr\\\/#\\\/schema\\\/logo\\\/image\\\/\"},\"sameAs\":[\"https:\\\/\\\/www.facebook.com\\\/webdotn\",\"https:\\\/\\\/x.com\\\/webdo_tn\"],\"description\":\"Webdo est un m\u00e9dia num\u00e9rique tunisien fond\u00e9 en 2010, sp\u00e9cialis\u00e9 dans l\u2019actualit\u00e9 nationale et internationale, l\u2019\u00e9conomie, la soci\u00e9t\u00e9 et les analyses politiques. Le site s\u2019adresse \u00e0 un large public francophone et couvre l\u2019information tunisienne en temps r\u00e9el.\",\"email\":\"redac@webdo.tn\",\"legalName\":\"YNJ SARL\",\"foundingDate\":\"2010-09-06\",\"numberOfEmployees\":{\"@type\":\"QuantitativeValue\",\"minValue\":\"11\",\"maxValue\":\"50\"}},{\"@type\":\"Person\",\"@id\":\"https:\\\/\\\/www.webdo.tn\\\/fr\\\/#\\\/schema\\\/person\\\/f35b42a42c5e2511bbd282959d6385cc\",\"name\":\"CL\",\"image\":{\"@type\":\"ImageObject\",\"inLanguage\":\"fr-FR\",\"@id\":\"https:\\\/\\\/secure.gravatar.com\\\/avatar\\\/1447a49909b67aa657c488aec6512e1dd6143a480c1ecfee9b5b5cd74eb3b59e?s=96&d=mm&r=g\",\"url\":\"https:\\\/\\\/secure.gravatar.com\\\/avatar\\\/1447a49909b67aa657c488aec6512e1dd6143a480c1ecfee9b5b5cd74eb3b59e?s=96&d=mm&r=g\",\"contentUrl\":\"https:\\\/\\\/secure.gravatar.com\\\/avatar\\\/1447a49909b67aa657c488aec6512e1dd6143a480c1ecfee9b5b5cd74eb3b59e?s=96&d=mm&r=g\",\"caption\":\"CL\"},\"url\":\"https:\\\/\\\/www.webdo.tn\\\/fr\\\/actualite\\\/author\\\/cl\\\/\"}]}<\/script>\n<!-- \/ Yoast SEO Premium plugin. -->","yoast_head_json":{"title":"Ligue 1 \u2013 4\u00e8me J. : l\u2019ESS et le CA se neutralisent","description":"Le choc de la quatri\u00e8me journ\u00e9e de la Ligue 1 (Groupe A), disput\u00e9 ce jeudi 21 septembre 2023 opposant l'Etoile sportive du Sahel au le Club africain s\u2019est sold\u00e9...","canonical":"https:\/\/www.webdo.tn\/fr\/actualite\/sport\/ligue-1-4eme-j-l-ess-et-la-ca-se-neutralisent\/208829\/","og_locale":"fr_FR","og_type":"article","og_title":"Ligue 1 \u2013 4\u00e8me J. : l\u2019ESS et le CA se neutralisent","og_description":"Le choc de la quatri\u00e8me journ\u00e9e de la Ligue 1 (Groupe A), disput\u00e9 ce jeudi 21 septembre 2023 opposant l'Etoile sportive du Sahel au le Club africain s\u2019est sold\u00e9...","og_url":"https:\/\/www.webdo.tn\/fr\/actualite\/sport\/ligue-1-4eme-j-l-ess-et-la-ca-se-neutralisent\/208829\/","og_site_name":"webdo","article_publisher":"https:\/\/www.facebook.com\/webdotn","article_published_time":"2023-09-21T17:49:00+00:00","article_modified_time":"2025-05-20T22:40:56+00:00","og_image":[{"width":750,"height":400,"url":"https:\/\/www.webdo.tn\/fr\/wp-content\/uploads\/2023\/09\/81ede0a40247dca9742ee521bc88e98d.jpg","type":"image\/jpeg"}],"author":"CL","twitter_card":"summary_large_image","twitter_creator":"@webdo_tn","twitter_site":"@webdo_tn","twitter_misc":{"\u00c9crit par":"CL","Dur\u00e9e de lecture estim\u00e9e":"1 minute"},"schema":{"@context":"https:\/\/schema.org","@graph":[{"@type":"NewsArticle","@id":"https:\/\/www.webdo.tn\/fr\/actualite\/sport\/ligue-1-4eme-j-l-ess-et-la-ca-se-neutralisent\/208829\/#article","isPartOf":{"@id":"https:\/\/www.webdo.tn\/fr\/actualite\/sport\/ligue-1-4eme-j-l-ess-et-la-ca-se-neutralisent\/208829\/"},"author":{"name":"CL","@id":"https:\/\/www.webdo.tn\/fr\/#\/schema\/person\/f35b42a42c5e2511bbd282959d6385cc"},"headline":"Ligue 1 \u2013 4\u00e8me J. : l\u2019ESS et le CA se neutralisent","datePublished":"2023-09-21T17:49:00+00:00","dateModified":"2025-05-20T22:40:56+00:00","mainEntityOfPage":{"@id":"https:\/\/www.webdo.tn\/fr\/actualite\/sport\/ligue-1-4eme-j-l-ess-et-la-ca-se-neutralisent\/208829\/"},"wordCount":158,"commentCount":0,"publisher":{"@id":"https:\/\/www.webdo.tn\/fr\/#organization"},"image":{"@id":"https:\/\/www.webdo.tn\/fr\/actualite\/sport\/ligue-1-4eme-j-l-ess-et-la-ca-se-neutralisent\/208829\/#primaryimage"},"thumbnailUrl":"https:\/\/www.webdo.tn\/fr\/wp-content\/uploads\/2023\/09\/81ede0a40247dca9742ee521bc88e98d.jpg","keywords":["CA","championnat","ESS","Tunisie"],"articleSection":["Sport"],"inLanguage":"fr-FR"},{"@type":"WebPage","@id":"https:\/\/www.webdo.tn\/fr\/actualite\/sport\/ligue-1-4eme-j-l-ess-et-la-ca-se-neutralisent\/208829\/","url":"https:\/\/www.webdo.tn\/fr\/actualite\/sport\/ligue-1-4eme-j-l-ess-et-la-ca-se-neutralisent\/208829\/","name":"Ligue 1 \u2013 4\u00e8me J. : l\u2019ESS et le CA se neutralisent","isPartOf":{"@id":"https:\/\/www.webdo.tn\/fr\/#website"},"primaryImageOfPage":{"@id":"https:\/\/www.webdo.tn\/fr\/actualite\/sport\/ligue-1-4eme-j-l-ess-et-la-ca-se-neutralisent\/208829\/#primaryimage"},"image":{"@id":"https:\/\/www.webdo.tn\/fr\/actualite\/sport\/ligue-1-4eme-j-l-ess-et-la-ca-se-neutralisent\/208829\/#primaryimage"},"thumbnailUrl":"https:\/\/www.webdo.tn\/fr\/wp-content\/uploads\/2023\/09\/81ede0a40247dca9742ee521bc88e98d.jpg","datePublished":"2023-09-21T17:49:00+00:00","dateModified":"2025-05-20T22:40:56+00:00","description":"Le choc de la quatri\u00e8me journ\u00e9e de la Ligue 1 (Groupe A), disput\u00e9 ce jeudi 21 septembre 2023 opposant l'Etoile sportive du Sahel au le Club africain s\u2019est sold\u00e9...","breadcrumb":{"@id":"https:\/\/www.webdo.tn\/fr\/actualite\/sport\/ligue-1-4eme-j-l-ess-et-la-ca-se-neutralisent\/208829\/#breadcrumb"},"inLanguage":"fr-FR","potentialAction":[{"@type":"ReadAction","target":["https:\/\/www.webdo.tn\/fr\/actualite\/sport\/ligue-1-4eme-j-l-ess-et-la-ca-se-neutralisent\/208829\/"]}]},{"@type":"ImageObject","inLanguage":"fr-FR","@id":"https:\/\/www.webdo.tn\/fr\/actualite\/sport\/ligue-1-4eme-j-l-ess-et-la-ca-se-neutralisent\/208829\/#primaryimage","url":"https:\/\/www.webdo.tn\/fr\/wp-content\/uploads\/2023\/09\/81ede0a40247dca9742ee521bc88e98d.jpg","contentUrl":"https:\/\/www.webdo.tn\/fr\/wp-content\/uploads\/2023\/09\/81ede0a40247dca9742ee521bc88e98d.jpg","width":750,"height":400,"caption":"Ligue 1 \u2013 4\u00e8me J. : l\u2019ESS et le CA se neutralisent"},{"@type":"BreadcrumbList","@id":"https:\/\/www.webdo.tn\/fr\/actualite\/sport\/ligue-1-4eme-j-l-ess-et-la-ca-se-neutralisent\/208829\/#breadcrumb","itemListElement":[{"@type":"ListItem","position":1,"name":"Accueil","item":"https:\/\/www.webdo.tn\/fr\/"},{"@type":"ListItem","position":2,"name":"Ligue 1 \u2013 4\u00e8me J. : l\u2019ESS et le CA se neutralisent"}]},{"@type":"WebSite","@id":"https:\/\/www.webdo.tn\/fr\/#website","url":"https:\/\/www.webdo.tn\/fr\/","name":"webdo","description":"Tunisie - News en Tunisie et \u00e0 l&#039;international sur Webdo.tn","publisher":{"@id":"https:\/\/www.webdo.tn\/fr\/#organization"},"potentialAction":[{"@type":"SearchAction","target":{"@type":"EntryPoint","urlTemplate":"https:\/\/www.webdo.tn\/fr\/?s={search_term_string}"},"query-input":{"@type":"PropertyValueSpecification","valueRequired":true,"valueName":"search_term_string"}}],"inLanguage":"fr-FR"},{"@type":"Organization","@id":"https:\/\/www.webdo.tn\/fr\/#organization","name":"Webdo","alternateName":"Webdo.tn","url":"https:\/\/www.webdo.tn\/fr\/","logo":{"@type":"ImageObject","inLanguage":"fr-FR","@id":"https:\/\/www.webdo.tn\/fr\/#\/schema\/logo\/image\/","url":"https:\/\/www.webdo.tn\/fr\/wp-content\/uploads\/2025\/06\/Webdo-Tunisie_168377.jpg","contentUrl":"https:\/\/www.webdo.tn\/fr\/wp-content\/uploads\/2025\/06\/Webdo-Tunisie_168377.jpg","width":301,"height":301,"caption":"Webdo"},"image":{"@id":"https:\/\/www.webdo.tn\/fr\/#\/schema\/logo\/image\/"},"sameAs":["https:\/\/www.facebook.com\/webdotn","https:\/\/x.com\/webdo_tn"],"description":"Webdo est un m\u00e9dia num\u00e9rique tunisien fond\u00e9 en 2010, sp\u00e9cialis\u00e9 dans l\u2019actualit\u00e9 nationale et internationale, l\u2019\u00e9conomie, la soci\u00e9t\u00e9 et les analyses politiques. Le site s\u2019adresse \u00e0 un large public francophone et couvre l\u2019information tunisienne en temps r\u00e9el.","email":"redac@webdo.tn","legalName":"YNJ SARL","foundingDate":"2010-09-06","numberOfEmployees":{"@type":"QuantitativeValue","minValue":"11","maxValue":"50"}},{"@type":"Person","@id":"https:\/\/www.webdo.tn\/fr\/#\/schema\/person\/f35b42a42c5e2511bbd282959d6385cc","name":"CL","image":{"@type":"ImageObject","inLanguage":"fr-FR","@id":"https:\/\/secure.gravatar.com\/avatar\/1447a49909b67aa657c488aec6512e1dd6143a480c1ecfee9b5b5cd74eb3b59e?s=96&d=mm&r=g","url":"https:\/\/secure.gravatar.com\/avatar\/1447a49909b67aa657c488aec6512e1dd6143a480c1ecfee9b5b5cd74eb3b59e?s=96&d=mm&r=g","contentUrl":"https:\/\/secure.gravatar.com\/avatar\/1447a49909b67aa657c488aec6512e1dd6143a480c1ecfee9b5b5cd74eb3b59e?s=96&d=mm&r=g","caption":"CL"},"url":"https:\/\/www.webdo.tn\/fr\/actualite\/author\/cl\/"}]}},"_links":{"self":[{"href":"https:\/\/www.webdo.tn\/fr\/wp-json\/wp\/v2\/posts\/208829","targetHints":{"allow":["GET"]}}],"collection":[{"href":"https:\/\/www.webdo.tn\/fr\/wp-json\/wp\/v2\/posts"}],"about":[{"href":"https:\/\/www.webdo.tn\/fr\/wp-json\/wp\/v2\/types\/post"}],"author":[{"embeddable":true,"href":"https:\/\/www.webdo.tn\/fr\/wp-json\/wp\/v2\/users\/3175"}],"replies":[{"embeddable":true,"href":"https:\/\/www.webdo.tn\/fr\/wp-json\/wp\/v2\/comments?post=208829"}],"version-history":[{"count":0,"href":"https:\/\/www.webdo.tn\/fr\/wp-json\/wp\/v2\/posts\/208829\/revisions"}],"wp:featuredmedia":[{"embeddable":true,"href":"https:\/\/www.webdo.tn\/fr\/wp-json\/wp\/v2\/media\/249266"}],"wp:attachment":[{"href":"https:\/\/www.webdo.tn\/fr\/wp-json\/wp\/v2\/media?parent=208829"}],"wp:term":[{"taxonomy":"category","embeddable":true,"href":"https:\/\/www.webdo.tn\/fr\/wp-json\/wp\/v2\/categories?post=208829"},{"taxonomy":"post_tag","embeddable":true,"href":"https:\/\/www.webdo.tn\/fr\/wp-json\/wp\/v2\/tags?post=208829"}],"curies":[{"name":"wp","href":"https:\/\/api.w.org\/{rel}","templated":true}]}}