{"id":208824,"date":"2023-09-21T13:38:00","date_gmt":"2023-09-21T13:38:00","guid":{"rendered":"https:\/\/www.webdo.tn\/fr\/blog\/un-nouveau-centre-de-visa-tcheque-ouvre-ses-portes-a-tunis\/208824\/"},"modified":"2025-05-20T21:57:18","modified_gmt":"2025-05-20T21:57:18","slug":"un-nouveau-centre-de-visa-tcheque-ouvre-ses-portes-a-tunis","status":"publish","type":"post","link":"https:\/\/www.webdo.tn\/fr\/actualite\/national\/un-nouveau-centre-de-visa-tcheque-ouvre-ses-portes-a-tunis\/208824\/","title":{"rendered":"Un nouveau Centre de visa tch\u00e8que ouvre ses portes \u00e0 Tunis"},"content":{"rendered":"<p>Depuis le 4 septembre 2023, un nouveau centre de visa Schengen est op\u00e9rationnel. Il s\u2019agit du centre de demande de visa de la soci\u00e9t\u00e9 VFS Global \u00e0 Tunis, annonce l&rsquo;Ambassade de la R\u00e9publique tch\u00e8que \u00e0 Tunis.<\/p>\n<p>\t\t\t\t\t\t\t\t\tCe centre de visa de la soci\u00e9t\u00e9 VFS Global aux Berges du Lac 1 accepte toutes les demandes de visa Schengen (sauf exceptions mentionn\u00e9es \u00e0 la fin de cet article) et est destin\u00e9, en particulier aux Tunisiens qui d\u00e9sirent visiter la R\u00e9publique tch\u00e8que en tant que touristes, hommes d\u00b4affaires, chercheurs, artistes ainsi que pour les \u00e9tudiants, les sportifs etc\u2026<\/p>\n<p>L\u2019Ambassade de la R\u00e9publique tch\u00e8que \u00e0 Tunis pr\u00e9cise qu\u2019apr\u00e8s le d\u00e9p\u00f4t au centre de demande de visa dans les locaux de Centre VFS Global (Immeuble Omrane, Bloc B, rue Lac Leman, aux Berges du Lac 1), les demandes d\u00e9pos\u00e9es sont envoy\u00e9es \u00e0 l&rsquo;Ambassade et trait\u00e9es dans un d\u00e9lai de 15 jours d\u00e8s la livraison.<\/p>\n<p>Ainsi, d\u00e9poser une demande de visa Schengen via ce nouveau centre sera d\u00e9sormais plus facile pour les Tunisiens d\u00e9sirant se rendre en R\u00e9publique tch\u00e8que. Pour cela, il suffit de prendre un rendez-vous en consultant le site du centre de demande de visa VSF Global o\u00f9 sont mentionn\u00e9es les informations concernant les diff\u00e9rents types de visas.<\/p>\n<p>Pour de plus amples renseignements, le demandeur de visa peut s\u2019adresser au centre des appels VFS Global du lundi au vendredi (9:00 &#8211; 15:00)\u00a0au\u00a0: +216 70\u00a0145 760\u00a0ou envoyer votre e-mail \u00e0 l\u00b4adresse\u00a0: [email\u00a0protected].<\/p>\n<p>Le 4 septembre 2023 le Centre de visa de la soci\u00e9t\u00e9 VFS Global aux Berges du Lac 1 a ouvert ses portes. A cette occasion, l\u00b4Ambassadeur Jan Vy\u010d\u00edtal a inaugur\u00e9 le centre en question.<\/p>\n<p>\u00a0<\/p>\n<p>La coop\u00e9ration entre l&rsquo;Ambassade de la R\u00e9publique tch\u00e8que en Tunisie et la soci\u00e9t\u00e9 VFS Global a pour but de promouvoir les contacts interpersonnels, d\u00b4augmenter la capacit\u00e9 de l&rsquo;Ambassade et d\u00b4offrir aux citoyens tunisiens la possibilit\u00e9 de d\u00e9poser leurs demandes de visa dans les conditions modernes offertes par le Centre de visa VFS Global, inaugur\u00e9 par l\u2019Ambassadeur tch\u00e8que Jan Vy\u010d\u00edtal \u00e0 l\u2019occasion de son ouverture.<\/p>\n<p>Les visas Schengen d\u00e9livr\u00e9s sont des visas de court s\u00e9jour d\u00b4une dur\u00e9e maximale de 90 jours sur toute p\u00e9riode de 180 jours.<\/p>\n<p>Les cat\u00e9gories suivantes de demandeurs continueront \u00e0 d\u00e9poser leur demande de visa directement \u00e0 l&rsquo;Ambassade comme par exemple les membres de famille des citoyens tch\u00e8ques\/EU, les citoyens libyens, les demandeurs de tous types de visas et permis de long s\u00e9jour, les membres des d\u00e9l\u00e9gations officielles, les d\u00e9tenteurs de passeports diplomatiques et de service pour les voyages officiels, ainsi que les personnes qui voyagent pour des motifs humanitaires d\u00b4urgence.<\/p>\n","protected":false},"excerpt":{"rendered":"<p>Depuis le 4 septembre 2023, un nouveau centre de visa Schengen est op\u00e9rationnel. Il s\u2019agit du centre de demande de visa de la soci\u00e9t\u00e9 VFS Global \u00e0 Tunis, annonc&#8230;<\/p>\n","protected":false},"author":3162,"featured_media":249264,"comment_status":"open","ping_status":"closed","sticky":false,"template":"","format":"standard","meta":{"footnotes":""},"categories":[44],"tags":[7911,2942,4526,7337,7910,3109],"class_list":["post-208824","post","type-post","status-publish","format-standard","has-post-thumbnail","hentry","category-national","tag-centre-de-visas","tag-republique-tcheque","tag-schengen","tag-tchequie","tag-vfs-global","tag-visa"],"yoast_head":"<!-- This site is optimized with the Yoast SEO Premium plugin v27.5 (Yoast SEO v27.5) - https:\/\/yoast.com\/product\/yoast-seo-premium-wordpress\/ -->\n<title>Un nouveau Centre de visa tch\u00e8que ouvre ses portes \u00e0 Tunis<\/title>\n<meta name=\"description\" content=\"Depuis le 4 septembre 2023, un nouveau centre de visa Schengen est op\u00e9rationnel. Il s\u2019agit du centre de demande de visa de la soci\u00e9t\u00e9 VFS Global \u00e0 Tunis, annonc...\" \/>\n<link rel=\"canonical\" href=\"https:\/\/www.webdo.tn\/fr\/actualite\/national\/un-nouveau-centre-de-visa-tcheque-ouvre-ses-portes-a-tunis\/208824\/\" \/>\n<meta property=\"og:locale\" content=\"fr_FR\" \/>\n<meta property=\"og:type\" content=\"article\" \/>\n<meta property=\"og:title\" content=\"Un nouveau Centre de visa tch\u00e8que ouvre ses portes \u00e0 Tunis\" \/>\n<meta property=\"og:description\" content=\"Depuis le 4 septembre 2023, un nouveau centre de visa Schengen est op\u00e9rationnel. Il s\u2019agit du centre de demande de visa de la soci\u00e9t\u00e9 VFS Global \u00e0 Tunis, annonc...\" \/>\n<meta property=\"og:url\" content=\"https:\/\/www.webdo.tn\/fr\/actualite\/national\/un-nouveau-centre-de-visa-tcheque-ouvre-ses-portes-a-tunis\/208824\/\" \/>\n<meta property=\"og:site_name\" content=\"webdo\" \/>\n<meta property=\"article:publisher\" content=\"https:\/\/www.facebook.com\/webdotn\" \/>\n<meta property=\"article:published_time\" content=\"2023-09-21T13:38:00+00:00\" \/>\n<meta property=\"article:modified_time\" content=\"2025-05-20T21:57:18+00:00\" \/>\n<meta property=\"og:image\" content=\"https:\/\/www.webdo.tn\/fr\/wp-content\/uploads\/2023\/09\/f84b222c605ff15123e63a5469657186.jpg\" \/>\n\t<meta property=\"og:image:width\" content=\"750\" \/>\n\t<meta property=\"og:image:height\" content=\"400\" \/>\n\t<meta property=\"og:image:type\" content=\"image\/jpeg\" \/>\n<meta name=\"author\" content=\"MC\" \/>\n<meta name=\"twitter:card\" content=\"summary_large_image\" \/>\n<meta name=\"twitter:creator\" content=\"@webdo_tn\" \/>\n<meta name=\"twitter:site\" content=\"@webdo_tn\" \/>\n<meta name=\"twitter:label1\" content=\"\u00c9crit par\" \/>\n\t<meta name=\"twitter:data1\" content=\"MC\" \/>\n\t<meta name=\"twitter:label2\" content=\"Dur\u00e9e de lecture estim\u00e9e\" \/>\n\t<meta name=\"twitter:data2\" content=\"2 minutes\" \/>\n<script type=\"application\/ld+json\" class=\"yoast-schema-graph\">{\"@context\":\"https:\\\/\\\/schema.org\",\"@graph\":[{\"@type\":\"NewsArticle\",\"@id\":\"https:\\\/\\\/www.webdo.tn\\\/fr\\\/actualite\\\/national\\\/un-nouveau-centre-de-visa-tcheque-ouvre-ses-portes-a-tunis\\\/208824\\\/#article\",\"isPartOf\":{\"@id\":\"https:\\\/\\\/www.webdo.tn\\\/fr\\\/actualite\\\/national\\\/un-nouveau-centre-de-visa-tcheque-ouvre-ses-portes-a-tunis\\\/208824\\\/\"},\"author\":{\"name\":\"MC\",\"@id\":\"https:\\\/\\\/www.webdo.tn\\\/fr\\\/#\\\/schema\\\/person\\\/2c4929cbf5a809e3bd38617c6ce150f6\"},\"headline\":\"Un nouveau Centre de visa tch\u00e8que ouvre ses portes \u00e0 Tunis\",\"datePublished\":\"2023-09-21T13:38:00+00:00\",\"dateModified\":\"2025-05-20T21:57:18+00:00\",\"mainEntityOfPage\":{\"@id\":\"https:\\\/\\\/www.webdo.tn\\\/fr\\\/actualite\\\/national\\\/un-nouveau-centre-de-visa-tcheque-ouvre-ses-portes-a-tunis\\\/208824\\\/\"},\"wordCount\":483,\"commentCount\":0,\"publisher\":{\"@id\":\"https:\\\/\\\/www.webdo.tn\\\/fr\\\/#organization\"},\"image\":{\"@id\":\"https:\\\/\\\/www.webdo.tn\\\/fr\\\/actualite\\\/national\\\/un-nouveau-centre-de-visa-tcheque-ouvre-ses-portes-a-tunis\\\/208824\\\/#primaryimage\"},\"thumbnailUrl\":\"https:\\\/\\\/www.webdo.tn\\\/fr\\\/wp-content\\\/uploads\\\/2023\\\/09\\\/f84b222c605ff15123e63a5469657186.jpg\",\"keywords\":[\"centre de visas\",\"R\u00e9publique tch\u00e9que\",\"Schengen\",\"tch\u00e9quie\",\"VFS Global\",\"visa\"],\"articleSection\":[\"National\"],\"inLanguage\":\"fr-FR\"},{\"@type\":\"WebPage\",\"@id\":\"https:\\\/\\\/www.webdo.tn\\\/fr\\\/actualite\\\/national\\\/un-nouveau-centre-de-visa-tcheque-ouvre-ses-portes-a-tunis\\\/208824\\\/\",\"url\":\"https:\\\/\\\/www.webdo.tn\\\/fr\\\/actualite\\\/national\\\/un-nouveau-centre-de-visa-tcheque-ouvre-ses-portes-a-tunis\\\/208824\\\/\",\"name\":\"Un nouveau Centre de visa tch\u00e8que ouvre ses portes \u00e0 Tunis\",\"isPartOf\":{\"@id\":\"https:\\\/\\\/www.webdo.tn\\\/fr\\\/#website\"},\"primaryImageOfPage\":{\"@id\":\"https:\\\/\\\/www.webdo.tn\\\/fr\\\/actualite\\\/national\\\/un-nouveau-centre-de-visa-tcheque-ouvre-ses-portes-a-tunis\\\/208824\\\/#primaryimage\"},\"image\":{\"@id\":\"https:\\\/\\\/www.webdo.tn\\\/fr\\\/actualite\\\/national\\\/un-nouveau-centre-de-visa-tcheque-ouvre-ses-portes-a-tunis\\\/208824\\\/#primaryimage\"},\"thumbnailUrl\":\"https:\\\/\\\/www.webdo.tn\\\/fr\\\/wp-content\\\/uploads\\\/2023\\\/09\\\/f84b222c605ff15123e63a5469657186.jpg\",\"datePublished\":\"2023-09-21T13:38:00+00:00\",\"dateModified\":\"2025-05-20T21:57:18+00:00\",\"description\":\"Depuis le 4 septembre 2023, un nouveau centre de visa Schengen est op\u00e9rationnel. Il s\u2019agit du centre de demande de visa de la soci\u00e9t\u00e9 VFS Global \u00e0 Tunis, annonc...\",\"breadcrumb\":{\"@id\":\"https:\\\/\\\/www.webdo.tn\\\/fr\\\/actualite\\\/national\\\/un-nouveau-centre-de-visa-tcheque-ouvre-ses-portes-a-tunis\\\/208824\\\/#breadcrumb\"},\"inLanguage\":\"fr-FR\",\"potentialAction\":[{\"@type\":\"ReadAction\",\"target\":[\"https:\\\/\\\/www.webdo.tn\\\/fr\\\/actualite\\\/national\\\/un-nouveau-centre-de-visa-tcheque-ouvre-ses-portes-a-tunis\\\/208824\\\/\"]}]},{\"@type\":\"ImageObject\",\"inLanguage\":\"fr-FR\",\"@id\":\"https:\\\/\\\/www.webdo.tn\\\/fr\\\/actualite\\\/national\\\/un-nouveau-centre-de-visa-tcheque-ouvre-ses-portes-a-tunis\\\/208824\\\/#primaryimage\",\"url\":\"https:\\\/\\\/www.webdo.tn\\\/fr\\\/wp-content\\\/uploads\\\/2023\\\/09\\\/f84b222c605ff15123e63a5469657186.jpg\",\"contentUrl\":\"https:\\\/\\\/www.webdo.tn\\\/fr\\\/wp-content\\\/uploads\\\/2023\\\/09\\\/f84b222c605ff15123e63a5469657186.jpg\",\"width\":750,\"height\":400,\"caption\":\"Un nouveau Centre de visa tch\u00e8que ouvre ses portes \u00e0 Tunis\"},{\"@type\":\"BreadcrumbList\",\"@id\":\"https:\\\/\\\/www.webdo.tn\\\/fr\\\/actualite\\\/national\\\/un-nouveau-centre-de-visa-tcheque-ouvre-ses-portes-a-tunis\\\/208824\\\/#breadcrumb\",\"itemListElement\":[{\"@type\":\"ListItem\",\"position\":1,\"name\":\"Accueil\",\"item\":\"https:\\\/\\\/www.webdo.tn\\\/fr\\\/\"},{\"@type\":\"ListItem\",\"position\":2,\"name\":\"Un nouveau Centre de visa tch\u00e8que ouvre ses portes \u00e0 Tunis\"}]},{\"@type\":\"WebSite\",\"@id\":\"https:\\\/\\\/www.webdo.tn\\\/fr\\\/#website\",\"url\":\"https:\\\/\\\/www.webdo.tn\\\/fr\\\/\",\"name\":\"webdo\",\"description\":\"Tunisie - News en Tunisie et \u00e0 l&#039;international sur Webdo.tn\",\"publisher\":{\"@id\":\"https:\\\/\\\/www.webdo.tn\\\/fr\\\/#organization\"},\"potentialAction\":[{\"@type\":\"SearchAction\",\"target\":{\"@type\":\"EntryPoint\",\"urlTemplate\":\"https:\\\/\\\/www.webdo.tn\\\/fr\\\/?s={search_term_string}\"},\"query-input\":{\"@type\":\"PropertyValueSpecification\",\"valueRequired\":true,\"valueName\":\"search_term_string\"}}],\"inLanguage\":\"fr-FR\"},{\"@type\":\"Organization\",\"@id\":\"https:\\\/\\\/www.webdo.tn\\\/fr\\\/#organization\",\"name\":\"Webdo\",\"alternateName\":\"Webdo.tn\",\"url\":\"https:\\\/\\\/www.webdo.tn\\\/fr\\\/\",\"logo\":{\"@type\":\"ImageObject\",\"inLanguage\":\"fr-FR\",\"@id\":\"https:\\\/\\\/www.webdo.tn\\\/fr\\\/#\\\/schema\\\/logo\\\/image\\\/\",\"url\":\"https:\\\/\\\/www.webdo.tn\\\/fr\\\/wp-content\\\/uploads\\\/2025\\\/06\\\/Webdo-Tunisie_168377.jpg\",\"contentUrl\":\"https:\\\/\\\/www.webdo.tn\\\/fr\\\/wp-content\\\/uploads\\\/2025\\\/06\\\/Webdo-Tunisie_168377.jpg\",\"width\":301,\"height\":301,\"caption\":\"Webdo\"},\"image\":{\"@id\":\"https:\\\/\\\/www.webdo.tn\\\/fr\\\/#\\\/schema\\\/logo\\\/image\\\/\"},\"sameAs\":[\"https:\\\/\\\/www.facebook.com\\\/webdotn\",\"https:\\\/\\\/x.com\\\/webdo_tn\"],\"description\":\"Webdo est un m\u00e9dia num\u00e9rique tunisien fond\u00e9 en 2010, sp\u00e9cialis\u00e9 dans l\u2019actualit\u00e9 nationale et internationale, l\u2019\u00e9conomie, la soci\u00e9t\u00e9 et les analyses politiques. Le site s\u2019adresse \u00e0 un large public francophone et couvre l\u2019information tunisienne en temps r\u00e9el.\",\"email\":\"redac@webdo.tn\",\"legalName\":\"YNJ SARL\",\"foundingDate\":\"2010-09-06\",\"numberOfEmployees\":{\"@type\":\"QuantitativeValue\",\"minValue\":\"11\",\"maxValue\":\"50\"}},{\"@type\":\"Person\",\"@id\":\"https:\\\/\\\/www.webdo.tn\\\/fr\\\/#\\\/schema\\\/person\\\/2c4929cbf5a809e3bd38617c6ce150f6\",\"name\":\"MC\",\"image\":{\"@type\":\"ImageObject\",\"inLanguage\":\"fr-FR\",\"@id\":\"https:\\\/\\\/secure.gravatar.com\\\/avatar\\\/a545bbb6f84efdd5553dbbc2895e3ca8f1d12c5215e00a041c9670b54aa9b18a?s=96&d=mm&r=g\",\"url\":\"https:\\\/\\\/secure.gravatar.com\\\/avatar\\\/a545bbb6f84efdd5553dbbc2895e3ca8f1d12c5215e00a041c9670b54aa9b18a?s=96&d=mm&r=g\",\"contentUrl\":\"https:\\\/\\\/secure.gravatar.com\\\/avatar\\\/a545bbb6f84efdd5553dbbc2895e3ca8f1d12c5215e00a041c9670b54aa9b18a?s=96&d=mm&r=g\",\"caption\":\"MC\"},\"url\":\"https:\\\/\\\/www.webdo.tn\\\/fr\\\/actualite\\\/author\\\/mc\\\/\"}]}<\/script>\n<!-- \/ Yoast SEO Premium plugin. -->","yoast_head_json":{"title":"Un nouveau Centre de visa tch\u00e8que ouvre ses portes \u00e0 Tunis","description":"Depuis le 4 septembre 2023, un nouveau centre de visa Schengen est op\u00e9rationnel. Il s\u2019agit du centre de demande de visa de la soci\u00e9t\u00e9 VFS Global \u00e0 Tunis, annonc...","canonical":"https:\/\/www.webdo.tn\/fr\/actualite\/national\/un-nouveau-centre-de-visa-tcheque-ouvre-ses-portes-a-tunis\/208824\/","og_locale":"fr_FR","og_type":"article","og_title":"Un nouveau Centre de visa tch\u00e8que ouvre ses portes \u00e0 Tunis","og_description":"Depuis le 4 septembre 2023, un nouveau centre de visa Schengen est op\u00e9rationnel. Il s\u2019agit du centre de demande de visa de la soci\u00e9t\u00e9 VFS Global \u00e0 Tunis, annonc...","og_url":"https:\/\/www.webdo.tn\/fr\/actualite\/national\/un-nouveau-centre-de-visa-tcheque-ouvre-ses-portes-a-tunis\/208824\/","og_site_name":"webdo","article_publisher":"https:\/\/www.facebook.com\/webdotn","article_published_time":"2023-09-21T13:38:00+00:00","article_modified_time":"2025-05-20T21:57:18+00:00","og_image":[{"width":750,"height":400,"url":"https:\/\/www.webdo.tn\/fr\/wp-content\/uploads\/2023\/09\/f84b222c605ff15123e63a5469657186.jpg","type":"image\/jpeg"}],"author":"MC","twitter_card":"summary_large_image","twitter_creator":"@webdo_tn","twitter_site":"@webdo_tn","twitter_misc":{"\u00c9crit par":"MC","Dur\u00e9e de lecture estim\u00e9e":"2 minutes"},"schema":{"@context":"https:\/\/schema.org","@graph":[{"@type":"NewsArticle","@id":"https:\/\/www.webdo.tn\/fr\/actualite\/national\/un-nouveau-centre-de-visa-tcheque-ouvre-ses-portes-a-tunis\/208824\/#article","isPartOf":{"@id":"https:\/\/www.webdo.tn\/fr\/actualite\/national\/un-nouveau-centre-de-visa-tcheque-ouvre-ses-portes-a-tunis\/208824\/"},"author":{"name":"MC","@id":"https:\/\/www.webdo.tn\/fr\/#\/schema\/person\/2c4929cbf5a809e3bd38617c6ce150f6"},"headline":"Un nouveau Centre de visa tch\u00e8que ouvre ses portes \u00e0 Tunis","datePublished":"2023-09-21T13:38:00+00:00","dateModified":"2025-05-20T21:57:18+00:00","mainEntityOfPage":{"@id":"https:\/\/www.webdo.tn\/fr\/actualite\/national\/un-nouveau-centre-de-visa-tcheque-ouvre-ses-portes-a-tunis\/208824\/"},"wordCount":483,"commentCount":0,"publisher":{"@id":"https:\/\/www.webdo.tn\/fr\/#organization"},"image":{"@id":"https:\/\/www.webdo.tn\/fr\/actualite\/national\/un-nouveau-centre-de-visa-tcheque-ouvre-ses-portes-a-tunis\/208824\/#primaryimage"},"thumbnailUrl":"https:\/\/www.webdo.tn\/fr\/wp-content\/uploads\/2023\/09\/f84b222c605ff15123e63a5469657186.jpg","keywords":["centre de visas","R\u00e9publique tch\u00e9que","Schengen","tch\u00e9quie","VFS Global","visa"],"articleSection":["National"],"inLanguage":"fr-FR"},{"@type":"WebPage","@id":"https:\/\/www.webdo.tn\/fr\/actualite\/national\/un-nouveau-centre-de-visa-tcheque-ouvre-ses-portes-a-tunis\/208824\/","url":"https:\/\/www.webdo.tn\/fr\/actualite\/national\/un-nouveau-centre-de-visa-tcheque-ouvre-ses-portes-a-tunis\/208824\/","name":"Un nouveau Centre de visa tch\u00e8que ouvre ses portes \u00e0 Tunis","isPartOf":{"@id":"https:\/\/www.webdo.tn\/fr\/#website"},"primaryImageOfPage":{"@id":"https:\/\/www.webdo.tn\/fr\/actualite\/national\/un-nouveau-centre-de-visa-tcheque-ouvre-ses-portes-a-tunis\/208824\/#primaryimage"},"image":{"@id":"https:\/\/www.webdo.tn\/fr\/actualite\/national\/un-nouveau-centre-de-visa-tcheque-ouvre-ses-portes-a-tunis\/208824\/#primaryimage"},"thumbnailUrl":"https:\/\/www.webdo.tn\/fr\/wp-content\/uploads\/2023\/09\/f84b222c605ff15123e63a5469657186.jpg","datePublished":"2023-09-21T13:38:00+00:00","dateModified":"2025-05-20T21:57:18+00:00","description":"Depuis le 4 septembre 2023, un nouveau centre de visa Schengen est op\u00e9rationnel. Il s\u2019agit du centre de demande de visa de la soci\u00e9t\u00e9 VFS Global \u00e0 Tunis, annonc...","breadcrumb":{"@id":"https:\/\/www.webdo.tn\/fr\/actualite\/national\/un-nouveau-centre-de-visa-tcheque-ouvre-ses-portes-a-tunis\/208824\/#breadcrumb"},"inLanguage":"fr-FR","potentialAction":[{"@type":"ReadAction","target":["https:\/\/www.webdo.tn\/fr\/actualite\/national\/un-nouveau-centre-de-visa-tcheque-ouvre-ses-portes-a-tunis\/208824\/"]}]},{"@type":"ImageObject","inLanguage":"fr-FR","@id":"https:\/\/www.webdo.tn\/fr\/actualite\/national\/un-nouveau-centre-de-visa-tcheque-ouvre-ses-portes-a-tunis\/208824\/#primaryimage","url":"https:\/\/www.webdo.tn\/fr\/wp-content\/uploads\/2023\/09\/f84b222c605ff15123e63a5469657186.jpg","contentUrl":"https:\/\/www.webdo.tn\/fr\/wp-content\/uploads\/2023\/09\/f84b222c605ff15123e63a5469657186.jpg","width":750,"height":400,"caption":"Un nouveau Centre de visa tch\u00e8que ouvre ses portes \u00e0 Tunis"},{"@type":"BreadcrumbList","@id":"https:\/\/www.webdo.tn\/fr\/actualite\/national\/un-nouveau-centre-de-visa-tcheque-ouvre-ses-portes-a-tunis\/208824\/#breadcrumb","itemListElement":[{"@type":"ListItem","position":1,"name":"Accueil","item":"https:\/\/www.webdo.tn\/fr\/"},{"@type":"ListItem","position":2,"name":"Un nouveau Centre de visa tch\u00e8que ouvre ses portes \u00e0 Tunis"}]},{"@type":"WebSite","@id":"https:\/\/www.webdo.tn\/fr\/#website","url":"https:\/\/www.webdo.tn\/fr\/","name":"webdo","description":"Tunisie - News en Tunisie et \u00e0 l&#039;international sur Webdo.tn","publisher":{"@id":"https:\/\/www.webdo.tn\/fr\/#organization"},"potentialAction":[{"@type":"SearchAction","target":{"@type":"EntryPoint","urlTemplate":"https:\/\/www.webdo.tn\/fr\/?s={search_term_string}"},"query-input":{"@type":"PropertyValueSpecification","valueRequired":true,"valueName":"search_term_string"}}],"inLanguage":"fr-FR"},{"@type":"Organization","@id":"https:\/\/www.webdo.tn\/fr\/#organization","name":"Webdo","alternateName":"Webdo.tn","url":"https:\/\/www.webdo.tn\/fr\/","logo":{"@type":"ImageObject","inLanguage":"fr-FR","@id":"https:\/\/www.webdo.tn\/fr\/#\/schema\/logo\/image\/","url":"https:\/\/www.webdo.tn\/fr\/wp-content\/uploads\/2025\/06\/Webdo-Tunisie_168377.jpg","contentUrl":"https:\/\/www.webdo.tn\/fr\/wp-content\/uploads\/2025\/06\/Webdo-Tunisie_168377.jpg","width":301,"height":301,"caption":"Webdo"},"image":{"@id":"https:\/\/www.webdo.tn\/fr\/#\/schema\/logo\/image\/"},"sameAs":["https:\/\/www.facebook.com\/webdotn","https:\/\/x.com\/webdo_tn"],"description":"Webdo est un m\u00e9dia num\u00e9rique tunisien fond\u00e9 en 2010, sp\u00e9cialis\u00e9 dans l\u2019actualit\u00e9 nationale et internationale, l\u2019\u00e9conomie, la soci\u00e9t\u00e9 et les analyses politiques. Le site s\u2019adresse \u00e0 un large public francophone et couvre l\u2019information tunisienne en temps r\u00e9el.","email":"redac@webdo.tn","legalName":"YNJ SARL","foundingDate":"2010-09-06","numberOfEmployees":{"@type":"QuantitativeValue","minValue":"11","maxValue":"50"}},{"@type":"Person","@id":"https:\/\/www.webdo.tn\/fr\/#\/schema\/person\/2c4929cbf5a809e3bd38617c6ce150f6","name":"MC","image":{"@type":"ImageObject","inLanguage":"fr-FR","@id":"https:\/\/secure.gravatar.com\/avatar\/a545bbb6f84efdd5553dbbc2895e3ca8f1d12c5215e00a041c9670b54aa9b18a?s=96&d=mm&r=g","url":"https:\/\/secure.gravatar.com\/avatar\/a545bbb6f84efdd5553dbbc2895e3ca8f1d12c5215e00a041c9670b54aa9b18a?s=96&d=mm&r=g","contentUrl":"https:\/\/secure.gravatar.com\/avatar\/a545bbb6f84efdd5553dbbc2895e3ca8f1d12c5215e00a041c9670b54aa9b18a?s=96&d=mm&r=g","caption":"MC"},"url":"https:\/\/www.webdo.tn\/fr\/actualite\/author\/mc\/"}]}},"_links":{"self":[{"href":"https:\/\/www.webdo.tn\/fr\/wp-json\/wp\/v2\/posts\/208824","targetHints":{"allow":["GET"]}}],"collection":[{"href":"https:\/\/www.webdo.tn\/fr\/wp-json\/wp\/v2\/posts"}],"about":[{"href":"https:\/\/www.webdo.tn\/fr\/wp-json\/wp\/v2\/types\/post"}],"author":[{"embeddable":true,"href":"https:\/\/www.webdo.tn\/fr\/wp-json\/wp\/v2\/users\/3162"}],"replies":[{"embeddable":true,"href":"https:\/\/www.webdo.tn\/fr\/wp-json\/wp\/v2\/comments?post=208824"}],"version-history":[{"count":0,"href":"https:\/\/www.webdo.tn\/fr\/wp-json\/wp\/v2\/posts\/208824\/revisions"}],"wp:featuredmedia":[{"embeddable":true,"href":"https:\/\/www.webdo.tn\/fr\/wp-json\/wp\/v2\/media\/249264"}],"wp:attachment":[{"href":"https:\/\/www.webdo.tn\/fr\/wp-json\/wp\/v2\/media?parent=208824"}],"wp:term":[{"taxonomy":"category","embeddable":true,"href":"https:\/\/www.webdo.tn\/fr\/wp-json\/wp\/v2\/categories?post=208824"},{"taxonomy":"post_tag","embeddable":true,"href":"https:\/\/www.webdo.tn\/fr\/wp-json\/wp\/v2\/tags?post=208824"}],"curies":[{"name":"wp","href":"https:\/\/api.w.org\/{rel}","templated":true}]}}