{"id":208821,"date":"2023-09-21T12:05:00","date_gmt":"2023-09-21T12:05:00","guid":{"rendered":"https:\/\/www.webdo.tn\/fr\/blog\/premier-operateur-a-migrer-vers-l-ipv6-tunisie-telecom-au-diapason-de-la-nouvelle-technologie-et-ses-transformations\/208821\/"},"modified":"2025-05-20T22:56:50","modified_gmt":"2025-05-20T22:56:50","slug":"premier-operateur-a-migrer-vers-l-ipv6-tunisie-telecom-au-diapason-de-la-nouvelle-technologie-et-ses-transformations","status":"publish","type":"post","link":"https:\/\/www.webdo.tn\/fr\/actualite\/national\/premier-operateur-a-migrer-vers-l-ipv6-tunisie-telecom-au-diapason-de-la-nouvelle-technologie-et-ses-transformations\/208821\/","title":{"rendered":"Premier op\u00e9rateur \u00e0 migrer vers l\u2019IPV6  : Tunisie Telecom au diapason de la nouvelle technologie"},"content":{"rendered":"<p>Hier, mercredi 20 septembre 2023 au P\u00f4le Technologique d&rsquo;El Ghazala, c\u2019\u00e9tait la f\u00eate parmi les tr\u00e8s nombreux pr\u00e9sents \u00e0 cet \u00e9v\u00e9nement consistant en la pr\u00e9sentation des solutions qu\u2019offre l\u2019IPv6, une \u00e9tape importante dans le processus de la transformation technologique que conna\u00eet et dont a besoin la Tunisie aujourd\u2019hui, pour les utilisateurs actuels et pour les g\u00e9n\u00e9rations futures.<\/p>\n<p>\t\t\t\t\t\t\t\t\tSous le haut patronage de M. Nizar Ben N\u00e9ji, ministre des Technologies de la Communication, et notmment en pr\u00e9sence de M. Lass\u00e2ad Ben Dhiab, du P.D.G. de Tunisie Telecom, l&rsquo;op\u00e9rateur national a annonc\u00e9 sa migration vers l\u2019IPv6.<\/p>\n<p>Apr\u00e8s le mot de bienvenue de M. Lass\u00e2ad Ben Dhiab, les interventions de messieurs Oussama Samet, Directeur Central des R\u00e9seaux \u00e0 TT, Sami Soudani, Directeur Central Syst\u00e8me d\u2019Information et celle de M. le ministre, ont permis de faire la lumi\u00e8re sur les d\u00e9tails de ce passage de l\u2019IPv4 \u00e0 l\u2019IPv6 et ses multiples r\u00e9percussions sur l&rsquo;avenir du secteur des TICs avec plus de flexibilit\u00e9, de performance, de s\u00e9curit\u00e9 et de protection des donn\u00e9es des utilisateurs.<\/p>\n<p>Si le slogan de l\u2019\u00e9v\u00e9nement a \u00e9t\u00e9 \u00ab It\u2019s time \u00bb, (\u00ab Il est temps \u00bb) pour joindre le futur de la connectivit\u00e9 (\u00ab Join the future of connectivity \u00bb), c\u2019est que ce passage \u00e0 l\u2019IPv6 n\u2019a pas \u00e9t\u00e9 fait aussi vite que l\u2019on peut l\u2019estimer, mais entam\u00e9 depuis 2003 avec les op\u00e9rations et les tests n\u00e9cessaires pour ce nouveau service, r\u00e9alis\u00e9s par les \u00e9quipes performantes d\u2019ing\u00e9nieurs et de techniciens de Tunisie Telecom et du minist\u00e8re des Technologies de la Communication.<\/p>\n<p>Aujourd\u2019hui que l\u2019IPv4 est compl\u00e8tement satur\u00e9, l\u2019IPv6 permet d\u2019accueillir un nombre consid\u00e9rable, \u00e9valu\u00e9 \u00e0 plusieurs milliards, d\u2019adresses et d\u2019utilisateurs d\u2019internet.<\/p>\n<p>Tout cela a \u00e9t\u00e9 pr\u00e9sent\u00e9 aux invit\u00e9s et aux nombreux jeunes pr\u00e9sents, des \u00e9tudiants en technologies de communication, ces derniers ayant \u00e9t\u00e9 appel\u00e9s \u00e0 participer \u00e0 un challenge consistant en l\u2019activation sur place de l\u2019IPv6, gr\u00e2ce \u00e0 leur portable et une application \u00e0 ajouter (APN) afin d\u2019acc\u00e9der \u00e0 ce service.<\/p>\n<p>Parmi les 116 \u00e9tudiants participants \u00e0 ce challenge, 10 ont re\u00e7u, par tirage au sort, un cadeau de Tunisie Telecom consistant en un smartphone ; les trois premiers b\u00e9n\u00e9ficiant d\u2019un bonus de 15 G.<\/p>\n","protected":false},"excerpt":{"rendered":"<p>Hier, mercredi 20 septembre 2023 au P\u00f4le Technologique d&rsquo;El Ghazala, c\u2019\u00e9tait la f\u00eate parmi les tr\u00e8s nombreux pr\u00e9sents \u00e0 cet \u00e9v\u00e9nement consistant en la pr\u00e9sentat&#8230;<\/p>\n","protected":false},"author":3185,"featured_media":249261,"comment_status":"open","ping_status":"closed","sticky":false,"template":"","format":"standard","meta":{"footnotes":""},"categories":[44],"tags":[3837,7906,4551,2931],"class_list":["post-208821","post","type-post","status-publish","format-standard","has-post-thumbnail","hentry","category-national","tag-ceremonie","tag-challenge","tag-ipv6","tag-tunisie-telecom"],"yoast_head":"<!-- This site is optimized with the Yoast SEO Premium plugin v27.5 (Yoast SEO v27.5) - https:\/\/yoast.com\/product\/yoast-seo-premium-wordpress\/ -->\n<title>Premier op\u00e9rateur \u00e0 migrer vers l\u2019IPV6 : Tunisie Telecom au diapason de la nouvelle technologie<\/title>\n<meta name=\"description\" content=\"Hier, mercredi 20 septembre 2023 au P\u00f4le Technologique d&#039;El Ghazala, c\u2019\u00e9tait la f\u00eate parmi les tr\u00e8s nombreux pr\u00e9sents \u00e0 cet \u00e9v\u00e9nement consistant en la pr\u00e9sentat...\" \/>\n<link rel=\"canonical\" href=\"https:\/\/www.webdo.tn\/fr\/actualite\/national\/premier-operateur-a-migrer-vers-l-ipv6-tunisie-telecom-au-diapason-de-la-nouvelle-technologie-et-ses-transformations\/208821\/\" \/>\n<meta property=\"og:locale\" content=\"fr_FR\" \/>\n<meta property=\"og:type\" content=\"article\" \/>\n<meta property=\"og:title\" content=\"Premier op\u00e9rateur \u00e0 migrer vers l\u2019IPV6 : Tunisie Telecom au diapason de la nouvelle technologie\" \/>\n<meta property=\"og:description\" content=\"Hier, mercredi 20 septembre 2023 au P\u00f4le Technologique d&#039;El Ghazala, c\u2019\u00e9tait la f\u00eate parmi les tr\u00e8s nombreux pr\u00e9sents \u00e0 cet \u00e9v\u00e9nement consistant en la pr\u00e9sentat...\" \/>\n<meta property=\"og:url\" content=\"https:\/\/www.webdo.tn\/fr\/actualite\/national\/premier-operateur-a-migrer-vers-l-ipv6-tunisie-telecom-au-diapason-de-la-nouvelle-technologie-et-ses-transformations\/208821\/\" \/>\n<meta property=\"og:site_name\" content=\"webdo\" \/>\n<meta property=\"article:publisher\" content=\"https:\/\/www.facebook.com\/webdotn\" \/>\n<meta property=\"article:published_time\" content=\"2023-09-21T12:05:00+00:00\" \/>\n<meta property=\"article:modified_time\" content=\"2025-05-20T22:56:50+00:00\" \/>\n<meta property=\"og:image\" content=\"https:\/\/www.webdo.tn\/fr\/wp-content\/uploads\/2023\/09\/b4f5f41fabc99413c4ecccd17554fb35.jpg\" \/>\n\t<meta property=\"og:image:width\" content=\"750\" \/>\n\t<meta property=\"og:image:height\" content=\"400\" \/>\n\t<meta property=\"og:image:type\" content=\"image\/jpeg\" \/>\n<meta name=\"author\" content=\"WDA\" \/>\n<meta name=\"twitter:card\" content=\"summary_large_image\" \/>\n<meta name=\"twitter:creator\" content=\"@webdo_tn\" \/>\n<meta name=\"twitter:site\" content=\"@webdo_tn\" \/>\n<meta name=\"twitter:label1\" content=\"\u00c9crit par\" \/>\n\t<meta name=\"twitter:data1\" content=\"WDA\" \/>\n\t<meta name=\"twitter:label2\" content=\"Dur\u00e9e de lecture estim\u00e9e\" \/>\n\t<meta name=\"twitter:data2\" content=\"2 minutes\" \/>\n<script type=\"application\/ld+json\" class=\"yoast-schema-graph\">{\"@context\":\"https:\\\/\\\/schema.org\",\"@graph\":[{\"@type\":\"NewsArticle\",\"@id\":\"https:\\\/\\\/www.webdo.tn\\\/fr\\\/actualite\\\/national\\\/premier-operateur-a-migrer-vers-l-ipv6-tunisie-telecom-au-diapason-de-la-nouvelle-technologie-et-ses-transformations\\\/208821\\\/#article\",\"isPartOf\":{\"@id\":\"https:\\\/\\\/www.webdo.tn\\\/fr\\\/actualite\\\/national\\\/premier-operateur-a-migrer-vers-l-ipv6-tunisie-telecom-au-diapason-de-la-nouvelle-technologie-et-ses-transformations\\\/208821\\\/\"},\"author\":{\"name\":\"WDA\",\"@id\":\"https:\\\/\\\/www.webdo.tn\\\/fr\\\/#\\\/schema\\\/person\\\/ae999f6cc68c323955dd7bb23b41f2dd\"},\"headline\":\"Premier op\u00e9rateur \u00e0 migrer vers l\u2019IPV6 : Tunisie Telecom au diapason de la nouvelle technologie\",\"datePublished\":\"2023-09-21T12:05:00+00:00\",\"dateModified\":\"2025-05-20T22:56:50+00:00\",\"mainEntityOfPage\":{\"@id\":\"https:\\\/\\\/www.webdo.tn\\\/fr\\\/actualite\\\/national\\\/premier-operateur-a-migrer-vers-l-ipv6-tunisie-telecom-au-diapason-de-la-nouvelle-technologie-et-ses-transformations\\\/208821\\\/\"},\"wordCount\":417,\"commentCount\":0,\"publisher\":{\"@id\":\"https:\\\/\\\/www.webdo.tn\\\/fr\\\/#organization\"},\"image\":{\"@id\":\"https:\\\/\\\/www.webdo.tn\\\/fr\\\/actualite\\\/national\\\/premier-operateur-a-migrer-vers-l-ipv6-tunisie-telecom-au-diapason-de-la-nouvelle-technologie-et-ses-transformations\\\/208821\\\/#primaryimage\"},\"thumbnailUrl\":\"https:\\\/\\\/www.webdo.tn\\\/fr\\\/wp-content\\\/uploads\\\/2023\\\/09\\\/b4f5f41fabc99413c4ecccd17554fb35.jpg\",\"keywords\":[\"c\u00e9r\u00e9monie\",\"Challenge\",\"IPv6\",\"Tunisie Telecom\"],\"articleSection\":[\"National\"],\"inLanguage\":\"fr-FR\"},{\"@type\":\"WebPage\",\"@id\":\"https:\\\/\\\/www.webdo.tn\\\/fr\\\/actualite\\\/national\\\/premier-operateur-a-migrer-vers-l-ipv6-tunisie-telecom-au-diapason-de-la-nouvelle-technologie-et-ses-transformations\\\/208821\\\/\",\"url\":\"https:\\\/\\\/www.webdo.tn\\\/fr\\\/actualite\\\/national\\\/premier-operateur-a-migrer-vers-l-ipv6-tunisie-telecom-au-diapason-de-la-nouvelle-technologie-et-ses-transformations\\\/208821\\\/\",\"name\":\"Premier op\u00e9rateur \u00e0 migrer vers l\u2019IPV6 : Tunisie Telecom au diapason de la nouvelle technologie\",\"isPartOf\":{\"@id\":\"https:\\\/\\\/www.webdo.tn\\\/fr\\\/#website\"},\"primaryImageOfPage\":{\"@id\":\"https:\\\/\\\/www.webdo.tn\\\/fr\\\/actualite\\\/national\\\/premier-operateur-a-migrer-vers-l-ipv6-tunisie-telecom-au-diapason-de-la-nouvelle-technologie-et-ses-transformations\\\/208821\\\/#primaryimage\"},\"image\":{\"@id\":\"https:\\\/\\\/www.webdo.tn\\\/fr\\\/actualite\\\/national\\\/premier-operateur-a-migrer-vers-l-ipv6-tunisie-telecom-au-diapason-de-la-nouvelle-technologie-et-ses-transformations\\\/208821\\\/#primaryimage\"},\"thumbnailUrl\":\"https:\\\/\\\/www.webdo.tn\\\/fr\\\/wp-content\\\/uploads\\\/2023\\\/09\\\/b4f5f41fabc99413c4ecccd17554fb35.jpg\",\"datePublished\":\"2023-09-21T12:05:00+00:00\",\"dateModified\":\"2025-05-20T22:56:50+00:00\",\"description\":\"Hier, mercredi 20 septembre 2023 au P\u00f4le Technologique d'El Ghazala, c\u2019\u00e9tait la f\u00eate parmi les tr\u00e8s nombreux pr\u00e9sents \u00e0 cet \u00e9v\u00e9nement consistant en la pr\u00e9sentat...\",\"breadcrumb\":{\"@id\":\"https:\\\/\\\/www.webdo.tn\\\/fr\\\/actualite\\\/national\\\/premier-operateur-a-migrer-vers-l-ipv6-tunisie-telecom-au-diapason-de-la-nouvelle-technologie-et-ses-transformations\\\/208821\\\/#breadcrumb\"},\"inLanguage\":\"fr-FR\",\"potentialAction\":[{\"@type\":\"ReadAction\",\"target\":[\"https:\\\/\\\/www.webdo.tn\\\/fr\\\/actualite\\\/national\\\/premier-operateur-a-migrer-vers-l-ipv6-tunisie-telecom-au-diapason-de-la-nouvelle-technologie-et-ses-transformations\\\/208821\\\/\"]}]},{\"@type\":\"ImageObject\",\"inLanguage\":\"fr-FR\",\"@id\":\"https:\\\/\\\/www.webdo.tn\\\/fr\\\/actualite\\\/national\\\/premier-operateur-a-migrer-vers-l-ipv6-tunisie-telecom-au-diapason-de-la-nouvelle-technologie-et-ses-transformations\\\/208821\\\/#primaryimage\",\"url\":\"https:\\\/\\\/www.webdo.tn\\\/fr\\\/wp-content\\\/uploads\\\/2023\\\/09\\\/b4f5f41fabc99413c4ecccd17554fb35.jpg\",\"contentUrl\":\"https:\\\/\\\/www.webdo.tn\\\/fr\\\/wp-content\\\/uploads\\\/2023\\\/09\\\/b4f5f41fabc99413c4ecccd17554fb35.jpg\",\"width\":750,\"height\":400,\"caption\":\"Premier op\u00e9rateur \u00e0 migrer vers l\u2019IPV6 : Tunisie Telecom au diapason de la nouvelle technologie\"},{\"@type\":\"BreadcrumbList\",\"@id\":\"https:\\\/\\\/www.webdo.tn\\\/fr\\\/actualite\\\/national\\\/premier-operateur-a-migrer-vers-l-ipv6-tunisie-telecom-au-diapason-de-la-nouvelle-technologie-et-ses-transformations\\\/208821\\\/#breadcrumb\",\"itemListElement\":[{\"@type\":\"ListItem\",\"position\":1,\"name\":\"Accueil\",\"item\":\"https:\\\/\\\/www.webdo.tn\\\/fr\\\/\"},{\"@type\":\"ListItem\",\"position\":2,\"name\":\"Premier op\u00e9rateur \u00e0 migrer vers l\u2019IPV6 : Tunisie Telecom au diapason de la nouvelle technologie\"}]},{\"@type\":\"WebSite\",\"@id\":\"https:\\\/\\\/www.webdo.tn\\\/fr\\\/#website\",\"url\":\"https:\\\/\\\/www.webdo.tn\\\/fr\\\/\",\"name\":\"webdo\",\"description\":\"Tunisie - News en Tunisie et \u00e0 l&#039;international sur Webdo.tn\",\"publisher\":{\"@id\":\"https:\\\/\\\/www.webdo.tn\\\/fr\\\/#organization\"},\"potentialAction\":[{\"@type\":\"SearchAction\",\"target\":{\"@type\":\"EntryPoint\",\"urlTemplate\":\"https:\\\/\\\/www.webdo.tn\\\/fr\\\/?s={search_term_string}\"},\"query-input\":{\"@type\":\"PropertyValueSpecification\",\"valueRequired\":true,\"valueName\":\"search_term_string\"}}],\"inLanguage\":\"fr-FR\"},{\"@type\":\"Organization\",\"@id\":\"https:\\\/\\\/www.webdo.tn\\\/fr\\\/#organization\",\"name\":\"Webdo\",\"alternateName\":\"Webdo.tn\",\"url\":\"https:\\\/\\\/www.webdo.tn\\\/fr\\\/\",\"logo\":{\"@type\":\"ImageObject\",\"inLanguage\":\"fr-FR\",\"@id\":\"https:\\\/\\\/www.webdo.tn\\\/fr\\\/#\\\/schema\\\/logo\\\/image\\\/\",\"url\":\"https:\\\/\\\/www.webdo.tn\\\/fr\\\/wp-content\\\/uploads\\\/2025\\\/06\\\/Webdo-Tunisie_168377.jpg\",\"contentUrl\":\"https:\\\/\\\/www.webdo.tn\\\/fr\\\/wp-content\\\/uploads\\\/2025\\\/06\\\/Webdo-Tunisie_168377.jpg\",\"width\":301,\"height\":301,\"caption\":\"Webdo\"},\"image\":{\"@id\":\"https:\\\/\\\/www.webdo.tn\\\/fr\\\/#\\\/schema\\\/logo\\\/image\\\/\"},\"sameAs\":[\"https:\\\/\\\/www.facebook.com\\\/webdotn\",\"https:\\\/\\\/x.com\\\/webdo_tn\"],\"description\":\"Webdo est un m\u00e9dia num\u00e9rique tunisien fond\u00e9 en 2010, sp\u00e9cialis\u00e9 dans l\u2019actualit\u00e9 nationale et internationale, l\u2019\u00e9conomie, la soci\u00e9t\u00e9 et les analyses politiques. Le site s\u2019adresse \u00e0 un large public francophone et couvre l\u2019information tunisienne en temps r\u00e9el.\",\"email\":\"redac@webdo.tn\",\"legalName\":\"YNJ SARL\",\"foundingDate\":\"2010-09-06\",\"numberOfEmployees\":{\"@type\":\"QuantitativeValue\",\"minValue\":\"11\",\"maxValue\":\"50\"}},{\"@type\":\"Person\",\"@id\":\"https:\\\/\\\/www.webdo.tn\\\/fr\\\/#\\\/schema\\\/person\\\/ae999f6cc68c323955dd7bb23b41f2dd\",\"name\":\"WDA\",\"image\":{\"@type\":\"ImageObject\",\"inLanguage\":\"fr-FR\",\"@id\":\"https:\\\/\\\/secure.gravatar.com\\\/avatar\\\/008e9c4da3bbf467e76fbd05ea8a140d6f047be3ff32b495e3a42ecd99d95622?s=96&d=mm&r=g\",\"url\":\"https:\\\/\\\/secure.gravatar.com\\\/avatar\\\/008e9c4da3bbf467e76fbd05ea8a140d6f047be3ff32b495e3a42ecd99d95622?s=96&d=mm&r=g\",\"contentUrl\":\"https:\\\/\\\/secure.gravatar.com\\\/avatar\\\/008e9c4da3bbf467e76fbd05ea8a140d6f047be3ff32b495e3a42ecd99d95622?s=96&d=mm&r=g\",\"caption\":\"WDA\"},\"url\":\"https:\\\/\\\/www.webdo.tn\\\/fr\\\/actualite\\\/author\\\/wda\\\/\"}]}<\/script>\n<!-- \/ Yoast SEO Premium plugin. -->","yoast_head_json":{"title":"Premier op\u00e9rateur \u00e0 migrer vers l\u2019IPV6 : Tunisie Telecom au diapason de la nouvelle technologie","description":"Hier, mercredi 20 septembre 2023 au P\u00f4le Technologique d'El Ghazala, c\u2019\u00e9tait la f\u00eate parmi les tr\u00e8s nombreux pr\u00e9sents \u00e0 cet \u00e9v\u00e9nement consistant en la pr\u00e9sentat...","canonical":"https:\/\/www.webdo.tn\/fr\/actualite\/national\/premier-operateur-a-migrer-vers-l-ipv6-tunisie-telecom-au-diapason-de-la-nouvelle-technologie-et-ses-transformations\/208821\/","og_locale":"fr_FR","og_type":"article","og_title":"Premier op\u00e9rateur \u00e0 migrer vers l\u2019IPV6 : Tunisie Telecom au diapason de la nouvelle technologie","og_description":"Hier, mercredi 20 septembre 2023 au P\u00f4le Technologique d'El Ghazala, c\u2019\u00e9tait la f\u00eate parmi les tr\u00e8s nombreux pr\u00e9sents \u00e0 cet \u00e9v\u00e9nement consistant en la pr\u00e9sentat...","og_url":"https:\/\/www.webdo.tn\/fr\/actualite\/national\/premier-operateur-a-migrer-vers-l-ipv6-tunisie-telecom-au-diapason-de-la-nouvelle-technologie-et-ses-transformations\/208821\/","og_site_name":"webdo","article_publisher":"https:\/\/www.facebook.com\/webdotn","article_published_time":"2023-09-21T12:05:00+00:00","article_modified_time":"2025-05-20T22:56:50+00:00","og_image":[{"width":750,"height":400,"url":"https:\/\/www.webdo.tn\/fr\/wp-content\/uploads\/2023\/09\/b4f5f41fabc99413c4ecccd17554fb35.jpg","type":"image\/jpeg"}],"author":"WDA","twitter_card":"summary_large_image","twitter_creator":"@webdo_tn","twitter_site":"@webdo_tn","twitter_misc":{"\u00c9crit par":"WDA","Dur\u00e9e de lecture estim\u00e9e":"2 minutes"},"schema":{"@context":"https:\/\/schema.org","@graph":[{"@type":"NewsArticle","@id":"https:\/\/www.webdo.tn\/fr\/actualite\/national\/premier-operateur-a-migrer-vers-l-ipv6-tunisie-telecom-au-diapason-de-la-nouvelle-technologie-et-ses-transformations\/208821\/#article","isPartOf":{"@id":"https:\/\/www.webdo.tn\/fr\/actualite\/national\/premier-operateur-a-migrer-vers-l-ipv6-tunisie-telecom-au-diapason-de-la-nouvelle-technologie-et-ses-transformations\/208821\/"},"author":{"name":"WDA","@id":"https:\/\/www.webdo.tn\/fr\/#\/schema\/person\/ae999f6cc68c323955dd7bb23b41f2dd"},"headline":"Premier op\u00e9rateur \u00e0 migrer vers l\u2019IPV6 : Tunisie Telecom au diapason de la nouvelle technologie","datePublished":"2023-09-21T12:05:00+00:00","dateModified":"2025-05-20T22:56:50+00:00","mainEntityOfPage":{"@id":"https:\/\/www.webdo.tn\/fr\/actualite\/national\/premier-operateur-a-migrer-vers-l-ipv6-tunisie-telecom-au-diapason-de-la-nouvelle-technologie-et-ses-transformations\/208821\/"},"wordCount":417,"commentCount":0,"publisher":{"@id":"https:\/\/www.webdo.tn\/fr\/#organization"},"image":{"@id":"https:\/\/www.webdo.tn\/fr\/actualite\/national\/premier-operateur-a-migrer-vers-l-ipv6-tunisie-telecom-au-diapason-de-la-nouvelle-technologie-et-ses-transformations\/208821\/#primaryimage"},"thumbnailUrl":"https:\/\/www.webdo.tn\/fr\/wp-content\/uploads\/2023\/09\/b4f5f41fabc99413c4ecccd17554fb35.jpg","keywords":["c\u00e9r\u00e9monie","Challenge","IPv6","Tunisie Telecom"],"articleSection":["National"],"inLanguage":"fr-FR"},{"@type":"WebPage","@id":"https:\/\/www.webdo.tn\/fr\/actualite\/national\/premier-operateur-a-migrer-vers-l-ipv6-tunisie-telecom-au-diapason-de-la-nouvelle-technologie-et-ses-transformations\/208821\/","url":"https:\/\/www.webdo.tn\/fr\/actualite\/national\/premier-operateur-a-migrer-vers-l-ipv6-tunisie-telecom-au-diapason-de-la-nouvelle-technologie-et-ses-transformations\/208821\/","name":"Premier op\u00e9rateur \u00e0 migrer vers l\u2019IPV6 : Tunisie Telecom au diapason de la nouvelle technologie","isPartOf":{"@id":"https:\/\/www.webdo.tn\/fr\/#website"},"primaryImageOfPage":{"@id":"https:\/\/www.webdo.tn\/fr\/actualite\/national\/premier-operateur-a-migrer-vers-l-ipv6-tunisie-telecom-au-diapason-de-la-nouvelle-technologie-et-ses-transformations\/208821\/#primaryimage"},"image":{"@id":"https:\/\/www.webdo.tn\/fr\/actualite\/national\/premier-operateur-a-migrer-vers-l-ipv6-tunisie-telecom-au-diapason-de-la-nouvelle-technologie-et-ses-transformations\/208821\/#primaryimage"},"thumbnailUrl":"https:\/\/www.webdo.tn\/fr\/wp-content\/uploads\/2023\/09\/b4f5f41fabc99413c4ecccd17554fb35.jpg","datePublished":"2023-09-21T12:05:00+00:00","dateModified":"2025-05-20T22:56:50+00:00","description":"Hier, mercredi 20 septembre 2023 au P\u00f4le Technologique d'El Ghazala, c\u2019\u00e9tait la f\u00eate parmi les tr\u00e8s nombreux pr\u00e9sents \u00e0 cet \u00e9v\u00e9nement consistant en la pr\u00e9sentat...","breadcrumb":{"@id":"https:\/\/www.webdo.tn\/fr\/actualite\/national\/premier-operateur-a-migrer-vers-l-ipv6-tunisie-telecom-au-diapason-de-la-nouvelle-technologie-et-ses-transformations\/208821\/#breadcrumb"},"inLanguage":"fr-FR","potentialAction":[{"@type":"ReadAction","target":["https:\/\/www.webdo.tn\/fr\/actualite\/national\/premier-operateur-a-migrer-vers-l-ipv6-tunisie-telecom-au-diapason-de-la-nouvelle-technologie-et-ses-transformations\/208821\/"]}]},{"@type":"ImageObject","inLanguage":"fr-FR","@id":"https:\/\/www.webdo.tn\/fr\/actualite\/national\/premier-operateur-a-migrer-vers-l-ipv6-tunisie-telecom-au-diapason-de-la-nouvelle-technologie-et-ses-transformations\/208821\/#primaryimage","url":"https:\/\/www.webdo.tn\/fr\/wp-content\/uploads\/2023\/09\/b4f5f41fabc99413c4ecccd17554fb35.jpg","contentUrl":"https:\/\/www.webdo.tn\/fr\/wp-content\/uploads\/2023\/09\/b4f5f41fabc99413c4ecccd17554fb35.jpg","width":750,"height":400,"caption":"Premier op\u00e9rateur \u00e0 migrer vers l\u2019IPV6 : Tunisie Telecom au diapason de la nouvelle technologie"},{"@type":"BreadcrumbList","@id":"https:\/\/www.webdo.tn\/fr\/actualite\/national\/premier-operateur-a-migrer-vers-l-ipv6-tunisie-telecom-au-diapason-de-la-nouvelle-technologie-et-ses-transformations\/208821\/#breadcrumb","itemListElement":[{"@type":"ListItem","position":1,"name":"Accueil","item":"https:\/\/www.webdo.tn\/fr\/"},{"@type":"ListItem","position":2,"name":"Premier op\u00e9rateur \u00e0 migrer vers l\u2019IPV6 : Tunisie Telecom au diapason de la nouvelle technologie"}]},{"@type":"WebSite","@id":"https:\/\/www.webdo.tn\/fr\/#website","url":"https:\/\/www.webdo.tn\/fr\/","name":"webdo","description":"Tunisie - News en Tunisie et \u00e0 l&#039;international sur Webdo.tn","publisher":{"@id":"https:\/\/www.webdo.tn\/fr\/#organization"},"potentialAction":[{"@type":"SearchAction","target":{"@type":"EntryPoint","urlTemplate":"https:\/\/www.webdo.tn\/fr\/?s={search_term_string}"},"query-input":{"@type":"PropertyValueSpecification","valueRequired":true,"valueName":"search_term_string"}}],"inLanguage":"fr-FR"},{"@type":"Organization","@id":"https:\/\/www.webdo.tn\/fr\/#organization","name":"Webdo","alternateName":"Webdo.tn","url":"https:\/\/www.webdo.tn\/fr\/","logo":{"@type":"ImageObject","inLanguage":"fr-FR","@id":"https:\/\/www.webdo.tn\/fr\/#\/schema\/logo\/image\/","url":"https:\/\/www.webdo.tn\/fr\/wp-content\/uploads\/2025\/06\/Webdo-Tunisie_168377.jpg","contentUrl":"https:\/\/www.webdo.tn\/fr\/wp-content\/uploads\/2025\/06\/Webdo-Tunisie_168377.jpg","width":301,"height":301,"caption":"Webdo"},"image":{"@id":"https:\/\/www.webdo.tn\/fr\/#\/schema\/logo\/image\/"},"sameAs":["https:\/\/www.facebook.com\/webdotn","https:\/\/x.com\/webdo_tn"],"description":"Webdo est un m\u00e9dia num\u00e9rique tunisien fond\u00e9 en 2010, sp\u00e9cialis\u00e9 dans l\u2019actualit\u00e9 nationale et internationale, l\u2019\u00e9conomie, la soci\u00e9t\u00e9 et les analyses politiques. Le site s\u2019adresse \u00e0 un large public francophone et couvre l\u2019information tunisienne en temps r\u00e9el.","email":"redac@webdo.tn","legalName":"YNJ SARL","foundingDate":"2010-09-06","numberOfEmployees":{"@type":"QuantitativeValue","minValue":"11","maxValue":"50"}},{"@type":"Person","@id":"https:\/\/www.webdo.tn\/fr\/#\/schema\/person\/ae999f6cc68c323955dd7bb23b41f2dd","name":"WDA","image":{"@type":"ImageObject","inLanguage":"fr-FR","@id":"https:\/\/secure.gravatar.com\/avatar\/008e9c4da3bbf467e76fbd05ea8a140d6f047be3ff32b495e3a42ecd99d95622?s=96&d=mm&r=g","url":"https:\/\/secure.gravatar.com\/avatar\/008e9c4da3bbf467e76fbd05ea8a140d6f047be3ff32b495e3a42ecd99d95622?s=96&d=mm&r=g","contentUrl":"https:\/\/secure.gravatar.com\/avatar\/008e9c4da3bbf467e76fbd05ea8a140d6f047be3ff32b495e3a42ecd99d95622?s=96&d=mm&r=g","caption":"WDA"},"url":"https:\/\/www.webdo.tn\/fr\/actualite\/author\/wda\/"}]}},"_links":{"self":[{"href":"https:\/\/www.webdo.tn\/fr\/wp-json\/wp\/v2\/posts\/208821","targetHints":{"allow":["GET"]}}],"collection":[{"href":"https:\/\/www.webdo.tn\/fr\/wp-json\/wp\/v2\/posts"}],"about":[{"href":"https:\/\/www.webdo.tn\/fr\/wp-json\/wp\/v2\/types\/post"}],"author":[{"embeddable":true,"href":"https:\/\/www.webdo.tn\/fr\/wp-json\/wp\/v2\/users\/3185"}],"replies":[{"embeddable":true,"href":"https:\/\/www.webdo.tn\/fr\/wp-json\/wp\/v2\/comments?post=208821"}],"version-history":[{"count":0,"href":"https:\/\/www.webdo.tn\/fr\/wp-json\/wp\/v2\/posts\/208821\/revisions"}],"wp:featuredmedia":[{"embeddable":true,"href":"https:\/\/www.webdo.tn\/fr\/wp-json\/wp\/v2\/media\/249261"}],"wp:attachment":[{"href":"https:\/\/www.webdo.tn\/fr\/wp-json\/wp\/v2\/media?parent=208821"}],"wp:term":[{"taxonomy":"category","embeddable":true,"href":"https:\/\/www.webdo.tn\/fr\/wp-json\/wp\/v2\/categories?post=208821"},{"taxonomy":"post_tag","embeddable":true,"href":"https:\/\/www.webdo.tn\/fr\/wp-json\/wp\/v2\/tags?post=208821"}],"curies":[{"name":"wp","href":"https:\/\/api.w.org\/{rel}","templated":true}]}}