{"id":208810,"date":"2023-09-21T07:21:00","date_gmt":"2023-09-21T07:21:00","guid":{"rendered":"https:\/\/www.webdo.tn\/fr\/blog\/guadalajara-ons-jabeur-eliminee\/208810\/"},"modified":"2025-05-20T22:40:55","modified_gmt":"2025-05-20T22:40:55","slug":"guadalajara-ons-jabeur-eliminee","status":"publish","type":"post","link":"https:\/\/www.webdo.tn\/fr\/actualite\/sport\/guadalajara-ons-jabeur-eliminee\/208810\/","title":{"rendered":"Guadalajara : Ons Jabeur \u00e9limin\u00e9e"},"content":{"rendered":"<p>Ons Jabeur a \u00e9t\u00e9 \u00e9limin\u00e9e ce jeudi 21 septembre en huiti\u00e8mes de finale du tournoi Guadalajara apr\u00e8s sa d\u00e9faite face \u00e0 l\u2019Italienne Martina Trevisan 6-7, 7-5 et 6-3.<\/p>\n<p>Ons Jabeur dominait pourtant le match et \u00e9tait \u00e0 deux doigts de la victoire, son adversaire, tr\u00e8s motiv\u00e9e, a su renverser la vapeur.\u00a0<\/p>\n<p>Rappelons que Ons Jabeur s\u2019est qualifi\u00e9e hier mercredi pour les huiti\u00e8mes de finale du tournoi en s\u2019imposant au second tour face \u00e0 l&rsquo;am\u00e9ricaine Alycia Parks (45e) en deux sets (6-2 et 6-2) apr\u00e8s une heure de jeu.<\/p>\n","protected":false},"excerpt":{"rendered":"<p>Ons Jabeur a \u00e9t\u00e9 \u00e9limin\u00e9e ce jeudi 21 septembre en huiti\u00e8mes de finale du tournoi Guadalajara apr\u00e8s sa d\u00e9faite face \u00e0 l\u2019Italienne Martina Trevisan 6-7, 7-5 et 6&#8230;<\/p>\n","protected":false},"author":3175,"featured_media":249257,"comment_status":"open","ping_status":"closed","sticky":false,"template":"","format":"standard","meta":{"footnotes":""},"categories":[2593],"tags":[7903,2604,2605,2608],"class_list":["post-208810","post","type-post","status-publish","format-standard","has-post-thumbnail","hentry","category-sport","tag-guadalajara","tag-ons-jabeur","tag-tennis","tag-tunisie"],"yoast_head":"<!-- This site is optimized with the Yoast SEO Premium plugin v27.5 (Yoast SEO v27.5) - https:\/\/yoast.com\/product\/yoast-seo-premium-wordpress\/ -->\n<title>Guadalajara : Ons Jabeur \u00e9limin\u00e9e<\/title>\n<meta name=\"description\" content=\"Ons Jabeur a \u00e9t\u00e9 \u00e9limin\u00e9e ce jeudi 21 septembre en huiti\u00e8mes de finale du tournoi Guadalajara apr\u00e8s sa d\u00e9faite face \u00e0 l\u2019Italienne Martina Trevisan 6-7, 7-5 et 6...\" \/>\n<link rel=\"canonical\" href=\"https:\/\/www.webdo.tn\/fr\/actualite\/sport\/guadalajara-ons-jabeur-eliminee\/208810\/\" \/>\n<meta property=\"og:locale\" content=\"fr_FR\" \/>\n<meta property=\"og:type\" content=\"article\" \/>\n<meta property=\"og:title\" content=\"Guadalajara : Ons Jabeur \u00e9limin\u00e9e\" \/>\n<meta property=\"og:description\" content=\"Ons Jabeur a \u00e9t\u00e9 \u00e9limin\u00e9e ce jeudi 21 septembre en huiti\u00e8mes de finale du tournoi Guadalajara apr\u00e8s sa d\u00e9faite face \u00e0 l\u2019Italienne Martina Trevisan 6-7, 7-5 et 6...\" \/>\n<meta property=\"og:url\" content=\"https:\/\/www.webdo.tn\/fr\/actualite\/sport\/guadalajara-ons-jabeur-eliminee\/208810\/\" \/>\n<meta property=\"og:site_name\" content=\"webdo\" \/>\n<meta property=\"article:publisher\" content=\"https:\/\/www.facebook.com\/webdotn\" \/>\n<meta property=\"article:published_time\" content=\"2023-09-21T07:21:00+00:00\" \/>\n<meta property=\"article:modified_time\" content=\"2025-05-20T22:40:55+00:00\" \/>\n<meta property=\"og:image\" content=\"https:\/\/www.webdo.tn\/fr\/wp-content\/uploads\/2023\/09\/e8c723d01d5cda8a9a55f22551a21d9d.jpg\" \/>\n\t<meta property=\"og:image:width\" content=\"750\" \/>\n\t<meta property=\"og:image:height\" content=\"400\" \/>\n\t<meta property=\"og:image:type\" content=\"image\/jpeg\" \/>\n<meta name=\"author\" content=\"CL\" \/>\n<meta name=\"twitter:card\" content=\"summary_large_image\" \/>\n<meta name=\"twitter:creator\" content=\"@webdo_tn\" \/>\n<meta name=\"twitter:site\" content=\"@webdo_tn\" \/>\n<meta name=\"twitter:label1\" content=\"\u00c9crit par\" \/>\n\t<meta name=\"twitter:data1\" content=\"CL\" \/>\n<script type=\"application\/ld+json\" class=\"yoast-schema-graph\">{\"@context\":\"https:\\\/\\\/schema.org\",\"@graph\":[{\"@type\":\"NewsArticle\",\"@id\":\"https:\\\/\\\/www.webdo.tn\\\/fr\\\/actualite\\\/sport\\\/guadalajara-ons-jabeur-eliminee\\\/208810\\\/#article\",\"isPartOf\":{\"@id\":\"https:\\\/\\\/www.webdo.tn\\\/fr\\\/actualite\\\/sport\\\/guadalajara-ons-jabeur-eliminee\\\/208810\\\/\"},\"author\":{\"name\":\"CL\",\"@id\":\"https:\\\/\\\/www.webdo.tn\\\/fr\\\/#\\\/schema\\\/person\\\/f35b42a42c5e2511bbd282959d6385cc\"},\"headline\":\"Guadalajara : Ons Jabeur \u00e9limin\u00e9e\",\"datePublished\":\"2023-09-21T07:21:00+00:00\",\"dateModified\":\"2025-05-20T22:40:55+00:00\",\"mainEntityOfPage\":{\"@id\":\"https:\\\/\\\/www.webdo.tn\\\/fr\\\/actualite\\\/sport\\\/guadalajara-ons-jabeur-eliminee\\\/208810\\\/\"},\"wordCount\":103,\"commentCount\":0,\"publisher\":{\"@id\":\"https:\\\/\\\/www.webdo.tn\\\/fr\\\/#organization\"},\"image\":{\"@id\":\"https:\\\/\\\/www.webdo.tn\\\/fr\\\/actualite\\\/sport\\\/guadalajara-ons-jabeur-eliminee\\\/208810\\\/#primaryimage\"},\"thumbnailUrl\":\"https:\\\/\\\/www.webdo.tn\\\/fr\\\/wp-content\\\/uploads\\\/2023\\\/09\\\/e8c723d01d5cda8a9a55f22551a21d9d.jpg\",\"keywords\":[\"Guadalajara\",\"Ons Jabeur\",\"tennis\",\"Tunisie\"],\"articleSection\":[\"Sport\"],\"inLanguage\":\"fr-FR\"},{\"@type\":\"WebPage\",\"@id\":\"https:\\\/\\\/www.webdo.tn\\\/fr\\\/actualite\\\/sport\\\/guadalajara-ons-jabeur-eliminee\\\/208810\\\/\",\"url\":\"https:\\\/\\\/www.webdo.tn\\\/fr\\\/actualite\\\/sport\\\/guadalajara-ons-jabeur-eliminee\\\/208810\\\/\",\"name\":\"Guadalajara : Ons Jabeur \u00e9limin\u00e9e\",\"isPartOf\":{\"@id\":\"https:\\\/\\\/www.webdo.tn\\\/fr\\\/#website\"},\"primaryImageOfPage\":{\"@id\":\"https:\\\/\\\/www.webdo.tn\\\/fr\\\/actualite\\\/sport\\\/guadalajara-ons-jabeur-eliminee\\\/208810\\\/#primaryimage\"},\"image\":{\"@id\":\"https:\\\/\\\/www.webdo.tn\\\/fr\\\/actualite\\\/sport\\\/guadalajara-ons-jabeur-eliminee\\\/208810\\\/#primaryimage\"},\"thumbnailUrl\":\"https:\\\/\\\/www.webdo.tn\\\/fr\\\/wp-content\\\/uploads\\\/2023\\\/09\\\/e8c723d01d5cda8a9a55f22551a21d9d.jpg\",\"datePublished\":\"2023-09-21T07:21:00+00:00\",\"dateModified\":\"2025-05-20T22:40:55+00:00\",\"description\":\"Ons Jabeur a \u00e9t\u00e9 \u00e9limin\u00e9e ce jeudi 21 septembre en huiti\u00e8mes de finale du tournoi Guadalajara apr\u00e8s sa d\u00e9faite face \u00e0 l\u2019Italienne Martina Trevisan 6-7, 7-5 et 6...\",\"breadcrumb\":{\"@id\":\"https:\\\/\\\/www.webdo.tn\\\/fr\\\/actualite\\\/sport\\\/guadalajara-ons-jabeur-eliminee\\\/208810\\\/#breadcrumb\"},\"inLanguage\":\"fr-FR\",\"potentialAction\":[{\"@type\":\"ReadAction\",\"target\":[\"https:\\\/\\\/www.webdo.tn\\\/fr\\\/actualite\\\/sport\\\/guadalajara-ons-jabeur-eliminee\\\/208810\\\/\"]}]},{\"@type\":\"ImageObject\",\"inLanguage\":\"fr-FR\",\"@id\":\"https:\\\/\\\/www.webdo.tn\\\/fr\\\/actualite\\\/sport\\\/guadalajara-ons-jabeur-eliminee\\\/208810\\\/#primaryimage\",\"url\":\"https:\\\/\\\/www.webdo.tn\\\/fr\\\/wp-content\\\/uploads\\\/2023\\\/09\\\/e8c723d01d5cda8a9a55f22551a21d9d.jpg\",\"contentUrl\":\"https:\\\/\\\/www.webdo.tn\\\/fr\\\/wp-content\\\/uploads\\\/2023\\\/09\\\/e8c723d01d5cda8a9a55f22551a21d9d.jpg\",\"width\":750,\"height\":400,\"caption\":\"Guadalajara : Ons Jabeur \u00e9limin\u00e9e\"},{\"@type\":\"BreadcrumbList\",\"@id\":\"https:\\\/\\\/www.webdo.tn\\\/fr\\\/actualite\\\/sport\\\/guadalajara-ons-jabeur-eliminee\\\/208810\\\/#breadcrumb\",\"itemListElement\":[{\"@type\":\"ListItem\",\"position\":1,\"name\":\"Accueil\",\"item\":\"https:\\\/\\\/www.webdo.tn\\\/fr\\\/\"},{\"@type\":\"ListItem\",\"position\":2,\"name\":\"Guadalajara : Ons Jabeur \u00e9limin\u00e9e\"}]},{\"@type\":\"WebSite\",\"@id\":\"https:\\\/\\\/www.webdo.tn\\\/fr\\\/#website\",\"url\":\"https:\\\/\\\/www.webdo.tn\\\/fr\\\/\",\"name\":\"webdo\",\"description\":\"Tunisie - News en Tunisie et \u00e0 l&#039;international sur Webdo.tn\",\"publisher\":{\"@id\":\"https:\\\/\\\/www.webdo.tn\\\/fr\\\/#organization\"},\"potentialAction\":[{\"@type\":\"SearchAction\",\"target\":{\"@type\":\"EntryPoint\",\"urlTemplate\":\"https:\\\/\\\/www.webdo.tn\\\/fr\\\/?s={search_term_string}\"},\"query-input\":{\"@type\":\"PropertyValueSpecification\",\"valueRequired\":true,\"valueName\":\"search_term_string\"}}],\"inLanguage\":\"fr-FR\"},{\"@type\":\"Organization\",\"@id\":\"https:\\\/\\\/www.webdo.tn\\\/fr\\\/#organization\",\"name\":\"Webdo\",\"alternateName\":\"Webdo.tn\",\"url\":\"https:\\\/\\\/www.webdo.tn\\\/fr\\\/\",\"logo\":{\"@type\":\"ImageObject\",\"inLanguage\":\"fr-FR\",\"@id\":\"https:\\\/\\\/www.webdo.tn\\\/fr\\\/#\\\/schema\\\/logo\\\/image\\\/\",\"url\":\"https:\\\/\\\/www.webdo.tn\\\/fr\\\/wp-content\\\/uploads\\\/2025\\\/06\\\/Webdo-Tunisie_168377.jpg\",\"contentUrl\":\"https:\\\/\\\/www.webdo.tn\\\/fr\\\/wp-content\\\/uploads\\\/2025\\\/06\\\/Webdo-Tunisie_168377.jpg\",\"width\":301,\"height\":301,\"caption\":\"Webdo\"},\"image\":{\"@id\":\"https:\\\/\\\/www.webdo.tn\\\/fr\\\/#\\\/schema\\\/logo\\\/image\\\/\"},\"sameAs\":[\"https:\\\/\\\/www.facebook.com\\\/webdotn\",\"https:\\\/\\\/x.com\\\/webdo_tn\"],\"description\":\"Webdo est un m\u00e9dia num\u00e9rique tunisien fond\u00e9 en 2010, sp\u00e9cialis\u00e9 dans l\u2019actualit\u00e9 nationale et internationale, l\u2019\u00e9conomie, la soci\u00e9t\u00e9 et les analyses politiques. Le site s\u2019adresse \u00e0 un large public francophone et couvre l\u2019information tunisienne en temps r\u00e9el.\",\"email\":\"redac@webdo.tn\",\"legalName\":\"YNJ SARL\",\"foundingDate\":\"2010-09-06\",\"numberOfEmployees\":{\"@type\":\"QuantitativeValue\",\"minValue\":\"11\",\"maxValue\":\"50\"}},{\"@type\":\"Person\",\"@id\":\"https:\\\/\\\/www.webdo.tn\\\/fr\\\/#\\\/schema\\\/person\\\/f35b42a42c5e2511bbd282959d6385cc\",\"name\":\"CL\",\"image\":{\"@type\":\"ImageObject\",\"inLanguage\":\"fr-FR\",\"@id\":\"https:\\\/\\\/secure.gravatar.com\\\/avatar\\\/1447a49909b67aa657c488aec6512e1dd6143a480c1ecfee9b5b5cd74eb3b59e?s=96&d=mm&r=g\",\"url\":\"https:\\\/\\\/secure.gravatar.com\\\/avatar\\\/1447a49909b67aa657c488aec6512e1dd6143a480c1ecfee9b5b5cd74eb3b59e?s=96&d=mm&r=g\",\"contentUrl\":\"https:\\\/\\\/secure.gravatar.com\\\/avatar\\\/1447a49909b67aa657c488aec6512e1dd6143a480c1ecfee9b5b5cd74eb3b59e?s=96&d=mm&r=g\",\"caption\":\"CL\"},\"url\":\"https:\\\/\\\/www.webdo.tn\\\/fr\\\/actualite\\\/author\\\/cl\\\/\"}]}<\/script>\n<!-- \/ Yoast SEO Premium plugin. -->","yoast_head_json":{"title":"Guadalajara : Ons Jabeur \u00e9limin\u00e9e","description":"Ons Jabeur a \u00e9t\u00e9 \u00e9limin\u00e9e ce jeudi 21 septembre en huiti\u00e8mes de finale du tournoi Guadalajara apr\u00e8s sa d\u00e9faite face \u00e0 l\u2019Italienne Martina Trevisan 6-7, 7-5 et 6...","canonical":"https:\/\/www.webdo.tn\/fr\/actualite\/sport\/guadalajara-ons-jabeur-eliminee\/208810\/","og_locale":"fr_FR","og_type":"article","og_title":"Guadalajara : Ons Jabeur \u00e9limin\u00e9e","og_description":"Ons Jabeur a \u00e9t\u00e9 \u00e9limin\u00e9e ce jeudi 21 septembre en huiti\u00e8mes de finale du tournoi Guadalajara apr\u00e8s sa d\u00e9faite face \u00e0 l\u2019Italienne Martina Trevisan 6-7, 7-5 et 6...","og_url":"https:\/\/www.webdo.tn\/fr\/actualite\/sport\/guadalajara-ons-jabeur-eliminee\/208810\/","og_site_name":"webdo","article_publisher":"https:\/\/www.facebook.com\/webdotn","article_published_time":"2023-09-21T07:21:00+00:00","article_modified_time":"2025-05-20T22:40:55+00:00","og_image":[{"width":750,"height":400,"url":"https:\/\/www.webdo.tn\/fr\/wp-content\/uploads\/2023\/09\/e8c723d01d5cda8a9a55f22551a21d9d.jpg","type":"image\/jpeg"}],"author":"CL","twitter_card":"summary_large_image","twitter_creator":"@webdo_tn","twitter_site":"@webdo_tn","twitter_misc":{"\u00c9crit par":"CL"},"schema":{"@context":"https:\/\/schema.org","@graph":[{"@type":"NewsArticle","@id":"https:\/\/www.webdo.tn\/fr\/actualite\/sport\/guadalajara-ons-jabeur-eliminee\/208810\/#article","isPartOf":{"@id":"https:\/\/www.webdo.tn\/fr\/actualite\/sport\/guadalajara-ons-jabeur-eliminee\/208810\/"},"author":{"name":"CL","@id":"https:\/\/www.webdo.tn\/fr\/#\/schema\/person\/f35b42a42c5e2511bbd282959d6385cc"},"headline":"Guadalajara : Ons Jabeur \u00e9limin\u00e9e","datePublished":"2023-09-21T07:21:00+00:00","dateModified":"2025-05-20T22:40:55+00:00","mainEntityOfPage":{"@id":"https:\/\/www.webdo.tn\/fr\/actualite\/sport\/guadalajara-ons-jabeur-eliminee\/208810\/"},"wordCount":103,"commentCount":0,"publisher":{"@id":"https:\/\/www.webdo.tn\/fr\/#organization"},"image":{"@id":"https:\/\/www.webdo.tn\/fr\/actualite\/sport\/guadalajara-ons-jabeur-eliminee\/208810\/#primaryimage"},"thumbnailUrl":"https:\/\/www.webdo.tn\/fr\/wp-content\/uploads\/2023\/09\/e8c723d01d5cda8a9a55f22551a21d9d.jpg","keywords":["Guadalajara","Ons Jabeur","tennis","Tunisie"],"articleSection":["Sport"],"inLanguage":"fr-FR"},{"@type":"WebPage","@id":"https:\/\/www.webdo.tn\/fr\/actualite\/sport\/guadalajara-ons-jabeur-eliminee\/208810\/","url":"https:\/\/www.webdo.tn\/fr\/actualite\/sport\/guadalajara-ons-jabeur-eliminee\/208810\/","name":"Guadalajara : Ons Jabeur \u00e9limin\u00e9e","isPartOf":{"@id":"https:\/\/www.webdo.tn\/fr\/#website"},"primaryImageOfPage":{"@id":"https:\/\/www.webdo.tn\/fr\/actualite\/sport\/guadalajara-ons-jabeur-eliminee\/208810\/#primaryimage"},"image":{"@id":"https:\/\/www.webdo.tn\/fr\/actualite\/sport\/guadalajara-ons-jabeur-eliminee\/208810\/#primaryimage"},"thumbnailUrl":"https:\/\/www.webdo.tn\/fr\/wp-content\/uploads\/2023\/09\/e8c723d01d5cda8a9a55f22551a21d9d.jpg","datePublished":"2023-09-21T07:21:00+00:00","dateModified":"2025-05-20T22:40:55+00:00","description":"Ons Jabeur a \u00e9t\u00e9 \u00e9limin\u00e9e ce jeudi 21 septembre en huiti\u00e8mes de finale du tournoi Guadalajara apr\u00e8s sa d\u00e9faite face \u00e0 l\u2019Italienne Martina Trevisan 6-7, 7-5 et 6...","breadcrumb":{"@id":"https:\/\/www.webdo.tn\/fr\/actualite\/sport\/guadalajara-ons-jabeur-eliminee\/208810\/#breadcrumb"},"inLanguage":"fr-FR","potentialAction":[{"@type":"ReadAction","target":["https:\/\/www.webdo.tn\/fr\/actualite\/sport\/guadalajara-ons-jabeur-eliminee\/208810\/"]}]},{"@type":"ImageObject","inLanguage":"fr-FR","@id":"https:\/\/www.webdo.tn\/fr\/actualite\/sport\/guadalajara-ons-jabeur-eliminee\/208810\/#primaryimage","url":"https:\/\/www.webdo.tn\/fr\/wp-content\/uploads\/2023\/09\/e8c723d01d5cda8a9a55f22551a21d9d.jpg","contentUrl":"https:\/\/www.webdo.tn\/fr\/wp-content\/uploads\/2023\/09\/e8c723d01d5cda8a9a55f22551a21d9d.jpg","width":750,"height":400,"caption":"Guadalajara : Ons Jabeur \u00e9limin\u00e9e"},{"@type":"BreadcrumbList","@id":"https:\/\/www.webdo.tn\/fr\/actualite\/sport\/guadalajara-ons-jabeur-eliminee\/208810\/#breadcrumb","itemListElement":[{"@type":"ListItem","position":1,"name":"Accueil","item":"https:\/\/www.webdo.tn\/fr\/"},{"@type":"ListItem","position":2,"name":"Guadalajara : Ons Jabeur \u00e9limin\u00e9e"}]},{"@type":"WebSite","@id":"https:\/\/www.webdo.tn\/fr\/#website","url":"https:\/\/www.webdo.tn\/fr\/","name":"webdo","description":"Tunisie - News en Tunisie et \u00e0 l&#039;international sur Webdo.tn","publisher":{"@id":"https:\/\/www.webdo.tn\/fr\/#organization"},"potentialAction":[{"@type":"SearchAction","target":{"@type":"EntryPoint","urlTemplate":"https:\/\/www.webdo.tn\/fr\/?s={search_term_string}"},"query-input":{"@type":"PropertyValueSpecification","valueRequired":true,"valueName":"search_term_string"}}],"inLanguage":"fr-FR"},{"@type":"Organization","@id":"https:\/\/www.webdo.tn\/fr\/#organization","name":"Webdo","alternateName":"Webdo.tn","url":"https:\/\/www.webdo.tn\/fr\/","logo":{"@type":"ImageObject","inLanguage":"fr-FR","@id":"https:\/\/www.webdo.tn\/fr\/#\/schema\/logo\/image\/","url":"https:\/\/www.webdo.tn\/fr\/wp-content\/uploads\/2025\/06\/Webdo-Tunisie_168377.jpg","contentUrl":"https:\/\/www.webdo.tn\/fr\/wp-content\/uploads\/2025\/06\/Webdo-Tunisie_168377.jpg","width":301,"height":301,"caption":"Webdo"},"image":{"@id":"https:\/\/www.webdo.tn\/fr\/#\/schema\/logo\/image\/"},"sameAs":["https:\/\/www.facebook.com\/webdotn","https:\/\/x.com\/webdo_tn"],"description":"Webdo est un m\u00e9dia num\u00e9rique tunisien fond\u00e9 en 2010, sp\u00e9cialis\u00e9 dans l\u2019actualit\u00e9 nationale et internationale, l\u2019\u00e9conomie, la soci\u00e9t\u00e9 et les analyses politiques. Le site s\u2019adresse \u00e0 un large public francophone et couvre l\u2019information tunisienne en temps r\u00e9el.","email":"redac@webdo.tn","legalName":"YNJ SARL","foundingDate":"2010-09-06","numberOfEmployees":{"@type":"QuantitativeValue","minValue":"11","maxValue":"50"}},{"@type":"Person","@id":"https:\/\/www.webdo.tn\/fr\/#\/schema\/person\/f35b42a42c5e2511bbd282959d6385cc","name":"CL","image":{"@type":"ImageObject","inLanguage":"fr-FR","@id":"https:\/\/secure.gravatar.com\/avatar\/1447a49909b67aa657c488aec6512e1dd6143a480c1ecfee9b5b5cd74eb3b59e?s=96&d=mm&r=g","url":"https:\/\/secure.gravatar.com\/avatar\/1447a49909b67aa657c488aec6512e1dd6143a480c1ecfee9b5b5cd74eb3b59e?s=96&d=mm&r=g","contentUrl":"https:\/\/secure.gravatar.com\/avatar\/1447a49909b67aa657c488aec6512e1dd6143a480c1ecfee9b5b5cd74eb3b59e?s=96&d=mm&r=g","caption":"CL"},"url":"https:\/\/www.webdo.tn\/fr\/actualite\/author\/cl\/"}]}},"_links":{"self":[{"href":"https:\/\/www.webdo.tn\/fr\/wp-json\/wp\/v2\/posts\/208810","targetHints":{"allow":["GET"]}}],"collection":[{"href":"https:\/\/www.webdo.tn\/fr\/wp-json\/wp\/v2\/posts"}],"about":[{"href":"https:\/\/www.webdo.tn\/fr\/wp-json\/wp\/v2\/types\/post"}],"author":[{"embeddable":true,"href":"https:\/\/www.webdo.tn\/fr\/wp-json\/wp\/v2\/users\/3175"}],"replies":[{"embeddable":true,"href":"https:\/\/www.webdo.tn\/fr\/wp-json\/wp\/v2\/comments?post=208810"}],"version-history":[{"count":0,"href":"https:\/\/www.webdo.tn\/fr\/wp-json\/wp\/v2\/posts\/208810\/revisions"}],"wp:featuredmedia":[{"embeddable":true,"href":"https:\/\/www.webdo.tn\/fr\/wp-json\/wp\/v2\/media\/249257"}],"wp:attachment":[{"href":"https:\/\/www.webdo.tn\/fr\/wp-json\/wp\/v2\/media?parent=208810"}],"wp:term":[{"taxonomy":"category","embeddable":true,"href":"https:\/\/www.webdo.tn\/fr\/wp-json\/wp\/v2\/categories?post=208810"},{"taxonomy":"post_tag","embeddable":true,"href":"https:\/\/www.webdo.tn\/fr\/wp-json\/wp\/v2\/tags?post=208810"}],"curies":[{"name":"wp","href":"https:\/\/api.w.org\/{rel}","templated":true}]}}