{"id":208793,"date":"2023-09-20T13:13:00","date_gmt":"2023-09-20T13:13:00","guid":{"rendered":"https:\/\/www.webdo.tn\/fr\/blog\/black-out-des-coupures-dans-la-distribution-de-l-eau-partout\/208793\/"},"modified":"2025-05-20T22:51:51","modified_gmt":"2025-05-20T22:51:51","slug":"black-out-des-coupures-dans-la-distribution-de-l-eau-partout","status":"publish","type":"post","link":"https:\/\/www.webdo.tn\/fr\/actualite\/national\/black-out-des-coupures-dans-la-distribution-de-l-eau-partout\/208793\/","title":{"rendered":"Black-out: Des coupures dans la distribution de l&rsquo;eau partout !"},"content":{"rendered":"<p>Des coupures et des perturbations dans la distribution de l&rsquo;eau potable ont \u00e9t\u00e9 enregistr\u00e9es dans plusieurs zones dans toutes les r\u00e9gions du pays, a annonc\u00e9 la Soci\u00e9t\u00e9 Nationale d\u2019Exploitation et de Distribution des Eaux (SONEDE).<\/p>\n<p>La SONEDE a expliqu\u00e9 dans un communiqu\u00e9 publi\u00e9, mercredi, que cette coupure est due \u00e0 l\u2019arr\u00eat de tous ses ouvrages hydrauliques, suite \u00e0 la coupure d\u2019\u00e9lectricit\u00e9 enregistr\u00e9e dans la nuit du mardi au mercredi, dans plusieurs r\u00e9gions du pays.<\/p>\n<p>La soci\u00e9t\u00e9 a fait savoir que l\u2019approvisionnement en eau potable reprendra progressivement apr\u00e8s le r\u00e9tablissement de l\u2019\u00e9lectricit\u00e9 et la remise en marche de ses installations.<\/p>\n","protected":false},"excerpt":{"rendered":"<p>Des coupures et des perturbations dans la distribution de l&rsquo;eau potable ont \u00e9t\u00e9 enregistr\u00e9es dans plusieurs zones dans toutes les r\u00e9gions du pays, a annonc\u00e9 la&#8230;<\/p>\n","protected":false},"author":3175,"featured_media":289632,"comment_status":"open","ping_status":"closed","sticky":false,"template":"","format":"standard","meta":{"footnotes":""},"categories":[44],"tags":[7905,2631,2608],"class_list":["post-208793","post","type-post","status-publish","format-standard","has-post-thumbnail","hentry","category-national","tag-black-out","tag-eau","tag-tunisie"],"yoast_head":"<!-- This site is optimized with the Yoast SEO Premium plugin v27.5 (Yoast SEO v27.5) - https:\/\/yoast.com\/product\/yoast-seo-premium-wordpress\/ -->\n<title>Black-out: Des coupures dans la distribution de l&#039;eau partout !<\/title>\n<meta name=\"description\" content=\"Des coupures et des perturbations dans la distribution de l&#039;eau potable ont \u00e9t\u00e9 enregistr\u00e9es dans plusieurs zones dans toutes les r\u00e9gions du pays, a annonc\u00e9 la...\" \/>\n<link rel=\"canonical\" href=\"https:\/\/www.webdo.tn\/fr\/actualite\/national\/black-out-des-coupures-dans-la-distribution-de-l-eau-partout\/208793\/\" \/>\n<meta property=\"og:locale\" content=\"fr_FR\" \/>\n<meta property=\"og:type\" content=\"article\" \/>\n<meta property=\"og:title\" content=\"Black-out: Des coupures dans la distribution de l&#039;eau partout !\" \/>\n<meta property=\"og:description\" content=\"Des coupures et des perturbations dans la distribution de l&#039;eau potable ont \u00e9t\u00e9 enregistr\u00e9es dans plusieurs zones dans toutes les r\u00e9gions du pays, a annonc\u00e9 la...\" \/>\n<meta property=\"og:url\" content=\"https:\/\/www.webdo.tn\/fr\/actualite\/national\/black-out-des-coupures-dans-la-distribution-de-l-eau-partout\/208793\/\" \/>\n<meta property=\"og:site_name\" content=\"webdo\" \/>\n<meta property=\"article:publisher\" content=\"https:\/\/www.facebook.com\/webdotn\" \/>\n<meta property=\"article:published_time\" content=\"2023-09-20T13:13:00+00:00\" \/>\n<meta property=\"article:modified_time\" content=\"2025-05-20T22:51:51+00:00\" \/>\n<meta property=\"og:image\" content=\"https:\/\/www.webdo.tn\/fr\/wp-content\/uploads\/2023\/09\/c5335722c1d4bc16894e246a8b14126d.jpg\" \/>\n\t<meta property=\"og:image:width\" content=\"750\" \/>\n\t<meta property=\"og:image:height\" content=\"400\" \/>\n\t<meta property=\"og:image:type\" content=\"image\/jpeg\" \/>\n<meta name=\"author\" content=\"CL\" \/>\n<meta name=\"twitter:card\" content=\"summary_large_image\" \/>\n<meta name=\"twitter:creator\" content=\"@webdo_tn\" \/>\n<meta name=\"twitter:site\" content=\"@webdo_tn\" \/>\n<meta name=\"twitter:label1\" content=\"\u00c9crit par\" \/>\n\t<meta name=\"twitter:data1\" content=\"CL\" \/>\n\t<meta name=\"twitter:label2\" content=\"Dur\u00e9e de lecture estim\u00e9e\" \/>\n\t<meta name=\"twitter:data2\" content=\"1 minute\" \/>\n<script type=\"application\/ld+json\" class=\"yoast-schema-graph\">{\"@context\":\"https:\\\/\\\/schema.org\",\"@graph\":[{\"@type\":\"NewsArticle\",\"@id\":\"https:\\\/\\\/www.webdo.tn\\\/fr\\\/actualite\\\/national\\\/black-out-des-coupures-dans-la-distribution-de-l-eau-partout\\\/208793\\\/#article\",\"isPartOf\":{\"@id\":\"https:\\\/\\\/www.webdo.tn\\\/fr\\\/actualite\\\/national\\\/black-out-des-coupures-dans-la-distribution-de-l-eau-partout\\\/208793\\\/\"},\"author\":{\"name\":\"CL\",\"@id\":\"https:\\\/\\\/www.webdo.tn\\\/fr\\\/#\\\/schema\\\/person\\\/f35b42a42c5e2511bbd282959d6385cc\"},\"headline\":\"Black-out: Des coupures dans la distribution de l&rsquo;eau partout !\",\"datePublished\":\"2023-09-20T13:13:00+00:00\",\"dateModified\":\"2025-05-20T22:51:51+00:00\",\"mainEntityOfPage\":{\"@id\":\"https:\\\/\\\/www.webdo.tn\\\/fr\\\/actualite\\\/national\\\/black-out-des-coupures-dans-la-distribution-de-l-eau-partout\\\/208793\\\/\"},\"wordCount\":122,\"commentCount\":0,\"publisher\":{\"@id\":\"https:\\\/\\\/www.webdo.tn\\\/fr\\\/#organization\"},\"image\":{\"@id\":\"https:\\\/\\\/www.webdo.tn\\\/fr\\\/actualite\\\/national\\\/black-out-des-coupures-dans-la-distribution-de-l-eau-partout\\\/208793\\\/#primaryimage\"},\"thumbnailUrl\":\"https:\\\/\\\/www.webdo.tn\\\/fr\\\/wp-content\\\/uploads\\\/2023\\\/09\\\/c5335722c1d4bc16894e246a8b14126d.jpg\",\"keywords\":[\"black-out\",\"eau\",\"Tunisie\"],\"articleSection\":[\"National\"],\"inLanguage\":\"fr-FR\"},{\"@type\":\"WebPage\",\"@id\":\"https:\\\/\\\/www.webdo.tn\\\/fr\\\/actualite\\\/national\\\/black-out-des-coupures-dans-la-distribution-de-l-eau-partout\\\/208793\\\/\",\"url\":\"https:\\\/\\\/www.webdo.tn\\\/fr\\\/actualite\\\/national\\\/black-out-des-coupures-dans-la-distribution-de-l-eau-partout\\\/208793\\\/\",\"name\":\"Black-out: Des coupures dans la distribution de l'eau partout !\",\"isPartOf\":{\"@id\":\"https:\\\/\\\/www.webdo.tn\\\/fr\\\/#website\"},\"primaryImageOfPage\":{\"@id\":\"https:\\\/\\\/www.webdo.tn\\\/fr\\\/actualite\\\/national\\\/black-out-des-coupures-dans-la-distribution-de-l-eau-partout\\\/208793\\\/#primaryimage\"},\"image\":{\"@id\":\"https:\\\/\\\/www.webdo.tn\\\/fr\\\/actualite\\\/national\\\/black-out-des-coupures-dans-la-distribution-de-l-eau-partout\\\/208793\\\/#primaryimage\"},\"thumbnailUrl\":\"https:\\\/\\\/www.webdo.tn\\\/fr\\\/wp-content\\\/uploads\\\/2023\\\/09\\\/c5335722c1d4bc16894e246a8b14126d.jpg\",\"datePublished\":\"2023-09-20T13:13:00+00:00\",\"dateModified\":\"2025-05-20T22:51:51+00:00\",\"description\":\"Des coupures et des perturbations dans la distribution de l'eau potable ont \u00e9t\u00e9 enregistr\u00e9es dans plusieurs zones dans toutes les r\u00e9gions du pays, a annonc\u00e9 la...\",\"breadcrumb\":{\"@id\":\"https:\\\/\\\/www.webdo.tn\\\/fr\\\/actualite\\\/national\\\/black-out-des-coupures-dans-la-distribution-de-l-eau-partout\\\/208793\\\/#breadcrumb\"},\"inLanguage\":\"fr-FR\",\"potentialAction\":[{\"@type\":\"ReadAction\",\"target\":[\"https:\\\/\\\/www.webdo.tn\\\/fr\\\/actualite\\\/national\\\/black-out-des-coupures-dans-la-distribution-de-l-eau-partout\\\/208793\\\/\"]}]},{\"@type\":\"ImageObject\",\"inLanguage\":\"fr-FR\",\"@id\":\"https:\\\/\\\/www.webdo.tn\\\/fr\\\/actualite\\\/national\\\/black-out-des-coupures-dans-la-distribution-de-l-eau-partout\\\/208793\\\/#primaryimage\",\"url\":\"https:\\\/\\\/www.webdo.tn\\\/fr\\\/wp-content\\\/uploads\\\/2023\\\/09\\\/c5335722c1d4bc16894e246a8b14126d.jpg\",\"contentUrl\":\"https:\\\/\\\/www.webdo.tn\\\/fr\\\/wp-content\\\/uploads\\\/2023\\\/09\\\/c5335722c1d4bc16894e246a8b14126d.jpg\",\"width\":750,\"height\":400,\"caption\":\"Black-out: Des coupures dans la distribution de l'eau partout !\"},{\"@type\":\"BreadcrumbList\",\"@id\":\"https:\\\/\\\/www.webdo.tn\\\/fr\\\/actualite\\\/national\\\/black-out-des-coupures-dans-la-distribution-de-l-eau-partout\\\/208793\\\/#breadcrumb\",\"itemListElement\":[{\"@type\":\"ListItem\",\"position\":1,\"name\":\"Accueil\",\"item\":\"https:\\\/\\\/www.webdo.tn\\\/fr\\\/\"},{\"@type\":\"ListItem\",\"position\":2,\"name\":\"Black-out: Des coupures dans la distribution de l&rsquo;eau partout !\"}]},{\"@type\":\"WebSite\",\"@id\":\"https:\\\/\\\/www.webdo.tn\\\/fr\\\/#website\",\"url\":\"https:\\\/\\\/www.webdo.tn\\\/fr\\\/\",\"name\":\"webdo\",\"description\":\"Tunisie - News en Tunisie et \u00e0 l&#039;international sur Webdo.tn\",\"publisher\":{\"@id\":\"https:\\\/\\\/www.webdo.tn\\\/fr\\\/#organization\"},\"potentialAction\":[{\"@type\":\"SearchAction\",\"target\":{\"@type\":\"EntryPoint\",\"urlTemplate\":\"https:\\\/\\\/www.webdo.tn\\\/fr\\\/?s={search_term_string}\"},\"query-input\":{\"@type\":\"PropertyValueSpecification\",\"valueRequired\":true,\"valueName\":\"search_term_string\"}}],\"inLanguage\":\"fr-FR\"},{\"@type\":\"Organization\",\"@id\":\"https:\\\/\\\/www.webdo.tn\\\/fr\\\/#organization\",\"name\":\"Webdo\",\"alternateName\":\"Webdo.tn\",\"url\":\"https:\\\/\\\/www.webdo.tn\\\/fr\\\/\",\"logo\":{\"@type\":\"ImageObject\",\"inLanguage\":\"fr-FR\",\"@id\":\"https:\\\/\\\/www.webdo.tn\\\/fr\\\/#\\\/schema\\\/logo\\\/image\\\/\",\"url\":\"https:\\\/\\\/www.webdo.tn\\\/fr\\\/wp-content\\\/uploads\\\/2025\\\/06\\\/Webdo-Tunisie_168377.jpg\",\"contentUrl\":\"https:\\\/\\\/www.webdo.tn\\\/fr\\\/wp-content\\\/uploads\\\/2025\\\/06\\\/Webdo-Tunisie_168377.jpg\",\"width\":301,\"height\":301,\"caption\":\"Webdo\"},\"image\":{\"@id\":\"https:\\\/\\\/www.webdo.tn\\\/fr\\\/#\\\/schema\\\/logo\\\/image\\\/\"},\"sameAs\":[\"https:\\\/\\\/www.facebook.com\\\/webdotn\",\"https:\\\/\\\/x.com\\\/webdo_tn\"],\"description\":\"Webdo est un m\u00e9dia num\u00e9rique tunisien fond\u00e9 en 2010, sp\u00e9cialis\u00e9 dans l\u2019actualit\u00e9 nationale et internationale, l\u2019\u00e9conomie, la soci\u00e9t\u00e9 et les analyses politiques. Le site s\u2019adresse \u00e0 un large public francophone et couvre l\u2019information tunisienne en temps r\u00e9el.\",\"email\":\"redac@webdo.tn\",\"legalName\":\"YNJ SARL\",\"foundingDate\":\"2010-09-06\",\"numberOfEmployees\":{\"@type\":\"QuantitativeValue\",\"minValue\":\"11\",\"maxValue\":\"50\"}},{\"@type\":\"Person\",\"@id\":\"https:\\\/\\\/www.webdo.tn\\\/fr\\\/#\\\/schema\\\/person\\\/f35b42a42c5e2511bbd282959d6385cc\",\"name\":\"CL\",\"image\":{\"@type\":\"ImageObject\",\"inLanguage\":\"fr-FR\",\"@id\":\"https:\\\/\\\/secure.gravatar.com\\\/avatar\\\/1447a49909b67aa657c488aec6512e1dd6143a480c1ecfee9b5b5cd74eb3b59e?s=96&d=mm&r=g\",\"url\":\"https:\\\/\\\/secure.gravatar.com\\\/avatar\\\/1447a49909b67aa657c488aec6512e1dd6143a480c1ecfee9b5b5cd74eb3b59e?s=96&d=mm&r=g\",\"contentUrl\":\"https:\\\/\\\/secure.gravatar.com\\\/avatar\\\/1447a49909b67aa657c488aec6512e1dd6143a480c1ecfee9b5b5cd74eb3b59e?s=96&d=mm&r=g\",\"caption\":\"CL\"},\"url\":\"https:\\\/\\\/www.webdo.tn\\\/fr\\\/actualite\\\/author\\\/cl\\\/\"}]}<\/script>\n<!-- \/ Yoast SEO Premium plugin. -->","yoast_head_json":{"title":"Black-out: Des coupures dans la distribution de l'eau partout !","description":"Des coupures et des perturbations dans la distribution de l'eau potable ont \u00e9t\u00e9 enregistr\u00e9es dans plusieurs zones dans toutes les r\u00e9gions du pays, a annonc\u00e9 la...","canonical":"https:\/\/www.webdo.tn\/fr\/actualite\/national\/black-out-des-coupures-dans-la-distribution-de-l-eau-partout\/208793\/","og_locale":"fr_FR","og_type":"article","og_title":"Black-out: Des coupures dans la distribution de l'eau partout !","og_description":"Des coupures et des perturbations dans la distribution de l'eau potable ont \u00e9t\u00e9 enregistr\u00e9es dans plusieurs zones dans toutes les r\u00e9gions du pays, a annonc\u00e9 la...","og_url":"https:\/\/www.webdo.tn\/fr\/actualite\/national\/black-out-des-coupures-dans-la-distribution-de-l-eau-partout\/208793\/","og_site_name":"webdo","article_publisher":"https:\/\/www.facebook.com\/webdotn","article_published_time":"2023-09-20T13:13:00+00:00","article_modified_time":"2025-05-20T22:51:51+00:00","og_image":[{"width":750,"height":400,"url":"https:\/\/www.webdo.tn\/fr\/wp-content\/uploads\/2023\/09\/c5335722c1d4bc16894e246a8b14126d.jpg","type":"image\/jpeg"}],"author":"CL","twitter_card":"summary_large_image","twitter_creator":"@webdo_tn","twitter_site":"@webdo_tn","twitter_misc":{"\u00c9crit par":"CL","Dur\u00e9e de lecture estim\u00e9e":"1 minute"},"schema":{"@context":"https:\/\/schema.org","@graph":[{"@type":"NewsArticle","@id":"https:\/\/www.webdo.tn\/fr\/actualite\/national\/black-out-des-coupures-dans-la-distribution-de-l-eau-partout\/208793\/#article","isPartOf":{"@id":"https:\/\/www.webdo.tn\/fr\/actualite\/national\/black-out-des-coupures-dans-la-distribution-de-l-eau-partout\/208793\/"},"author":{"name":"CL","@id":"https:\/\/www.webdo.tn\/fr\/#\/schema\/person\/f35b42a42c5e2511bbd282959d6385cc"},"headline":"Black-out: Des coupures dans la distribution de l&rsquo;eau partout !","datePublished":"2023-09-20T13:13:00+00:00","dateModified":"2025-05-20T22:51:51+00:00","mainEntityOfPage":{"@id":"https:\/\/www.webdo.tn\/fr\/actualite\/national\/black-out-des-coupures-dans-la-distribution-de-l-eau-partout\/208793\/"},"wordCount":122,"commentCount":0,"publisher":{"@id":"https:\/\/www.webdo.tn\/fr\/#organization"},"image":{"@id":"https:\/\/www.webdo.tn\/fr\/actualite\/national\/black-out-des-coupures-dans-la-distribution-de-l-eau-partout\/208793\/#primaryimage"},"thumbnailUrl":"https:\/\/www.webdo.tn\/fr\/wp-content\/uploads\/2023\/09\/c5335722c1d4bc16894e246a8b14126d.jpg","keywords":["black-out","eau","Tunisie"],"articleSection":["National"],"inLanguage":"fr-FR"},{"@type":"WebPage","@id":"https:\/\/www.webdo.tn\/fr\/actualite\/national\/black-out-des-coupures-dans-la-distribution-de-l-eau-partout\/208793\/","url":"https:\/\/www.webdo.tn\/fr\/actualite\/national\/black-out-des-coupures-dans-la-distribution-de-l-eau-partout\/208793\/","name":"Black-out: Des coupures dans la distribution de l'eau partout !","isPartOf":{"@id":"https:\/\/www.webdo.tn\/fr\/#website"},"primaryImageOfPage":{"@id":"https:\/\/www.webdo.tn\/fr\/actualite\/national\/black-out-des-coupures-dans-la-distribution-de-l-eau-partout\/208793\/#primaryimage"},"image":{"@id":"https:\/\/www.webdo.tn\/fr\/actualite\/national\/black-out-des-coupures-dans-la-distribution-de-l-eau-partout\/208793\/#primaryimage"},"thumbnailUrl":"https:\/\/www.webdo.tn\/fr\/wp-content\/uploads\/2023\/09\/c5335722c1d4bc16894e246a8b14126d.jpg","datePublished":"2023-09-20T13:13:00+00:00","dateModified":"2025-05-20T22:51:51+00:00","description":"Des coupures et des perturbations dans la distribution de l'eau potable ont \u00e9t\u00e9 enregistr\u00e9es dans plusieurs zones dans toutes les r\u00e9gions du pays, a annonc\u00e9 la...","breadcrumb":{"@id":"https:\/\/www.webdo.tn\/fr\/actualite\/national\/black-out-des-coupures-dans-la-distribution-de-l-eau-partout\/208793\/#breadcrumb"},"inLanguage":"fr-FR","potentialAction":[{"@type":"ReadAction","target":["https:\/\/www.webdo.tn\/fr\/actualite\/national\/black-out-des-coupures-dans-la-distribution-de-l-eau-partout\/208793\/"]}]},{"@type":"ImageObject","inLanguage":"fr-FR","@id":"https:\/\/www.webdo.tn\/fr\/actualite\/national\/black-out-des-coupures-dans-la-distribution-de-l-eau-partout\/208793\/#primaryimage","url":"https:\/\/www.webdo.tn\/fr\/wp-content\/uploads\/2023\/09\/c5335722c1d4bc16894e246a8b14126d.jpg","contentUrl":"https:\/\/www.webdo.tn\/fr\/wp-content\/uploads\/2023\/09\/c5335722c1d4bc16894e246a8b14126d.jpg","width":750,"height":400,"caption":"Black-out: Des coupures dans la distribution de l'eau partout !"},{"@type":"BreadcrumbList","@id":"https:\/\/www.webdo.tn\/fr\/actualite\/national\/black-out-des-coupures-dans-la-distribution-de-l-eau-partout\/208793\/#breadcrumb","itemListElement":[{"@type":"ListItem","position":1,"name":"Accueil","item":"https:\/\/www.webdo.tn\/fr\/"},{"@type":"ListItem","position":2,"name":"Black-out: Des coupures dans la distribution de l&rsquo;eau partout !"}]},{"@type":"WebSite","@id":"https:\/\/www.webdo.tn\/fr\/#website","url":"https:\/\/www.webdo.tn\/fr\/","name":"webdo","description":"Tunisie - News en Tunisie et \u00e0 l&#039;international sur Webdo.tn","publisher":{"@id":"https:\/\/www.webdo.tn\/fr\/#organization"},"potentialAction":[{"@type":"SearchAction","target":{"@type":"EntryPoint","urlTemplate":"https:\/\/www.webdo.tn\/fr\/?s={search_term_string}"},"query-input":{"@type":"PropertyValueSpecification","valueRequired":true,"valueName":"search_term_string"}}],"inLanguage":"fr-FR"},{"@type":"Organization","@id":"https:\/\/www.webdo.tn\/fr\/#organization","name":"Webdo","alternateName":"Webdo.tn","url":"https:\/\/www.webdo.tn\/fr\/","logo":{"@type":"ImageObject","inLanguage":"fr-FR","@id":"https:\/\/www.webdo.tn\/fr\/#\/schema\/logo\/image\/","url":"https:\/\/www.webdo.tn\/fr\/wp-content\/uploads\/2025\/06\/Webdo-Tunisie_168377.jpg","contentUrl":"https:\/\/www.webdo.tn\/fr\/wp-content\/uploads\/2025\/06\/Webdo-Tunisie_168377.jpg","width":301,"height":301,"caption":"Webdo"},"image":{"@id":"https:\/\/www.webdo.tn\/fr\/#\/schema\/logo\/image\/"},"sameAs":["https:\/\/www.facebook.com\/webdotn","https:\/\/x.com\/webdo_tn"],"description":"Webdo est un m\u00e9dia num\u00e9rique tunisien fond\u00e9 en 2010, sp\u00e9cialis\u00e9 dans l\u2019actualit\u00e9 nationale et internationale, l\u2019\u00e9conomie, la soci\u00e9t\u00e9 et les analyses politiques. Le site s\u2019adresse \u00e0 un large public francophone et couvre l\u2019information tunisienne en temps r\u00e9el.","email":"redac@webdo.tn","legalName":"YNJ SARL","foundingDate":"2010-09-06","numberOfEmployees":{"@type":"QuantitativeValue","minValue":"11","maxValue":"50"}},{"@type":"Person","@id":"https:\/\/www.webdo.tn\/fr\/#\/schema\/person\/f35b42a42c5e2511bbd282959d6385cc","name":"CL","image":{"@type":"ImageObject","inLanguage":"fr-FR","@id":"https:\/\/secure.gravatar.com\/avatar\/1447a49909b67aa657c488aec6512e1dd6143a480c1ecfee9b5b5cd74eb3b59e?s=96&d=mm&r=g","url":"https:\/\/secure.gravatar.com\/avatar\/1447a49909b67aa657c488aec6512e1dd6143a480c1ecfee9b5b5cd74eb3b59e?s=96&d=mm&r=g","contentUrl":"https:\/\/secure.gravatar.com\/avatar\/1447a49909b67aa657c488aec6512e1dd6143a480c1ecfee9b5b5cd74eb3b59e?s=96&d=mm&r=g","caption":"CL"},"url":"https:\/\/www.webdo.tn\/fr\/actualite\/author\/cl\/"}]}},"_links":{"self":[{"href":"https:\/\/www.webdo.tn\/fr\/wp-json\/wp\/v2\/posts\/208793","targetHints":{"allow":["GET"]}}],"collection":[{"href":"https:\/\/www.webdo.tn\/fr\/wp-json\/wp\/v2\/posts"}],"about":[{"href":"https:\/\/www.webdo.tn\/fr\/wp-json\/wp\/v2\/types\/post"}],"author":[{"embeddable":true,"href":"https:\/\/www.webdo.tn\/fr\/wp-json\/wp\/v2\/users\/3175"}],"replies":[{"embeddable":true,"href":"https:\/\/www.webdo.tn\/fr\/wp-json\/wp\/v2\/comments?post=208793"}],"version-history":[{"count":0,"href":"https:\/\/www.webdo.tn\/fr\/wp-json\/wp\/v2\/posts\/208793\/revisions"}],"wp:featuredmedia":[{"embeddable":true,"href":"https:\/\/www.webdo.tn\/fr\/wp-json\/wp\/v2\/media\/289632"}],"wp:attachment":[{"href":"https:\/\/www.webdo.tn\/fr\/wp-json\/wp\/v2\/media?parent=208793"}],"wp:term":[{"taxonomy":"category","embeddable":true,"href":"https:\/\/www.webdo.tn\/fr\/wp-json\/wp\/v2\/categories?post=208793"},{"taxonomy":"post_tag","embeddable":true,"href":"https:\/\/www.webdo.tn\/fr\/wp-json\/wp\/v2\/tags?post=208793"}],"curies":[{"name":"wp","href":"https:\/\/api.w.org\/{rel}","templated":true}]}}