{"id":208791,"date":"2023-09-20T12:05:00","date_gmt":"2023-09-20T12:05:00","guid":{"rendered":"https:\/\/www.webdo.tn\/fr\/blog\/black-out-la-version-du-ministere-de-l-industrie\/208791\/"},"modified":"2025-05-20T22:51:51","modified_gmt":"2025-05-20T22:51:51","slug":"black-out-la-version-du-ministere-de-l-industrie","status":"publish","type":"post","link":"https:\/\/www.webdo.tn\/fr\/actualite\/national\/black-out-la-version-du-ministere-de-l-industrie\/208791\/","title":{"rendered":"Black-out : La version du minist\u00e8re de l\u2019Industrie"},"content":{"rendered":"<p>Le minist\u00e8re de l\u2019Industrie, des Mines et de l\u2019Energie a annonc\u00e9, mercredi, un retour \u00e0 la normale sur l\u2019ensemble du r\u00e9seau \u00e9lectrique national \u00e0 hauteur de 99%.<\/p>\n<p>\t\t\t\t\t\t\t\t\tDans un communiqu\u00e9, le minist\u00e8re a tenu \u00e0 pr\u00e9ciser que la coupure d\u2019\u00e9lectricit\u00e9 enregistr\u00e9e dans la nuit du mardi au mercredi, dans plusieurs r\u00e9gions du pays, r\u00e9sulte d\u2019une panne \u00a0\u00bb purement technique \u00ab\u00a0.<\/p>\n<p>Et d\u2019ajouter qu\u2019aucune explosion n\u2019a \u00e9t\u00e9 observ\u00e9e, ni au niveau du r\u00e9seau \u00e9lectrique, ni dans les districts de la STEG.<\/p>\n<p>Le minist\u00e8re a indiqu\u00e9 que des \u00e9quipes de techniciens relevant de la Soci\u00e9t\u00e9 Tunisienne d\u2019Electricit\u00e9 et du Gaz (STEG) ont \u00e9t\u00e9 d\u00e9p\u00each\u00e9es afin de r\u00e9tablir le courant \u00e9lectrique notamment dans certaines zones du pays.<\/p>\n","protected":false},"excerpt":{"rendered":"<p>Le minist\u00e8re de l\u2019Industrie, des Mines et de l\u2019Energie a annonc\u00e9, mercredi, un retour \u00e0 la normale sur l\u2019ensemble du r\u00e9seau \u00e9lectrique national \u00e0 hauteur de 99%&#8230;<\/p>\n","protected":false},"author":3175,"featured_media":289631,"comment_status":"open","ping_status":"closed","sticky":false,"template":"","format":"standard","meta":{"footnotes":""},"categories":[44],"tags":[7905,3765,2608],"class_list":["post-208791","post","type-post","status-publish","format-standard","has-post-thumbnail","hentry","category-national","tag-black-out","tag-electricite","tag-tunisie"],"yoast_head":"<!-- This site is optimized with the Yoast SEO Premium plugin v27.4 (Yoast SEO v27.5) - https:\/\/yoast.com\/product\/yoast-seo-premium-wordpress\/ -->\n<title>Black-out : La version du minist\u00e8re de l\u2019Industrie<\/title>\n<meta name=\"description\" content=\"Le minist\u00e8re de l\u2019Industrie, des Mines et de l\u2019Energie a annonc\u00e9, mercredi, un retour \u00e0 la normale sur l\u2019ensemble du r\u00e9seau \u00e9lectrique national \u00e0 hauteur de 99%...\" \/>\n<link rel=\"canonical\" href=\"https:\/\/www.webdo.tn\/fr\/actualite\/national\/black-out-la-version-du-ministere-de-l-industrie\/208791\/\" \/>\n<meta property=\"og:locale\" content=\"fr_FR\" \/>\n<meta property=\"og:type\" content=\"article\" \/>\n<meta property=\"og:title\" content=\"Black-out : La version du minist\u00e8re de l\u2019Industrie\" \/>\n<meta property=\"og:description\" content=\"Le minist\u00e8re de l\u2019Industrie, des Mines et de l\u2019Energie a annonc\u00e9, mercredi, un retour \u00e0 la normale sur l\u2019ensemble du r\u00e9seau \u00e9lectrique national \u00e0 hauteur de 99%...\" \/>\n<meta property=\"og:url\" content=\"https:\/\/www.webdo.tn\/fr\/actualite\/national\/black-out-la-version-du-ministere-de-l-industrie\/208791\/\" \/>\n<meta property=\"og:site_name\" content=\"webdo\" \/>\n<meta property=\"article:publisher\" content=\"https:\/\/www.facebook.com\/webdotn\" \/>\n<meta property=\"article:published_time\" content=\"2023-09-20T12:05:00+00:00\" \/>\n<meta property=\"article:modified_time\" content=\"2025-05-20T22:51:51+00:00\" \/>\n<meta property=\"og:image\" content=\"https:\/\/www.webdo.tn\/fr\/wp-content\/uploads\/2023\/09\/c29d01f6e5c155d1a9a4774cab75d81c.jpg\" \/>\n\t<meta property=\"og:image:width\" content=\"500\" \/>\n\t<meta property=\"og:image:height\" content=\"267\" \/>\n\t<meta property=\"og:image:type\" content=\"image\/jpeg\" \/>\n<meta name=\"author\" content=\"CL\" \/>\n<meta name=\"twitter:card\" content=\"summary_large_image\" \/>\n<meta name=\"twitter:creator\" content=\"@webdo_tn\" \/>\n<meta name=\"twitter:site\" content=\"@webdo_tn\" \/>\n<meta name=\"twitter:label1\" content=\"\u00c9crit par\" \/>\n\t<meta name=\"twitter:data1\" content=\"CL\" \/>\n\t<meta name=\"twitter:label2\" content=\"Dur\u00e9e de lecture estim\u00e9e\" \/>\n\t<meta name=\"twitter:data2\" content=\"1 minute\" \/>\n<script type=\"application\/ld+json\" class=\"yoast-schema-graph\">{\"@context\":\"https:\\\/\\\/schema.org\",\"@graph\":[{\"@type\":\"NewsArticle\",\"@id\":\"https:\\\/\\\/www.webdo.tn\\\/fr\\\/actualite\\\/national\\\/black-out-la-version-du-ministere-de-l-industrie\\\/208791\\\/#article\",\"isPartOf\":{\"@id\":\"https:\\\/\\\/www.webdo.tn\\\/fr\\\/actualite\\\/national\\\/black-out-la-version-du-ministere-de-l-industrie\\\/208791\\\/\"},\"author\":{\"name\":\"CL\",\"@id\":\"https:\\\/\\\/www.webdo.tn\\\/fr\\\/#\\\/schema\\\/person\\\/f35b42a42c5e2511bbd282959d6385cc\"},\"headline\":\"Black-out : La version du minist\u00e8re de l\u2019Industrie\",\"datePublished\":\"2023-09-20T12:05:00+00:00\",\"dateModified\":\"2025-05-20T22:51:51+00:00\",\"mainEntityOfPage\":{\"@id\":\"https:\\\/\\\/www.webdo.tn\\\/fr\\\/actualite\\\/national\\\/black-out-la-version-du-ministere-de-l-industrie\\\/208791\\\/\"},\"wordCount\":141,\"commentCount\":0,\"publisher\":{\"@id\":\"https:\\\/\\\/www.webdo.tn\\\/fr\\\/#organization\"},\"image\":{\"@id\":\"https:\\\/\\\/www.webdo.tn\\\/fr\\\/actualite\\\/national\\\/black-out-la-version-du-ministere-de-l-industrie\\\/208791\\\/#primaryimage\"},\"thumbnailUrl\":\"https:\\\/\\\/www.webdo.tn\\\/fr\\\/wp-content\\\/uploads\\\/2023\\\/09\\\/c29d01f6e5c155d1a9a4774cab75d81c.jpg\",\"keywords\":[\"black-out\",\"\u00e9lectricit\u00e9\",\"Tunisie\"],\"articleSection\":[\"National\"],\"inLanguage\":\"fr-FR\"},{\"@type\":\"WebPage\",\"@id\":\"https:\\\/\\\/www.webdo.tn\\\/fr\\\/actualite\\\/national\\\/black-out-la-version-du-ministere-de-l-industrie\\\/208791\\\/\",\"url\":\"https:\\\/\\\/www.webdo.tn\\\/fr\\\/actualite\\\/national\\\/black-out-la-version-du-ministere-de-l-industrie\\\/208791\\\/\",\"name\":\"Black-out : La version du minist\u00e8re de l\u2019Industrie\",\"isPartOf\":{\"@id\":\"https:\\\/\\\/www.webdo.tn\\\/fr\\\/#website\"},\"primaryImageOfPage\":{\"@id\":\"https:\\\/\\\/www.webdo.tn\\\/fr\\\/actualite\\\/national\\\/black-out-la-version-du-ministere-de-l-industrie\\\/208791\\\/#primaryimage\"},\"image\":{\"@id\":\"https:\\\/\\\/www.webdo.tn\\\/fr\\\/actualite\\\/national\\\/black-out-la-version-du-ministere-de-l-industrie\\\/208791\\\/#primaryimage\"},\"thumbnailUrl\":\"https:\\\/\\\/www.webdo.tn\\\/fr\\\/wp-content\\\/uploads\\\/2023\\\/09\\\/c29d01f6e5c155d1a9a4774cab75d81c.jpg\",\"datePublished\":\"2023-09-20T12:05:00+00:00\",\"dateModified\":\"2025-05-20T22:51:51+00:00\",\"description\":\"Le minist\u00e8re de l\u2019Industrie, des Mines et de l\u2019Energie a annonc\u00e9, mercredi, un retour \u00e0 la normale sur l\u2019ensemble du r\u00e9seau \u00e9lectrique national \u00e0 hauteur de 99%...\",\"breadcrumb\":{\"@id\":\"https:\\\/\\\/www.webdo.tn\\\/fr\\\/actualite\\\/national\\\/black-out-la-version-du-ministere-de-l-industrie\\\/208791\\\/#breadcrumb\"},\"inLanguage\":\"fr-FR\",\"potentialAction\":[{\"@type\":\"ReadAction\",\"target\":[\"https:\\\/\\\/www.webdo.tn\\\/fr\\\/actualite\\\/national\\\/black-out-la-version-du-ministere-de-l-industrie\\\/208791\\\/\"]}]},{\"@type\":\"ImageObject\",\"inLanguage\":\"fr-FR\",\"@id\":\"https:\\\/\\\/www.webdo.tn\\\/fr\\\/actualite\\\/national\\\/black-out-la-version-du-ministere-de-l-industrie\\\/208791\\\/#primaryimage\",\"url\":\"https:\\\/\\\/www.webdo.tn\\\/fr\\\/wp-content\\\/uploads\\\/2023\\\/09\\\/c29d01f6e5c155d1a9a4774cab75d81c.jpg\",\"contentUrl\":\"https:\\\/\\\/www.webdo.tn\\\/fr\\\/wp-content\\\/uploads\\\/2023\\\/09\\\/c29d01f6e5c155d1a9a4774cab75d81c.jpg\",\"width\":500,\"height\":267,\"caption\":\"Black-out : La version du minist\u00e8re de l\u2019Industrie\"},{\"@type\":\"BreadcrumbList\",\"@id\":\"https:\\\/\\\/www.webdo.tn\\\/fr\\\/actualite\\\/national\\\/black-out-la-version-du-ministere-de-l-industrie\\\/208791\\\/#breadcrumb\",\"itemListElement\":[{\"@type\":\"ListItem\",\"position\":1,\"name\":\"Accueil\",\"item\":\"https:\\\/\\\/www.webdo.tn\\\/fr\\\/\"},{\"@type\":\"ListItem\",\"position\":2,\"name\":\"Black-out : La version du minist\u00e8re de l\u2019Industrie\"}]},{\"@type\":\"WebSite\",\"@id\":\"https:\\\/\\\/www.webdo.tn\\\/fr\\\/#website\",\"url\":\"https:\\\/\\\/www.webdo.tn\\\/fr\\\/\",\"name\":\"webdo\",\"description\":\"Tunisie - News en Tunisie et \u00e0 l&#039;international sur Webdo.tn\",\"publisher\":{\"@id\":\"https:\\\/\\\/www.webdo.tn\\\/fr\\\/#organization\"},\"potentialAction\":[{\"@type\":\"SearchAction\",\"target\":{\"@type\":\"EntryPoint\",\"urlTemplate\":\"https:\\\/\\\/www.webdo.tn\\\/fr\\\/?s={search_term_string}\"},\"query-input\":{\"@type\":\"PropertyValueSpecification\",\"valueRequired\":true,\"valueName\":\"search_term_string\"}}],\"inLanguage\":\"fr-FR\"},{\"@type\":\"Organization\",\"@id\":\"https:\\\/\\\/www.webdo.tn\\\/fr\\\/#organization\",\"name\":\"Webdo\",\"alternateName\":\"Webdo.tn\",\"url\":\"https:\\\/\\\/www.webdo.tn\\\/fr\\\/\",\"logo\":{\"@type\":\"ImageObject\",\"inLanguage\":\"fr-FR\",\"@id\":\"https:\\\/\\\/www.webdo.tn\\\/fr\\\/#\\\/schema\\\/logo\\\/image\\\/\",\"url\":\"https:\\\/\\\/www.webdo.tn\\\/fr\\\/wp-content\\\/uploads\\\/2025\\\/06\\\/Webdo-Tunisie_168377.jpg\",\"contentUrl\":\"https:\\\/\\\/www.webdo.tn\\\/fr\\\/wp-content\\\/uploads\\\/2025\\\/06\\\/Webdo-Tunisie_168377.jpg\",\"width\":301,\"height\":301,\"caption\":\"Webdo\"},\"image\":{\"@id\":\"https:\\\/\\\/www.webdo.tn\\\/fr\\\/#\\\/schema\\\/logo\\\/image\\\/\"},\"sameAs\":[\"https:\\\/\\\/www.facebook.com\\\/webdotn\",\"https:\\\/\\\/x.com\\\/webdo_tn\"],\"description\":\"Webdo est un m\u00e9dia num\u00e9rique tunisien fond\u00e9 en 2010, sp\u00e9cialis\u00e9 dans l\u2019actualit\u00e9 nationale et internationale, l\u2019\u00e9conomie, la soci\u00e9t\u00e9 et les analyses politiques. Le site s\u2019adresse \u00e0 un large public francophone et couvre l\u2019information tunisienne en temps r\u00e9el.\",\"email\":\"redac@webdo.tn\",\"legalName\":\"YNJ SARL\",\"foundingDate\":\"2010-09-06\",\"numberOfEmployees\":{\"@type\":\"QuantitativeValue\",\"minValue\":\"11\",\"maxValue\":\"50\"}},{\"@type\":\"Person\",\"@id\":\"https:\\\/\\\/www.webdo.tn\\\/fr\\\/#\\\/schema\\\/person\\\/f35b42a42c5e2511bbd282959d6385cc\",\"name\":\"CL\",\"image\":{\"@type\":\"ImageObject\",\"inLanguage\":\"fr-FR\",\"@id\":\"https:\\\/\\\/secure.gravatar.com\\\/avatar\\\/1447a49909b67aa657c488aec6512e1dd6143a480c1ecfee9b5b5cd74eb3b59e?s=96&d=mm&r=g\",\"url\":\"https:\\\/\\\/secure.gravatar.com\\\/avatar\\\/1447a49909b67aa657c488aec6512e1dd6143a480c1ecfee9b5b5cd74eb3b59e?s=96&d=mm&r=g\",\"contentUrl\":\"https:\\\/\\\/secure.gravatar.com\\\/avatar\\\/1447a49909b67aa657c488aec6512e1dd6143a480c1ecfee9b5b5cd74eb3b59e?s=96&d=mm&r=g\",\"caption\":\"CL\"},\"url\":\"https:\\\/\\\/www.webdo.tn\\\/fr\\\/actualite\\\/author\\\/cl\\\/\"}]}<\/script>\n<!-- \/ Yoast SEO Premium plugin. -->","yoast_head_json":{"title":"Black-out : La version du minist\u00e8re de l\u2019Industrie","description":"Le minist\u00e8re de l\u2019Industrie, des Mines et de l\u2019Energie a annonc\u00e9, mercredi, un retour \u00e0 la normale sur l\u2019ensemble du r\u00e9seau \u00e9lectrique national \u00e0 hauteur de 99%...","canonical":"https:\/\/www.webdo.tn\/fr\/actualite\/national\/black-out-la-version-du-ministere-de-l-industrie\/208791\/","og_locale":"fr_FR","og_type":"article","og_title":"Black-out : La version du minist\u00e8re de l\u2019Industrie","og_description":"Le minist\u00e8re de l\u2019Industrie, des Mines et de l\u2019Energie a annonc\u00e9, mercredi, un retour \u00e0 la normale sur l\u2019ensemble du r\u00e9seau \u00e9lectrique national \u00e0 hauteur de 99%...","og_url":"https:\/\/www.webdo.tn\/fr\/actualite\/national\/black-out-la-version-du-ministere-de-l-industrie\/208791\/","og_site_name":"webdo","article_publisher":"https:\/\/www.facebook.com\/webdotn","article_published_time":"2023-09-20T12:05:00+00:00","article_modified_time":"2025-05-20T22:51:51+00:00","og_image":[{"width":500,"height":267,"url":"https:\/\/www.webdo.tn\/fr\/wp-content\/uploads\/2023\/09\/c29d01f6e5c155d1a9a4774cab75d81c.jpg","type":"image\/jpeg"}],"author":"CL","twitter_card":"summary_large_image","twitter_creator":"@webdo_tn","twitter_site":"@webdo_tn","twitter_misc":{"\u00c9crit par":"CL","Dur\u00e9e de lecture estim\u00e9e":"1 minute"},"schema":{"@context":"https:\/\/schema.org","@graph":[{"@type":"NewsArticle","@id":"https:\/\/www.webdo.tn\/fr\/actualite\/national\/black-out-la-version-du-ministere-de-l-industrie\/208791\/#article","isPartOf":{"@id":"https:\/\/www.webdo.tn\/fr\/actualite\/national\/black-out-la-version-du-ministere-de-l-industrie\/208791\/"},"author":{"name":"CL","@id":"https:\/\/www.webdo.tn\/fr\/#\/schema\/person\/f35b42a42c5e2511bbd282959d6385cc"},"headline":"Black-out : La version du minist\u00e8re de l\u2019Industrie","datePublished":"2023-09-20T12:05:00+00:00","dateModified":"2025-05-20T22:51:51+00:00","mainEntityOfPage":{"@id":"https:\/\/www.webdo.tn\/fr\/actualite\/national\/black-out-la-version-du-ministere-de-l-industrie\/208791\/"},"wordCount":141,"commentCount":0,"publisher":{"@id":"https:\/\/www.webdo.tn\/fr\/#organization"},"image":{"@id":"https:\/\/www.webdo.tn\/fr\/actualite\/national\/black-out-la-version-du-ministere-de-l-industrie\/208791\/#primaryimage"},"thumbnailUrl":"https:\/\/www.webdo.tn\/fr\/wp-content\/uploads\/2023\/09\/c29d01f6e5c155d1a9a4774cab75d81c.jpg","keywords":["black-out","\u00e9lectricit\u00e9","Tunisie"],"articleSection":["National"],"inLanguage":"fr-FR"},{"@type":"WebPage","@id":"https:\/\/www.webdo.tn\/fr\/actualite\/national\/black-out-la-version-du-ministere-de-l-industrie\/208791\/","url":"https:\/\/www.webdo.tn\/fr\/actualite\/national\/black-out-la-version-du-ministere-de-l-industrie\/208791\/","name":"Black-out : La version du minist\u00e8re de l\u2019Industrie","isPartOf":{"@id":"https:\/\/www.webdo.tn\/fr\/#website"},"primaryImageOfPage":{"@id":"https:\/\/www.webdo.tn\/fr\/actualite\/national\/black-out-la-version-du-ministere-de-l-industrie\/208791\/#primaryimage"},"image":{"@id":"https:\/\/www.webdo.tn\/fr\/actualite\/national\/black-out-la-version-du-ministere-de-l-industrie\/208791\/#primaryimage"},"thumbnailUrl":"https:\/\/www.webdo.tn\/fr\/wp-content\/uploads\/2023\/09\/c29d01f6e5c155d1a9a4774cab75d81c.jpg","datePublished":"2023-09-20T12:05:00+00:00","dateModified":"2025-05-20T22:51:51+00:00","description":"Le minist\u00e8re de l\u2019Industrie, des Mines et de l\u2019Energie a annonc\u00e9, mercredi, un retour \u00e0 la normale sur l\u2019ensemble du r\u00e9seau \u00e9lectrique national \u00e0 hauteur de 99%...","breadcrumb":{"@id":"https:\/\/www.webdo.tn\/fr\/actualite\/national\/black-out-la-version-du-ministere-de-l-industrie\/208791\/#breadcrumb"},"inLanguage":"fr-FR","potentialAction":[{"@type":"ReadAction","target":["https:\/\/www.webdo.tn\/fr\/actualite\/national\/black-out-la-version-du-ministere-de-l-industrie\/208791\/"]}]},{"@type":"ImageObject","inLanguage":"fr-FR","@id":"https:\/\/www.webdo.tn\/fr\/actualite\/national\/black-out-la-version-du-ministere-de-l-industrie\/208791\/#primaryimage","url":"https:\/\/www.webdo.tn\/fr\/wp-content\/uploads\/2023\/09\/c29d01f6e5c155d1a9a4774cab75d81c.jpg","contentUrl":"https:\/\/www.webdo.tn\/fr\/wp-content\/uploads\/2023\/09\/c29d01f6e5c155d1a9a4774cab75d81c.jpg","width":500,"height":267,"caption":"Black-out : La version du minist\u00e8re de l\u2019Industrie"},{"@type":"BreadcrumbList","@id":"https:\/\/www.webdo.tn\/fr\/actualite\/national\/black-out-la-version-du-ministere-de-l-industrie\/208791\/#breadcrumb","itemListElement":[{"@type":"ListItem","position":1,"name":"Accueil","item":"https:\/\/www.webdo.tn\/fr\/"},{"@type":"ListItem","position":2,"name":"Black-out : La version du minist\u00e8re de l\u2019Industrie"}]},{"@type":"WebSite","@id":"https:\/\/www.webdo.tn\/fr\/#website","url":"https:\/\/www.webdo.tn\/fr\/","name":"webdo","description":"Tunisie - News en Tunisie et \u00e0 l&#039;international sur Webdo.tn","publisher":{"@id":"https:\/\/www.webdo.tn\/fr\/#organization"},"potentialAction":[{"@type":"SearchAction","target":{"@type":"EntryPoint","urlTemplate":"https:\/\/www.webdo.tn\/fr\/?s={search_term_string}"},"query-input":{"@type":"PropertyValueSpecification","valueRequired":true,"valueName":"search_term_string"}}],"inLanguage":"fr-FR"},{"@type":"Organization","@id":"https:\/\/www.webdo.tn\/fr\/#organization","name":"Webdo","alternateName":"Webdo.tn","url":"https:\/\/www.webdo.tn\/fr\/","logo":{"@type":"ImageObject","inLanguage":"fr-FR","@id":"https:\/\/www.webdo.tn\/fr\/#\/schema\/logo\/image\/","url":"https:\/\/www.webdo.tn\/fr\/wp-content\/uploads\/2025\/06\/Webdo-Tunisie_168377.jpg","contentUrl":"https:\/\/www.webdo.tn\/fr\/wp-content\/uploads\/2025\/06\/Webdo-Tunisie_168377.jpg","width":301,"height":301,"caption":"Webdo"},"image":{"@id":"https:\/\/www.webdo.tn\/fr\/#\/schema\/logo\/image\/"},"sameAs":["https:\/\/www.facebook.com\/webdotn","https:\/\/x.com\/webdo_tn"],"description":"Webdo est un m\u00e9dia num\u00e9rique tunisien fond\u00e9 en 2010, sp\u00e9cialis\u00e9 dans l\u2019actualit\u00e9 nationale et internationale, l\u2019\u00e9conomie, la soci\u00e9t\u00e9 et les analyses politiques. Le site s\u2019adresse \u00e0 un large public francophone et couvre l\u2019information tunisienne en temps r\u00e9el.","email":"redac@webdo.tn","legalName":"YNJ SARL","foundingDate":"2010-09-06","numberOfEmployees":{"@type":"QuantitativeValue","minValue":"11","maxValue":"50"}},{"@type":"Person","@id":"https:\/\/www.webdo.tn\/fr\/#\/schema\/person\/f35b42a42c5e2511bbd282959d6385cc","name":"CL","image":{"@type":"ImageObject","inLanguage":"fr-FR","@id":"https:\/\/secure.gravatar.com\/avatar\/1447a49909b67aa657c488aec6512e1dd6143a480c1ecfee9b5b5cd74eb3b59e?s=96&d=mm&r=g","url":"https:\/\/secure.gravatar.com\/avatar\/1447a49909b67aa657c488aec6512e1dd6143a480c1ecfee9b5b5cd74eb3b59e?s=96&d=mm&r=g","contentUrl":"https:\/\/secure.gravatar.com\/avatar\/1447a49909b67aa657c488aec6512e1dd6143a480c1ecfee9b5b5cd74eb3b59e?s=96&d=mm&r=g","caption":"CL"},"url":"https:\/\/www.webdo.tn\/fr\/actualite\/author\/cl\/"}]}},"_links":{"self":[{"href":"https:\/\/www.webdo.tn\/fr\/wp-json\/wp\/v2\/posts\/208791","targetHints":{"allow":["GET"]}}],"collection":[{"href":"https:\/\/www.webdo.tn\/fr\/wp-json\/wp\/v2\/posts"}],"about":[{"href":"https:\/\/www.webdo.tn\/fr\/wp-json\/wp\/v2\/types\/post"}],"author":[{"embeddable":true,"href":"https:\/\/www.webdo.tn\/fr\/wp-json\/wp\/v2\/users\/3175"}],"replies":[{"embeddable":true,"href":"https:\/\/www.webdo.tn\/fr\/wp-json\/wp\/v2\/comments?post=208791"}],"version-history":[{"count":0,"href":"https:\/\/www.webdo.tn\/fr\/wp-json\/wp\/v2\/posts\/208791\/revisions"}],"wp:featuredmedia":[{"embeddable":true,"href":"https:\/\/www.webdo.tn\/fr\/wp-json\/wp\/v2\/media\/289631"}],"wp:attachment":[{"href":"https:\/\/www.webdo.tn\/fr\/wp-json\/wp\/v2\/media?parent=208791"}],"wp:term":[{"taxonomy":"category","embeddable":true,"href":"https:\/\/www.webdo.tn\/fr\/wp-json\/wp\/v2\/categories?post=208791"},{"taxonomy":"post_tag","embeddable":true,"href":"https:\/\/www.webdo.tn\/fr\/wp-json\/wp\/v2\/tags?post=208791"}],"curies":[{"name":"wp","href":"https:\/\/api.w.org\/{rel}","templated":true}]}}