{"id":208790,"date":"2023-09-20T11:24:00","date_gmt":"2023-09-20T11:24:00","guid":{"rendered":"https:\/\/www.webdo.tn\/fr\/blog\/transtu-perturbation-du-trafic-suite-au-black-out\/208790\/"},"modified":"2025-05-20T22:51:50","modified_gmt":"2025-05-20T22:51:50","slug":"transtu-perturbation-du-trafic-suite-au-black-out","status":"publish","type":"post","link":"https:\/\/www.webdo.tn\/fr\/actualite\/national\/transtu-perturbation-du-trafic-suite-au-black-out\/208790\/","title":{"rendered":"Transtu : Perturbation du trafic suite au black-out"},"content":{"rendered":"<p>Des interventions techniques ont \u00e9t\u00e9 men\u00e9es, mercredi matin, dans 23 stations de m\u00e9tro afin de pallier les retards enregistr\u00e9s au niveau des premi\u00e8res dessertes matinales, en raison de la coupure d\u2019\u00e9lectricit\u00e9 observ\u00e9e dans la nuit du mardi \u00e0 mercredi dans plusieurs r\u00e9gions du pays, a fait savoir la Soci\u00e9t\u00e9 des transports de Tunis (Transtu).<\/p>\n<p>\t\t\t\t\t\t\t\t\tCes interventions ont permis de s\u2019assurer de l\u2019approvisionnement \u00e9lectrique des \u00e9quipements et de programmer des dessertes de bus dans les stations d&rsquo;El Mourouj, de la cit\u00e9 Intilaka, de 10 d\u00e9cembre 1948, de Slimane Kahia et de Kheirdine Bacha, a ajout\u00e9 la TRANSTU, dans un communiqu\u00e9.<\/p>\n<p>C\u2019est l\u2019une des plus plus longues pannes \u00e9lectriques en Tunisie. Elle a dur\u00e9 plusieurs heures dans la nuit du mardi jusqu\u2019au matin de ce mercredi 20 septembre 2023.<\/p>\n<p>La STEG a annonc\u00e9 une panne g\u00e9n\u00e9rale de l\u2019\u00e9lectricit\u00e9 ayant caus\u00e9 un black-out dans la plupart des gouvernorats.\u00a0<\/p>\n<p>La soci\u00e9t\u00e9 qui monopolise la production de l\u2019\u00e9lectricit\u00e9 \u00e9voque uniquement des raisons techniques \u00e0 la station de Rad\u00e8s.<\/p>\n","protected":false},"excerpt":{"rendered":"<p>Des interventions techniques ont \u00e9t\u00e9 men\u00e9es, mercredi matin, dans 23 stations de m\u00e9tro afin de pallier les retards enregistr\u00e9s au niveau des premi\u00e8res dessertes&#8230;<\/p>\n","protected":false},"author":3175,"featured_media":289630,"comment_status":"open","ping_status":"closed","sticky":false,"template":"","format":"standard","meta":{"footnotes":""},"categories":[44],"tags":[7905,3688,2608],"class_list":["post-208790","post","type-post","status-publish","format-standard","has-post-thumbnail","hentry","category-national","tag-black-out","tag-trafic","tag-tunisie"],"yoast_head":"<!-- This site is optimized with the Yoast SEO Premium plugin v27.5 (Yoast SEO v27.5) - https:\/\/yoast.com\/product\/yoast-seo-premium-wordpress\/ -->\n<title>Transtu : Perturbation du trafic suite au black-out<\/title>\n<meta name=\"description\" content=\"Des interventions techniques ont \u00e9t\u00e9 men\u00e9es, mercredi matin, dans 23 stations de m\u00e9tro afin de pallier les retards enregistr\u00e9s au niveau des premi\u00e8res dessertes...\" \/>\n<link rel=\"canonical\" href=\"https:\/\/www.webdo.tn\/fr\/actualite\/national\/transtu-perturbation-du-trafic-suite-au-black-out\/208790\/\" \/>\n<meta property=\"og:locale\" content=\"fr_FR\" \/>\n<meta property=\"og:type\" content=\"article\" \/>\n<meta property=\"og:title\" content=\"Transtu : Perturbation du trafic suite au black-out\" \/>\n<meta property=\"og:description\" content=\"Des interventions techniques ont \u00e9t\u00e9 men\u00e9es, mercredi matin, dans 23 stations de m\u00e9tro afin de pallier les retards enregistr\u00e9s au niveau des premi\u00e8res dessertes...\" \/>\n<meta property=\"og:url\" content=\"https:\/\/www.webdo.tn\/fr\/actualite\/national\/transtu-perturbation-du-trafic-suite-au-black-out\/208790\/\" \/>\n<meta property=\"og:site_name\" content=\"webdo\" \/>\n<meta property=\"article:publisher\" content=\"https:\/\/www.facebook.com\/webdotn\" \/>\n<meta property=\"article:published_time\" content=\"2023-09-20T11:24:00+00:00\" \/>\n<meta property=\"article:modified_time\" content=\"2025-05-20T22:51:50+00:00\" \/>\n<meta property=\"og:image\" content=\"https:\/\/www.webdo.tn\/fr\/wp-content\/uploads\/2023\/09\/732300b53ac3ca78bff0be54785c5dd1.jpg\" \/>\n\t<meta property=\"og:image:width\" content=\"500\" \/>\n\t<meta property=\"og:image:height\" content=\"267\" \/>\n\t<meta property=\"og:image:type\" content=\"image\/jpeg\" \/>\n<meta name=\"author\" content=\"CL\" \/>\n<meta name=\"twitter:card\" content=\"summary_large_image\" \/>\n<meta name=\"twitter:creator\" content=\"@webdo_tn\" \/>\n<meta name=\"twitter:site\" content=\"@webdo_tn\" \/>\n<meta name=\"twitter:label1\" content=\"\u00c9crit par\" \/>\n\t<meta name=\"twitter:data1\" content=\"CL\" \/>\n\t<meta name=\"twitter:label2\" content=\"Dur\u00e9e de lecture estim\u00e9e\" \/>\n\t<meta name=\"twitter:data2\" content=\"1 minute\" \/>\n<script type=\"application\/ld+json\" class=\"yoast-schema-graph\">{\"@context\":\"https:\\\/\\\/schema.org\",\"@graph\":[{\"@type\":\"NewsArticle\",\"@id\":\"https:\\\/\\\/www.webdo.tn\\\/fr\\\/actualite\\\/national\\\/transtu-perturbation-du-trafic-suite-au-black-out\\\/208790\\\/#article\",\"isPartOf\":{\"@id\":\"https:\\\/\\\/www.webdo.tn\\\/fr\\\/actualite\\\/national\\\/transtu-perturbation-du-trafic-suite-au-black-out\\\/208790\\\/\"},\"author\":{\"name\":\"CL\",\"@id\":\"https:\\\/\\\/www.webdo.tn\\\/fr\\\/#\\\/schema\\\/person\\\/f35b42a42c5e2511bbd282959d6385cc\"},\"headline\":\"Transtu : Perturbation du trafic suite au black-out\",\"datePublished\":\"2023-09-20T11:24:00+00:00\",\"dateModified\":\"2025-05-20T22:51:50+00:00\",\"mainEntityOfPage\":{\"@id\":\"https:\\\/\\\/www.webdo.tn\\\/fr\\\/actualite\\\/national\\\/transtu-perturbation-du-trafic-suite-au-black-out\\\/208790\\\/\"},\"wordCount\":184,\"commentCount\":0,\"publisher\":{\"@id\":\"https:\\\/\\\/www.webdo.tn\\\/fr\\\/#organization\"},\"image\":{\"@id\":\"https:\\\/\\\/www.webdo.tn\\\/fr\\\/actualite\\\/national\\\/transtu-perturbation-du-trafic-suite-au-black-out\\\/208790\\\/#primaryimage\"},\"thumbnailUrl\":\"https:\\\/\\\/www.webdo.tn\\\/fr\\\/wp-content\\\/uploads\\\/2023\\\/09\\\/732300b53ac3ca78bff0be54785c5dd1.jpg\",\"keywords\":[\"black-out\",\"trafic\",\"Tunisie\"],\"articleSection\":[\"National\"],\"inLanguage\":\"fr-FR\"},{\"@type\":\"WebPage\",\"@id\":\"https:\\\/\\\/www.webdo.tn\\\/fr\\\/actualite\\\/national\\\/transtu-perturbation-du-trafic-suite-au-black-out\\\/208790\\\/\",\"url\":\"https:\\\/\\\/www.webdo.tn\\\/fr\\\/actualite\\\/national\\\/transtu-perturbation-du-trafic-suite-au-black-out\\\/208790\\\/\",\"name\":\"Transtu : Perturbation du trafic suite au black-out\",\"isPartOf\":{\"@id\":\"https:\\\/\\\/www.webdo.tn\\\/fr\\\/#website\"},\"primaryImageOfPage\":{\"@id\":\"https:\\\/\\\/www.webdo.tn\\\/fr\\\/actualite\\\/national\\\/transtu-perturbation-du-trafic-suite-au-black-out\\\/208790\\\/#primaryimage\"},\"image\":{\"@id\":\"https:\\\/\\\/www.webdo.tn\\\/fr\\\/actualite\\\/national\\\/transtu-perturbation-du-trafic-suite-au-black-out\\\/208790\\\/#primaryimage\"},\"thumbnailUrl\":\"https:\\\/\\\/www.webdo.tn\\\/fr\\\/wp-content\\\/uploads\\\/2023\\\/09\\\/732300b53ac3ca78bff0be54785c5dd1.jpg\",\"datePublished\":\"2023-09-20T11:24:00+00:00\",\"dateModified\":\"2025-05-20T22:51:50+00:00\",\"description\":\"Des interventions techniques ont \u00e9t\u00e9 men\u00e9es, mercredi matin, dans 23 stations de m\u00e9tro afin de pallier les retards enregistr\u00e9s au niveau des premi\u00e8res dessertes...\",\"breadcrumb\":{\"@id\":\"https:\\\/\\\/www.webdo.tn\\\/fr\\\/actualite\\\/national\\\/transtu-perturbation-du-trafic-suite-au-black-out\\\/208790\\\/#breadcrumb\"},\"inLanguage\":\"fr-FR\",\"potentialAction\":[{\"@type\":\"ReadAction\",\"target\":[\"https:\\\/\\\/www.webdo.tn\\\/fr\\\/actualite\\\/national\\\/transtu-perturbation-du-trafic-suite-au-black-out\\\/208790\\\/\"]}]},{\"@type\":\"ImageObject\",\"inLanguage\":\"fr-FR\",\"@id\":\"https:\\\/\\\/www.webdo.tn\\\/fr\\\/actualite\\\/national\\\/transtu-perturbation-du-trafic-suite-au-black-out\\\/208790\\\/#primaryimage\",\"url\":\"https:\\\/\\\/www.webdo.tn\\\/fr\\\/wp-content\\\/uploads\\\/2023\\\/09\\\/732300b53ac3ca78bff0be54785c5dd1.jpg\",\"contentUrl\":\"https:\\\/\\\/www.webdo.tn\\\/fr\\\/wp-content\\\/uploads\\\/2023\\\/09\\\/732300b53ac3ca78bff0be54785c5dd1.jpg\",\"width\":500,\"height\":267,\"caption\":\"Transtu : Perturbation du trafic suite au black-out\"},{\"@type\":\"BreadcrumbList\",\"@id\":\"https:\\\/\\\/www.webdo.tn\\\/fr\\\/actualite\\\/national\\\/transtu-perturbation-du-trafic-suite-au-black-out\\\/208790\\\/#breadcrumb\",\"itemListElement\":[{\"@type\":\"ListItem\",\"position\":1,\"name\":\"Accueil\",\"item\":\"https:\\\/\\\/www.webdo.tn\\\/fr\\\/\"},{\"@type\":\"ListItem\",\"position\":2,\"name\":\"Transtu : Perturbation du trafic suite au black-out\"}]},{\"@type\":\"WebSite\",\"@id\":\"https:\\\/\\\/www.webdo.tn\\\/fr\\\/#website\",\"url\":\"https:\\\/\\\/www.webdo.tn\\\/fr\\\/\",\"name\":\"webdo\",\"description\":\"Tunisie - News en Tunisie et \u00e0 l&#039;international sur Webdo.tn\",\"publisher\":{\"@id\":\"https:\\\/\\\/www.webdo.tn\\\/fr\\\/#organization\"},\"potentialAction\":[{\"@type\":\"SearchAction\",\"target\":{\"@type\":\"EntryPoint\",\"urlTemplate\":\"https:\\\/\\\/www.webdo.tn\\\/fr\\\/?s={search_term_string}\"},\"query-input\":{\"@type\":\"PropertyValueSpecification\",\"valueRequired\":true,\"valueName\":\"search_term_string\"}}],\"inLanguage\":\"fr-FR\"},{\"@type\":\"Organization\",\"@id\":\"https:\\\/\\\/www.webdo.tn\\\/fr\\\/#organization\",\"name\":\"Webdo\",\"alternateName\":\"Webdo.tn\",\"url\":\"https:\\\/\\\/www.webdo.tn\\\/fr\\\/\",\"logo\":{\"@type\":\"ImageObject\",\"inLanguage\":\"fr-FR\",\"@id\":\"https:\\\/\\\/www.webdo.tn\\\/fr\\\/#\\\/schema\\\/logo\\\/image\\\/\",\"url\":\"https:\\\/\\\/www.webdo.tn\\\/fr\\\/wp-content\\\/uploads\\\/2025\\\/06\\\/Webdo-Tunisie_168377.jpg\",\"contentUrl\":\"https:\\\/\\\/www.webdo.tn\\\/fr\\\/wp-content\\\/uploads\\\/2025\\\/06\\\/Webdo-Tunisie_168377.jpg\",\"width\":301,\"height\":301,\"caption\":\"Webdo\"},\"image\":{\"@id\":\"https:\\\/\\\/www.webdo.tn\\\/fr\\\/#\\\/schema\\\/logo\\\/image\\\/\"},\"sameAs\":[\"https:\\\/\\\/www.facebook.com\\\/webdotn\",\"https:\\\/\\\/x.com\\\/webdo_tn\"],\"description\":\"Webdo est un m\u00e9dia num\u00e9rique tunisien fond\u00e9 en 2010, sp\u00e9cialis\u00e9 dans l\u2019actualit\u00e9 nationale et internationale, l\u2019\u00e9conomie, la soci\u00e9t\u00e9 et les analyses politiques. Le site s\u2019adresse \u00e0 un large public francophone et couvre l\u2019information tunisienne en temps r\u00e9el.\",\"email\":\"redac@webdo.tn\",\"legalName\":\"YNJ SARL\",\"foundingDate\":\"2010-09-06\",\"numberOfEmployees\":{\"@type\":\"QuantitativeValue\",\"minValue\":\"11\",\"maxValue\":\"50\"}},{\"@type\":\"Person\",\"@id\":\"https:\\\/\\\/www.webdo.tn\\\/fr\\\/#\\\/schema\\\/person\\\/f35b42a42c5e2511bbd282959d6385cc\",\"name\":\"CL\",\"image\":{\"@type\":\"ImageObject\",\"inLanguage\":\"fr-FR\",\"@id\":\"https:\\\/\\\/secure.gravatar.com\\\/avatar\\\/1447a49909b67aa657c488aec6512e1dd6143a480c1ecfee9b5b5cd74eb3b59e?s=96&d=mm&r=g\",\"url\":\"https:\\\/\\\/secure.gravatar.com\\\/avatar\\\/1447a49909b67aa657c488aec6512e1dd6143a480c1ecfee9b5b5cd74eb3b59e?s=96&d=mm&r=g\",\"contentUrl\":\"https:\\\/\\\/secure.gravatar.com\\\/avatar\\\/1447a49909b67aa657c488aec6512e1dd6143a480c1ecfee9b5b5cd74eb3b59e?s=96&d=mm&r=g\",\"caption\":\"CL\"},\"url\":\"https:\\\/\\\/www.webdo.tn\\\/fr\\\/actualite\\\/author\\\/cl\\\/\"}]}<\/script>\n<!-- \/ Yoast SEO Premium plugin. -->","yoast_head_json":{"title":"Transtu : Perturbation du trafic suite au black-out","description":"Des interventions techniques ont \u00e9t\u00e9 men\u00e9es, mercredi matin, dans 23 stations de m\u00e9tro afin de pallier les retards enregistr\u00e9s au niveau des premi\u00e8res dessertes...","canonical":"https:\/\/www.webdo.tn\/fr\/actualite\/national\/transtu-perturbation-du-trafic-suite-au-black-out\/208790\/","og_locale":"fr_FR","og_type":"article","og_title":"Transtu : Perturbation du trafic suite au black-out","og_description":"Des interventions techniques ont \u00e9t\u00e9 men\u00e9es, mercredi matin, dans 23 stations de m\u00e9tro afin de pallier les retards enregistr\u00e9s au niveau des premi\u00e8res dessertes...","og_url":"https:\/\/www.webdo.tn\/fr\/actualite\/national\/transtu-perturbation-du-trafic-suite-au-black-out\/208790\/","og_site_name":"webdo","article_publisher":"https:\/\/www.facebook.com\/webdotn","article_published_time":"2023-09-20T11:24:00+00:00","article_modified_time":"2025-05-20T22:51:50+00:00","og_image":[{"width":500,"height":267,"url":"https:\/\/www.webdo.tn\/fr\/wp-content\/uploads\/2023\/09\/732300b53ac3ca78bff0be54785c5dd1.jpg","type":"image\/jpeg"}],"author":"CL","twitter_card":"summary_large_image","twitter_creator":"@webdo_tn","twitter_site":"@webdo_tn","twitter_misc":{"\u00c9crit par":"CL","Dur\u00e9e de lecture estim\u00e9e":"1 minute"},"schema":{"@context":"https:\/\/schema.org","@graph":[{"@type":"NewsArticle","@id":"https:\/\/www.webdo.tn\/fr\/actualite\/national\/transtu-perturbation-du-trafic-suite-au-black-out\/208790\/#article","isPartOf":{"@id":"https:\/\/www.webdo.tn\/fr\/actualite\/national\/transtu-perturbation-du-trafic-suite-au-black-out\/208790\/"},"author":{"name":"CL","@id":"https:\/\/www.webdo.tn\/fr\/#\/schema\/person\/f35b42a42c5e2511bbd282959d6385cc"},"headline":"Transtu : Perturbation du trafic suite au black-out","datePublished":"2023-09-20T11:24:00+00:00","dateModified":"2025-05-20T22:51:50+00:00","mainEntityOfPage":{"@id":"https:\/\/www.webdo.tn\/fr\/actualite\/national\/transtu-perturbation-du-trafic-suite-au-black-out\/208790\/"},"wordCount":184,"commentCount":0,"publisher":{"@id":"https:\/\/www.webdo.tn\/fr\/#organization"},"image":{"@id":"https:\/\/www.webdo.tn\/fr\/actualite\/national\/transtu-perturbation-du-trafic-suite-au-black-out\/208790\/#primaryimage"},"thumbnailUrl":"https:\/\/www.webdo.tn\/fr\/wp-content\/uploads\/2023\/09\/732300b53ac3ca78bff0be54785c5dd1.jpg","keywords":["black-out","trafic","Tunisie"],"articleSection":["National"],"inLanguage":"fr-FR"},{"@type":"WebPage","@id":"https:\/\/www.webdo.tn\/fr\/actualite\/national\/transtu-perturbation-du-trafic-suite-au-black-out\/208790\/","url":"https:\/\/www.webdo.tn\/fr\/actualite\/national\/transtu-perturbation-du-trafic-suite-au-black-out\/208790\/","name":"Transtu : Perturbation du trafic suite au black-out","isPartOf":{"@id":"https:\/\/www.webdo.tn\/fr\/#website"},"primaryImageOfPage":{"@id":"https:\/\/www.webdo.tn\/fr\/actualite\/national\/transtu-perturbation-du-trafic-suite-au-black-out\/208790\/#primaryimage"},"image":{"@id":"https:\/\/www.webdo.tn\/fr\/actualite\/national\/transtu-perturbation-du-trafic-suite-au-black-out\/208790\/#primaryimage"},"thumbnailUrl":"https:\/\/www.webdo.tn\/fr\/wp-content\/uploads\/2023\/09\/732300b53ac3ca78bff0be54785c5dd1.jpg","datePublished":"2023-09-20T11:24:00+00:00","dateModified":"2025-05-20T22:51:50+00:00","description":"Des interventions techniques ont \u00e9t\u00e9 men\u00e9es, mercredi matin, dans 23 stations de m\u00e9tro afin de pallier les retards enregistr\u00e9s au niveau des premi\u00e8res dessertes...","breadcrumb":{"@id":"https:\/\/www.webdo.tn\/fr\/actualite\/national\/transtu-perturbation-du-trafic-suite-au-black-out\/208790\/#breadcrumb"},"inLanguage":"fr-FR","potentialAction":[{"@type":"ReadAction","target":["https:\/\/www.webdo.tn\/fr\/actualite\/national\/transtu-perturbation-du-trafic-suite-au-black-out\/208790\/"]}]},{"@type":"ImageObject","inLanguage":"fr-FR","@id":"https:\/\/www.webdo.tn\/fr\/actualite\/national\/transtu-perturbation-du-trafic-suite-au-black-out\/208790\/#primaryimage","url":"https:\/\/www.webdo.tn\/fr\/wp-content\/uploads\/2023\/09\/732300b53ac3ca78bff0be54785c5dd1.jpg","contentUrl":"https:\/\/www.webdo.tn\/fr\/wp-content\/uploads\/2023\/09\/732300b53ac3ca78bff0be54785c5dd1.jpg","width":500,"height":267,"caption":"Transtu : Perturbation du trafic suite au black-out"},{"@type":"BreadcrumbList","@id":"https:\/\/www.webdo.tn\/fr\/actualite\/national\/transtu-perturbation-du-trafic-suite-au-black-out\/208790\/#breadcrumb","itemListElement":[{"@type":"ListItem","position":1,"name":"Accueil","item":"https:\/\/www.webdo.tn\/fr\/"},{"@type":"ListItem","position":2,"name":"Transtu : Perturbation du trafic suite au black-out"}]},{"@type":"WebSite","@id":"https:\/\/www.webdo.tn\/fr\/#website","url":"https:\/\/www.webdo.tn\/fr\/","name":"webdo","description":"Tunisie - News en Tunisie et \u00e0 l&#039;international sur Webdo.tn","publisher":{"@id":"https:\/\/www.webdo.tn\/fr\/#organization"},"potentialAction":[{"@type":"SearchAction","target":{"@type":"EntryPoint","urlTemplate":"https:\/\/www.webdo.tn\/fr\/?s={search_term_string}"},"query-input":{"@type":"PropertyValueSpecification","valueRequired":true,"valueName":"search_term_string"}}],"inLanguage":"fr-FR"},{"@type":"Organization","@id":"https:\/\/www.webdo.tn\/fr\/#organization","name":"Webdo","alternateName":"Webdo.tn","url":"https:\/\/www.webdo.tn\/fr\/","logo":{"@type":"ImageObject","inLanguage":"fr-FR","@id":"https:\/\/www.webdo.tn\/fr\/#\/schema\/logo\/image\/","url":"https:\/\/www.webdo.tn\/fr\/wp-content\/uploads\/2025\/06\/Webdo-Tunisie_168377.jpg","contentUrl":"https:\/\/www.webdo.tn\/fr\/wp-content\/uploads\/2025\/06\/Webdo-Tunisie_168377.jpg","width":301,"height":301,"caption":"Webdo"},"image":{"@id":"https:\/\/www.webdo.tn\/fr\/#\/schema\/logo\/image\/"},"sameAs":["https:\/\/www.facebook.com\/webdotn","https:\/\/x.com\/webdo_tn"],"description":"Webdo est un m\u00e9dia num\u00e9rique tunisien fond\u00e9 en 2010, sp\u00e9cialis\u00e9 dans l\u2019actualit\u00e9 nationale et internationale, l\u2019\u00e9conomie, la soci\u00e9t\u00e9 et les analyses politiques. Le site s\u2019adresse \u00e0 un large public francophone et couvre l\u2019information tunisienne en temps r\u00e9el.","email":"redac@webdo.tn","legalName":"YNJ SARL","foundingDate":"2010-09-06","numberOfEmployees":{"@type":"QuantitativeValue","minValue":"11","maxValue":"50"}},{"@type":"Person","@id":"https:\/\/www.webdo.tn\/fr\/#\/schema\/person\/f35b42a42c5e2511bbd282959d6385cc","name":"CL","image":{"@type":"ImageObject","inLanguage":"fr-FR","@id":"https:\/\/secure.gravatar.com\/avatar\/1447a49909b67aa657c488aec6512e1dd6143a480c1ecfee9b5b5cd74eb3b59e?s=96&d=mm&r=g","url":"https:\/\/secure.gravatar.com\/avatar\/1447a49909b67aa657c488aec6512e1dd6143a480c1ecfee9b5b5cd74eb3b59e?s=96&d=mm&r=g","contentUrl":"https:\/\/secure.gravatar.com\/avatar\/1447a49909b67aa657c488aec6512e1dd6143a480c1ecfee9b5b5cd74eb3b59e?s=96&d=mm&r=g","caption":"CL"},"url":"https:\/\/www.webdo.tn\/fr\/actualite\/author\/cl\/"}]}},"_links":{"self":[{"href":"https:\/\/www.webdo.tn\/fr\/wp-json\/wp\/v2\/posts\/208790","targetHints":{"allow":["GET"]}}],"collection":[{"href":"https:\/\/www.webdo.tn\/fr\/wp-json\/wp\/v2\/posts"}],"about":[{"href":"https:\/\/www.webdo.tn\/fr\/wp-json\/wp\/v2\/types\/post"}],"author":[{"embeddable":true,"href":"https:\/\/www.webdo.tn\/fr\/wp-json\/wp\/v2\/users\/3175"}],"replies":[{"embeddable":true,"href":"https:\/\/www.webdo.tn\/fr\/wp-json\/wp\/v2\/comments?post=208790"}],"version-history":[{"count":0,"href":"https:\/\/www.webdo.tn\/fr\/wp-json\/wp\/v2\/posts\/208790\/revisions"}],"wp:featuredmedia":[{"embeddable":true,"href":"https:\/\/www.webdo.tn\/fr\/wp-json\/wp\/v2\/media\/289630"}],"wp:attachment":[{"href":"https:\/\/www.webdo.tn\/fr\/wp-json\/wp\/v2\/media?parent=208790"}],"wp:term":[{"taxonomy":"category","embeddable":true,"href":"https:\/\/www.webdo.tn\/fr\/wp-json\/wp\/v2\/categories?post=208790"},{"taxonomy":"post_tag","embeddable":true,"href":"https:\/\/www.webdo.tn\/fr\/wp-json\/wp\/v2\/tags?post=208790"}],"curies":[{"name":"wp","href":"https:\/\/api.w.org\/{rel}","templated":true}]}}