{"id":208787,"date":"2023-09-20T10:00:00","date_gmt":"2023-09-20T10:00:00","guid":{"rendered":"https:\/\/www.webdo.tn\/fr\/blog\/histoire-des-plus-grandes-pannes-d-electricite-en-tunisie\/208787\/"},"modified":"2025-05-20T22:41:01","modified_gmt":"2025-05-20T22:41:01","slug":"histoire-des-plus-grandes-pannes-d-electricite-en-tunisie","status":"publish","type":"post","link":"https:\/\/www.webdo.tn\/fr\/actualite\/national\/histoire-des-plus-grandes-pannes-d-electricite-en-tunisie\/208787\/","title":{"rendered":"Histoire des plus grandes pannes d\u2019\u00e9lectricit\u00e9 en Tunisie"},"content":{"rendered":"<p>En Tunisie, les pannes de courant, souvent appel\u00e9es \u00ab\u00a0black-out\u00a0\u00bb ou \u00ab\u00a0coupures de courant\u00a0\u00bb, ont \u00e9t\u00e9 un probl\u00e8me r\u00e9current au fil des ans. L&rsquo;histoire des black-out en Tunisie est complexe et est li\u00e9e \u00e0 divers facteurs, notamment la croissance \u00e9conomique, la demande croissante en \u00e9lectricit\u00e9, les probl\u00e8mes d&rsquo;infrastructures et la gestion du secteur de l&rsquo;\u00e9nergie, mais aussi \u00e0 des actes de sabotages.<\/p>\n<p>Hier, la Tunisie a plong\u00e9 dans le noir pendant plusieurs heures, c\u2019est l\u2019un des black-out les plus importants dans l\u2019histoire du pays.\u00a0<br \/>\nSi avant la r\u00e9volution, ce genre d\u2019information \u00e9tait sensible et que les pannes g\u00e9n\u00e9rales d\u2019\u00e9lectricit\u00e9 \u00e9taient camoufl\u00e9es par les autorit\u00e9s, l\u2019absence des r\u00e9seaux sociaux \u00e0 cette \u00e9poque n\u2019aidait pas la population \u00e0 acc\u00e9der aux faits r\u00e9els.\u00a0<br \/>\nEn effet, sous le r\u00e9gime de Ben Ali, plusieurs pannes g\u00e9n\u00e9rales d\u2019\u00e9lectricit\u00e9 ont secou\u00e9 le pays, caus\u00e9es notamment par la fragilit\u00e9 du r\u00e9seau avant sa r\u00e9novation au d\u00e9but des ann\u00e9es 2000.\u00a0<\/p>\n<p>N\u2019emp\u00eache que la panne g\u00e9n\u00e9rale d\u2019\u00e9lectricit\u00e9 la plus fameuse en Tunisie remonte \u00e0 2002. Les Tunisiens n&rsquo;ont pas eu la possibilit\u00e9 de suivre la finale de la Coupe du monde dans son int\u00e9gralit\u00e9, dimanche 30 juin, en raison d&rsquo;une panne d&rsquo;\u00e9lectricit\u00e9. Alors que la rencontre entre le Br\u00e9sil et l&rsquo;Allemagne d\u00e9butait \u00e0 12 heures (heure locale), la coupure est intervenue \u00e0 12 h 4.\u00a0<\/p>\n<p>Si les autorit\u00e9s \u00e9voquaient une panne technique g\u00e9n\u00e9rale, certains ont accus\u00e9 le r\u00e9gime en place d\u2019avoir provoqu\u00e9 ce black-out pour limiter la diffusion d\u2019une \u00e9mission pr\u00e9sentant une enqu\u00eate sur la famille Trabelsi r\u00e9alis\u00e9e par l\u2019une des chaines \u00e9trang\u00e8res.\u00a0<\/p>\n<p>Le 31 aout 2014, une panne ayant priv\u00e9 la quasi-totalit\u00e9 de la Tunisie d&rsquo;\u00e9lectricit\u00e9, pendant deux heures et qui \u00e9tait due \u00e0 la rupture d&rsquo;un c\u00e2ble de haute tension et \u00e0 une avarie sur un disjoncteur. La suite de cette double panne la centrale \u00e9lectrique de Sousse s&rsquo;est arr\u00eat\u00e9e automatiquement, entra\u00eenant avec elle le reste du r\u00e9seau tunisien.<\/p>\n","protected":false},"excerpt":{"rendered":"<p>En Tunisie, les pannes de courant, souvent appel\u00e9es  black-out  ou  coupures de courant , ont \u00e9t\u00e9 un probl\u00e8me r\u00e9current au fil des ans. L&rsquo;histoire des black-out&#8230;<\/p>\n","protected":false},"author":3175,"featured_media":249282,"comment_status":"open","ping_status":"closed","sticky":false,"template":"","format":"standard","meta":{"footnotes":""},"categories":[44],"tags":[7905,3765,3364,4747,2608],"class_list":["post-208787","post","type-post","status-publish","format-standard","has-post-thumbnail","hentry","category-national","tag-black-out","tag-electricite","tag-histoire","tag-panne","tag-tunisie"],"yoast_head":"<!-- This site is optimized with the Yoast SEO Premium plugin v27.5 (Yoast SEO v27.5) - https:\/\/yoast.com\/product\/yoast-seo-premium-wordpress\/ -->\n<title>Histoire des plus grandes pannes d\u2019\u00e9lectricit\u00e9 en Tunisie<\/title>\n<meta name=\"description\" content=\"En Tunisie, les pannes de courant, souvent appel\u00e9es black-out ou coupures de courant , ont \u00e9t\u00e9 un probl\u00e8me r\u00e9current au fil des ans. L&#039;histoire des black-out...\" \/>\n<link rel=\"canonical\" href=\"https:\/\/www.webdo.tn\/fr\/actualite\/national\/histoire-des-plus-grandes-pannes-d-electricite-en-tunisie\/208787\/\" \/>\n<meta property=\"og:locale\" content=\"fr_FR\" \/>\n<meta property=\"og:type\" content=\"article\" \/>\n<meta property=\"og:title\" content=\"Histoire des plus grandes pannes d\u2019\u00e9lectricit\u00e9 en Tunisie\" \/>\n<meta property=\"og:description\" content=\"En Tunisie, les pannes de courant, souvent appel\u00e9es black-out ou coupures de courant , ont \u00e9t\u00e9 un probl\u00e8me r\u00e9current au fil des ans. L&#039;histoire des black-out...\" \/>\n<meta property=\"og:url\" content=\"https:\/\/www.webdo.tn\/fr\/actualite\/national\/histoire-des-plus-grandes-pannes-d-electricite-en-tunisie\/208787\/\" \/>\n<meta property=\"og:site_name\" content=\"webdo\" \/>\n<meta property=\"article:publisher\" content=\"https:\/\/www.facebook.com\/webdotn\" \/>\n<meta property=\"article:published_time\" content=\"2023-09-20T10:00:00+00:00\" \/>\n<meta property=\"article:modified_time\" content=\"2025-05-20T22:41:01+00:00\" \/>\n<meta property=\"og:image\" content=\"https:\/\/www.webdo.tn\/fr\/wp-content\/uploads\/2023\/09\/340cbae26f831d7c74b9756208da6290.jpg\" \/>\n\t<meta property=\"og:image:width\" content=\"650\" \/>\n\t<meta property=\"og:image:height\" content=\"347\" \/>\n\t<meta property=\"og:image:type\" content=\"image\/jpeg\" \/>\n<meta name=\"author\" content=\"CL\" \/>\n<meta name=\"twitter:card\" content=\"summary_large_image\" \/>\n<meta name=\"twitter:creator\" content=\"@webdo_tn\" \/>\n<meta name=\"twitter:site\" content=\"@webdo_tn\" \/>\n<meta name=\"twitter:label1\" content=\"\u00c9crit par\" \/>\n\t<meta name=\"twitter:data1\" content=\"CL\" \/>\n\t<meta name=\"twitter:label2\" content=\"Dur\u00e9e de lecture estim\u00e9e\" \/>\n\t<meta name=\"twitter:data2\" content=\"2 minutes\" \/>\n<script type=\"application\/ld+json\" class=\"yoast-schema-graph\">{\"@context\":\"https:\\\/\\\/schema.org\",\"@graph\":[{\"@type\":\"NewsArticle\",\"@id\":\"https:\\\/\\\/www.webdo.tn\\\/fr\\\/actualite\\\/national\\\/histoire-des-plus-grandes-pannes-d-electricite-en-tunisie\\\/208787\\\/#article\",\"isPartOf\":{\"@id\":\"https:\\\/\\\/www.webdo.tn\\\/fr\\\/actualite\\\/national\\\/histoire-des-plus-grandes-pannes-d-electricite-en-tunisie\\\/208787\\\/\"},\"author\":{\"name\":\"CL\",\"@id\":\"https:\\\/\\\/www.webdo.tn\\\/fr\\\/#\\\/schema\\\/person\\\/f35b42a42c5e2511bbd282959d6385cc\"},\"headline\":\"Histoire des plus grandes pannes d\u2019\u00e9lectricit\u00e9 en Tunisie\",\"datePublished\":\"2023-09-20T10:00:00+00:00\",\"dateModified\":\"2025-05-20T22:41:01+00:00\",\"mainEntityOfPage\":{\"@id\":\"https:\\\/\\\/www.webdo.tn\\\/fr\\\/actualite\\\/national\\\/histoire-des-plus-grandes-pannes-d-electricite-en-tunisie\\\/208787\\\/\"},\"wordCount\":366,\"commentCount\":0,\"publisher\":{\"@id\":\"https:\\\/\\\/www.webdo.tn\\\/fr\\\/#organization\"},\"image\":{\"@id\":\"https:\\\/\\\/www.webdo.tn\\\/fr\\\/actualite\\\/national\\\/histoire-des-plus-grandes-pannes-d-electricite-en-tunisie\\\/208787\\\/#primaryimage\"},\"thumbnailUrl\":\"https:\\\/\\\/www.webdo.tn\\\/fr\\\/wp-content\\\/uploads\\\/2023\\\/09\\\/340cbae26f831d7c74b9756208da6290.jpg\",\"keywords\":[\"black-out\",\"\u00e9lectricit\u00e9\",\"histoire\",\"panne\",\"Tunisie\"],\"articleSection\":[\"National\"],\"inLanguage\":\"fr-FR\"},{\"@type\":\"WebPage\",\"@id\":\"https:\\\/\\\/www.webdo.tn\\\/fr\\\/actualite\\\/national\\\/histoire-des-plus-grandes-pannes-d-electricite-en-tunisie\\\/208787\\\/\",\"url\":\"https:\\\/\\\/www.webdo.tn\\\/fr\\\/actualite\\\/national\\\/histoire-des-plus-grandes-pannes-d-electricite-en-tunisie\\\/208787\\\/\",\"name\":\"Histoire des plus grandes pannes d\u2019\u00e9lectricit\u00e9 en Tunisie\",\"isPartOf\":{\"@id\":\"https:\\\/\\\/www.webdo.tn\\\/fr\\\/#website\"},\"primaryImageOfPage\":{\"@id\":\"https:\\\/\\\/www.webdo.tn\\\/fr\\\/actualite\\\/national\\\/histoire-des-plus-grandes-pannes-d-electricite-en-tunisie\\\/208787\\\/#primaryimage\"},\"image\":{\"@id\":\"https:\\\/\\\/www.webdo.tn\\\/fr\\\/actualite\\\/national\\\/histoire-des-plus-grandes-pannes-d-electricite-en-tunisie\\\/208787\\\/#primaryimage\"},\"thumbnailUrl\":\"https:\\\/\\\/www.webdo.tn\\\/fr\\\/wp-content\\\/uploads\\\/2023\\\/09\\\/340cbae26f831d7c74b9756208da6290.jpg\",\"datePublished\":\"2023-09-20T10:00:00+00:00\",\"dateModified\":\"2025-05-20T22:41:01+00:00\",\"description\":\"En Tunisie, les pannes de courant, souvent appel\u00e9es black-out ou coupures de courant , ont \u00e9t\u00e9 un probl\u00e8me r\u00e9current au fil des ans. L'histoire des black-out...\",\"breadcrumb\":{\"@id\":\"https:\\\/\\\/www.webdo.tn\\\/fr\\\/actualite\\\/national\\\/histoire-des-plus-grandes-pannes-d-electricite-en-tunisie\\\/208787\\\/#breadcrumb\"},\"inLanguage\":\"fr-FR\",\"potentialAction\":[{\"@type\":\"ReadAction\",\"target\":[\"https:\\\/\\\/www.webdo.tn\\\/fr\\\/actualite\\\/national\\\/histoire-des-plus-grandes-pannes-d-electricite-en-tunisie\\\/208787\\\/\"]}]},{\"@type\":\"ImageObject\",\"inLanguage\":\"fr-FR\",\"@id\":\"https:\\\/\\\/www.webdo.tn\\\/fr\\\/actualite\\\/national\\\/histoire-des-plus-grandes-pannes-d-electricite-en-tunisie\\\/208787\\\/#primaryimage\",\"url\":\"https:\\\/\\\/www.webdo.tn\\\/fr\\\/wp-content\\\/uploads\\\/2023\\\/09\\\/340cbae26f831d7c74b9756208da6290.jpg\",\"contentUrl\":\"https:\\\/\\\/www.webdo.tn\\\/fr\\\/wp-content\\\/uploads\\\/2023\\\/09\\\/340cbae26f831d7c74b9756208da6290.jpg\",\"width\":650,\"height\":347,\"caption\":\"Histoire des plus grandes pannes d\u2019\u00e9lectricit\u00e9 en Tunisie\"},{\"@type\":\"BreadcrumbList\",\"@id\":\"https:\\\/\\\/www.webdo.tn\\\/fr\\\/actualite\\\/national\\\/histoire-des-plus-grandes-pannes-d-electricite-en-tunisie\\\/208787\\\/#breadcrumb\",\"itemListElement\":[{\"@type\":\"ListItem\",\"position\":1,\"name\":\"Accueil\",\"item\":\"https:\\\/\\\/www.webdo.tn\\\/fr\\\/\"},{\"@type\":\"ListItem\",\"position\":2,\"name\":\"Histoire des plus grandes pannes d\u2019\u00e9lectricit\u00e9 en Tunisie\"}]},{\"@type\":\"WebSite\",\"@id\":\"https:\\\/\\\/www.webdo.tn\\\/fr\\\/#website\",\"url\":\"https:\\\/\\\/www.webdo.tn\\\/fr\\\/\",\"name\":\"webdo\",\"description\":\"Tunisie - News en Tunisie et \u00e0 l&#039;international sur Webdo.tn\",\"publisher\":{\"@id\":\"https:\\\/\\\/www.webdo.tn\\\/fr\\\/#organization\"},\"potentialAction\":[{\"@type\":\"SearchAction\",\"target\":{\"@type\":\"EntryPoint\",\"urlTemplate\":\"https:\\\/\\\/www.webdo.tn\\\/fr\\\/?s={search_term_string}\"},\"query-input\":{\"@type\":\"PropertyValueSpecification\",\"valueRequired\":true,\"valueName\":\"search_term_string\"}}],\"inLanguage\":\"fr-FR\"},{\"@type\":\"Organization\",\"@id\":\"https:\\\/\\\/www.webdo.tn\\\/fr\\\/#organization\",\"name\":\"Webdo\",\"alternateName\":\"Webdo.tn\",\"url\":\"https:\\\/\\\/www.webdo.tn\\\/fr\\\/\",\"logo\":{\"@type\":\"ImageObject\",\"inLanguage\":\"fr-FR\",\"@id\":\"https:\\\/\\\/www.webdo.tn\\\/fr\\\/#\\\/schema\\\/logo\\\/image\\\/\",\"url\":\"https:\\\/\\\/www.webdo.tn\\\/fr\\\/wp-content\\\/uploads\\\/2025\\\/06\\\/Webdo-Tunisie_168377.jpg\",\"contentUrl\":\"https:\\\/\\\/www.webdo.tn\\\/fr\\\/wp-content\\\/uploads\\\/2025\\\/06\\\/Webdo-Tunisie_168377.jpg\",\"width\":301,\"height\":301,\"caption\":\"Webdo\"},\"image\":{\"@id\":\"https:\\\/\\\/www.webdo.tn\\\/fr\\\/#\\\/schema\\\/logo\\\/image\\\/\"},\"sameAs\":[\"https:\\\/\\\/www.facebook.com\\\/webdotn\",\"https:\\\/\\\/x.com\\\/webdo_tn\"],\"description\":\"Webdo est un m\u00e9dia num\u00e9rique tunisien fond\u00e9 en 2010, sp\u00e9cialis\u00e9 dans l\u2019actualit\u00e9 nationale et internationale, l\u2019\u00e9conomie, la soci\u00e9t\u00e9 et les analyses politiques. Le site s\u2019adresse \u00e0 un large public francophone et couvre l\u2019information tunisienne en temps r\u00e9el.\",\"email\":\"redac@webdo.tn\",\"legalName\":\"YNJ SARL\",\"foundingDate\":\"2010-09-06\",\"numberOfEmployees\":{\"@type\":\"QuantitativeValue\",\"minValue\":\"11\",\"maxValue\":\"50\"}},{\"@type\":\"Person\",\"@id\":\"https:\\\/\\\/www.webdo.tn\\\/fr\\\/#\\\/schema\\\/person\\\/f35b42a42c5e2511bbd282959d6385cc\",\"name\":\"CL\",\"image\":{\"@type\":\"ImageObject\",\"inLanguage\":\"fr-FR\",\"@id\":\"https:\\\/\\\/secure.gravatar.com\\\/avatar\\\/1447a49909b67aa657c488aec6512e1dd6143a480c1ecfee9b5b5cd74eb3b59e?s=96&d=mm&r=g\",\"url\":\"https:\\\/\\\/secure.gravatar.com\\\/avatar\\\/1447a49909b67aa657c488aec6512e1dd6143a480c1ecfee9b5b5cd74eb3b59e?s=96&d=mm&r=g\",\"contentUrl\":\"https:\\\/\\\/secure.gravatar.com\\\/avatar\\\/1447a49909b67aa657c488aec6512e1dd6143a480c1ecfee9b5b5cd74eb3b59e?s=96&d=mm&r=g\",\"caption\":\"CL\"},\"url\":\"https:\\\/\\\/www.webdo.tn\\\/fr\\\/actualite\\\/author\\\/cl\\\/\"}]}<\/script>\n<!-- \/ Yoast SEO Premium plugin. -->","yoast_head_json":{"title":"Histoire des plus grandes pannes d\u2019\u00e9lectricit\u00e9 en Tunisie","description":"En Tunisie, les pannes de courant, souvent appel\u00e9es black-out ou coupures de courant , ont \u00e9t\u00e9 un probl\u00e8me r\u00e9current au fil des ans. L'histoire des black-out...","canonical":"https:\/\/www.webdo.tn\/fr\/actualite\/national\/histoire-des-plus-grandes-pannes-d-electricite-en-tunisie\/208787\/","og_locale":"fr_FR","og_type":"article","og_title":"Histoire des plus grandes pannes d\u2019\u00e9lectricit\u00e9 en Tunisie","og_description":"En Tunisie, les pannes de courant, souvent appel\u00e9es black-out ou coupures de courant , ont \u00e9t\u00e9 un probl\u00e8me r\u00e9current au fil des ans. L'histoire des black-out...","og_url":"https:\/\/www.webdo.tn\/fr\/actualite\/national\/histoire-des-plus-grandes-pannes-d-electricite-en-tunisie\/208787\/","og_site_name":"webdo","article_publisher":"https:\/\/www.facebook.com\/webdotn","article_published_time":"2023-09-20T10:00:00+00:00","article_modified_time":"2025-05-20T22:41:01+00:00","og_image":[{"width":650,"height":347,"url":"https:\/\/www.webdo.tn\/fr\/wp-content\/uploads\/2023\/09\/340cbae26f831d7c74b9756208da6290.jpg","type":"image\/jpeg"}],"author":"CL","twitter_card":"summary_large_image","twitter_creator":"@webdo_tn","twitter_site":"@webdo_tn","twitter_misc":{"\u00c9crit par":"CL","Dur\u00e9e de lecture estim\u00e9e":"2 minutes"},"schema":{"@context":"https:\/\/schema.org","@graph":[{"@type":"NewsArticle","@id":"https:\/\/www.webdo.tn\/fr\/actualite\/national\/histoire-des-plus-grandes-pannes-d-electricite-en-tunisie\/208787\/#article","isPartOf":{"@id":"https:\/\/www.webdo.tn\/fr\/actualite\/national\/histoire-des-plus-grandes-pannes-d-electricite-en-tunisie\/208787\/"},"author":{"name":"CL","@id":"https:\/\/www.webdo.tn\/fr\/#\/schema\/person\/f35b42a42c5e2511bbd282959d6385cc"},"headline":"Histoire des plus grandes pannes d\u2019\u00e9lectricit\u00e9 en Tunisie","datePublished":"2023-09-20T10:00:00+00:00","dateModified":"2025-05-20T22:41:01+00:00","mainEntityOfPage":{"@id":"https:\/\/www.webdo.tn\/fr\/actualite\/national\/histoire-des-plus-grandes-pannes-d-electricite-en-tunisie\/208787\/"},"wordCount":366,"commentCount":0,"publisher":{"@id":"https:\/\/www.webdo.tn\/fr\/#organization"},"image":{"@id":"https:\/\/www.webdo.tn\/fr\/actualite\/national\/histoire-des-plus-grandes-pannes-d-electricite-en-tunisie\/208787\/#primaryimage"},"thumbnailUrl":"https:\/\/www.webdo.tn\/fr\/wp-content\/uploads\/2023\/09\/340cbae26f831d7c74b9756208da6290.jpg","keywords":["black-out","\u00e9lectricit\u00e9","histoire","panne","Tunisie"],"articleSection":["National"],"inLanguage":"fr-FR"},{"@type":"WebPage","@id":"https:\/\/www.webdo.tn\/fr\/actualite\/national\/histoire-des-plus-grandes-pannes-d-electricite-en-tunisie\/208787\/","url":"https:\/\/www.webdo.tn\/fr\/actualite\/national\/histoire-des-plus-grandes-pannes-d-electricite-en-tunisie\/208787\/","name":"Histoire des plus grandes pannes d\u2019\u00e9lectricit\u00e9 en Tunisie","isPartOf":{"@id":"https:\/\/www.webdo.tn\/fr\/#website"},"primaryImageOfPage":{"@id":"https:\/\/www.webdo.tn\/fr\/actualite\/national\/histoire-des-plus-grandes-pannes-d-electricite-en-tunisie\/208787\/#primaryimage"},"image":{"@id":"https:\/\/www.webdo.tn\/fr\/actualite\/national\/histoire-des-plus-grandes-pannes-d-electricite-en-tunisie\/208787\/#primaryimage"},"thumbnailUrl":"https:\/\/www.webdo.tn\/fr\/wp-content\/uploads\/2023\/09\/340cbae26f831d7c74b9756208da6290.jpg","datePublished":"2023-09-20T10:00:00+00:00","dateModified":"2025-05-20T22:41:01+00:00","description":"En Tunisie, les pannes de courant, souvent appel\u00e9es black-out ou coupures de courant , ont \u00e9t\u00e9 un probl\u00e8me r\u00e9current au fil des ans. L'histoire des black-out...","breadcrumb":{"@id":"https:\/\/www.webdo.tn\/fr\/actualite\/national\/histoire-des-plus-grandes-pannes-d-electricite-en-tunisie\/208787\/#breadcrumb"},"inLanguage":"fr-FR","potentialAction":[{"@type":"ReadAction","target":["https:\/\/www.webdo.tn\/fr\/actualite\/national\/histoire-des-plus-grandes-pannes-d-electricite-en-tunisie\/208787\/"]}]},{"@type":"ImageObject","inLanguage":"fr-FR","@id":"https:\/\/www.webdo.tn\/fr\/actualite\/national\/histoire-des-plus-grandes-pannes-d-electricite-en-tunisie\/208787\/#primaryimage","url":"https:\/\/www.webdo.tn\/fr\/wp-content\/uploads\/2023\/09\/340cbae26f831d7c74b9756208da6290.jpg","contentUrl":"https:\/\/www.webdo.tn\/fr\/wp-content\/uploads\/2023\/09\/340cbae26f831d7c74b9756208da6290.jpg","width":650,"height":347,"caption":"Histoire des plus grandes pannes d\u2019\u00e9lectricit\u00e9 en Tunisie"},{"@type":"BreadcrumbList","@id":"https:\/\/www.webdo.tn\/fr\/actualite\/national\/histoire-des-plus-grandes-pannes-d-electricite-en-tunisie\/208787\/#breadcrumb","itemListElement":[{"@type":"ListItem","position":1,"name":"Accueil","item":"https:\/\/www.webdo.tn\/fr\/"},{"@type":"ListItem","position":2,"name":"Histoire des plus grandes pannes d\u2019\u00e9lectricit\u00e9 en Tunisie"}]},{"@type":"WebSite","@id":"https:\/\/www.webdo.tn\/fr\/#website","url":"https:\/\/www.webdo.tn\/fr\/","name":"webdo","description":"Tunisie - News en Tunisie et \u00e0 l&#039;international sur Webdo.tn","publisher":{"@id":"https:\/\/www.webdo.tn\/fr\/#organization"},"potentialAction":[{"@type":"SearchAction","target":{"@type":"EntryPoint","urlTemplate":"https:\/\/www.webdo.tn\/fr\/?s={search_term_string}"},"query-input":{"@type":"PropertyValueSpecification","valueRequired":true,"valueName":"search_term_string"}}],"inLanguage":"fr-FR"},{"@type":"Organization","@id":"https:\/\/www.webdo.tn\/fr\/#organization","name":"Webdo","alternateName":"Webdo.tn","url":"https:\/\/www.webdo.tn\/fr\/","logo":{"@type":"ImageObject","inLanguage":"fr-FR","@id":"https:\/\/www.webdo.tn\/fr\/#\/schema\/logo\/image\/","url":"https:\/\/www.webdo.tn\/fr\/wp-content\/uploads\/2025\/06\/Webdo-Tunisie_168377.jpg","contentUrl":"https:\/\/www.webdo.tn\/fr\/wp-content\/uploads\/2025\/06\/Webdo-Tunisie_168377.jpg","width":301,"height":301,"caption":"Webdo"},"image":{"@id":"https:\/\/www.webdo.tn\/fr\/#\/schema\/logo\/image\/"},"sameAs":["https:\/\/www.facebook.com\/webdotn","https:\/\/x.com\/webdo_tn"],"description":"Webdo est un m\u00e9dia num\u00e9rique tunisien fond\u00e9 en 2010, sp\u00e9cialis\u00e9 dans l\u2019actualit\u00e9 nationale et internationale, l\u2019\u00e9conomie, la soci\u00e9t\u00e9 et les analyses politiques. Le site s\u2019adresse \u00e0 un large public francophone et couvre l\u2019information tunisienne en temps r\u00e9el.","email":"redac@webdo.tn","legalName":"YNJ SARL","foundingDate":"2010-09-06","numberOfEmployees":{"@type":"QuantitativeValue","minValue":"11","maxValue":"50"}},{"@type":"Person","@id":"https:\/\/www.webdo.tn\/fr\/#\/schema\/person\/f35b42a42c5e2511bbd282959d6385cc","name":"CL","image":{"@type":"ImageObject","inLanguage":"fr-FR","@id":"https:\/\/secure.gravatar.com\/avatar\/1447a49909b67aa657c488aec6512e1dd6143a480c1ecfee9b5b5cd74eb3b59e?s=96&d=mm&r=g","url":"https:\/\/secure.gravatar.com\/avatar\/1447a49909b67aa657c488aec6512e1dd6143a480c1ecfee9b5b5cd74eb3b59e?s=96&d=mm&r=g","contentUrl":"https:\/\/secure.gravatar.com\/avatar\/1447a49909b67aa657c488aec6512e1dd6143a480c1ecfee9b5b5cd74eb3b59e?s=96&d=mm&r=g","caption":"CL"},"url":"https:\/\/www.webdo.tn\/fr\/actualite\/author\/cl\/"}]}},"_links":{"self":[{"href":"https:\/\/www.webdo.tn\/fr\/wp-json\/wp\/v2\/posts\/208787","targetHints":{"allow":["GET"]}}],"collection":[{"href":"https:\/\/www.webdo.tn\/fr\/wp-json\/wp\/v2\/posts"}],"about":[{"href":"https:\/\/www.webdo.tn\/fr\/wp-json\/wp\/v2\/types\/post"}],"author":[{"embeddable":true,"href":"https:\/\/www.webdo.tn\/fr\/wp-json\/wp\/v2\/users\/3175"}],"replies":[{"embeddable":true,"href":"https:\/\/www.webdo.tn\/fr\/wp-json\/wp\/v2\/comments?post=208787"}],"version-history":[{"count":0,"href":"https:\/\/www.webdo.tn\/fr\/wp-json\/wp\/v2\/posts\/208787\/revisions"}],"wp:featuredmedia":[{"embeddable":true,"href":"https:\/\/www.webdo.tn\/fr\/wp-json\/wp\/v2\/media\/249282"}],"wp:attachment":[{"href":"https:\/\/www.webdo.tn\/fr\/wp-json\/wp\/v2\/media?parent=208787"}],"wp:term":[{"taxonomy":"category","embeddable":true,"href":"https:\/\/www.webdo.tn\/fr\/wp-json\/wp\/v2\/categories?post=208787"},{"taxonomy":"post_tag","embeddable":true,"href":"https:\/\/www.webdo.tn\/fr\/wp-json\/wp\/v2\/tags?post=208787"}],"curies":[{"name":"wp","href":"https:\/\/api.w.org\/{rel}","templated":true}]}}