{"id":208782,"date":"2023-09-20T08:22:00","date_gmt":"2023-09-20T08:22:00","guid":{"rendered":"https:\/\/www.webdo.tn\/fr\/blog\/tunisie-la-steg-annonce-une-panne-generale-d-electricite\/208782\/"},"modified":"2025-05-20T22:40:59","modified_gmt":"2025-05-20T22:40:59","slug":"tunisie-la-steg-annonce-une-panne-generale-d-electricite","status":"publish","type":"post","link":"https:\/\/www.webdo.tn\/fr\/actualite\/national\/tunisie-la-steg-annonce-une-panne-generale-d-electricite\/208782\/","title":{"rendered":"Tunisie : La STEG annonce une panne g\u00e9n\u00e9rale d\u2019\u00e9lectricit\u00e9"},"content":{"rendered":"<p>C\u2019est l\u2019une des plus plus longues pannes \u00e9lectriques en Tunisie. Elle a dur\u00e9 plusieurs heures dans la nuit du mardi jusqu\u2019au matin de ce mercredi 20 septembre 2023.<\/p>\n<p>La STEG a annonc\u00e9 une panne g\u00e9n\u00e9rale de l\u2019\u00e9lectricit\u00e9 ayant caus\u00e9 un black-out dans la plupart des gouvernorats.\u00a0<\/p>\n<p>La soci\u00e9t\u00e9 qui monopolise la production de l\u2019\u00e9lectricit\u00e9 \u00e9voque uniquement des raisons techniques \u00e0 la station de Rad\u00e8s.\u00a0<\/p>\n<p>\u00ab\u00a0L\u2019ensemble du syst\u00e8me \u00e9lectrique a retrouv\u00e9 son activit\u00e9 ant\u00e9rieure et remplit d\u00e9sormais sa fonction technique habituelle depuis environ 5 heures du matin. Les \u00e9quipes sp\u00e9cialis\u00e9es du STEG travaillent d\u00e9sormais \u00e0 intervenir dans certaines parties du r\u00e9seau pour le r\u00e9tablir dans les quelques zones restantes\u00a0\u00bb, explique la STEG.<\/p>\n","protected":false},"excerpt":{"rendered":"<p>C\u2019est l\u2019une des plus plus longues pannes \u00e9lectriques en Tunisie. Elle a dur\u00e9 plusieurs heures dans la nuit du mardi jusqu\u2019au matin de ce mercredi 20 septembre 2&#8230;<\/p>\n","protected":false},"author":3175,"featured_media":249274,"comment_status":"open","ping_status":"closed","sticky":false,"template":"","format":"standard","meta":{"footnotes":""},"categories":[44],"tags":[3765,4747,2608],"class_list":["post-208782","post","type-post","status-publish","format-standard","has-post-thumbnail","hentry","category-national","tag-electricite","tag-panne","tag-tunisie"],"yoast_head":"<!-- This site is optimized with the Yoast SEO Premium plugin v27.4 (Yoast SEO v27.5) - https:\/\/yoast.com\/product\/yoast-seo-premium-wordpress\/ -->\n<title>Tunisie : La STEG annonce une panne g\u00e9n\u00e9rale d\u2019\u00e9lectricit\u00e9<\/title>\n<meta name=\"description\" content=\"C\u2019est l\u2019une des plus plus longues pannes \u00e9lectriques en Tunisie. Elle a dur\u00e9 plusieurs heures dans la nuit du mardi jusqu\u2019au matin de ce mercredi 20 septembre 2...\" \/>\n<link rel=\"canonical\" href=\"https:\/\/www.webdo.tn\/fr\/actualite\/national\/tunisie-la-steg-annonce-une-panne-generale-d-electricite\/208782\/\" \/>\n<meta property=\"og:locale\" content=\"fr_FR\" \/>\n<meta property=\"og:type\" content=\"article\" \/>\n<meta property=\"og:title\" content=\"Tunisie : La STEG annonce une panne g\u00e9n\u00e9rale d\u2019\u00e9lectricit\u00e9\" \/>\n<meta property=\"og:description\" content=\"C\u2019est l\u2019une des plus plus longues pannes \u00e9lectriques en Tunisie. Elle a dur\u00e9 plusieurs heures dans la nuit du mardi jusqu\u2019au matin de ce mercredi 20 septembre 2...\" \/>\n<meta property=\"og:url\" content=\"https:\/\/www.webdo.tn\/fr\/actualite\/national\/tunisie-la-steg-annonce-une-panne-generale-d-electricite\/208782\/\" \/>\n<meta property=\"og:site_name\" content=\"webdo\" \/>\n<meta property=\"article:publisher\" content=\"https:\/\/www.facebook.com\/webdotn\" \/>\n<meta property=\"article:published_time\" content=\"2023-09-20T08:22:00+00:00\" \/>\n<meta property=\"article:modified_time\" content=\"2025-05-20T22:40:59+00:00\" \/>\n<meta property=\"og:image\" content=\"https:\/\/www.webdo.tn\/fr\/wp-content\/uploads\/2023\/09\/3903717a8679975f4fad685cdad88fa5.jpg\" \/>\n\t<meta property=\"og:image:width\" content=\"540\" \/>\n\t<meta property=\"og:image:height\" content=\"288\" \/>\n\t<meta property=\"og:image:type\" content=\"image\/jpeg\" \/>\n<meta name=\"author\" content=\"CL\" \/>\n<meta name=\"twitter:card\" content=\"summary_large_image\" \/>\n<meta name=\"twitter:creator\" content=\"@webdo_tn\" \/>\n<meta name=\"twitter:site\" content=\"@webdo_tn\" \/>\n<meta name=\"twitter:label1\" content=\"\u00c9crit par\" \/>\n\t<meta name=\"twitter:data1\" content=\"CL\" \/>\n\t<meta name=\"twitter:label2\" content=\"Dur\u00e9e de lecture estim\u00e9e\" \/>\n\t<meta name=\"twitter:data2\" content=\"1 minute\" \/>\n<script type=\"application\/ld+json\" class=\"yoast-schema-graph\">{\"@context\":\"https:\\\/\\\/schema.org\",\"@graph\":[{\"@type\":\"NewsArticle\",\"@id\":\"https:\\\/\\\/www.webdo.tn\\\/fr\\\/actualite\\\/national\\\/tunisie-la-steg-annonce-une-panne-generale-d-electricite\\\/208782\\\/#article\",\"isPartOf\":{\"@id\":\"https:\\\/\\\/www.webdo.tn\\\/fr\\\/actualite\\\/national\\\/tunisie-la-steg-annonce-une-panne-generale-d-electricite\\\/208782\\\/\"},\"author\":{\"name\":\"CL\",\"@id\":\"https:\\\/\\\/www.webdo.tn\\\/fr\\\/#\\\/schema\\\/person\\\/f35b42a42c5e2511bbd282959d6385cc\"},\"headline\":\"Tunisie : La STEG annonce une panne g\u00e9n\u00e9rale d\u2019\u00e9lectricit\u00e9\",\"datePublished\":\"2023-09-20T08:22:00+00:00\",\"dateModified\":\"2025-05-20T22:40:59+00:00\",\"mainEntityOfPage\":{\"@id\":\"https:\\\/\\\/www.webdo.tn\\\/fr\\\/actualite\\\/national\\\/tunisie-la-steg-annonce-une-panne-generale-d-electricite\\\/208782\\\/\"},\"wordCount\":135,\"commentCount\":0,\"publisher\":{\"@id\":\"https:\\\/\\\/www.webdo.tn\\\/fr\\\/#organization\"},\"image\":{\"@id\":\"https:\\\/\\\/www.webdo.tn\\\/fr\\\/actualite\\\/national\\\/tunisie-la-steg-annonce-une-panne-generale-d-electricite\\\/208782\\\/#primaryimage\"},\"thumbnailUrl\":\"https:\\\/\\\/www.webdo.tn\\\/fr\\\/wp-content\\\/uploads\\\/2023\\\/09\\\/3903717a8679975f4fad685cdad88fa5.jpg\",\"keywords\":[\"\u00e9lectricit\u00e9\",\"panne\",\"Tunisie\"],\"articleSection\":[\"National\"],\"inLanguage\":\"fr-FR\"},{\"@type\":\"WebPage\",\"@id\":\"https:\\\/\\\/www.webdo.tn\\\/fr\\\/actualite\\\/national\\\/tunisie-la-steg-annonce-une-panne-generale-d-electricite\\\/208782\\\/\",\"url\":\"https:\\\/\\\/www.webdo.tn\\\/fr\\\/actualite\\\/national\\\/tunisie-la-steg-annonce-une-panne-generale-d-electricite\\\/208782\\\/\",\"name\":\"Tunisie : La STEG annonce une panne g\u00e9n\u00e9rale d\u2019\u00e9lectricit\u00e9\",\"isPartOf\":{\"@id\":\"https:\\\/\\\/www.webdo.tn\\\/fr\\\/#website\"},\"primaryImageOfPage\":{\"@id\":\"https:\\\/\\\/www.webdo.tn\\\/fr\\\/actualite\\\/national\\\/tunisie-la-steg-annonce-une-panne-generale-d-electricite\\\/208782\\\/#primaryimage\"},\"image\":{\"@id\":\"https:\\\/\\\/www.webdo.tn\\\/fr\\\/actualite\\\/national\\\/tunisie-la-steg-annonce-une-panne-generale-d-electricite\\\/208782\\\/#primaryimage\"},\"thumbnailUrl\":\"https:\\\/\\\/www.webdo.tn\\\/fr\\\/wp-content\\\/uploads\\\/2023\\\/09\\\/3903717a8679975f4fad685cdad88fa5.jpg\",\"datePublished\":\"2023-09-20T08:22:00+00:00\",\"dateModified\":\"2025-05-20T22:40:59+00:00\",\"description\":\"C\u2019est l\u2019une des plus plus longues pannes \u00e9lectriques en Tunisie. Elle a dur\u00e9 plusieurs heures dans la nuit du mardi jusqu\u2019au matin de ce mercredi 20 septembre 2...\",\"breadcrumb\":{\"@id\":\"https:\\\/\\\/www.webdo.tn\\\/fr\\\/actualite\\\/national\\\/tunisie-la-steg-annonce-une-panne-generale-d-electricite\\\/208782\\\/#breadcrumb\"},\"inLanguage\":\"fr-FR\",\"potentialAction\":[{\"@type\":\"ReadAction\",\"target\":[\"https:\\\/\\\/www.webdo.tn\\\/fr\\\/actualite\\\/national\\\/tunisie-la-steg-annonce-une-panne-generale-d-electricite\\\/208782\\\/\"]}]},{\"@type\":\"ImageObject\",\"inLanguage\":\"fr-FR\",\"@id\":\"https:\\\/\\\/www.webdo.tn\\\/fr\\\/actualite\\\/national\\\/tunisie-la-steg-annonce-une-panne-generale-d-electricite\\\/208782\\\/#primaryimage\",\"url\":\"https:\\\/\\\/www.webdo.tn\\\/fr\\\/wp-content\\\/uploads\\\/2023\\\/09\\\/3903717a8679975f4fad685cdad88fa5.jpg\",\"contentUrl\":\"https:\\\/\\\/www.webdo.tn\\\/fr\\\/wp-content\\\/uploads\\\/2023\\\/09\\\/3903717a8679975f4fad685cdad88fa5.jpg\",\"width\":540,\"height\":288,\"caption\":\"Tunisie : La STEG annonce une panne g\u00e9n\u00e9rale d\u2019\u00e9lectricit\u00e9\"},{\"@type\":\"BreadcrumbList\",\"@id\":\"https:\\\/\\\/www.webdo.tn\\\/fr\\\/actualite\\\/national\\\/tunisie-la-steg-annonce-une-panne-generale-d-electricite\\\/208782\\\/#breadcrumb\",\"itemListElement\":[{\"@type\":\"ListItem\",\"position\":1,\"name\":\"Accueil\",\"item\":\"https:\\\/\\\/www.webdo.tn\\\/fr\\\/\"},{\"@type\":\"ListItem\",\"position\":2,\"name\":\"Tunisie : La STEG annonce une panne g\u00e9n\u00e9rale d\u2019\u00e9lectricit\u00e9\"}]},{\"@type\":\"WebSite\",\"@id\":\"https:\\\/\\\/www.webdo.tn\\\/fr\\\/#website\",\"url\":\"https:\\\/\\\/www.webdo.tn\\\/fr\\\/\",\"name\":\"webdo\",\"description\":\"Tunisie - News en Tunisie et \u00e0 l&#039;international sur Webdo.tn\",\"publisher\":{\"@id\":\"https:\\\/\\\/www.webdo.tn\\\/fr\\\/#organization\"},\"potentialAction\":[{\"@type\":\"SearchAction\",\"target\":{\"@type\":\"EntryPoint\",\"urlTemplate\":\"https:\\\/\\\/www.webdo.tn\\\/fr\\\/?s={search_term_string}\"},\"query-input\":{\"@type\":\"PropertyValueSpecification\",\"valueRequired\":true,\"valueName\":\"search_term_string\"}}],\"inLanguage\":\"fr-FR\"},{\"@type\":\"Organization\",\"@id\":\"https:\\\/\\\/www.webdo.tn\\\/fr\\\/#organization\",\"name\":\"Webdo\",\"alternateName\":\"Webdo.tn\",\"url\":\"https:\\\/\\\/www.webdo.tn\\\/fr\\\/\",\"logo\":{\"@type\":\"ImageObject\",\"inLanguage\":\"fr-FR\",\"@id\":\"https:\\\/\\\/www.webdo.tn\\\/fr\\\/#\\\/schema\\\/logo\\\/image\\\/\",\"url\":\"https:\\\/\\\/www.webdo.tn\\\/fr\\\/wp-content\\\/uploads\\\/2025\\\/06\\\/Webdo-Tunisie_168377.jpg\",\"contentUrl\":\"https:\\\/\\\/www.webdo.tn\\\/fr\\\/wp-content\\\/uploads\\\/2025\\\/06\\\/Webdo-Tunisie_168377.jpg\",\"width\":301,\"height\":301,\"caption\":\"Webdo\"},\"image\":{\"@id\":\"https:\\\/\\\/www.webdo.tn\\\/fr\\\/#\\\/schema\\\/logo\\\/image\\\/\"},\"sameAs\":[\"https:\\\/\\\/www.facebook.com\\\/webdotn\",\"https:\\\/\\\/x.com\\\/webdo_tn\"],\"description\":\"Webdo est un m\u00e9dia num\u00e9rique tunisien fond\u00e9 en 2010, sp\u00e9cialis\u00e9 dans l\u2019actualit\u00e9 nationale et internationale, l\u2019\u00e9conomie, la soci\u00e9t\u00e9 et les analyses politiques. Le site s\u2019adresse \u00e0 un large public francophone et couvre l\u2019information tunisienne en temps r\u00e9el.\",\"email\":\"redac@webdo.tn\",\"legalName\":\"YNJ SARL\",\"foundingDate\":\"2010-09-06\",\"numberOfEmployees\":{\"@type\":\"QuantitativeValue\",\"minValue\":\"11\",\"maxValue\":\"50\"}},{\"@type\":\"Person\",\"@id\":\"https:\\\/\\\/www.webdo.tn\\\/fr\\\/#\\\/schema\\\/person\\\/f35b42a42c5e2511bbd282959d6385cc\",\"name\":\"CL\",\"image\":{\"@type\":\"ImageObject\",\"inLanguage\":\"fr-FR\",\"@id\":\"https:\\\/\\\/secure.gravatar.com\\\/avatar\\\/1447a49909b67aa657c488aec6512e1dd6143a480c1ecfee9b5b5cd74eb3b59e?s=96&d=mm&r=g\",\"url\":\"https:\\\/\\\/secure.gravatar.com\\\/avatar\\\/1447a49909b67aa657c488aec6512e1dd6143a480c1ecfee9b5b5cd74eb3b59e?s=96&d=mm&r=g\",\"contentUrl\":\"https:\\\/\\\/secure.gravatar.com\\\/avatar\\\/1447a49909b67aa657c488aec6512e1dd6143a480c1ecfee9b5b5cd74eb3b59e?s=96&d=mm&r=g\",\"caption\":\"CL\"},\"url\":\"https:\\\/\\\/www.webdo.tn\\\/fr\\\/actualite\\\/author\\\/cl\\\/\"}]}<\/script>\n<!-- \/ Yoast SEO Premium plugin. -->","yoast_head_json":{"title":"Tunisie : La STEG annonce une panne g\u00e9n\u00e9rale d\u2019\u00e9lectricit\u00e9","description":"C\u2019est l\u2019une des plus plus longues pannes \u00e9lectriques en Tunisie. Elle a dur\u00e9 plusieurs heures dans la nuit du mardi jusqu\u2019au matin de ce mercredi 20 septembre 2...","canonical":"https:\/\/www.webdo.tn\/fr\/actualite\/national\/tunisie-la-steg-annonce-une-panne-generale-d-electricite\/208782\/","og_locale":"fr_FR","og_type":"article","og_title":"Tunisie : La STEG annonce une panne g\u00e9n\u00e9rale d\u2019\u00e9lectricit\u00e9","og_description":"C\u2019est l\u2019une des plus plus longues pannes \u00e9lectriques en Tunisie. Elle a dur\u00e9 plusieurs heures dans la nuit du mardi jusqu\u2019au matin de ce mercredi 20 septembre 2...","og_url":"https:\/\/www.webdo.tn\/fr\/actualite\/national\/tunisie-la-steg-annonce-une-panne-generale-d-electricite\/208782\/","og_site_name":"webdo","article_publisher":"https:\/\/www.facebook.com\/webdotn","article_published_time":"2023-09-20T08:22:00+00:00","article_modified_time":"2025-05-20T22:40:59+00:00","og_image":[{"width":540,"height":288,"url":"https:\/\/www.webdo.tn\/fr\/wp-content\/uploads\/2023\/09\/3903717a8679975f4fad685cdad88fa5.jpg","type":"image\/jpeg"}],"author":"CL","twitter_card":"summary_large_image","twitter_creator":"@webdo_tn","twitter_site":"@webdo_tn","twitter_misc":{"\u00c9crit par":"CL","Dur\u00e9e de lecture estim\u00e9e":"1 minute"},"schema":{"@context":"https:\/\/schema.org","@graph":[{"@type":"NewsArticle","@id":"https:\/\/www.webdo.tn\/fr\/actualite\/national\/tunisie-la-steg-annonce-une-panne-generale-d-electricite\/208782\/#article","isPartOf":{"@id":"https:\/\/www.webdo.tn\/fr\/actualite\/national\/tunisie-la-steg-annonce-une-panne-generale-d-electricite\/208782\/"},"author":{"name":"CL","@id":"https:\/\/www.webdo.tn\/fr\/#\/schema\/person\/f35b42a42c5e2511bbd282959d6385cc"},"headline":"Tunisie : La STEG annonce une panne g\u00e9n\u00e9rale d\u2019\u00e9lectricit\u00e9","datePublished":"2023-09-20T08:22:00+00:00","dateModified":"2025-05-20T22:40:59+00:00","mainEntityOfPage":{"@id":"https:\/\/www.webdo.tn\/fr\/actualite\/national\/tunisie-la-steg-annonce-une-panne-generale-d-electricite\/208782\/"},"wordCount":135,"commentCount":0,"publisher":{"@id":"https:\/\/www.webdo.tn\/fr\/#organization"},"image":{"@id":"https:\/\/www.webdo.tn\/fr\/actualite\/national\/tunisie-la-steg-annonce-une-panne-generale-d-electricite\/208782\/#primaryimage"},"thumbnailUrl":"https:\/\/www.webdo.tn\/fr\/wp-content\/uploads\/2023\/09\/3903717a8679975f4fad685cdad88fa5.jpg","keywords":["\u00e9lectricit\u00e9","panne","Tunisie"],"articleSection":["National"],"inLanguage":"fr-FR"},{"@type":"WebPage","@id":"https:\/\/www.webdo.tn\/fr\/actualite\/national\/tunisie-la-steg-annonce-une-panne-generale-d-electricite\/208782\/","url":"https:\/\/www.webdo.tn\/fr\/actualite\/national\/tunisie-la-steg-annonce-une-panne-generale-d-electricite\/208782\/","name":"Tunisie : La STEG annonce une panne g\u00e9n\u00e9rale d\u2019\u00e9lectricit\u00e9","isPartOf":{"@id":"https:\/\/www.webdo.tn\/fr\/#website"},"primaryImageOfPage":{"@id":"https:\/\/www.webdo.tn\/fr\/actualite\/national\/tunisie-la-steg-annonce-une-panne-generale-d-electricite\/208782\/#primaryimage"},"image":{"@id":"https:\/\/www.webdo.tn\/fr\/actualite\/national\/tunisie-la-steg-annonce-une-panne-generale-d-electricite\/208782\/#primaryimage"},"thumbnailUrl":"https:\/\/www.webdo.tn\/fr\/wp-content\/uploads\/2023\/09\/3903717a8679975f4fad685cdad88fa5.jpg","datePublished":"2023-09-20T08:22:00+00:00","dateModified":"2025-05-20T22:40:59+00:00","description":"C\u2019est l\u2019une des plus plus longues pannes \u00e9lectriques en Tunisie. Elle a dur\u00e9 plusieurs heures dans la nuit du mardi jusqu\u2019au matin de ce mercredi 20 septembre 2...","breadcrumb":{"@id":"https:\/\/www.webdo.tn\/fr\/actualite\/national\/tunisie-la-steg-annonce-une-panne-generale-d-electricite\/208782\/#breadcrumb"},"inLanguage":"fr-FR","potentialAction":[{"@type":"ReadAction","target":["https:\/\/www.webdo.tn\/fr\/actualite\/national\/tunisie-la-steg-annonce-une-panne-generale-d-electricite\/208782\/"]}]},{"@type":"ImageObject","inLanguage":"fr-FR","@id":"https:\/\/www.webdo.tn\/fr\/actualite\/national\/tunisie-la-steg-annonce-une-panne-generale-d-electricite\/208782\/#primaryimage","url":"https:\/\/www.webdo.tn\/fr\/wp-content\/uploads\/2023\/09\/3903717a8679975f4fad685cdad88fa5.jpg","contentUrl":"https:\/\/www.webdo.tn\/fr\/wp-content\/uploads\/2023\/09\/3903717a8679975f4fad685cdad88fa5.jpg","width":540,"height":288,"caption":"Tunisie : La STEG annonce une panne g\u00e9n\u00e9rale d\u2019\u00e9lectricit\u00e9"},{"@type":"BreadcrumbList","@id":"https:\/\/www.webdo.tn\/fr\/actualite\/national\/tunisie-la-steg-annonce-une-panne-generale-d-electricite\/208782\/#breadcrumb","itemListElement":[{"@type":"ListItem","position":1,"name":"Accueil","item":"https:\/\/www.webdo.tn\/fr\/"},{"@type":"ListItem","position":2,"name":"Tunisie : La STEG annonce une panne g\u00e9n\u00e9rale d\u2019\u00e9lectricit\u00e9"}]},{"@type":"WebSite","@id":"https:\/\/www.webdo.tn\/fr\/#website","url":"https:\/\/www.webdo.tn\/fr\/","name":"webdo","description":"Tunisie - News en Tunisie et \u00e0 l&#039;international sur Webdo.tn","publisher":{"@id":"https:\/\/www.webdo.tn\/fr\/#organization"},"potentialAction":[{"@type":"SearchAction","target":{"@type":"EntryPoint","urlTemplate":"https:\/\/www.webdo.tn\/fr\/?s={search_term_string}"},"query-input":{"@type":"PropertyValueSpecification","valueRequired":true,"valueName":"search_term_string"}}],"inLanguage":"fr-FR"},{"@type":"Organization","@id":"https:\/\/www.webdo.tn\/fr\/#organization","name":"Webdo","alternateName":"Webdo.tn","url":"https:\/\/www.webdo.tn\/fr\/","logo":{"@type":"ImageObject","inLanguage":"fr-FR","@id":"https:\/\/www.webdo.tn\/fr\/#\/schema\/logo\/image\/","url":"https:\/\/www.webdo.tn\/fr\/wp-content\/uploads\/2025\/06\/Webdo-Tunisie_168377.jpg","contentUrl":"https:\/\/www.webdo.tn\/fr\/wp-content\/uploads\/2025\/06\/Webdo-Tunisie_168377.jpg","width":301,"height":301,"caption":"Webdo"},"image":{"@id":"https:\/\/www.webdo.tn\/fr\/#\/schema\/logo\/image\/"},"sameAs":["https:\/\/www.facebook.com\/webdotn","https:\/\/x.com\/webdo_tn"],"description":"Webdo est un m\u00e9dia num\u00e9rique tunisien fond\u00e9 en 2010, sp\u00e9cialis\u00e9 dans l\u2019actualit\u00e9 nationale et internationale, l\u2019\u00e9conomie, la soci\u00e9t\u00e9 et les analyses politiques. Le site s\u2019adresse \u00e0 un large public francophone et couvre l\u2019information tunisienne en temps r\u00e9el.","email":"redac@webdo.tn","legalName":"YNJ SARL","foundingDate":"2010-09-06","numberOfEmployees":{"@type":"QuantitativeValue","minValue":"11","maxValue":"50"}},{"@type":"Person","@id":"https:\/\/www.webdo.tn\/fr\/#\/schema\/person\/f35b42a42c5e2511bbd282959d6385cc","name":"CL","image":{"@type":"ImageObject","inLanguage":"fr-FR","@id":"https:\/\/secure.gravatar.com\/avatar\/1447a49909b67aa657c488aec6512e1dd6143a480c1ecfee9b5b5cd74eb3b59e?s=96&d=mm&r=g","url":"https:\/\/secure.gravatar.com\/avatar\/1447a49909b67aa657c488aec6512e1dd6143a480c1ecfee9b5b5cd74eb3b59e?s=96&d=mm&r=g","contentUrl":"https:\/\/secure.gravatar.com\/avatar\/1447a49909b67aa657c488aec6512e1dd6143a480c1ecfee9b5b5cd74eb3b59e?s=96&d=mm&r=g","caption":"CL"},"url":"https:\/\/www.webdo.tn\/fr\/actualite\/author\/cl\/"}]}},"_links":{"self":[{"href":"https:\/\/www.webdo.tn\/fr\/wp-json\/wp\/v2\/posts\/208782","targetHints":{"allow":["GET"]}}],"collection":[{"href":"https:\/\/www.webdo.tn\/fr\/wp-json\/wp\/v2\/posts"}],"about":[{"href":"https:\/\/www.webdo.tn\/fr\/wp-json\/wp\/v2\/types\/post"}],"author":[{"embeddable":true,"href":"https:\/\/www.webdo.tn\/fr\/wp-json\/wp\/v2\/users\/3175"}],"replies":[{"embeddable":true,"href":"https:\/\/www.webdo.tn\/fr\/wp-json\/wp\/v2\/comments?post=208782"}],"version-history":[{"count":0,"href":"https:\/\/www.webdo.tn\/fr\/wp-json\/wp\/v2\/posts\/208782\/revisions"}],"wp:featuredmedia":[{"embeddable":true,"href":"https:\/\/www.webdo.tn\/fr\/wp-json\/wp\/v2\/media\/249274"}],"wp:attachment":[{"href":"https:\/\/www.webdo.tn\/fr\/wp-json\/wp\/v2\/media?parent=208782"}],"wp:term":[{"taxonomy":"category","embeddable":true,"href":"https:\/\/www.webdo.tn\/fr\/wp-json\/wp\/v2\/categories?post=208782"},{"taxonomy":"post_tag","embeddable":true,"href":"https:\/\/www.webdo.tn\/fr\/wp-json\/wp\/v2\/tags?post=208782"}],"curies":[{"name":"wp","href":"https:\/\/api.w.org\/{rel}","templated":true}]}}