{"id":208778,"date":"2023-09-19T19:08:00","date_gmt":"2023-09-19T19:08:00","guid":{"rendered":"https:\/\/www.webdo.tn\/fr\/blog\/levee-de-l-immunite-de-13-magistrats-revoques-examen-reporte\/208778\/"},"modified":"2025-05-20T21:57:20","modified_gmt":"2025-05-20T21:57:20","slug":"levee-de-l-immunite-de-13-magistrats-revoques-examen-reporte","status":"publish","type":"post","link":"https:\/\/www.webdo.tn\/fr\/actualite\/national\/levee-de-l-immunite-de-13-magistrats-revoques-examen-reporte\/208778\/","title":{"rendered":"Lev\u00e9e de l\u2019immunit\u00e9 de 13 magistrats r\u00e9voqu\u00e9s : Examen report\u00e9"},"content":{"rendered":"<p>L&rsquo;examen de la demande de retrait de l&rsquo;immunit\u00e9 de 13 juges r\u00e9voqu\u00e9s, a de nouveau \u00e9t\u00e9 report\u00e9, le Conseil sup\u00e9rieur provisoire de la magistrature, ne s&rsquo;\u00e9tant pas r\u00e9uni pour statuer sur cette question.<\/p>\n<p>\t\t\t\t\t\t\t\t\tLa r\u00e9union du conseil sup\u00e9rieur provisoire de la magistrature, pr\u00e9vue ce mardi 19 septembre, pour examiner la demande de lev\u00e9e de l&rsquo;immunit\u00e9 de 13 magistrats, ne s&rsquo;est pas tenue en raison de la mutation de certains juges, notamment le procureur de la R\u00e9publique aupr\u00e8s de la Cour de Cassation et le premier pr\u00e9sident du Tribunal Immobilier de Tunis.<\/p>\n<p>Le Conseil sup\u00e9rieur provisoire de la magistrature doit examiner la demande de lev\u00e9e d&rsquo;immunit\u00e9 de treize magistrats r\u00e9voqu\u00e9s, \u00e0 l&rsquo;appel des juges d&rsquo;instruction du P\u00f4le judiciaire antiterroriste.<\/p>\n<p>Ces treize juges sont accus\u00e9s de complot contre la s\u00fbret\u00e9 de l&rsquo;\u00c9tat et de formation d&rsquo;une alliance terroriste sachant que le Conseil sup\u00e9rieur provisoire de la magistrature a d\u00e9j\u00e0 report\u00e9 \u00e0 deux reprises, l\u2019examen de la lev\u00e9e de l\u2019immunit\u00e9 de ces juges.<\/p>\n<p>Le porte-parole officiel du collectif de d\u00e9fense des juges r\u00e9voqu\u00e9s, Ayachi Hammami, avait indiqu\u00e9 en d\u00e9cembre 2022, que plus de 140 affaires contre des juges r\u00e9voqu\u00e9s avaient \u00e9t\u00e9 lanc\u00e9es, y compris des affaires dont s\u2019est charg\u00e9 le p\u00f4le antiterroriste.<\/p>\n<p>Il avait soulign\u00e9 dans le m\u00eame contexte que\u00a0les 13 juges ont \u00e9t\u00e9 inform\u00e9s par le Conseil de la magistrature que la lev\u00e9e de leur immunit\u00e9 sera examin\u00e9e en lien avec des crimes d&rsquo;association de malfaiteurs contre la s\u00fbret\u00e9 de l&rsquo;\u00c9tat et de formation d&rsquo;une alliance terroriste.<\/p>\n<p>A cet \u00e9gard, Hammami a not\u00e9 que le Conseil sup\u00e9rieur de la magistrature les consid\u00e8re toujours comme des juges, mais la ministre de la Justice refuse de les r\u00e9int\u00e9grer dans leurs fonctions et d&rsquo;appliquer les d\u00e9cisions du tribunal administratif qui avait statu\u00e9 sur la suspension de la r\u00e9vocation de 49 magistrats.<\/p>\n<p>Rappelons que\u00a057 juges r\u00e9voqu\u00e9s font l&rsquo;objet de poursuites p\u00e9nales, conform\u00e9ment au d\u00e9cret-loi 35\/2022 en date du 1er juin 2022, malgr\u00e9\u00a0la d\u00e9cision du Tribunal administratif de suspendre la r\u00e9vocation de 49 magistrats.<\/p>\n<p>Rappelons \u00e9galement que\u00a0le pr\u00e9sident Ka\u00efs Sa\u00efed avait d\u00e9cid\u00e9 la r\u00e9vocation de 57 magistrats\u00a0qu&rsquo;il accuse \u00ab\u00a0de corruption et de divers crimes et d\u00e9lits ainsi que de dissimulation de suspects dans des affaires de terrorisme\u00a0\u00bb, sur d\u00e9cret pr\u00e9sidentiel publi\u00e9 au JORT en date du 1er juin 2022.<\/p>\n<p>Figurent dans la liste des magistrats r\u00e9voqu\u00e9s, l&rsquo;ancien pr\u00e9sident du Conseil sup\u00e9rieur de la magistrature, Youssef Bouzakher, l&rsquo;ancien premier pr\u00e9sident de la Cour de cassation, Ta\u00efeb Rached, et le juge d&rsquo;instruction pr\u00e8s le Tribunal de premi\u00e8re instance de Tunis, B\u00e9chir Akremi.<\/p>\n<p>Il convient de noter que\u00a0Kais Saied a dissous le Conseil sup\u00e9rieur de la magistrature\u00a0et l&rsquo;a remplac\u00e9 par un conseil temporaire, dans\u00a0une d\u00e9marche qui, selon ses opposants et les juges, visait \u00e0 imposer son contr\u00f4le sur le syst\u00e8me judiciaire.<\/p>\n","protected":false},"excerpt":{"rendered":"<p>L&rsquo;examen de la demande de retrait de l&rsquo;immunit\u00e9 de 13 juges r\u00e9voqu\u00e9s, a de nouveau \u00e9t\u00e9 report\u00e9, le Conseil sup\u00e9rieur provisoire de la magistrature, ne s&rsquo;\u00e9tant p&#8230;<\/p>\n","protected":false},"author":3162,"featured_media":249276,"comment_status":"open","ping_status":"closed","sticky":false,"template":"","format":"standard","meta":{"footnotes":""},"categories":[44],"tags":[7917,7916,7918,2608],"class_list":["post-208778","post","type-post","status-publish","format-standard","has-post-thumbnail","hentry","category-national","tag-juges","tag-magistrats","tag-revoques","tag-tunisie"],"yoast_head":"<!-- This site is optimized with the Yoast SEO Premium plugin v27.5 (Yoast SEO v27.5) - https:\/\/yoast.com\/product\/yoast-seo-premium-wordpress\/ -->\n<title>Lev\u00e9e de l\u2019immunit\u00e9 de 13 magistrats r\u00e9voqu\u00e9s : Examen report\u00e9<\/title>\n<meta name=\"description\" content=\"L&#039;examen de la demande de retrait de l&#039;immunit\u00e9 de 13 juges r\u00e9voqu\u00e9s, a de nouveau \u00e9t\u00e9 report\u00e9, le Conseil sup\u00e9rieur provisoire de la magistrature, ne s&#039;\u00e9tant p...\" \/>\n<link rel=\"canonical\" href=\"https:\/\/www.webdo.tn\/fr\/actualite\/national\/levee-de-l-immunite-de-13-magistrats-revoques-examen-reporte\/208778\/\" \/>\n<meta property=\"og:locale\" content=\"fr_FR\" \/>\n<meta property=\"og:type\" content=\"article\" \/>\n<meta property=\"og:title\" content=\"Lev\u00e9e de l\u2019immunit\u00e9 de 13 magistrats r\u00e9voqu\u00e9s : Examen report\u00e9\" \/>\n<meta property=\"og:description\" content=\"L&#039;examen de la demande de retrait de l&#039;immunit\u00e9 de 13 juges r\u00e9voqu\u00e9s, a de nouveau \u00e9t\u00e9 report\u00e9, le Conseil sup\u00e9rieur provisoire de la magistrature, ne s&#039;\u00e9tant p...\" \/>\n<meta property=\"og:url\" content=\"https:\/\/www.webdo.tn\/fr\/actualite\/national\/levee-de-l-immunite-de-13-magistrats-revoques-examen-reporte\/208778\/\" \/>\n<meta property=\"og:site_name\" content=\"webdo\" \/>\n<meta property=\"article:publisher\" content=\"https:\/\/www.facebook.com\/webdotn\" \/>\n<meta property=\"article:published_time\" content=\"2023-09-19T19:08:00+00:00\" \/>\n<meta property=\"article:modified_time\" content=\"2025-05-20T21:57:20+00:00\" \/>\n<meta property=\"og:image\" content=\"https:\/\/www.webdo.tn\/fr\/wp-content\/uploads\/2023\/09\/8cfed60b51d7433dcf704a146a0868df.jpg\" \/>\n\t<meta property=\"og:image:width\" content=\"750\" \/>\n\t<meta property=\"og:image:height\" content=\"400\" \/>\n\t<meta property=\"og:image:type\" content=\"image\/jpeg\" \/>\n<meta name=\"author\" content=\"MC\" \/>\n<meta name=\"twitter:card\" content=\"summary_large_image\" \/>\n<meta name=\"twitter:creator\" content=\"@webdo_tn\" \/>\n<meta name=\"twitter:site\" content=\"@webdo_tn\" \/>\n<meta name=\"twitter:label1\" content=\"\u00c9crit par\" \/>\n\t<meta name=\"twitter:data1\" content=\"MC\" \/>\n\t<meta name=\"twitter:label2\" content=\"Dur\u00e9e de lecture estim\u00e9e\" \/>\n\t<meta name=\"twitter:data2\" content=\"3 minutes\" \/>\n<script type=\"application\/ld+json\" class=\"yoast-schema-graph\">{\"@context\":\"https:\\\/\\\/schema.org\",\"@graph\":[{\"@type\":\"NewsArticle\",\"@id\":\"https:\\\/\\\/www.webdo.tn\\\/fr\\\/actualite\\\/national\\\/levee-de-l-immunite-de-13-magistrats-revoques-examen-reporte\\\/208778\\\/#article\",\"isPartOf\":{\"@id\":\"https:\\\/\\\/www.webdo.tn\\\/fr\\\/actualite\\\/national\\\/levee-de-l-immunite-de-13-magistrats-revoques-examen-reporte\\\/208778\\\/\"},\"author\":{\"name\":\"MC\",\"@id\":\"https:\\\/\\\/www.webdo.tn\\\/fr\\\/#\\\/schema\\\/person\\\/2c4929cbf5a809e3bd38617c6ce150f6\"},\"headline\":\"Lev\u00e9e de l\u2019immunit\u00e9 de 13 magistrats r\u00e9voqu\u00e9s : Examen report\u00e9\",\"datePublished\":\"2023-09-19T19:08:00+00:00\",\"dateModified\":\"2025-05-20T21:57:20+00:00\",\"mainEntityOfPage\":{\"@id\":\"https:\\\/\\\/www.webdo.tn\\\/fr\\\/actualite\\\/national\\\/levee-de-l-immunite-de-13-magistrats-revoques-examen-reporte\\\/208778\\\/\"},\"wordCount\":546,\"commentCount\":0,\"publisher\":{\"@id\":\"https:\\\/\\\/www.webdo.tn\\\/fr\\\/#organization\"},\"image\":{\"@id\":\"https:\\\/\\\/www.webdo.tn\\\/fr\\\/actualite\\\/national\\\/levee-de-l-immunite-de-13-magistrats-revoques-examen-reporte\\\/208778\\\/#primaryimage\"},\"thumbnailUrl\":\"https:\\\/\\\/www.webdo.tn\\\/fr\\\/wp-content\\\/uploads\\\/2023\\\/09\\\/8cfed60b51d7433dcf704a146a0868df.jpg\",\"keywords\":[\"juges\",\"magistrats\",\"r\u00e9voqu\u00e9s\",\"Tunisie\"],\"articleSection\":[\"National\"],\"inLanguage\":\"fr-FR\"},{\"@type\":\"WebPage\",\"@id\":\"https:\\\/\\\/www.webdo.tn\\\/fr\\\/actualite\\\/national\\\/levee-de-l-immunite-de-13-magistrats-revoques-examen-reporte\\\/208778\\\/\",\"url\":\"https:\\\/\\\/www.webdo.tn\\\/fr\\\/actualite\\\/national\\\/levee-de-l-immunite-de-13-magistrats-revoques-examen-reporte\\\/208778\\\/\",\"name\":\"Lev\u00e9e de l\u2019immunit\u00e9 de 13 magistrats r\u00e9voqu\u00e9s : Examen report\u00e9\",\"isPartOf\":{\"@id\":\"https:\\\/\\\/www.webdo.tn\\\/fr\\\/#website\"},\"primaryImageOfPage\":{\"@id\":\"https:\\\/\\\/www.webdo.tn\\\/fr\\\/actualite\\\/national\\\/levee-de-l-immunite-de-13-magistrats-revoques-examen-reporte\\\/208778\\\/#primaryimage\"},\"image\":{\"@id\":\"https:\\\/\\\/www.webdo.tn\\\/fr\\\/actualite\\\/national\\\/levee-de-l-immunite-de-13-magistrats-revoques-examen-reporte\\\/208778\\\/#primaryimage\"},\"thumbnailUrl\":\"https:\\\/\\\/www.webdo.tn\\\/fr\\\/wp-content\\\/uploads\\\/2023\\\/09\\\/8cfed60b51d7433dcf704a146a0868df.jpg\",\"datePublished\":\"2023-09-19T19:08:00+00:00\",\"dateModified\":\"2025-05-20T21:57:20+00:00\",\"description\":\"L'examen de la demande de retrait de l'immunit\u00e9 de 13 juges r\u00e9voqu\u00e9s, a de nouveau \u00e9t\u00e9 report\u00e9, le Conseil sup\u00e9rieur provisoire de la magistrature, ne s'\u00e9tant p...\",\"breadcrumb\":{\"@id\":\"https:\\\/\\\/www.webdo.tn\\\/fr\\\/actualite\\\/national\\\/levee-de-l-immunite-de-13-magistrats-revoques-examen-reporte\\\/208778\\\/#breadcrumb\"},\"inLanguage\":\"fr-FR\",\"potentialAction\":[{\"@type\":\"ReadAction\",\"target\":[\"https:\\\/\\\/www.webdo.tn\\\/fr\\\/actualite\\\/national\\\/levee-de-l-immunite-de-13-magistrats-revoques-examen-reporte\\\/208778\\\/\"]}]},{\"@type\":\"ImageObject\",\"inLanguage\":\"fr-FR\",\"@id\":\"https:\\\/\\\/www.webdo.tn\\\/fr\\\/actualite\\\/national\\\/levee-de-l-immunite-de-13-magistrats-revoques-examen-reporte\\\/208778\\\/#primaryimage\",\"url\":\"https:\\\/\\\/www.webdo.tn\\\/fr\\\/wp-content\\\/uploads\\\/2023\\\/09\\\/8cfed60b51d7433dcf704a146a0868df.jpg\",\"contentUrl\":\"https:\\\/\\\/www.webdo.tn\\\/fr\\\/wp-content\\\/uploads\\\/2023\\\/09\\\/8cfed60b51d7433dcf704a146a0868df.jpg\",\"width\":750,\"height\":400,\"caption\":\"Lev\u00e9e de l\u2019immunit\u00e9 de 13 magistrats r\u00e9voqu\u00e9s : Examen report\u00e9\"},{\"@type\":\"BreadcrumbList\",\"@id\":\"https:\\\/\\\/www.webdo.tn\\\/fr\\\/actualite\\\/national\\\/levee-de-l-immunite-de-13-magistrats-revoques-examen-reporte\\\/208778\\\/#breadcrumb\",\"itemListElement\":[{\"@type\":\"ListItem\",\"position\":1,\"name\":\"Accueil\",\"item\":\"https:\\\/\\\/www.webdo.tn\\\/fr\\\/\"},{\"@type\":\"ListItem\",\"position\":2,\"name\":\"Lev\u00e9e de l\u2019immunit\u00e9 de 13 magistrats r\u00e9voqu\u00e9s : Examen report\u00e9\"}]},{\"@type\":\"WebSite\",\"@id\":\"https:\\\/\\\/www.webdo.tn\\\/fr\\\/#website\",\"url\":\"https:\\\/\\\/www.webdo.tn\\\/fr\\\/\",\"name\":\"webdo\",\"description\":\"Tunisie - News en Tunisie et \u00e0 l&#039;international sur Webdo.tn\",\"publisher\":{\"@id\":\"https:\\\/\\\/www.webdo.tn\\\/fr\\\/#organization\"},\"potentialAction\":[{\"@type\":\"SearchAction\",\"target\":{\"@type\":\"EntryPoint\",\"urlTemplate\":\"https:\\\/\\\/www.webdo.tn\\\/fr\\\/?s={search_term_string}\"},\"query-input\":{\"@type\":\"PropertyValueSpecification\",\"valueRequired\":true,\"valueName\":\"search_term_string\"}}],\"inLanguage\":\"fr-FR\"},{\"@type\":\"Organization\",\"@id\":\"https:\\\/\\\/www.webdo.tn\\\/fr\\\/#organization\",\"name\":\"Webdo\",\"alternateName\":\"Webdo.tn\",\"url\":\"https:\\\/\\\/www.webdo.tn\\\/fr\\\/\",\"logo\":{\"@type\":\"ImageObject\",\"inLanguage\":\"fr-FR\",\"@id\":\"https:\\\/\\\/www.webdo.tn\\\/fr\\\/#\\\/schema\\\/logo\\\/image\\\/\",\"url\":\"https:\\\/\\\/www.webdo.tn\\\/fr\\\/wp-content\\\/uploads\\\/2025\\\/06\\\/Webdo-Tunisie_168377.jpg\",\"contentUrl\":\"https:\\\/\\\/www.webdo.tn\\\/fr\\\/wp-content\\\/uploads\\\/2025\\\/06\\\/Webdo-Tunisie_168377.jpg\",\"width\":301,\"height\":301,\"caption\":\"Webdo\"},\"image\":{\"@id\":\"https:\\\/\\\/www.webdo.tn\\\/fr\\\/#\\\/schema\\\/logo\\\/image\\\/\"},\"sameAs\":[\"https:\\\/\\\/www.facebook.com\\\/webdotn\",\"https:\\\/\\\/x.com\\\/webdo_tn\"],\"description\":\"Webdo est un m\u00e9dia num\u00e9rique tunisien fond\u00e9 en 2010, sp\u00e9cialis\u00e9 dans l\u2019actualit\u00e9 nationale et internationale, l\u2019\u00e9conomie, la soci\u00e9t\u00e9 et les analyses politiques. Le site s\u2019adresse \u00e0 un large public francophone et couvre l\u2019information tunisienne en temps r\u00e9el.\",\"email\":\"redac@webdo.tn\",\"legalName\":\"YNJ SARL\",\"foundingDate\":\"2010-09-06\",\"numberOfEmployees\":{\"@type\":\"QuantitativeValue\",\"minValue\":\"11\",\"maxValue\":\"50\"}},{\"@type\":\"Person\",\"@id\":\"https:\\\/\\\/www.webdo.tn\\\/fr\\\/#\\\/schema\\\/person\\\/2c4929cbf5a809e3bd38617c6ce150f6\",\"name\":\"MC\",\"image\":{\"@type\":\"ImageObject\",\"inLanguage\":\"fr-FR\",\"@id\":\"https:\\\/\\\/secure.gravatar.com\\\/avatar\\\/a545bbb6f84efdd5553dbbc2895e3ca8f1d12c5215e00a041c9670b54aa9b18a?s=96&d=mm&r=g\",\"url\":\"https:\\\/\\\/secure.gravatar.com\\\/avatar\\\/a545bbb6f84efdd5553dbbc2895e3ca8f1d12c5215e00a041c9670b54aa9b18a?s=96&d=mm&r=g\",\"contentUrl\":\"https:\\\/\\\/secure.gravatar.com\\\/avatar\\\/a545bbb6f84efdd5553dbbc2895e3ca8f1d12c5215e00a041c9670b54aa9b18a?s=96&d=mm&r=g\",\"caption\":\"MC\"},\"url\":\"https:\\\/\\\/www.webdo.tn\\\/fr\\\/actualite\\\/author\\\/mc\\\/\"}]}<\/script>\n<!-- \/ Yoast SEO Premium plugin. -->","yoast_head_json":{"title":"Lev\u00e9e de l\u2019immunit\u00e9 de 13 magistrats r\u00e9voqu\u00e9s : Examen report\u00e9","description":"L'examen de la demande de retrait de l'immunit\u00e9 de 13 juges r\u00e9voqu\u00e9s, a de nouveau \u00e9t\u00e9 report\u00e9, le Conseil sup\u00e9rieur provisoire de la magistrature, ne s'\u00e9tant p...","canonical":"https:\/\/www.webdo.tn\/fr\/actualite\/national\/levee-de-l-immunite-de-13-magistrats-revoques-examen-reporte\/208778\/","og_locale":"fr_FR","og_type":"article","og_title":"Lev\u00e9e de l\u2019immunit\u00e9 de 13 magistrats r\u00e9voqu\u00e9s : Examen report\u00e9","og_description":"L'examen de la demande de retrait de l'immunit\u00e9 de 13 juges r\u00e9voqu\u00e9s, a de nouveau \u00e9t\u00e9 report\u00e9, le Conseil sup\u00e9rieur provisoire de la magistrature, ne s'\u00e9tant p...","og_url":"https:\/\/www.webdo.tn\/fr\/actualite\/national\/levee-de-l-immunite-de-13-magistrats-revoques-examen-reporte\/208778\/","og_site_name":"webdo","article_publisher":"https:\/\/www.facebook.com\/webdotn","article_published_time":"2023-09-19T19:08:00+00:00","article_modified_time":"2025-05-20T21:57:20+00:00","og_image":[{"width":750,"height":400,"url":"https:\/\/www.webdo.tn\/fr\/wp-content\/uploads\/2023\/09\/8cfed60b51d7433dcf704a146a0868df.jpg","type":"image\/jpeg"}],"author":"MC","twitter_card":"summary_large_image","twitter_creator":"@webdo_tn","twitter_site":"@webdo_tn","twitter_misc":{"\u00c9crit par":"MC","Dur\u00e9e de lecture estim\u00e9e":"3 minutes"},"schema":{"@context":"https:\/\/schema.org","@graph":[{"@type":"NewsArticle","@id":"https:\/\/www.webdo.tn\/fr\/actualite\/national\/levee-de-l-immunite-de-13-magistrats-revoques-examen-reporte\/208778\/#article","isPartOf":{"@id":"https:\/\/www.webdo.tn\/fr\/actualite\/national\/levee-de-l-immunite-de-13-magistrats-revoques-examen-reporte\/208778\/"},"author":{"name":"MC","@id":"https:\/\/www.webdo.tn\/fr\/#\/schema\/person\/2c4929cbf5a809e3bd38617c6ce150f6"},"headline":"Lev\u00e9e de l\u2019immunit\u00e9 de 13 magistrats r\u00e9voqu\u00e9s : Examen report\u00e9","datePublished":"2023-09-19T19:08:00+00:00","dateModified":"2025-05-20T21:57:20+00:00","mainEntityOfPage":{"@id":"https:\/\/www.webdo.tn\/fr\/actualite\/national\/levee-de-l-immunite-de-13-magistrats-revoques-examen-reporte\/208778\/"},"wordCount":546,"commentCount":0,"publisher":{"@id":"https:\/\/www.webdo.tn\/fr\/#organization"},"image":{"@id":"https:\/\/www.webdo.tn\/fr\/actualite\/national\/levee-de-l-immunite-de-13-magistrats-revoques-examen-reporte\/208778\/#primaryimage"},"thumbnailUrl":"https:\/\/www.webdo.tn\/fr\/wp-content\/uploads\/2023\/09\/8cfed60b51d7433dcf704a146a0868df.jpg","keywords":["juges","magistrats","r\u00e9voqu\u00e9s","Tunisie"],"articleSection":["National"],"inLanguage":"fr-FR"},{"@type":"WebPage","@id":"https:\/\/www.webdo.tn\/fr\/actualite\/national\/levee-de-l-immunite-de-13-magistrats-revoques-examen-reporte\/208778\/","url":"https:\/\/www.webdo.tn\/fr\/actualite\/national\/levee-de-l-immunite-de-13-magistrats-revoques-examen-reporte\/208778\/","name":"Lev\u00e9e de l\u2019immunit\u00e9 de 13 magistrats r\u00e9voqu\u00e9s : Examen report\u00e9","isPartOf":{"@id":"https:\/\/www.webdo.tn\/fr\/#website"},"primaryImageOfPage":{"@id":"https:\/\/www.webdo.tn\/fr\/actualite\/national\/levee-de-l-immunite-de-13-magistrats-revoques-examen-reporte\/208778\/#primaryimage"},"image":{"@id":"https:\/\/www.webdo.tn\/fr\/actualite\/national\/levee-de-l-immunite-de-13-magistrats-revoques-examen-reporte\/208778\/#primaryimage"},"thumbnailUrl":"https:\/\/www.webdo.tn\/fr\/wp-content\/uploads\/2023\/09\/8cfed60b51d7433dcf704a146a0868df.jpg","datePublished":"2023-09-19T19:08:00+00:00","dateModified":"2025-05-20T21:57:20+00:00","description":"L'examen de la demande de retrait de l'immunit\u00e9 de 13 juges r\u00e9voqu\u00e9s, a de nouveau \u00e9t\u00e9 report\u00e9, le Conseil sup\u00e9rieur provisoire de la magistrature, ne s'\u00e9tant p...","breadcrumb":{"@id":"https:\/\/www.webdo.tn\/fr\/actualite\/national\/levee-de-l-immunite-de-13-magistrats-revoques-examen-reporte\/208778\/#breadcrumb"},"inLanguage":"fr-FR","potentialAction":[{"@type":"ReadAction","target":["https:\/\/www.webdo.tn\/fr\/actualite\/national\/levee-de-l-immunite-de-13-magistrats-revoques-examen-reporte\/208778\/"]}]},{"@type":"ImageObject","inLanguage":"fr-FR","@id":"https:\/\/www.webdo.tn\/fr\/actualite\/national\/levee-de-l-immunite-de-13-magistrats-revoques-examen-reporte\/208778\/#primaryimage","url":"https:\/\/www.webdo.tn\/fr\/wp-content\/uploads\/2023\/09\/8cfed60b51d7433dcf704a146a0868df.jpg","contentUrl":"https:\/\/www.webdo.tn\/fr\/wp-content\/uploads\/2023\/09\/8cfed60b51d7433dcf704a146a0868df.jpg","width":750,"height":400,"caption":"Lev\u00e9e de l\u2019immunit\u00e9 de 13 magistrats r\u00e9voqu\u00e9s : Examen report\u00e9"},{"@type":"BreadcrumbList","@id":"https:\/\/www.webdo.tn\/fr\/actualite\/national\/levee-de-l-immunite-de-13-magistrats-revoques-examen-reporte\/208778\/#breadcrumb","itemListElement":[{"@type":"ListItem","position":1,"name":"Accueil","item":"https:\/\/www.webdo.tn\/fr\/"},{"@type":"ListItem","position":2,"name":"Lev\u00e9e de l\u2019immunit\u00e9 de 13 magistrats r\u00e9voqu\u00e9s : Examen report\u00e9"}]},{"@type":"WebSite","@id":"https:\/\/www.webdo.tn\/fr\/#website","url":"https:\/\/www.webdo.tn\/fr\/","name":"webdo","description":"Tunisie - News en Tunisie et \u00e0 l&#039;international sur Webdo.tn","publisher":{"@id":"https:\/\/www.webdo.tn\/fr\/#organization"},"potentialAction":[{"@type":"SearchAction","target":{"@type":"EntryPoint","urlTemplate":"https:\/\/www.webdo.tn\/fr\/?s={search_term_string}"},"query-input":{"@type":"PropertyValueSpecification","valueRequired":true,"valueName":"search_term_string"}}],"inLanguage":"fr-FR"},{"@type":"Organization","@id":"https:\/\/www.webdo.tn\/fr\/#organization","name":"Webdo","alternateName":"Webdo.tn","url":"https:\/\/www.webdo.tn\/fr\/","logo":{"@type":"ImageObject","inLanguage":"fr-FR","@id":"https:\/\/www.webdo.tn\/fr\/#\/schema\/logo\/image\/","url":"https:\/\/www.webdo.tn\/fr\/wp-content\/uploads\/2025\/06\/Webdo-Tunisie_168377.jpg","contentUrl":"https:\/\/www.webdo.tn\/fr\/wp-content\/uploads\/2025\/06\/Webdo-Tunisie_168377.jpg","width":301,"height":301,"caption":"Webdo"},"image":{"@id":"https:\/\/www.webdo.tn\/fr\/#\/schema\/logo\/image\/"},"sameAs":["https:\/\/www.facebook.com\/webdotn","https:\/\/x.com\/webdo_tn"],"description":"Webdo est un m\u00e9dia num\u00e9rique tunisien fond\u00e9 en 2010, sp\u00e9cialis\u00e9 dans l\u2019actualit\u00e9 nationale et internationale, l\u2019\u00e9conomie, la soci\u00e9t\u00e9 et les analyses politiques. Le site s\u2019adresse \u00e0 un large public francophone et couvre l\u2019information tunisienne en temps r\u00e9el.","email":"redac@webdo.tn","legalName":"YNJ SARL","foundingDate":"2010-09-06","numberOfEmployees":{"@type":"QuantitativeValue","minValue":"11","maxValue":"50"}},{"@type":"Person","@id":"https:\/\/www.webdo.tn\/fr\/#\/schema\/person\/2c4929cbf5a809e3bd38617c6ce150f6","name":"MC","image":{"@type":"ImageObject","inLanguage":"fr-FR","@id":"https:\/\/secure.gravatar.com\/avatar\/a545bbb6f84efdd5553dbbc2895e3ca8f1d12c5215e00a041c9670b54aa9b18a?s=96&d=mm&r=g","url":"https:\/\/secure.gravatar.com\/avatar\/a545bbb6f84efdd5553dbbc2895e3ca8f1d12c5215e00a041c9670b54aa9b18a?s=96&d=mm&r=g","contentUrl":"https:\/\/secure.gravatar.com\/avatar\/a545bbb6f84efdd5553dbbc2895e3ca8f1d12c5215e00a041c9670b54aa9b18a?s=96&d=mm&r=g","caption":"MC"},"url":"https:\/\/www.webdo.tn\/fr\/actualite\/author\/mc\/"}]}},"_links":{"self":[{"href":"https:\/\/www.webdo.tn\/fr\/wp-json\/wp\/v2\/posts\/208778","targetHints":{"allow":["GET"]}}],"collection":[{"href":"https:\/\/www.webdo.tn\/fr\/wp-json\/wp\/v2\/posts"}],"about":[{"href":"https:\/\/www.webdo.tn\/fr\/wp-json\/wp\/v2\/types\/post"}],"author":[{"embeddable":true,"href":"https:\/\/www.webdo.tn\/fr\/wp-json\/wp\/v2\/users\/3162"}],"replies":[{"embeddable":true,"href":"https:\/\/www.webdo.tn\/fr\/wp-json\/wp\/v2\/comments?post=208778"}],"version-history":[{"count":0,"href":"https:\/\/www.webdo.tn\/fr\/wp-json\/wp\/v2\/posts\/208778\/revisions"}],"wp:featuredmedia":[{"embeddable":true,"href":"https:\/\/www.webdo.tn\/fr\/wp-json\/wp\/v2\/media\/249276"}],"wp:attachment":[{"href":"https:\/\/www.webdo.tn\/fr\/wp-json\/wp\/v2\/media?parent=208778"}],"wp:term":[{"taxonomy":"category","embeddable":true,"href":"https:\/\/www.webdo.tn\/fr\/wp-json\/wp\/v2\/categories?post=208778"},{"taxonomy":"post_tag","embeddable":true,"href":"https:\/\/www.webdo.tn\/fr\/wp-json\/wp\/v2\/tags?post=208778"}],"curies":[{"name":"wp","href":"https:\/\/api.w.org\/{rel}","templated":true}]}}