{"id":208772,"date":"2023-09-19T14:10:00","date_gmt":"2023-09-19T14:10:00","guid":{"rendered":"https:\/\/www.webdo.tn\/fr\/blog\/prevue-demain-report-de-la-greve-des-medecins-dentistes-et-pharmaciens\/208772\/"},"modified":"2025-05-20T22:40:58","modified_gmt":"2025-05-20T22:40:58","slug":"prevue-demain-report-de-la-greve-des-medecins-dentistes-et-pharmaciens","status":"publish","type":"post","link":"https:\/\/www.webdo.tn\/fr\/actualite\/national\/prevue-demain-report-de-la-greve-des-medecins-dentistes-et-pharmaciens\/208772\/","title":{"rendered":"Pr\u00e9vue demain, report de la gr\u00e8ve des m\u00e9decins, dentistes et pharmaciens"},"content":{"rendered":"<p>Le syndicat national des m\u00e9decins, m\u00e9decins dentistes et pharmaciens de la sant\u00e9 publique, a d\u00e9cid\u00e9 de reporter la gr\u00e8ve, initialement pr\u00e9vue les 20 et 21 septembre courant, au 29 et 30 novembre 2023.<\/p>\n<p>\t\t\t\t\t\t\t\t\tSelon un communiqu\u00e9 rendu public, le syndicat a pr\u00e9cis\u00e9 que cette d\u00e9cision a \u00e9t\u00e9 prise au terme d&rsquo;une r\u00e9union tenue lundi ax\u00e9e sur l&rsquo;examen de la situation du secteur de la sant\u00e9 publique et le processus des n\u00e9gociations men\u00e9es avec le minist\u00e8re de la sant\u00e9.\u00a0<\/p>\n<p>Le syndicat a ajout\u00e9 que le report de la gr\u00e8ve intervient dans le cadre de la poursuite des n\u00e9gociations avec le minist\u00e8re de tutelle ainsi que la pr\u00e9sidence du gouvernement et le minist\u00e8re des finances concernant le nombre de revendications d\u00e9j\u00e0 pr\u00e9sent\u00e9es.<\/p>\n","protected":false},"excerpt":{"rendered":"<p>Le syndicat national des m\u00e9decins, m\u00e9decins dentistes et pharmaciens de la sant\u00e9 publique, a d\u00e9cid\u00e9 de reporter la gr\u00e8ve, initialement pr\u00e9vue les 20 et 21 septe&#8230;<\/p>\n","protected":false},"author":3175,"featured_media":249272,"comment_status":"open","ping_status":"closed","sticky":false,"template":"","format":"standard","meta":{"footnotes":""},"categories":[44],"tags":[2647,2701,2680,2608],"class_list":["post-208772","post","type-post","status-publish","format-standard","has-post-thumbnail","hentry","category-national","tag-greve","tag-medecins","tag-report","tag-tunisie"],"yoast_head":"<!-- This site is optimized with the Yoast SEO Premium plugin v27.5 (Yoast SEO v27.5) - https:\/\/yoast.com\/product\/yoast-seo-premium-wordpress\/ -->\n<title>Pr\u00e9vue demain, report de la gr\u00e8ve des m\u00e9decins, dentistes et pharmaciens<\/title>\n<meta name=\"description\" content=\"Le syndicat national des m\u00e9decins, m\u00e9decins dentistes et pharmaciens de la sant\u00e9 publique, a d\u00e9cid\u00e9 de reporter la gr\u00e8ve, initialement pr\u00e9vue les 20 et 21 septe...\" \/>\n<link rel=\"canonical\" href=\"https:\/\/www.webdo.tn\/fr\/actualite\/national\/prevue-demain-report-de-la-greve-des-medecins-dentistes-et-pharmaciens\/208772\/\" \/>\n<meta property=\"og:locale\" content=\"fr_FR\" \/>\n<meta property=\"og:type\" content=\"article\" \/>\n<meta property=\"og:title\" content=\"Pr\u00e9vue demain, report de la gr\u00e8ve des m\u00e9decins, dentistes et pharmaciens\" \/>\n<meta property=\"og:description\" content=\"Le syndicat national des m\u00e9decins, m\u00e9decins dentistes et pharmaciens de la sant\u00e9 publique, a d\u00e9cid\u00e9 de reporter la gr\u00e8ve, initialement pr\u00e9vue les 20 et 21 septe...\" \/>\n<meta property=\"og:url\" content=\"https:\/\/www.webdo.tn\/fr\/actualite\/national\/prevue-demain-report-de-la-greve-des-medecins-dentistes-et-pharmaciens\/208772\/\" \/>\n<meta property=\"og:site_name\" content=\"webdo\" \/>\n<meta property=\"article:publisher\" content=\"https:\/\/www.facebook.com\/webdotn\" \/>\n<meta property=\"article:published_time\" content=\"2023-09-19T14:10:00+00:00\" \/>\n<meta property=\"article:modified_time\" content=\"2025-05-20T22:40:58+00:00\" \/>\n<meta property=\"og:image\" content=\"https:\/\/www.webdo.tn\/fr\/wp-content\/uploads\/2023\/09\/81246c63ade1906ca760b2a2c08c0282.jpg\" \/>\n\t<meta property=\"og:image:width\" content=\"703\" \/>\n\t<meta property=\"og:image:height\" content=\"375\" \/>\n\t<meta property=\"og:image:type\" content=\"image\/jpeg\" \/>\n<meta name=\"author\" content=\"CL\" \/>\n<meta name=\"twitter:card\" content=\"summary_large_image\" \/>\n<meta name=\"twitter:creator\" content=\"@webdo_tn\" \/>\n<meta name=\"twitter:site\" content=\"@webdo_tn\" \/>\n<meta name=\"twitter:label1\" content=\"\u00c9crit par\" \/>\n\t<meta name=\"twitter:data1\" content=\"CL\" \/>\n\t<meta name=\"twitter:label2\" content=\"Dur\u00e9e de lecture estim\u00e9e\" \/>\n\t<meta name=\"twitter:data2\" content=\"1 minute\" \/>\n<script type=\"application\/ld+json\" class=\"yoast-schema-graph\">{\"@context\":\"https:\\\/\\\/schema.org\",\"@graph\":[{\"@type\":\"NewsArticle\",\"@id\":\"https:\\\/\\\/www.webdo.tn\\\/fr\\\/actualite\\\/national\\\/prevue-demain-report-de-la-greve-des-medecins-dentistes-et-pharmaciens\\\/208772\\\/#article\",\"isPartOf\":{\"@id\":\"https:\\\/\\\/www.webdo.tn\\\/fr\\\/actualite\\\/national\\\/prevue-demain-report-de-la-greve-des-medecins-dentistes-et-pharmaciens\\\/208772\\\/\"},\"author\":{\"name\":\"CL\",\"@id\":\"https:\\\/\\\/www.webdo.tn\\\/fr\\\/#\\\/schema\\\/person\\\/f35b42a42c5e2511bbd282959d6385cc\"},\"headline\":\"Pr\u00e9vue demain, report de la gr\u00e8ve des m\u00e9decins, dentistes et pharmaciens\",\"datePublished\":\"2023-09-19T14:10:00+00:00\",\"dateModified\":\"2025-05-20T22:40:58+00:00\",\"mainEntityOfPage\":{\"@id\":\"https:\\\/\\\/www.webdo.tn\\\/fr\\\/actualite\\\/national\\\/prevue-demain-report-de-la-greve-des-medecins-dentistes-et-pharmaciens\\\/208772\\\/\"},\"wordCount\":151,\"commentCount\":0,\"publisher\":{\"@id\":\"https:\\\/\\\/www.webdo.tn\\\/fr\\\/#organization\"},\"image\":{\"@id\":\"https:\\\/\\\/www.webdo.tn\\\/fr\\\/actualite\\\/national\\\/prevue-demain-report-de-la-greve-des-medecins-dentistes-et-pharmaciens\\\/208772\\\/#primaryimage\"},\"thumbnailUrl\":\"https:\\\/\\\/www.webdo.tn\\\/fr\\\/wp-content\\\/uploads\\\/2023\\\/09\\\/81246c63ade1906ca760b2a2c08c0282.jpg\",\"keywords\":[\"Gr\u00e8ve\",\"m\u00e9decins\",\"report\",\"Tunisie\"],\"articleSection\":[\"National\"],\"inLanguage\":\"fr-FR\"},{\"@type\":\"WebPage\",\"@id\":\"https:\\\/\\\/www.webdo.tn\\\/fr\\\/actualite\\\/national\\\/prevue-demain-report-de-la-greve-des-medecins-dentistes-et-pharmaciens\\\/208772\\\/\",\"url\":\"https:\\\/\\\/www.webdo.tn\\\/fr\\\/actualite\\\/national\\\/prevue-demain-report-de-la-greve-des-medecins-dentistes-et-pharmaciens\\\/208772\\\/\",\"name\":\"Pr\u00e9vue demain, report de la gr\u00e8ve des m\u00e9decins, dentistes et pharmaciens\",\"isPartOf\":{\"@id\":\"https:\\\/\\\/www.webdo.tn\\\/fr\\\/#website\"},\"primaryImageOfPage\":{\"@id\":\"https:\\\/\\\/www.webdo.tn\\\/fr\\\/actualite\\\/national\\\/prevue-demain-report-de-la-greve-des-medecins-dentistes-et-pharmaciens\\\/208772\\\/#primaryimage\"},\"image\":{\"@id\":\"https:\\\/\\\/www.webdo.tn\\\/fr\\\/actualite\\\/national\\\/prevue-demain-report-de-la-greve-des-medecins-dentistes-et-pharmaciens\\\/208772\\\/#primaryimage\"},\"thumbnailUrl\":\"https:\\\/\\\/www.webdo.tn\\\/fr\\\/wp-content\\\/uploads\\\/2023\\\/09\\\/81246c63ade1906ca760b2a2c08c0282.jpg\",\"datePublished\":\"2023-09-19T14:10:00+00:00\",\"dateModified\":\"2025-05-20T22:40:58+00:00\",\"description\":\"Le syndicat national des m\u00e9decins, m\u00e9decins dentistes et pharmaciens de la sant\u00e9 publique, a d\u00e9cid\u00e9 de reporter la gr\u00e8ve, initialement pr\u00e9vue les 20 et 21 septe...\",\"breadcrumb\":{\"@id\":\"https:\\\/\\\/www.webdo.tn\\\/fr\\\/actualite\\\/national\\\/prevue-demain-report-de-la-greve-des-medecins-dentistes-et-pharmaciens\\\/208772\\\/#breadcrumb\"},\"inLanguage\":\"fr-FR\",\"potentialAction\":[{\"@type\":\"ReadAction\",\"target\":[\"https:\\\/\\\/www.webdo.tn\\\/fr\\\/actualite\\\/national\\\/prevue-demain-report-de-la-greve-des-medecins-dentistes-et-pharmaciens\\\/208772\\\/\"]}]},{\"@type\":\"ImageObject\",\"inLanguage\":\"fr-FR\",\"@id\":\"https:\\\/\\\/www.webdo.tn\\\/fr\\\/actualite\\\/national\\\/prevue-demain-report-de-la-greve-des-medecins-dentistes-et-pharmaciens\\\/208772\\\/#primaryimage\",\"url\":\"https:\\\/\\\/www.webdo.tn\\\/fr\\\/wp-content\\\/uploads\\\/2023\\\/09\\\/81246c63ade1906ca760b2a2c08c0282.jpg\",\"contentUrl\":\"https:\\\/\\\/www.webdo.tn\\\/fr\\\/wp-content\\\/uploads\\\/2023\\\/09\\\/81246c63ade1906ca760b2a2c08c0282.jpg\",\"width\":703,\"height\":375,\"caption\":\"Pr\u00e9vue demain, report de la gr\u00e8ve des m\u00e9decins, dentistes et pharmaciens\"},{\"@type\":\"BreadcrumbList\",\"@id\":\"https:\\\/\\\/www.webdo.tn\\\/fr\\\/actualite\\\/national\\\/prevue-demain-report-de-la-greve-des-medecins-dentistes-et-pharmaciens\\\/208772\\\/#breadcrumb\",\"itemListElement\":[{\"@type\":\"ListItem\",\"position\":1,\"name\":\"Accueil\",\"item\":\"https:\\\/\\\/www.webdo.tn\\\/fr\\\/\"},{\"@type\":\"ListItem\",\"position\":2,\"name\":\"Pr\u00e9vue demain, report de la gr\u00e8ve des m\u00e9decins, dentistes et pharmaciens\"}]},{\"@type\":\"WebSite\",\"@id\":\"https:\\\/\\\/www.webdo.tn\\\/fr\\\/#website\",\"url\":\"https:\\\/\\\/www.webdo.tn\\\/fr\\\/\",\"name\":\"webdo\",\"description\":\"Tunisie - News en Tunisie et \u00e0 l&#039;international sur Webdo.tn\",\"publisher\":{\"@id\":\"https:\\\/\\\/www.webdo.tn\\\/fr\\\/#organization\"},\"potentialAction\":[{\"@type\":\"SearchAction\",\"target\":{\"@type\":\"EntryPoint\",\"urlTemplate\":\"https:\\\/\\\/www.webdo.tn\\\/fr\\\/?s={search_term_string}\"},\"query-input\":{\"@type\":\"PropertyValueSpecification\",\"valueRequired\":true,\"valueName\":\"search_term_string\"}}],\"inLanguage\":\"fr-FR\"},{\"@type\":\"Organization\",\"@id\":\"https:\\\/\\\/www.webdo.tn\\\/fr\\\/#organization\",\"name\":\"Webdo\",\"alternateName\":\"Webdo.tn\",\"url\":\"https:\\\/\\\/www.webdo.tn\\\/fr\\\/\",\"logo\":{\"@type\":\"ImageObject\",\"inLanguage\":\"fr-FR\",\"@id\":\"https:\\\/\\\/www.webdo.tn\\\/fr\\\/#\\\/schema\\\/logo\\\/image\\\/\",\"url\":\"https:\\\/\\\/www.webdo.tn\\\/fr\\\/wp-content\\\/uploads\\\/2025\\\/06\\\/Webdo-Tunisie_168377.jpg\",\"contentUrl\":\"https:\\\/\\\/www.webdo.tn\\\/fr\\\/wp-content\\\/uploads\\\/2025\\\/06\\\/Webdo-Tunisie_168377.jpg\",\"width\":301,\"height\":301,\"caption\":\"Webdo\"},\"image\":{\"@id\":\"https:\\\/\\\/www.webdo.tn\\\/fr\\\/#\\\/schema\\\/logo\\\/image\\\/\"},\"sameAs\":[\"https:\\\/\\\/www.facebook.com\\\/webdotn\",\"https:\\\/\\\/x.com\\\/webdo_tn\"],\"description\":\"Webdo est un m\u00e9dia num\u00e9rique tunisien fond\u00e9 en 2010, sp\u00e9cialis\u00e9 dans l\u2019actualit\u00e9 nationale et internationale, l\u2019\u00e9conomie, la soci\u00e9t\u00e9 et les analyses politiques. Le site s\u2019adresse \u00e0 un large public francophone et couvre l\u2019information tunisienne en temps r\u00e9el.\",\"email\":\"redac@webdo.tn\",\"legalName\":\"YNJ SARL\",\"foundingDate\":\"2010-09-06\",\"numberOfEmployees\":{\"@type\":\"QuantitativeValue\",\"minValue\":\"11\",\"maxValue\":\"50\"}},{\"@type\":\"Person\",\"@id\":\"https:\\\/\\\/www.webdo.tn\\\/fr\\\/#\\\/schema\\\/person\\\/f35b42a42c5e2511bbd282959d6385cc\",\"name\":\"CL\",\"image\":{\"@type\":\"ImageObject\",\"inLanguage\":\"fr-FR\",\"@id\":\"https:\\\/\\\/secure.gravatar.com\\\/avatar\\\/1447a49909b67aa657c488aec6512e1dd6143a480c1ecfee9b5b5cd74eb3b59e?s=96&d=mm&r=g\",\"url\":\"https:\\\/\\\/secure.gravatar.com\\\/avatar\\\/1447a49909b67aa657c488aec6512e1dd6143a480c1ecfee9b5b5cd74eb3b59e?s=96&d=mm&r=g\",\"contentUrl\":\"https:\\\/\\\/secure.gravatar.com\\\/avatar\\\/1447a49909b67aa657c488aec6512e1dd6143a480c1ecfee9b5b5cd74eb3b59e?s=96&d=mm&r=g\",\"caption\":\"CL\"},\"url\":\"https:\\\/\\\/www.webdo.tn\\\/fr\\\/actualite\\\/author\\\/cl\\\/\"}]}<\/script>\n<!-- \/ Yoast SEO Premium plugin. -->","yoast_head_json":{"title":"Pr\u00e9vue demain, report de la gr\u00e8ve des m\u00e9decins, dentistes et pharmaciens","description":"Le syndicat national des m\u00e9decins, m\u00e9decins dentistes et pharmaciens de la sant\u00e9 publique, a d\u00e9cid\u00e9 de reporter la gr\u00e8ve, initialement pr\u00e9vue les 20 et 21 septe...","canonical":"https:\/\/www.webdo.tn\/fr\/actualite\/national\/prevue-demain-report-de-la-greve-des-medecins-dentistes-et-pharmaciens\/208772\/","og_locale":"fr_FR","og_type":"article","og_title":"Pr\u00e9vue demain, report de la gr\u00e8ve des m\u00e9decins, dentistes et pharmaciens","og_description":"Le syndicat national des m\u00e9decins, m\u00e9decins dentistes et pharmaciens de la sant\u00e9 publique, a d\u00e9cid\u00e9 de reporter la gr\u00e8ve, initialement pr\u00e9vue les 20 et 21 septe...","og_url":"https:\/\/www.webdo.tn\/fr\/actualite\/national\/prevue-demain-report-de-la-greve-des-medecins-dentistes-et-pharmaciens\/208772\/","og_site_name":"webdo","article_publisher":"https:\/\/www.facebook.com\/webdotn","article_published_time":"2023-09-19T14:10:00+00:00","article_modified_time":"2025-05-20T22:40:58+00:00","og_image":[{"width":703,"height":375,"url":"https:\/\/www.webdo.tn\/fr\/wp-content\/uploads\/2023\/09\/81246c63ade1906ca760b2a2c08c0282.jpg","type":"image\/jpeg"}],"author":"CL","twitter_card":"summary_large_image","twitter_creator":"@webdo_tn","twitter_site":"@webdo_tn","twitter_misc":{"\u00c9crit par":"CL","Dur\u00e9e de lecture estim\u00e9e":"1 minute"},"schema":{"@context":"https:\/\/schema.org","@graph":[{"@type":"NewsArticle","@id":"https:\/\/www.webdo.tn\/fr\/actualite\/national\/prevue-demain-report-de-la-greve-des-medecins-dentistes-et-pharmaciens\/208772\/#article","isPartOf":{"@id":"https:\/\/www.webdo.tn\/fr\/actualite\/national\/prevue-demain-report-de-la-greve-des-medecins-dentistes-et-pharmaciens\/208772\/"},"author":{"name":"CL","@id":"https:\/\/www.webdo.tn\/fr\/#\/schema\/person\/f35b42a42c5e2511bbd282959d6385cc"},"headline":"Pr\u00e9vue demain, report de la gr\u00e8ve des m\u00e9decins, dentistes et pharmaciens","datePublished":"2023-09-19T14:10:00+00:00","dateModified":"2025-05-20T22:40:58+00:00","mainEntityOfPage":{"@id":"https:\/\/www.webdo.tn\/fr\/actualite\/national\/prevue-demain-report-de-la-greve-des-medecins-dentistes-et-pharmaciens\/208772\/"},"wordCount":151,"commentCount":0,"publisher":{"@id":"https:\/\/www.webdo.tn\/fr\/#organization"},"image":{"@id":"https:\/\/www.webdo.tn\/fr\/actualite\/national\/prevue-demain-report-de-la-greve-des-medecins-dentistes-et-pharmaciens\/208772\/#primaryimage"},"thumbnailUrl":"https:\/\/www.webdo.tn\/fr\/wp-content\/uploads\/2023\/09\/81246c63ade1906ca760b2a2c08c0282.jpg","keywords":["Gr\u00e8ve","m\u00e9decins","report","Tunisie"],"articleSection":["National"],"inLanguage":"fr-FR"},{"@type":"WebPage","@id":"https:\/\/www.webdo.tn\/fr\/actualite\/national\/prevue-demain-report-de-la-greve-des-medecins-dentistes-et-pharmaciens\/208772\/","url":"https:\/\/www.webdo.tn\/fr\/actualite\/national\/prevue-demain-report-de-la-greve-des-medecins-dentistes-et-pharmaciens\/208772\/","name":"Pr\u00e9vue demain, report de la gr\u00e8ve des m\u00e9decins, dentistes et pharmaciens","isPartOf":{"@id":"https:\/\/www.webdo.tn\/fr\/#website"},"primaryImageOfPage":{"@id":"https:\/\/www.webdo.tn\/fr\/actualite\/national\/prevue-demain-report-de-la-greve-des-medecins-dentistes-et-pharmaciens\/208772\/#primaryimage"},"image":{"@id":"https:\/\/www.webdo.tn\/fr\/actualite\/national\/prevue-demain-report-de-la-greve-des-medecins-dentistes-et-pharmaciens\/208772\/#primaryimage"},"thumbnailUrl":"https:\/\/www.webdo.tn\/fr\/wp-content\/uploads\/2023\/09\/81246c63ade1906ca760b2a2c08c0282.jpg","datePublished":"2023-09-19T14:10:00+00:00","dateModified":"2025-05-20T22:40:58+00:00","description":"Le syndicat national des m\u00e9decins, m\u00e9decins dentistes et pharmaciens de la sant\u00e9 publique, a d\u00e9cid\u00e9 de reporter la gr\u00e8ve, initialement pr\u00e9vue les 20 et 21 septe...","breadcrumb":{"@id":"https:\/\/www.webdo.tn\/fr\/actualite\/national\/prevue-demain-report-de-la-greve-des-medecins-dentistes-et-pharmaciens\/208772\/#breadcrumb"},"inLanguage":"fr-FR","potentialAction":[{"@type":"ReadAction","target":["https:\/\/www.webdo.tn\/fr\/actualite\/national\/prevue-demain-report-de-la-greve-des-medecins-dentistes-et-pharmaciens\/208772\/"]}]},{"@type":"ImageObject","inLanguage":"fr-FR","@id":"https:\/\/www.webdo.tn\/fr\/actualite\/national\/prevue-demain-report-de-la-greve-des-medecins-dentistes-et-pharmaciens\/208772\/#primaryimage","url":"https:\/\/www.webdo.tn\/fr\/wp-content\/uploads\/2023\/09\/81246c63ade1906ca760b2a2c08c0282.jpg","contentUrl":"https:\/\/www.webdo.tn\/fr\/wp-content\/uploads\/2023\/09\/81246c63ade1906ca760b2a2c08c0282.jpg","width":703,"height":375,"caption":"Pr\u00e9vue demain, report de la gr\u00e8ve des m\u00e9decins, dentistes et pharmaciens"},{"@type":"BreadcrumbList","@id":"https:\/\/www.webdo.tn\/fr\/actualite\/national\/prevue-demain-report-de-la-greve-des-medecins-dentistes-et-pharmaciens\/208772\/#breadcrumb","itemListElement":[{"@type":"ListItem","position":1,"name":"Accueil","item":"https:\/\/www.webdo.tn\/fr\/"},{"@type":"ListItem","position":2,"name":"Pr\u00e9vue demain, report de la gr\u00e8ve des m\u00e9decins, dentistes et pharmaciens"}]},{"@type":"WebSite","@id":"https:\/\/www.webdo.tn\/fr\/#website","url":"https:\/\/www.webdo.tn\/fr\/","name":"webdo","description":"Tunisie - News en Tunisie et \u00e0 l&#039;international sur Webdo.tn","publisher":{"@id":"https:\/\/www.webdo.tn\/fr\/#organization"},"potentialAction":[{"@type":"SearchAction","target":{"@type":"EntryPoint","urlTemplate":"https:\/\/www.webdo.tn\/fr\/?s={search_term_string}"},"query-input":{"@type":"PropertyValueSpecification","valueRequired":true,"valueName":"search_term_string"}}],"inLanguage":"fr-FR"},{"@type":"Organization","@id":"https:\/\/www.webdo.tn\/fr\/#organization","name":"Webdo","alternateName":"Webdo.tn","url":"https:\/\/www.webdo.tn\/fr\/","logo":{"@type":"ImageObject","inLanguage":"fr-FR","@id":"https:\/\/www.webdo.tn\/fr\/#\/schema\/logo\/image\/","url":"https:\/\/www.webdo.tn\/fr\/wp-content\/uploads\/2025\/06\/Webdo-Tunisie_168377.jpg","contentUrl":"https:\/\/www.webdo.tn\/fr\/wp-content\/uploads\/2025\/06\/Webdo-Tunisie_168377.jpg","width":301,"height":301,"caption":"Webdo"},"image":{"@id":"https:\/\/www.webdo.tn\/fr\/#\/schema\/logo\/image\/"},"sameAs":["https:\/\/www.facebook.com\/webdotn","https:\/\/x.com\/webdo_tn"],"description":"Webdo est un m\u00e9dia num\u00e9rique tunisien fond\u00e9 en 2010, sp\u00e9cialis\u00e9 dans l\u2019actualit\u00e9 nationale et internationale, l\u2019\u00e9conomie, la soci\u00e9t\u00e9 et les analyses politiques. Le site s\u2019adresse \u00e0 un large public francophone et couvre l\u2019information tunisienne en temps r\u00e9el.","email":"redac@webdo.tn","legalName":"YNJ SARL","foundingDate":"2010-09-06","numberOfEmployees":{"@type":"QuantitativeValue","minValue":"11","maxValue":"50"}},{"@type":"Person","@id":"https:\/\/www.webdo.tn\/fr\/#\/schema\/person\/f35b42a42c5e2511bbd282959d6385cc","name":"CL","image":{"@type":"ImageObject","inLanguage":"fr-FR","@id":"https:\/\/secure.gravatar.com\/avatar\/1447a49909b67aa657c488aec6512e1dd6143a480c1ecfee9b5b5cd74eb3b59e?s=96&d=mm&r=g","url":"https:\/\/secure.gravatar.com\/avatar\/1447a49909b67aa657c488aec6512e1dd6143a480c1ecfee9b5b5cd74eb3b59e?s=96&d=mm&r=g","contentUrl":"https:\/\/secure.gravatar.com\/avatar\/1447a49909b67aa657c488aec6512e1dd6143a480c1ecfee9b5b5cd74eb3b59e?s=96&d=mm&r=g","caption":"CL"},"url":"https:\/\/www.webdo.tn\/fr\/actualite\/author\/cl\/"}]}},"_links":{"self":[{"href":"https:\/\/www.webdo.tn\/fr\/wp-json\/wp\/v2\/posts\/208772","targetHints":{"allow":["GET"]}}],"collection":[{"href":"https:\/\/www.webdo.tn\/fr\/wp-json\/wp\/v2\/posts"}],"about":[{"href":"https:\/\/www.webdo.tn\/fr\/wp-json\/wp\/v2\/types\/post"}],"author":[{"embeddable":true,"href":"https:\/\/www.webdo.tn\/fr\/wp-json\/wp\/v2\/users\/3175"}],"replies":[{"embeddable":true,"href":"https:\/\/www.webdo.tn\/fr\/wp-json\/wp\/v2\/comments?post=208772"}],"version-history":[{"count":0,"href":"https:\/\/www.webdo.tn\/fr\/wp-json\/wp\/v2\/posts\/208772\/revisions"}],"wp:featuredmedia":[{"embeddable":true,"href":"https:\/\/www.webdo.tn\/fr\/wp-json\/wp\/v2\/media\/249272"}],"wp:attachment":[{"href":"https:\/\/www.webdo.tn\/fr\/wp-json\/wp\/v2\/media?parent=208772"}],"wp:term":[{"taxonomy":"category","embeddable":true,"href":"https:\/\/www.webdo.tn\/fr\/wp-json\/wp\/v2\/categories?post=208772"},{"taxonomy":"post_tag","embeddable":true,"href":"https:\/\/www.webdo.tn\/fr\/wp-json\/wp\/v2\/tags?post=208772"}],"curies":[{"name":"wp","href":"https:\/\/api.w.org\/{rel}","templated":true}]}}