{"id":208770,"date":"2023-09-19T13:14:00","date_gmt":"2023-09-19T13:14:00","guid":{"rendered":"https:\/\/www.webdo.tn\/fr\/blog\/nommer-la-tempete-daniel-temoigne-de-l-influence-du-mouvement-sioniste-selon-saied\/208770\/"},"modified":"2025-05-20T22:51:50","modified_gmt":"2025-05-20T22:51:50","slug":"nommer-la-tempete-daniel-temoigne-de-l-influence-du-mouvement-sioniste-selon-saied","status":"publish","type":"post","link":"https:\/\/www.webdo.tn\/fr\/actualite\/national\/nommer-la-tempete-daniel-temoigne-de-l-influence-du-mouvement-sioniste-selon-saied\/208770\/","title":{"rendered":"Nommer la temp\u00eate \u00abDaniel\u00bb, t\u00e9moigne de l\u2019influence du \u00abmouvement sioniste\u00bb, selon Saied"},"content":{"rendered":"<p>Le chef de l\u2019Etat a pr\u00e9sid\u00e9 hier lundi 18 septembre deux conseils minist\u00e9riels restreints dans lesquels il a \u00e9voqu\u00e9 plusieurs questions, dont la temp\u00eate Daniel qui a frapp\u00e9 l\u2019est de la Libye.<\/p>\n<p>\t\t\t\t\t\t\t\t\t\u00ab N&rsquo;ont-ils pas r\u00e9fl\u00e9chi \u00e0 la signification du nom Daniel ? C&rsquo;est un proph\u00e8te h\u00e9breu !\u00bb, s\u2019est insurg\u00e9 le chef d\u2019\u00c9tat. \u00abCela d\u00e9montre que le mouvement sioniste a infiltr\u00e9 et alt\u00e9r\u00e9 compl\u00e8tement la pens\u00e9e intellectuelle, la faisant passer \u00e0 un \u00e9tat de coma intellectuel total\u2026 de Daniel \u00e0 Abraham\u00bb, a continu\u00e9 le pr\u00e9sident.<\/p>\n<p>Le quotidien La Figaro est revenu sur cette affaire estimant qu\u2019il s\u2019agit d\u2019un \u00ab nouveau d\u00e9rapage du pr\u00e9sident de la R\u00e9publique Kais Saied \u00bb.\u00a0<\/p>\n<p>La d\u00e9nomination des temp\u00eates d\u00e9pend aujourd\u2019hui d\u2019une liste de noms f\u00e9minins ou masculins rang\u00e9s alphab\u00e9tiquement. Des cycles sur six ans ont \u00e9t\u00e9 \u00e9tablis, pr\u00e9voyant 21 noms courants de A \u00e0 W, \u00e0 l\u2019exception du Q et du U &#8211; plut\u00f4t pauvres en pr\u00e9noms, explique La Figaro.<\/p>\n","protected":false},"excerpt":{"rendered":"<p>Le chef de l\u2019Etat a pr\u00e9sid\u00e9 hier lundi 18 septembre deux conseils minist\u00e9riels restreints dans lesquels il a \u00e9voqu\u00e9 plusieurs questions, dont la temp\u00eate Daniel&#8230;<\/p>\n","protected":false},"author":3175,"featured_media":289627,"comment_status":"open","ping_status":"closed","sticky":false,"template":"","format":"standard","meta":{"footnotes":""},"categories":[44],"tags":[2614,2608],"class_list":["post-208770","post","type-post","status-publish","format-standard","has-post-thumbnail","hentry","category-national","tag-kais-saied","tag-tunisie"],"yoast_head":"<!-- This site is optimized with the Yoast SEO Premium plugin v27.5 (Yoast SEO v27.5) - https:\/\/yoast.com\/product\/yoast-seo-premium-wordpress\/ -->\n<title>Nommer la temp\u00eate \u00abDaniel\u00bb, t\u00e9moigne de l\u2019influence du \u00abmouvement sioniste\u00bb, selon Saied<\/title>\n<meta name=\"description\" content=\"Le chef de l\u2019Etat a pr\u00e9sid\u00e9 hier lundi 18 septembre deux conseils minist\u00e9riels restreints dans lesquels il a \u00e9voqu\u00e9 plusieurs questions, dont la temp\u00eate Daniel...\" \/>\n<link rel=\"canonical\" href=\"https:\/\/www.webdo.tn\/fr\/actualite\/national\/nommer-la-tempete-daniel-temoigne-de-l-influence-du-mouvement-sioniste-selon-saied\/208770\/\" \/>\n<meta property=\"og:locale\" content=\"fr_FR\" \/>\n<meta property=\"og:type\" content=\"article\" \/>\n<meta property=\"og:title\" content=\"Nommer la temp\u00eate \u00abDaniel\u00bb, t\u00e9moigne de l\u2019influence du \u00abmouvement sioniste\u00bb, selon Saied\" \/>\n<meta property=\"og:description\" content=\"Le chef de l\u2019Etat a pr\u00e9sid\u00e9 hier lundi 18 septembre deux conseils minist\u00e9riels restreints dans lesquels il a \u00e9voqu\u00e9 plusieurs questions, dont la temp\u00eate Daniel...\" \/>\n<meta property=\"og:url\" content=\"https:\/\/www.webdo.tn\/fr\/actualite\/national\/nommer-la-tempete-daniel-temoigne-de-l-influence-du-mouvement-sioniste-selon-saied\/208770\/\" \/>\n<meta property=\"og:site_name\" content=\"webdo\" \/>\n<meta property=\"article:publisher\" content=\"https:\/\/www.facebook.com\/webdotn\" \/>\n<meta property=\"article:published_time\" content=\"2023-09-19T13:14:00+00:00\" \/>\n<meta property=\"article:modified_time\" content=\"2025-05-20T22:51:50+00:00\" \/>\n<meta property=\"og:image\" content=\"https:\/\/www.webdo.tn\/fr\/wp-content\/uploads\/2023\/09\/723e4d6760c46b794d8ca3b19f5dad20.jpg\" \/>\n\t<meta property=\"og:image:width\" content=\"750\" \/>\n\t<meta property=\"og:image:height\" content=\"400\" \/>\n\t<meta property=\"og:image:type\" content=\"image\/jpeg\" \/>\n<meta name=\"author\" content=\"CL\" \/>\n<meta name=\"twitter:card\" content=\"summary_large_image\" \/>\n<meta name=\"twitter:creator\" content=\"@webdo_tn\" \/>\n<meta name=\"twitter:site\" content=\"@webdo_tn\" \/>\n<meta name=\"twitter:label1\" content=\"\u00c9crit par\" \/>\n\t<meta name=\"twitter:data1\" content=\"CL\" \/>\n\t<meta name=\"twitter:label2\" content=\"Dur\u00e9e de lecture estim\u00e9e\" \/>\n\t<meta name=\"twitter:data2\" content=\"1 minute\" \/>\n<script type=\"application\/ld+json\" class=\"yoast-schema-graph\">{\"@context\":\"https:\\\/\\\/schema.org\",\"@graph\":[{\"@type\":\"NewsArticle\",\"@id\":\"https:\\\/\\\/www.webdo.tn\\\/fr\\\/actualite\\\/national\\\/nommer-la-tempete-daniel-temoigne-de-l-influence-du-mouvement-sioniste-selon-saied\\\/208770\\\/#article\",\"isPartOf\":{\"@id\":\"https:\\\/\\\/www.webdo.tn\\\/fr\\\/actualite\\\/national\\\/nommer-la-tempete-daniel-temoigne-de-l-influence-du-mouvement-sioniste-selon-saied\\\/208770\\\/\"},\"author\":{\"name\":\"CL\",\"@id\":\"https:\\\/\\\/www.webdo.tn\\\/fr\\\/#\\\/schema\\\/person\\\/f35b42a42c5e2511bbd282959d6385cc\"},\"headline\":\"Nommer la temp\u00eate \u00abDaniel\u00bb, t\u00e9moigne de l\u2019influence du \u00abmouvement sioniste\u00bb, selon Saied\",\"datePublished\":\"2023-09-19T13:14:00+00:00\",\"dateModified\":\"2025-05-20T22:51:50+00:00\",\"mainEntityOfPage\":{\"@id\":\"https:\\\/\\\/www.webdo.tn\\\/fr\\\/actualite\\\/national\\\/nommer-la-tempete-daniel-temoigne-de-l-influence-du-mouvement-sioniste-selon-saied\\\/208770\\\/\"},\"wordCount\":194,\"commentCount\":0,\"publisher\":{\"@id\":\"https:\\\/\\\/www.webdo.tn\\\/fr\\\/#organization\"},\"image\":{\"@id\":\"https:\\\/\\\/www.webdo.tn\\\/fr\\\/actualite\\\/national\\\/nommer-la-tempete-daniel-temoigne-de-l-influence-du-mouvement-sioniste-selon-saied\\\/208770\\\/#primaryimage\"},\"thumbnailUrl\":\"https:\\\/\\\/www.webdo.tn\\\/fr\\\/wp-content\\\/uploads\\\/2023\\\/09\\\/723e4d6760c46b794d8ca3b19f5dad20.jpg\",\"keywords\":[\"Kais Saied\",\"Tunisie\"],\"articleSection\":[\"National\"],\"inLanguage\":\"fr-FR\"},{\"@type\":\"WebPage\",\"@id\":\"https:\\\/\\\/www.webdo.tn\\\/fr\\\/actualite\\\/national\\\/nommer-la-tempete-daniel-temoigne-de-l-influence-du-mouvement-sioniste-selon-saied\\\/208770\\\/\",\"url\":\"https:\\\/\\\/www.webdo.tn\\\/fr\\\/actualite\\\/national\\\/nommer-la-tempete-daniel-temoigne-de-l-influence-du-mouvement-sioniste-selon-saied\\\/208770\\\/\",\"name\":\"Nommer la temp\u00eate \u00abDaniel\u00bb, t\u00e9moigne de l\u2019influence du \u00abmouvement sioniste\u00bb, selon Saied\",\"isPartOf\":{\"@id\":\"https:\\\/\\\/www.webdo.tn\\\/fr\\\/#website\"},\"primaryImageOfPage\":{\"@id\":\"https:\\\/\\\/www.webdo.tn\\\/fr\\\/actualite\\\/national\\\/nommer-la-tempete-daniel-temoigne-de-l-influence-du-mouvement-sioniste-selon-saied\\\/208770\\\/#primaryimage\"},\"image\":{\"@id\":\"https:\\\/\\\/www.webdo.tn\\\/fr\\\/actualite\\\/national\\\/nommer-la-tempete-daniel-temoigne-de-l-influence-du-mouvement-sioniste-selon-saied\\\/208770\\\/#primaryimage\"},\"thumbnailUrl\":\"https:\\\/\\\/www.webdo.tn\\\/fr\\\/wp-content\\\/uploads\\\/2023\\\/09\\\/723e4d6760c46b794d8ca3b19f5dad20.jpg\",\"datePublished\":\"2023-09-19T13:14:00+00:00\",\"dateModified\":\"2025-05-20T22:51:50+00:00\",\"description\":\"Le chef de l\u2019Etat a pr\u00e9sid\u00e9 hier lundi 18 septembre deux conseils minist\u00e9riels restreints dans lesquels il a \u00e9voqu\u00e9 plusieurs questions, dont la temp\u00eate Daniel...\",\"breadcrumb\":{\"@id\":\"https:\\\/\\\/www.webdo.tn\\\/fr\\\/actualite\\\/national\\\/nommer-la-tempete-daniel-temoigne-de-l-influence-du-mouvement-sioniste-selon-saied\\\/208770\\\/#breadcrumb\"},\"inLanguage\":\"fr-FR\",\"potentialAction\":[{\"@type\":\"ReadAction\",\"target\":[\"https:\\\/\\\/www.webdo.tn\\\/fr\\\/actualite\\\/national\\\/nommer-la-tempete-daniel-temoigne-de-l-influence-du-mouvement-sioniste-selon-saied\\\/208770\\\/\"]}]},{\"@type\":\"ImageObject\",\"inLanguage\":\"fr-FR\",\"@id\":\"https:\\\/\\\/www.webdo.tn\\\/fr\\\/actualite\\\/national\\\/nommer-la-tempete-daniel-temoigne-de-l-influence-du-mouvement-sioniste-selon-saied\\\/208770\\\/#primaryimage\",\"url\":\"https:\\\/\\\/www.webdo.tn\\\/fr\\\/wp-content\\\/uploads\\\/2023\\\/09\\\/723e4d6760c46b794d8ca3b19f5dad20.jpg\",\"contentUrl\":\"https:\\\/\\\/www.webdo.tn\\\/fr\\\/wp-content\\\/uploads\\\/2023\\\/09\\\/723e4d6760c46b794d8ca3b19f5dad20.jpg\",\"width\":750,\"height\":400,\"caption\":\"Nommer la temp\u00eate \u00abDaniel\u00bb, t\u00e9moigne de l\u2019influence du \u00abmouvement sioniste\u00bb, selon Saied\"},{\"@type\":\"BreadcrumbList\",\"@id\":\"https:\\\/\\\/www.webdo.tn\\\/fr\\\/actualite\\\/national\\\/nommer-la-tempete-daniel-temoigne-de-l-influence-du-mouvement-sioniste-selon-saied\\\/208770\\\/#breadcrumb\",\"itemListElement\":[{\"@type\":\"ListItem\",\"position\":1,\"name\":\"Accueil\",\"item\":\"https:\\\/\\\/www.webdo.tn\\\/fr\\\/\"},{\"@type\":\"ListItem\",\"position\":2,\"name\":\"Nommer la temp\u00eate \u00abDaniel\u00bb, t\u00e9moigne de l\u2019influence du \u00abmouvement sioniste\u00bb, selon Saied\"}]},{\"@type\":\"WebSite\",\"@id\":\"https:\\\/\\\/www.webdo.tn\\\/fr\\\/#website\",\"url\":\"https:\\\/\\\/www.webdo.tn\\\/fr\\\/\",\"name\":\"webdo\",\"description\":\"Tunisie - News en Tunisie et \u00e0 l&#039;international sur Webdo.tn\",\"publisher\":{\"@id\":\"https:\\\/\\\/www.webdo.tn\\\/fr\\\/#organization\"},\"potentialAction\":[{\"@type\":\"SearchAction\",\"target\":{\"@type\":\"EntryPoint\",\"urlTemplate\":\"https:\\\/\\\/www.webdo.tn\\\/fr\\\/?s={search_term_string}\"},\"query-input\":{\"@type\":\"PropertyValueSpecification\",\"valueRequired\":true,\"valueName\":\"search_term_string\"}}],\"inLanguage\":\"fr-FR\"},{\"@type\":\"Organization\",\"@id\":\"https:\\\/\\\/www.webdo.tn\\\/fr\\\/#organization\",\"name\":\"Webdo\",\"alternateName\":\"Webdo.tn\",\"url\":\"https:\\\/\\\/www.webdo.tn\\\/fr\\\/\",\"logo\":{\"@type\":\"ImageObject\",\"inLanguage\":\"fr-FR\",\"@id\":\"https:\\\/\\\/www.webdo.tn\\\/fr\\\/#\\\/schema\\\/logo\\\/image\\\/\",\"url\":\"https:\\\/\\\/www.webdo.tn\\\/fr\\\/wp-content\\\/uploads\\\/2025\\\/06\\\/Webdo-Tunisie_168377.jpg\",\"contentUrl\":\"https:\\\/\\\/www.webdo.tn\\\/fr\\\/wp-content\\\/uploads\\\/2025\\\/06\\\/Webdo-Tunisie_168377.jpg\",\"width\":301,\"height\":301,\"caption\":\"Webdo\"},\"image\":{\"@id\":\"https:\\\/\\\/www.webdo.tn\\\/fr\\\/#\\\/schema\\\/logo\\\/image\\\/\"},\"sameAs\":[\"https:\\\/\\\/www.facebook.com\\\/webdotn\",\"https:\\\/\\\/x.com\\\/webdo_tn\"],\"description\":\"Webdo est un m\u00e9dia num\u00e9rique tunisien fond\u00e9 en 2010, sp\u00e9cialis\u00e9 dans l\u2019actualit\u00e9 nationale et internationale, l\u2019\u00e9conomie, la soci\u00e9t\u00e9 et les analyses politiques. Le site s\u2019adresse \u00e0 un large public francophone et couvre l\u2019information tunisienne en temps r\u00e9el.\",\"email\":\"redac@webdo.tn\",\"legalName\":\"YNJ SARL\",\"foundingDate\":\"2010-09-06\",\"numberOfEmployees\":{\"@type\":\"QuantitativeValue\",\"minValue\":\"11\",\"maxValue\":\"50\"}},{\"@type\":\"Person\",\"@id\":\"https:\\\/\\\/www.webdo.tn\\\/fr\\\/#\\\/schema\\\/person\\\/f35b42a42c5e2511bbd282959d6385cc\",\"name\":\"CL\",\"image\":{\"@type\":\"ImageObject\",\"inLanguage\":\"fr-FR\",\"@id\":\"https:\\\/\\\/secure.gravatar.com\\\/avatar\\\/1447a49909b67aa657c488aec6512e1dd6143a480c1ecfee9b5b5cd74eb3b59e?s=96&d=mm&r=g\",\"url\":\"https:\\\/\\\/secure.gravatar.com\\\/avatar\\\/1447a49909b67aa657c488aec6512e1dd6143a480c1ecfee9b5b5cd74eb3b59e?s=96&d=mm&r=g\",\"contentUrl\":\"https:\\\/\\\/secure.gravatar.com\\\/avatar\\\/1447a49909b67aa657c488aec6512e1dd6143a480c1ecfee9b5b5cd74eb3b59e?s=96&d=mm&r=g\",\"caption\":\"CL\"},\"url\":\"https:\\\/\\\/www.webdo.tn\\\/fr\\\/actualite\\\/author\\\/cl\\\/\"}]}<\/script>\n<!-- \/ Yoast SEO Premium plugin. -->","yoast_head_json":{"title":"Nommer la temp\u00eate \u00abDaniel\u00bb, t\u00e9moigne de l\u2019influence du \u00abmouvement sioniste\u00bb, selon Saied","description":"Le chef de l\u2019Etat a pr\u00e9sid\u00e9 hier lundi 18 septembre deux conseils minist\u00e9riels restreints dans lesquels il a \u00e9voqu\u00e9 plusieurs questions, dont la temp\u00eate Daniel...","canonical":"https:\/\/www.webdo.tn\/fr\/actualite\/national\/nommer-la-tempete-daniel-temoigne-de-l-influence-du-mouvement-sioniste-selon-saied\/208770\/","og_locale":"fr_FR","og_type":"article","og_title":"Nommer la temp\u00eate \u00abDaniel\u00bb, t\u00e9moigne de l\u2019influence du \u00abmouvement sioniste\u00bb, selon Saied","og_description":"Le chef de l\u2019Etat a pr\u00e9sid\u00e9 hier lundi 18 septembre deux conseils minist\u00e9riels restreints dans lesquels il a \u00e9voqu\u00e9 plusieurs questions, dont la temp\u00eate Daniel...","og_url":"https:\/\/www.webdo.tn\/fr\/actualite\/national\/nommer-la-tempete-daniel-temoigne-de-l-influence-du-mouvement-sioniste-selon-saied\/208770\/","og_site_name":"webdo","article_publisher":"https:\/\/www.facebook.com\/webdotn","article_published_time":"2023-09-19T13:14:00+00:00","article_modified_time":"2025-05-20T22:51:50+00:00","og_image":[{"width":750,"height":400,"url":"https:\/\/www.webdo.tn\/fr\/wp-content\/uploads\/2023\/09\/723e4d6760c46b794d8ca3b19f5dad20.jpg","type":"image\/jpeg"}],"author":"CL","twitter_card":"summary_large_image","twitter_creator":"@webdo_tn","twitter_site":"@webdo_tn","twitter_misc":{"\u00c9crit par":"CL","Dur\u00e9e de lecture estim\u00e9e":"1 minute"},"schema":{"@context":"https:\/\/schema.org","@graph":[{"@type":"NewsArticle","@id":"https:\/\/www.webdo.tn\/fr\/actualite\/national\/nommer-la-tempete-daniel-temoigne-de-l-influence-du-mouvement-sioniste-selon-saied\/208770\/#article","isPartOf":{"@id":"https:\/\/www.webdo.tn\/fr\/actualite\/national\/nommer-la-tempete-daniel-temoigne-de-l-influence-du-mouvement-sioniste-selon-saied\/208770\/"},"author":{"name":"CL","@id":"https:\/\/www.webdo.tn\/fr\/#\/schema\/person\/f35b42a42c5e2511bbd282959d6385cc"},"headline":"Nommer la temp\u00eate \u00abDaniel\u00bb, t\u00e9moigne de l\u2019influence du \u00abmouvement sioniste\u00bb, selon Saied","datePublished":"2023-09-19T13:14:00+00:00","dateModified":"2025-05-20T22:51:50+00:00","mainEntityOfPage":{"@id":"https:\/\/www.webdo.tn\/fr\/actualite\/national\/nommer-la-tempete-daniel-temoigne-de-l-influence-du-mouvement-sioniste-selon-saied\/208770\/"},"wordCount":194,"commentCount":0,"publisher":{"@id":"https:\/\/www.webdo.tn\/fr\/#organization"},"image":{"@id":"https:\/\/www.webdo.tn\/fr\/actualite\/national\/nommer-la-tempete-daniel-temoigne-de-l-influence-du-mouvement-sioniste-selon-saied\/208770\/#primaryimage"},"thumbnailUrl":"https:\/\/www.webdo.tn\/fr\/wp-content\/uploads\/2023\/09\/723e4d6760c46b794d8ca3b19f5dad20.jpg","keywords":["Kais Saied","Tunisie"],"articleSection":["National"],"inLanguage":"fr-FR"},{"@type":"WebPage","@id":"https:\/\/www.webdo.tn\/fr\/actualite\/national\/nommer-la-tempete-daniel-temoigne-de-l-influence-du-mouvement-sioniste-selon-saied\/208770\/","url":"https:\/\/www.webdo.tn\/fr\/actualite\/national\/nommer-la-tempete-daniel-temoigne-de-l-influence-du-mouvement-sioniste-selon-saied\/208770\/","name":"Nommer la temp\u00eate \u00abDaniel\u00bb, t\u00e9moigne de l\u2019influence du \u00abmouvement sioniste\u00bb, selon Saied","isPartOf":{"@id":"https:\/\/www.webdo.tn\/fr\/#website"},"primaryImageOfPage":{"@id":"https:\/\/www.webdo.tn\/fr\/actualite\/national\/nommer-la-tempete-daniel-temoigne-de-l-influence-du-mouvement-sioniste-selon-saied\/208770\/#primaryimage"},"image":{"@id":"https:\/\/www.webdo.tn\/fr\/actualite\/national\/nommer-la-tempete-daniel-temoigne-de-l-influence-du-mouvement-sioniste-selon-saied\/208770\/#primaryimage"},"thumbnailUrl":"https:\/\/www.webdo.tn\/fr\/wp-content\/uploads\/2023\/09\/723e4d6760c46b794d8ca3b19f5dad20.jpg","datePublished":"2023-09-19T13:14:00+00:00","dateModified":"2025-05-20T22:51:50+00:00","description":"Le chef de l\u2019Etat a pr\u00e9sid\u00e9 hier lundi 18 septembre deux conseils minist\u00e9riels restreints dans lesquels il a \u00e9voqu\u00e9 plusieurs questions, dont la temp\u00eate Daniel...","breadcrumb":{"@id":"https:\/\/www.webdo.tn\/fr\/actualite\/national\/nommer-la-tempete-daniel-temoigne-de-l-influence-du-mouvement-sioniste-selon-saied\/208770\/#breadcrumb"},"inLanguage":"fr-FR","potentialAction":[{"@type":"ReadAction","target":["https:\/\/www.webdo.tn\/fr\/actualite\/national\/nommer-la-tempete-daniel-temoigne-de-l-influence-du-mouvement-sioniste-selon-saied\/208770\/"]}]},{"@type":"ImageObject","inLanguage":"fr-FR","@id":"https:\/\/www.webdo.tn\/fr\/actualite\/national\/nommer-la-tempete-daniel-temoigne-de-l-influence-du-mouvement-sioniste-selon-saied\/208770\/#primaryimage","url":"https:\/\/www.webdo.tn\/fr\/wp-content\/uploads\/2023\/09\/723e4d6760c46b794d8ca3b19f5dad20.jpg","contentUrl":"https:\/\/www.webdo.tn\/fr\/wp-content\/uploads\/2023\/09\/723e4d6760c46b794d8ca3b19f5dad20.jpg","width":750,"height":400,"caption":"Nommer la temp\u00eate \u00abDaniel\u00bb, t\u00e9moigne de l\u2019influence du \u00abmouvement sioniste\u00bb, selon Saied"},{"@type":"BreadcrumbList","@id":"https:\/\/www.webdo.tn\/fr\/actualite\/national\/nommer-la-tempete-daniel-temoigne-de-l-influence-du-mouvement-sioniste-selon-saied\/208770\/#breadcrumb","itemListElement":[{"@type":"ListItem","position":1,"name":"Accueil","item":"https:\/\/www.webdo.tn\/fr\/"},{"@type":"ListItem","position":2,"name":"Nommer la temp\u00eate \u00abDaniel\u00bb, t\u00e9moigne de l\u2019influence du \u00abmouvement sioniste\u00bb, selon Saied"}]},{"@type":"WebSite","@id":"https:\/\/www.webdo.tn\/fr\/#website","url":"https:\/\/www.webdo.tn\/fr\/","name":"webdo","description":"Tunisie - News en Tunisie et \u00e0 l&#039;international sur Webdo.tn","publisher":{"@id":"https:\/\/www.webdo.tn\/fr\/#organization"},"potentialAction":[{"@type":"SearchAction","target":{"@type":"EntryPoint","urlTemplate":"https:\/\/www.webdo.tn\/fr\/?s={search_term_string}"},"query-input":{"@type":"PropertyValueSpecification","valueRequired":true,"valueName":"search_term_string"}}],"inLanguage":"fr-FR"},{"@type":"Organization","@id":"https:\/\/www.webdo.tn\/fr\/#organization","name":"Webdo","alternateName":"Webdo.tn","url":"https:\/\/www.webdo.tn\/fr\/","logo":{"@type":"ImageObject","inLanguage":"fr-FR","@id":"https:\/\/www.webdo.tn\/fr\/#\/schema\/logo\/image\/","url":"https:\/\/www.webdo.tn\/fr\/wp-content\/uploads\/2025\/06\/Webdo-Tunisie_168377.jpg","contentUrl":"https:\/\/www.webdo.tn\/fr\/wp-content\/uploads\/2025\/06\/Webdo-Tunisie_168377.jpg","width":301,"height":301,"caption":"Webdo"},"image":{"@id":"https:\/\/www.webdo.tn\/fr\/#\/schema\/logo\/image\/"},"sameAs":["https:\/\/www.facebook.com\/webdotn","https:\/\/x.com\/webdo_tn"],"description":"Webdo est un m\u00e9dia num\u00e9rique tunisien fond\u00e9 en 2010, sp\u00e9cialis\u00e9 dans l\u2019actualit\u00e9 nationale et internationale, l\u2019\u00e9conomie, la soci\u00e9t\u00e9 et les analyses politiques. Le site s\u2019adresse \u00e0 un large public francophone et couvre l\u2019information tunisienne en temps r\u00e9el.","email":"redac@webdo.tn","legalName":"YNJ SARL","foundingDate":"2010-09-06","numberOfEmployees":{"@type":"QuantitativeValue","minValue":"11","maxValue":"50"}},{"@type":"Person","@id":"https:\/\/www.webdo.tn\/fr\/#\/schema\/person\/f35b42a42c5e2511bbd282959d6385cc","name":"CL","image":{"@type":"ImageObject","inLanguage":"fr-FR","@id":"https:\/\/secure.gravatar.com\/avatar\/1447a49909b67aa657c488aec6512e1dd6143a480c1ecfee9b5b5cd74eb3b59e?s=96&d=mm&r=g","url":"https:\/\/secure.gravatar.com\/avatar\/1447a49909b67aa657c488aec6512e1dd6143a480c1ecfee9b5b5cd74eb3b59e?s=96&d=mm&r=g","contentUrl":"https:\/\/secure.gravatar.com\/avatar\/1447a49909b67aa657c488aec6512e1dd6143a480c1ecfee9b5b5cd74eb3b59e?s=96&d=mm&r=g","caption":"CL"},"url":"https:\/\/www.webdo.tn\/fr\/actualite\/author\/cl\/"}]}},"_links":{"self":[{"href":"https:\/\/www.webdo.tn\/fr\/wp-json\/wp\/v2\/posts\/208770","targetHints":{"allow":["GET"]}}],"collection":[{"href":"https:\/\/www.webdo.tn\/fr\/wp-json\/wp\/v2\/posts"}],"about":[{"href":"https:\/\/www.webdo.tn\/fr\/wp-json\/wp\/v2\/types\/post"}],"author":[{"embeddable":true,"href":"https:\/\/www.webdo.tn\/fr\/wp-json\/wp\/v2\/users\/3175"}],"replies":[{"embeddable":true,"href":"https:\/\/www.webdo.tn\/fr\/wp-json\/wp\/v2\/comments?post=208770"}],"version-history":[{"count":0,"href":"https:\/\/www.webdo.tn\/fr\/wp-json\/wp\/v2\/posts\/208770\/revisions"}],"wp:featuredmedia":[{"embeddable":true,"href":"https:\/\/www.webdo.tn\/fr\/wp-json\/wp\/v2\/media\/289627"}],"wp:attachment":[{"href":"https:\/\/www.webdo.tn\/fr\/wp-json\/wp\/v2\/media?parent=208770"}],"wp:term":[{"taxonomy":"category","embeddable":true,"href":"https:\/\/www.webdo.tn\/fr\/wp-json\/wp\/v2\/categories?post=208770"},{"taxonomy":"post_tag","embeddable":true,"href":"https:\/\/www.webdo.tn\/fr\/wp-json\/wp\/v2\/tags?post=208770"}],"curies":[{"name":"wp","href":"https:\/\/api.w.org\/{rel}","templated":true}]}}