{"id":208767,"date":"2023-09-19T12:09:00","date_gmt":"2023-09-19T12:09:00","guid":{"rendered":"https:\/\/www.webdo.tn\/fr\/blog\/open-de-guadalajara-ons-jabeur-face-a-alycia-parks\/208767\/"},"modified":"2025-05-20T22:10:03","modified_gmt":"2025-05-20T22:10:03","slug":"open-de-guadalajara-ons-jabeur-face-a-alycia-parks","status":"publish","type":"post","link":"https:\/\/www.webdo.tn\/fr\/actualite\/sport\/open-de-guadalajara-ons-jabeur-face-a-alycia-parks\/208767\/","title":{"rendered":"Open de Guadalajara : Ons Jabeur face \u00e0 Alycia Parks"},"content":{"rendered":"<p>C\u2019est ce soir qu\u2019Ons Jabeur entame son aventure \u00e0 l&rsquo;Open de Guadalajara au Mexique (1000) sur surface dure.<\/p>\n<p>\t\t\t\t\t\t\t\t\tExempt\u00e9e du 1er tour, Ons Jabeur, T\u00eate de s\u00e9rie num\u00e9ro 1, affrontera lors du second tour, pr\u00e9vu ce soir vers 22h30, l\u2019Am\u00e9ricaine Alycia Parcks (45e), qui a \u00e9limin\u00e9 sa compatriote Loren Davis (55e).<\/p>\n<p>Ons Jabeur et Alycia Parcks se sont affront\u00e9es \u00e0 deux reprises par le pass\u00e9, en 2021 au 2e tour de Charleston et en 2022 au 2e tour du tournoi de Berlin. A chaque fois, la Tunisienne a pris le dessus sur l\u2019Am\u00e9ricaine.<\/p>\n<p>Elimin\u00e9e en huiti\u00e8mes de finale de l&rsquo;US Open et au 2e tour du tournoi de San Diego, Ons Jabeur, qui, au passage a perdu deux places au classement WTA (7e), part favorite, mais\u2026<\/p>\n","protected":false},"excerpt":{"rendered":"<p>C\u2019est ce soir qu\u2019Ons Jabeur entame son aventure \u00e0 l&rsquo;Open de Guadalajara au Mexique (1000) sur surface dure.<\/p>\n","protected":false},"author":3162,"featured_media":289626,"comment_status":"open","ping_status":"closed","sticky":false,"template":"","format":"standard","meta":{"footnotes":""},"categories":[2593],"tags":[7903,2604],"class_list":["post-208767","post","type-post","status-publish","format-standard","has-post-thumbnail","hentry","category-sport","tag-guadalajara","tag-ons-jabeur"],"yoast_head":"<!-- This site is optimized with the Yoast SEO Premium plugin v27.5 (Yoast SEO v27.5) - https:\/\/yoast.com\/product\/yoast-seo-premium-wordpress\/ -->\n<title>Open de Guadalajara : Ons Jabeur face \u00e0 Alycia Parks<\/title>\n<meta name=\"description\" content=\"C\u2019est ce soir qu\u2019Ons Jabeur entame son aventure \u00e0 l&#039;Open de Guadalajara au Mexique (1000) sur surface dure.\" \/>\n<link rel=\"canonical\" href=\"https:\/\/www.webdo.tn\/fr\/actualite\/sport\/open-de-guadalajara-ons-jabeur-face-a-alycia-parks\/208767\/\" \/>\n<meta property=\"og:locale\" content=\"fr_FR\" \/>\n<meta property=\"og:type\" content=\"article\" \/>\n<meta property=\"og:title\" content=\"Open de Guadalajara : Ons Jabeur face \u00e0 Alycia Parks\" \/>\n<meta property=\"og:description\" content=\"C\u2019est ce soir qu\u2019Ons Jabeur entame son aventure \u00e0 l&#039;Open de Guadalajara au Mexique (1000) sur surface dure.\" \/>\n<meta property=\"og:url\" content=\"https:\/\/www.webdo.tn\/fr\/actualite\/sport\/open-de-guadalajara-ons-jabeur-face-a-alycia-parks\/208767\/\" \/>\n<meta property=\"og:site_name\" content=\"webdo\" \/>\n<meta property=\"article:publisher\" content=\"https:\/\/www.facebook.com\/webdotn\" \/>\n<meta property=\"article:published_time\" content=\"2023-09-19T12:09:00+00:00\" \/>\n<meta property=\"article:modified_time\" content=\"2025-05-20T22:10:03+00:00\" \/>\n<meta property=\"og:image\" content=\"https:\/\/www.webdo.tn\/fr\/wp-content\/uploads\/2023\/09\/1ca666b71c0177109de881d132d42ca1.jpg\" \/>\n\t<meta property=\"og:image:width\" content=\"750\" \/>\n\t<meta property=\"og:image:height\" content=\"400\" \/>\n\t<meta property=\"og:image:type\" content=\"image\/jpeg\" \/>\n<meta name=\"author\" content=\"MC\" \/>\n<meta name=\"twitter:card\" content=\"summary_large_image\" \/>\n<meta name=\"twitter:creator\" content=\"@webdo_tn\" \/>\n<meta name=\"twitter:site\" content=\"@webdo_tn\" \/>\n<meta name=\"twitter:label1\" content=\"\u00c9crit par\" \/>\n\t<meta name=\"twitter:data1\" content=\"MC\" \/>\n\t<meta name=\"twitter:label2\" content=\"Dur\u00e9e de lecture estim\u00e9e\" \/>\n\t<meta name=\"twitter:data2\" content=\"1 minute\" \/>\n<script type=\"application\/ld+json\" class=\"yoast-schema-graph\">{\"@context\":\"https:\\\/\\\/schema.org\",\"@graph\":[{\"@type\":\"NewsArticle\",\"@id\":\"https:\\\/\\\/www.webdo.tn\\\/fr\\\/actualite\\\/sport\\\/open-de-guadalajara-ons-jabeur-face-a-alycia-parks\\\/208767\\\/#article\",\"isPartOf\":{\"@id\":\"https:\\\/\\\/www.webdo.tn\\\/fr\\\/actualite\\\/sport\\\/open-de-guadalajara-ons-jabeur-face-a-alycia-parks\\\/208767\\\/\"},\"author\":{\"name\":\"MC\",\"@id\":\"https:\\\/\\\/www.webdo.tn\\\/fr\\\/#\\\/schema\\\/person\\\/2c4929cbf5a809e3bd38617c6ce150f6\"},\"headline\":\"Open de Guadalajara : Ons Jabeur face \u00e0 Alycia Parks\",\"datePublished\":\"2023-09-19T12:09:00+00:00\",\"dateModified\":\"2025-05-20T22:10:03+00:00\",\"mainEntityOfPage\":{\"@id\":\"https:\\\/\\\/www.webdo.tn\\\/fr\\\/actualite\\\/sport\\\/open-de-guadalajara-ons-jabeur-face-a-alycia-parks\\\/208767\\\/\"},\"wordCount\":144,\"commentCount\":0,\"publisher\":{\"@id\":\"https:\\\/\\\/www.webdo.tn\\\/fr\\\/#organization\"},\"image\":{\"@id\":\"https:\\\/\\\/www.webdo.tn\\\/fr\\\/actualite\\\/sport\\\/open-de-guadalajara-ons-jabeur-face-a-alycia-parks\\\/208767\\\/#primaryimage\"},\"thumbnailUrl\":\"https:\\\/\\\/www.webdo.tn\\\/fr\\\/wp-content\\\/uploads\\\/2023\\\/09\\\/1ca666b71c0177109de881d132d42ca1.jpg\",\"keywords\":[\"Guadalajara\",\"Ons Jabeur\"],\"articleSection\":[\"Sport\"],\"inLanguage\":\"fr-FR\"},{\"@type\":\"WebPage\",\"@id\":\"https:\\\/\\\/www.webdo.tn\\\/fr\\\/actualite\\\/sport\\\/open-de-guadalajara-ons-jabeur-face-a-alycia-parks\\\/208767\\\/\",\"url\":\"https:\\\/\\\/www.webdo.tn\\\/fr\\\/actualite\\\/sport\\\/open-de-guadalajara-ons-jabeur-face-a-alycia-parks\\\/208767\\\/\",\"name\":\"Open de Guadalajara : Ons Jabeur face \u00e0 Alycia Parks\",\"isPartOf\":{\"@id\":\"https:\\\/\\\/www.webdo.tn\\\/fr\\\/#website\"},\"primaryImageOfPage\":{\"@id\":\"https:\\\/\\\/www.webdo.tn\\\/fr\\\/actualite\\\/sport\\\/open-de-guadalajara-ons-jabeur-face-a-alycia-parks\\\/208767\\\/#primaryimage\"},\"image\":{\"@id\":\"https:\\\/\\\/www.webdo.tn\\\/fr\\\/actualite\\\/sport\\\/open-de-guadalajara-ons-jabeur-face-a-alycia-parks\\\/208767\\\/#primaryimage\"},\"thumbnailUrl\":\"https:\\\/\\\/www.webdo.tn\\\/fr\\\/wp-content\\\/uploads\\\/2023\\\/09\\\/1ca666b71c0177109de881d132d42ca1.jpg\",\"datePublished\":\"2023-09-19T12:09:00+00:00\",\"dateModified\":\"2025-05-20T22:10:03+00:00\",\"description\":\"C\u2019est ce soir qu\u2019Ons Jabeur entame son aventure \u00e0 l'Open de Guadalajara au Mexique (1000) sur surface dure.\",\"breadcrumb\":{\"@id\":\"https:\\\/\\\/www.webdo.tn\\\/fr\\\/actualite\\\/sport\\\/open-de-guadalajara-ons-jabeur-face-a-alycia-parks\\\/208767\\\/#breadcrumb\"},\"inLanguage\":\"fr-FR\",\"potentialAction\":[{\"@type\":\"ReadAction\",\"target\":[\"https:\\\/\\\/www.webdo.tn\\\/fr\\\/actualite\\\/sport\\\/open-de-guadalajara-ons-jabeur-face-a-alycia-parks\\\/208767\\\/\"]}]},{\"@type\":\"ImageObject\",\"inLanguage\":\"fr-FR\",\"@id\":\"https:\\\/\\\/www.webdo.tn\\\/fr\\\/actualite\\\/sport\\\/open-de-guadalajara-ons-jabeur-face-a-alycia-parks\\\/208767\\\/#primaryimage\",\"url\":\"https:\\\/\\\/www.webdo.tn\\\/fr\\\/wp-content\\\/uploads\\\/2023\\\/09\\\/1ca666b71c0177109de881d132d42ca1.jpg\",\"contentUrl\":\"https:\\\/\\\/www.webdo.tn\\\/fr\\\/wp-content\\\/uploads\\\/2023\\\/09\\\/1ca666b71c0177109de881d132d42ca1.jpg\",\"width\":750,\"height\":400,\"caption\":\"Open de Guadalajara : Ons Jabeur face \u00e0 Alycia Parks\"},{\"@type\":\"BreadcrumbList\",\"@id\":\"https:\\\/\\\/www.webdo.tn\\\/fr\\\/actualite\\\/sport\\\/open-de-guadalajara-ons-jabeur-face-a-alycia-parks\\\/208767\\\/#breadcrumb\",\"itemListElement\":[{\"@type\":\"ListItem\",\"position\":1,\"name\":\"Accueil\",\"item\":\"https:\\\/\\\/www.webdo.tn\\\/fr\\\/\"},{\"@type\":\"ListItem\",\"position\":2,\"name\":\"Open de Guadalajara : Ons Jabeur face \u00e0 Alycia Parks\"}]},{\"@type\":\"WebSite\",\"@id\":\"https:\\\/\\\/www.webdo.tn\\\/fr\\\/#website\",\"url\":\"https:\\\/\\\/www.webdo.tn\\\/fr\\\/\",\"name\":\"webdo\",\"description\":\"Tunisie - News en Tunisie et \u00e0 l&#039;international sur Webdo.tn\",\"publisher\":{\"@id\":\"https:\\\/\\\/www.webdo.tn\\\/fr\\\/#organization\"},\"potentialAction\":[{\"@type\":\"SearchAction\",\"target\":{\"@type\":\"EntryPoint\",\"urlTemplate\":\"https:\\\/\\\/www.webdo.tn\\\/fr\\\/?s={search_term_string}\"},\"query-input\":{\"@type\":\"PropertyValueSpecification\",\"valueRequired\":true,\"valueName\":\"search_term_string\"}}],\"inLanguage\":\"fr-FR\"},{\"@type\":\"Organization\",\"@id\":\"https:\\\/\\\/www.webdo.tn\\\/fr\\\/#organization\",\"name\":\"Webdo\",\"alternateName\":\"Webdo.tn\",\"url\":\"https:\\\/\\\/www.webdo.tn\\\/fr\\\/\",\"logo\":{\"@type\":\"ImageObject\",\"inLanguage\":\"fr-FR\",\"@id\":\"https:\\\/\\\/www.webdo.tn\\\/fr\\\/#\\\/schema\\\/logo\\\/image\\\/\",\"url\":\"https:\\\/\\\/www.webdo.tn\\\/fr\\\/wp-content\\\/uploads\\\/2025\\\/06\\\/Webdo-Tunisie_168377.jpg\",\"contentUrl\":\"https:\\\/\\\/www.webdo.tn\\\/fr\\\/wp-content\\\/uploads\\\/2025\\\/06\\\/Webdo-Tunisie_168377.jpg\",\"width\":301,\"height\":301,\"caption\":\"Webdo\"},\"image\":{\"@id\":\"https:\\\/\\\/www.webdo.tn\\\/fr\\\/#\\\/schema\\\/logo\\\/image\\\/\"},\"sameAs\":[\"https:\\\/\\\/www.facebook.com\\\/webdotn\",\"https:\\\/\\\/x.com\\\/webdo_tn\"],\"description\":\"Webdo est un m\u00e9dia num\u00e9rique tunisien fond\u00e9 en 2010, sp\u00e9cialis\u00e9 dans l\u2019actualit\u00e9 nationale et internationale, l\u2019\u00e9conomie, la soci\u00e9t\u00e9 et les analyses politiques. Le site s\u2019adresse \u00e0 un large public francophone et couvre l\u2019information tunisienne en temps r\u00e9el.\",\"email\":\"redac@webdo.tn\",\"legalName\":\"YNJ SARL\",\"foundingDate\":\"2010-09-06\",\"numberOfEmployees\":{\"@type\":\"QuantitativeValue\",\"minValue\":\"11\",\"maxValue\":\"50\"}},{\"@type\":\"Person\",\"@id\":\"https:\\\/\\\/www.webdo.tn\\\/fr\\\/#\\\/schema\\\/person\\\/2c4929cbf5a809e3bd38617c6ce150f6\",\"name\":\"MC\",\"image\":{\"@type\":\"ImageObject\",\"inLanguage\":\"fr-FR\",\"@id\":\"https:\\\/\\\/secure.gravatar.com\\\/avatar\\\/a545bbb6f84efdd5553dbbc2895e3ca8f1d12c5215e00a041c9670b54aa9b18a?s=96&d=mm&r=g\",\"url\":\"https:\\\/\\\/secure.gravatar.com\\\/avatar\\\/a545bbb6f84efdd5553dbbc2895e3ca8f1d12c5215e00a041c9670b54aa9b18a?s=96&d=mm&r=g\",\"contentUrl\":\"https:\\\/\\\/secure.gravatar.com\\\/avatar\\\/a545bbb6f84efdd5553dbbc2895e3ca8f1d12c5215e00a041c9670b54aa9b18a?s=96&d=mm&r=g\",\"caption\":\"MC\"},\"url\":\"https:\\\/\\\/www.webdo.tn\\\/fr\\\/actualite\\\/author\\\/mc\\\/\"}]}<\/script>\n<!-- \/ Yoast SEO Premium plugin. -->","yoast_head_json":{"title":"Open de Guadalajara : Ons Jabeur face \u00e0 Alycia Parks","description":"C\u2019est ce soir qu\u2019Ons Jabeur entame son aventure \u00e0 l'Open de Guadalajara au Mexique (1000) sur surface dure.","canonical":"https:\/\/www.webdo.tn\/fr\/actualite\/sport\/open-de-guadalajara-ons-jabeur-face-a-alycia-parks\/208767\/","og_locale":"fr_FR","og_type":"article","og_title":"Open de Guadalajara : Ons Jabeur face \u00e0 Alycia Parks","og_description":"C\u2019est ce soir qu\u2019Ons Jabeur entame son aventure \u00e0 l'Open de Guadalajara au Mexique (1000) sur surface dure.","og_url":"https:\/\/www.webdo.tn\/fr\/actualite\/sport\/open-de-guadalajara-ons-jabeur-face-a-alycia-parks\/208767\/","og_site_name":"webdo","article_publisher":"https:\/\/www.facebook.com\/webdotn","article_published_time":"2023-09-19T12:09:00+00:00","article_modified_time":"2025-05-20T22:10:03+00:00","og_image":[{"width":750,"height":400,"url":"https:\/\/www.webdo.tn\/fr\/wp-content\/uploads\/2023\/09\/1ca666b71c0177109de881d132d42ca1.jpg","type":"image\/jpeg"}],"author":"MC","twitter_card":"summary_large_image","twitter_creator":"@webdo_tn","twitter_site":"@webdo_tn","twitter_misc":{"\u00c9crit par":"MC","Dur\u00e9e de lecture estim\u00e9e":"1 minute"},"schema":{"@context":"https:\/\/schema.org","@graph":[{"@type":"NewsArticle","@id":"https:\/\/www.webdo.tn\/fr\/actualite\/sport\/open-de-guadalajara-ons-jabeur-face-a-alycia-parks\/208767\/#article","isPartOf":{"@id":"https:\/\/www.webdo.tn\/fr\/actualite\/sport\/open-de-guadalajara-ons-jabeur-face-a-alycia-parks\/208767\/"},"author":{"name":"MC","@id":"https:\/\/www.webdo.tn\/fr\/#\/schema\/person\/2c4929cbf5a809e3bd38617c6ce150f6"},"headline":"Open de Guadalajara : Ons Jabeur face \u00e0 Alycia Parks","datePublished":"2023-09-19T12:09:00+00:00","dateModified":"2025-05-20T22:10:03+00:00","mainEntityOfPage":{"@id":"https:\/\/www.webdo.tn\/fr\/actualite\/sport\/open-de-guadalajara-ons-jabeur-face-a-alycia-parks\/208767\/"},"wordCount":144,"commentCount":0,"publisher":{"@id":"https:\/\/www.webdo.tn\/fr\/#organization"},"image":{"@id":"https:\/\/www.webdo.tn\/fr\/actualite\/sport\/open-de-guadalajara-ons-jabeur-face-a-alycia-parks\/208767\/#primaryimage"},"thumbnailUrl":"https:\/\/www.webdo.tn\/fr\/wp-content\/uploads\/2023\/09\/1ca666b71c0177109de881d132d42ca1.jpg","keywords":["Guadalajara","Ons Jabeur"],"articleSection":["Sport"],"inLanguage":"fr-FR"},{"@type":"WebPage","@id":"https:\/\/www.webdo.tn\/fr\/actualite\/sport\/open-de-guadalajara-ons-jabeur-face-a-alycia-parks\/208767\/","url":"https:\/\/www.webdo.tn\/fr\/actualite\/sport\/open-de-guadalajara-ons-jabeur-face-a-alycia-parks\/208767\/","name":"Open de Guadalajara : Ons Jabeur face \u00e0 Alycia Parks","isPartOf":{"@id":"https:\/\/www.webdo.tn\/fr\/#website"},"primaryImageOfPage":{"@id":"https:\/\/www.webdo.tn\/fr\/actualite\/sport\/open-de-guadalajara-ons-jabeur-face-a-alycia-parks\/208767\/#primaryimage"},"image":{"@id":"https:\/\/www.webdo.tn\/fr\/actualite\/sport\/open-de-guadalajara-ons-jabeur-face-a-alycia-parks\/208767\/#primaryimage"},"thumbnailUrl":"https:\/\/www.webdo.tn\/fr\/wp-content\/uploads\/2023\/09\/1ca666b71c0177109de881d132d42ca1.jpg","datePublished":"2023-09-19T12:09:00+00:00","dateModified":"2025-05-20T22:10:03+00:00","description":"C\u2019est ce soir qu\u2019Ons Jabeur entame son aventure \u00e0 l'Open de Guadalajara au Mexique (1000) sur surface dure.","breadcrumb":{"@id":"https:\/\/www.webdo.tn\/fr\/actualite\/sport\/open-de-guadalajara-ons-jabeur-face-a-alycia-parks\/208767\/#breadcrumb"},"inLanguage":"fr-FR","potentialAction":[{"@type":"ReadAction","target":["https:\/\/www.webdo.tn\/fr\/actualite\/sport\/open-de-guadalajara-ons-jabeur-face-a-alycia-parks\/208767\/"]}]},{"@type":"ImageObject","inLanguage":"fr-FR","@id":"https:\/\/www.webdo.tn\/fr\/actualite\/sport\/open-de-guadalajara-ons-jabeur-face-a-alycia-parks\/208767\/#primaryimage","url":"https:\/\/www.webdo.tn\/fr\/wp-content\/uploads\/2023\/09\/1ca666b71c0177109de881d132d42ca1.jpg","contentUrl":"https:\/\/www.webdo.tn\/fr\/wp-content\/uploads\/2023\/09\/1ca666b71c0177109de881d132d42ca1.jpg","width":750,"height":400,"caption":"Open de Guadalajara : Ons Jabeur face \u00e0 Alycia Parks"},{"@type":"BreadcrumbList","@id":"https:\/\/www.webdo.tn\/fr\/actualite\/sport\/open-de-guadalajara-ons-jabeur-face-a-alycia-parks\/208767\/#breadcrumb","itemListElement":[{"@type":"ListItem","position":1,"name":"Accueil","item":"https:\/\/www.webdo.tn\/fr\/"},{"@type":"ListItem","position":2,"name":"Open de Guadalajara : Ons Jabeur face \u00e0 Alycia Parks"}]},{"@type":"WebSite","@id":"https:\/\/www.webdo.tn\/fr\/#website","url":"https:\/\/www.webdo.tn\/fr\/","name":"webdo","description":"Tunisie - News en Tunisie et \u00e0 l&#039;international sur Webdo.tn","publisher":{"@id":"https:\/\/www.webdo.tn\/fr\/#organization"},"potentialAction":[{"@type":"SearchAction","target":{"@type":"EntryPoint","urlTemplate":"https:\/\/www.webdo.tn\/fr\/?s={search_term_string}"},"query-input":{"@type":"PropertyValueSpecification","valueRequired":true,"valueName":"search_term_string"}}],"inLanguage":"fr-FR"},{"@type":"Organization","@id":"https:\/\/www.webdo.tn\/fr\/#organization","name":"Webdo","alternateName":"Webdo.tn","url":"https:\/\/www.webdo.tn\/fr\/","logo":{"@type":"ImageObject","inLanguage":"fr-FR","@id":"https:\/\/www.webdo.tn\/fr\/#\/schema\/logo\/image\/","url":"https:\/\/www.webdo.tn\/fr\/wp-content\/uploads\/2025\/06\/Webdo-Tunisie_168377.jpg","contentUrl":"https:\/\/www.webdo.tn\/fr\/wp-content\/uploads\/2025\/06\/Webdo-Tunisie_168377.jpg","width":301,"height":301,"caption":"Webdo"},"image":{"@id":"https:\/\/www.webdo.tn\/fr\/#\/schema\/logo\/image\/"},"sameAs":["https:\/\/www.facebook.com\/webdotn","https:\/\/x.com\/webdo_tn"],"description":"Webdo est un m\u00e9dia num\u00e9rique tunisien fond\u00e9 en 2010, sp\u00e9cialis\u00e9 dans l\u2019actualit\u00e9 nationale et internationale, l\u2019\u00e9conomie, la soci\u00e9t\u00e9 et les analyses politiques. Le site s\u2019adresse \u00e0 un large public francophone et couvre l\u2019information tunisienne en temps r\u00e9el.","email":"redac@webdo.tn","legalName":"YNJ SARL","foundingDate":"2010-09-06","numberOfEmployees":{"@type":"QuantitativeValue","minValue":"11","maxValue":"50"}},{"@type":"Person","@id":"https:\/\/www.webdo.tn\/fr\/#\/schema\/person\/2c4929cbf5a809e3bd38617c6ce150f6","name":"MC","image":{"@type":"ImageObject","inLanguage":"fr-FR","@id":"https:\/\/secure.gravatar.com\/avatar\/a545bbb6f84efdd5553dbbc2895e3ca8f1d12c5215e00a041c9670b54aa9b18a?s=96&d=mm&r=g","url":"https:\/\/secure.gravatar.com\/avatar\/a545bbb6f84efdd5553dbbc2895e3ca8f1d12c5215e00a041c9670b54aa9b18a?s=96&d=mm&r=g","contentUrl":"https:\/\/secure.gravatar.com\/avatar\/a545bbb6f84efdd5553dbbc2895e3ca8f1d12c5215e00a041c9670b54aa9b18a?s=96&d=mm&r=g","caption":"MC"},"url":"https:\/\/www.webdo.tn\/fr\/actualite\/author\/mc\/"}]}},"_links":{"self":[{"href":"https:\/\/www.webdo.tn\/fr\/wp-json\/wp\/v2\/posts\/208767","targetHints":{"allow":["GET"]}}],"collection":[{"href":"https:\/\/www.webdo.tn\/fr\/wp-json\/wp\/v2\/posts"}],"about":[{"href":"https:\/\/www.webdo.tn\/fr\/wp-json\/wp\/v2\/types\/post"}],"author":[{"embeddable":true,"href":"https:\/\/www.webdo.tn\/fr\/wp-json\/wp\/v2\/users\/3162"}],"replies":[{"embeddable":true,"href":"https:\/\/www.webdo.tn\/fr\/wp-json\/wp\/v2\/comments?post=208767"}],"version-history":[{"count":0,"href":"https:\/\/www.webdo.tn\/fr\/wp-json\/wp\/v2\/posts\/208767\/revisions"}],"wp:featuredmedia":[{"embeddable":true,"href":"https:\/\/www.webdo.tn\/fr\/wp-json\/wp\/v2\/media\/289626"}],"wp:attachment":[{"href":"https:\/\/www.webdo.tn\/fr\/wp-json\/wp\/v2\/media?parent=208767"}],"wp:term":[{"taxonomy":"category","embeddable":true,"href":"https:\/\/www.webdo.tn\/fr\/wp-json\/wp\/v2\/categories?post=208767"},{"taxonomy":"post_tag","embeddable":true,"href":"https:\/\/www.webdo.tn\/fr\/wp-json\/wp\/v2\/tags?post=208767"}],"curies":[{"name":"wp","href":"https:\/\/api.w.org\/{rel}","templated":true}]}}