{"id":208764,"date":"2023-09-19T11:05:00","date_gmt":"2023-09-19T11:05:00","guid":{"rendered":"https:\/\/www.webdo.tn\/fr\/blog\/tunisie-telecom-et-almadanya-10-ans-de-partenariat-au-profit-de-l-education\/208764\/"},"modified":"2025-05-20T22:10:02","modified_gmt":"2025-05-20T22:10:02","slug":"tunisie-telecom-et-almadanya-10-ans-de-partenariat-au-profit-de-l-education","status":"publish","type":"post","link":"https:\/\/www.webdo.tn\/fr\/actualite\/national\/tunisie-telecom-et-almadanya-10-ans-de-partenariat-au-profit-de-l-education\/208764\/","title":{"rendered":"Tunisie Telecom et Almadanya : 10 ans de partenariat au profit de l\u2019\u00e9ducation"},"content":{"rendered":"<p>Dans le cadre de son engagement en faveur de l\u2019\u00e9ducation et de l\u2019\u00e9galit\u00e9 des chances pour tous les enfants, Tunisie Telecom marque ses 10 ans de partenariat avec l\u2019Association Almadanya entam\u00e9e en 2014.<\/p>\n<p>\t\t\t\t\t\t\t\t\tCe partenariat mat\u00e9rialis\u00e9 par le projet Fatma a pour but de mettre \u00e0 disposition des enfants des zones rurales \u00e9loign\u00e9es, un transport s\u00e9curis\u00e9 leur permettant d\u2019acc\u00e9der \u00e0 leurs \u00e9coles souvent situ\u00e9es \u00e0 plusieurs kilom\u00e8tres de leurs habitations. Ce programme entre dans le cadre de la lutte nationale contre l\u2019abandon scolaire.<\/p>\n<p>C\u2019est en pr\u00e9sence de Monsieur Lass\u00e2ad Ben Dhiab, Pr\u00e9sident Directeur G\u00e9n\u00e9ral de Tunisie Telecom, et de M. Lotfi Maktouf Pr\u00e9sident de la Fondation Almadanya, que s\u2019est tenue lundi 18 septembre 2023, la signature du contrat renouvelant la collaboration entre Tunisie Telecom et Almadanya.<\/p>\n<p>Ce contrat de partenariat s\u2019inscrit dans une grande continuit\u00e9 puisque leur collaboration a \u00e9t\u00e9 renouvel\u00e9e pour la 10\u00e8me ann\u00e9e cons\u00e9cutive et ce pour une nouvelle p\u00e9riode de 3 ann\u00e9es.<\/p>\n<p>L&rsquo;abandon scolaire en tr\u00e8s forte r\u00e9gression<\/p>\n<p>En effet, comme a tenu \u00e0 le pr\u00e9ciser le PDG de Tunisie Telecom Monsieur Lass\u00e2ad Ben Dhiab dans son discours \u00ab\u00a0la continuit\u00e9 est le facteur cl\u00e9 qui illustre notre engagement en faveur de l\u2019inclusion et l\u2019\u00e9ducation dans notre pays. C\u2019est en accompagnant quotidiennement les \u00e9l\u00e8ves des r\u00e9gions mal desservies par le transport scolaire avec le projet Fatma, durant l\u2019ensemble de leur cursus scolaire, que nous avons pu faire une diff\u00e9rence significative dans la lutte contre l\u2019abandon scolaire et qui est pass\u00e9 de 45% \u00e0 0,05% en 4 ans\u00a0\u00bb.<\/p>\n<p>Toujours dans le domaine du transport scolaire et \u00e0 l\u2019occasion de la Foire du Livre de Tunis, que Tunisie Telecom a accompagn\u00e9 Almadanya en prenant en charge une grande partie du transport de 3000 \u00e9l\u00e8ves en provenance des r\u00e9gions rurales d\u00e9favoris\u00e9es vers la foire du Livre. \u00a0<\/p>\n<p>Cette initiative a permis \u00e0 ces \u00e9l\u00e8ves la d\u00e9couverte de cet univers, de les r\u00e9concilier avec la lecture tout en leur donnant la possibilit\u00e9 d\u2019acqu\u00e9rir les livres de leur choix au moyen d\u2019un syst\u00e8me simple et ing\u00e9nieux de bons d\u2019achat.<\/p>\n<p>Plus r\u00e9cemment et depuis trois ann\u00e9es, \u00e0 l\u2019occasion de la rentr\u00e9e scolaire, 3000 cartables remplis de fournitures scolaires ont \u00e9t\u00e9 distribu\u00e9s par Tunisie Telecom au profit d\u2019\u00e9l\u00e8ves d\u00e9munis.<\/p>\n<p>Par ailleurs, la collaboration entre Tunisie Telecom et Almadanya s\u2019est \u00e9tendu aux r\u00e9seaux de centres culturels \u00e9tablis et g\u00e9r\u00e9s par la Fondation Almadanya. C\u2019est ainsi que Tunisie Telecom a \u00e9galement \u00e9quip\u00e9 le centre Dar Almadanya du Kef en son, lumi\u00e8re et sc\u00e9nographie. Cela a contribu\u00e9 au succ\u00e8s et \u00e0 l\u2019efficacit\u00e9 de la mission culturelle du centre.<\/p>\n<p>Engagement RSE<\/p>\n<p>Pour sa part, Monsieur Lotfi Maktouf Pr\u00e9sident d\u2019Almadanya a r\u00e9it\u00e9r\u00e9 ses remerciements \u00e0 Tunisie Telecom \u00ab\u00a0pour son engagement concret en faveur de l\u2019\u00e9ducation au-del\u00e0 des d\u00e9clarations et des discours\u00a0\u00bb.<\/p>\n<p>Monsieur Maktouf a \u00e9galement d\u00e9clar\u00e9 que \u00ab\u00a0Tunisie Telecom, entreprise d\u2019envergure nationale, offre l\u2019exemple qu\u2019un leader en son secteur, peut \u00e9galement inspirer par son engagement RSE, imbu de valeurs patriotiques de pers\u00e9v\u00e9rance, d\u2019entraide, et d\u2019int\u00e9grit\u00e9\u00a0\u00bb.<\/p>\n<p>Le programme Fatma, du nom de la premi\u00e8re \u00e9coli\u00e8re a en avoir b\u00e9n\u00e9fici\u00e9, a \u00e9t\u00e9 mis en place avec succ\u00e8s dans 24 gouvernorats et a permis \u00e0 plus de 2200 \u00e9l\u00e8ves de poursuivre leurs \u00e9tudes dans des conditions de transport leur \u00e9vitant le froid et les intemp\u00e9ries, la fatigue de la distance et les dangers souvent nombreux de leurs parcours \u00e0 pied.<\/p>\n<p>Les r\u00e9sultats sont spectaculaires : l\u2019absent\u00e9isme scolaire est pass\u00e9 de 45% \u00e0 0,05% depuis 2014 ! En outre, 80 v\u00e9hicules de transport rural ont \u00e9t\u00e9 d\u00e9di\u00e9s \u00e0 cette t\u00e2che g\u00e9n\u00e9rant de ce fait une cr\u00e9ation d\u2019emploi indirect.<\/p>\n","protected":false},"excerpt":{"rendered":"<p>Dans le cadre de son engagement en faveur de l\u2019\u00e9ducation et de l\u2019\u00e9galit\u00e9 des chances pour tous les enfants, Tunisie Telecom marque ses 10 ans de partenariat ave&#8230;<\/p>\n","protected":false},"author":3162,"featured_media":289622,"comment_status":"open","ping_status":"closed","sticky":false,"template":"","format":"standard","meta":{"footnotes":""},"categories":[44],"tags":[9793,8376,2988,2931],"class_list":["post-208764","post","type-post","status-publish","format-standard","has-post-thumbnail","hentry","category-national","tag-abandon-scolaire","tag-almadanya","tag-transport-rural","tag-tunisie-telecom"],"yoast_head":"<!-- This site is optimized with the Yoast SEO Premium plugin v27.4 (Yoast SEO v27.5) - https:\/\/yoast.com\/product\/yoast-seo-premium-wordpress\/ -->\n<title>Tunisie Telecom et Almadanya : 10 ans de partenariat au profit de l\u2019\u00e9ducation<\/title>\n<meta name=\"description\" content=\"Dans le cadre de son engagement en faveur de l\u2019\u00e9ducation et de l\u2019\u00e9galit\u00e9 des chances pour tous les enfants, Tunisie Telecom marque ses 10 ans de partenariat ave...\" \/>\n<link rel=\"canonical\" href=\"https:\/\/www.webdo.tn\/fr\/actualite\/national\/tunisie-telecom-et-almadanya-10-ans-de-partenariat-au-profit-de-l-education\/208764\/\" \/>\n<meta property=\"og:locale\" content=\"fr_FR\" \/>\n<meta property=\"og:type\" content=\"article\" \/>\n<meta property=\"og:title\" content=\"Tunisie Telecom et Almadanya : 10 ans de partenariat au profit de l\u2019\u00e9ducation\" \/>\n<meta property=\"og:description\" content=\"Dans le cadre de son engagement en faveur de l\u2019\u00e9ducation et de l\u2019\u00e9galit\u00e9 des chances pour tous les enfants, Tunisie Telecom marque ses 10 ans de partenariat ave...\" \/>\n<meta property=\"og:url\" content=\"https:\/\/www.webdo.tn\/fr\/actualite\/national\/tunisie-telecom-et-almadanya-10-ans-de-partenariat-au-profit-de-l-education\/208764\/\" \/>\n<meta property=\"og:site_name\" content=\"webdo\" \/>\n<meta property=\"article:publisher\" content=\"https:\/\/www.facebook.com\/webdotn\" \/>\n<meta property=\"article:published_time\" content=\"2023-09-19T11:05:00+00:00\" \/>\n<meta property=\"article:modified_time\" content=\"2025-05-20T22:10:02+00:00\" \/>\n<meta property=\"og:image\" content=\"https:\/\/www.webdo.tn\/fr\/wp-content\/uploads\/2023\/09\/01975ee46ebb05c8c2c343e1903428e1.jpg\" \/>\n\t<meta property=\"og:image:width\" content=\"750\" \/>\n\t<meta property=\"og:image:height\" content=\"400\" \/>\n\t<meta property=\"og:image:type\" content=\"image\/jpeg\" \/>\n<meta name=\"author\" content=\"MC\" \/>\n<meta name=\"twitter:card\" content=\"summary_large_image\" \/>\n<meta name=\"twitter:creator\" content=\"@webdo_tn\" \/>\n<meta name=\"twitter:site\" content=\"@webdo_tn\" \/>\n<meta name=\"twitter:label1\" content=\"\u00c9crit par\" \/>\n\t<meta name=\"twitter:data1\" content=\"MC\" \/>\n\t<meta name=\"twitter:label2\" content=\"Dur\u00e9e de lecture estim\u00e9e\" \/>\n\t<meta name=\"twitter:data2\" content=\"3 minutes\" \/>\n<script type=\"application\/ld+json\" class=\"yoast-schema-graph\">{\"@context\":\"https:\\\/\\\/schema.org\",\"@graph\":[{\"@type\":\"NewsArticle\",\"@id\":\"https:\\\/\\\/www.webdo.tn\\\/fr\\\/actualite\\\/national\\\/tunisie-telecom-et-almadanya-10-ans-de-partenariat-au-profit-de-l-education\\\/208764\\\/#article\",\"isPartOf\":{\"@id\":\"https:\\\/\\\/www.webdo.tn\\\/fr\\\/actualite\\\/national\\\/tunisie-telecom-et-almadanya-10-ans-de-partenariat-au-profit-de-l-education\\\/208764\\\/\"},\"author\":{\"name\":\"MC\",\"@id\":\"https:\\\/\\\/www.webdo.tn\\\/fr\\\/#\\\/schema\\\/person\\\/2c4929cbf5a809e3bd38617c6ce150f6\"},\"headline\":\"Tunisie Telecom et Almadanya : 10 ans de partenariat au profit de l\u2019\u00e9ducation\",\"datePublished\":\"2023-09-19T11:05:00+00:00\",\"dateModified\":\"2025-05-20T22:10:02+00:00\",\"mainEntityOfPage\":{\"@id\":\"https:\\\/\\\/www.webdo.tn\\\/fr\\\/actualite\\\/national\\\/tunisie-telecom-et-almadanya-10-ans-de-partenariat-au-profit-de-l-education\\\/208764\\\/\"},\"wordCount\":666,\"commentCount\":0,\"publisher\":{\"@id\":\"https:\\\/\\\/www.webdo.tn\\\/fr\\\/#organization\"},\"image\":{\"@id\":\"https:\\\/\\\/www.webdo.tn\\\/fr\\\/actualite\\\/national\\\/tunisie-telecom-et-almadanya-10-ans-de-partenariat-au-profit-de-l-education\\\/208764\\\/#primaryimage\"},\"thumbnailUrl\":\"https:\\\/\\\/www.webdo.tn\\\/fr\\\/wp-content\\\/uploads\\\/2023\\\/09\\\/01975ee46ebb05c8c2c343e1903428e1.jpg\",\"keywords\":[\"'abandon scolaire'\",\"Almadanya\",\"transport rural\",\"Tunisie Telecom\"],\"articleSection\":[\"National\"],\"inLanguage\":\"fr-FR\"},{\"@type\":\"WebPage\",\"@id\":\"https:\\\/\\\/www.webdo.tn\\\/fr\\\/actualite\\\/national\\\/tunisie-telecom-et-almadanya-10-ans-de-partenariat-au-profit-de-l-education\\\/208764\\\/\",\"url\":\"https:\\\/\\\/www.webdo.tn\\\/fr\\\/actualite\\\/national\\\/tunisie-telecom-et-almadanya-10-ans-de-partenariat-au-profit-de-l-education\\\/208764\\\/\",\"name\":\"Tunisie Telecom et Almadanya : 10 ans de partenariat au profit de l\u2019\u00e9ducation\",\"isPartOf\":{\"@id\":\"https:\\\/\\\/www.webdo.tn\\\/fr\\\/#website\"},\"primaryImageOfPage\":{\"@id\":\"https:\\\/\\\/www.webdo.tn\\\/fr\\\/actualite\\\/national\\\/tunisie-telecom-et-almadanya-10-ans-de-partenariat-au-profit-de-l-education\\\/208764\\\/#primaryimage\"},\"image\":{\"@id\":\"https:\\\/\\\/www.webdo.tn\\\/fr\\\/actualite\\\/national\\\/tunisie-telecom-et-almadanya-10-ans-de-partenariat-au-profit-de-l-education\\\/208764\\\/#primaryimage\"},\"thumbnailUrl\":\"https:\\\/\\\/www.webdo.tn\\\/fr\\\/wp-content\\\/uploads\\\/2023\\\/09\\\/01975ee46ebb05c8c2c343e1903428e1.jpg\",\"datePublished\":\"2023-09-19T11:05:00+00:00\",\"dateModified\":\"2025-05-20T22:10:02+00:00\",\"description\":\"Dans le cadre de son engagement en faveur de l\u2019\u00e9ducation et de l\u2019\u00e9galit\u00e9 des chances pour tous les enfants, Tunisie Telecom marque ses 10 ans de partenariat ave...\",\"breadcrumb\":{\"@id\":\"https:\\\/\\\/www.webdo.tn\\\/fr\\\/actualite\\\/national\\\/tunisie-telecom-et-almadanya-10-ans-de-partenariat-au-profit-de-l-education\\\/208764\\\/#breadcrumb\"},\"inLanguage\":\"fr-FR\",\"potentialAction\":[{\"@type\":\"ReadAction\",\"target\":[\"https:\\\/\\\/www.webdo.tn\\\/fr\\\/actualite\\\/national\\\/tunisie-telecom-et-almadanya-10-ans-de-partenariat-au-profit-de-l-education\\\/208764\\\/\"]}]},{\"@type\":\"ImageObject\",\"inLanguage\":\"fr-FR\",\"@id\":\"https:\\\/\\\/www.webdo.tn\\\/fr\\\/actualite\\\/national\\\/tunisie-telecom-et-almadanya-10-ans-de-partenariat-au-profit-de-l-education\\\/208764\\\/#primaryimage\",\"url\":\"https:\\\/\\\/www.webdo.tn\\\/fr\\\/wp-content\\\/uploads\\\/2023\\\/09\\\/01975ee46ebb05c8c2c343e1903428e1.jpg\",\"contentUrl\":\"https:\\\/\\\/www.webdo.tn\\\/fr\\\/wp-content\\\/uploads\\\/2023\\\/09\\\/01975ee46ebb05c8c2c343e1903428e1.jpg\",\"width\":750,\"height\":400,\"caption\":\"Tunisie Telecom et Almadanya : 10 ans de partenariat au profit de l\u2019\u00e9ducation\"},{\"@type\":\"BreadcrumbList\",\"@id\":\"https:\\\/\\\/www.webdo.tn\\\/fr\\\/actualite\\\/national\\\/tunisie-telecom-et-almadanya-10-ans-de-partenariat-au-profit-de-l-education\\\/208764\\\/#breadcrumb\",\"itemListElement\":[{\"@type\":\"ListItem\",\"position\":1,\"name\":\"Accueil\",\"item\":\"https:\\\/\\\/www.webdo.tn\\\/fr\\\/\"},{\"@type\":\"ListItem\",\"position\":2,\"name\":\"Tunisie Telecom et Almadanya : 10 ans de partenariat au profit de l\u2019\u00e9ducation\"}]},{\"@type\":\"WebSite\",\"@id\":\"https:\\\/\\\/www.webdo.tn\\\/fr\\\/#website\",\"url\":\"https:\\\/\\\/www.webdo.tn\\\/fr\\\/\",\"name\":\"webdo\",\"description\":\"Tunisie - News en Tunisie et \u00e0 l&#039;international sur Webdo.tn\",\"publisher\":{\"@id\":\"https:\\\/\\\/www.webdo.tn\\\/fr\\\/#organization\"},\"potentialAction\":[{\"@type\":\"SearchAction\",\"target\":{\"@type\":\"EntryPoint\",\"urlTemplate\":\"https:\\\/\\\/www.webdo.tn\\\/fr\\\/?s={search_term_string}\"},\"query-input\":{\"@type\":\"PropertyValueSpecification\",\"valueRequired\":true,\"valueName\":\"search_term_string\"}}],\"inLanguage\":\"fr-FR\"},{\"@type\":\"Organization\",\"@id\":\"https:\\\/\\\/www.webdo.tn\\\/fr\\\/#organization\",\"name\":\"Webdo\",\"alternateName\":\"Webdo.tn\",\"url\":\"https:\\\/\\\/www.webdo.tn\\\/fr\\\/\",\"logo\":{\"@type\":\"ImageObject\",\"inLanguage\":\"fr-FR\",\"@id\":\"https:\\\/\\\/www.webdo.tn\\\/fr\\\/#\\\/schema\\\/logo\\\/image\\\/\",\"url\":\"https:\\\/\\\/www.webdo.tn\\\/fr\\\/wp-content\\\/uploads\\\/2025\\\/06\\\/Webdo-Tunisie_168377.jpg\",\"contentUrl\":\"https:\\\/\\\/www.webdo.tn\\\/fr\\\/wp-content\\\/uploads\\\/2025\\\/06\\\/Webdo-Tunisie_168377.jpg\",\"width\":301,\"height\":301,\"caption\":\"Webdo\"},\"image\":{\"@id\":\"https:\\\/\\\/www.webdo.tn\\\/fr\\\/#\\\/schema\\\/logo\\\/image\\\/\"},\"sameAs\":[\"https:\\\/\\\/www.facebook.com\\\/webdotn\",\"https:\\\/\\\/x.com\\\/webdo_tn\"],\"description\":\"Webdo est un m\u00e9dia num\u00e9rique tunisien fond\u00e9 en 2010, sp\u00e9cialis\u00e9 dans l\u2019actualit\u00e9 nationale et internationale, l\u2019\u00e9conomie, la soci\u00e9t\u00e9 et les analyses politiques. Le site s\u2019adresse \u00e0 un large public francophone et couvre l\u2019information tunisienne en temps r\u00e9el.\",\"email\":\"redac@webdo.tn\",\"legalName\":\"YNJ SARL\",\"foundingDate\":\"2010-09-06\",\"numberOfEmployees\":{\"@type\":\"QuantitativeValue\",\"minValue\":\"11\",\"maxValue\":\"50\"}},{\"@type\":\"Person\",\"@id\":\"https:\\\/\\\/www.webdo.tn\\\/fr\\\/#\\\/schema\\\/person\\\/2c4929cbf5a809e3bd38617c6ce150f6\",\"name\":\"MC\",\"image\":{\"@type\":\"ImageObject\",\"inLanguage\":\"fr-FR\",\"@id\":\"https:\\\/\\\/secure.gravatar.com\\\/avatar\\\/a545bbb6f84efdd5553dbbc2895e3ca8f1d12c5215e00a041c9670b54aa9b18a?s=96&d=mm&r=g\",\"url\":\"https:\\\/\\\/secure.gravatar.com\\\/avatar\\\/a545bbb6f84efdd5553dbbc2895e3ca8f1d12c5215e00a041c9670b54aa9b18a?s=96&d=mm&r=g\",\"contentUrl\":\"https:\\\/\\\/secure.gravatar.com\\\/avatar\\\/a545bbb6f84efdd5553dbbc2895e3ca8f1d12c5215e00a041c9670b54aa9b18a?s=96&d=mm&r=g\",\"caption\":\"MC\"},\"url\":\"https:\\\/\\\/www.webdo.tn\\\/fr\\\/actualite\\\/author\\\/mc\\\/\"}]}<\/script>\n<!-- \/ Yoast SEO Premium plugin. -->","yoast_head_json":{"title":"Tunisie Telecom et Almadanya : 10 ans de partenariat au profit de l\u2019\u00e9ducation","description":"Dans le cadre de son engagement en faveur de l\u2019\u00e9ducation et de l\u2019\u00e9galit\u00e9 des chances pour tous les enfants, Tunisie Telecom marque ses 10 ans de partenariat ave...","canonical":"https:\/\/www.webdo.tn\/fr\/actualite\/national\/tunisie-telecom-et-almadanya-10-ans-de-partenariat-au-profit-de-l-education\/208764\/","og_locale":"fr_FR","og_type":"article","og_title":"Tunisie Telecom et Almadanya : 10 ans de partenariat au profit de l\u2019\u00e9ducation","og_description":"Dans le cadre de son engagement en faveur de l\u2019\u00e9ducation et de l\u2019\u00e9galit\u00e9 des chances pour tous les enfants, Tunisie Telecom marque ses 10 ans de partenariat ave...","og_url":"https:\/\/www.webdo.tn\/fr\/actualite\/national\/tunisie-telecom-et-almadanya-10-ans-de-partenariat-au-profit-de-l-education\/208764\/","og_site_name":"webdo","article_publisher":"https:\/\/www.facebook.com\/webdotn","article_published_time":"2023-09-19T11:05:00+00:00","article_modified_time":"2025-05-20T22:10:02+00:00","og_image":[{"width":750,"height":400,"url":"https:\/\/www.webdo.tn\/fr\/wp-content\/uploads\/2023\/09\/01975ee46ebb05c8c2c343e1903428e1.jpg","type":"image\/jpeg"}],"author":"MC","twitter_card":"summary_large_image","twitter_creator":"@webdo_tn","twitter_site":"@webdo_tn","twitter_misc":{"\u00c9crit par":"MC","Dur\u00e9e de lecture estim\u00e9e":"3 minutes"},"schema":{"@context":"https:\/\/schema.org","@graph":[{"@type":"NewsArticle","@id":"https:\/\/www.webdo.tn\/fr\/actualite\/national\/tunisie-telecom-et-almadanya-10-ans-de-partenariat-au-profit-de-l-education\/208764\/#article","isPartOf":{"@id":"https:\/\/www.webdo.tn\/fr\/actualite\/national\/tunisie-telecom-et-almadanya-10-ans-de-partenariat-au-profit-de-l-education\/208764\/"},"author":{"name":"MC","@id":"https:\/\/www.webdo.tn\/fr\/#\/schema\/person\/2c4929cbf5a809e3bd38617c6ce150f6"},"headline":"Tunisie Telecom et Almadanya : 10 ans de partenariat au profit de l\u2019\u00e9ducation","datePublished":"2023-09-19T11:05:00+00:00","dateModified":"2025-05-20T22:10:02+00:00","mainEntityOfPage":{"@id":"https:\/\/www.webdo.tn\/fr\/actualite\/national\/tunisie-telecom-et-almadanya-10-ans-de-partenariat-au-profit-de-l-education\/208764\/"},"wordCount":666,"commentCount":0,"publisher":{"@id":"https:\/\/www.webdo.tn\/fr\/#organization"},"image":{"@id":"https:\/\/www.webdo.tn\/fr\/actualite\/national\/tunisie-telecom-et-almadanya-10-ans-de-partenariat-au-profit-de-l-education\/208764\/#primaryimage"},"thumbnailUrl":"https:\/\/www.webdo.tn\/fr\/wp-content\/uploads\/2023\/09\/01975ee46ebb05c8c2c343e1903428e1.jpg","keywords":["'abandon scolaire'","Almadanya","transport rural","Tunisie Telecom"],"articleSection":["National"],"inLanguage":"fr-FR"},{"@type":"WebPage","@id":"https:\/\/www.webdo.tn\/fr\/actualite\/national\/tunisie-telecom-et-almadanya-10-ans-de-partenariat-au-profit-de-l-education\/208764\/","url":"https:\/\/www.webdo.tn\/fr\/actualite\/national\/tunisie-telecom-et-almadanya-10-ans-de-partenariat-au-profit-de-l-education\/208764\/","name":"Tunisie Telecom et Almadanya : 10 ans de partenariat au profit de l\u2019\u00e9ducation","isPartOf":{"@id":"https:\/\/www.webdo.tn\/fr\/#website"},"primaryImageOfPage":{"@id":"https:\/\/www.webdo.tn\/fr\/actualite\/national\/tunisie-telecom-et-almadanya-10-ans-de-partenariat-au-profit-de-l-education\/208764\/#primaryimage"},"image":{"@id":"https:\/\/www.webdo.tn\/fr\/actualite\/national\/tunisie-telecom-et-almadanya-10-ans-de-partenariat-au-profit-de-l-education\/208764\/#primaryimage"},"thumbnailUrl":"https:\/\/www.webdo.tn\/fr\/wp-content\/uploads\/2023\/09\/01975ee46ebb05c8c2c343e1903428e1.jpg","datePublished":"2023-09-19T11:05:00+00:00","dateModified":"2025-05-20T22:10:02+00:00","description":"Dans le cadre de son engagement en faveur de l\u2019\u00e9ducation et de l\u2019\u00e9galit\u00e9 des chances pour tous les enfants, Tunisie Telecom marque ses 10 ans de partenariat ave...","breadcrumb":{"@id":"https:\/\/www.webdo.tn\/fr\/actualite\/national\/tunisie-telecom-et-almadanya-10-ans-de-partenariat-au-profit-de-l-education\/208764\/#breadcrumb"},"inLanguage":"fr-FR","potentialAction":[{"@type":"ReadAction","target":["https:\/\/www.webdo.tn\/fr\/actualite\/national\/tunisie-telecom-et-almadanya-10-ans-de-partenariat-au-profit-de-l-education\/208764\/"]}]},{"@type":"ImageObject","inLanguage":"fr-FR","@id":"https:\/\/www.webdo.tn\/fr\/actualite\/national\/tunisie-telecom-et-almadanya-10-ans-de-partenariat-au-profit-de-l-education\/208764\/#primaryimage","url":"https:\/\/www.webdo.tn\/fr\/wp-content\/uploads\/2023\/09\/01975ee46ebb05c8c2c343e1903428e1.jpg","contentUrl":"https:\/\/www.webdo.tn\/fr\/wp-content\/uploads\/2023\/09\/01975ee46ebb05c8c2c343e1903428e1.jpg","width":750,"height":400,"caption":"Tunisie Telecom et Almadanya : 10 ans de partenariat au profit de l\u2019\u00e9ducation"},{"@type":"BreadcrumbList","@id":"https:\/\/www.webdo.tn\/fr\/actualite\/national\/tunisie-telecom-et-almadanya-10-ans-de-partenariat-au-profit-de-l-education\/208764\/#breadcrumb","itemListElement":[{"@type":"ListItem","position":1,"name":"Accueil","item":"https:\/\/www.webdo.tn\/fr\/"},{"@type":"ListItem","position":2,"name":"Tunisie Telecom et Almadanya : 10 ans de partenariat au profit de l\u2019\u00e9ducation"}]},{"@type":"WebSite","@id":"https:\/\/www.webdo.tn\/fr\/#website","url":"https:\/\/www.webdo.tn\/fr\/","name":"webdo","description":"Tunisie - News en Tunisie et \u00e0 l&#039;international sur Webdo.tn","publisher":{"@id":"https:\/\/www.webdo.tn\/fr\/#organization"},"potentialAction":[{"@type":"SearchAction","target":{"@type":"EntryPoint","urlTemplate":"https:\/\/www.webdo.tn\/fr\/?s={search_term_string}"},"query-input":{"@type":"PropertyValueSpecification","valueRequired":true,"valueName":"search_term_string"}}],"inLanguage":"fr-FR"},{"@type":"Organization","@id":"https:\/\/www.webdo.tn\/fr\/#organization","name":"Webdo","alternateName":"Webdo.tn","url":"https:\/\/www.webdo.tn\/fr\/","logo":{"@type":"ImageObject","inLanguage":"fr-FR","@id":"https:\/\/www.webdo.tn\/fr\/#\/schema\/logo\/image\/","url":"https:\/\/www.webdo.tn\/fr\/wp-content\/uploads\/2025\/06\/Webdo-Tunisie_168377.jpg","contentUrl":"https:\/\/www.webdo.tn\/fr\/wp-content\/uploads\/2025\/06\/Webdo-Tunisie_168377.jpg","width":301,"height":301,"caption":"Webdo"},"image":{"@id":"https:\/\/www.webdo.tn\/fr\/#\/schema\/logo\/image\/"},"sameAs":["https:\/\/www.facebook.com\/webdotn","https:\/\/x.com\/webdo_tn"],"description":"Webdo est un m\u00e9dia num\u00e9rique tunisien fond\u00e9 en 2010, sp\u00e9cialis\u00e9 dans l\u2019actualit\u00e9 nationale et internationale, l\u2019\u00e9conomie, la soci\u00e9t\u00e9 et les analyses politiques. Le site s\u2019adresse \u00e0 un large public francophone et couvre l\u2019information tunisienne en temps r\u00e9el.","email":"redac@webdo.tn","legalName":"YNJ SARL","foundingDate":"2010-09-06","numberOfEmployees":{"@type":"QuantitativeValue","minValue":"11","maxValue":"50"}},{"@type":"Person","@id":"https:\/\/www.webdo.tn\/fr\/#\/schema\/person\/2c4929cbf5a809e3bd38617c6ce150f6","name":"MC","image":{"@type":"ImageObject","inLanguage":"fr-FR","@id":"https:\/\/secure.gravatar.com\/avatar\/a545bbb6f84efdd5553dbbc2895e3ca8f1d12c5215e00a041c9670b54aa9b18a?s=96&d=mm&r=g","url":"https:\/\/secure.gravatar.com\/avatar\/a545bbb6f84efdd5553dbbc2895e3ca8f1d12c5215e00a041c9670b54aa9b18a?s=96&d=mm&r=g","contentUrl":"https:\/\/secure.gravatar.com\/avatar\/a545bbb6f84efdd5553dbbc2895e3ca8f1d12c5215e00a041c9670b54aa9b18a?s=96&d=mm&r=g","caption":"MC"},"url":"https:\/\/www.webdo.tn\/fr\/actualite\/author\/mc\/"}]}},"_links":{"self":[{"href":"https:\/\/www.webdo.tn\/fr\/wp-json\/wp\/v2\/posts\/208764","targetHints":{"allow":["GET"]}}],"collection":[{"href":"https:\/\/www.webdo.tn\/fr\/wp-json\/wp\/v2\/posts"}],"about":[{"href":"https:\/\/www.webdo.tn\/fr\/wp-json\/wp\/v2\/types\/post"}],"author":[{"embeddable":true,"href":"https:\/\/www.webdo.tn\/fr\/wp-json\/wp\/v2\/users\/3162"}],"replies":[{"embeddable":true,"href":"https:\/\/www.webdo.tn\/fr\/wp-json\/wp\/v2\/comments?post=208764"}],"version-history":[{"count":0,"href":"https:\/\/www.webdo.tn\/fr\/wp-json\/wp\/v2\/posts\/208764\/revisions"}],"wp:featuredmedia":[{"embeddable":true,"href":"https:\/\/www.webdo.tn\/fr\/wp-json\/wp\/v2\/media\/289622"}],"wp:attachment":[{"href":"https:\/\/www.webdo.tn\/fr\/wp-json\/wp\/v2\/media?parent=208764"}],"wp:term":[{"taxonomy":"category","embeddable":true,"href":"https:\/\/www.webdo.tn\/fr\/wp-json\/wp\/v2\/categories?post=208764"},{"taxonomy":"post_tag","embeddable":true,"href":"https:\/\/www.webdo.tn\/fr\/wp-json\/wp\/v2\/tags?post=208764"}],"curies":[{"name":"wp","href":"https:\/\/api.w.org\/{rel}","templated":true}]}}